{"id":9669,"date":"2018-06-12T12:08:42","date_gmt":"2018-06-12T10:08:42","guid":{"rendered":"https:\/\/marekkuchcinski.pl\/?p=9669"},"modified":"2018-06-14T12:21:29","modified_gmt":"2018-06-14T10:21:29","slug":"spotkanie-marszalka-sejmu-przewodniczacym-izby-poselskiej-czech","status":"publish","type":"post","link":"https:\/\/marekkuchcinski.pl\/uk\/wydarzenia\/spotkanie-marszalka-sejmu-przewodniczacym-izby-poselskiej-czech\/","title":{"rendered":"\u0417\u0443\u0441\u0442\u0440\u0456\u0447 \u0413\u043e\u043b\u043e\u0432\u0438 \u0412\u0435\u0440\u0445\u043e\u0432\u043d\u043e\u0457 \u0420\u0430\u0434\u0438 \u0423\u043a\u0440\u0430\u0457\u043d\u0438 \u0437 \u0413\u043e\u043b\u043e\u0432\u043e\u044e \u041f\u0430\u043b\u0430\u0442\u0438 \u0434\u0435\u043f\u0443\u0442\u0430\u0442\u0456\u0432 \u041f\u0430\u0440\u043b\u0430\u043c\u0435\u043d\u0442\u0443 \u0427\u0435\u0441\u044c\u043a\u043e\u0457 \u0420\u0435\u0441\u043f\u0443\u0431\u043b\u0456\u043a\u0438"},"content":{"rendered":"<p>\u0417\u0443\u0441\u0442\u0440\u0456\u0447 \u0437\u0456 \u0421\u043f\u0456\u043a\u0435\u0440\u043e\u043c \u041f\u0430\u0440\u043b\u0430\u043c\u0435\u043d\u0442\u0443 \u0427\u0435\u0445\u0456\u0457 \u0420\u0430\u0434\u0435\u043a\u043e\u043c \u0412\u043e\u043d\u0434\u0440\u0430\u0447\u0435\u043a\u043e\u043c \u0431\u0443\u043b\u0430 \u0441\u043f\u0440\u044f\u043c\u043e\u0432\u0430\u043d\u0430 \u043d\u0430 \u043f\u043e\u0433\u043b\u0438\u0431\u043b\u0435\u043d\u043d\u044f \u0434\u043e\u0431\u0440\u043e\u0441\u0443\u0441\u0456\u0434\u0441\u044c\u043a\u0438\u0445 \u0432\u0456\u0434\u043d\u043e\u0441\u0438\u043d \u043c\u0456\u0436 \u043d\u0430\u0448\u0438\u043c\u0438 \u043f\u0430\u0440\u043b\u0430\u043c\u0435\u043d\u0442\u0430\u043c\u0438. \u041c\u0438 \u043d\u0430\u043b\u0430\u0448\u0442\u043e\u0432\u0430\u043d\u0456 \u043d\u0430 \u0448\u0432\u0438\u0434\u043a\u0438\u0439 \u043e\u0431\u043c\u0456\u043d \u0456\u043d\u0444\u043e\u0440\u043c\u0430\u0446\u0456\u0454\u044e \u0442\u0430 \u0432\u0438\u0440\u043e\u0431\u043b\u0435\u043d\u043d\u044f \u0441\u043f\u0456\u043b\u044c\u043d\u043e\u0457 \u043f\u043e\u0437\u0438\u0446\u0456\u0457 \u0437 \u043a\u043b\u044e\u0447\u043e\u0432\u0438\u0445 \u043f\u0438\u0442\u0430\u043d\u044c \u0404\u0421 \u0442\u0430 \u0456\u043d\u0442\u0435\u0440\u0435\u0441\u0456\u0432 \u0412\u0438\u0448\u0435\u0433\u0440\u0430\u0434\u0441\u044c\u043a\u043e\u0457 \u0433\u0440\u0443\u043f\u0438\", - \u0437\u0430\u0437\u043d\u0430\u0447\u0438\u0432 \u0441\u043f\u0456\u043a\u0435\u0440 \u0421\u0435\u0439\u043c\u0443 \u041f\u043e\u043b\u044c\u0449\u0456 \u041c\u0430\u0440\u0435\u043a \u041a\u0443\u0445\u0446\u0456\u043d\u0441\u044c\u043a\u0438\u0439.<\/p>\n<p>\u041f\u0456\u0434 \u0447\u0430\u0441 \u0437\u0443\u0441\u0442\u0440\u0456\u0447\u0456 \u043e\u0431\u0433\u043e\u0432\u043e\u0440\u044e\u0432\u0430\u043b\u0438\u0441\u044f \u043f\u0438\u0442\u0430\u043d\u043d\u044f \u0441\u043f\u0456\u0432\u043f\u0440\u0430\u0446\u0456 \u043c\u0456\u0436 \u043a\u043e\u043c\u0456\u0442\u0435\u0442\u0430\u043c\u0438 \u0442\u0430 \u0433\u0440\u0443\u043f\u0430\u043c\u0438 \u0434\u0440\u0443\u0436\u0431\u0438, \u043e\u0440\u0433\u0430\u043d\u0456\u0437\u0430\u0446\u0456\u0457 \u0441\u043f\u0456\u043b\u044c\u043d\u0438\u0445 \u0434\u0435\u0431\u0430\u0442\u0456\u0432, \u0430 \u0442\u0430\u043a\u043e\u0436 \u043c\u0430\u0439\u0431\u0443\u0442\u043d\u0454 \u0404\u0432\u0440\u043e\u043f\u0435\u0439\u0441\u044c\u043a\u043e\u0433\u043e \u0421\u043e\u044e\u0437\u0443, \u0437\u043e\u043a\u0440\u0435\u043c\u0430 \u043d\u043e\u0432\u0438\u0439 \u0431\u044e\u0434\u0436\u0435\u0442 \u0442\u0430 \u0432\u0437\u0430\u0454\u043c\u043e\u0432\u0456\u0434\u043d\u043e\u0441\u0438\u043d\u0438 \u043d\u0430\u0446\u0456\u043e\u043d\u0430\u043b\u044c\u043d\u0438\u0445 \u043f\u0430\u0440\u043b\u0430\u043c\u0435\u043d\u0442\u0456\u0432 \u0437 \u0404\u0432\u0440\u043e\u043f\u0430\u0440\u043b\u0430\u043c\u0435\u043d\u0442\u043e\u043c.<\/p>\n<p><a href=\"https:\/\/marekkuchcinski.pl\/wp-content\/uploads\/2018\/06\/KKB_0072.jpg\"><img fetchpriority=\"high\" decoding=\"async\" class=\"alignnone size-full wp-image-9670\" src=\"https:\/\/marekkuchcinski.pl\/wp-content\/uploads\/2018\/06\/KKB_0072.jpg\" alt=\"KKB_0072\" width=\"1500\" height=\"1000\" srcset=\"https:\/\/marekkuchcinski.pl\/wp-content\/uploads\/2018\/06\/KKB_0072.jpg 1500w, https:\/\/marekkuchcinski.pl\/wp-content\/uploads\/2018\/06\/KKB_0072-300x200.jpg 300w, https:\/\/marekkuchcinski.pl\/wp-content\/uploads\/2018\/06\/KKB_0072-768x512.jpg 768w, https:\/\/marekkuchcinski.pl\/wp-content\/uploads\/2018\/06\/KKB_0072-1024x683.jpg 1024w\" sizes=\"(max-width: 1500px) 100vw, 1500px\" \/><\/a> <a href=\"https:\/\/marekkuchcinski.pl\/wp-content\/uploads\/2018\/06\/KKB_0091.jpg\"><img decoding=\"async\" class=\"alignnone size-full wp-image-9671\" src=\"https:\/\/marekkuchcinski.pl\/wp-content\/uploads\/2018\/06\/KKB_0091.jpg\" alt=\"KKB_0091\" width=\"1000\" height=\"1110\" srcset=\"https:\/\/marekkuchcinski.pl\/wp-content\/uploads\/2018\/06\/KKB_0091.jpg 1000w, https:\/\/marekkuchcinski.pl\/wp-content\/uploads\/2018\/06\/KKB_0091-270x300.jpg 270w, https:\/\/marekkuchcinski.pl\/wp-content\/uploads\/2018\/06\/KKB_0091-768x852.jpg 768w, https:\/\/marekkuchcinski.pl\/wp-content\/uploads\/2018\/06\/KKB_0091-923x1024.jpg 923w\" sizes=\"(max-width: 1000px) 100vw, 1000px\" \/><\/a> <a href=\"https:\/\/marekkuchcinski.pl\/wp-content\/uploads\/2018\/06\/KKB_0105.jpg\"><img decoding=\"async\" class=\"alignnone size-full wp-image-9672\" src=\"https:\/\/marekkuchcinski.pl\/wp-content\/uploads\/2018\/06\/KKB_0105.jpg\" alt=\"KKB_0105\" width=\"1500\" height=\"1000\" srcset=\"https:\/\/marekkuchcinski.pl\/wp-content\/uploads\/2018\/06\/KKB_0105.jpg 1500w, https:\/\/marekkuchcinski.pl\/wp-content\/uploads\/2018\/06\/KKB_0105-300x200.jpg 300w, https:\/\/marekkuchcinski.pl\/wp-content\/uploads\/2018\/06\/KKB_0105-768x512.jpg 768w, https:\/\/marekkuchcinski.pl\/wp-content\/uploads\/2018\/06\/KKB_0105-1024x683.jpg 1024w\" sizes=\"(max-width: 1500px) 100vw, 1500px\" \/><\/a><\/p>","protected":false},"excerpt":{"rendered":"<p>Spotkanie z przewodnicz\u0105cym czeskiego parlamentu Radkiem Vondr\u00e1\u010dkiem\u00a0mia\u0142o na celu pog\u0142\u0119bienie dobrych relacji mi\u0119dzy naszymi parlamentami. Zale\u017cy nam na szybkiej wymianie informacji i wypracowaniu wsp\u00f3lnego stanowiska wobec kluczowych unijnych zagadnie\u0144 oraz interes\u00f3w Grupy Wyszehradzkiej \u2013 powiedzia\u0142 marsza\u0142ek Sejmu Marek Kuchci\u0144ski. Podczas spotkania om\u00f3wiono wsp\u00f3\u0142prac\u0119 pomi\u0119dzy komisjami i grupami przyja\u017ani, organizacj\u0119 wsp\u00f3lnych debat, a tak\u017ce spraw\u0119\u00a0przysz\u0142o\u015bci Unii [&hellip;]<\/p>\n","protected":false},"author":6,"featured_media":9703,"comment_status":"open","ping_status":"open","sticky":false,"template":"","format":"standard","meta":{"ngg_post_thumbnail":0,"footnotes":""},"categories":[81,50,3],"tags":[],"class_list":["post-9669","post","type-post","status-publish","format-standard","has-post-thumbnail","hentry","category-wiesci-z-sejmu","category-wspolpraca-miedzynarodowa","category-wydarzenia"],"_links":{"self":[{"href":"https:\/\/marekkuchcinski.pl\/uk\/wp-json\/wp\/v2\/posts\/9669","targetHints":{"allow":["GET"]}}],"collection":[{"href":"https:\/\/marekkuchcinski.pl\/uk\/wp-json\/wp\/v2\/posts"}],"about":[{"href":"https:\/\/marekkuchcinski.pl\/uk\/wp-json\/wp\/v2\/types\/post"}],"author":[{"embeddable":true,"href":"https:\/\/marekkuchcinski.pl\/uk\/wp-json\/wp\/v2\/users\/6"}],"replies":[{"embeddable":true,"href":"https:\/\/marekkuchcinski.pl\/uk\/wp-json\/wp\/v2\/comments?post=9669"}],"version-history":[{"count":3,"href":"https:\/\/marekkuchcinski.pl\/uk\/wp-json\/wp\/v2\/posts\/9669\/revisions"}],"predecessor-version":[{"id":9701,"href":"https:\/\/marekkuchcinski.pl\/uk\/wp-json\/wp\/v2\/posts\/9669\/revisions\/9701"}],"wp:featuredmedia":[{"embeddable":true,"href":"https:\/\/marekkuchcinski.pl\/uk\/wp-json\/wp\/v2\/media\/9703"}],"wp:attachment":[{"href":"https:\/\/marekkuchcinski.pl\/uk\/wp-json\/wp\/v2\/media?parent=9669"}],"wp:term":[{"taxonomy":"category","embeddable":true,"href":"https:\/\/marekkuchcinski.pl\/uk\/wp-json\/wp\/v2\/categories?post=9669"},{"taxonomy":"post_tag","embeddable":true,"href":"https:\/\/marekkuchcinski.pl\/uk\/wp-json\/wp\/v2\/tags?post=9669"}],"curies":[{"name":"wp","href":"https:\/\/api.w.org\/{rel}","templated":true}]}}