{"id":9534,"date":"2018-05-22T11:31:18","date_gmt":"2018-05-22T09:31:18","guid":{"rendered":"https:\/\/marekkuchcinski.pl\/?p=9534"},"modified":"2018-05-22T11:32:31","modified_gmt":"2018-05-22T09:32:31","slug":"jedlinsk-spotkanie-marszalka-sejmu-mieszkancami-ramach-akcji-polska-jedna","status":"publish","type":"post","link":"https:\/\/marekkuchcinski.pl\/uk\/wydarzenia\/jedlinsk-spotkanie-marszalka-sejmu-mieszkancami-ramach-akcji-polska-jedna\/","title":{"rendered":"\u0404\u0434\u043b\u0456\u043d\u0441\u044c\u043a: \u0437\u0443\u0441\u0442\u0440\u0456\u0447 \u0421\u043f\u0456\u043a\u0435\u0440\u0430 \u0421\u0435\u0439\u043c\u0443 \u0437 \u043c\u0435\u0448\u043a\u0430\u043d\u0446\u044f\u043c\u0438 \u0432 \u0440\u0430\u043c\u043a\u0430\u0445 \u0430\u043a\u0446\u0456\u0457 \"\u041f\u043e\u043b\u044c\u0449\u0430 \u0454\u0434\u0438\u043d\u0430\""},"content":{"rendered":"<p>\u041f\u0456\u0434 \u0447\u0430\u0441 \u0437\u0443\u0441\u0442\u0440\u0456\u0447\u0456 \u0421\u043f\u0456\u043a\u0435\u0440 \u0421\u0435\u0439\u043c\u0443 \u0432\u0456\u0434\u043f\u043e\u0432\u0456\u043b\u0430 \u043d\u0430 \u0437\u0430\u043f\u0438\u0442\u0430\u043d\u043d\u044f, \u044f\u043a\u0456 \u0441\u0442\u043e\u0441\u0443\u0432\u0430\u043b\u0438\u0441\u044f, \u0437\u043e\u043a\u0440\u0435\u043c\u0430, \u0434\u043e\u0440\u0456\u0433, \u0441\u0456\u043b\u044c\u0441\u044c\u043a\u043e\u0433\u043e \u0433\u043e\u0441\u043f\u043e\u0434\u0430\u0440\u0441\u0442\u0432\u0430, \u0432\u043e\u0434\u043e\u0432\u0456\u0434\u0432\u0435\u0434\u0435\u043d\u043d\u044f, \u043e\u0441\u0432\u0456\u0442\u0438, \u043f\u0456\u0434\u0442\u0440\u0438\u043c\u043a\u0438 \u043b\u044e\u0434\u0435\u0439 \u043f\u043e\u0445\u0438\u043b\u043e\u0433\u043e \u0432\u0456\u043a\u0443, \u043e\u0445\u043e\u0440\u043e\u043d\u0438 \u0437\u0434\u043e\u0440\u043e\u0432'\u044f, \u0440\u0435\u0430\u0431\u0456\u043b\u0456\u0442\u0430\u0446\u0456\u0457 \u0456\u043d\u0432\u0430\u043b\u0456\u0434\u0456\u0432, \u0441\u0456\u043c'\u0457, \u0434\u043e\u0431\u0440\u043e\u0432\u0456\u043b\u044c\u043d\u0438\u0445 \u043f\u043e\u0436\u0435\u0436\u043d\u0438\u0445 \u0434\u0440\u0443\u0436\u0438\u043d \u0442\u0430 \u0443\u043f\u0440\u0430\u0432\u043b\u0456\u043d\u043d\u044f \u0432\u043e\u0434\u043e\u043f\u0440\u043e\u0432\u0456\u0434\u043d\u043e-\u043a\u0430\u043d\u0430\u043b\u0456\u0437\u0430\u0446\u0456\u0439\u043d\u0438\u043c \u0433\u043e\u0441\u043f\u043e\u0434\u0430\u0440\u0441\u0442\u0432\u043e\u043c. \u041f\u0456\u0434 \u0447\u0430\u0441 \u0434\u0438\u0441\u043a\u0443\u0441\u0456\u0457 \u0442\u0430\u043a\u043e\u0436 \u0431\u0443\u043b\u043e \u043f\u043e\u0440\u0443\u0448\u0435\u043d\u043e \u043f\u0438\u0442\u0430\u043d\u043d\u044f \u0441\u0442\u0432\u043e\u0440\u0435\u043d\u043d\u044f \u0443 \u0404\u0434\u043b\u0456\u043d\u0441\u044c\u043a\u0443 \u043f\u0440\u043e\u0444\u0435\u0441\u0456\u0439\u043d\u043e\u0433\u043e \u0443\u0447\u0438\u043b\u0438\u0449\u0430 \u043f\u0435\u0440\u0448\u043e\u0433\u043e \u0440\u0456\u0432\u043d\u044f.<\/p>\n<p>\u0423 \u0437\u0443\u0441\u0442\u0440\u0456\u0447\u0456 \u0432\u0437\u044f\u043b\u0438 \u0443\u0447\u0430\u0441\u0442\u044c \u0434\u0435\u043f\u0443\u0442\u0430\u0442\u0438 \u0404\u0432\u0440\u043e\u043f\u0430\u0440\u043b\u0430\u043c\u0435\u043d\u0442\u0443 \u0410\u043d\u043d\u0430 \u041a\u0432\u0454\u0446\u0456\u043d \u0442\u0430 \u0410\u043d\u0434\u0436\u0435\u0439 \u041a\u043e\u0441\u0442\u043e\u0432\u043d\u044f\u043a, \u0430 \u0442\u0430\u043a\u043e\u0436 \u0434\u0435\u043f\u0443\u0442\u0430\u0442 \u041c\u0430\u0437\u043e\u0432\u0435\u0446\u044c\u043a\u043e\u0433\u043e \u0432\u043e\u0454\u0432\u043e\u0434\u0441\u0442\u0432\u0430 \u0420\u0430\u0434\u043e\u0441\u043b\u0430\u0432 \u0424\u043e\u0433\u0435\u043b\u044c.<\/p>\n<p><a href=\"https:\/\/marekkuchcinski.pl\/wp-content\/uploads\/2018\/05\/jedlinsk.jpg\"><img fetchpriority=\"high\" decoding=\"async\" class=\"alignnone size-full wp-image-9536\" src=\"https:\/\/marekkuchcinski.pl\/wp-content\/uploads\/2018\/05\/jedlinsk.jpg\" alt=\"jedlinsk\" width=\"4128\" height=\"2322\" srcset=\"https:\/\/marekkuchcinski.pl\/wp-content\/uploads\/2018\/05\/jedlinsk.jpg 2048w, https:\/\/marekkuchcinski.pl\/wp-content\/uploads\/2018\/05\/jedlinsk-300x169.jpg 300w, https:\/\/marekkuchcinski.pl\/wp-content\/uploads\/2018\/05\/jedlinsk-768x432.jpg 768w, https:\/\/marekkuchcinski.pl\/wp-content\/uploads\/2018\/05\/jedlinsk-1024x576.jpg 1024w\" sizes=\"(max-width: 4128px) 100vw, 4128px\" \/><\/a><a href=\"https:\/\/marekkuchcinski.pl\/wp-content\/uploads\/2018\/05\/20180520_194001.jpg\"><img decoding=\"async\" class=\"alignnone size-full wp-image-9537\" src=\"https:\/\/marekkuchcinski.pl\/wp-content\/uploads\/2018\/05\/20180520_194001.jpg\" alt=\"20180520_194001\" width=\"2886\" height=\"1828\" srcset=\"https:\/\/marekkuchcinski.pl\/wp-content\/uploads\/2018\/05\/20180520_194001.jpg 2048w, https:\/\/marekkuchcinski.pl\/wp-content\/uploads\/2018\/05\/20180520_194001-300x190.jpg 300w, https:\/\/marekkuchcinski.pl\/wp-content\/uploads\/2018\/05\/20180520_194001-768x486.jpg 768w, https:\/\/marekkuchcinski.pl\/wp-content\/uploads\/2018\/05\/20180520_194001-1024x649.jpg 1024w\" sizes=\"(max-width: 2886px) 100vw, 2886px\" \/><\/a><\/p>","protected":false},"excerpt":{"rendered":"<p>Podczas spotkania marsza\u0142ek Sejmu odpowiada\u0142 na pytania dotycz\u0105ce m.in. dr\u00f3g, rolnictwa, melioracji, edukacji, wsparciu os\u00f3b starszych, ochrony zdrowia, rehabilitacji os\u00f3b niepe\u0142nosprawnych, rodziny, ochotniczych stra\u017cy po\u017carnych i gospodarki wodno-\u015bciekowej. W trakcie dyskusji poruszono r\u00f3wnie\u017c temat utworzenia w Jedli\u0144sku szko\u0142y bran\u017cowej I stopnia. W spotkaniu wzi\u0119li udzia\u0142 pos\u0142owie Anna Kwiecie\u0144 i Andrzej Kosztowniak oraz Rados\u0142aw Fogiel \u2013 [&hellip;]<\/p>\n","protected":false},"author":6,"featured_media":9536,"comment_status":"open","ping_status":"open","sticky":false,"template":"","format":"standard","meta":{"ngg_post_thumbnail":0,"footnotes":""},"categories":[82,3],"tags":[],"class_list":["post-9534","post","type-post","status-publish","format-standard","has-post-thumbnail","hentry","category-prawo-i-sprawiedliwosc","category-wydarzenia"],"_links":{"self":[{"href":"https:\/\/marekkuchcinski.pl\/uk\/wp-json\/wp\/v2\/posts\/9534","targetHints":{"allow":["GET"]}}],"collection":[{"href":"https:\/\/marekkuchcinski.pl\/uk\/wp-json\/wp\/v2\/posts"}],"about":[{"href":"https:\/\/marekkuchcinski.pl\/uk\/wp-json\/wp\/v2\/types\/post"}],"author":[{"embeddable":true,"href":"https:\/\/marekkuchcinski.pl\/uk\/wp-json\/wp\/v2\/users\/6"}],"replies":[{"embeddable":true,"href":"https:\/\/marekkuchcinski.pl\/uk\/wp-json\/wp\/v2\/comments?post=9534"}],"version-history":[{"count":5,"href":"https:\/\/marekkuchcinski.pl\/uk\/wp-json\/wp\/v2\/posts\/9534\/revisions"}],"predecessor-version":[{"id":9541,"href":"https:\/\/marekkuchcinski.pl\/uk\/wp-json\/wp\/v2\/posts\/9534\/revisions\/9541"}],"wp:featuredmedia":[{"embeddable":true,"href":"https:\/\/marekkuchcinski.pl\/uk\/wp-json\/wp\/v2\/media\/9536"}],"wp:attachment":[{"href":"https:\/\/marekkuchcinski.pl\/uk\/wp-json\/wp\/v2\/media?parent=9534"}],"wp:term":[{"taxonomy":"category","embeddable":true,"href":"https:\/\/marekkuchcinski.pl\/uk\/wp-json\/wp\/v2\/categories?post=9534"},{"taxonomy":"post_tag","embeddable":true,"href":"https:\/\/marekkuchcinski.pl\/uk\/wp-json\/wp\/v2\/tags?post=9534"}],"curies":[{"name":"wp","href":"https:\/\/api.w.org\/{rel}","templated":true}]}}