{"id":9045,"date":"2018-03-26T15:13:16","date_gmt":"2018-03-26T13:13:16","guid":{"rendered":"https:\/\/marekkuchcinski.pl\/?p=9045"},"modified":"2018-03-26T15:40:28","modified_gmt":"2018-03-26T13:40:28","slug":"marszalek-sejmu-dzien-polakow-ratujacych-zydow-przypomina-nam-ze-otwartosc-tolerancja-sprawiedliwosc-czlowieczenstwo-fundament-naszej-godnej-egzystencji","status":"publish","type":"post","link":"https:\/\/marekkuchcinski.pl\/uk\/wydarzenia\/marszalek-sejmu-dzien-polakow-ratujacych-zydow-przypomina-nam-ze-otwartosc-tolerancja-sprawiedliwosc-czlowieczenstwo-fundament-naszej-godnej-egzystencji\/","title":{"rendered":"\u0421\u043f\u0456\u043a\u0435\u0440 \u0421\u0435\u0439\u043c\u0443: \u0414\u0435\u043d\u044c \u043f\u043e\u043b\u044f\u043a\u0456\u0432, \u044f\u043a\u0456 \u0440\u044f\u0442\u0443\u044e\u0442\u044c \u0454\u0432\u0440\u0435\u0457\u0432, \u043d\u0430\u0433\u0430\u0434\u0443\u0454 \u043d\u0430\u043c, \u0449\u043e \u0432\u0456\u0434\u043a\u0440\u0438\u0442\u0456\u0441\u0442\u044c, \u0442\u043e\u043b\u0435\u0440\u0430\u043d\u0442\u043d\u0456\u0441\u0442\u044c, \u0441\u043f\u0440\u0430\u0432\u0435\u0434\u043b\u0438\u0432\u0456\u0441\u0442\u044c \u0456 \u043b\u044e\u0434\u044f\u043d\u0456\u0441\u0442\u044c \u0454 \u043e\u0441\u043d\u043e\u0432\u043e\u044e \u043d\u0430\u0448\u043e\u0433\u043e \u0433\u0456\u0434\u043d\u043e\u0433\u043e \u0456\u0441\u043d\u0443\u0432\u0430\u043d\u043d\u044f"},"content":{"rendered":"<p><strong>24 \u0431\u0435\u0440\u0435\u0437\u043d\u044f \u0421\u0435\u0439\u043c \u0432\u0441\u0442\u0430\u043d\u043e\u0432\u0438\u0432 \u041d\u0430\u0446\u0456\u043e\u043d\u0430\u043b\u044c\u043d\u0438\u0439 \u0434\u0435\u043d\u044c \u043f\u043e\u043b\u044f\u043a\u0456\u0432, \u044f\u043a\u0456 \u0440\u044f\u0442\u0443\u0432\u0430\u043b\u0438 \u0454\u0432\u0440\u0435\u0457\u0432 \u043f\u0456\u0434 \u0447\u0430\u0441 \u043d\u0456\u043c\u0435\u0446\u044c\u043a\u043e\u0457 \u043e\u043a\u0443\u043f\u0430\u0446\u0456\u0457.\u00a0<\/strong><\/p>\n<p><strong>\u0416\u0435\u0440\u0442\u043e\u0432\u043d\u0456\u0441\u0442\u044c \u043f\u043e\u043b\u044f\u043a\u0456\u0432, \u044f\u043a\u0456 \u0440\u044f\u0442\u0443\u0432\u0430\u043b\u0438 \u0454\u0432\u0440\u0435\u0457\u0432, \u0454 \u043e\u0434\u043d\u0456\u0454\u044e \u0437 \u043d\u0430\u0439\u0431\u0456\u043b\u044c\u0448 \u0437\u0432\u043e\u0440\u0443\u0448\u043b\u0438\u0432\u0438\u0445 \u0441\u0442\u043e\u0440\u0456\u043d\u043e\u043a \u043d\u0430\u0446\u0456\u043e\u043d\u0430\u043b\u044c\u043d\u043e\u0457 \u0456\u0441\u0442\u043e\u0440\u0456\u0457. \u0426\u0435\u0439 \u0434\u0435\u043d\u044c \u043d\u0430\u0433\u0430\u0434\u0443\u0454 \u043d\u0430\u043c, \u0449\u043e \u0432\u0456\u0434\u043a\u0440\u0438\u0442\u0456\u0441\u0442\u044c, \u0442\u043e\u043b\u0435\u0440\u0430\u043d\u0442\u043d\u0456\u0441\u0442\u044c, \u0441\u043f\u0440\u0430\u0432\u0435\u0434\u043b\u0438\u0432\u0456\u0441\u0442\u044c \u0456 \u043b\u044e\u0434\u044f\u043d\u0456\u0441\u0442\u044c \u0454 \u043e\u0441\u043d\u043e\u0432\u043e\u044e \u043d\u0430\u0448\u043e\u0433\u043e \u0433\u0456\u0434\u043d\u043e\u0433\u043e \u0456\u0441\u043d\u0443\u0432\u0430\u043d\u043d\u044f. \u041f\u0430\u043c'\u044f\u0442\u044c \u043f\u0440\u043e \u0446\u0438\u0445 \u0433\u0435\u0440\u043e\u0457\u0447\u043d\u0438\u0445 \u043b\u044e\u0434\u0435\u0439 \u043f\u043e\u0432\u0438\u043d\u043d\u0430 \u0437\u0430\u0439\u043c\u0430\u0442\u0438 \u043f\u043e\u0441\u0442\u0456\u0439\u043d\u0435 \u043c\u0456\u0441\u0446\u0435 \u0432 \u043d\u0430\u0448\u0438\u0445 \u0441\u0435\u0440\u0446\u044f\u0445\", - \u043d\u0430\u043f\u0438\u0441\u0430\u0432 \u0441\u043f\u0456\u043a\u0435\u0440 \u0421\u0435\u0439\u043c\u0443 \u0443 \u043b\u0438\u0441\u0442\u0456, \u0437\u0430\u0447\u0438\u0442\u0430\u043d\u043e\u043c\u0443 \u043f\u0456\u0434 \u0447\u0430\u0441 \u0441\u0432\u044f\u0442\u043a\u043e\u0432\u0438\u0445 \u0443\u0440\u043e\u0447\u0438\u0441\u0442\u043e\u0441\u0442\u0435\u0439 \u043d\u0430 \u041f\u0456\u0434\u043a\u0430\u0440\u043f\u0430\u0442\u0442\u0456.\u00a0<a href=\"https:\/\/marekkuchcinski.pl\/wp-content\/uploads\/2018\/03\/List-marsza\u0142ka-Sejmu-DPr\u017b.pdf\">\u041b\u0438\u0441\u0442 \u0441\u043f\u0456\u043a\u0435\u0440\u0430 \u0421\u0435\u0439\u043c\u0443 \u0420\u041f \u0414.\u041f\u0448\u0435\u043d\u0438\u0447\u043d\u043e\u0433\u043e<\/a><\/strong><\/p>\n<p><a href=\"https:\/\/marekkuchcinski.pl\/wp-content\/uploads\/2018\/03\/Ulkmowie-1.jpg\"><img fetchpriority=\"high\" decoding=\"async\" class=\"alignnone size-full wp-image-9047\" src=\"https:\/\/marekkuchcinski.pl\/wp-content\/uploads\/2018\/03\/Ulkmowie-1.jpg\" alt=\"Ulkmowie 1\" width=\"1685\" height=\"1026\" srcset=\"https:\/\/marekkuchcinski.pl\/wp-content\/uploads\/2018\/03\/Ulkmowie-1.jpg 1685w, https:\/\/marekkuchcinski.pl\/wp-content\/uploads\/2018\/03\/Ulkmowie-1-300x183.jpg 300w, https:\/\/marekkuchcinski.pl\/wp-content\/uploads\/2018\/03\/Ulkmowie-1-768x468.jpg 768w, https:\/\/marekkuchcinski.pl\/wp-content\/uploads\/2018\/03\/Ulkmowie-1-1024x624.jpg 1024w\" sizes=\"(max-width: 1685px) 100vw, 1685px\" \/><\/a><\/p>\n<p><em>\u0424\u043e\u0442\u043e: \u041c. \u041e\u043b\u0456\u0439\u043d\u0438\u043a<\/em><\/p>","protected":false},"excerpt":{"rendered":"<p>24 marca Sejm ustanowi\u0142 Narodowym Dniem Polak\u00f3w ratuj\u0105cych \u017byd\u00f3w pod okupacj\u0105 niemieck\u0105.\u00a0 Po\u015bwi\u0119cenie Polak\u00f3w ratuj\u0105cych \u017byd\u00f3w to jedna z najbardziej wzruszaj\u0105cych kart narodowej historii.\u00a0Dzie\u0144 ten przypomina nam, \u017ce otwarto\u015b\u0107, tolerancja, sprawiedliwo\u015b\u0107 i cz\u0142owiecze\u0144stwo to fundament naszej godnej egzystencji.\u00a0Pami\u0119\u0107 o tych bohaterskich ludziach powinna zaj\u0105\u0107 trwa\u0142e miejsce w naszych sercach &#8211; napisa\u0142 marsza\u0142ek Sejmu w li\u015bcie [&hellip;]<\/p>\n","protected":false},"author":6,"featured_media":9047,"comment_status":"open","ping_status":"open","sticky":false,"template":"","format":"standard","meta":{"ngg_post_thumbnail":0,"footnotes":""},"categories":[49,50,3],"tags":[],"class_list":["post-9045","post","type-post","status-publish","format-standard","has-post-thumbnail","hentry","category-podkarpacie","category-wspolpraca-miedzynarodowa","category-wydarzenia"],"_links":{"self":[{"href":"https:\/\/marekkuchcinski.pl\/uk\/wp-json\/wp\/v2\/posts\/9045","targetHints":{"allow":["GET"]}}],"collection":[{"href":"https:\/\/marekkuchcinski.pl\/uk\/wp-json\/wp\/v2\/posts"}],"about":[{"href":"https:\/\/marekkuchcinski.pl\/uk\/wp-json\/wp\/v2\/types\/post"}],"author":[{"embeddable":true,"href":"https:\/\/marekkuchcinski.pl\/uk\/wp-json\/wp\/v2\/users\/6"}],"replies":[{"embeddable":true,"href":"https:\/\/marekkuchcinski.pl\/uk\/wp-json\/wp\/v2\/comments?post=9045"}],"version-history":[{"count":3,"href":"https:\/\/marekkuchcinski.pl\/uk\/wp-json\/wp\/v2\/posts\/9045\/revisions"}],"predecessor-version":[{"id":9050,"href":"https:\/\/marekkuchcinski.pl\/uk\/wp-json\/wp\/v2\/posts\/9045\/revisions\/9050"}],"wp:featuredmedia":[{"embeddable":true,"href":"https:\/\/marekkuchcinski.pl\/uk\/wp-json\/wp\/v2\/media\/9047"}],"wp:attachment":[{"href":"https:\/\/marekkuchcinski.pl\/uk\/wp-json\/wp\/v2\/media?parent=9045"}],"wp:term":[{"taxonomy":"category","embeddable":true,"href":"https:\/\/marekkuchcinski.pl\/uk\/wp-json\/wp\/v2\/categories?post=9045"},{"taxonomy":"post_tag","embeddable":true,"href":"https:\/\/marekkuchcinski.pl\/uk\/wp-json\/wp\/v2\/tags?post=9045"}],"curies":[{"name":"wp","href":"https:\/\/api.w.org\/{rel}","templated":true}]}}