{"id":8587,"date":"2018-02-15T10:28:16","date_gmt":"2018-02-15T09:28:16","guid":{"rendered":"https:\/\/marekkuchcinski.pl\/?p=8587"},"modified":"2018-02-15T10:30:43","modified_gmt":"2018-02-15T09:30:43","slug":"spotkanie-ambasadorem-austrii-wernerem-almhoferem","status":"publish","type":"post","link":"https:\/\/marekkuchcinski.pl\/uk\/wydarzenia\/spotkanie-ambasadorem-austrii-wernerem-almhoferem\/","title":{"rendered":"\u0417\u0443\u0441\u0442\u0440\u0456\u0447 \u0437 \u041f\u043e\u0441\u043b\u043e\u043c \u0410\u0432\u0441\u0442\u0440\u0456\u0457 \u0412\u0435\u0440\u043d\u0435\u0440\u043e\u043c \u0410\u043b\u044c\u043c\u0445\u043e\u0444\u0435\u0440\u043e\u043c"},"content":{"rendered":"<p>\u041f\u0456\u0434 \u0447\u0430\u0441 \u0437\u0443\u0441\u0442\u0440\u0456\u0447\u0456 \u0431\u0443\u043b\u043e \u043e\u0431\u0433\u043e\u0432\u043e\u0440\u0435\u043d\u043e \u0442\u0435\u043c\u0443 \u0441\u0442\u0430\u043b\u043e\u0433\u043e \u0440\u043e\u0437\u0432\u0438\u0442\u043a\u0443 \u0404\u0432\u0440\u043e\u043f\u0435\u0439\u0441\u044c\u043a\u043e\u0433\u043e \u0421\u043e\u044e\u0437\u0443 - \u0440\u0456\u0437\u043d\u043e\u043c\u0430\u043d\u0456\u0442\u043d\u0438\u0445 \u043a\u0440\u0430\u0457\u043d \u0437 \u0440\u0456\u0432\u043d\u0438\u043c\u0438 \u043f\u0440\u0430\u0432\u0430\u043c\u0438. \u0421\u043f\u0456\u043a\u0435\u0440 \u0421\u0435\u0439\u043c\u0443 \u043d\u0430\u0433\u043e\u043b\u043e\u0441\u0438\u0432 \u043d\u0430 \u043d\u0435\u043e\u0431\u0445\u0456\u0434\u043d\u043e\u0441\u0442\u0456 \u043f\u0440\u043e\u0432\u0435\u0434\u0435\u043d\u043d\u044f \u0440\u0435\u0444\u043e\u0440\u043c\u0438 \u0441\u0443\u0434\u043e\u0432\u043e\u0457 \u0441\u0438\u0441\u0442\u0435\u043c\u0438 \u041f\u043e\u043b\u044c\u0449\u0456 \u0437\u0430 \u0437\u0440\u0430\u0437\u043a\u043e\u043c \u0437\u0430\u0445\u0456\u0434\u043d\u043e\u0454\u0432\u0440\u043e\u043f\u0435\u0439\u0441\u044c\u043a\u0438\u0445 \u043a\u0440\u0430\u0457\u043d, \u0430 \u0442\u0430\u043a\u043e\u0436 \u043d\u0430 \u043d\u0435\u043e\u0431\u0445\u0456\u0434\u043d\u043e\u0441\u0442\u0456 \u043f\u043e\u043a\u0440\u0430\u0449\u0435\u043d\u043d\u044f \u0456\u043d\u0444\u043e\u0440\u043c\u0430\u0446\u0456\u0439\u043d\u0438\u0445 \u043f\u043e\u0442\u043e\u043a\u0456\u0432, \u043e\u0441\u043a\u0456\u043b\u044c\u043a\u0438 \u0441\u0430\u043c\u0435 \u0434\u0435\u0437\u0456\u043d\u0444\u043e\u0440\u043c\u0430\u0446\u0456\u044f \u043f\u0440\u0438\u0437\u0432\u043e\u0434\u0438\u0442\u044c \u0434\u043e \u043f\u043e\u043c\u0438\u043b\u043a\u043e\u0432\u043e\u0457 \u043e\u0446\u0456\u043d\u043a\u0438 \u0441\u0442\u0430\u043d\u0443 \u0432\u0435\u0440\u0445\u043e\u0432\u0435\u043d\u0441\u0442\u0432\u0430 \u043f\u0440\u0430\u0432\u0430 \u0432 \u041f\u043e\u043b\u044c\u0449\u0456.<\/p>\n<p>\u0421\u043f\u0456\u043a\u0435\u0440 \u0442\u0430\u043a\u043e\u0436 \u043d\u0430\u0433\u043e\u043b\u043e\u0441\u0438\u0432 \u043d\u0430 \u043d\u0435\u043e\u0431\u0445\u0456\u0434\u043d\u043e\u0441\u0442\u0456 \u0430\u043a\u0442\u0438\u0432\u0456\u0437\u0430\u0446\u0456\u0457 \u043a\u043e\u043d\u0442\u0430\u043a\u0442\u0456\u0432 \u043c\u0456\u0436 \u043f\u0430\u0440\u043b\u0430\u043c\u0435\u043d\u0442\u0430\u043c\u0438, \u0437\u043e\u043a\u0440\u0435\u043c\u0430 \u0437 \u0410\u0432\u0441\u0442\u0440\u0456\u0454\u044e \u0443 \u0444\u043e\u0440\u043c\u0430\u0442\u0456 \u0412\u0438\u0448\u0435\u0433\u0440\u0430\u0434\u0441\u044c\u043a\u043e\u0457 \u0433\u0440\u0443\u043f\u0438.<\/p>\n<p>\u041f\u043e\u0441\u043e\u043b \u0410\u0432\u0441\u0442\u0440\u0456\u0457 \u043d\u0430\u0433\u043e\u043b\u043e\u0441\u0438\u0432 \u043d\u0430 \u0440\u0456\u0448\u0443\u0447\u0456\u0439 \u043f\u0456\u0434\u0442\u0440\u0438\u043c\u0446\u0456 \u043a\u0440\u0430\u0457\u043d \u0426\u0435\u043d\u0442\u0440\u0430\u043b\u044c\u043d\u043e\u0457 \u0442\u0430 \u0421\u0445\u0456\u0434\u043d\u043e\u0457 \u0404\u0432\u0440\u043e\u043f\u0438 \u0442\u0430 \u0437\u0431\u0456\u0433\u0443 \u043f\u043e\u0433\u043b\u044f\u0434\u0456\u0432 \u0437 \u041f\u043e\u043b\u044c\u0449\u0435\u044e \u0443 \u0442\u0430\u043a\u0438\u0445 \u043f\u0438\u0442\u0430\u043d\u043d\u044f\u0445, \u044f\u043a \u043c\u0456\u0433\u0440\u0430\u0446\u0456\u044f. \u0412\u0456\u043d \u043f\u043e\u0432\u0456\u0434\u043e\u043c\u0438\u0432 \u043f\u0440\u043e \u0441\u0442\u0432\u043e\u0440\u0435\u043d\u043d\u044f \u0433\u0440\u0443\u043f\u0438 \u0434\u0440\u0443\u0436\u0431\u0438 \u0437 \u041f\u043e\u043b\u044c\u0449\u0435\u044e \u0432 \u0430\u0432\u0441\u0442\u0440\u0456\u0439\u0441\u044c\u043a\u043e\u043c\u0443 \u043f\u0430\u0440\u043b\u0430\u043c\u0435\u043d\u0442\u0456 \u043d\u0430 \u0431\u0435\u0440\u0435\u0437\u0435\u043d\u044c 2018 \u0440\u043e\u043a\u0443.<\/p>\n<p><a href=\"https:\/\/marekkuchcinski.pl\/wp-content\/uploads\/2018\/02\/amb-austrii.jpg\"><img fetchpriority=\"high\" decoding=\"async\" class=\"alignnone size-full wp-image-8588\" src=\"https:\/\/marekkuchcinski.pl\/wp-content\/uploads\/2018\/02\/amb-austrii.jpg\" alt=\"amb austrii\" width=\"2991\" height=\"1994\" srcset=\"https:\/\/marekkuchcinski.pl\/wp-content\/uploads\/2018\/02\/amb-austrii.jpg 2048w, https:\/\/marekkuchcinski.pl\/wp-content\/uploads\/2018\/02\/amb-austrii-300x200.jpg 300w, https:\/\/marekkuchcinski.pl\/wp-content\/uploads\/2018\/02\/amb-austrii-768x512.jpg 768w, https:\/\/marekkuchcinski.pl\/wp-content\/uploads\/2018\/02\/amb-austrii-1024x683.jpg 1024w\" sizes=\"(max-width: 2991px) 100vw, 2991px\" \/><\/a><\/p>","protected":false},"excerpt":{"rendered":"<p>Podczas spotkania poruszono temat m.in. zr\u00f3wnowa\u017conego rozwoju Unii Europejskiej \u2013 pa\u0144stw r\u00f3\u017cnorodnych, lecz o r\u00f3wnych prawach. Marsza\u0142ek Sejmu zaakcentowa\u0142 potrzeb\u0119 reformy s\u0105downictwa w Polsce, przeprowadzanej na wz\u00f3r pa\u0144stw Europy Zachodniej oraz potrzeb\u0119 lepszego przep\u0142ywu informacji, poniewa\u017c to g\u0142\u00f3wnie z dezinformacji wynika b\u0142\u0119dna ocena stanu praworz\u0105dno\u015bci w Polsce. Marsza\u0142ek podkre\u015bli\u0142 tak\u017ce potrzeb\u0119 intensyfikacji kontakt\u00f3w mi\u0119dzy parlamentami, [&hellip;]<\/p>\n","protected":false},"author":6,"featured_media":8588,"comment_status":"open","ping_status":"open","sticky":false,"template":"","format":"standard","meta":{"ngg_post_thumbnail":0,"footnotes":""},"categories":[81,50,3],"tags":[],"class_list":["post-8587","post","type-post","status-publish","format-standard","has-post-thumbnail","hentry","category-wiesci-z-sejmu","category-wspolpraca-miedzynarodowa","category-wydarzenia"],"_links":{"self":[{"href":"https:\/\/marekkuchcinski.pl\/uk\/wp-json\/wp\/v2\/posts\/8587","targetHints":{"allow":["GET"]}}],"collection":[{"href":"https:\/\/marekkuchcinski.pl\/uk\/wp-json\/wp\/v2\/posts"}],"about":[{"href":"https:\/\/marekkuchcinski.pl\/uk\/wp-json\/wp\/v2\/types\/post"}],"author":[{"embeddable":true,"href":"https:\/\/marekkuchcinski.pl\/uk\/wp-json\/wp\/v2\/users\/6"}],"replies":[{"embeddable":true,"href":"https:\/\/marekkuchcinski.pl\/uk\/wp-json\/wp\/v2\/comments?post=8587"}],"version-history":[{"count":2,"href":"https:\/\/marekkuchcinski.pl\/uk\/wp-json\/wp\/v2\/posts\/8587\/revisions"}],"predecessor-version":[{"id":8590,"href":"https:\/\/marekkuchcinski.pl\/uk\/wp-json\/wp\/v2\/posts\/8587\/revisions\/8590"}],"wp:featuredmedia":[{"embeddable":true,"href":"https:\/\/marekkuchcinski.pl\/uk\/wp-json\/wp\/v2\/media\/8588"}],"wp:attachment":[{"href":"https:\/\/marekkuchcinski.pl\/uk\/wp-json\/wp\/v2\/media?parent=8587"}],"wp:term":[{"taxonomy":"category","embeddable":true,"href":"https:\/\/marekkuchcinski.pl\/uk\/wp-json\/wp\/v2\/categories?post=8587"},{"taxonomy":"post_tag","embeddable":true,"href":"https:\/\/marekkuchcinski.pl\/uk\/wp-json\/wp\/v2\/tags?post=8587"}],"curies":[{"name":"wp","href":"https:\/\/api.w.org\/{rel}","templated":true}]}}