{"id":6780,"date":"2017-06-18T10:11:58","date_gmt":"2017-06-18T08:11:58","guid":{"rendered":"https:\/\/marekkuchcinski.pl\/?p=6780"},"modified":"2018-06-18T15:43:52","modified_gmt":"2018-06-18T13:43:52","slug":"68-temu-przyszli-swiat-lech-jaroslaw-kaczynscy","status":"publish","type":"post","link":"https:\/\/marekkuchcinski.pl\/uk\/wydarzenia\/68-temu-przyszli-swiat-lech-jaroslaw-kaczynscy\/","title":{"rendered":"68 \u0440\u043e\u043a\u0456\u0432 \u0442\u043e\u043c\u0443 \u043d\u0430\u0440\u043e\u0434\u0438\u043b\u0438\u0441\u044f \u041b\u0435\u0445 \u0456 \u042f\u0440\u043e\u0441\u043b\u0430\u0432 \u041a\u0430\u0447\u0438\u043d\u0441\u044c\u043a\u0456"},"content":{"rendered":"<p><em>Poni\u017cej fragment ksi\u0105\u017cki \u201eLech Kaczy\u0144ski. Biografia\u00a0polityczna\u201d:<\/em><\/p>\n<blockquote><p>To by\u0142a sobota 18 czerwca 1949\u00a0r. Od pi\u0119ciu\u00a0lat Polska znajdowa\u0142a si\u0119\u00a0w r\u0119kach Sowiet\u00f3w. Podnosz\u0105ca si\u0119\u00a0z wojennych gruz\u00f3w stolica Rzeczypospolitej by\u0142a \u015bwiadkiem nieustannych represji, terroru, pokazowych proces\u00f3w\u00a0i politycznych mord\u00f3w. W\u0142a\u015bnie tego dnia przed Wojskowym S\u0105dem Rejonowym\u00a0w Warszawie rozpoczyna\u0142 si\u0119 jeden\u00a0z najbardziej haniebnych proces\u00f3w politycznych Polski Ludowej \u2013 proces Adama Doboszy\u0144skiego, dzia\u0142acza obozu narodowego oskar\u017conego\u00a0m.in.\u00a0o wsp\u00f3\u0142prac\u0119\u00a0z wywiadem\u00a0<span class=\"caps\">III<\/span>\u00a0Rzeszy\u00a0i Stan\u00f3w Zjednoczonych.\u00a0(\u2026)<\/p>\n<p>18 czerwca 1949\u00a0r., Jadwiga\u00a0z Jasiewicz\u00f3w\u00a0i\u00a0jej m\u0105\u017c Rajmund Kaczy\u0144ski przebywali\u00a0w niewielkim sp\u00f3\u0142dzielczym mieszkaniu przy ulicy Paw\u0142a Suzina 3\/216\u00a0na \u017boliborzu, kt\u00f3re nale\u017ca\u0142o\u00a0do rodzic\u00f3w Jadwigi. Oczekiwali potomstwa. Por\u00f3d odbywa\u0142 si\u0119\u00a0w domu\u00a0(w szpitalu panowa\u0142a epidemia p\u0119cherzycy), by\u0142 ci\u0119\u017cki\u00a0i d\u0142ugi (trwa\u0142 ca\u0142\u0105 dob\u0119). Spodziewano si\u0119 raczej c\u00f3rki,\u00a0ale\u00a0na \u015bwiat przyszli dwaj ch\u0142opcy, bli\u017aniacy \u2013 Lech Aleksander\u00a0i Jaros\u0142aw\u00a0Aleksander.<\/p>\n<p>W odr\u00f3\u017cnieniu\u00a0od Jadwigi Rajmund\u00a0nie okazywa\u0142 wielkiego zdziwienia. \u201eNie, jako\u015b\u00a0tak przyj\u0105\u0142\u00a0to normalnie. Mo\u017ce uwa\u017ca\u0142, \u017ce\u00a0to podnosi jego m\u0119sk\u0105 dum\u0119\u201d \u2013 wspomina\u0142a\u00a0Jadwiga.<\/p>\n<p>Zapytana\u00a0o\u00a0ten wyj\u0105tkowy dzie\u0144 doda\u0142a: \u201eDla mnie\u00a0to by\u0142o wielkie zaskoczenie. Nie wiedzia\u0142am, \u017ce b\u0119dzie\u00a0ich dw\u00f3ch, nikt\u00a0mi\u00a0o\u00a0tym\u00a0nie powiedzia\u0142. Ja my\u015bla\u0142am, \u017ce b\u0119dzie c\u00f3rka,\u00a0tak\u00a0jak s\u0105dzi\u0142 lekarz. Mia\u0142a by\u0107 Magdalena. A\u00a0tu niespodzianka. Ale natychmiast\u00a0to przyj\u0119\u0142am jako rzecz normaln\u0105. Nie by\u0142am rozczarowana,\u00a0a strasznie si\u0119 cieszy\u0142am. Pierwszy urodzi\u0142 si\u0119 Jarek,\u00a0a\u00a0za p\u00f3\u0142 godziny, mo\u017ce czterdzie\u015bci minut Leszek,\u00a0o czym zreszt\u0105 te\u017c\u00a0nie wiedzia\u0142am, nawet mi\u0119dzy jednym\u00a0a drugim\u00a0nie wiedzia\u0142am, \u017ce przyjdzie drugi\u00a0na \u015bwiat [\u2026]. Rodzi\u0142am\u00a0w domu, por\u00f3d odbiera\u0142a mama Tadeusza Gajcego &#8211; Irena. Bardzo si\u0119 ucieszy\u0142am. Strasznie ucieszyli si\u0119 dziadkowie, szaleli\u00a0po prostu. M\u00f3j tatu\u015b chcia\u0142, abym urodzi\u0142a ch\u0142opc\u00f3w,\u00a0bo mia\u0142 dwie c\u00f3rki\u201d (Relacja J. Kaczy\u0144skiej, Warszawa 10 I 2012, rozmawiali S. Cenckiewicz\u00a0i\u00a0<span class=\"caps\">A.K.<\/span>\u00a0Piekarska).<\/p>\n<p><a href=\"https:\/\/marekkuchcinski.pl\/wp-content\/uploads\/2017\/06\/unnamed.png\"><img fetchpriority=\"high\" decoding=\"async\" class=\"alignnone wp-image-6783\" src=\"https:\/\/marekkuchcinski.pl\/wp-content\/uploads\/2017\/06\/unnamed.png\" alt=\"unnamed\" width=\"946\" height=\"609\" srcset=\"https:\/\/marekkuchcinski.pl\/wp-content\/uploads\/2017\/06\/unnamed.png 460w, https:\/\/marekkuchcinski.pl\/wp-content\/uploads\/2017\/06\/unnamed-300x193.png 300w\" sizes=\"(max-width: 946px) 100vw, 946px\" \/><\/a><em>fot. EASTNEWS \/ REX FEATURES<\/em><a href=\"https:\/\/marekkuchcinski.pl\/wp-content\/uploads\/2017\/06\/maly-lech-i-jaroslaw.jpg\"><img decoding=\"async\" class=\"alignnone wp-image-6781\" src=\"https:\/\/marekkuchcinski.pl\/wp-content\/uploads\/2017\/06\/maly-lech-i-jaroslaw.jpg\" alt=\"maly lech i jaroslaw\" width=\"909\" height=\"468\" srcset=\"https:\/\/marekkuchcinski.pl\/wp-content\/uploads\/2017\/06\/maly-lech-i-jaroslaw.jpg 530w, https:\/\/marekkuchcinski.pl\/wp-content\/uploads\/2017\/06\/maly-lech-i-jaroslaw-300x155.jpg 300w\" sizes=\"(max-width: 909px) 100vw, 909px\" \/><\/a><a href=\"https:\/\/marekkuchcinski.pl\/wp-content\/uploads\/2017\/06\/LUYktkpTURBXy9kMzRiZDMxYzdkY2M0NDhjMDMzZTIyNTkzMjI3ZThhMS5qcGeRkwIAzQHk.jpg\"><img decoding=\"async\" class=\"alignnone wp-image-6786\" src=\"https:\/\/marekkuchcinski.pl\/wp-content\/uploads\/2017\/06\/LUYktkpTURBXy9kMzRiZDMxYzdkY2M0NDhjMDMzZTIyNTkzMjI3ZThhMS5qcGeRkwIAzQHk.jpg\" alt=\"LUYktkpTURBXy9kMzRiZDMxYzdkY2M0NDhjMDMzZTIyNTkzMjI3ZThhMS5qcGeRkwIAzQHk\" width=\"877\" height=\"584\" srcset=\"https:\/\/marekkuchcinski.pl\/wp-content\/uploads\/2017\/06\/LUYktkpTURBXy9kMzRiZDMxYzdkY2M0NDhjMDMzZTIyNTkzMjI3ZThhMS5qcGeRkwIAzQHk.jpg 726w, https:\/\/marekkuchcinski.pl\/wp-content\/uploads\/2017\/06\/LUYktkpTURBXy9kMzRiZDMxYzdkY2M0NDhjMDMzZTIyNTkzMjI3ZThhMS5qcGeRkwIAzQHk-300x200.jpg 300w\" sizes=\"(max-width: 877px) 100vw, 877px\" \/><\/a> <a href=\"https:\/\/marekkuchcinski.pl\/wp-content\/uploads\/2017\/06\/00024VYS8TGSNUD8-C317-F4.jpg\"><img loading=\"lazy\" decoding=\"async\" class=\"alignnone wp-image-6787\" src=\"https:\/\/marekkuchcinski.pl\/wp-content\/uploads\/2017\/06\/00024VYS8TGSNUD8-C317-F4.jpg\" alt=\"00024VYS8TGSNUD8-C317-F4\" width=\"883\" height=\"583\" srcset=\"https:\/\/marekkuchcinski.pl\/wp-content\/uploads\/2017\/06\/00024VYS8TGSNUD8-C317-F4.jpg 600w, https:\/\/marekkuchcinski.pl\/wp-content\/uploads\/2017\/06\/00024VYS8TGSNUD8-C317-F4-300x198.jpg 300w\" sizes=\"(max-width: 883px) 100vw, 883px\" \/><\/a> <a href=\"https:\/\/marekkuchcinski.pl\/wp-content\/uploads\/2017\/06\/635789582335955030.jpg\"><img loading=\"lazy\" decoding=\"async\" class=\"alignnone wp-image-6788\" src=\"https:\/\/marekkuchcinski.pl\/wp-content\/uploads\/2017\/06\/635789582335955030.jpg\" alt=\"635789582335955030\" width=\"907\" height=\"676\" srcset=\"https:\/\/marekkuchcinski.pl\/wp-content\/uploads\/2017\/06\/635789582335955030.jpg 680w, https:\/\/marekkuchcinski.pl\/wp-content\/uploads\/2017\/06\/635789582335955030-300x224.jpg 300w\" sizes=\"(max-width: 907px) 100vw, 907px\" \/><\/a><\/p><\/blockquote>\n","protected":false},"excerpt":{"rendered":"<p>Poni\u017cej fragment ksi\u0105\u017cki \u201eLech Kaczy\u0144ski. Biografia\u00a0polityczna\u201d: To by\u0142a sobota 18 czerwca 1949\u00a0r. Od pi\u0119ciu\u00a0lat Polska znajdowa\u0142a si\u0119\u00a0w r\u0119kach Sowiet\u00f3w. Podnosz\u0105ca si\u0119\u00a0z wojennych gruz\u00f3w stolica Rzeczypospolitej by\u0142a \u015bwiadkiem nieustannych represji, terroru, pokazowych proces\u00f3w\u00a0i politycznych mord\u00f3w. W\u0142a\u015bnie tego dnia przed Wojskowym S\u0105dem Rejonowym\u00a0w Warszawie rozpoczyna\u0142 si\u0119 jeden\u00a0z najbardziej haniebnych proces\u00f3w politycznych Polski Ludowej \u2013 proces Adama Doboszy\u0144skiego, [&hellip;]<\/p>\n","protected":false},"author":6,"featured_media":6783,"comment_status":"open","ping_status":"open","sticky":false,"template":"","format":"standard","meta":{"ngg_post_thumbnail":0,"footnotes":""},"categories":[77,3],"tags":[],"class_list":["post-6780","post","type-post","status-publish","format-standard","has-post-thumbnail","hentry","category-wazne-daty","category-wydarzenia"],"_links":{"self":[{"href":"https:\/\/marekkuchcinski.pl\/uk\/wp-json\/wp\/v2\/posts\/6780","targetHints":{"allow":["GET"]}}],"collection":[{"href":"https:\/\/marekkuchcinski.pl\/uk\/wp-json\/wp\/v2\/posts"}],"about":[{"href":"https:\/\/marekkuchcinski.pl\/uk\/wp-json\/wp\/v2\/types\/post"}],"author":[{"embeddable":true,"href":"https:\/\/marekkuchcinski.pl\/uk\/wp-json\/wp\/v2\/users\/6"}],"replies":[{"embeddable":true,"href":"https:\/\/marekkuchcinski.pl\/uk\/wp-json\/wp\/v2\/comments?post=6780"}],"version-history":[{"count":5,"href":"https:\/\/marekkuchcinski.pl\/uk\/wp-json\/wp\/v2\/posts\/6780\/revisions"}],"predecessor-version":[{"id":9734,"href":"https:\/\/marekkuchcinski.pl\/uk\/wp-json\/wp\/v2\/posts\/6780\/revisions\/9734"}],"wp:featuredmedia":[{"embeddable":true,"href":"https:\/\/marekkuchcinski.pl\/uk\/wp-json\/wp\/v2\/media\/6783"}],"wp:attachment":[{"href":"https:\/\/marekkuchcinski.pl\/uk\/wp-json\/wp\/v2\/media?parent=6780"}],"wp:term":[{"taxonomy":"category","embeddable":true,"href":"https:\/\/marekkuchcinski.pl\/uk\/wp-json\/wp\/v2\/categories?post=6780"},{"taxonomy":"post_tag","embeddable":true,"href":"https:\/\/marekkuchcinski.pl\/uk\/wp-json\/wp\/v2\/tags?post=6780"}],"curies":[{"name":"wp","href":"https:\/\/api.w.org\/{rel}","templated":true}]}}