{"id":5421,"date":"2017-02-24T12:04:10","date_gmt":"2017-02-24T11:04:10","guid":{"rendered":"https:\/\/marekkuchcinski.pl\/?p=5421"},"modified":"2017-02-27T15:18:00","modified_gmt":"2017-02-27T14:18:00","slug":"sejm-podjal-uchwale-upamietniajaca-ksiedza-franciszka-blachnickiego","status":"publish","type":"post","link":"https:\/\/marekkuchcinski.pl\/uk\/wazne-daty\/sejm-podjal-uchwale-upamietniajaca-ksiedza-franciszka-blachnickiego\/","title":{"rendered":"\u0421\u0435\u0439\u043c \u0443\u0445\u0432\u0430\u043b\u0438\u0432 \u0440\u0435\u0437\u043e\u043b\u044e\u0446\u0456\u044e \u043f\u0440\u043e \u0432\u0448\u0430\u043d\u0443\u0432\u0430\u043d\u043d\u044f \u043f\u0430\u043c'\u044f\u0442\u0456 \u043e. \u0424\u0440\u0430\u043d\u0446\u0456\u0448\u0435\u043a\u0430 \u0411\u043b\u044f\u0445\u043d\u0456\u0446\u044c\u043a\u043e\u0433\u043e"},"content":{"rendered":"<p>\u0423 30-\u0442\u0456 \u0440\u043e\u043a\u043e\u0432\u0438\u043d\u0438 \u0432\u0456\u0434 \u0434\u043d\u044f \u0441\u043c\u0435\u0440\u0442\u0456 \u043e\u0442\u0446\u044f \u0424\u0440\u0430\u043d\u0446\u0456\u0448\u0435\u043a\u0430 \u0411\u043b\u044f\u0445\u043d\u0456\u0446\u044c\u043a\u043e\u0433\u043e, \u044f\u043a\u0456 \u043f\u0440\u0438\u043f\u0430\u0434\u0430\u044e\u0442\u044c \u043d\u0430 \u043b\u044e\u0442\u0438\u0439 2017 \u0440\u043e\u043a\u0443, \u0421\u0435\u0439\u043c \u0420\u0435\u0441\u043f\u0443\u0431\u043b\u0456\u043a\u0438 \u041f\u043e\u043b\u044c\u0449\u0430 \u0432\u0448\u0430\u043d\u043e\u0432\u0443\u0454 \u043f\u0430\u043c'\u044f\u0442\u044c \u0446\u044c\u043e\u0433\u043e \u0432\u0435\u043b\u0438\u043a\u043e\u0433\u043e \u043f\u0430\u0442\u0440\u0456\u043e\u0442\u0430, \u0432\u043e\u0457\u043d\u0430, \u0441\u0432\u044f\u0449\u0435\u043d\u043d\u043e\u0441\u043b\u0443\u0436\u0438\u0442\u0435\u043b\u044f \u0442\u0430 \u0433\u0440\u043e\u043c\u0430\u0434\u0441\u044c\u043a\u043e\u0433\u043e \u0434\u0456\u044f\u0447\u0430.<\/p>\n<p>\u041e\u0442\u0435\u0446\u044c \u0424\u0440\u0430\u043d\u0446\u0456\u0448\u0435\u043a \u0411\u043b\u044f\u0445\u043d\u0456\u0446\u044c\u043a\u0438\u0439 \u0432\u0441\u0435 \u0441\u0432\u043e\u0454 \u0436\u0438\u0442\u0442\u044f \u043f\u0440\u0438\u0441\u0432\u044f\u0442\u0438\u0432 \u0441\u043b\u0443\u0436\u0456\u043d\u043d\u044e \u043d\u0430 \u0431\u043b\u0430\u0433\u043e \u0441\u0432\u043e\u0454\u0457 \u0411\u0430\u0442\u044c\u043a\u0456\u0432\u0449\u0438\u043d\u0438. \u0412\u043e\u044e\u0432\u0430\u0432 \u0441\u043e\u043b\u0434\u0430\u0442\u043e\u043c \u0443 \u0432\u0435\u0440\u0435\u0441\u043d\u0435\u0432\u0456\u0439 \u043a\u0430\u043c\u043f\u0430\u043d\u0456\u0457, \u0431\u0443\u0432 \u0430\u043a\u0442\u0438\u0432\u043d\u0438\u043c \u043f\u0456\u0434\u043f\u0456\u043b\u044c\u043d\u0438\u043a\u043e\u043c, \u0443\u0432'\u044f\u0437\u043d\u0435\u043d\u0438\u0439 \u0443 \u043a\u043e\u043d\u0446\u0442\u0430\u0431\u043e\u0440\u0456, \u043f\u0435\u0440\u0435\u0441\u043b\u0456\u0434\u0443\u0432\u0430\u043d\u0438\u0439 \u043a\u043e\u043c\u0443\u043d\u0456\u0441\u0442\u0438\u0447\u043d\u0438\u043c\u0438 \u0441\u043f\u0435\u0446\u0441\u043b\u0443\u0436\u0431\u0430\u043c\u0438. \u0419\u043e\u0433\u043e \u0433\u0440\u043e\u043c\u0430\u0434\u0441\u044c\u043a\u0430 \u0434\u0456\u044f\u043b\u044c\u043d\u0456\u0441\u0442\u044c \u0491\u0440\u0443\u043d\u0442\u0443\u0432\u0430\u043b\u0430\u0441\u044f \u043d\u0430 \u0437\u0430\u0433\u0430\u043b\u044c\u043d\u043e\u043b\u044e\u0434\u0441\u044c\u043a\u0438\u0445 \u0446\u0456\u043d\u043d\u043e\u0441\u0442\u044f\u0445, \u0444\u043e\u0440\u043c\u0443\u044e\u0447\u0438 \u043c\u043e\u0440\u0430\u043b\u044c\u043d\u0456 \u0443\u0441\u0442\u0430\u043d\u043e\u0432\u043a\u0438 \u043d\u0430\u0446\u0456\u0457.  \u042f\u043a \u0437\u0430\u0441\u043d\u043e\u0432\u043d\u0438\u043a \u0420\u0443\u0445\u0443 \"\u0421\u0432\u0456\u0442\u043b\u043e \u0436\u0438\u0442\u0442\u044f\" \u0432\u0438\u0445\u043e\u0432\u0443\u0432\u0430\u0432 \u043c\u043e\u043b\u043e\u0434\u044c \u0456 \u0434\u043e\u0440\u043e\u0441\u043b\u0438\u0445 \u0443 \u0434\u0443\u0441\u0456 \u043f\u0430\u0442\u0440\u0456\u043e\u0442\u0438\u0437\u043c\u0443, \u043c\u043e\u0440\u0430\u043b\u044c\u043d\u043e\u0441\u0442\u0456 \u0442\u0430 \u0432\u0456\u0434\u043f\u043e\u0432\u0456\u0434\u0430\u043b\u044c\u043d\u043e\u0441\u0442\u0456.<\/p>\n<p>\u0417\u0430\u0445\u043e\u0434\u0438 \u0437 \u043d\u0430\u0433\u043e\u0434\u0438 30-\u0445 \u0440\u043e\u043a\u043e\u0432\u0438\u043d \u0432\u0456\u0434 \u0434\u043d\u044f \u0441\u043c\u0435\u0440\u0442\u0456 \u043e.\u0424\u0440\u0430\u043d\u0446\u0456\u0448\u0435\u043a\u0430 \u0411\u043b\u044f\u0445\u043d\u0456\u0446\u044c\u043a\u043e\u0433\u043e \u0432\u0456\u0434\u0431\u0443\u043b\u0438\u0441\u044f \u043f\u0456\u0434 \u043f\u043e\u0447\u0435\u0441\u043d\u0438\u043c \u043f\u0430\u0442\u0440\u043e\u043d\u0430\u0442\u043e\u043c \u041f\u0440\u0435\u0437\u0438\u0434\u0435\u043d\u0442\u0430 \u0420\u0435\u0441\u043f\u0443\u0431\u043b\u0456\u043a\u0438 \u041f\u043e\u043b\u044c\u0449\u0430 \u0410\u043d\u0434\u0436\u0435\u044f \u0414\u0443\u0434\u0438.<\/p>\n<p>\u0421\u0435\u0439\u043c \u0420\u0435\u0441\u043f\u0443\u0431\u043b\u0456\u043a\u0438 \u041f\u043e\u043b\u044c\u0449\u0430, \u0432\u0438\u0441\u043e\u043a\u043e \u043e\u0446\u0456\u043d\u044e\u044e\u0447\u0438 \u0437\u0430\u0441\u043b\u0443\u0433\u0438 \u043e. \u0424\u0440\u0430\u043d\u0446\u0456\u0448\u0435\u043a\u0430 \u0411\u043b\u044f\u0445\u043d\u0456\u0446\u044c\u043a\u043e\u0433\u043e \u043f\u0435\u0440\u0435\u0434 \u043f\u043e\u043b\u044c\u0441\u044c\u043a\u0438\u043c \u043d\u0430\u0440\u043e\u0434\u043e\u043c \u0442\u0430 \u0439\u043e\u0433\u043e \u0432\u043d\u0435\u0441\u043e\u043a \u0443 \u043c\u043e\u0440\u0430\u043b\u044c\u043d\u0438\u0439 \u0440\u043e\u0437\u0432\u0438\u0442\u043e\u043a \u0431\u0430\u0433\u0430\u0442\u044c\u043e\u0445 \u043f\u043e\u043a\u043e\u043b\u0456\u043d\u044c, \u0432\u0448\u0430\u043d\u043e\u0432\u0443\u0454 \u0439\u043e\u0433\u043e \u043f\u0430\u043c'\u044f\u0442\u044c.<\/p>\n<p><a href=\"https:\/\/marekkuchcinski.pl\/wp-content\/uploads\/2017\/02\/094056_lu11s04_1972_kurs_anim_oaz_51-1.jpg\"><img fetchpriority=\"high\" decoding=\"async\" class=\"alignnone wp-image-5423\" src=\"https:\/\/marekkuchcinski.pl\/wp-content\/uploads\/2017\/02\/094056_lu11s04_1972_kurs_anim_oaz_51-1.jpg\" alt=\"094056_lu11s04_1972_kurs_anim_oaz_51\" width=\"988\" height=\"424\" srcset=\"https:\/\/marekkuchcinski.pl\/wp-content\/uploads\/2017\/02\/094056_lu11s04_1972_kurs_anim_oaz_51-1.jpg 650w, https:\/\/marekkuchcinski.pl\/wp-content\/uploads\/2017\/02\/094056_lu11s04_1972_kurs_anim_oaz_51-1-300x129.jpg 300w\" sizes=\"(max-width: 988px) 100vw, 988px\" \/><\/a> <a href=\"https:\/\/marekkuchcinski.pl\/wp-content\/uploads\/2017\/02\/ks-franciszek-blachnicki-fot.jpg\"><img decoding=\"async\" class=\"alignnone wp-image-5424\" src=\"https:\/\/marekkuchcinski.pl\/wp-content\/uploads\/2017\/02\/ks-franciszek-blachnicki-fot.jpg\" alt=\"ks-franciszek-blachnicki-fot\" width=\"981\" height=\"692\" srcset=\"https:\/\/marekkuchcinski.pl\/wp-content\/uploads\/2017\/02\/ks-franciszek-blachnicki-fot.jpg 512w, https:\/\/marekkuchcinski.pl\/wp-content\/uploads\/2017\/02\/ks-franciszek-blachnicki-fot-300x212.jpg 300w\" sizes=\"(max-width: 981px) 100vw, 981px\" \/><\/a> <a href=\"https:\/\/marekkuchcinski.pl\/wp-content\/uploads\/2017\/02\/blachnicki_oswiecim.jpg\"><img decoding=\"async\" class=\"alignnone wp-image-5425\" src=\"https:\/\/marekkuchcinski.pl\/wp-content\/uploads\/2017\/02\/blachnicki_oswiecim.jpg\" alt=\"blachnicki_oswiecim\" width=\"1036\" height=\"468\" srcset=\"https:\/\/marekkuchcinski.pl\/wp-content\/uploads\/2017\/02\/blachnicki_oswiecim.jpg 640w, https:\/\/marekkuchcinski.pl\/wp-content\/uploads\/2017\/02\/blachnicki_oswiecim-300x135.jpg 300w\" sizes=\"(max-width: 1036px) 100vw, 1036px\" \/><\/a><\/p>","protected":false},"excerpt":{"rendered":"<p>W przypadaj\u0105c\u0105 w lutym 2017 roku 30. rocznic\u0119 \u015bmierci ks. Franciszka Blachnickiego, Sejm Rzeczypospolitej Polskiej oddaje ho\u0142d temu wielkiemu patriocie, \u017co\u0142nierzowi, duchownemu i dzia\u0142aczowi spo\u0142ecznemu. Ks. Franciszek Blachnicki po\u015bwi\u0119ci\u0142 ca\u0142e swoje \u017cycie dobru ojczyzny. Walczy\u0142 jako \u017co\u0142nierz w kampanii wrze\u015bniowej, dzia\u0142a\u0142 w konspiracji, by\u0142 osadzony w obozie koncentracyjnym,\u00a0 prze\u015bladowany przez komunistyczne s\u0142u\u017cby bezpiecze\u0144stwa. Jego dzia\u0142alno\u015b\u0107 [&hellip;]<\/p>\n","protected":false},"author":6,"featured_media":5422,"comment_status":"open","ping_status":"open","sticky":false,"template":"","format":"standard","meta":{"ngg_post_thumbnail":0,"footnotes":""},"categories":[77,81],"tags":[],"class_list":["post-5421","post","type-post","status-publish","format-standard","has-post-thumbnail","hentry","category-wazne-daty","category-wiesci-z-sejmu"],"_links":{"self":[{"href":"https:\/\/marekkuchcinski.pl\/uk\/wp-json\/wp\/v2\/posts\/5421","targetHints":{"allow":["GET"]}}],"collection":[{"href":"https:\/\/marekkuchcinski.pl\/uk\/wp-json\/wp\/v2\/posts"}],"about":[{"href":"https:\/\/marekkuchcinski.pl\/uk\/wp-json\/wp\/v2\/types\/post"}],"author":[{"embeddable":true,"href":"https:\/\/marekkuchcinski.pl\/uk\/wp-json\/wp\/v2\/users\/6"}],"replies":[{"embeddable":true,"href":"https:\/\/marekkuchcinski.pl\/uk\/wp-json\/wp\/v2\/comments?post=5421"}],"version-history":[{"count":2,"href":"https:\/\/marekkuchcinski.pl\/uk\/wp-json\/wp\/v2\/posts\/5421\/revisions"}],"predecessor-version":[{"id":5465,"href":"https:\/\/marekkuchcinski.pl\/uk\/wp-json\/wp\/v2\/posts\/5421\/revisions\/5465"}],"wp:featuredmedia":[{"embeddable":true,"href":"https:\/\/marekkuchcinski.pl\/uk\/wp-json\/wp\/v2\/media\/5422"}],"wp:attachment":[{"href":"https:\/\/marekkuchcinski.pl\/uk\/wp-json\/wp\/v2\/media?parent=5421"}],"wp:term":[{"taxonomy":"category","embeddable":true,"href":"https:\/\/marekkuchcinski.pl\/uk\/wp-json\/wp\/v2\/categories?post=5421"},{"taxonomy":"post_tag","embeddable":true,"href":"https:\/\/marekkuchcinski.pl\/uk\/wp-json\/wp\/v2\/tags?post=5421"}],"curies":[{"name":"wp","href":"https:\/\/api.w.org\/{rel}","templated":true}]}}