{"id":5376,"date":"2017-02-14T12:15:35","date_gmt":"2017-02-14T11:15:35","guid":{"rendered":"https:\/\/marekkuchcinski.pl\/?p=5376"},"modified":"2017-02-27T14:09:36","modified_gmt":"2017-02-27T13:09:36","slug":"14-lutego-1942-roku-zwiazek-walki-zbrojnej-zostal-przemianowany-armie-krajowa","status":"publish","type":"post","link":"https:\/\/marekkuchcinski.pl\/uk\/wazne-daty\/14-lutego-1942-roku-zwiazek-walki-zbrojnej-zostal-przemianowany-armie-krajowa\/","title":{"rendered":"14 \u043b\u044e\u0442\u043e\u0433\u043e 1942 \u0440\u043e\u043a\u0443 \u0421\u043e\u044e\u0437 \u0437\u0431\u0440\u043e\u0439\u043d\u043e\u0457 \u0431\u043e\u0440\u043e\u0442\u044c\u0431\u0438 \u0431\u0443\u043b\u043e \u043f\u0435\u0440\u0435\u0439\u043c\u0435\u043d\u043e\u0432\u0430\u043d\u043e \u043d\u0430 \u0410\u0440\u043c\u0456\u044e \u041a\u0440\u0430\u0439\u043e\u0432\u0443"},"content":{"rendered":"<p>\u0421\u0456\u043c\u0434\u0435\u0441\u044f\u0442 \u043f'\u044f\u0442\u044c \u0440\u043e\u043a\u0456\u0432 \u0442\u043e\u043c\u0443, 14 \u043b\u044e\u0442\u043e\u0433\u043e 1942 \u0440\u043e\u043a\u0443, \u043d\u0430\u043a\u0430\u0437\u043e\u043c \u0413\u043e\u043b\u043e\u0432\u043d\u043e\u043a\u043e\u043c\u0430\u043d\u0434\u0443\u0432\u0430\u0447\u0430 \u0417\u0431\u0440\u043e\u0439\u043d\u0438\u0445 \u0421\u0438\u043b \u041f\u043e\u043b\u044c\u0449\u0456 \u0433\u0435\u043d\u0435\u0440\u0430\u043b\u0430 \u0412\u043b\u0430\u0434\u0438\u0441\u043b\u0430\u0432\u0430 \u0421\u0456\u043a\u043e\u0440\u0441\u044c\u043a\u043e\u0433\u043e \u043f\u0456\u0434\u043f\u0456\u043b\u044c\u043d\u0438\u0439 \u0421\u043e\u044e\u0437 \u0437\u0431\u0440\u043e\u0439\u043d\u043e\u0457 \u0431\u043e\u0440\u043e\u0442\u044c\u0431\u0438, \u0449\u043e \u0434\u0456\u044f\u0432 \u043d\u0430 \u0442\u0435\u0440\u0438\u0442\u043e\u0440\u0456\u0457 \u043e\u043a\u0443\u043f\u043e\u0432\u0430\u043d\u043e\u0457 \u041f\u043e\u043b\u044c\u0449\u0456, \u0431\u0443\u0432 \u043f\u0435\u0440\u0435\u0442\u0432\u043e\u0440\u0435\u043d\u0438\u0439 \u043d\u0430 \u0410\u0440\u043c\u0456\u044e \u041a\u0440\u0430\u0439\u043e\u0432\u0443 (\u0410\u041a), \u0434\u0456\u044f\u043b\u044c\u043d\u0456\u0441\u0442\u044c \u044f\u043a\u043e\u0457 \u0454 \u043e\u0434\u043d\u0456\u0454\u044e \u0437 \u043d\u0430\u0439\u0441\u043b\u0430\u0432\u0435\u0442\u043d\u0456\u0448\u0438\u0445 \u0441\u0442\u043e\u0440\u0456\u043d\u043e\u043a \u0432 \u0456\u0441\u0442\u043e\u0440\u0456\u0457 \u041f\u043e\u043b\u044c\u0449\u0456 \u0456 \u044f\u043a\u0430 \u0437\u0440\u043e\u0431\u0438\u043b\u0430 \u0432\u0435\u043b\u0438\u0447\u0435\u0437\u043d\u0438\u0439 \u0432\u043d\u0435\u0441\u043e\u043a \u0443 \u0431\u043e\u0440\u043e\u0442\u044c\u0431\u0443 \u0437\u0430 \u0441\u0432\u043e\u0431\u043e\u0434\u0443 \u0404\u0432\u0440\u043e\u043f\u0438.<\/p>\n<p>\u0410\u0440\u043c\u0456\u044f \u041a\u0440\u0430\u0439\u043e\u0432\u0430 \u0431\u0443\u043b\u0430 \u043d\u0430\u0439\u043a\u0440\u0430\u0449\u0435 \u043e\u0440\u0433\u0430\u043d\u0456\u0437\u043e\u0432\u0430\u043d\u043e\u044e \u0456 \u043d\u0430\u0439\u0431\u0456\u043b\u044c\u0448\u043e\u044e \u043f\u0456\u0434\u043f\u0456\u043b\u044c\u043d\u043e\u044e \u0430\u0440\u043c\u0456\u0454\u044e \u0432 \u043e\u043a\u0443\u043f\u043e\u0432\u0430\u043d\u0456\u0439 \u0404\u0432\u0440\u043e\u043f\u0456. \u0414\u043e \u0457\u0457 \u0441\u043a\u043b\u0430\u0434\u0443 \u0432\u0445\u043e\u0434\u0438\u043b\u043e \u043f\u043e\u043d\u0430\u0434 \u0434\u0432\u0456\u0441\u0442\u0456 \u043e\u0440\u0433\u0430\u043d\u0456\u0437\u0430\u0446\u0456\u0439. \u0421\u043e\u0442\u043d\u0456 \u0442\u0438\u0441\u044f\u0447 \u0432\u043e\u044f\u043a\u0456\u0432, \u044f\u043a\u0456 \u043d\u0430\u0431\u0443\u043b\u0438 \u0431\u043e\u0439\u043e\u0432\u043e\u0433\u043e \u0434\u043e\u0441\u0432\u0456\u0434\u0443 \u0432 \u0443\u043c\u043e\u0432\u0430\u0445 \u043c\u0456\u0441\u044c\u043a\u043e\u0457 \u0437\u043c\u043e\u0432\u0438 \u0442\u0430 \u043f\u0430\u0440\u0442\u0438\u0437\u0430\u043d\u0441\u044c\u043a\u043e\u0457 \u0432\u0456\u0439\u043d\u0438, \u0437\u043c\u043e\u0433\u043b\u0438 \u043a\u0438\u043d\u0443\u0442\u0438 \u0432\u0438\u043a\u043b\u0438\u043a \u0440\u0435\u0433\u0443\u043b\u044f\u0440\u043d\u0456\u0439 \u0430\u0440\u043c\u0456\u0457 \u0443 \u0432\u0456\u0434\u043a\u0440\u0438\u0442\u043e\u043c\u0443 \u0431\u043e\u044e: \u0441\u043f\u043e\u0447\u0430\u0442\u043a\u0443 \u043f\u0456\u0434 \u0447\u0430\u0441 \u043e\u043f\u0435\u0440\u0430\u0446\u0456\u0457 \"\u0411\u0443\u0440\u044f\" - \u043e\u043f\u0435\u0440\u0430\u0446\u0456\u0457 \u043f\u0440\u043e\u0442\u0438 \u043d\u0456\u043c\u0446\u0456\u0432, \u0440\u043e\u0437\u043f\u043e\u0447\u0430\u0442\u043e\u0457, \u043a\u043e\u043b\u0438 \u043f\u0435\u0440\u0448\u0456 \u0432\u0456\u0439\u0441\u044c\u043a\u0430 \u0427\u0435\u0440\u0432\u043e\u043d\u043e\u0457 \u0430\u0440\u043c\u0456\u0457 \u0432\u0441\u0442\u0443\u043f\u0438\u043b\u0438 \u043d\u0430 \u0442\u0435\u0440\u0438\u0442\u043e\u0440\u0456\u044e \u0414\u0440\u0443\u0433\u043e\u0457 \u0420\u0435\u0447\u0456 \u041f\u043e\u0441\u043f\u043e\u043b\u0438\u0442\u043e\u0457, \u0430 \u043f\u043e\u0442\u0456\u043c \u0443 \u0412\u0430\u0440\u0448\u0430\u0432\u0441\u044c\u043a\u043e\u043c\u0443 \u043f\u043e\u0432\u0441\u0442\u0430\u043d\u043d\u0456 - \u043d\u0430\u0439\u0431\u0456\u043b\u044c\u0448\u0456\u0439 \u0456 \u043d\u0430\u0439\u0442\u0440\u0438\u0432\u0430\u043b\u0456\u0448\u0456\u0439 \u043f\u043e\u0432\u0441\u0442\u0430\u043d\u0441\u044c\u043a\u0456\u0439 \u0431\u0438\u0442\u0432\u0456 \u043e\u043a\u0443\u043f\u043e\u0432\u0430\u043d\u043e\u0457 \u0404\u0432\u0440\u043e\u043f\u0438, \u044f\u043a\u0430 \u043d\u0430\u0434\u0438\u0445\u0430\u043b\u0430 \u0434\u0443\u043c\u043a\u0438 \u0456 \u043c\u0440\u0456\u0457 \u0432\u0456\u043b\u044c\u043d\u0438\u0445 \u043f\u043e\u043b\u044f\u043a\u0456\u0432 \u043f\u0440\u043e\u0442\u044f\u0433\u043e\u043c \u043d\u0430\u0441\u0442\u0443\u043f\u043d\u0438\u0445 \u043f\u0456\u0432\u0441\u0442\u043e\u043b\u0456\u0442\u0442\u044f.<\/p>\n<p>\u041f\u0456\u0441\u043b\u044f \u0437\u0430\u043a\u0456\u043d\u0447\u0435\u043d\u043d\u044f \u0414\u0440\u0443\u0433\u043e\u0457 \u0441\u0432\u0456\u0442\u043e\u0432\u043e\u0457 \u0432\u0456\u0439\u043d\u0438 \u0432\u043e\u044f\u043a\u0438 \u0410\u0440\u043c\u0456\u0457 \u041a\u0440\u0430\u0439\u043e\u0432\u043e\u0457 \u0437\u0430\u0437\u043d\u0430\u0432\u0430\u043b\u0438 \u043f\u0435\u0440\u0435\u0441\u043b\u0456\u0434\u0443\u0432\u0430\u043d\u044c \u0442\u0430 \u0443\u0442\u0438\u0441\u043a\u0456\u0432 \u0437 \u0431\u043e\u043a\u0443 \u0432\u043b\u0430\u0434\u0438 \u041f\u043e\u043b\u044c\u0441\u044c\u043a\u043e\u0457 \u041d\u0430\u0440\u043e\u0434\u043d\u043e\u0457 \u0420\u0435\u0441\u043f\u0443\u0431\u043b\u0456\u043a\u0438, \u0431\u0443\u043b\u0438 \u0437\u0430\u0441\u0443\u0434\u0436\u0435\u043d\u0456 \u0434\u043e \u0431\u0430\u0433\u0430\u0442\u043e\u0440\u0456\u0447\u043d\u043e\u0433\u043e \u0443\u0432'\u044f\u0437\u043d\u0435\u043d\u043d\u044f \u0456 \u043d\u0430\u0432\u0456\u0442\u044c \u0434\u043e \u0441\u043c\u0435\u0440\u0442\u043d\u043e\u0457 \u043a\u0430\u0440\u0438.<br \/>\n\u041f\u0456\u0441\u043b\u044f \u0440\u043e\u043a\u0456\u0432 \u0437\u0431\u0440\u043e\u0439\u043d\u043e\u0457 \u0431\u043e\u0440\u043e\u0442\u044c\u0431\u0438 \u0437 \u043e\u043a\u0443\u043f\u0430\u043d\u0442\u0430\u043c\u0438 \u043d\u0430\u0441\u0442\u0430\u0432 \u0447\u0430\u0441 \u0431\u043e\u0440\u043e\u0442\u044c\u0431\u0438 \u0437\u0430 \u043f\u0440\u0430\u0432\u0434\u0443 \u0456 \u043f\u0430\u043c'\u044f\u0442\u044c. \u0412\u0435\u043b\u0438\u043a\u0430 \u0440\u0456\u0448\u0443\u0447\u0456\u0441\u0442\u044c \u0456 \u0432\u0456\u0440\u0430 \u0432 \u043f\u0435\u0440\u0435\u043c\u043e\u0433\u0443, \u044f\u043a\u0430 \u043e\u043a\u0440\u0438\u043b\u044f\u043b\u0430 \u0457\u0445 \u043d\u0430 \u043f\u043e\u043b\u0456 \u0431\u043e\u044e, \u0434\u043e\u0437\u0432\u043e\u043b\u0438\u043b\u0430 \u0437\u0431\u0435\u0440\u0435\u0433\u0442\u0438 \u043f\u0440\u0430\u0432\u0434\u0443 \u043f\u0440\u043e \u041f\u043e\u043b\u044c\u0449\u0443 \u0432 \u0440\u043e\u043a\u0438 \u0414\u0440\u0443\u0433\u043e\u0457 \u0441\u0432\u0456\u0442\u043e\u0432\u043e\u0457 \u0432\u0456\u0439\u043d\u0438 \u0456 \u043d\u0435 \u0434\u043e\u0437\u0432\u043e\u043b\u0438\u043b\u0430 \u0437\u043d\u0438\u0449\u0438\u0442\u0438 \u043f\u0430\u043c'\u044f\u0442\u044c \u043f\u0440\u043e \u0437\u0430\u0433\u0438\u0431\u043b\u0438\u0445, \u0437\u0430\u043c\u043e\u0440\u0434\u043e\u0432\u0430\u043d\u0438\u0445 \u0456 \u0432\u0438\u0433\u043d\u0430\u043d\u0438\u0445 \u0437 \u0440\u0456\u0434\u043d\u043e\u0457 \u0437\u0435\u043c\u043b\u0456 \u0431\u043e\u0439\u043e\u0432\u0438\u0445 \u0442\u043e\u0432\u0430\u0440\u0438\u0448\u0456\u0432.<\/p>\n<p>\u0421\u044c\u043e\u0433\u043e\u0434\u043d\u0456 \u0410\u0440\u043c\u0456\u044f \u041a\u0440\u0430\u0439\u043e\u0432\u0430 \u0454 \u043d\u0435 \u0442\u0456\u043b\u044c\u043a\u0438 \u0441\u0438\u043c\u0432\u043e\u043b\u043e\u043c \u0431\u043e\u0440\u043e\u0442\u044c\u0431\u0438 \u0437\u0430 \u0432\u0456\u043b\u044c\u043d\u0443 \u0456 \u043d\u0435\u0437\u0430\u043b\u0435\u0436\u043d\u0443 \u0420\u0435\u0441\u043f\u0443\u0431\u043b\u0456\u043a\u0443, \u0430\u043b\u0435 \u0439 \u0441\u0438\u043c\u0432\u043e\u043b\u043e\u043c \u043d\u0430\u0439\u0432\u0438\u0449\u0438\u0445 \u0446\u0456\u043d\u043d\u043e\u0441\u0442\u0435\u0439, \u0442\u0430\u043a\u0438\u0445 \u044f\u043a \u0432\u0456\u0434\u0432\u0430\u0433\u0430, \u043f\u0430\u0442\u0440\u0456\u043e\u0442\u0438\u0437\u043c \u0456 \u0433\u043e\u0442\u043e\u0432\u043d\u0456\u0441\u0442\u044c \u0434\u043e \u0441\u0430\u043c\u043e\u043f\u043e\u0436\u0435\u0440\u0442\u0432\u0438 \u0437\u0430\u0440\u0430\u0434\u0438 \u0431\u043b\u0430\u0433\u0430 \u041f\u043e\u043b\u044c\u0449\u0456.<\/p>\n<p>\u0421\u0435\u0439\u043c \u0420\u0435\u0441\u043f\u0443\u0431\u043b\u0456\u043a\u0438 \u041f\u043e\u043b\u044c\u0449\u0430 \u0432\u0456\u0434\u0434\u0430\u0454 \u0448\u0430\u043d\u0443 \u0432\u0441\u0456\u043c \u0432\u043e\u0457\u043d\u0430\u043c \u0410\u0440\u043c\u0456\u0457 \u041a\u0440\u0430\u0439\u043e\u0432\u043e\u0457 \u0442\u0430 \u0432\u0438\u0441\u043b\u043e\u0432\u043b\u044e\u0454 \u043f\u0435\u0440\u0435\u043a\u043e\u043d\u0430\u043d\u043d\u044f, \u0449\u043e \u0457\u0445\u043d\u044f \u043f\u043e\u0437\u0438\u0446\u0456\u044f \u0431\u0443\u0434\u0435 \u043c\u043e\u0440\u0430\u043b\u044c\u043d\u0438\u043c \u0434\u043e\u0440\u043e\u0433\u043e\u0432\u043a\u0430\u0437\u043e\u043c \u0434\u043b\u044f \u043c\u0430\u0439\u0431\u0443\u0442\u043d\u0456\u0445 \u043f\u043e\u043a\u043e\u043b\u0456\u043d\u044c \u043f\u043e\u043b\u044f\u043a\u0456\u0432, \u0432\u0438\u0432\u0456\u043b\u044c\u043d\u044f\u044e\u0447\u0438 \u043f\u043e\u0447\u0443\u0442\u0442\u044f \u043d\u0430\u0446\u0456\u043e\u043d\u0430\u043b\u044c\u043d\u043e\u0457 \u0433\u043e\u0440\u0434\u043e\u0441\u0442\u0456 \u0442\u0430 \u0441\u0442\u0432\u043e\u0440\u044e\u044e\u0447\u0438 \u0437\u0432'\u044f\u0437\u043e\u043a \u0437 \u0411\u0430\u0442\u044c\u043a\u0456\u0432\u0449\u0438\u043d\u043e\u044e.<\/p>\n<div style=\"width: 640px;\" class=\"wp-video\"><!--[if lt IE 9]><script>document.createElement('video');<\/script><![endif]-->\n<video class=\"wp-video-shortcode\" id=\"video-5376-1\" width=\"640\" height=\"480\" preload=\"metadata\" controls=\"controls\"><source type=\"video\/mp4\" src=\"https:\/\/marekkuchcinski.pl\/wp-content\/uploads\/2017\/02\/Uchwa\u0142a-AK.mp4?_=1\" \/><a href=\"https:\/\/marekkuchcinski.pl\/wp-content\/uploads\/2017\/02\/Uchwa\u0142a-AK.mp4\">https:\/\/marekkuchcinski.pl\/wp-content\/uploads\/2017\/02\/Uchwa\u0142a-AK.mp4<\/a><\/video><\/div>","protected":false},"excerpt":{"rendered":"<p>Siedemdziesi\u0105t pi\u0119\u0107 lat temu, 14 lutego 1942 r., z rozkazu Naczelnego Wodza Polskich Si\u0142 Zbrojnych gen. W\u0142adys\u0142awa Sikorskiego dzia\u0142aj\u0105cy w okupowanej Polsce konspiracyjny Zwi\u0105zek Walki Zbrojnej\u00a0 zosta\u0142 przekszta\u0142cony w Armi\u0119 Krajow\u0105, kt\u00f3rej dzia\u0142alno\u015b\u0107 jest jedn\u0105 z najbardziej chlubnych kart w historii Polski i kt\u00f3ra wnios\u0142a ogromny wk\u0142ad w walk\u0119 o wolno\u015b\u0107 Europy. Armia Krajowa by\u0142a [&hellip;]<\/p>","protected":false},"author":6,"featured_media":0,"comment_status":"open","ping_status":"open","sticky":false,"template":"","format":"standard","meta":{"ngg_post_thumbnail":0,"footnotes":""},"categories":[48,77],"tags":[],"class_list":["post-5376","post","type-post","status-publish","format-standard","hentry","category-multimedia","category-wazne-daty"],"yoast_head":"<!-- This site is optimized with the Yoast SEO plugin v24.7 - https:\/\/yoast.com\/wordpress\/plugins\/seo\/ -->\n<title>14 lutego 1942 roku Zwi\u0105zek Walki Zbrojnej zosta\u0142 przemianowany w Armi\u0119 Krajow\u0105 &#8211; Marek Kuchci\u0144ski<\/title>\n<meta name=\"robots\" content=\"index, follow, max-snippet:-1, max-image-preview:large, max-video-preview:-1\" \/>\n<link rel=\"canonical\" href=\"https:\/\/marekkuchcinski.pl\/uk\/wazne-daty\/14-lutego-1942-roku-zwiazek-walki-zbrojnej-zostal-przemianowany-armie-krajowa\/\" \/>\n<meta property=\"og:locale\" content=\"uk_UA\" \/>\n<meta property=\"og:type\" content=\"article\" \/>\n<meta property=\"og:title\" content=\"14 lutego 1942 roku Zwi\u0105zek Walki Zbrojnej zosta\u0142 przemianowany w Armi\u0119 Krajow\u0105 &#8211; Marek Kuchci\u0144ski\" \/>\n<meta property=\"og:description\" content=\"Siedemdziesi\u0105t pi\u0119\u0107 lat temu, 14 lutego 1942 r., z rozkazu Naczelnego Wodza Polskich Si\u0142 Zbrojnych gen. W\u0142adys\u0142awa Sikorskiego dzia\u0142aj\u0105cy w okupowanej Polsce konspiracyjny Zwi\u0105zek Walki Zbrojnej\u00a0 zosta\u0142 przekszta\u0142cony w Armi\u0119 Krajow\u0105, kt\u00f3rej dzia\u0142alno\u015b\u0107 jest jedn\u0105 z najbardziej chlubnych kart w historii Polski i kt\u00f3ra wnios\u0142a ogromny wk\u0142ad w walk\u0119 o wolno\u015b\u0107 Europy. Armia Krajowa by\u0142a [&hellip;]\" \/>\n<meta property=\"og:url\" content=\"https:\/\/marekkuchcinski.pl\/uk\/wazne-daty\/14-lutego-1942-roku-zwiazek-walki-zbrojnej-zostal-przemianowany-armie-krajowa\/\" \/>\n<meta property=\"og:site_name\" content=\"Marek Kuchci\u0144ski\" \/>\n<meta property=\"article:published_time\" content=\"2017-02-14T11:15:35+00:00\" \/>\n<meta property=\"article:modified_time\" content=\"2017-02-27T13:09:36+00:00\" \/>\n<meta property=\"og:image\" content=\"https:\/\/marekkuchcinski.pl\/wp-content\/uploads\/2022\/09\/Marek.jpg\" \/>\n\t<meta property=\"og:image:width\" content=\"1600\" \/>\n\t<meta property=\"og:image:height\" content=\"971\" \/>\n\t<meta property=\"og:image:type\" content=\"image\/jpeg\" \/>\n<meta name=\"author\" content=\"admin\" \/>\n<meta name=\"twitter:card\" content=\"summary_large_image\" \/>\n<meta name=\"twitter:label1\" content=\"\u041d\u0430\u043f\u0438\u0441\u0430\u043d\u043e\" \/>\n\t<meta name=\"twitter:data1\" content=\"admin\" \/>\n\t<meta name=\"twitter:label2\" content=\"\u041f\u0440\u0438\u0431\u043b. \u0447\u0430\u0441 \u0447\u0438\u0442\u0430\u043d\u043d\u044f\" \/>\n\t<meta name=\"twitter:data2\" content=\"2 \u0445\u0432\u0438\u043b\u0438\u043d\u0438\" \/>\n<script type=\"application\/ld+json\" class=\"yoast-schema-graph\">{\"@context\":\"https:\/\/schema.org\",\"@graph\":[{\"@type\":\"Article\",\"@id\":\"https:\/\/marekkuchcinski.pl\/wazne-daty\/14-lutego-1942-roku-zwiazek-walki-zbrojnej-zostal-przemianowany-armie-krajowa\/#article\",\"isPartOf\":{\"@id\":\"https:\/\/marekkuchcinski.pl\/wazne-daty\/14-lutego-1942-roku-zwiazek-walki-zbrojnej-zostal-przemianowany-armie-krajowa\/\"},\"author\":{\"name\":\"admin\",\"@id\":\"https:\/\/marekkuchcinski.pl\/#\/schema\/person\/6f62700996b4d950b6ea2d1183b6c6be\"},\"headline\":\"14 lutego 1942 roku Zwi\u0105zek Walki Zbrojnej zosta\u0142 przemianowany w Armi\u0119 Krajow\u0105\",\"datePublished\":\"2017-02-14T11:15:35+00:00\",\"dateModified\":\"2017-02-27T13:09:36+00:00\",\"mainEntityOfPage\":{\"@id\":\"https:\/\/marekkuchcinski.pl\/wazne-daty\/14-lutego-1942-roku-zwiazek-walki-zbrojnej-zostal-przemianowany-armie-krajowa\/\"},\"wordCount\":350,\"commentCount\":0,\"publisher\":{\"@id\":\"https:\/\/marekkuchcinski.pl\/#organization\"},\"articleSection\":[\"Multimedia\",\"Wa\u017cne daty\"],\"inLanguage\":\"uk\",\"potentialAction\":[{\"@type\":\"CommentAction\",\"name\":\"Comment\",\"target\":[\"https:\/\/marekkuchcinski.pl\/wazne-daty\/14-lutego-1942-roku-zwiazek-walki-zbrojnej-zostal-przemianowany-armie-krajowa\/#respond\"]}]},{\"@type\":\"WebPage\",\"@id\":\"https:\/\/marekkuchcinski.pl\/wazne-daty\/14-lutego-1942-roku-zwiazek-walki-zbrojnej-zostal-przemianowany-armie-krajowa\/\",\"url\":\"https:\/\/marekkuchcinski.pl\/wazne-daty\/14-lutego-1942-roku-zwiazek-walki-zbrojnej-zostal-przemianowany-armie-krajowa\/\",\"name\":\"14 lutego 1942 roku Zwi\u0105zek Walki Zbrojnej zosta\u0142 przemianowany w Armi\u0119 Krajow\u0105 &#8211; Marek Kuchci\u0144ski\",\"isPartOf\":{\"@id\":\"https:\/\/marekkuchcinski.pl\/#website\"},\"datePublished\":\"2017-02-14T11:15:35+00:00\",\"dateModified\":\"2017-02-27T13:09:36+00:00\",\"breadcrumb\":{\"@id\":\"https:\/\/marekkuchcinski.pl\/wazne-daty\/14-lutego-1942-roku-zwiazek-walki-zbrojnej-zostal-przemianowany-armie-krajowa\/#breadcrumb\"},\"inLanguage\":\"uk\",\"potentialAction\":[{\"@type\":\"ReadAction\",\"target\":[\"https:\/\/marekkuchcinski.pl\/wazne-daty\/14-lutego-1942-roku-zwiazek-walki-zbrojnej-zostal-przemianowany-armie-krajowa\/\"]}]},{\"@type\":\"BreadcrumbList\",\"@id\":\"https:\/\/marekkuchcinski.pl\/wazne-daty\/14-lutego-1942-roku-zwiazek-walki-zbrojnej-zostal-przemianowany-armie-krajowa\/#breadcrumb\",\"itemListElement\":[{\"@type\":\"ListItem\",\"position\":1,\"name\":\"Strona g\u0142\u00f3wna\",\"item\":\"https:\/\/marekkuchcinski.pl\/\"},{\"@type\":\"ListItem\",\"position\":2,\"name\":\"14 lutego 1942 roku Zwi\u0105zek Walki Zbrojnej zosta\u0142 przemianowany w Armi\u0119 Krajow\u0105\"}]},{\"@type\":\"WebSite\",\"@id\":\"https:\/\/marekkuchcinski.pl\/#website\",\"url\":\"https:\/\/marekkuchcinski.pl\/\",\"name\":\"Marek Kuchci\u0144ski\",\"description\":\"Pose\u0142 na sejm RP &ndash; okr\u0119g nr 22\",\"publisher\":{\"@id\":\"https:\/\/marekkuchcinski.pl\/#organization\"},\"potentialAction\":[{\"@type\":\"SearchAction\",\"target\":{\"@type\":\"EntryPoint\",\"urlTemplate\":\"https:\/\/marekkuchcinski.pl\/?s={search_term_string}\"},\"query-input\":{\"@type\":\"PropertyValueSpecification\",\"valueRequired\":true,\"valueName\":\"search_term_string\"}}],\"inLanguage\":\"uk\"},{\"@type\":\"Organization\",\"@id\":\"https:\/\/marekkuchcinski.pl\/#organization\",\"name\":\"Marek Kuchci\u0144ski\",\"url\":\"https:\/\/marekkuchcinski.pl\/\",\"logo\":{\"@type\":\"ImageObject\",\"inLanguage\":\"uk\",\"@id\":\"https:\/\/marekkuchcinski.pl\/#\/schema\/logo\/image\/\",\"url\":\"https:\/\/marekkuchcinski.pl\/wp-content\/uploads\/2022\/09\/Marek.jpg\",\"contentUrl\":\"https:\/\/marekkuchcinski.pl\/wp-content\/uploads\/2022\/09\/Marek.jpg\",\"width\":1600,\"height\":971,\"caption\":\"Marek Kuchci\u0144ski\"},\"image\":{\"@id\":\"https:\/\/marekkuchcinski.pl\/#\/schema\/logo\/image\/\"}},{\"@type\":\"Person\",\"@id\":\"https:\/\/marekkuchcinski.pl\/#\/schema\/person\/6f62700996b4d950b6ea2d1183b6c6be\",\"name\":\"admin\",\"image\":{\"@type\":\"ImageObject\",\"inLanguage\":\"uk\",\"@id\":\"https:\/\/marekkuchcinski.pl\/#\/schema\/person\/image\/\",\"url\":\"https:\/\/secure.gravatar.com\/avatar\/4bab693b9d55c3d6b52c0296a8765085?s=96&d=mm&r=g\",\"contentUrl\":\"https:\/\/secure.gravatar.com\/avatar\/4bab693b9d55c3d6b52c0296a8765085?s=96&d=mm&r=g\",\"caption\":\"admin\"},\"url\":\"https:\/\/marekkuchcinski.pl\/uk\/author\/marta-olejnik\/\"}]}<\/script>\n<!-- \/ Yoast SEO plugin. -->","yoast_head_json":{"title":"14 lutego 1942 roku Zwi\u0105zek Walki Zbrojnej zosta\u0142 przemianowany w Armi\u0119 Krajow\u0105 &#8211; Marek Kuchci\u0144ski","robots":{"index":"index","follow":"follow","max-snippet":"max-snippet:-1","max-image-preview":"max-image-preview:large","max-video-preview":"max-video-preview:-1"},"canonical":"https:\/\/marekkuchcinski.pl\/uk\/wazne-daty\/14-lutego-1942-roku-zwiazek-walki-zbrojnej-zostal-przemianowany-armie-krajowa\/","og_locale":"uk_UA","og_type":"article","og_title":"14 lutego 1942 roku Zwi\u0105zek Walki Zbrojnej zosta\u0142 przemianowany w Armi\u0119 Krajow\u0105 &#8211; Marek Kuchci\u0144ski","og_description":"Siedemdziesi\u0105t pi\u0119\u0107 lat temu, 14 lutego 1942 r., z rozkazu Naczelnego Wodza Polskich Si\u0142 Zbrojnych gen. W\u0142adys\u0142awa Sikorskiego dzia\u0142aj\u0105cy w okupowanej Polsce konspiracyjny Zwi\u0105zek Walki Zbrojnej\u00a0 zosta\u0142 przekszta\u0142cony w Armi\u0119 Krajow\u0105, kt\u00f3rej dzia\u0142alno\u015b\u0107 jest jedn\u0105 z najbardziej chlubnych kart w historii Polski i kt\u00f3ra wnios\u0142a ogromny wk\u0142ad w walk\u0119 o wolno\u015b\u0107 Europy. Armia Krajowa by\u0142a [&hellip;]","og_url":"https:\/\/marekkuchcinski.pl\/uk\/wazne-daty\/14-lutego-1942-roku-zwiazek-walki-zbrojnej-zostal-przemianowany-armie-krajowa\/","og_site_name":"Marek Kuchci\u0144ski","article_published_time":"2017-02-14T11:15:35+00:00","article_modified_time":"2017-02-27T13:09:36+00:00","og_image":[{"width":1600,"height":971,"url":"https:\/\/marekkuchcinski.pl\/wp-content\/uploads\/2022\/09\/Marek.jpg","type":"image\/jpeg"}],"author":"admin","twitter_card":"summary_large_image","twitter_misc":{"\u041d\u0430\u043f\u0438\u0441\u0430\u043d\u043e":"admin","\u041f\u0440\u0438\u0431\u043b. \u0447\u0430\u0441 \u0447\u0438\u0442\u0430\u043d\u043d\u044f":"2 \u0445\u0432\u0438\u043b\u0438\u043d\u0438"},"schema":{"@context":"https:\/\/schema.org","@graph":[{"@type":"Article","@id":"https:\/\/marekkuchcinski.pl\/wazne-daty\/14-lutego-1942-roku-zwiazek-walki-zbrojnej-zostal-przemianowany-armie-krajowa\/#article","isPartOf":{"@id":"https:\/\/marekkuchcinski.pl\/wazne-daty\/14-lutego-1942-roku-zwiazek-walki-zbrojnej-zostal-przemianowany-armie-krajowa\/"},"author":{"name":"admin","@id":"https:\/\/marekkuchcinski.pl\/#\/schema\/person\/6f62700996b4d950b6ea2d1183b6c6be"},"headline":"14 lutego 1942 roku Zwi\u0105zek Walki Zbrojnej zosta\u0142 przemianowany w Armi\u0119 Krajow\u0105","datePublished":"2017-02-14T11:15:35+00:00","dateModified":"2017-02-27T13:09:36+00:00","mainEntityOfPage":{"@id":"https:\/\/marekkuchcinski.pl\/wazne-daty\/14-lutego-1942-roku-zwiazek-walki-zbrojnej-zostal-przemianowany-armie-krajowa\/"},"wordCount":350,"commentCount":0,"publisher":{"@id":"https:\/\/marekkuchcinski.pl\/#organization"},"articleSection":["Multimedia","Wa\u017cne daty"],"inLanguage":"uk","potentialAction":[{"@type":"CommentAction","name":"Comment","target":["https:\/\/marekkuchcinski.pl\/wazne-daty\/14-lutego-1942-roku-zwiazek-walki-zbrojnej-zostal-przemianowany-armie-krajowa\/#respond"]}]},{"@type":"WebPage","@id":"https:\/\/marekkuchcinski.pl\/wazne-daty\/14-lutego-1942-roku-zwiazek-walki-zbrojnej-zostal-przemianowany-armie-krajowa\/","url":"https:\/\/marekkuchcinski.pl\/wazne-daty\/14-lutego-1942-roku-zwiazek-walki-zbrojnej-zostal-przemianowany-armie-krajowa\/","name":"14 lutego 1942 roku Zwi\u0105zek Walki Zbrojnej zosta\u0142 przemianowany w Armi\u0119 Krajow\u0105 &#8211; Marek Kuchci\u0144ski","isPartOf":{"@id":"https:\/\/marekkuchcinski.pl\/#website"},"datePublished":"2017-02-14T11:15:35+00:00","dateModified":"2017-02-27T13:09:36+00:00","breadcrumb":{"@id":"https:\/\/marekkuchcinski.pl\/wazne-daty\/14-lutego-1942-roku-zwiazek-walki-zbrojnej-zostal-przemianowany-armie-krajowa\/#breadcrumb"},"inLanguage":"uk","potentialAction":[{"@type":"ReadAction","target":["https:\/\/marekkuchcinski.pl\/wazne-daty\/14-lutego-1942-roku-zwiazek-walki-zbrojnej-zostal-przemianowany-armie-krajowa\/"]}]},{"@type":"BreadcrumbList","@id":"https:\/\/marekkuchcinski.pl\/wazne-daty\/14-lutego-1942-roku-zwiazek-walki-zbrojnej-zostal-przemianowany-armie-krajowa\/#breadcrumb","itemListElement":[{"@type":"ListItem","position":1,"name":"Strona g\u0142\u00f3wna","item":"https:\/\/marekkuchcinski.pl\/"},{"@type":"ListItem","position":2,"name":"14 lutego 1942 roku Zwi\u0105zek Walki Zbrojnej zosta\u0142 przemianowany w Armi\u0119 Krajow\u0105"}]},{"@type":"WebSite","@id":"https:\/\/marekkuchcinski.pl\/#website","url":"https:\/\/marekkuchcinski.pl\/","name":"Marek Kuchci\u0144ski","description":"Pose\u0142 na sejm RP &ndash; okr\u0119g nr 22","publisher":{"@id":"https:\/\/marekkuchcinski.pl\/#organization"},"potentialAction":[{"@type":"SearchAction","target":{"@type":"EntryPoint","urlTemplate":"https:\/\/marekkuchcinski.pl\/?s={search_term_string}"},"query-input":{"@type":"PropertyValueSpecification","valueRequired":true,"valueName":"search_term_string"}}],"inLanguage":"uk"},{"@type":"Organization","@id":"https:\/\/marekkuchcinski.pl\/#organization","name":"Marek Kuchci\u0144ski","url":"https:\/\/marekkuchcinski.pl\/","logo":{"@type":"ImageObject","inLanguage":"uk","@id":"https:\/\/marekkuchcinski.pl\/#\/schema\/logo\/image\/","url":"https:\/\/marekkuchcinski.pl\/wp-content\/uploads\/2022\/09\/Marek.jpg","contentUrl":"https:\/\/marekkuchcinski.pl\/wp-content\/uploads\/2022\/09\/Marek.jpg","width":1600,"height":971,"caption":"Marek Kuchci\u0144ski"},"image":{"@id":"https:\/\/marekkuchcinski.pl\/#\/schema\/logo\/image\/"}},{"@type":"Person","@id":"https:\/\/marekkuchcinski.pl\/#\/schema\/person\/6f62700996b4d950b6ea2d1183b6c6be","name":"admin","image":{"@type":"ImageObject","inLanguage":"uk","@id":"https:\/\/marekkuchcinski.pl\/#\/schema\/person\/image\/","url":"https:\/\/secure.gravatar.com\/avatar\/4bab693b9d55c3d6b52c0296a8765085?s=96&d=mm&r=g","contentUrl":"https:\/\/secure.gravatar.com\/avatar\/4bab693b9d55c3d6b52c0296a8765085?s=96&d=mm&r=g","caption":"admin"},"url":"https:\/\/marekkuchcinski.pl\/uk\/author\/marta-olejnik\/"}]}},"_links":{"self":[{"href":"https:\/\/marekkuchcinski.pl\/uk\/wp-json\/wp\/v2\/posts\/5376","targetHints":{"allow":["GET"]}}],"collection":[{"href":"https:\/\/marekkuchcinski.pl\/uk\/wp-json\/wp\/v2\/posts"}],"about":[{"href":"https:\/\/marekkuchcinski.pl\/uk\/wp-json\/wp\/v2\/types\/post"}],"author":[{"embeddable":true,"href":"https:\/\/marekkuchcinski.pl\/uk\/wp-json\/wp\/v2\/users\/6"}],"replies":[{"embeddable":true,"href":"https:\/\/marekkuchcinski.pl\/uk\/wp-json\/wp\/v2\/comments?post=5376"}],"version-history":[{"count":1,"href":"https:\/\/marekkuchcinski.pl\/uk\/wp-json\/wp\/v2\/posts\/5376\/revisions"}],"predecessor-version":[{"id":5462,"href":"https:\/\/marekkuchcinski.pl\/uk\/wp-json\/wp\/v2\/posts\/5376\/revisions\/5462"}],"wp:attachment":[{"href":"https:\/\/marekkuchcinski.pl\/uk\/wp-json\/wp\/v2\/media?parent=5376"}],"wp:term":[{"taxonomy":"category","embeddable":true,"href":"https:\/\/marekkuchcinski.pl\/uk\/wp-json\/wp\/v2\/categories?post=5376"},{"taxonomy":"post_tag","embeddable":true,"href":"https:\/\/marekkuchcinski.pl\/uk\/wp-json\/wp\/v2\/tags?post=5376"}],"curies":[{"name":"wp","href":"https:\/\/api.w.org\/{rel}","templated":true}]}}