{"id":5025,"date":"2017-01-17T14:07:09","date_gmt":"2017-01-17T13:07:09","guid":{"rendered":"https:\/\/marekkuchcinski.pl\/?p=5025"},"modified":"2017-01-17T14:07:09","modified_gmt":"2017-01-17T13:07:09","slug":"153-rocznica-bitwy-ilza","status":"publish","type":"post","link":"https:\/\/marekkuchcinski.pl\/uk\/wazne-daty\/153-rocznica-bitwy-ilza\/","title":{"rendered":"153-\u0442\u044f \u0440\u0456\u0447\u043d\u0438\u0446\u044f \u0431\u0438\u0442\u0432\u0438 \u043f\u0456\u0434 \u0406\u043b\u0436\u0435\u044e"},"content":{"rendered":"<p>16 \u0441\u0456\u0447\u043d\u044f 1864 \u0440\u043e\u043a\u0443 \u0432\u0456\u0434\u0431\u0443\u043b\u0430\u0441\u044f \u0431\u0438\u0442\u0432\u0430 \u043f\u0456\u0434 \u0406\u043b\u0436\u0435\u044e. \u041f\u0435\u0440\u0435\u043c\u043e\u0436\u043d\u0430 \u0441\u0443\u0442\u0438\u0447\u043a\u0430 \u0437 \u0446\u0430\u0440\u0441\u044c\u043a\u043e\u044e \u0430\u0440\u043c\u0456\u0454\u044e \u0441\u0442\u0430\u043b\u0430 \u043e\u0434\u043d\u0438\u043c \u0437 \u043d\u0430\u0439\u0431\u0456\u043b\u044c\u0448 \u0432\u0440\u0430\u0436\u0430\u044e\u0447\u0438\u0445 \u0432\u0456\u0439\u0441\u044c\u043a\u043e\u0432\u0438\u0445 \u0443\u0441\u043f\u0456\u0445\u0456\u0432 \u0441\u0456\u0447\u043d\u0435\u0432\u0438\u0445 \u043f\u043e\u0432\u0441\u0442\u0430\u043d\u0446\u0456\u0432.<\/p>\n<p>\u0423\u0441\u043f\u0456\u0445 \u0443 \u0431\u0438\u0442\u0432\u0456 \u043d\u0430 \u0406\u043b\u044c\u0437\u0456 \u0441\u0442\u0430\u0432 \u043c\u043e\u0436\u043b\u0438\u0432\u0438\u043c \u0437\u0430\u0432\u0434\u044f\u043a\u0438 \u043e\u0431\u043c\u0430\u043d\u0443. \u041a\u043e\u043c\u0430\u043d\u0434\u0438\u0440 \u043f\u043e\u0432\u0441\u0442\u0430\u043d\u0441\u044c\u043a\u043e\u0433\u043e \u043f\u043e\u043b\u043a\u0443 \u043f\u0456\u0434\u043f\u043e\u043b\u043a\u043e\u0432\u043d\u0438\u043a \u041a\u0430\u0440\u043e\u043b\u044c \u041a\u0430\u043b\u0438\u0442\u0430 \u0434\u0435 \u0411\u0440\u0435\u043d\u0437\u0435\u043d\u0433\u0430\u0439\u043c \u043d\u0430 \u043f\u0441\u0435\u0432\u0434\u043e \u0420\u0435\u043c\u0431\u0430\u0439\u043b\u043e (\u043d\u0430 \u0444\u043e\u0442\u043e) \u0432\u0434\u0430\u043b\u043e \u0437\u0430\u043c\u0430\u043d\u0438\u0432 \u0440\u043e\u0441\u0456\u044f\u043d \u0443 \u043f\u0430\u0441\u0442\u043a\u0443, \u0437\u0430\u0439\u043d\u044f\u0432\u0448\u0438 \u043e\u0434\u043d\u0438\u043c \u0431\u0430\u0442\u0430\u043b\u044c\u0439\u043e\u043d\u043e\u043c \u0441\u0435\u043b\u043e \u041b\u0443\u0431\u0435\u043d\u044c\u044f, \u0430 \u0456\u043d\u0448\u0438\u0439 \u0441\u0445\u043e\u0432\u0430\u0432\u0448\u0438 \u0437\u0430 \u043f\u0430\u0433\u043e\u0440\u0431\u0430\u043c\u0438.<\/p>\n<p><em>\u0434\u0436\u0435\u0440\u0435\u043b\u043e: nowahistoria.interia.pl<\/em><\/p>\n<p>&nbsp;<\/p>\n<p>&nbsp;<\/p>","protected":false},"excerpt":{"rendered":"<p>16 stycznia 1864 r. mia\u0142a miejsce bitwa pod I\u0142\u017c\u0105. Zwyci\u0119skie starcie z wojskami carskimi by\u0142o jednym z najbardziej efektownych militarnych sukces\u00f3w powsta\u0144c\u00f3w styczniowych. Sukces w\u00a0bitwie pod I\u0142\u017c\u0105 mo\u017cliwy by\u0142 dzi\u0119ki podst\u0119powi. Dowodz\u0105cy pu\u0142kiem powsta\u0144czym podpu\u0142kownik Karol Kalita de Brenzenheim pseudonim R\u0119baj\u0142o (fot.) udanie wci\u0105gn\u0105\u0142 Rosjan w\u00a0pu\u0142apk\u0119, zajmuj\u0105c wie\u015b Lubieni\u0119 jednym batalionem, a\u00a0drugi ukrywaj\u0105c za wzg\u00f3rzami. [&hellip;]<\/p>\n","protected":false},"author":6,"featured_media":5026,"comment_status":"open","ping_status":"open","sticky":false,"template":"","format":"standard","meta":{"ngg_post_thumbnail":0,"footnotes":""},"categories":[77],"tags":[],"class_list":["post-5025","post","type-post","status-publish","format-standard","has-post-thumbnail","hentry","category-wazne-daty"],"_links":{"self":[{"href":"https:\/\/marekkuchcinski.pl\/uk\/wp-json\/wp\/v2\/posts\/5025","targetHints":{"allow":["GET"]}}],"collection":[{"href":"https:\/\/marekkuchcinski.pl\/uk\/wp-json\/wp\/v2\/posts"}],"about":[{"href":"https:\/\/marekkuchcinski.pl\/uk\/wp-json\/wp\/v2\/types\/post"}],"author":[{"embeddable":true,"href":"https:\/\/marekkuchcinski.pl\/uk\/wp-json\/wp\/v2\/users\/6"}],"replies":[{"embeddable":true,"href":"https:\/\/marekkuchcinski.pl\/uk\/wp-json\/wp\/v2\/comments?post=5025"}],"version-history":[{"count":1,"href":"https:\/\/marekkuchcinski.pl\/uk\/wp-json\/wp\/v2\/posts\/5025\/revisions"}],"predecessor-version":[{"id":5027,"href":"https:\/\/marekkuchcinski.pl\/uk\/wp-json\/wp\/v2\/posts\/5025\/revisions\/5027"}],"wp:featuredmedia":[{"embeddable":true,"href":"https:\/\/marekkuchcinski.pl\/uk\/wp-json\/wp\/v2\/media\/5026"}],"wp:attachment":[{"href":"https:\/\/marekkuchcinski.pl\/uk\/wp-json\/wp\/v2\/media?parent=5025"}],"wp:term":[{"taxonomy":"category","embeddable":true,"href":"https:\/\/marekkuchcinski.pl\/uk\/wp-json\/wp\/v2\/categories?post=5025"},{"taxonomy":"post_tag","embeddable":true,"href":"https:\/\/marekkuchcinski.pl\/uk\/wp-json\/wp\/v2\/tags?post=5025"}],"curies":[{"name":"wp","href":"https:\/\/api.w.org\/{rel}","templated":true}]}}