{"id":5020,"date":"2017-01-17T13:38:50","date_gmt":"2017-01-17T12:38:50","guid":{"rendered":"https:\/\/marekkuchcinski.pl\/?p=5020"},"modified":"2017-01-17T13:38:50","modified_gmt":"2017-01-17T12:38:50","slug":"jaroslaw-kaczynski-o-marszalku-sejmu-zmiana-wchodzi-ogole-gre","status":"publish","type":"post","link":"https:\/\/marekkuchcinski.pl\/uk\/wydarzenia\/jaroslaw-kaczynski-o-marszalku-sejmu-zmiana-wchodzi-ogole-gre\/","title":{"rendered":"\u042f\u0440\u043e\u0441\u043b\u0430\u0432 \u041a\u0430\u0447\u0438\u043d\u0441\u044c\u043a\u0438\u0439 \u043f\u0440\u043e \u0441\u043f\u0456\u043a\u0435\u0440\u0430 \u0421\u0435\u0439\u043c\u0443: \u0419\u043e\u0433\u043e \u0437\u043c\u0456\u043d\u0430 \u0432\u0437\u0430\u0433\u0430\u043b\u0456 \u043d\u0435 \u0454 \u0432\u0430\u0440\u0456\u0430\u043d\u0442\u043e\u043c"},"content":{"rendered":"<p><a href=\"https:\/\/marekkuchcinski.pl\/wp-content\/uploads\/2017\/01\/Zrzut-ekranu-2017-01-17-o-13.31.13.png\"><img fetchpriority=\"high\" decoding=\"async\" class=\"alignnone size-full wp-image-5021\" src=\"https:\/\/marekkuchcinski.pl\/wp-content\/uploads\/2017\/01\/Zrzut-ekranu-2017-01-17-o-13.31.13.png\" alt=\"Zrzut ekranu 2017-01-17 o 13.31.13\" width=\"2560\" height=\"1600\" srcset=\"https:\/\/marekkuchcinski.pl\/wp-content\/uploads\/2017\/01\/Zrzut-ekranu-2017-01-17-o-13.31.13.png 2048w, https:\/\/marekkuchcinski.pl\/wp-content\/uploads\/2017\/01\/Zrzut-ekranu-2017-01-17-o-13.31.13-300x188.png 300w, https:\/\/marekkuchcinski.pl\/wp-content\/uploads\/2017\/01\/Zrzut-ekranu-2017-01-17-o-13.31.13-768x480.png 768w, https:\/\/marekkuchcinski.pl\/wp-content\/uploads\/2017\/01\/Zrzut-ekranu-2017-01-17-o-13.31.13-1024x640.png 1024w\" sizes=\"(max-width: 2560px) 100vw, 2560px\" \/><\/a><\/p>\n<p>- \u041c\u0430\u0440\u0448\u0430\u043b \u041c\u0430\u0440\u0435\u043a \u041a\u0443\u0445\u0446\u0456\u043d\u0441\u044c\u043a\u0438\u0439 \u0454 \u043d\u0430\u0441\u0442\u0456\u043b\u044c\u043a\u0438 \u0441\u043f\u043e\u043a\u0456\u0439\u043d\u043e\u044e \u0456 \u043c'\u044f\u043a\u043e\u044e \u043b\u044e\u0434\u0438\u043d\u043e\u044e, \u0449\u043e \u0437 \u043d\u0438\u043c \u0432\u0438\u043d\u0438\u043a\u0430\u0454 \u043c\u0435\u043d\u0448\u0435 \u043a\u043e\u043d\u0444\u043b\u0456\u043a\u0442\u0456\u0432, \u043a\u043e\u043b\u0438 \u0432\u0456\u043d \u0442\u0440\u0438\u043c\u0430\u0454 \u043c\u0430\u0440\u0448\u0430\u043b\u044c\u0441\u044c\u043a\u0438\u0439 \u0448\u0442\u0430\u0431, \u0441\u043a\u0430\u0437\u0430\u0432 \u043f\u0440\u0435\u0437\u0438\u0434\u0435\u043d\u0442 \u041f\u0456\u0421 \u0432 \u0456\u043d\u0442\u0435\u0440\u0432'\u044e \u043d\u0430 \u0440\u0430\u0434\u0456\u043e \u0429\u0435\u0446\u0456\u043d. - \u041c\u0430\u0440\u0448\u0430\u043b \u043d\u0435 \u0437\u0440\u043e\u0431\u0438\u0432 \u043d\u0456\u0447\u043e\u0433\u043e \u043f\u043e\u0433\u0430\u043d\u043e\u0433\u043e, \u0439\u043e\u0433\u043e \u0437\u043c\u0456\u043d\u0430 - \u0446\u0435 \u0432\u0437\u0430\u0433\u0430\u043b\u0456 \u043d\u0435 \u0432\u0430\u0440\u0456\u0430\u043d\u0442.<\/p>\n<p>http:\/\/radioszczecin.pl\/6,348296,zmiana-marszalka-w-ogole-nie-wchodzi-w-gre&#038;s=1&#038;si=1&#038;sp=1?<\/p>\n<p>&nbsp;<\/p>","protected":false},"excerpt":{"rendered":"<p>\u2013 Marsza\u0142ek Marek Kuchci\u0144ski jest cz\u0142owiekiem tak spokojnym i \u0142agodnym, \u017ce przy dzier\u017ceniu przez niego laski marsza\u0142kowskiej konflikt\u00f3w jest mniej \u2013 powiedzia\u0142 Prezes PiS podczas wywiadu w radiu Szczecin. \u2013 Marsza\u0142ek nic z\u0142ego nie zrobi\u0142, jego zmiana nie wchodzi w og\u00f3le w gr\u0119. http:\/\/radioszczecin.pl\/6,348296,zmiana-marszalka-w-ogole-nie-wchodzi-w-gre&#038;s=1&#038;si=1&#038;sp=1? &nbsp;<\/p>","protected":false},"author":6,"featured_media":0,"comment_status":"open","ping_status":"open","sticky":false,"template":"","format":"standard","meta":{"ngg_post_thumbnail":0,"footnotes":""},"categories":[82,81,3],"tags":[],"class_list":["post-5020","post","type-post","status-publish","format-standard","hentry","category-prawo-i-sprawiedliwosc","category-wiesci-z-sejmu","category-wydarzenia"],"_links":{"self":[{"href":"https:\/\/marekkuchcinski.pl\/uk\/wp-json\/wp\/v2\/posts\/5020","targetHints":{"allow":["GET"]}}],"collection":[{"href":"https:\/\/marekkuchcinski.pl\/uk\/wp-json\/wp\/v2\/posts"}],"about":[{"href":"https:\/\/marekkuchcinski.pl\/uk\/wp-json\/wp\/v2\/types\/post"}],"author":[{"embeddable":true,"href":"https:\/\/marekkuchcinski.pl\/uk\/wp-json\/wp\/v2\/users\/6"}],"replies":[{"embeddable":true,"href":"https:\/\/marekkuchcinski.pl\/uk\/wp-json\/wp\/v2\/comments?post=5020"}],"version-history":[{"count":1,"href":"https:\/\/marekkuchcinski.pl\/uk\/wp-json\/wp\/v2\/posts\/5020\/revisions"}],"predecessor-version":[{"id":5022,"href":"https:\/\/marekkuchcinski.pl\/uk\/wp-json\/wp\/v2\/posts\/5020\/revisions\/5022"}],"wp:attachment":[{"href":"https:\/\/marekkuchcinski.pl\/uk\/wp-json\/wp\/v2\/media?parent=5020"}],"wp:term":[{"taxonomy":"category","embeddable":true,"href":"https:\/\/marekkuchcinski.pl\/uk\/wp-json\/wp\/v2\/categories?post=5020"},{"taxonomy":"post_tag","embeddable":true,"href":"https:\/\/marekkuchcinski.pl\/uk\/wp-json\/wp\/v2\/tags?post=5020"}],"curies":[{"name":"wp","href":"https:\/\/api.w.org\/{rel}","templated":true}]}}