{"id":29456,"date":"2023-10-06T18:48:15","date_gmt":"2023-10-06T16:48:15","guid":{"rendered":"https:\/\/marekkuchcinski.pl\/?p=29456"},"modified":"2023-10-07T16:44:47","modified_gmt":"2023-10-07T14:44:47","slug":"rzadowy-program-rozwoju-obszaru-karpat-wschodnich-i-roztocza-na-lata-2023-2030","status":"publish","type":"post","link":"https:\/\/marekkuchcinski.pl\/uk\/wydarzenia\/rzadowy-program-rozwoju-obszaru-karpat-wschodnich-i-roztocza-na-lata-2023-2030\/","title":{"rendered":"Rz\u0105dowy Program Rozwoju Obszaru Karpat Wschodnich i Roztocza na lata 2023 -2030"},"content":{"rendered":"<figure class=\"wp-block-image size-large\"><a href=\"https:\/\/marekkuchcinski.pl\/wp-content\/uploads\/2023\/10\/IMG-20231006-WA0000.jpeg\"><img fetchpriority=\"high\" decoding=\"async\" width=\"1024\" height=\"892\" src=\"https:\/\/marekkuchcinski.pl\/wp-content\/uploads\/2023\/10\/IMG-20231006-WA0000-1024x892.jpeg\" alt=\"\" class=\"wp-image-29457\" srcset=\"https:\/\/marekkuchcinski.pl\/wp-content\/uploads\/2023\/10\/IMG-20231006-WA0000-1024x892.jpeg 1024w, https:\/\/marekkuchcinski.pl\/wp-content\/uploads\/2023\/10\/IMG-20231006-WA0000-300x261.jpeg 300w, https:\/\/marekkuchcinski.pl\/wp-content\/uploads\/2023\/10\/IMG-20231006-WA0000-768x669.jpeg 768w, https:\/\/marekkuchcinski.pl\/wp-content\/uploads\/2023\/10\/IMG-20231006-WA0000-1536x1338.jpeg 1536w, https:\/\/marekkuchcinski.pl\/wp-content\/uploads\/2023\/10\/IMG-20231006-WA0000-14x12.jpeg 14w, https:\/\/marekkuchcinski.pl\/wp-content\/uploads\/2023\/10\/IMG-20231006-WA0000.jpeg 1600w\" sizes=\"(max-width: 1024px) 100vw, 1024px\" \/><\/a><\/figure>\n\n\n\n<p>Rz\u0105d Prawa i Sprawiedliwo\u015bci stawia na zr\u00f3wnowa\u017cony rozw\u00f3j ca\u0142ego kraju. Nie dzielimy region\u00f3w na Polsk\u0119 A i B. Konsekwentnie stoimy na stanowisku, \u017ce ka\u017cdy obywatel ma prawo do dobrego dost\u0119pu do pracy i szko\u0142y, a jego miejsce zamieszkania powinno wzmacnia\u0107 si\u0119 gospodarczo.<\/p>\n\n\n\n<p>Poprawiamy komfort \u017cycia wszystkich mieszka\u0144c\u00f3w. Zasypujemy przy tym r\u00f3\u017cnice rozwojowe powsta\u0142e za czas\u00f3w naszych poprzednik\u00f3w. Temu b\u0119dzie s\u0142u\u017cy\u0107 Rz\u0105dowy Program Rozwoju Obszaru Karpat Wschodnich i Roztocza na lata 2023 -2030. Na realizacj\u0119 Programu przeznaczymy kwot\u0119 500 mln z\u0142 w latach 2024-2030.<br>Program obejmuje swoim zasi\u0119giem pas w wi\u0119kszo\u015bci przygranicznych powiat\u00f3w wojew\u00f3dztwa podkarpackiego i lubelskiego. Rozpoczyna si\u0119 od granicy z&nbsp;wojew\u00f3dztwem ma\u0142opolskim, poprzez Bieszczady, wraz z biegiem Sanu w kierunku granicy z Ukrain\u0105 i nast\u0119pnie na p\u00f3\u0142noc w kierunku Przemy\u015bla, a ko\u0144cz\u0105cy si\u0119 na Roztoczu Wschodnim<br>w wojew\u00f3dztwie lubelskim.<br>W jego sk\u0142ad wchodzi \u0142\u0105cznie 17 powiat\u00f3w, w tym 3 miasta na prawach powiatu (Krosno, Przemy\u015bl, Zamo\u015b\u0107). Na potrzeby Programu ca\u0142y obszar nim obj\u0119ty okre\u015blany jest jako<br>\u201eKarpaty Wschodnie i Roztocze\u201d. To w\u0142a\u015bnie ta cz\u0119\u015b\u0107 Polski jest jeszcze silniej nara\u017cona ni\u017c reszta kraju i pa\u0144stw Unii<br>Europejskiej na negatywne skutki rosyjskiej agresji na Ukrain\u0119. Dlatego musimy podj\u0105\u0107 dzia\u0142ania prorozwojowe wynikaj\u0105ce z&nbsp;potencja\u0142u region\u00f3w, uwzgl\u0119dniaj\u0105c nieuniknion\u0105<br>obecnie transformacj\u0119 energetyczn\u0105 w kierunku neutralno\u015bci klimatycznej.<br>G\u0142\u00f3wny cel programu to poprawa jako\u015bci \u017cycia mieszka\u0144c\u00f3w obszaru Wschodnich Karpat i Roztocza. Chcemy to zrobi\u0107 poprzez stworzenie trwa\u0142ych podstaw umo\u017cliwiaj\u0105cych przyspieszenie rozwoju spo\u0142eczno-gospodarczego z poszanowaniem \u015brodowiska naturalnego i klimatu.<br>Zak\u0142adamy wprowadzenie nast\u0119puj\u0105cych dzia\u0142a\u0144<\/p>\n\n\n\n<h4 class=\"wp-block-heading\">Dzia\u0142anie 1. Poprawa transportowej infrastruktury dost\u0119powej oraz tras i obiekt\u00f3w aktywnego wypoczynku na obszarze Karpat Wschodnich i Roztocza.<\/h4>\n\n\n\n<p>Budowa infrastruktury poza pozytywnym wp\u0142ywem na budowanie postaw prozdrowotnych mieszka\u0144c\u00f3w b\u0119dzie zach\u0119ca\u0107 r\u00f3wnie\u017c zwolennik\u00f3w aktywnego wypoczynku z&nbsp;innych cz\u0119\u015bci kraju i z zagranicy.<\/p>\n\n\n\n<h4 class=\"wp-block-heading\">Dzia\u0142anie 2. Zielona i niebieska infrastruktura dla ochrony \u015brodowiska naturalnego.<\/h4>\n\n\n\n<p>W ramach dzia\u0142ania wspierane b\u0119d\u0105 dzia\u0142ania dotycz\u0105ce projektowania, budowy i modernizacji instalacji wodno-kanalizacyjnych na rzecz ochrony walor\u00f3w \u015brodowiskowych i krajobrazowych obszaru wskazanego w Programie.<\/p>\n\n\n\n<h4 class=\"wp-block-heading\">Dzia\u0142anie 3. Inwestycje w efektywno\u015b\u0107 energetyczn\u0105.<\/h4>\n\n\n\n<p>W ramach dzia\u0142ania wspierane b\u0119d\u0105 inwestycje s\u0142u\u017c\u0105ce ograniczeniu zu\u017cycia i strat ciep\u0142a w sektorze budynk\u00f3w publicznych.<\/p>\n\n\n\n<h4 class=\"wp-block-heading\">Dzia\u0142anie 4. Stworzenie warunk\u00f3w do rozwoju zr\u00f3wnowa\u017conej turystyki w oparciu o potencja\u0142 Karpat Wschodnich i Roztocza.<\/h4>\n\n\n\n<p>B\u0119dziemy promowa\u0107 rozw\u00f3j turystyki na terenie samorz\u0105d\u00f3w. Z&nbsp;pozyskanych \u015brodk\u00f3w samorz\u0105dy b\u0119d\u0105 mog\u0142y dofinansowywa\u0107 wybrane w\u0142asne zadania inwestycyjne dot. turystyki.<\/p>\n\n\n\n<h4 class=\"wp-block-heading\">Dzia\u0142anie 5. Wsp\u00f3\u0142praca przygraniczna i promocja relacji dobros\u0105siedzkich.<\/h4>\n\n\n\n<p>W ramach dzia\u0142ania udzielone zostanie wsparcie na zadania maj\u0105ce na celu budow\u0119 relacji dobros\u0105siedzkich, a tak\u017ce wsp\u00f3\u0142prac\u0119 z miastami i gminami partnerskimi w krajach s\u0105siaduj\u0105cych.<\/p>\n\n\n\n<p>\u25cf Dzia\u0142ania zaplanowane s\u0105 tak, aby opiera\u0107 si\u0119 na naturalnym potencjale obszaru obj\u0119tego programem.<br>\u25cf Wzmocnienie istniej\u0105cego potencja\u0142u poprzez dzia\u0142ania infrastrukturalne spowoduje zach\u0119ty<br>do inwestycji w kompetencje zawodowe mieszka\u0144c\u00f3w. Pozwoli tak\u017ce otworzy\u0107 lokaln\u0105 edukacj\u0119 na nowe kierunki specjalizacji.<br>\u25cf Dzia\u0142ania te prowadzone b\u0119d\u0105 w \u015bcis\u0142ej wsp\u00f3\u0142pracy w\u0142adz lokalnych, samorz\u0105du wojew\u00f3dztw oraz administracji rz\u0105dowej.<\/p>\n\n\n\n<p><iframe width=\"100%\" height=\"600\" src=\"https:\/\/www.docdroid.net\/XHnLpbE\/ulotka-pdf\" frameborder=\"0\" allowtransparency=\"\" allowfullscreen=\"\"><\/iframe><\/p>","protected":false},"excerpt":{"rendered":"<p>Rz\u0105d Prawa i Sprawiedliwo\u015bci stawia na zr\u00f3wnowa\u017cony rozw\u00f3j ca\u0142ego kraju. Nie dzielimy region\u00f3w na Polsk\u0119 A i B. Konsekwentnie stoimy na stanowisku, \u017ce ka\u017cdy obywatel ma prawo do dobrego dost\u0119pu do pracy i szko\u0142y, a jego miejsce zamieszkania powinno wzmacnia\u0107 si\u0119 gospodarczo. Poprawiamy komfort \u017cycia wszystkich mieszka\u0144c\u00f3w. Zasypujemy przy tym r\u00f3\u017cnice rozwojowe powsta\u0142e za czas\u00f3w [&hellip;]<\/p>","protected":false},"author":21,"featured_media":29457,"comment_status":"closed","ping_status":"open","sticky":false,"template":"","format":"standard","meta":{"ngg_post_thumbnail":0,"footnotes":""},"categories":[3],"tags":[],"class_list":["post-29456","post","type-post","status-publish","format-standard","has-post-thumbnail","hentry","category-wydarzenia"],"yoast_head":"<!-- This site is optimized with the Yoast SEO plugin v24.7 - https:\/\/yoast.com\/wordpress\/plugins\/seo\/ -->\n<title>Rz\u0105dowy Program Rozwoju Obszaru Karpat Wschodnich i Roztocza na lata 2023 -2030 &#8211; Marek Kuchci\u0144ski<\/title>\n<meta name=\"robots\" content=\"index, follow, max-snippet:-1, max-image-preview:large, max-video-preview:-1\" \/>\n<link rel=\"canonical\" href=\"https:\/\/marekkuchcinski.pl\/uk\/wydarzenia\/rzadowy-program-rozwoju-obszaru-karpat-wschodnich-i-roztocza-na-lata-2023-2030\/\" \/>\n<meta property=\"og:locale\" content=\"uk_UA\" \/>\n<meta property=\"og:type\" content=\"article\" \/>\n<meta property=\"og:title\" content=\"Rz\u0105dowy Program Rozwoju Obszaru Karpat Wschodnich i Roztocza na lata 2023 -2030 &#8211; Marek Kuchci\u0144ski\" \/>\n<meta property=\"og:description\" content=\"Rz\u0105d Prawa i Sprawiedliwo\u015bci stawia na zr\u00f3wnowa\u017cony rozw\u00f3j ca\u0142ego kraju. Nie dzielimy region\u00f3w na Polsk\u0119 A i B. Konsekwentnie stoimy na stanowisku, \u017ce ka\u017cdy obywatel ma prawo do dobrego dost\u0119pu do pracy i szko\u0142y, a jego miejsce zamieszkania powinno wzmacnia\u0107 si\u0119 gospodarczo. Poprawiamy komfort \u017cycia wszystkich mieszka\u0144c\u00f3w. Zasypujemy przy tym r\u00f3\u017cnice rozwojowe powsta\u0142e za czas\u00f3w [&hellip;]\" \/>\n<meta property=\"og:url\" content=\"https:\/\/marekkuchcinski.pl\/uk\/wydarzenia\/rzadowy-program-rozwoju-obszaru-karpat-wschodnich-i-roztocza-na-lata-2023-2030\/\" \/>\n<meta property=\"og:site_name\" content=\"Marek Kuchci\u0144ski\" \/>\n<meta property=\"article:published_time\" content=\"2023-10-06T16:48:15+00:00\" \/>\n<meta property=\"article:modified_time\" content=\"2023-10-07T14:44:47+00:00\" \/>\n<meta property=\"og:image\" content=\"https:\/\/marekkuchcinski.pl\/wp-content\/uploads\/2023\/10\/IMG-20231006-WA0000.jpeg\" \/>\n\t<meta property=\"og:image:width\" content=\"1600\" \/>\n\t<meta property=\"og:image:height\" content=\"1394\" \/>\n\t<meta property=\"og:image:type\" content=\"image\/jpeg\" \/>\n<meta name=\"author\" content=\"Marta Olejnik\" \/>\n<meta name=\"twitter:card\" content=\"summary_large_image\" \/>\n<meta name=\"twitter:label1\" content=\"\u041d\u0430\u043f\u0438\u0441\u0430\u043d\u043e\" \/>\n\t<meta name=\"twitter:data1\" content=\"Marta Olejnik\" \/>\n<script type=\"application\/ld+json\" class=\"yoast-schema-graph\">{\"@context\":\"https:\/\/schema.org\",\"@graph\":[{\"@type\":\"Article\",\"@id\":\"https:\/\/marekkuchcinski.pl\/wydarzenia\/rzadowy-program-rozwoju-obszaru-karpat-wschodnich-i-roztocza-na-lata-2023-2030\/#article\",\"isPartOf\":{\"@id\":\"https:\/\/marekkuchcinski.pl\/wydarzenia\/rzadowy-program-rozwoju-obszaru-karpat-wschodnich-i-roztocza-na-lata-2023-2030\/\"},\"author\":{\"name\":\"Marta Olejnik\",\"@id\":\"https:\/\/marekkuchcinski.pl\/#\/schema\/person\/51d5d4ee3b5317b8e4dd2b48af359229\"},\"headline\":\"Rz\u0105dowy Program Rozwoju Obszaru Karpat Wschodnich i Roztocza na lata 2023 -2030\",\"datePublished\":\"2023-10-06T16:48:15+00:00\",\"dateModified\":\"2023-10-07T14:44:47+00:00\",\"mainEntityOfPage\":{\"@id\":\"https:\/\/marekkuchcinski.pl\/wydarzenia\/rzadowy-program-rozwoju-obszaru-karpat-wschodnich-i-roztocza-na-lata-2023-2030\/\"},\"wordCount\":583,\"publisher\":{\"@id\":\"https:\/\/marekkuchcinski.pl\/#organization\"},\"image\":{\"@id\":\"https:\/\/marekkuchcinski.pl\/wydarzenia\/rzadowy-program-rozwoju-obszaru-karpat-wschodnich-i-roztocza-na-lata-2023-2030\/#primaryimage\"},\"thumbnailUrl\":\"https:\/\/marekkuchcinski.pl\/wp-content\/uploads\/2023\/10\/IMG-20231006-WA0000.jpeg\",\"articleSection\":[\"Wydarzenia\"],\"inLanguage\":\"uk\"},{\"@type\":\"WebPage\",\"@id\":\"https:\/\/marekkuchcinski.pl\/wydarzenia\/rzadowy-program-rozwoju-obszaru-karpat-wschodnich-i-roztocza-na-lata-2023-2030\/\",\"url\":\"https:\/\/marekkuchcinski.pl\/wydarzenia\/rzadowy-program-rozwoju-obszaru-karpat-wschodnich-i-roztocza-na-lata-2023-2030\/\",\"name\":\"Rz\u0105dowy Program Rozwoju Obszaru Karpat Wschodnich i Roztocza na lata 2023 -2030 &#8211; Marek Kuchci\u0144ski\",\"isPartOf\":{\"@id\":\"https:\/\/marekkuchcinski.pl\/#website\"},\"primaryImageOfPage\":{\"@id\":\"https:\/\/marekkuchcinski.pl\/wydarzenia\/rzadowy-program-rozwoju-obszaru-karpat-wschodnich-i-roztocza-na-lata-2023-2030\/#primaryimage\"},\"image\":{\"@id\":\"https:\/\/marekkuchcinski.pl\/wydarzenia\/rzadowy-program-rozwoju-obszaru-karpat-wschodnich-i-roztocza-na-lata-2023-2030\/#primaryimage\"},\"thumbnailUrl\":\"https:\/\/marekkuchcinski.pl\/wp-content\/uploads\/2023\/10\/IMG-20231006-WA0000.jpeg\",\"datePublished\":\"2023-10-06T16:48:15+00:00\",\"dateModified\":\"2023-10-07T14:44:47+00:00\",\"breadcrumb\":{\"@id\":\"https:\/\/marekkuchcinski.pl\/wydarzenia\/rzadowy-program-rozwoju-obszaru-karpat-wschodnich-i-roztocza-na-lata-2023-2030\/#breadcrumb\"},\"inLanguage\":\"uk\",\"potentialAction\":[{\"@type\":\"ReadAction\",\"target\":[\"https:\/\/marekkuchcinski.pl\/wydarzenia\/rzadowy-program-rozwoju-obszaru-karpat-wschodnich-i-roztocza-na-lata-2023-2030\/\"]}]},{\"@type\":\"ImageObject\",\"inLanguage\":\"uk\",\"@id\":\"https:\/\/marekkuchcinski.pl\/wydarzenia\/rzadowy-program-rozwoju-obszaru-karpat-wschodnich-i-roztocza-na-lata-2023-2030\/#primaryimage\",\"url\":\"https:\/\/marekkuchcinski.pl\/wp-content\/uploads\/2023\/10\/IMG-20231006-WA0000.jpeg\",\"contentUrl\":\"https:\/\/marekkuchcinski.pl\/wp-content\/uploads\/2023\/10\/IMG-20231006-WA0000.jpeg\",\"width\":1600,\"height\":1394},{\"@type\":\"BreadcrumbList\",\"@id\":\"https:\/\/marekkuchcinski.pl\/wydarzenia\/rzadowy-program-rozwoju-obszaru-karpat-wschodnich-i-roztocza-na-lata-2023-2030\/#breadcrumb\",\"itemListElement\":[{\"@type\":\"ListItem\",\"position\":1,\"name\":\"Strona g\u0142\u00f3wna\",\"item\":\"https:\/\/marekkuchcinski.pl\/\"},{\"@type\":\"ListItem\",\"position\":2,\"name\":\"Rz\u0105dowy Program Rozwoju Obszaru Karpat Wschodnich i Roztocza na lata 2023 -2030\"}]},{\"@type\":\"WebSite\",\"@id\":\"https:\/\/marekkuchcinski.pl\/#website\",\"url\":\"https:\/\/marekkuchcinski.pl\/\",\"name\":\"Marek Kuchci\u0144ski\",\"description\":\"Pose\u0142 na sejm RP &ndash; okr\u0119g nr 22\",\"publisher\":{\"@id\":\"https:\/\/marekkuchcinski.pl\/#organization\"},\"potentialAction\":[{\"@type\":\"SearchAction\",\"target\":{\"@type\":\"EntryPoint\",\"urlTemplate\":\"https:\/\/marekkuchcinski.pl\/?s={search_term_string}\"},\"query-input\":{\"@type\":\"PropertyValueSpecification\",\"valueRequired\":true,\"valueName\":\"search_term_string\"}}],\"inLanguage\":\"uk\"},{\"@type\":\"Organization\",\"@id\":\"https:\/\/marekkuchcinski.pl\/#organization\",\"name\":\"Marek Kuchci\u0144ski\",\"url\":\"https:\/\/marekkuchcinski.pl\/\",\"logo\":{\"@type\":\"ImageObject\",\"inLanguage\":\"uk\",\"@id\":\"https:\/\/marekkuchcinski.pl\/#\/schema\/logo\/image\/\",\"url\":\"https:\/\/marekkuchcinski.pl\/wp-content\/uploads\/2022\/09\/Marek.jpg\",\"contentUrl\":\"https:\/\/marekkuchcinski.pl\/wp-content\/uploads\/2022\/09\/Marek.jpg\",\"width\":1600,\"height\":971,\"caption\":\"Marek Kuchci\u0144ski\"},\"image\":{\"@id\":\"https:\/\/marekkuchcinski.pl\/#\/schema\/logo\/image\/\"}},{\"@type\":\"Person\",\"@id\":\"https:\/\/marekkuchcinski.pl\/#\/schema\/person\/51d5d4ee3b5317b8e4dd2b48af359229\",\"name\":\"Marta Olejnik\",\"image\":{\"@type\":\"ImageObject\",\"inLanguage\":\"uk\",\"@id\":\"https:\/\/marekkuchcinski.pl\/#\/schema\/person\/image\/\",\"url\":\"https:\/\/secure.gravatar.com\/avatar\/e39914b2aa6a48959e24d475b5dc9793?s=96&d=mm&r=g\",\"contentUrl\":\"https:\/\/secure.gravatar.com\/avatar\/e39914b2aa6a48959e24d475b5dc9793?s=96&d=mm&r=g\",\"caption\":\"Marta Olejnik\"},\"url\":\"https:\/\/marekkuchcinski.pl\/uk\/author\/marta\/\"}]}<\/script>\n<!-- \/ Yoast SEO plugin. -->","yoast_head_json":{"title":"Rz\u0105dowy Program Rozwoju Obszaru Karpat Wschodnich i Roztocza na lata 2023 -2030 &#8211; Marek Kuchci\u0144ski","robots":{"index":"index","follow":"follow","max-snippet":"max-snippet:-1","max-image-preview":"max-image-preview:large","max-video-preview":"max-video-preview:-1"},"canonical":"https:\/\/marekkuchcinski.pl\/uk\/wydarzenia\/rzadowy-program-rozwoju-obszaru-karpat-wschodnich-i-roztocza-na-lata-2023-2030\/","og_locale":"uk_UA","og_type":"article","og_title":"Rz\u0105dowy Program Rozwoju Obszaru Karpat Wschodnich i Roztocza na lata 2023 -2030 &#8211; Marek Kuchci\u0144ski","og_description":"Rz\u0105d Prawa i Sprawiedliwo\u015bci stawia na zr\u00f3wnowa\u017cony rozw\u00f3j ca\u0142ego kraju. Nie dzielimy region\u00f3w na Polsk\u0119 A i B. Konsekwentnie stoimy na stanowisku, \u017ce ka\u017cdy obywatel ma prawo do dobrego dost\u0119pu do pracy i szko\u0142y, a jego miejsce zamieszkania powinno wzmacnia\u0107 si\u0119 gospodarczo. Poprawiamy komfort \u017cycia wszystkich mieszka\u0144c\u00f3w. Zasypujemy przy tym r\u00f3\u017cnice rozwojowe powsta\u0142e za czas\u00f3w [&hellip;]","og_url":"https:\/\/marekkuchcinski.pl\/uk\/wydarzenia\/rzadowy-program-rozwoju-obszaru-karpat-wschodnich-i-roztocza-na-lata-2023-2030\/","og_site_name":"Marek Kuchci\u0144ski","article_published_time":"2023-10-06T16:48:15+00:00","article_modified_time":"2023-10-07T14:44:47+00:00","og_image":[{"width":1600,"height":1394,"url":"https:\/\/marekkuchcinski.pl\/wp-content\/uploads\/2023\/10\/IMG-20231006-WA0000.jpeg","type":"image\/jpeg"}],"author":"Marta Olejnik","twitter_card":"summary_large_image","twitter_misc":{"\u041d\u0430\u043f\u0438\u0441\u0430\u043d\u043e":"Marta Olejnik"},"schema":{"@context":"https:\/\/schema.org","@graph":[{"@type":"Article","@id":"https:\/\/marekkuchcinski.pl\/wydarzenia\/rzadowy-program-rozwoju-obszaru-karpat-wschodnich-i-roztocza-na-lata-2023-2030\/#article","isPartOf":{"@id":"https:\/\/marekkuchcinski.pl\/wydarzenia\/rzadowy-program-rozwoju-obszaru-karpat-wschodnich-i-roztocza-na-lata-2023-2030\/"},"author":{"name":"Marta Olejnik","@id":"https:\/\/marekkuchcinski.pl\/#\/schema\/person\/51d5d4ee3b5317b8e4dd2b48af359229"},"headline":"Rz\u0105dowy Program Rozwoju Obszaru Karpat Wschodnich i Roztocza na lata 2023 -2030","datePublished":"2023-10-06T16:48:15+00:00","dateModified":"2023-10-07T14:44:47+00:00","mainEntityOfPage":{"@id":"https:\/\/marekkuchcinski.pl\/wydarzenia\/rzadowy-program-rozwoju-obszaru-karpat-wschodnich-i-roztocza-na-lata-2023-2030\/"},"wordCount":583,"publisher":{"@id":"https:\/\/marekkuchcinski.pl\/#organization"},"image":{"@id":"https:\/\/marekkuchcinski.pl\/wydarzenia\/rzadowy-program-rozwoju-obszaru-karpat-wschodnich-i-roztocza-na-lata-2023-2030\/#primaryimage"},"thumbnailUrl":"https:\/\/marekkuchcinski.pl\/wp-content\/uploads\/2023\/10\/IMG-20231006-WA0000.jpeg","articleSection":["Wydarzenia"],"inLanguage":"uk"},{"@type":"WebPage","@id":"https:\/\/marekkuchcinski.pl\/wydarzenia\/rzadowy-program-rozwoju-obszaru-karpat-wschodnich-i-roztocza-na-lata-2023-2030\/","url":"https:\/\/marekkuchcinski.pl\/wydarzenia\/rzadowy-program-rozwoju-obszaru-karpat-wschodnich-i-roztocza-na-lata-2023-2030\/","name":"Rz\u0105dowy Program Rozwoju Obszaru Karpat Wschodnich i Roztocza na lata 2023 -2030 &#8211; Marek Kuchci\u0144ski","isPartOf":{"@id":"https:\/\/marekkuchcinski.pl\/#website"},"primaryImageOfPage":{"@id":"https:\/\/marekkuchcinski.pl\/wydarzenia\/rzadowy-program-rozwoju-obszaru-karpat-wschodnich-i-roztocza-na-lata-2023-2030\/#primaryimage"},"image":{"@id":"https:\/\/marekkuchcinski.pl\/wydarzenia\/rzadowy-program-rozwoju-obszaru-karpat-wschodnich-i-roztocza-na-lata-2023-2030\/#primaryimage"},"thumbnailUrl":"https:\/\/marekkuchcinski.pl\/wp-content\/uploads\/2023\/10\/IMG-20231006-WA0000.jpeg","datePublished":"2023-10-06T16:48:15+00:00","dateModified":"2023-10-07T14:44:47+00:00","breadcrumb":{"@id":"https:\/\/marekkuchcinski.pl\/wydarzenia\/rzadowy-program-rozwoju-obszaru-karpat-wschodnich-i-roztocza-na-lata-2023-2030\/#breadcrumb"},"inLanguage":"uk","potentialAction":[{"@type":"ReadAction","target":["https:\/\/marekkuchcinski.pl\/wydarzenia\/rzadowy-program-rozwoju-obszaru-karpat-wschodnich-i-roztocza-na-lata-2023-2030\/"]}]},{"@type":"ImageObject","inLanguage":"uk","@id":"https:\/\/marekkuchcinski.pl\/wydarzenia\/rzadowy-program-rozwoju-obszaru-karpat-wschodnich-i-roztocza-na-lata-2023-2030\/#primaryimage","url":"https:\/\/marekkuchcinski.pl\/wp-content\/uploads\/2023\/10\/IMG-20231006-WA0000.jpeg","contentUrl":"https:\/\/marekkuchcinski.pl\/wp-content\/uploads\/2023\/10\/IMG-20231006-WA0000.jpeg","width":1600,"height":1394},{"@type":"BreadcrumbList","@id":"https:\/\/marekkuchcinski.pl\/wydarzenia\/rzadowy-program-rozwoju-obszaru-karpat-wschodnich-i-roztocza-na-lata-2023-2030\/#breadcrumb","itemListElement":[{"@type":"ListItem","position":1,"name":"Strona g\u0142\u00f3wna","item":"https:\/\/marekkuchcinski.pl\/"},{"@type":"ListItem","position":2,"name":"Rz\u0105dowy Program Rozwoju Obszaru Karpat Wschodnich i Roztocza na lata 2023 -2030"}]},{"@type":"WebSite","@id":"https:\/\/marekkuchcinski.pl\/#website","url":"https:\/\/marekkuchcinski.pl\/","name":"Marek Kuchci\u0144ski","description":"Pose\u0142 na sejm RP &ndash; okr\u0119g nr 22","publisher":{"@id":"https:\/\/marekkuchcinski.pl\/#organization"},"potentialAction":[{"@type":"SearchAction","target":{"@type":"EntryPoint","urlTemplate":"https:\/\/marekkuchcinski.pl\/?s={search_term_string}"},"query-input":{"@type":"PropertyValueSpecification","valueRequired":true,"valueName":"search_term_string"}}],"inLanguage":"uk"},{"@type":"Organization","@id":"https:\/\/marekkuchcinski.pl\/#organization","name":"Marek Kuchci\u0144ski","url":"https:\/\/marekkuchcinski.pl\/","logo":{"@type":"ImageObject","inLanguage":"uk","@id":"https:\/\/marekkuchcinski.pl\/#\/schema\/logo\/image\/","url":"https:\/\/marekkuchcinski.pl\/wp-content\/uploads\/2022\/09\/Marek.jpg","contentUrl":"https:\/\/marekkuchcinski.pl\/wp-content\/uploads\/2022\/09\/Marek.jpg","width":1600,"height":971,"caption":"Marek Kuchci\u0144ski"},"image":{"@id":"https:\/\/marekkuchcinski.pl\/#\/schema\/logo\/image\/"}},{"@type":"Person","@id":"https:\/\/marekkuchcinski.pl\/#\/schema\/person\/51d5d4ee3b5317b8e4dd2b48af359229","name":"Marta Olejnik","image":{"@type":"ImageObject","inLanguage":"uk","@id":"https:\/\/marekkuchcinski.pl\/#\/schema\/person\/image\/","url":"https:\/\/secure.gravatar.com\/avatar\/e39914b2aa6a48959e24d475b5dc9793?s=96&d=mm&r=g","contentUrl":"https:\/\/secure.gravatar.com\/avatar\/e39914b2aa6a48959e24d475b5dc9793?s=96&d=mm&r=g","caption":"Marta Olejnik"},"url":"https:\/\/marekkuchcinski.pl\/uk\/author\/marta\/"}]}},"_links":{"self":[{"href":"https:\/\/marekkuchcinski.pl\/uk\/wp-json\/wp\/v2\/posts\/29456","targetHints":{"allow":["GET"]}}],"collection":[{"href":"https:\/\/marekkuchcinski.pl\/uk\/wp-json\/wp\/v2\/posts"}],"about":[{"href":"https:\/\/marekkuchcinski.pl\/uk\/wp-json\/wp\/v2\/types\/post"}],"author":[{"embeddable":true,"href":"https:\/\/marekkuchcinski.pl\/uk\/wp-json\/wp\/v2\/users\/21"}],"replies":[{"embeddable":true,"href":"https:\/\/marekkuchcinski.pl\/uk\/wp-json\/wp\/v2\/comments?post=29456"}],"version-history":[{"count":5,"href":"https:\/\/marekkuchcinski.pl\/uk\/wp-json\/wp\/v2\/posts\/29456\/revisions"}],"predecessor-version":[{"id":29462,"href":"https:\/\/marekkuchcinski.pl\/uk\/wp-json\/wp\/v2\/posts\/29456\/revisions\/29462"}],"wp:featuredmedia":[{"embeddable":true,"href":"https:\/\/marekkuchcinski.pl\/uk\/wp-json\/wp\/v2\/media\/29457"}],"wp:attachment":[{"href":"https:\/\/marekkuchcinski.pl\/uk\/wp-json\/wp\/v2\/media?parent=29456"}],"wp:term":[{"taxonomy":"category","embeddable":true,"href":"https:\/\/marekkuchcinski.pl\/uk\/wp-json\/wp\/v2\/categories?post=29456"},{"taxonomy":"post_tag","embeddable":true,"href":"https:\/\/marekkuchcinski.pl\/uk\/wp-json\/wp\/v2\/tags?post=29456"}],"curies":[{"name":"wp","href":"https:\/\/api.w.org\/{rel}","templated":true}]}}