{"id":28896,"date":"2023-07-17T09:52:25","date_gmt":"2023-07-17T07:52:25","guid":{"rendered":"https:\/\/marekkuchcinski.pl\/?p=28896"},"modified":"2023-07-17T09:53:47","modified_gmt":"2023-07-17T07:53:47","slug":"zachowujemy-piekno-tradycje-i-kulture-ponad-180-mln-na-podkarpackie-zabytki","status":"publish","type":"post","link":"https:\/\/marekkuchcinski.pl\/uk\/wydarzenia\/zachowujemy-piekno-tradycje-i-kulture-ponad-180-mln-na-podkarpackie-zabytki\/","title":{"rendered":"Zachowujemy pi\u0119kno, tradycj\u0119 i kultur\u0119. Ponad 180 mln na podkarpackie zabytki"},"content":{"rendered":"<p>Dzi\u0119ki funduszom z Polskiego \u0141adu dofinansowanie dosta\u0142y szko\u0142y, ko\u015bcio\u0142y, parki, zamki. Renowacje obejm\u0105 tak\u017ce drogi dojazdowe czy chodniki. B\u0119dziemy je odnawia\u0107 i piel\u0119gnowa\u0107, tworzy\u0107 nowe miejsca nauki i spotka\u0144 \u2013 dla nas i nast\u0119pnych pokole\u0144<\/p>\n\n\n\n<p><img decoding=\"async\" height=\"16\" width=\"16\" alt=\"\u2705\" src=\"https:\/\/static.xx.fbcdn.net\/images\/emoji.php\/v9\/tba\/1.5\/16\/2705.png\"> Gmina Bircza: 1 043 <a><\/a>700,00 z\u0142<\/p>\n\n\n\n<p><img decoding=\"async\" height=\"16\" width=\"16\" alt=\"\u25aa\ufe0f\" src=\"https:\/\/static.xx.fbcdn.net\/images\/emoji.php\/v9\/td3\/1.5\/16\/25aa.png\">Prace remontowo-konserwatorskie przy zabytkowej kaplicy grobowej rodziny Pie\u015bciorowskich w Ku\u017aminie<\/p>\n\n\n\n<p><img decoding=\"async\" height=\"16\" width=\"16\" alt=\"\u25aa\ufe0f\" src=\"https:\/\/static.xx.fbcdn.net\/images\/emoji.php\/v9\/td3\/1.5\/16\/25aa.png\">Wykonanie izolacji przeciwwilgociowej w budynkach zespo\u0142u ko\u015bcielnego w Birczy, obejmuj\u0105cego ko\u015bci\u00f3\u0142 pw. \u015aw. Stanis\u0142awa Kostki oraz plebani\u0119<\/p>\n\n\n\n<p><img decoding=\"async\" height=\"16\" width=\"16\" alt=\"\u25aa\ufe0f\" src=\"https:\/\/static.xx.fbcdn.net\/images\/emoji.php\/v9\/td3\/1.5\/16\/25aa.png\">Prace remontowo-konserwatorskie przy pokryciu dachu zabytkowej cerkwi greckokatolickiej pw. \u015bw. Teodozego &#8211; obecnego ko\u015bcio\u0142a rzymskokatolickiego w Malawie<\/p>\n\n\n\n<p><img decoding=\"async\" height=\"16\" width=\"16\" alt=\"\u2705\" src=\"https:\/\/static.xx.fbcdn.net\/images\/emoji.php\/v9\/tba\/1.5\/16\/2705.png\"> Gmina Dubiecko: 798 700,00 z\u0142<\/p>\n\n\n\n<p><img decoding=\"async\" height=\"16\" width=\"16\" alt=\"\u25aa\ufe0f\" src=\"https:\/\/static.xx.fbcdn.net\/images\/emoji.php\/v9\/td3\/1.5\/16\/25aa.png\">Wykonanie prac przy drewnie i polichromii dw\u00f3ch konfesjona\u0142\u00f3w oraz wykonanie schod\u00f3w z piaskowca przy g\u0142\u00f3wnym i bocznym wej\u015bciu zabytkowego ko\u015bcio\u0142a w Bach\u00f3rcu<\/p>\n\n\n\n<p><img decoding=\"async\" height=\"16\" width=\"16\" alt=\"\u25aa\ufe0f\" src=\"https:\/\/static.xx.fbcdn.net\/images\/emoji.php\/v9\/td3\/1.5\/16\/25aa.png\">Wykonanie prac konserwatorskich przy zabytkowej dzwonnicy ko\u015bcio\u0142a w Bach\u00f3rcu<\/p>\n\n\n\n<p><img decoding=\"async\" height=\"16\" width=\"16\" alt=\"\u25aa\ufe0f\" src=\"https:\/\/static.xx.fbcdn.net\/images\/emoji.php\/v9\/td3\/1.5\/16\/25aa.png\">Wykonanie posadzki, schod\u00f3w i pod\u0142\u00f3g w cerkwi \u015bw. Dymitra w Pi\u0105tkowej<\/p>\n\n\n\n<p><img decoding=\"async\" height=\"16\" width=\"16\" alt=\"\u2705\" src=\"https:\/\/static.xx.fbcdn.net\/images\/emoji.php\/v9\/tba\/1.5\/16\/2705.png\"> Gmina Fredropol: 1 000 000 z\u0142<\/p>\n\n\n\n<p><img decoding=\"async\" height=\"16\" width=\"16\" alt=\"\u25aa\ufe0f\" src=\"https:\/\/static.xx.fbcdn.net\/images\/emoji.php\/v9\/td3\/1.5\/16\/25aa.png\">Wymiana stolarki okiennej oraz wymiana posadzki w ko\u015bciele parafialnym pw. \u015bw. Tomasza w Rybotyczach<\/p>\n\n\n\n<p><img decoding=\"async\" height=\"16\" width=\"16\" alt=\"\u25aa\ufe0f\" src=\"https:\/\/static.xx.fbcdn.net\/images\/emoji.php\/v9\/td3\/1.5\/16\/25aa.png\">Remont dzwonnicy na cmentarzu parafialnym w Kupiatyczach<\/p>\n\n\n\n<p><img decoding=\"async\" height=\"16\" width=\"16\" alt=\"\u25aa\ufe0f\" src=\"https:\/\/static.xx.fbcdn.net\/images\/emoji.php\/v9\/td3\/1.5\/16\/25aa.png\">Wykonanie chodnika wraz z ogrodzeniem oraz pracami konserwatorskimi przy elewacji ko\u015bcio\u0142a parafialnego pw. Narodzenia NMP w Kormanicach<\/p>\n\n\n\n<p><img decoding=\"async\" height=\"16\" width=\"16\" alt=\"\u25aa\ufe0f\" src=\"https:\/\/static.xx.fbcdn.net\/images\/emoji.php\/v9\/td3\/1.5\/16\/25aa.png\">Wzmocnienie fundament\u00f3w i konstrukcji budynku ko\u015bcio\u0142a filialnego pw. \u015bw. Stanis\u0142awa Biskupa i M\u0119czennika w Nowych Sadach, etap I<\/p>\n\n\n\n<p><img decoding=\"async\" height=\"16\" width=\"16\" alt=\"\u25aa\ufe0f\" src=\"https:\/\/static.xx.fbcdn.net\/images\/emoji.php\/v9\/td3\/1.5\/16\/25aa.png\">Remont, konserwacja i renowacja budynku by\u0142ego gimnazjum z przeznaczeniem na cele turystyczno-edukacyjn, etap I<\/p>\n\n\n\n<p>Krasiczyn: 450 000,00 z\u0142<\/p>\n\n\n\n<p><img decoding=\"async\" height=\"16\" width=\"16\" alt=\"\u25aa\ufe0f\" src=\"https:\/\/static.xx.fbcdn.net\/images\/emoji.php\/v9\/td3\/1.5\/16\/25aa.png\">Remont obiektu zabytkowego Szko\u0142y Podstawowej im. \u015aw. Jadwigi Kr\u00f3lowej w Krasiczynie<\/p>\n\n\n\n<p><img decoding=\"async\" height=\"16\" width=\"16\" alt=\"\u2705\" src=\"https:\/\/static.xx.fbcdn.net\/images\/emoji.php\/v9\/tba\/1.5\/16\/2705.png\"> Gmina Krzywca: 1 100 000 z\u0142<\/p>\n\n\n\n<p><img decoding=\"async\" height=\"16\" width=\"16\" alt=\"\u25aa\ufe0f\" src=\"https:\/\/static.xx.fbcdn.net\/images\/emoji.php\/v9\/td3\/1.5\/16\/25aa.png\">Prace konserwatorskie polichromii wn\u0119trza ko\u015bcio\u0142a parafialnego pw. Narodzenia NMP w Krzywczy.<\/p>\n\n\n\n<p><img decoding=\"async\" height=\"16\" width=\"16\" alt=\"\u25aa\ufe0f\" src=\"https:\/\/static.xx.fbcdn.net\/images\/emoji.php\/v9\/td3\/1.5\/16\/25aa.png\">Prace remontowo-konserwatorskie ogrodzenia w Zespole Ko\u015bcio\u0142a Parafialnego pw. \u015awi\u0119tej Tr\u00f3jcy w Babicach<\/p>\n\n\n\n<p><img decoding=\"async\" height=\"16\" width=\"16\" alt=\"\u2705\" src=\"https:\/\/static.xx.fbcdn.net\/images\/emoji.php\/v9\/tba\/1.5\/16\/2705.png\"> Medyka: 980 000,00 z\u0142<\/p>\n\n\n\n<p><img decoding=\"async\" height=\"16\" width=\"16\" alt=\"\u25aa\ufe0f\" src=\"https:\/\/static.xx.fbcdn.net\/images\/emoji.php\/v9\/td3\/1.5\/16\/25aa.png\">Rewitalizacja obmurowania w zespole dworsko-pa\u0142acowym w Medyce<\/p>\n\n\n\n<p><img decoding=\"async\" height=\"16\" width=\"16\" alt=\"\u2705\" src=\"https:\/\/static.xx.fbcdn.net\/images\/emoji.php\/v9\/tba\/1.5\/16\/2705.png\"> Gmina Or\u0142y: 639 000,00 z\u0142<\/p>\n\n\n\n<p><img decoding=\"async\" height=\"16\" width=\"16\" alt=\"\u25aa\ufe0f\" src=\"https:\/\/static.xx.fbcdn.net\/images\/emoji.php\/v9\/td3\/1.5\/16\/25aa.png\">Prace budowlano-konserwatorskie przy dachu zabytkowego ko\u015bcio\u0142a w Walawie, etap ko\u0144cowy<\/p>\n\n\n\n<p><img decoding=\"async\" height=\"16\" width=\"16\" alt=\"\u25aa\ufe0f\" src=\"https:\/\/static.xx.fbcdn.net\/images\/emoji.php\/v9\/td3\/1.5\/16\/25aa.png\">Przebudowa zabytkowego budynku dawnej plebanii w miejscowo\u015bci Walawa, etap 1<\/p>\n\n\n\n<p><img decoding=\"async\" height=\"16\" width=\"16\" alt=\"\u2705\" src=\"https:\/\/static.xx.fbcdn.net\/images\/emoji.php\/v9\/tba\/1.5\/16\/2705.png\"> Gmina Przemy\u015bl: 1 000 000 z\u0142<\/p>\n\n\n\n<p><img decoding=\"async\" height=\"16\" width=\"16\" alt=\"\u25aa\ufe0f\" src=\"https:\/\/static.xx.fbcdn.net\/images\/emoji.php\/v9\/td3\/1.5\/16\/25aa.png\">Rewitalizacja zabytkowego Parku Krajobrazowego w Zespole Dworskim \u015awie\u017cawskich w Ostrowie<\/p>\n\n\n\n<p><img decoding=\"async\" height=\"16\" width=\"16\" alt=\"\u25aa\ufe0f\" src=\"https:\/\/static.xx.fbcdn.net\/images\/emoji.php\/v9\/td3\/1.5\/16\/25aa.png\">Przebudowa drogi prowadz\u0105cej do Dworu w zabytkowym Parku Krajobrazowym w Zespole Dworskim \u015awie\u017cawskich w Ostrowie<\/p>\n\n\n\n<p><img decoding=\"async\" height=\"16\" width=\"16\" alt=\"\u2705\" src=\"https:\/\/static.xx.fbcdn.net\/images\/emoji.php\/v9\/tba\/1.5\/16\/2705.png\"> Gmina Stubno: 965 300 z\u0142<\/p>\n\n\n\n<p><img decoding=\"async\" height=\"16\" width=\"16\" alt=\"\u25aa\ufe0f\" src=\"https:\/\/static.xx.fbcdn.net\/images\/emoji.php\/v9\/td3\/1.5\/16\/25aa.png\">Prace konserwatorskie polegaj\u0105ce na rewitalizacji kopu\u0142 oraz konstrukcji sklepie\u0144, cerkwi pod wezwaniem Za\u015bni\u0119cia NMP w Kalnikowie, gmina Stubno<\/p>\n\n\n\n<p><img decoding=\"async\" height=\"16\" width=\"16\" alt=\"\u2705\" src=\"https:\/\/static.xx.fbcdn.net\/images\/emoji.php\/v9\/tba\/1.5\/16\/2705.png\"> Gmina \u017burawica: 1 115 468,68 z\u0142<\/p>\n\n\n\n<p><img decoding=\"async\" height=\"16\" width=\"16\" alt=\"\u25aa\ufe0f\" src=\"https:\/\/static.xx.fbcdn.net\/images\/emoji.php\/v9\/td3\/1.5\/16\/25aa.png\">Docieplenie budynku Ko\u015bcio\u0142a pw. Niepokalanego Pocz\u0119cia NMP w \u017burawicy<\/p>\n\n\n\n<p><img decoding=\"async\" height=\"16\" width=\"16\" alt=\"\u25aa\ufe0f\" src=\"https:\/\/static.xx.fbcdn.net\/images\/emoji.php\/v9\/td3\/1.5\/16\/25aa.png\">Wzmocnienie nadpro\u017cy wewn\u0119trznych i zewn\u0119trznych oraz renowacja tynk\u00f3w w pa\u0142acu w Ma\u0107kowicach<\/p>\n\n\n\n<p><img decoding=\"async\" height=\"16\" width=\"16\" alt=\"\u25aa\ufe0f\" src=\"https:\/\/static.xx.fbcdn.net\/images\/emoji.php\/v9\/td3\/1.5\/16\/25aa.png\">Zagospodarowanie terenu parku przy zespole Dworskim i Folwarcznym w \u017burawicy<\/p>\n\n\n\n<p><img decoding=\"async\" height=\"16\" width=\"16\" alt=\"\u2705\" src=\"https:\/\/static.xx.fbcdn.net\/images\/emoji.php\/v9\/tba\/1.5\/16\/2705.png\"> Powiat przemyski: 1 270 590,58 z\u0142<\/p>\n\n\n\n<p><img decoding=\"async\" height=\"16\" width=\"16\" alt=\"\u25aa\ufe0f\" src=\"https:\/\/static.xx.fbcdn.net\/images\/emoji.php\/v9\/td3\/1.5\/16\/25aa.png\">Konserwacja techniczna, estetyczna, remont instalacji elektrycznej i o\u015bwietleniowej pom. 103 i remont Sali Narad 62 w budynku Starostwa Powiatowego w Przemy\u015blu<\/p>\n\n\n\n<p><img decoding=\"async\" height=\"16\" width=\"16\" alt=\"\u25aa\ufe0f\" src=\"https:\/\/static.xx.fbcdn.net\/images\/emoji.php\/v9\/td3\/1.5\/16\/25aa.png\">Prace remontowo-renowacyjne na obiekcie cerkwi zlokalizowanej w Kopy\u015bnie<\/p>\n\n\n\n<p><img decoding=\"async\" height=\"16\" width=\"16\" alt=\"\u2705\" src=\"https:\/\/static.xx.fbcdn.net\/images\/emoji.php\/v9\/tba\/1.5\/16\/2705.png\"> Przemy\u015bl miasto: 1 649 340,00 z\u0142<\/p>\n\n\n\n<p><img decoding=\"async\" height=\"16\" width=\"16\" alt=\"\u25aa\ufe0f\" src=\"https:\/\/static.xx.fbcdn.net\/images\/emoji.php\/v9\/td3\/1.5\/16\/25aa.png\">Wykonanie prac konserwatorskich i zabezpieczaj\u0105cych Baszt, Mur\u00f3w i nawierzchni kamiennych chodnika Zamku Kazimierzowskiego w Przemy\u015blu<\/p>\n\n\n\n<p><img decoding=\"async\" height=\"16\" width=\"16\" alt=\"\u25aa\ufe0f\" src=\"https:\/\/static.xx.fbcdn.net\/images\/emoji.php\/v9\/td3\/1.5\/16\/25aa.png\">Remont elewacji od strony po\u0142udniowej budynku I LO przy ul. S\u0142owackiego w Przemy\u015blu<\/p>\n\n\n\n<p><img decoding=\"async\" height=\"16\" width=\"16\" alt=\"\u25aa\ufe0f\" src=\"https:\/\/static.xx.fbcdn.net\/images\/emoji.php\/v9\/td3\/1.5\/16\/25aa.png\">Remont budynku M\u0142odzie\u017cowego Domu Kultury przy ul. \u015aw. J\u00f3zefa 6 w Przemy\u015blu<\/p>\n\n\n\n<p><img decoding=\"async\" height=\"16\" width=\"16\" alt=\"\ud83c\udf32\" src=\"https:\/\/static.xx.fbcdn.net\/images\/emoji.php\/v9\/t43\/1.5\/16\/1f332.png\"> \u0411\u0415\u0429\u0410\u0414\u0421\u042c\u041a\u0418\u0419 \u0420\u0410\u0419\u041e\u041d<\/p>\n\n\n\n<p><img decoding=\"async\" height=\"16\" width=\"16\" alt=\"\u2705\" src=\"https:\/\/static.xx.fbcdn.net\/images\/emoji.php\/v9\/tba\/1.5\/16\/2705.png\"> Gmina Czarna: 1 245 580 z\u0142<\/p>\n\n\n\n<p><img decoding=\"async\" height=\"16\" width=\"16\" alt=\"\u25aa\ufe0f\" src=\"https:\/\/static.xx.fbcdn.net\/images\/emoji.php\/v9\/td3\/1.5\/16\/25aa.png\">Prace remontowo- konserwatorskie dzwonnicy w dawnym zespole cerkiewnym pw. \u015bw. Miko\u0142aja w Polanie<\/p>\n\n\n\n<p><img decoding=\"async\" height=\"16\" width=\"16\" alt=\"\u25aa\ufe0f\" src=\"https:\/\/static.xx.fbcdn.net\/images\/emoji.php\/v9\/td3\/1.5\/16\/25aa.png\">Prace konserwatorskie i restauratorskie dla ikonostasu w ko\u015bciele pw. \u015aw. Rodziny w Rabem<\/p>\n\n\n\n<p>Prace remontowo-konserwatorskie przy ko\u015bciele p.w. Podwy\u017cszenia \u015awi\u0119tego Krzy\u017ca w Czarnej G\u00f3rnej<\/p>\n\n\n\n<p><img decoding=\"async\" height=\"16\" width=\"16\" alt=\"\u25aa\ufe0f\" src=\"https:\/\/static.xx.fbcdn.net\/images\/emoji.php\/v9\/td3\/1.5\/16\/25aa.png\">Remont zabytkowej murowanej dzwonnicy dawnego ko\u015bcio\u0142a rzymskokatolickiego w Polanie<\/p>\n\n\n\n<p>Prace remontowo-konserwatorskie przy cerkwi pw. \u015aw. Micha\u0142a Archanio\u0142a w Bystrem<\/p>\n\n\n\n<p><img decoding=\"async\" height=\"16\" width=\"16\" alt=\"\u25aa\ufe0f\" src=\"https:\/\/static.xx.fbcdn.net\/images\/emoji.php\/v9\/td3\/1.5\/16\/25aa.png\">Remont dawnego zespo\u0142u cerkiewnego Soboru Bogurodzicy w Lipiu<\/p>\n\n\n\n<p><img decoding=\"async\" height=\"16\" width=\"16\" alt=\"\u2705\" src=\"https:\/\/static.xx.fbcdn.net\/images\/emoji.php\/v9\/tba\/1.5\/16\/2705.png\"> Gmina Lutowiska: 757 040 z\u0142<\/p>\n\n\n\n<p><img decoding=\"async\" height=\"16\" width=\"16\" alt=\"\u25aa\ufe0f\" src=\"https:\/\/static.xx.fbcdn.net\/images\/emoji.php\/v9\/td3\/1.5\/16\/25aa.png\">Przebudowa i zabezpieczenie ruin cerkwi i dzwonnicy w Krywem<\/p>\n\n\n\n<p>Prace remontowo-konserwatorskie zabytkowego ko\u015bcio\u0142a pw. \u015awi\u0119tego Biskupa i M\u0119czennika w Lutowiskach<\/p>\n\n\n\n<p><img decoding=\"async\" height=\"16\" width=\"16\" alt=\"\u25aa\ufe0f\" src=\"https:\/\/static.xx.fbcdn.net\/images\/emoji.php\/v9\/td3\/1.5\/16\/25aa.png\">Wymiana drewnianej pod\u0142ogi oraz wykonanie odwodnienia zewn\u0119trznego ko\u015bcio\u0142a w Dwerniku<\/p>\n\n\n\n<p>Konserwacja krzy\u017ca przydro\u017cnego w Cary\u0144skiem<\/p>\n\n\n\n<p><img decoding=\"async\" height=\"16\" width=\"16\" alt=\"\u25aa\ufe0f\" src=\"https:\/\/static.xx.fbcdn.net\/images\/emoji.php\/v9\/td3\/1.5\/16\/25aa.png\">Konserwacja podmur\u00f3wki nieistniej\u0105cego dworu Stroi\u0144skich dawnych w\u0142a\u015bcicieli Sianek<\/p>\n\n\n\n<p><img decoding=\"async\" height=\"16\" width=\"16\" alt=\"\u25aa\ufe0f\" src=\"https:\/\/static.xx.fbcdn.net\/images\/emoji.php\/v9\/td3\/1.5\/16\/25aa.png\">Prace konserwatorskie grobowca Stroi\u0144skich &#8211; dawnych w\u0142a\u015bcicieli Sianek<\/p>\n\n\n\n<p><img decoding=\"async\" height=\"16\" width=\"16\" alt=\"\u2705\" src=\"https:\/\/static.xx.fbcdn.net\/images\/emoji.php\/v9\/tba\/1.5\/16\/2705.png\"> Powiat bieszczadzki: 1 293 600 z\u0142<\/p>\n\n\n\n<p><img decoding=\"async\" height=\"16\" width=\"16\" alt=\"\u25aa\ufe0f\" src=\"https:\/\/static.xx.fbcdn.net\/images\/emoji.php\/v9\/td3\/1.5\/16\/25aa.png\">Prace przy budynku ko\u015bcio\u0142a Matki Bo\u017cej Bieszczadzkiej<\/p>\n\n\n\n<p><img decoding=\"async\" height=\"16\" width=\"16\" alt=\"\u25aa\ufe0f\" src=\"https:\/\/static.xx.fbcdn.net\/images\/emoji.php\/v9\/td3\/1.5\/16\/25aa.png\">Prace zabezpieczaj\u0105ce infrastruktur\u0119 zabytkow\u0105 przy ko\u015bciele parafialnym pw.<\/p>\n\n\n\n<p>NMP Kr\u00f3lowej Polski w Ustrzykach Dolnych<\/p>\n\n\n\n<p><img decoding=\"async\" height=\"16\" width=\"16\" alt=\"\u25aa\ufe0f\" src=\"https:\/\/static.xx.fbcdn.net\/images\/emoji.php\/v9\/td3\/1.5\/16\/25aa.png\">Wykonanie odwodnienia liniowego przy ko\u015bciele parafialnym p.w.Swi\u0119tej Barbary<\/p>\n\n\n\n<p>w Ropience.<\/p>\n\n\n\n<p><img decoding=\"async\" height=\"16\" width=\"16\" alt=\"\u25aa\ufe0f\" src=\"https:\/\/static.xx.fbcdn.net\/images\/emoji.php\/v9\/td3\/1.5\/16\/25aa.png\">Remont dachu na ko\u015bciele p.w. Matki Bo\u017cej R\u00f3\u017ca\u0144cowej w Brzegach Dolnych.<\/p>\n\n\n\n<p>Zachowanie materialnego dziedzictwa kulturowego, realizowane poprzez<\/p>\n\n\n\n<p>wymian\u0119 pod\u0142ogi w Ko\u015bciele Narodzenia NMP w Kro\u015bcienku<\/p>\n\n\n\n<p><img decoding=\"async\" height=\"16\" width=\"16\" alt=\"\u25aa\ufe0f\" src=\"https:\/\/static.xx.fbcdn.net\/images\/emoji.php\/v9\/td3\/1.5\/16\/25aa.png\">Remont posadzki kaplicy grobowej Jana i Amalii Wierzbickich w Ropience<\/p>\n\n\n\n<p>\u041b\u0415\u0421\u042c\u041a\u0418\u0419 \u041f\u041e\u0412\u0406\u0422<\/p>\n\n\n\n<p><img decoding=\"async\" height=\"16\" width=\"16\" alt=\"\u2705\" src=\"https:\/\/static.xx.fbcdn.net\/images\/emoji.php\/v9\/tba\/1.5\/16\/2705.png\"> Gmina Baligr\u00f3d: 809 593,44 z\u0142<\/p>\n\n\n\n<p><img decoding=\"async\" height=\"16\" width=\"16\" alt=\"\u25aa\ufe0f\" src=\"https:\/\/static.xx.fbcdn.net\/images\/emoji.php\/v9\/td3\/1.5\/16\/25aa.png\">Renowacja budynku kaplicy pw. \u015awi\u0119tych Aposto\u0142\u00f3w Piotra i Paw\u0142a w Nowosi\u00f3\u0142kach<\/p>\n\n\n\n<p><img decoding=\"async\" height=\"16\" width=\"16\" alt=\"\u25aa\ufe0f\" src=\"https:\/\/static.xx.fbcdn.net\/images\/emoji.php\/v9\/td3\/1.5\/16\/25aa.png\">Wykonanie rob\u00f3t remontowo-konserwatorskich zabytkowego ko\u015bcio\u0142a parafialnego Niepokalanego Pocz\u0119cia N.P Marii w Baligrodzie<\/p>\n\n\n\n<p><img decoding=\"async\" height=\"16\" width=\"16\" alt=\"\u2705\" src=\"https:\/\/static.xx.fbcdn.net\/images\/emoji.php\/v9\/tba\/1.5\/16\/2705.png\"> Gmina Cisna: 479 000 z\u0142<\/p>\n\n\n\n<p><img decoding=\"async\" height=\"16\" width=\"16\" alt=\"\u25aa\ufe0f\" src=\"https:\/\/static.xx.fbcdn.net\/images\/emoji.php\/v9\/td3\/1.5\/16\/25aa.png\">Zahamowanie destrukcji oraz zabezpieczenie i utrwalenie substancji materialnej zabytkowej greckokatolickiej cerkwi pw. \u015bw. Paraskewii w \u0141opience<\/p>\n\n\n\n<p><img decoding=\"async\" height=\"16\" width=\"16\" alt=\"\u2705\" src=\"https:\/\/static.xx.fbcdn.net\/images\/emoji.php\/v9\/tba\/1.5\/16\/2705.png\"> Gmina Lesko: 365 025 z\u0142<\/p>\n\n\n\n<p><img decoding=\"async\" height=\"16\" width=\"16\" alt=\"\u25aa\ufe0f\" src=\"https:\/\/static.xx.fbcdn.net\/images\/emoji.php\/v9\/td3\/1.5\/16\/25aa.png\">Remont elewacji budynku i odwilgocenie fundamentowych \u015bcian zewn\u0119trznych ko\u015bcio\u0142a parafialnego pw. \u015aw. Anny w Hoczwi<\/p>\n\n\n\n<p><img decoding=\"async\" height=\"16\" width=\"16\" alt=\"\u25aa\ufe0f\" src=\"https:\/\/static.xx.fbcdn.net\/images\/emoji.php\/v9\/td3\/1.5\/16\/25aa.png\">Remont zabytkowego drewnianego ko\u015bcio\u0142a parafialnego pw. Narodzenia NMP w \u015aredniej Wsi<\/p>\n\n\n\n<p><img decoding=\"async\" height=\"16\" width=\"16\" alt=\"\u2705\" src=\"https:\/\/static.xx.fbcdn.net\/images\/emoji.php\/v9\/tba\/1.5\/16\/2705.png\"> Gmina Olszanica: 686 000 z\u0142<\/p>\n\n\n\n<p><img decoding=\"async\" height=\"16\" width=\"16\" alt=\"\u25aa\ufe0f\" src=\"https:\/\/static.xx.fbcdn.net\/images\/emoji.php\/v9\/td3\/1.5\/16\/25aa.png\">Konserwacja i restauracja o\u0142tarzy bocznych w Ko\u015bciele Parafialnym p.w. \u015aw. Stanis\u0142awa Biskupa i M\u0119czennika w Uherah Mineralnych<\/p>\n\n\n\n<p><img decoding=\"async\" height=\"16\" width=\"16\" alt=\"\u25aa\ufe0f\" src=\"https:\/\/static.xx.fbcdn.net\/images\/emoji.php\/v9\/td3\/1.5\/16\/25aa.png\">Prace konserwatorskie w budynku zabytkowego Ko\u015bcio\u0142a filialnego w miejscowo\u015bci Stefkowa \u2013 Gmina Olszanica<\/p>\n\n\n\n<p>Prace remontowo-konserwatorskie w budynku zabytkowego Ko\u015bcio\u0142a filialnego w miejscowo\u015bci Zwierzy\u0144 \u2013 Gmina Olszanica<\/p>\n\n\n\n<p><img decoding=\"async\" height=\"16\" width=\"16\" alt=\"\u2705\" src=\"https:\/\/static.xx.fbcdn.net\/images\/emoji.php\/v9\/tba\/1.5\/16\/2705.png\"> Gmina Solina: 1 050 823,62 z\u0142<\/p>\n\n\n\n<p><img decoding=\"async\" height=\"16\" width=\"16\" alt=\"\u25aa\ufe0f\" src=\"https:\/\/static.xx.fbcdn.net\/images\/emoji.php\/v9\/td3\/1.5\/16\/25aa.png\">Remont zabytkowych dzwonnic na terenie Gminy Solina<\/p>\n\n\n\n<p><img decoding=\"async\" height=\"16\" width=\"16\" alt=\"\u25aa\ufe0f\" src=\"https:\/\/static.xx.fbcdn.net\/images\/emoji.php\/v9\/td3\/1.5\/16\/25aa.png\">Konserwacja i restauracja polichromii w zabytkowej cerkwi w Bere\u017cnicy Wy\u017cnej<\/p>\n\n\n\n<p><img decoding=\"async\" height=\"16\" width=\"16\" alt=\"\u25aa\ufe0f\" src=\"https:\/\/static.xx.fbcdn.net\/images\/emoji.php\/v9\/td3\/1.5\/16\/25aa.png\">Prace konserwatorsko-rewitalizacyjne w obr\u0119bie zabytkowego zespo\u0142u cerkiewnego na terenie Bieszczad w m-ci G\u00f3rzanka<\/p>\n\n\n\n<p><img decoding=\"async\" height=\"16\" width=\"16\" alt=\"\u2705\" src=\"https:\/\/static.xx.fbcdn.net\/images\/emoji.php\/v9\/tba\/1.5\/16\/2705.png\"> Powiat leski: 1 116 633,08 z\u0142<\/p>\n\n\n\n<p><img decoding=\"async\" height=\"16\" width=\"16\" alt=\"\u25aa\ufe0f\" src=\"https:\/\/static.xx.fbcdn.net\/images\/emoji.php\/v9\/td3\/1.5\/16\/25aa.png\">Budowa Karpackiego ogrodu sensorycznego wraz z architektur\u0105 towarzysz\u0105c\u0105 na terenie Parku Dworskiego w formule zaprojektuj i wybuduj<\/p>\n\n\n\n<p><img decoding=\"async\" height=\"16\" width=\"16\" alt=\"\u25aa\ufe0f\" src=\"https:\/\/static.xx.fbcdn.net\/images\/emoji.php\/v9\/td3\/1.5\/16\/25aa.png\">Wykonanie prac konserwatorskich budynku przy ul. W. Pola 1 w Lesku<\/p>\n\n\n\n<p><img decoding=\"async\" height=\"16\" width=\"16\" alt=\"\u25aa\ufe0f\" src=\"https:\/\/static.xx.fbcdn.net\/images\/emoji.php\/v9\/td3\/1.5\/16\/25aa.png\">Restauracja i konserwacja zabytkowej ambony w Ko\u015bciele pw. \u015aw. Anny w Hoczwi<\/p>\n\n\n\n<p><img decoding=\"async\" height=\"16\" width=\"16\" alt=\"\u25aa\ufe0f\" src=\"https:\/\/static.xx.fbcdn.net\/images\/emoji.php\/v9\/td3\/1.5\/16\/25aa.png\">Prace konserwatorsko-restauratorskie przy polichromii \u015bcian, strop\u00f3w oraz ch\u00f3ru \u015bpiewaczego w ko\u015bciele p w. Narodzenia Naj\u015bwi\u0119tszej Marii Panny w \u015aredniej Wsi<\/p>\n\n\n\n<p>\u0421\u0410\u041d\u041e\u0426\u042c\u041a\u0418\u0419 \u041f\u041e\u0412\u0406\u0422<\/p>\n\n\n\n<p><img decoding=\"async\" height=\"16\" width=\"16\" alt=\"\u2705\" src=\"https:\/\/static.xx.fbcdn.net\/images\/emoji.php\/v9\/tba\/1.5\/16\/2705.png\"> Besko: 980 000 z\u0142<\/p>\n\n\n\n<p><img decoding=\"async\" height=\"16\" width=\"16\" alt=\"\u25aa\ufe0f\" src=\"https:\/\/static.xx.fbcdn.net\/images\/emoji.php\/v9\/td3\/1.5\/16\/25aa.png\">Prace konserwatorskie przy zabytkowym ko\u015bciele w Besku<\/p>\n\n\n\n<p><img decoding=\"async\" height=\"16\" width=\"16\" alt=\"\u2705\" src=\"https:\/\/static.xx.fbcdn.net\/images\/emoji.php\/v9\/tba\/1.5\/16\/2705.png\"> Bukowsko: 1 000 000 z\u0142<\/p>\n\n\n\n<p><img decoding=\"async\" height=\"16\" width=\"16\" alt=\"\u25aa\ufe0f\" src=\"https:\/\/static.xx.fbcdn.net\/images\/emoji.php\/v9\/td3\/1.5\/16\/25aa.png\">Odtworzenie budynku cerkwi greckokatolickiej pod wezwaniem \u015aw. Piotra i Paw\u0142a w Nag\u00f3rzanach<\/p>\n\n\n\n<p><img decoding=\"async\" height=\"16\" width=\"16\" alt=\"\u2705\" src=\"https:\/\/static.xx.fbcdn.net\/images\/emoji.php\/v9\/tba\/1.5\/16\/2705.png\"> Sanok: 1 217 579,55 z\u0142<\/p>\n\n\n\n<p><img decoding=\"async\" height=\"16\" width=\"16\" alt=\"\u25aa\ufe0f\" src=\"https:\/\/static.xx.fbcdn.net\/images\/emoji.php\/v9\/td3\/1.5\/16\/25aa.png\">Remont muru kamiennego wok\u00f3\u0142 ko\u015bcio\u0142a filialnego (by\u0142ej cerkwi) pw. Za\u015bni\u0119cia Naj\u015bwi\u0119tszej Maryi Panny w Trepczy<\/p>\n\n\n\n<p><img decoding=\"async\" height=\"16\" width=\"16\" alt=\"\u25aa\ufe0f\" src=\"https:\/\/static.xx.fbcdn.net\/images\/emoji.php\/v9\/td3\/1.5\/16\/25aa.png\">Konserwacja techniczno-estetyczna fragmentu ikonostasu w Ko\u015bciele pw. Podwy\u017cszenia Krzy\u017ca \u015awi\u0119tego w Dobrej<\/p>\n\n\n\n<p><img decoding=\"async\" height=\"16\" width=\"16\" alt=\"\u25aa\ufe0f\" src=\"https:\/\/static.xx.fbcdn.net\/images\/emoji.php\/v9\/td3\/1.5\/16\/25aa.png\">Prace konserwatorskie i restauratorskie przy ambonie w Ko\u015bciele pw. \u015aw. Piotra i Paw\u0142a w Tyrawie Solnej<\/p>\n\n\n\n<p><img decoding=\"async\" height=\"16\" width=\"16\" alt=\"\u25aa\ufe0f\" src=\"https:\/\/static.xx.fbcdn.net\/images\/emoji.php\/v9\/td3\/1.5\/16\/25aa.png\">Konserwacja i restauracja Ikonostasu w Ko\u015bciele p.w. Narodzenia Naj\u015bwi\u0119tszej Marii Panny w Kostarowcach<\/p>\n\n\n\n<p><img decoding=\"async\" height=\"16\" width=\"16\" alt=\"\u25aa\ufe0f\" src=\"https:\/\/static.xx.fbcdn.net\/images\/emoji.php\/v9\/td3\/1.5\/16\/25aa.png\">Konserwacja i restauracja wybranych element\u00f3w wyposa\u017cenia wn\u0119trza z ko\u015bcio\u0142a p.w. Wszystkich \u015awi\u0119tych w Dudy\u0144cach<\/p>\n\n\n\n<p><img decoding=\"async\" height=\"16\" width=\"16\" alt=\"\u25aa\ufe0f\" src=\"https:\/\/static.xx.fbcdn.net\/images\/emoji.php\/v9\/td3\/1.5\/16\/25aa.png\">Prace remontowo-konserwatorskie przy dzwonnicy w H\u0142omczy \u2013 kontynuacja<\/p>\n\n\n\n<p><img decoding=\"async\" height=\"16\" width=\"16\" alt=\"\u25aa\ufe0f\" src=\"https:\/\/static.xx.fbcdn.net\/images\/emoji.php\/v9\/td3\/1.5\/16\/25aa.png\">Prace remontowe w zakrystii oraz budowa \u015bcie\u017cki procesyjnej wok\u00f3\u0142 ko\u015bcio\u0142a pw. \u015aw. Kosmy i Damiana w Wujskiem<\/p>\n\n\n\n<p><img decoding=\"async\" height=\"16\" width=\"16\" alt=\"\u2705\" src=\"https:\/\/static.xx.fbcdn.net\/images\/emoji.php\/v9\/tba\/1.5\/16\/2705.png\"> Tyrawa Wo\u0142oska<\/p>\n\n\n\n<p><img decoding=\"async\" height=\"16\" width=\"16\" alt=\"\u25aa\ufe0f\" src=\"https:\/\/static.xx.fbcdn.net\/images\/emoji.php\/v9\/td3\/1.5\/16\/25aa.png\">Prace zwi\u0105zane z popraw\u0105 stanu technicznego Cerkwi Narodzenia Naj\u015bwi\u0119tszej Marii Panny w Rakowej<\/p>\n\n\n\n<p><img decoding=\"async\" height=\"16\" width=\"16\" alt=\"\u25aa\ufe0f\" src=\"https:\/\/static.xx.fbcdn.net\/images\/emoji.php\/v9\/td3\/1.5\/16\/25aa.png\">Prace konserwatorskie przy polichromowanej i z\u0142oconej strukturze ikonostasu oraz presto\u0142u w ko\u015bciele pw. \u015bw. Paraskewii w Ho\u0142uczkowie<\/p>\n\n\n\n<p><img decoding=\"async\" height=\"16\" width=\"16\" alt=\"\u25aa\ufe0f\" src=\"https:\/\/static.xx.fbcdn.net\/images\/emoji.php\/v9\/td3\/1.5\/16\/25aa.png\">Konserwacja techniczno-estetyczna polichromowanej balustrady parapetu ch\u00f3ru w ko\u015bciele parafialnym pw. \u015aw. Miko\u0142aja Biskupa w Tyrawie Wo\u0142oskiej<\/p>\n\n\n\n<p><img decoding=\"async\" height=\"16\" width=\"16\" alt=\"\u25aa\ufe0f\" src=\"https:\/\/static.xx.fbcdn.net\/images\/emoji.php\/v9\/td3\/1.5\/16\/25aa.png\">Prace konserwatorskie przy ikonostasie w nazwie oraz dekoracji malarskiej \u015bcian przedsionka w ko\u015bciele pw. Chrztu Pa\u0144skiego w Siemuszowej<\/p>\n\n\n\n<p><img decoding=\"async\" height=\"16\" width=\"16\" alt=\"\u25aa\ufe0f\" src=\"https:\/\/static.xx.fbcdn.net\/images\/emoji.php\/v9\/td3\/1.5\/16\/25aa.png\">Prace konserwatorskie przy o\u0142tarzu g\u0142\u00f3wnym i prospekcie organowym w ko\u015bciele pw. \u015bwi\u0119tego i NMP Kr\u00f3lowej Polski w Rozpuciu<\/p>\n\n\n\n<p><img decoding=\"async\" height=\"16\" width=\"16\" alt=\"\u2705\" src=\"https:\/\/static.xx.fbcdn.net\/images\/emoji.php\/v9\/tba\/1.5\/16\/2705.png\"> Zag\u00f3rz: 1 105 147,90 z\u0142<\/p>\n\n\n\n<p><img decoding=\"async\" height=\"16\" width=\"16\" alt=\"\u25aa\ufe0f\" src=\"https:\/\/static.xx.fbcdn.net\/images\/emoji.php\/v9\/td3\/1.5\/16\/25aa.png\">Roboty remontowe przy Parafii Rzymsko-Katolickiej pw. Wniebowzi\u0119cia NMP w Zag\u00f3rzu<\/p>\n\n\n\n<p><img decoding=\"async\" height=\"16\" width=\"16\" alt=\"\u25aa\ufe0f\" src=\"https:\/\/static.xx.fbcdn.net\/images\/emoji.php\/v9\/td3\/1.5\/16\/25aa.png\">Remont konstrukcji wi\u0119\u017aby dachowej wraz z wymian\u0105 pokrycia dachu zabytkowego murowanego Ko\u015bcio\u0142a pw. Matki Bo\u017cej Gromnicznej w Pora\u017cu<\/p>\n\n\n\n<p><img decoding=\"async\" height=\"16\" width=\"16\" alt=\"\u25aa\ufe0f\" src=\"https:\/\/static.xx.fbcdn.net\/images\/emoji.php\/v9\/td3\/1.5\/16\/25aa.png\">Prace remontowo-konserwatorskie przy ko\u015bciele rzymskokatolickim (dawna cerkiew p.w. \u015aw. Miko\u0142aja Cudotw\u00f3rcy w Czaszynie)<\/p>\n\n\n\n<p><img decoding=\"async\" height=\"16\" width=\"16\" alt=\"\u2705\" src=\"https:\/\/static.xx.fbcdn.net\/images\/emoji.php\/v9\/tba\/1.5\/16\/2705.png\"> Powiat sanocki: 1 117 200,00 z\u0142<\/p>\n\n\n\n<p><img decoding=\"async\" height=\"16\" width=\"16\" alt=\"\u25aa\ufe0f\" src=\"https:\/\/static.xx.fbcdn.net\/images\/emoji.php\/v9\/td3\/1.5\/16\/25aa.png\">Wykonanie dekoracji rze\u017abiarskiej na fasadzie g\u0142\u00f3wnej Zamku Kr\u00f3lewskiego w Sanoku poprzez monta\u017c odtworzonych kartuszy herbowych<\/p>\n\n\n\n<p><img decoding=\"async\" height=\"16\" width=\"16\" alt=\"\u25aa\ufe0f\" src=\"https:\/\/static.xx.fbcdn.net\/images\/emoji.php\/v9\/td3\/1.5\/16\/25aa.png\">Wymiana element\u00f3w drewnianych wie\u017cy na dziedzi\u0144cu zamkowym<\/p>\n\n\n\n<p><img decoding=\"async\" height=\"16\" width=\"16\" alt=\"\u25aa\ufe0f\" src=\"https:\/\/static.xx.fbcdn.net\/images\/emoji.php\/v9\/td3\/1.5\/16\/25aa.png\">Modernizacja systemu sygnalizacji przeciww\u0142amaniowej w zamku w Sanoku<\/p>\n\n\n\n<p><img decoding=\"async\" height=\"16\" width=\"16\" alt=\"\u25aa\ufe0f\" src=\"https:\/\/static.xx.fbcdn.net\/images\/emoji.php\/v9\/td3\/1.5\/16\/25aa.png\">Restauracja tzw. Sali Kolebkowej w p\u00f3\u0142nocnej cz\u0119\u015bci Zamku Kr\u00f3lewskiego w Sanoku i zaadoptowanie jej do funkcji ekspozycyjnej<\/p>\n\n\n\n<p><img decoding=\"async\" height=\"16\" width=\"16\" alt=\"\u25aa\ufe0f\" src=\"https:\/\/static.xx.fbcdn.net\/images\/emoji.php\/v9\/td3\/1.5\/16\/25aa.png\">Prace konserwatorskie i restauratorskie wok\u00f3\u0142 cembrowiny renesansowej studni na dziedzi\u0144cu Zamku Kr\u00f3lewskiego w Sanoku<\/p>\n\n\n\n<p><img decoding=\"async\" height=\"16\" width=\"16\" alt=\"\u25aa\ufe0f\" src=\"https:\/\/static.xx.fbcdn.net\/images\/emoji.php\/v9\/td3\/1.5\/16\/25aa.png\">Prace odtworzeniowe i roboty budowlane przy zabytkowym budynku M\u0142odzie\u017cowego Domu Kultury w Sanoku<\/p>","protected":false},"excerpt":{"rendered":"<p>Dzi\u0119ki funduszom z Polskiego \u0141adu dofinansowanie dosta\u0142y szko\u0142y, ko\u015bcio\u0142y, parki, zamki. Renowacje obejm\u0105 tak\u017ce drogi dojazdowe czy chodniki. B\u0119dziemy je odnawia\u0107 i piel\u0119gnowa\u0107, tworzy\u0107 nowe miejsca nauki i spotka\u0144 \u2013 dla nas i nast\u0119pnych pokole\u0144 Gmina Bircza: 1 043 700,00 z\u0142 Prace remontowo-konserwatorskie przy zabytkowej kaplicy grobowej rodziny Pie\u015bciorowskich w Ku\u017aminie Wykonanie izolacji przeciwwilgociowej w [&hellip;]<\/p>","protected":false},"author":21,"featured_media":28900,"comment_status":"closed","ping_status":"open","sticky":false,"template":"","format":"standard","meta":{"ngg_post_thumbnail":0,"footnotes":""},"categories":[3],"tags":[],"class_list":["post-28896","post","type-post","status-publish","format-standard","has-post-thumbnail","hentry","category-wydarzenia"],"yoast_head":"<!-- This site is optimized with the Yoast SEO plugin v24.7 - https:\/\/yoast.com\/wordpress\/plugins\/seo\/ -->\n<title>Zachowujemy pi\u0119kno, tradycj\u0119 i kultur\u0119. Ponad 180 mln na podkarpackie zabytki &#8211; Marek Kuchci\u0144ski<\/title>\n<meta name=\"robots\" content=\"index, follow, max-snippet:-1, max-image-preview:large, max-video-preview:-1\" \/>\n<link rel=\"canonical\" href=\"https:\/\/marekkuchcinski.pl\/uk\/wydarzenia\/zachowujemy-piekno-tradycje-i-kulture-ponad-180-mln-na-podkarpackie-zabytki\/\" \/>\n<meta property=\"og:locale\" content=\"uk_UA\" \/>\n<meta property=\"og:type\" content=\"article\" \/>\n<meta property=\"og:title\" content=\"Zachowujemy pi\u0119kno, tradycj\u0119 i kultur\u0119. Ponad 180 mln na podkarpackie zabytki &#8211; Marek Kuchci\u0144ski\" \/>\n<meta property=\"og:description\" content=\"Dzi\u0119ki funduszom z Polskiego \u0141adu dofinansowanie dosta\u0142y szko\u0142y, ko\u015bcio\u0142y, parki, zamki. Renowacje obejm\u0105 tak\u017ce drogi dojazdowe czy chodniki. B\u0119dziemy je odnawia\u0107 i piel\u0119gnowa\u0107, tworzy\u0107 nowe miejsca nauki i spotka\u0144 \u2013 dla nas i nast\u0119pnych pokole\u0144 Gmina Bircza: 1 043 700,00 z\u0142 Prace remontowo-konserwatorskie przy zabytkowej kaplicy grobowej rodziny Pie\u015bciorowskich w Ku\u017aminie Wykonanie izolacji przeciwwilgociowej w [&hellip;]\" \/>\n<meta property=\"og:url\" content=\"https:\/\/marekkuchcinski.pl\/uk\/wydarzenia\/zachowujemy-piekno-tradycje-i-kulture-ponad-180-mln-na-podkarpackie-zabytki\/\" \/>\n<meta property=\"og:site_name\" content=\"Marek Kuchci\u0144ski\" \/>\n<meta property=\"article:published_time\" content=\"2023-07-17T07:52:25+00:00\" \/>\n<meta property=\"article:modified_time\" content=\"2023-07-17T07:53:47+00:00\" \/>\n<meta property=\"og:image\" content=\"https:\/\/marekkuchcinski.pl\/wp-content\/uploads\/2023\/07\/zk-1.jpg\" \/>\n\t<meta property=\"og:image:width\" content=\"960\" \/>\n\t<meta property=\"og:image:height\" content=\"504\" \/>\n\t<meta property=\"og:image:type\" content=\"image\/jpeg\" \/>\n<meta name=\"author\" content=\"Marta Olejnik\" \/>\n<meta name=\"twitter:card\" content=\"summary_large_image\" \/>\n<meta name=\"twitter:label1\" content=\"\u041d\u0430\u043f\u0438\u0441\u0430\u043d\u043e\" \/>\n\t<meta name=\"twitter:data1\" content=\"Marta Olejnik\" \/>\n\t<meta name=\"twitter:label2\" content=\"\u041f\u0440\u0438\u0431\u043b. \u0447\u0430\u0441 \u0447\u0438\u0442\u0430\u043d\u043d\u044f\" \/>\n\t<meta name=\"twitter:data2\" content=\"29 \u0445\u0432\u0438\u043b\u0438\u043d\" \/>\n<script type=\"application\/ld+json\" class=\"yoast-schema-graph\">{\"@context\":\"https:\/\/schema.org\",\"@graph\":[{\"@type\":\"Article\",\"@id\":\"https:\/\/marekkuchcinski.pl\/wydarzenia\/zachowujemy-piekno-tradycje-i-kulture-ponad-180-mln-na-podkarpackie-zabytki\/#article\",\"isPartOf\":{\"@id\":\"https:\/\/marekkuchcinski.pl\/wydarzenia\/zachowujemy-piekno-tradycje-i-kulture-ponad-180-mln-na-podkarpackie-zabytki\/\"},\"author\":{\"name\":\"Marta Olejnik\",\"@id\":\"https:\/\/marekkuchcinski.pl\/#\/schema\/person\/51d5d4ee3b5317b8e4dd2b48af359229\"},\"headline\":\"Zachowujemy pi\u0119kno, tradycj\u0119 i kultur\u0119. Ponad 180 mln na podkarpackie zabytki\",\"datePublished\":\"2023-07-17T07:52:25+00:00\",\"dateModified\":\"2023-07-17T07:53:47+00:00\",\"mainEntityOfPage\":{\"@id\":\"https:\/\/marekkuchcinski.pl\/wydarzenia\/zachowujemy-piekno-tradycje-i-kulture-ponad-180-mln-na-podkarpackie-zabytki\/\"},\"wordCount\":1418,\"publisher\":{\"@id\":\"https:\/\/marekkuchcinski.pl\/#organization\"},\"image\":{\"@id\":\"https:\/\/marekkuchcinski.pl\/wydarzenia\/zachowujemy-piekno-tradycje-i-kulture-ponad-180-mln-na-podkarpackie-zabytki\/#primaryimage\"},\"thumbnailUrl\":\"https:\/\/marekkuchcinski.pl\/wp-content\/uploads\/2023\/07\/zk-1.jpg\",\"articleSection\":[\"Wydarzenia\"],\"inLanguage\":\"uk\"},{\"@type\":\"WebPage\",\"@id\":\"https:\/\/marekkuchcinski.pl\/wydarzenia\/zachowujemy-piekno-tradycje-i-kulture-ponad-180-mln-na-podkarpackie-zabytki\/\",\"url\":\"https:\/\/marekkuchcinski.pl\/wydarzenia\/zachowujemy-piekno-tradycje-i-kulture-ponad-180-mln-na-podkarpackie-zabytki\/\",\"name\":\"Zachowujemy pi\u0119kno, tradycj\u0119 i kultur\u0119. Ponad 180 mln na podkarpackie zabytki &#8211; Marek Kuchci\u0144ski\",\"isPartOf\":{\"@id\":\"https:\/\/marekkuchcinski.pl\/#website\"},\"primaryImageOfPage\":{\"@id\":\"https:\/\/marekkuchcinski.pl\/wydarzenia\/zachowujemy-piekno-tradycje-i-kulture-ponad-180-mln-na-podkarpackie-zabytki\/#primaryimage\"},\"image\":{\"@id\":\"https:\/\/marekkuchcinski.pl\/wydarzenia\/zachowujemy-piekno-tradycje-i-kulture-ponad-180-mln-na-podkarpackie-zabytki\/#primaryimage\"},\"thumbnailUrl\":\"https:\/\/marekkuchcinski.pl\/wp-content\/uploads\/2023\/07\/zk-1.jpg\",\"datePublished\":\"2023-07-17T07:52:25+00:00\",\"dateModified\":\"2023-07-17T07:53:47+00:00\",\"breadcrumb\":{\"@id\":\"https:\/\/marekkuchcinski.pl\/wydarzenia\/zachowujemy-piekno-tradycje-i-kulture-ponad-180-mln-na-podkarpackie-zabytki\/#breadcrumb\"},\"inLanguage\":\"uk\",\"potentialAction\":[{\"@type\":\"ReadAction\",\"target\":[\"https:\/\/marekkuchcinski.pl\/wydarzenia\/zachowujemy-piekno-tradycje-i-kulture-ponad-180-mln-na-podkarpackie-zabytki\/\"]}]},{\"@type\":\"ImageObject\",\"inLanguage\":\"uk\",\"@id\":\"https:\/\/marekkuchcinski.pl\/wydarzenia\/zachowujemy-piekno-tradycje-i-kulture-ponad-180-mln-na-podkarpackie-zabytki\/#primaryimage\",\"url\":\"https:\/\/marekkuchcinski.pl\/wp-content\/uploads\/2023\/07\/zk-1.jpg\",\"contentUrl\":\"https:\/\/marekkuchcinski.pl\/wp-content\/uploads\/2023\/07\/zk-1.jpg\",\"width\":960,\"height\":504},{\"@type\":\"BreadcrumbList\",\"@id\":\"https:\/\/marekkuchcinski.pl\/wydarzenia\/zachowujemy-piekno-tradycje-i-kulture-ponad-180-mln-na-podkarpackie-zabytki\/#breadcrumb\",\"itemListElement\":[{\"@type\":\"ListItem\",\"position\":1,\"name\":\"Strona g\u0142\u00f3wna\",\"item\":\"https:\/\/marekkuchcinski.pl\/\"},{\"@type\":\"ListItem\",\"position\":2,\"name\":\"Zachowujemy pi\u0119kno, tradycj\u0119 i kultur\u0119. Ponad 180 mln na podkarpackie zabytki\"}]},{\"@type\":\"WebSite\",\"@id\":\"https:\/\/marekkuchcinski.pl\/#website\",\"url\":\"https:\/\/marekkuchcinski.pl\/\",\"name\":\"Marek Kuchci\u0144ski\",\"description\":\"Pose\u0142 na sejm RP &ndash; okr\u0119g nr 22\",\"publisher\":{\"@id\":\"https:\/\/marekkuchcinski.pl\/#organization\"},\"potentialAction\":[{\"@type\":\"SearchAction\",\"target\":{\"@type\":\"EntryPoint\",\"urlTemplate\":\"https:\/\/marekkuchcinski.pl\/?s={search_term_string}\"},\"query-input\":{\"@type\":\"PropertyValueSpecification\",\"valueRequired\":true,\"valueName\":\"search_term_string\"}}],\"inLanguage\":\"uk\"},{\"@type\":\"Organization\",\"@id\":\"https:\/\/marekkuchcinski.pl\/#organization\",\"name\":\"Marek Kuchci\u0144ski\",\"url\":\"https:\/\/marekkuchcinski.pl\/\",\"logo\":{\"@type\":\"ImageObject\",\"inLanguage\":\"uk\",\"@id\":\"https:\/\/marekkuchcinski.pl\/#\/schema\/logo\/image\/\",\"url\":\"https:\/\/marekkuchcinski.pl\/wp-content\/uploads\/2022\/09\/Marek.jpg\",\"contentUrl\":\"https:\/\/marekkuchcinski.pl\/wp-content\/uploads\/2022\/09\/Marek.jpg\",\"width\":1600,\"height\":971,\"caption\":\"Marek Kuchci\u0144ski\"},\"image\":{\"@id\":\"https:\/\/marekkuchcinski.pl\/#\/schema\/logo\/image\/\"}},{\"@type\":\"Person\",\"@id\":\"https:\/\/marekkuchcinski.pl\/#\/schema\/person\/51d5d4ee3b5317b8e4dd2b48af359229\",\"name\":\"Marta Olejnik\",\"image\":{\"@type\":\"ImageObject\",\"inLanguage\":\"uk\",\"@id\":\"https:\/\/marekkuchcinski.pl\/#\/schema\/person\/image\/\",\"url\":\"https:\/\/secure.gravatar.com\/avatar\/e39914b2aa6a48959e24d475b5dc9793?s=96&d=mm&r=g\",\"contentUrl\":\"https:\/\/secure.gravatar.com\/avatar\/e39914b2aa6a48959e24d475b5dc9793?s=96&d=mm&r=g\",\"caption\":\"Marta Olejnik\"},\"url\":\"https:\/\/marekkuchcinski.pl\/uk\/author\/marta\/\"}]}<\/script>\n<!-- \/ Yoast SEO plugin. -->","yoast_head_json":{"title":"Zachowujemy pi\u0119kno, tradycj\u0119 i kultur\u0119. Ponad 180 mln na podkarpackie zabytki &#8211; Marek Kuchci\u0144ski","robots":{"index":"index","follow":"follow","max-snippet":"max-snippet:-1","max-image-preview":"max-image-preview:large","max-video-preview":"max-video-preview:-1"},"canonical":"https:\/\/marekkuchcinski.pl\/uk\/wydarzenia\/zachowujemy-piekno-tradycje-i-kulture-ponad-180-mln-na-podkarpackie-zabytki\/","og_locale":"uk_UA","og_type":"article","og_title":"Zachowujemy pi\u0119kno, tradycj\u0119 i kultur\u0119. Ponad 180 mln na podkarpackie zabytki &#8211; Marek Kuchci\u0144ski","og_description":"Dzi\u0119ki funduszom z Polskiego \u0141adu dofinansowanie dosta\u0142y szko\u0142y, ko\u015bcio\u0142y, parki, zamki. Renowacje obejm\u0105 tak\u017ce drogi dojazdowe czy chodniki. B\u0119dziemy je odnawia\u0107 i piel\u0119gnowa\u0107, tworzy\u0107 nowe miejsca nauki i spotka\u0144 \u2013 dla nas i nast\u0119pnych pokole\u0144 Gmina Bircza: 1 043 700,00 z\u0142 Prace remontowo-konserwatorskie przy zabytkowej kaplicy grobowej rodziny Pie\u015bciorowskich w Ku\u017aminie Wykonanie izolacji przeciwwilgociowej w [&hellip;]","og_url":"https:\/\/marekkuchcinski.pl\/uk\/wydarzenia\/zachowujemy-piekno-tradycje-i-kulture-ponad-180-mln-na-podkarpackie-zabytki\/","og_site_name":"Marek Kuchci\u0144ski","article_published_time":"2023-07-17T07:52:25+00:00","article_modified_time":"2023-07-17T07:53:47+00:00","og_image":[{"width":960,"height":504,"url":"https:\/\/marekkuchcinski.pl\/wp-content\/uploads\/2023\/07\/zk-1.jpg","type":"image\/jpeg"}],"author":"Marta Olejnik","twitter_card":"summary_large_image","twitter_misc":{"\u041d\u0430\u043f\u0438\u0441\u0430\u043d\u043e":"Marta Olejnik","\u041f\u0440\u0438\u0431\u043b. \u0447\u0430\u0441 \u0447\u0438\u0442\u0430\u043d\u043d\u044f":"29 \u0445\u0432\u0438\u043b\u0438\u043d"},"schema":{"@context":"https:\/\/schema.org","@graph":[{"@type":"Article","@id":"https:\/\/marekkuchcinski.pl\/wydarzenia\/zachowujemy-piekno-tradycje-i-kulture-ponad-180-mln-na-podkarpackie-zabytki\/#article","isPartOf":{"@id":"https:\/\/marekkuchcinski.pl\/wydarzenia\/zachowujemy-piekno-tradycje-i-kulture-ponad-180-mln-na-podkarpackie-zabytki\/"},"author":{"name":"Marta Olejnik","@id":"https:\/\/marekkuchcinski.pl\/#\/schema\/person\/51d5d4ee3b5317b8e4dd2b48af359229"},"headline":"Zachowujemy pi\u0119kno, tradycj\u0119 i kultur\u0119. Ponad 180 mln na podkarpackie zabytki","datePublished":"2023-07-17T07:52:25+00:00","dateModified":"2023-07-17T07:53:47+00:00","mainEntityOfPage":{"@id":"https:\/\/marekkuchcinski.pl\/wydarzenia\/zachowujemy-piekno-tradycje-i-kulture-ponad-180-mln-na-podkarpackie-zabytki\/"},"wordCount":1418,"publisher":{"@id":"https:\/\/marekkuchcinski.pl\/#organization"},"image":{"@id":"https:\/\/marekkuchcinski.pl\/wydarzenia\/zachowujemy-piekno-tradycje-i-kulture-ponad-180-mln-na-podkarpackie-zabytki\/#primaryimage"},"thumbnailUrl":"https:\/\/marekkuchcinski.pl\/wp-content\/uploads\/2023\/07\/zk-1.jpg","articleSection":["Wydarzenia"],"inLanguage":"uk"},{"@type":"WebPage","@id":"https:\/\/marekkuchcinski.pl\/wydarzenia\/zachowujemy-piekno-tradycje-i-kulture-ponad-180-mln-na-podkarpackie-zabytki\/","url":"https:\/\/marekkuchcinski.pl\/wydarzenia\/zachowujemy-piekno-tradycje-i-kulture-ponad-180-mln-na-podkarpackie-zabytki\/","name":"Zachowujemy pi\u0119kno, tradycj\u0119 i kultur\u0119. Ponad 180 mln na podkarpackie zabytki &#8211; Marek Kuchci\u0144ski","isPartOf":{"@id":"https:\/\/marekkuchcinski.pl\/#website"},"primaryImageOfPage":{"@id":"https:\/\/marekkuchcinski.pl\/wydarzenia\/zachowujemy-piekno-tradycje-i-kulture-ponad-180-mln-na-podkarpackie-zabytki\/#primaryimage"},"image":{"@id":"https:\/\/marekkuchcinski.pl\/wydarzenia\/zachowujemy-piekno-tradycje-i-kulture-ponad-180-mln-na-podkarpackie-zabytki\/#primaryimage"},"thumbnailUrl":"https:\/\/marekkuchcinski.pl\/wp-content\/uploads\/2023\/07\/zk-1.jpg","datePublished":"2023-07-17T07:52:25+00:00","dateModified":"2023-07-17T07:53:47+00:00","breadcrumb":{"@id":"https:\/\/marekkuchcinski.pl\/wydarzenia\/zachowujemy-piekno-tradycje-i-kulture-ponad-180-mln-na-podkarpackie-zabytki\/#breadcrumb"},"inLanguage":"uk","potentialAction":[{"@type":"ReadAction","target":["https:\/\/marekkuchcinski.pl\/wydarzenia\/zachowujemy-piekno-tradycje-i-kulture-ponad-180-mln-na-podkarpackie-zabytki\/"]}]},{"@type":"ImageObject","inLanguage":"uk","@id":"https:\/\/marekkuchcinski.pl\/wydarzenia\/zachowujemy-piekno-tradycje-i-kulture-ponad-180-mln-na-podkarpackie-zabytki\/#primaryimage","url":"https:\/\/marekkuchcinski.pl\/wp-content\/uploads\/2023\/07\/zk-1.jpg","contentUrl":"https:\/\/marekkuchcinski.pl\/wp-content\/uploads\/2023\/07\/zk-1.jpg","width":960,"height":504},{"@type":"BreadcrumbList","@id":"https:\/\/marekkuchcinski.pl\/wydarzenia\/zachowujemy-piekno-tradycje-i-kulture-ponad-180-mln-na-podkarpackie-zabytki\/#breadcrumb","itemListElement":[{"@type":"ListItem","position":1,"name":"Strona g\u0142\u00f3wna","item":"https:\/\/marekkuchcinski.pl\/"},{"@type":"ListItem","position":2,"name":"Zachowujemy pi\u0119kno, tradycj\u0119 i kultur\u0119. Ponad 180 mln na podkarpackie zabytki"}]},{"@type":"WebSite","@id":"https:\/\/marekkuchcinski.pl\/#website","url":"https:\/\/marekkuchcinski.pl\/","name":"Marek Kuchci\u0144ski","description":"Pose\u0142 na sejm RP &ndash; okr\u0119g nr 22","publisher":{"@id":"https:\/\/marekkuchcinski.pl\/#organization"},"potentialAction":[{"@type":"SearchAction","target":{"@type":"EntryPoint","urlTemplate":"https:\/\/marekkuchcinski.pl\/?s={search_term_string}"},"query-input":{"@type":"PropertyValueSpecification","valueRequired":true,"valueName":"search_term_string"}}],"inLanguage":"uk"},{"@type":"Organization","@id":"https:\/\/marekkuchcinski.pl\/#organization","name":"Marek Kuchci\u0144ski","url":"https:\/\/marekkuchcinski.pl\/","logo":{"@type":"ImageObject","inLanguage":"uk","@id":"https:\/\/marekkuchcinski.pl\/#\/schema\/logo\/image\/","url":"https:\/\/marekkuchcinski.pl\/wp-content\/uploads\/2022\/09\/Marek.jpg","contentUrl":"https:\/\/marekkuchcinski.pl\/wp-content\/uploads\/2022\/09\/Marek.jpg","width":1600,"height":971,"caption":"Marek Kuchci\u0144ski"},"image":{"@id":"https:\/\/marekkuchcinski.pl\/#\/schema\/logo\/image\/"}},{"@type":"Person","@id":"https:\/\/marekkuchcinski.pl\/#\/schema\/person\/51d5d4ee3b5317b8e4dd2b48af359229","name":"Marta Olejnik","image":{"@type":"ImageObject","inLanguage":"uk","@id":"https:\/\/marekkuchcinski.pl\/#\/schema\/person\/image\/","url":"https:\/\/secure.gravatar.com\/avatar\/e39914b2aa6a48959e24d475b5dc9793?s=96&d=mm&r=g","contentUrl":"https:\/\/secure.gravatar.com\/avatar\/e39914b2aa6a48959e24d475b5dc9793?s=96&d=mm&r=g","caption":"Marta Olejnik"},"url":"https:\/\/marekkuchcinski.pl\/uk\/author\/marta\/"}]}},"_links":{"self":[{"href":"https:\/\/marekkuchcinski.pl\/uk\/wp-json\/wp\/v2\/posts\/28896","targetHints":{"allow":["GET"]}}],"collection":[{"href":"https:\/\/marekkuchcinski.pl\/uk\/wp-json\/wp\/v2\/posts"}],"about":[{"href":"https:\/\/marekkuchcinski.pl\/uk\/wp-json\/wp\/v2\/types\/post"}],"author":[{"embeddable":true,"href":"https:\/\/marekkuchcinski.pl\/uk\/wp-json\/wp\/v2\/users\/21"}],"replies":[{"embeddable":true,"href":"https:\/\/marekkuchcinski.pl\/uk\/wp-json\/wp\/v2\/comments?post=28896"}],"version-history":[{"count":2,"href":"https:\/\/marekkuchcinski.pl\/uk\/wp-json\/wp\/v2\/posts\/28896\/revisions"}],"predecessor-version":[{"id":28899,"href":"https:\/\/marekkuchcinski.pl\/uk\/wp-json\/wp\/v2\/posts\/28896\/revisions\/28899"}],"wp:featuredmedia":[{"embeddable":true,"href":"https:\/\/marekkuchcinski.pl\/uk\/wp-json\/wp\/v2\/media\/28900"}],"wp:attachment":[{"href":"https:\/\/marekkuchcinski.pl\/uk\/wp-json\/wp\/v2\/media?parent=28896"}],"wp:term":[{"taxonomy":"category","embeddable":true,"href":"https:\/\/marekkuchcinski.pl\/uk\/wp-json\/wp\/v2\/categories?post=28896"},{"taxonomy":"post_tag","embeddable":true,"href":"https:\/\/marekkuchcinski.pl\/uk\/wp-json\/wp\/v2\/tags?post=28896"}],"curies":[{"name":"wp","href":"https:\/\/api.w.org\/{rel}","templated":true}]}}