{"id":28853,"date":"2023-07-10T18:48:07","date_gmt":"2023-07-10T16:48:07","guid":{"rendered":"https:\/\/marekkuchcinski.pl\/?p=28853"},"modified":"2023-07-10T18:50:20","modified_gmt":"2023-07-10T16:50:20","slug":"przemysl-polaczy-nowoczesny-most-z-zabytkowymi-elementami-starego-smaczku-doda-plenerowa-wystawa-muzeum-ziemi-przemyskiej","status":"publish","type":"post","link":"https:\/\/marekkuchcinski.pl\/uk\/wydarzenia\/przemysl-polaczy-nowoczesny-most-z-zabytkowymi-elementami-starego-smaczku-doda-plenerowa-wystawa-muzeum-ziemi-przemyskiej\/","title":{"rendered":"Przemy\u015bl zyska nowoczesny most z zabytkowymi elementami starego. Smaczku doda plenerowa wystawa Muzeum Ziemi Przemyskiej"},"content":{"rendered":"<figure class=\"wp-block-image size-large\"><a href=\"https:\/\/marekkuchcinski.pl\/wp-content\/uploads\/2023\/07\/347423786_673656354580258_4406706480159974069_n-1.jpg\"><img fetchpriority=\"high\" decoding=\"async\" width=\"1024\" height=\"594\" src=\"https:\/\/marekkuchcinski.pl\/wp-content\/uploads\/2023\/07\/347423786_673656354580258_4406706480159974069_n-1-1024x594.jpg\" alt=\"\" class=\"wp-image-28856\" srcset=\"https:\/\/marekkuchcinski.pl\/wp-content\/uploads\/2023\/07\/347423786_673656354580258_4406706480159974069_n-1-1024x594.jpg 1024w, https:\/\/marekkuchcinski.pl\/wp-content\/uploads\/2023\/07\/347423786_673656354580258_4406706480159974069_n-1-300x174.jpg 300w, https:\/\/marekkuchcinski.pl\/wp-content\/uploads\/2023\/07\/347423786_673656354580258_4406706480159974069_n-1-768x445.jpg 768w, https:\/\/marekkuchcinski.pl\/wp-content\/uploads\/2023\/07\/347423786_673656354580258_4406706480159974069_n-1-1536x891.jpg 1536w, https:\/\/marekkuchcinski.pl\/wp-content\/uploads\/2023\/07\/347423786_673656354580258_4406706480159974069_n-1-18x10.jpg 18w, https:\/\/marekkuchcinski.pl\/wp-content\/uploads\/2023\/07\/347423786_673656354580258_4406706480159974069_n-1.jpg 1552w\" sizes=\"(max-width: 1024px) 100vw, 1024px\" \/><\/a><\/figure>\n\n\n\n<p>W kwietniu 2021 roku w Ministerstwie Infrastruktury finalizowali\u015bmy spraw\u0119 budowy nowego mostu kolejowego na Sanie w Przemy\u015blu, dla kolei du\u017cych pr\u0119dko\u015bci. Ustalili\u015bmy wtedy, \u017ce zachowany zostanie historyczny charakter obiektu, a nowy most zostanie wybudowany mi\u0119dzy zabytkowymi ponad 100-letnimi prz\u0119s\u0142ami, ratuj\u0105c w ten spos\u00f3b zabytkowy krajobraz miasta. Prace s\u0105 intensywne, a dzi\u015b wmurowali\u015bmy kapsu\u0142\u0119 czasu. Most nad Sanem jest miejscem symbolicznym, swoje przeszed\u0142 przed II W\u015a, a podczas wojny by\u0142 \u015bwiadkiem krwawych walk i wsparciem podczas ucieczek. Chcemy tak\u017ce wzbogaci\u0107 t\u0119 przestrze\u0144 i zapewni\u0107 zar\u00f3wno mieszka\u0144com, jak i turystom plenerowe obcowanie ze sztuk\u0105. I tu rola Muzeum Ziemi Przemyskiej, kt\u00f3re w\u0142\u0105czy si\u0119 w projekt jako organizator wystaw na pozostawionym dla pieszych starym mo\u015bcie \u2013 powiedzia\u0142 szef kancelarii premiera Marek Kuchci\u0144ski.<\/p>\n\n\n\n<p class=\"has-medium-font-size\"><strong>Budowa nowego mostu kolejowego w Przemy\u015blu na linii kolejowej nr 91 Krak\u00f3w G\u0142\u00f3wny:<\/strong><\/p>\n\n\n\n<ul class=\"wp-block-list\">\n<li>3 listopada 2022 r. rozpocz\u0119\u0142y si\u0119 prace budowlane<\/li>\n\n\n\n<li>9 stycznia zamkni\u0119to tor nr 2, ruch poci\u0105g\u00f3w odbywa\u0142 si\u0119 po torze nr 1,<\/li>\n\n\n\n<li>5 maja zamkni\u0119to tor nr 1, ruch poci\u0105g\u00f3w odbywa si\u0119 po by-passie toru nr 2,<\/li>\n\n\n\n<li>prz\u0119s\u0142a zabytkowego mostu zosta\u0142y przesuni\u0119te i posadowione na nowe, docelowe<\/li>\n\n\n\n<li>podpory. Mi\u0119dzy tymi konstrukcjami budowana jest nowa przeprawa. S\u0105 ju\u017c nowe<\/li>\n\n\n\n<li>przycz\u00f3\u0142ki, kolejne roboty obejmuj\u0105 filary, m.in. zbrojenia i wykonanie \u0142aw<\/li>\n\n\n\n<li>fundamentowych. Wzd\u0142u\u017c toru nr 2 &#8211; od strony Medyki, scalane s\u0105 elementy docelowych konstrukcji obiektu. Wykonanie \u201eby-passu\u201d, umo\u017cliwia prowadzenie ruchu w trakcie realizowanych rob\u00f3t budowalnych<\/li>\n\n\n\n<li>w listopadzie br. planowane jest oddanie jednego nowego toru na mo\u015bcie do ruchu poci\u0105g\u00f3w, a drugiego w grudniu br.<\/li>\n\n\n\n<li>prace pod obiektem maj\u0105 si\u0119 zako\u0144czy\u0107 w I kwartale 2024 r.<\/li>\n<\/ul>\n\n\n\n<p class=\"has-medium-font-size\"><strong>Efekty :<\/strong><\/p>\n\n\n\n<ul class=\"wp-block-list\">\n<li>powstanie nowy stalowy most kratownicowy, 6-prz\u0119s\u0142owy (po 3 prz\u0119s\u0142a dla<\/li>\n\n\n\n<li>ka\u017cdego toru):<\/li>\n\n\n\n<li>d\u0142ugo\u015b\u0107 blisko 200 m d\u0142. najd\u0142u\u017cszego prz\u0119s\u0142a \u2013 74 m, pozosta\u0142e po 56 m;<\/li>\n\n\n\n<li>wysoko\u015b\u0107 skrajni ul. 22 Stycznia pod obiektem: 3,50 m<\/li>\n\n\n\n<li>wysoko\u015b\u0107 skrajni ul. Sportowej pod obiektem: 4,60<\/li>\n\n\n\n<li>dopuszczalna pr\u0119dko\u015b\u0107 poci\u0105g\u00f3w pasa\u017cerskich zwi\u0119kszy si\u0119 z 40 do 70 km\/h, a<\/li>\n\n\n\n<li>towarowych z 40 do 60 k\/h;<\/li>\n\n\n\n<li>poprawa stanu technicznego obiektu in\u017cynieryjnego, dostosowanie do obecnie<\/li>\n\n\n\n<li>obowi\u0105zuj\u0105cych przepis\u00f3w w zakresie m.in. no\u015bno\u015bci, skrajni linii kolejowej oraz poprawa bezpiecze\u0144stwa ruchu poci\u0105g\u00f3w<\/li>\n\n\n\n<li>sprawny transport kolejowy na trasie wa\u017cnej w ruchu mi\u0119dzynarodowym, krajowym i regionalnym<\/li>\n\n\n\n<li>wyeliminowanie ogranicze\u0144 w ruchu drogowym i korzystna zmiana systemu komunikacji w Przemy\u015blu<\/li>\n<\/ul>\n\n\n\n<figure class=\"wp-block-image size-large\"><a href=\"https:\/\/marekkuchcinski.pl\/wp-content\/uploads\/2023\/07\/347424793_673656377913589_6268598938489700128_n.jpg\"><img decoding=\"async\" width=\"1024\" height=\"576\" src=\"https:\/\/marekkuchcinski.pl\/wp-content\/uploads\/2023\/07\/347424793_673656377913589_6268598938489700128_n-1024x576.jpg\" alt=\"\" class=\"wp-image-28857\" srcset=\"https:\/\/marekkuchcinski.pl\/wp-content\/uploads\/2023\/07\/347424793_673656377913589_6268598938489700128_n-1024x576.jpg 1024w, https:\/\/marekkuchcinski.pl\/wp-content\/uploads\/2023\/07\/347424793_673656377913589_6268598938489700128_n-300x169.jpg 300w, https:\/\/marekkuchcinski.pl\/wp-content\/uploads\/2023\/07\/347424793_673656377913589_6268598938489700128_n-768x432.jpg 768w, https:\/\/marekkuchcinski.pl\/wp-content\/uploads\/2023\/07\/347424793_673656377913589_6268598938489700128_n-1536x864.jpg 1536w, https:\/\/marekkuchcinski.pl\/wp-content\/uploads\/2023\/07\/347424793_673656377913589_6268598938489700128_n-18x10.jpg 18w, https:\/\/marekkuchcinski.pl\/wp-content\/uploads\/2023\/07\/347424793_673656377913589_6268598938489700128_n.jpg 1600w\" sizes=\"(max-width: 1024px) 100vw, 1024px\" \/><\/a><\/figure>\n\n\n\n<figure class=\"wp-block-image size-large\"><a href=\"https:\/\/marekkuchcinski.pl\/wp-content\/uploads\/2023\/07\/347562588_673656411246919_3770967904229635823_n.jpg\"><img decoding=\"async\" width=\"1024\" height=\"596\" src=\"https:\/\/marekkuchcinski.pl\/wp-content\/uploads\/2023\/07\/347562588_673656411246919_3770967904229635823_n-1024x596.jpg\" alt=\"\" class=\"wp-image-28858\" srcset=\"https:\/\/marekkuchcinski.pl\/wp-content\/uploads\/2023\/07\/347562588_673656411246919_3770967904229635823_n-1024x596.jpg 1024w, https:\/\/marekkuchcinski.pl\/wp-content\/uploads\/2023\/07\/347562588_673656411246919_3770967904229635823_n-300x175.jpg 300w, https:\/\/marekkuchcinski.pl\/wp-content\/uploads\/2023\/07\/347562588_673656411246919_3770967904229635823_n-768x447.jpg 768w, https:\/\/marekkuchcinski.pl\/wp-content\/uploads\/2023\/07\/347562588_673656411246919_3770967904229635823_n-18x10.jpg 18w, https:\/\/marekkuchcinski.pl\/wp-content\/uploads\/2023\/07\/347562588_673656411246919_3770967904229635823_n.jpg 1424w\" sizes=\"(max-width: 1024px) 100vw, 1024px\" \/><\/a><\/figure>\n\n\n\n<figure class=\"wp-block-image size-large\"><a href=\"https:\/\/marekkuchcinski.pl\/wp-content\/uploads\/2023\/07\/347585757_673656431246917_2875736339836010507_n.jpg\"><img loading=\"lazy\" decoding=\"async\" width=\"1024\" height=\"593\" src=\"https:\/\/marekkuchcinski.pl\/wp-content\/uploads\/2023\/07\/347585757_673656431246917_2875736339836010507_n-1024x593.jpg\" alt=\"\" class=\"wp-image-28859\" srcset=\"https:\/\/marekkuchcinski.pl\/wp-content\/uploads\/2023\/07\/347585757_673656431246917_2875736339836010507_n-1024x593.jpg 1024w, https:\/\/marekkuchcinski.pl\/wp-content\/uploads\/2023\/07\/347585757_673656431246917_2875736339836010507_n-300x174.jpg 300w, https:\/\/marekkuchcinski.pl\/wp-content\/uploads\/2023\/07\/347585757_673656431246917_2875736339836010507_n-768x444.jpg 768w, https:\/\/marekkuchcinski.pl\/wp-content\/uploads\/2023\/07\/347585757_673656431246917_2875736339836010507_n-1536x889.jpg 1536w, https:\/\/marekkuchcinski.pl\/wp-content\/uploads\/2023\/07\/347585757_673656431246917_2875736339836010507_n-18x10.jpg 18w, https:\/\/marekkuchcinski.pl\/wp-content\/uploads\/2023\/07\/347585757_673656431246917_2875736339836010507_n.jpg 1557w\" sizes=\"(max-width: 1024px) 100vw, 1024px\" \/><\/a><\/figure>\n\n\n\n<figure class=\"wp-block-image size-large\"><a href=\"https:\/\/marekkuchcinski.pl\/wp-content\/uploads\/2023\/07\/347610895_673656347913592_6835950703964960968_n.jpg\"><img loading=\"lazy\" decoding=\"async\" width=\"1024\" height=\"576\" src=\"https:\/\/marekkuchcinski.pl\/wp-content\/uploads\/2023\/07\/347610895_673656347913592_6835950703964960968_n-1024x576.jpg\" alt=\"\" class=\"wp-image-28860\" srcset=\"https:\/\/marekkuchcinski.pl\/wp-content\/uploads\/2023\/07\/347610895_673656347913592_6835950703964960968_n-1024x576.jpg 1024w, https:\/\/marekkuchcinski.pl\/wp-content\/uploads\/2023\/07\/347610895_673656347913592_6835950703964960968_n-300x169.jpg 300w, https:\/\/marekkuchcinski.pl\/wp-content\/uploads\/2023\/07\/347610895_673656347913592_6835950703964960968_n-768x432.jpg 768w, https:\/\/marekkuchcinski.pl\/wp-content\/uploads\/2023\/07\/347610895_673656347913592_6835950703964960968_n-1536x864.jpg 1536w, https:\/\/marekkuchcinski.pl\/wp-content\/uploads\/2023\/07\/347610895_673656347913592_6835950703964960968_n-18x10.jpg 18w, https:\/\/marekkuchcinski.pl\/wp-content\/uploads\/2023\/07\/347610895_673656347913592_6835950703964960968_n.jpg 1600w\" sizes=\"(max-width: 1024px) 100vw, 1024px\" \/><\/a><\/figure>\n\n\n\n<figure class=\"wp-block-image size-large\"><a href=\"https:\/\/marekkuchcinski.pl\/wp-content\/uploads\/2023\/07\/347447876_673656401246920_1959263873930666435_n.jpg\"><img loading=\"lazy\" decoding=\"async\" width=\"1024\" height=\"682\" src=\"https:\/\/marekkuchcinski.pl\/wp-content\/uploads\/2023\/07\/347447876_673656401246920_1959263873930666435_n-1024x682.jpg\" alt=\"\" class=\"wp-image-28861\" srcset=\"https:\/\/marekkuchcinski.pl\/wp-content\/uploads\/2023\/07\/347447876_673656401246920_1959263873930666435_n-1024x682.jpg 1024w, https:\/\/marekkuchcinski.pl\/wp-content\/uploads\/2023\/07\/347447876_673656401246920_1959263873930666435_n-300x200.jpg 300w, https:\/\/marekkuchcinski.pl\/wp-content\/uploads\/2023\/07\/347447876_673656401246920_1959263873930666435_n-768x512.jpg 768w, https:\/\/marekkuchcinski.pl\/wp-content\/uploads\/2023\/07\/347447876_673656401246920_1959263873930666435_n-1536x1023.jpg 1536w, https:\/\/marekkuchcinski.pl\/wp-content\/uploads\/2023\/07\/347447876_673656401246920_1959263873930666435_n-18x12.jpg 18w, https:\/\/marekkuchcinski.pl\/wp-content\/uploads\/2023\/07\/347447876_673656401246920_1959263873930666435_n.jpg 1600w\" sizes=\"(max-width: 1024px) 100vw, 1024px\" \/><\/a><\/figure>","protected":false},"excerpt":{"rendered":"<p>W kwietniu 2021 roku w Ministerstwie Infrastruktury finalizowali\u015bmy spraw\u0119 budowy nowego mostu kolejowego na Sanie w Przemy\u015blu, dla kolei du\u017cych pr\u0119dko\u015bci. Ustalili\u015bmy wtedy, \u017ce zachowany zostanie historyczny charakter obiektu, a nowy most zostanie wybudowany mi\u0119dzy zabytkowymi ponad 100-letnimi prz\u0119s\u0142ami, ratuj\u0105c w ten spos\u00f3b zabytkowy krajobraz miasta. Prace s\u0105 intensywne, a dzi\u015b wmurowali\u015bmy kapsu\u0142\u0119 czasu. Most [&hellip;]<\/p>","protected":false},"author":21,"featured_media":28859,"comment_status":"closed","ping_status":"open","sticky":false,"template":"","format":"standard","meta":{"ngg_post_thumbnail":0,"footnotes":""},"categories":[3],"tags":[],"class_list":["post-28853","post","type-post","status-publish","format-standard","has-post-thumbnail","hentry","category-wydarzenia"],"yoast_head":"<!-- This site is optimized with the Yoast SEO plugin v24.7 - https:\/\/yoast.com\/wordpress\/plugins\/seo\/ -->\n<title>Przemy\u015bl zyska nowoczesny most z zabytkowymi elementami starego. Smaczku doda plenerowa wystawa Muzeum Ziemi Przemyskiej &#8211; Marek Kuchci\u0144ski<\/title>\n<meta name=\"robots\" content=\"index, follow, max-snippet:-1, max-image-preview:large, max-video-preview:-1\" \/>\n<link rel=\"canonical\" href=\"https:\/\/marekkuchcinski.pl\/uk\/wydarzenia\/przemysl-polaczy-nowoczesny-most-z-zabytkowymi-elementami-starego-smaczku-doda-plenerowa-wystawa-muzeum-ziemi-przemyskiej\/\" \/>\n<meta property=\"og:locale\" content=\"uk_UA\" \/>\n<meta property=\"og:type\" content=\"article\" \/>\n<meta property=\"og:title\" content=\"Przemy\u015bl zyska nowoczesny most z zabytkowymi elementami starego. Smaczku doda plenerowa wystawa Muzeum Ziemi Przemyskiej &#8211; Marek Kuchci\u0144ski\" \/>\n<meta property=\"og:description\" content=\"W kwietniu 2021 roku w Ministerstwie Infrastruktury finalizowali\u015bmy spraw\u0119 budowy nowego mostu kolejowego na Sanie w Przemy\u015blu, dla kolei du\u017cych pr\u0119dko\u015bci. Ustalili\u015bmy wtedy, \u017ce zachowany zostanie historyczny charakter obiektu, a nowy most zostanie wybudowany mi\u0119dzy zabytkowymi ponad 100-letnimi prz\u0119s\u0142ami, ratuj\u0105c w ten spos\u00f3b zabytkowy krajobraz miasta. Prace s\u0105 intensywne, a dzi\u015b wmurowali\u015bmy kapsu\u0142\u0119 czasu. Most [&hellip;]\" \/>\n<meta property=\"og:url\" content=\"https:\/\/marekkuchcinski.pl\/uk\/wydarzenia\/przemysl-polaczy-nowoczesny-most-z-zabytkowymi-elementami-starego-smaczku-doda-plenerowa-wystawa-muzeum-ziemi-przemyskiej\/\" \/>\n<meta property=\"og:site_name\" content=\"Marek Kuchci\u0144ski\" \/>\n<meta property=\"article:published_time\" content=\"2023-07-10T16:48:07+00:00\" \/>\n<meta property=\"article:modified_time\" content=\"2023-07-10T16:50:20+00:00\" \/>\n<meta property=\"og:image\" content=\"https:\/\/marekkuchcinski.pl\/wp-content\/uploads\/2023\/07\/347585757_673656431246917_2875736339836010507_n.jpg\" \/>\n\t<meta property=\"og:image:width\" content=\"1557\" \/>\n\t<meta property=\"og:image:height\" content=\"901\" \/>\n\t<meta property=\"og:image:type\" content=\"image\/jpeg\" \/>\n<meta name=\"author\" content=\"Marta Olejnik\" \/>\n<meta name=\"twitter:card\" content=\"summary_large_image\" \/>\n<meta name=\"twitter:label1\" content=\"\u041d\u0430\u043f\u0438\u0441\u0430\u043d\u043e\" \/>\n\t<meta name=\"twitter:data1\" content=\"Marta Olejnik\" \/>\n\t<meta name=\"twitter:label2\" content=\"\u041f\u0440\u0438\u0431\u043b. \u0447\u0430\u0441 \u0447\u0438\u0442\u0430\u043d\u043d\u044f\" \/>\n\t<meta name=\"twitter:data2\" content=\"4 \u0445\u0432\u0438\u043b\u0438\u043d\u0438\" \/>\n<script type=\"application\/ld+json\" class=\"yoast-schema-graph\">{\"@context\":\"https:\/\/schema.org\",\"@graph\":[{\"@type\":\"Article\",\"@id\":\"https:\/\/marekkuchcinski.pl\/wydarzenia\/przemysl-polaczy-nowoczesny-most-z-zabytkowymi-elementami-starego-smaczku-doda-plenerowa-wystawa-muzeum-ziemi-przemyskiej\/#article\",\"isPartOf\":{\"@id\":\"https:\/\/marekkuchcinski.pl\/wydarzenia\/przemysl-polaczy-nowoczesny-most-z-zabytkowymi-elementami-starego-smaczku-doda-plenerowa-wystawa-muzeum-ziemi-przemyskiej\/\"},\"author\":{\"name\":\"Marta Olejnik\",\"@id\":\"https:\/\/marekkuchcinski.pl\/#\/schema\/person\/51d5d4ee3b5317b8e4dd2b48af359229\"},\"headline\":\"Przemy\u015bl zyska nowoczesny most z zabytkowymi elementami starego. Smaczku doda plenerowa wystawa Muzeum Ziemi Przemyskiej\",\"datePublished\":\"2023-07-10T16:48:07+00:00\",\"dateModified\":\"2023-07-10T16:50:20+00:00\",\"mainEntityOfPage\":{\"@id\":\"https:\/\/marekkuchcinski.pl\/wydarzenia\/przemysl-polaczy-nowoczesny-most-z-zabytkowymi-elementami-starego-smaczku-doda-plenerowa-wystawa-muzeum-ziemi-przemyskiej\/\"},\"wordCount\":427,\"publisher\":{\"@id\":\"https:\/\/marekkuchcinski.pl\/#organization\"},\"image\":{\"@id\":\"https:\/\/marekkuchcinski.pl\/wydarzenia\/przemysl-polaczy-nowoczesny-most-z-zabytkowymi-elementami-starego-smaczku-doda-plenerowa-wystawa-muzeum-ziemi-przemyskiej\/#primaryimage\"},\"thumbnailUrl\":\"https:\/\/marekkuchcinski.pl\/wp-content\/uploads\/2023\/07\/347585757_673656431246917_2875736339836010507_n.jpg\",\"articleSection\":[\"Wydarzenia\"],\"inLanguage\":\"uk\"},{\"@type\":\"WebPage\",\"@id\":\"https:\/\/marekkuchcinski.pl\/wydarzenia\/przemysl-polaczy-nowoczesny-most-z-zabytkowymi-elementami-starego-smaczku-doda-plenerowa-wystawa-muzeum-ziemi-przemyskiej\/\",\"url\":\"https:\/\/marekkuchcinski.pl\/wydarzenia\/przemysl-polaczy-nowoczesny-most-z-zabytkowymi-elementami-starego-smaczku-doda-plenerowa-wystawa-muzeum-ziemi-przemyskiej\/\",\"name\":\"Przemy\u015bl zyska nowoczesny most z zabytkowymi elementami starego. Smaczku doda plenerowa wystawa Muzeum Ziemi Przemyskiej &#8211; Marek Kuchci\u0144ski\",\"isPartOf\":{\"@id\":\"https:\/\/marekkuchcinski.pl\/#website\"},\"primaryImageOfPage\":{\"@id\":\"https:\/\/marekkuchcinski.pl\/wydarzenia\/przemysl-polaczy-nowoczesny-most-z-zabytkowymi-elementami-starego-smaczku-doda-plenerowa-wystawa-muzeum-ziemi-przemyskiej\/#primaryimage\"},\"image\":{\"@id\":\"https:\/\/marekkuchcinski.pl\/wydarzenia\/przemysl-polaczy-nowoczesny-most-z-zabytkowymi-elementami-starego-smaczku-doda-plenerowa-wystawa-muzeum-ziemi-przemyskiej\/#primaryimage\"},\"thumbnailUrl\":\"https:\/\/marekkuchcinski.pl\/wp-content\/uploads\/2023\/07\/347585757_673656431246917_2875736339836010507_n.jpg\",\"datePublished\":\"2023-07-10T16:48:07+00:00\",\"dateModified\":\"2023-07-10T16:50:20+00:00\",\"breadcrumb\":{\"@id\":\"https:\/\/marekkuchcinski.pl\/wydarzenia\/przemysl-polaczy-nowoczesny-most-z-zabytkowymi-elementami-starego-smaczku-doda-plenerowa-wystawa-muzeum-ziemi-przemyskiej\/#breadcrumb\"},\"inLanguage\":\"uk\",\"potentialAction\":[{\"@type\":\"ReadAction\",\"target\":[\"https:\/\/marekkuchcinski.pl\/wydarzenia\/przemysl-polaczy-nowoczesny-most-z-zabytkowymi-elementami-starego-smaczku-doda-plenerowa-wystawa-muzeum-ziemi-przemyskiej\/\"]}]},{\"@type\":\"ImageObject\",\"inLanguage\":\"uk\",\"@id\":\"https:\/\/marekkuchcinski.pl\/wydarzenia\/przemysl-polaczy-nowoczesny-most-z-zabytkowymi-elementami-starego-smaczku-doda-plenerowa-wystawa-muzeum-ziemi-przemyskiej\/#primaryimage\",\"url\":\"https:\/\/marekkuchcinski.pl\/wp-content\/uploads\/2023\/07\/347585757_673656431246917_2875736339836010507_n.jpg\",\"contentUrl\":\"https:\/\/marekkuchcinski.pl\/wp-content\/uploads\/2023\/07\/347585757_673656431246917_2875736339836010507_n.jpg\",\"width\":1557,\"height\":901},{\"@type\":\"BreadcrumbList\",\"@id\":\"https:\/\/marekkuchcinski.pl\/wydarzenia\/przemysl-polaczy-nowoczesny-most-z-zabytkowymi-elementami-starego-smaczku-doda-plenerowa-wystawa-muzeum-ziemi-przemyskiej\/#breadcrumb\",\"itemListElement\":[{\"@type\":\"ListItem\",\"position\":1,\"name\":\"Strona g\u0142\u00f3wna\",\"item\":\"https:\/\/marekkuchcinski.pl\/\"},{\"@type\":\"ListItem\",\"position\":2,\"name\":\"Przemy\u015bl zyska nowoczesny most z zabytkowymi elementami starego. Smaczku doda plenerowa wystawa Muzeum Ziemi Przemyskiej\"}]},{\"@type\":\"WebSite\",\"@id\":\"https:\/\/marekkuchcinski.pl\/#website\",\"url\":\"https:\/\/marekkuchcinski.pl\/\",\"name\":\"Marek Kuchci\u0144ski\",\"description\":\"Pose\u0142 na sejm RP &ndash; okr\u0119g nr 22\",\"publisher\":{\"@id\":\"https:\/\/marekkuchcinski.pl\/#organization\"},\"potentialAction\":[{\"@type\":\"SearchAction\",\"target\":{\"@type\":\"EntryPoint\",\"urlTemplate\":\"https:\/\/marekkuchcinski.pl\/?s={search_term_string}\"},\"query-input\":{\"@type\":\"PropertyValueSpecification\",\"valueRequired\":true,\"valueName\":\"search_term_string\"}}],\"inLanguage\":\"uk\"},{\"@type\":\"Organization\",\"@id\":\"https:\/\/marekkuchcinski.pl\/#organization\",\"name\":\"Marek Kuchci\u0144ski\",\"url\":\"https:\/\/marekkuchcinski.pl\/\",\"logo\":{\"@type\":\"ImageObject\",\"inLanguage\":\"uk\",\"@id\":\"https:\/\/marekkuchcinski.pl\/#\/schema\/logo\/image\/\",\"url\":\"https:\/\/marekkuchcinski.pl\/wp-content\/uploads\/2022\/09\/Marek.jpg\",\"contentUrl\":\"https:\/\/marekkuchcinski.pl\/wp-content\/uploads\/2022\/09\/Marek.jpg\",\"width\":1600,\"height\":971,\"caption\":\"Marek Kuchci\u0144ski\"},\"image\":{\"@id\":\"https:\/\/marekkuchcinski.pl\/#\/schema\/logo\/image\/\"}},{\"@type\":\"Person\",\"@id\":\"https:\/\/marekkuchcinski.pl\/#\/schema\/person\/51d5d4ee3b5317b8e4dd2b48af359229\",\"name\":\"Marta Olejnik\",\"image\":{\"@type\":\"ImageObject\",\"inLanguage\":\"uk\",\"@id\":\"https:\/\/marekkuchcinski.pl\/#\/schema\/person\/image\/\",\"url\":\"https:\/\/secure.gravatar.com\/avatar\/e39914b2aa6a48959e24d475b5dc9793?s=96&d=mm&r=g\",\"contentUrl\":\"https:\/\/secure.gravatar.com\/avatar\/e39914b2aa6a48959e24d475b5dc9793?s=96&d=mm&r=g\",\"caption\":\"Marta Olejnik\"},\"url\":\"https:\/\/marekkuchcinski.pl\/uk\/author\/marta\/\"}]}<\/script>\n<!-- \/ Yoast SEO plugin. -->","yoast_head_json":{"title":"Przemy\u015bl zyska nowoczesny most z zabytkowymi elementami starego. Smaczku doda plenerowa wystawa Muzeum Ziemi Przemyskiej &#8211; Marek Kuchci\u0144ski","robots":{"index":"index","follow":"follow","max-snippet":"max-snippet:-1","max-image-preview":"max-image-preview:large","max-video-preview":"max-video-preview:-1"},"canonical":"https:\/\/marekkuchcinski.pl\/uk\/wydarzenia\/przemysl-polaczy-nowoczesny-most-z-zabytkowymi-elementami-starego-smaczku-doda-plenerowa-wystawa-muzeum-ziemi-przemyskiej\/","og_locale":"uk_UA","og_type":"article","og_title":"Przemy\u015bl zyska nowoczesny most z zabytkowymi elementami starego. Smaczku doda plenerowa wystawa Muzeum Ziemi Przemyskiej &#8211; Marek Kuchci\u0144ski","og_description":"W kwietniu 2021 roku w Ministerstwie Infrastruktury finalizowali\u015bmy spraw\u0119 budowy nowego mostu kolejowego na Sanie w Przemy\u015blu, dla kolei du\u017cych pr\u0119dko\u015bci. Ustalili\u015bmy wtedy, \u017ce zachowany zostanie historyczny charakter obiektu, a nowy most zostanie wybudowany mi\u0119dzy zabytkowymi ponad 100-letnimi prz\u0119s\u0142ami, ratuj\u0105c w ten spos\u00f3b zabytkowy krajobraz miasta. Prace s\u0105 intensywne, a dzi\u015b wmurowali\u015bmy kapsu\u0142\u0119 czasu. Most [&hellip;]","og_url":"https:\/\/marekkuchcinski.pl\/uk\/wydarzenia\/przemysl-polaczy-nowoczesny-most-z-zabytkowymi-elementami-starego-smaczku-doda-plenerowa-wystawa-muzeum-ziemi-przemyskiej\/","og_site_name":"Marek Kuchci\u0144ski","article_published_time":"2023-07-10T16:48:07+00:00","article_modified_time":"2023-07-10T16:50:20+00:00","og_image":[{"width":1557,"height":901,"url":"https:\/\/marekkuchcinski.pl\/wp-content\/uploads\/2023\/07\/347585757_673656431246917_2875736339836010507_n.jpg","type":"image\/jpeg"}],"author":"Marta Olejnik","twitter_card":"summary_large_image","twitter_misc":{"\u041d\u0430\u043f\u0438\u0441\u0430\u043d\u043e":"Marta Olejnik","\u041f\u0440\u0438\u0431\u043b. \u0447\u0430\u0441 \u0447\u0438\u0442\u0430\u043d\u043d\u044f":"4 \u0445\u0432\u0438\u043b\u0438\u043d\u0438"},"schema":{"@context":"https:\/\/schema.org","@graph":[{"@type":"Article","@id":"https:\/\/marekkuchcinski.pl\/wydarzenia\/przemysl-polaczy-nowoczesny-most-z-zabytkowymi-elementami-starego-smaczku-doda-plenerowa-wystawa-muzeum-ziemi-przemyskiej\/#article","isPartOf":{"@id":"https:\/\/marekkuchcinski.pl\/wydarzenia\/przemysl-polaczy-nowoczesny-most-z-zabytkowymi-elementami-starego-smaczku-doda-plenerowa-wystawa-muzeum-ziemi-przemyskiej\/"},"author":{"name":"Marta Olejnik","@id":"https:\/\/marekkuchcinski.pl\/#\/schema\/person\/51d5d4ee3b5317b8e4dd2b48af359229"},"headline":"Przemy\u015bl zyska nowoczesny most z zabytkowymi elementami starego. Smaczku doda plenerowa wystawa Muzeum Ziemi Przemyskiej","datePublished":"2023-07-10T16:48:07+00:00","dateModified":"2023-07-10T16:50:20+00:00","mainEntityOfPage":{"@id":"https:\/\/marekkuchcinski.pl\/wydarzenia\/przemysl-polaczy-nowoczesny-most-z-zabytkowymi-elementami-starego-smaczku-doda-plenerowa-wystawa-muzeum-ziemi-przemyskiej\/"},"wordCount":427,"publisher":{"@id":"https:\/\/marekkuchcinski.pl\/#organization"},"image":{"@id":"https:\/\/marekkuchcinski.pl\/wydarzenia\/przemysl-polaczy-nowoczesny-most-z-zabytkowymi-elementami-starego-smaczku-doda-plenerowa-wystawa-muzeum-ziemi-przemyskiej\/#primaryimage"},"thumbnailUrl":"https:\/\/marekkuchcinski.pl\/wp-content\/uploads\/2023\/07\/347585757_673656431246917_2875736339836010507_n.jpg","articleSection":["Wydarzenia"],"inLanguage":"uk"},{"@type":"WebPage","@id":"https:\/\/marekkuchcinski.pl\/wydarzenia\/przemysl-polaczy-nowoczesny-most-z-zabytkowymi-elementami-starego-smaczku-doda-plenerowa-wystawa-muzeum-ziemi-przemyskiej\/","url":"https:\/\/marekkuchcinski.pl\/wydarzenia\/przemysl-polaczy-nowoczesny-most-z-zabytkowymi-elementami-starego-smaczku-doda-plenerowa-wystawa-muzeum-ziemi-przemyskiej\/","name":"Przemy\u015bl zyska nowoczesny most z zabytkowymi elementami starego. Smaczku doda plenerowa wystawa Muzeum Ziemi Przemyskiej &#8211; Marek Kuchci\u0144ski","isPartOf":{"@id":"https:\/\/marekkuchcinski.pl\/#website"},"primaryImageOfPage":{"@id":"https:\/\/marekkuchcinski.pl\/wydarzenia\/przemysl-polaczy-nowoczesny-most-z-zabytkowymi-elementami-starego-smaczku-doda-plenerowa-wystawa-muzeum-ziemi-przemyskiej\/#primaryimage"},"image":{"@id":"https:\/\/marekkuchcinski.pl\/wydarzenia\/przemysl-polaczy-nowoczesny-most-z-zabytkowymi-elementami-starego-smaczku-doda-plenerowa-wystawa-muzeum-ziemi-przemyskiej\/#primaryimage"},"thumbnailUrl":"https:\/\/marekkuchcinski.pl\/wp-content\/uploads\/2023\/07\/347585757_673656431246917_2875736339836010507_n.jpg","datePublished":"2023-07-10T16:48:07+00:00","dateModified":"2023-07-10T16:50:20+00:00","breadcrumb":{"@id":"https:\/\/marekkuchcinski.pl\/wydarzenia\/przemysl-polaczy-nowoczesny-most-z-zabytkowymi-elementami-starego-smaczku-doda-plenerowa-wystawa-muzeum-ziemi-przemyskiej\/#breadcrumb"},"inLanguage":"uk","potentialAction":[{"@type":"ReadAction","target":["https:\/\/marekkuchcinski.pl\/wydarzenia\/przemysl-polaczy-nowoczesny-most-z-zabytkowymi-elementami-starego-smaczku-doda-plenerowa-wystawa-muzeum-ziemi-przemyskiej\/"]}]},{"@type":"ImageObject","inLanguage":"uk","@id":"https:\/\/marekkuchcinski.pl\/wydarzenia\/przemysl-polaczy-nowoczesny-most-z-zabytkowymi-elementami-starego-smaczku-doda-plenerowa-wystawa-muzeum-ziemi-przemyskiej\/#primaryimage","url":"https:\/\/marekkuchcinski.pl\/wp-content\/uploads\/2023\/07\/347585757_673656431246917_2875736339836010507_n.jpg","contentUrl":"https:\/\/marekkuchcinski.pl\/wp-content\/uploads\/2023\/07\/347585757_673656431246917_2875736339836010507_n.jpg","width":1557,"height":901},{"@type":"BreadcrumbList","@id":"https:\/\/marekkuchcinski.pl\/wydarzenia\/przemysl-polaczy-nowoczesny-most-z-zabytkowymi-elementami-starego-smaczku-doda-plenerowa-wystawa-muzeum-ziemi-przemyskiej\/#breadcrumb","itemListElement":[{"@type":"ListItem","position":1,"name":"Strona g\u0142\u00f3wna","item":"https:\/\/marekkuchcinski.pl\/"},{"@type":"ListItem","position":2,"name":"Przemy\u015bl zyska nowoczesny most z zabytkowymi elementami starego. Smaczku doda plenerowa wystawa Muzeum Ziemi Przemyskiej"}]},{"@type":"WebSite","@id":"https:\/\/marekkuchcinski.pl\/#website","url":"https:\/\/marekkuchcinski.pl\/","name":"Marek Kuchci\u0144ski","description":"Pose\u0142 na sejm RP &ndash; okr\u0119g nr 22","publisher":{"@id":"https:\/\/marekkuchcinski.pl\/#organization"},"potentialAction":[{"@type":"SearchAction","target":{"@type":"EntryPoint","urlTemplate":"https:\/\/marekkuchcinski.pl\/?s={search_term_string}"},"query-input":{"@type":"PropertyValueSpecification","valueRequired":true,"valueName":"search_term_string"}}],"inLanguage":"uk"},{"@type":"Organization","@id":"https:\/\/marekkuchcinski.pl\/#organization","name":"Marek Kuchci\u0144ski","url":"https:\/\/marekkuchcinski.pl\/","logo":{"@type":"ImageObject","inLanguage":"uk","@id":"https:\/\/marekkuchcinski.pl\/#\/schema\/logo\/image\/","url":"https:\/\/marekkuchcinski.pl\/wp-content\/uploads\/2022\/09\/Marek.jpg","contentUrl":"https:\/\/marekkuchcinski.pl\/wp-content\/uploads\/2022\/09\/Marek.jpg","width":1600,"height":971,"caption":"Marek Kuchci\u0144ski"},"image":{"@id":"https:\/\/marekkuchcinski.pl\/#\/schema\/logo\/image\/"}},{"@type":"Person","@id":"https:\/\/marekkuchcinski.pl\/#\/schema\/person\/51d5d4ee3b5317b8e4dd2b48af359229","name":"Marta Olejnik","image":{"@type":"ImageObject","inLanguage":"uk","@id":"https:\/\/marekkuchcinski.pl\/#\/schema\/person\/image\/","url":"https:\/\/secure.gravatar.com\/avatar\/e39914b2aa6a48959e24d475b5dc9793?s=96&d=mm&r=g","contentUrl":"https:\/\/secure.gravatar.com\/avatar\/e39914b2aa6a48959e24d475b5dc9793?s=96&d=mm&r=g","caption":"Marta Olejnik"},"url":"https:\/\/marekkuchcinski.pl\/uk\/author\/marta\/"}]}},"_links":{"self":[{"href":"https:\/\/marekkuchcinski.pl\/uk\/wp-json\/wp\/v2\/posts\/28853","targetHints":{"allow":["GET"]}}],"collection":[{"href":"https:\/\/marekkuchcinski.pl\/uk\/wp-json\/wp\/v2\/posts"}],"about":[{"href":"https:\/\/marekkuchcinski.pl\/uk\/wp-json\/wp\/v2\/types\/post"}],"author":[{"embeddable":true,"href":"https:\/\/marekkuchcinski.pl\/uk\/wp-json\/wp\/v2\/users\/21"}],"replies":[{"embeddable":true,"href":"https:\/\/marekkuchcinski.pl\/uk\/wp-json\/wp\/v2\/comments?post=28853"}],"version-history":[{"count":3,"href":"https:\/\/marekkuchcinski.pl\/uk\/wp-json\/wp\/v2\/posts\/28853\/revisions"}],"predecessor-version":[{"id":28863,"href":"https:\/\/marekkuchcinski.pl\/uk\/wp-json\/wp\/v2\/posts\/28853\/revisions\/28863"}],"wp:featuredmedia":[{"embeddable":true,"href":"https:\/\/marekkuchcinski.pl\/uk\/wp-json\/wp\/v2\/media\/28859"}],"wp:attachment":[{"href":"https:\/\/marekkuchcinski.pl\/uk\/wp-json\/wp\/v2\/media?parent=28853"}],"wp:term":[{"taxonomy":"category","embeddable":true,"href":"https:\/\/marekkuchcinski.pl\/uk\/wp-json\/wp\/v2\/categories?post=28853"},{"taxonomy":"post_tag","embeddable":true,"href":"https:\/\/marekkuchcinski.pl\/uk\/wp-json\/wp\/v2\/tags?post=28853"}],"curies":[{"name":"wp","href":"https:\/\/api.w.org\/{rel}","templated":true}]}}