{"id":288,"date":"2012-12-14T11:29:43","date_gmt":"2012-12-14T10:29:43","guid":{"rendered":"https:\/\/marekkuchcinski.pl\/?p=288"},"modified":"2016-08-25T16:59:51","modified_gmt":"2016-08-25T14:59:51","slug":"poslowie-pis-i-eksperci-o-budzecie-samorzadow","status":"publish","type":"post","link":"https:\/\/marekkuchcinski.pl\/uk\/w-mediach\/informacje-prasowe\/poslowie-pis-i-eksperci-o-budzecie-samorzadow\/","title":{"rendered":"\u0414\u0435\u043f\u0443\u0442\u0430\u0442\u0438 \u0432\u0456\u0434 \"\u041f\u0440\u0430\u0432\u0430 \u0456 \u0441\u043f\u0440\u0430\u0432\u0435\u0434\u043b\u0438\u0432\u043e\u0441\u0442\u0456\" \u0442\u0430 \u0435\u043a\u0441\u043f\u0435\u0440\u0442\u0438 \u043f\u0440\u043e \u0431\u044e\u0434\u0436\u0435\u0442 \u043c\u0456\u0441\u0446\u0435\u0432\u043e\u0433\u043e \u0441\u0430\u043c\u043e\u0432\u0440\u044f\u0434\u0443\u0432\u0430\u043d\u043d\u044f"},"content":{"rendered":"<p style=\"text-align: center;\">\u0423 \u043f\u043e\u043d\u0435\u0434\u0456\u043b\u043e\u043a, 29 \u0436\u043e\u0432\u0442\u043d\u044f, \u0443 \u041a\u043e\u043b\u043e\u043d\u043d\u0456\u0439 \u0437\u0430\u043b\u0456 \u0421\u0435\u0439\u043c\u0443<br \/> \u043f\u0440\u043e\u0432\u0435\u0434\u0435\u043d\u043e \u0435\u043a\u0441\u043f\u0435\u0440\u0442\u043d\u0443 \u043a\u043e\u043d\u0444\u0435\u0440\u0435\u043d\u0446\u0456\u044e:<br \/> \"\u041c\u0456\u0441\u0446\u0435\u0432\u0435 \u0441\u0430\u043c\u043e\u0432\u0440\u044f\u0434\u0443\u0432\u0430\u043d\u043d\u044f \u0432 \u041f\u043e\u043b\u044c\u0449\u0456 \u0443 \u0441\u0432\u0456\u0442\u043b\u0456 \u0434\u0435\u0440\u0436\u0430\u0432\u043d\u043e\u0433\u043e \u0431\u044e\u0434\u0436\u0435\u0442\u0443 2013 \u0440\u043e\u043a\u0443\".<br \/> \u0437\u0430 \u0443\u0447\u0430\u0441\u0442\u044e \u041f\u0440\u0435\u0437\u0438\u0434\u0435\u043d\u0442\u0430 \u043f\u0430\u0440\u0442\u0456\u0457 \"\u041f\u0440\u0430\u0432\u043e \u0456 \u0441\u043f\u0440\u0430\u0432\u0435\u0434\u043b\u0438\u0432\u0456\u0441\u0442\u044c\" \u042f\u0440\u043e\u0441\u043b\u0430\u0432\u0430 \u041a\u0430\u0447\u0438\u043d\u0441\u044c\u043a\u043e\u0433\u043e, \u0412\u0456\u0446\u0435-\u0441\u043f\u0456\u043a\u0435\u0440\u0430 \u043f\u043e\u043b\u044c\u0441\u044c\u043a\u043e\u0433\u043e \u043f\u0430\u0440\u043b\u0430\u043c\u0435\u043d\u0442\u0443 \u041c\u0430\u0440\u0435\u043a\u0430 \u041a\u0443\u0445\u0446\u0456\u043d\u0441\u044c\u043a\u043e\u0433\u043e<br \/> \u0442\u0430 \u043a\u0430\u043d\u0434\u0438\u0434\u0430\u0442\u0430 \u043d\u0430 \u043f\u043e\u0441\u0430\u0434\u0443 \u041f\u0440\u0435\u043c'\u0454\u0440-\u043c\u0456\u043d\u0456\u0441\u0442\u0440\u0430 \u0437\u0430 \u0440\u0435\u043a\u043e\u043c\u0435\u043d\u0434\u0430\u0446\u0456\u0454\u044e \u043f\u0430\u0440\u0442\u0456\u0457 \"\u041f\u0440\u0430\u0432\u043e \u0456 \u0441\u043f\u0440\u0430\u0432\u0435\u0434\u043b\u0438\u0432\u0456\u0441\u0442\u044c\", \u043f\u0440\u043e\u0444\u0435\u0441\u043e\u0440\u0430 \u041f\u044c\u043e\u0442\u0440\u0430 \u0413\u043b\u0456\u043d\u0441\u044c\u043a\u043e\u0433\u043e.<\/p>","protected":false},"excerpt":{"rendered":"<p>W poniedzia\u0142ek, 29 pa\u017adziernika w Sali Kolumnowej Sejmu odby\u0142a si\u0119 konferencja ekspercka: \u201eSamorz\u0105d terytorialny w Polsce w \u015bwietle bud\u017cetu pa\u0144stwa na 2013 rok&#8221; z udzia\u0142em prezesa PiS Jaros\u0142awa Kaczy\u0144skiego, wicemarsza\u0142ka Sejmu RP Marka Kuchci\u0144skiego oraz kandydata na premiera z rekomendacji PiS &#8211; prof. Piotra Gli\u0144skiego.<\/p>","protected":false},"author":6,"featured_media":0,"comment_status":"open","ping_status":"open","sticky":false,"template":"","format":"standard","meta":{"ngg_post_thumbnail":0,"footnotes":""},"categories":[46],"tags":[],"class_list":["post-288","post","type-post","status-publish","format-standard","hentry","category-informacje-prasowe"],"_links":{"self":[{"href":"https:\/\/marekkuchcinski.pl\/uk\/wp-json\/wp\/v2\/posts\/288","targetHints":{"allow":["GET"]}}],"collection":[{"href":"https:\/\/marekkuchcinski.pl\/uk\/wp-json\/wp\/v2\/posts"}],"about":[{"href":"https:\/\/marekkuchcinski.pl\/uk\/wp-json\/wp\/v2\/types\/post"}],"author":[{"embeddable":true,"href":"https:\/\/marekkuchcinski.pl\/uk\/wp-json\/wp\/v2\/users\/6"}],"replies":[{"embeddable":true,"href":"https:\/\/marekkuchcinski.pl\/uk\/wp-json\/wp\/v2\/comments?post=288"}],"version-history":[{"count":1,"href":"https:\/\/marekkuchcinski.pl\/uk\/wp-json\/wp\/v2\/posts\/288\/revisions"}],"predecessor-version":[{"id":1480,"href":"https:\/\/marekkuchcinski.pl\/uk\/wp-json\/wp\/v2\/posts\/288\/revisions\/1480"}],"wp:attachment":[{"href":"https:\/\/marekkuchcinski.pl\/uk\/wp-json\/wp\/v2\/media?parent=288"}],"wp:term":[{"taxonomy":"category","embeddable":true,"href":"https:\/\/marekkuchcinski.pl\/uk\/wp-json\/wp\/v2\/categories?post=288"},{"taxonomy":"post_tag","embeddable":true,"href":"https:\/\/marekkuchcinski.pl\/uk\/wp-json\/wp\/v2\/tags?post=288"}],"curies":[{"name":"wp","href":"https:\/\/api.w.org\/{rel}","templated":true}]}}