{"id":28180,"date":"2023-03-17T15:36:31","date_gmt":"2023-03-17T14:36:31","guid":{"rendered":"https:\/\/marekkuchcinski.pl\/?p=28180"},"modified":"2023-03-17T15:37:28","modified_gmt":"2023-03-17T14:37:28","slug":"17-marca-1994-r-zmarl-zbigniew-kuchcinski-zalozyciel-zalozyciel-stowarzyszenia-pamieci-orlat-przemyskich-oraz-pc-w-przemyslu","status":"publish","type":"post","link":"https:\/\/marekkuchcinski.pl\/uk\/wydarzenia\/17-marca-1994-r-zmarl-zbigniew-kuchcinski-zalozyciel-zalozyciel-stowarzyszenia-pamieci-orlat-przemyskich-oraz-pc-w-przemyslu\/","title":{"rendered":"17 \u0431\u0435\u0440\u0435\u0437\u043d\u044f 1994 \u0440\u043e\u043a\u0443 \u043f\u043e\u043c\u0435\u0440 \u0417\u0431\u0456\u0433\u043d\u0454\u0432 \u041a\u0443\u0445\u0446\u0456\u043d\u0441\u044c\u043a\u0438\u0439, \u0437\u0430\u0441\u043d\u043e\u0432\u043d\u0438\u043a \u0422\u043e\u0432\u0430\u0440\u0438\u0441\u0442\u0432\u0430 \u043f\u0430\u043c\u2019\u044f\u0442\u0456 \u043f\u0435\u0440\u0435\u043c\u0438\u0448\u043b\u044c\u0441\u044c\u043a\u0438\u0445 \u043e\u0440\u043b\u044f\u0442, \u0422\u043e\u0432\u0430\u0440\u0438\u0441\u0442\u0432\u0430 \u043b\u044e\u0431\u0438\u0442\u0435\u043b\u0456\u0432 \u041b\u044c\u0432\u043e\u0432\u0430 \u0442\u0430 \u041f\u041a \u0443 \u041f\u0435\u0440\u0435\u043c\u0438\u0448\u043b\u0456."},"content":{"rendered":"<p>\u0411\u0430\u0442\u044c\u043a\u043e \u043a\u043e\u043b\u0438\u0448\u043d\u044c\u043e\u0433\u043e \u043c\u0430\u0440\u0448\u0430\u043b\u043a\u0430 \u0421\u0435\u0439\u043c\u0443, \u0430 \u043d\u0438\u043d\u0456\u0448\u043d\u044c\u043e\u0433\u043e \u043a\u0435\u0440\u0456\u0432\u043d\u0438\u043a\u0430 \u043a\u0430\u043d\u0446\u0435\u043b\u044f\u0440\u0456\u0457 \u043f\u0440\u0435\u043c\u2019\u0454\u0440-\u043c\u0456\u043d\u0456\u0441\u0442\u0440\u0430 \u041c\u0430\u0440\u0435\u043a\u0430 \u041a\u0443\u0445\u0446\u0456\u043d\u0441\u044c\u043a\u043e\u0433\u043e \u043d\u0430\u0440\u043e\u0434\u0438\u0432\u0441\u044f 25 \u0441\u0456\u0447\u043d\u044f 1929 \u0440\u043e\u043a\u0443 \u0432 \u041d\u043e\u0432\u043e\u0441\u0451\u043b\u043a\u0430\u0445 \u0443 \u043f\u0440\u043e\u0432\u0456\u043d\u0446\u0456\u0457 \u041b\u044c\u0432\u0456\u0432.<\/p>\n\n\n\n<p>\u041d\u0430 \u0436\u0430\u043b\u044c, \u0439\u043e\u0433\u043e \u0434\u0438\u0442\u0438\u043d\u0441\u0442\u0432\u043e \u0431\u0443\u043b\u043e \u043f\u043e\u0437\u043d\u0430\u0447\u0435\u043d\u0435 \u0442\u0440\u0430\u0433\u0435\u0434\u0456\u0454\u044e \u0432\u0456\u0439\u043d\u0438, \u043d\u0430\u0441\u0442\u0443\u043f\u043e\u043c \u0440\u0430\u0434\u044f\u043d\u0441\u044c\u043a\u043e\u0457 \u0430\u0440\u043c\u0456\u0457, \u043a\u043e\u0448\u043c\u0430\u0440\u043e\u043c \u043d\u0456\u043c\u0435\u0446\u044c\u043a\u043e\u0457 \u043e\u043a\u0443\u043f\u0430\u0446\u0456\u0457, \u0430 \u043f\u043e\u0442\u0456\u043c \u0442\u0435\u0440\u043e\u0440\u043e\u043c \u0423\u041f\u0410. \u0417\u0431\u0456\u0433\u043d\u0454\u0432 \u041a\u0443\u0445\u0446\u0456\u043d\u0441\u044c\u043a\u0438\u0439 \u0442\u0430 \u0439\u043e\u0433\u043e \u0440\u043e\u0434\u0438\u043d\u0430 \u0431\u0443\u043b\u0438 \u0437\u043c\u0443\u0448\u0435\u043d\u0456 \u0448\u0443\u043a\u0430\u0442\u0438 \u0434\u043e\u043f\u043e\u043c\u043e\u0433\u0438 \u0432 \u0431\u0435\u0437\u043f\u0435\u0447\u043d\u0456\u0448\u0438\u0445 \u0447\u0430\u0441\u0442\u0438\u043d\u0430\u0445 \u043a\u0440\u0430\u0457\u043d\u0438.<\/p>\n\n\n\n<p>\u041f\u043e\u043b\u044f\u043a\u0438 \u0437 \u0432\u043e\u0454\u0432\u043e\u0434\u0441\u0442\u0432 \u0406\u0406 \u0420\u0435\u0447\u0456 \u041f\u043e\u0441\u043f\u043e\u043b\u0438\u0442\u043e\u0457 (\u041b\u044c\u0432\u0456\u0432, \u0421\u0442\u0430\u043d\u0456\u0441\u043b\u0430\u0432\u0456\u0432, \u0422\u0430\u0440\u043d\u043e\u043f\u043e\u043b\u044c) \u043f\u0440\u0438\u0457\u0436\u0434\u0436\u0430\u043b\u0438 \u043f\u043e\u0457\u0437\u0434\u043e\u043c \u0434\u043e \u041f\u0435\u0440\u0435\u043c\u0438\u0448\u043b\u044f, \u0434\u0435 \u0431\u0443\u0432 \u0432\u0435\u043b\u0438\u043a\u0438\u0439 \u0432\u0456\u0434\u0434\u0456\u043b \u0414\u0435\u0440\u0436\u0430\u0432\u043d\u043e\u0457 \u0440\u0435\u043f\u0430\u0442\u0440\u0456\u0430\u0446\u0456\u0439\u043d\u043e\u0457 \u043a\u0430\u043d\u0446\u0435\u043b\u044f\u0440\u0456\u0457. \u041e\u0442\u0440\u0438\u043c\u0430\u0432\u0448\u0438 \u0434\u043e\u043a\u0443\u043c\u0435\u043d\u0442\u0438, \u043e\u0434\u043d\u0456 \u043f\u043e\u0457\u0445\u0430\u043b\u0438 \u0434\u0430\u043b\u0456, \u0456\u043d\u0448\u0456 \u0448\u0443\u043a\u0430\u043b\u0438 \u043f\u0440\u0438\u0442\u0443\u043b\u043a\u0443 \u0432 \u041f\u0435\u0440\u0435\u043c\u0438\u0448\u043b\u0456. \u0422\u0430\u043c \u0440\u043e\u0434\u0438\u043d\u0430 \u041a\u0443\u0445\u0446\u0456\u043d\u0441\u044c\u043a\u0438\u0445 \u0440\u043e\u0437\u043f\u043e\u0447\u0430\u043b\u0430 \u043d\u043e\u0432\u0443 \u0441\u0442\u043e\u0440\u0456\u043d\u043a\u0443 \u0436\u0438\u0442\u0442\u044f. \u0417\u0430\u0432\u0434\u044f\u043a\u0438 \u043f\u0456\u0434\u0440\u043e\u0431\u043b\u0435\u043d\u0438\u043c \u0434\u043e\u043a\u0443\u043c\u0435\u043d\u0442\u0430\u043c \u043d\u0430 \u043a\u0456\u043b\u044c\u043a\u0430 \u0440\u043e\u043a\u0456\u0432 \u043c\u043e\u043b\u043e\u0434\u0448\u0438\u0439 \u0417\u0431\u0456\u0433\u043d\u0454\u0432 \u043d\u0435 \u0440\u043e\u0437\u0434\u0456\u043b\u0438\u0432 \u0434\u043e\u043b\u0456 \u0441\u0432\u043e\u0433\u043e \u0441\u0442\u0430\u0440\u0448\u043e\u0433\u043e \u0431\u0440\u0430\u0442\u0430 \u041c\u0435\u0447\u0438\u0441\u043b\u0430\u0432\u0430, \u044f\u043a\u043e\u0433\u043e \u043f\u0456\u0434\u043b\u0456\u0442\u043a\u043e\u043c \u0432\u0456\u0434\u043f\u0440\u0430\u0432\u0438\u043b\u0438 \u043d\u0430 \u0440\u043e\u0431\u043e\u0442\u0438 \u0434\u043e \u041d\u0456\u043c\u0435\u0447\u0447\u0438\u043d\u0438. \u0417\u0432\u0456\u0434\u0442\u0438 \u043c\u0456\u0439 \u0434\u044f\u0434\u044c\u043a\u043e \u0432\u0442\u0456\u043a \u0434\u043e \u0428\u0432\u0435\u0439\u0446\u0430\u0440\u0456\u0457, \u043f\u043e\u0442\u0456\u043c \u0434\u043e \u0406\u0442\u0430\u043b\u0456\u0457, \u0434\u0435 \u0437\u0430\u043f\u0438\u0441\u0430\u0432\u0441\u044f \u0432 \u0430\u0440\u043c\u0456\u044e \u0433\u0435\u043d\u0435\u0440\u0430\u043b\u0430 \u0410\u043d\u0434\u0435\u0440\u0441\u0430. \u0422\u0430\u043c \u0432\u0456\u043d \u0441\u043b\u0443\u0436\u0438\u0432 \u0434\u043e \u043a\u0456\u043d\u0446\u044f \u0432\u0456\u0439\u043d\u0438. \u0426\u0456\u043a\u0430\u0432\u043e, \u0449\u043e \u0456\u043d\u0448\u0438\u0439 \u0437\u0432\u0435\u0434\u0435\u043d\u0438\u0439 \u0431\u0440\u0430\u0442 \u0417\u0431\u0456\u0433\u043d\u0454\u0432\u0430, \u041c\u0430\u0440\u0456\u0430\u043d \u041c\u0456\u043b\u0435\u0432\u0441\u044c\u043a\u0438\u0439 (\u0410\u041a \u00ab\u0427\u0430\u0440\u043d\u0438\u0439\u00bb), \u0442\u0430\u043a\u043e\u0436 \u0432\u0442\u0456\u043a \u0437 \u041e\u0444\u043b\u0430\u0433\u0443 \u043f\u0456\u0441\u043b\u044f \u043f\u0430\u0434\u0456\u043d\u043d\u044f \u0412\u0430\u0440\u0448\u0430\u0432\u0441\u044c\u043a\u043e\u0433\u043e \u043f\u043e\u0432\u0441\u0442\u0430\u043d\u043d\u044f \u0456 \u0442\u0430\u043a\u043e\u0436 \u0434\u0456\u0441\u0442\u0430\u0432\u0441\u044f \u0434\u043e \u0410\u043d\u0434\u0435\u0440\u0441\u0430 \u0447\u0435\u0440\u0435\u0437 \u0428\u0432\u0435\u0439\u0446\u0430\u0440\u0456\u044e. \u041e\u0431\u0438\u0434\u0432\u0430 \u0431\u0440\u0430\u0442\u0438 \u043d\u0435 \u0437\u043d\u0430\u043b\u0438, \u0449\u043e \u0440\u0430\u0437\u043e\u043c \u0441\u043b\u0443\u0436\u0438\u043b\u0438 \u0432 II \u043a\u043e\u0440\u043f\u0443\u0441\u0456.<\/p>\n\n\n\n<p>\u0417\u0431\u0456\u0433\u043d\u0454\u0432 \u041a\u0443\u0445\u0446\u0456\u043d\u0441\u044c\u043a\u0438\u0439 \u0431\u0443\u0432 \u0447\u043b\u0435\u043d\u043e\u043c-\u0437\u0430\u0441\u043d\u043e\u0432\u043d\u0438\u043a\u043e\u043c \u0422\u043e\u0432\u0430\u0440\u0438\u0441\u0442\u0432\u0430 \u043f\u0430\u043c\u2019\u044f\u0442\u0456 \u043f\u0435\u0440\u0435\u043c\u0438\u0448\u043b\u044c\u0441\u044c\u043a\u0438\u0445 \u043e\u0440\u043b\u044f\u0442, \u044f\u043a\u0435 \u0432\u0438\u043d\u0438\u043a\u043b\u043e \u0432 \u0441\u0456\u0447\u043d\u0456 1989 \u0440., \u0437 4 \u0431\u0435\u0440\u0435\u0437\u043d\u044f 1989 \u0440. \u2013 \u0447\u043b\u0435\u043d\u043e\u043c-\u0437\u0430\u0441\u043d\u043e\u0432\u043d\u0438\u043a\u043e\u043c \u0422\u043e\u0432\u0430\u0440\u0438\u0441\u0442\u0432\u0430 \u043b\u044e\u0431\u0438\u0442\u0435\u043b\u0456\u0432 \u041b\u044c\u0432\u043e\u0432\u0430 \u0442\u0430 \u043f\u0456\u0432\u0434\u0435\u043d\u043d\u043e-\u0441\u0445\u0456\u0434\u043d\u043e\u0433\u043e \u043f\u043e\u0433\u0440\u0430\u043d\u0438\u0447\u0447\u044f, \u0430 \u0437 \u0441\u0435\u0440\u0435\u0434\u0438\u043d\u0438 1989 \u0440. - \u0433\u043e\u043b\u043e\u0432\u0430 \u043f\u0440\u0430\u0432\u043b\u0456\u043d\u043d\u044f \u0422\u041c\u041b\u0456\u041a\u041f\u0412. \u041e\u0440\u0433\u0430\u043d\u0456\u0437\u043e\u0432\u0443\u0432\u0430\u0432 \u0434\u043e\u043f\u043e\u043c\u043e\u0433\u0443 \u043f\u043e\u043b\u044f\u043a\u0430\u043c \u043d\u0430 \u0421\u0445\u043e\u0434\u0456, \u043f\u043e\u0436\u0435\u0440\u0442\u0432\u0443\u0432\u0430\u043d\u043d\u044f \u0445\u0430\u0440\u0447\u0430\u043c\u0438, \u0437\u0431\u043e\u0440\u0438 \u0434\u043b\u044f \u043f\u0440\u0438\u0434\u0431\u0430\u043d\u043d\u044f \u0441\u0432\u0456\u0447\u043e\u043a \u043d\u0430 \u043c\u043e\u0433\u0438\u043b\u0438 \u043f\u043e\u043b\u044c\u0441\u044c\u043a\u0438\u0445 \u0433\u0435\u0440\u043e\u0457\u0432 \u0434\u043b\u044f \u0446\u0432\u0438\u043d\u0442\u0430\u0440\u044f \u043e\u0440\u043b\u044f\u0442, \u0437\u0430\u0445\u0438\u0441\u043d\u0438\u043a\u0456\u0432 \u041b\u044c\u0432\u043e\u0432\u0430. \u0412\u0456\u043d \u0456\u043d\u0456\u0446\u0456\u044e\u0432\u0430\u0432 \u043e\u0431\u043c\u0456\u043d \u043c\u043e\u043b\u043e\u0434\u0434\u044e \u043c\u0456\u0436 \u043b\u044c\u0432\u0456\u0432\u0441\u044c\u043a\u0438\u043c\u0438 \u0448\u043a\u043e\u043b\u0430\u043c\u0438 \u0437 \u043f\u043e\u043b\u044c\u0441\u044c\u043a\u043e\u044e \u043c\u043e\u0432\u043e\u044e \u043d\u0430\u0432\u0447\u0430\u043d\u043d\u044f. \u0411\u0443\u0432 \u0442\u0430\u043a\u043e\u0436 \u0437\u0430\u0441\u043d\u043e\u0432\u043d\u0438\u043a\u043e\u043c \u0426\u0435\u043d\u0442\u0440\u0443 \u0443 \u041f\u0435\u0440\u0435\u043c\u0438\u0448\u043b\u0456.<\/p>\n\n\n\n<figure class=\"wp-block-image size-large\"><a href=\"https:\/\/marekkuchcinski.pl\/wp-content\/uploads\/2023\/03\/ZKu.png\"><img fetchpriority=\"high\" decoding=\"async\" width=\"1024\" height=\"694\" src=\"https:\/\/marekkuchcinski.pl\/wp-content\/uploads\/2023\/03\/ZKu-1024x694.png\" alt=\"\" class=\"wp-image-28182\" srcset=\"https:\/\/marekkuchcinski.pl\/wp-content\/uploads\/2023\/03\/ZKu-1024x694.png 1024w, https:\/\/marekkuchcinski.pl\/wp-content\/uploads\/2023\/03\/ZKu-300x203.png 300w, https:\/\/marekkuchcinski.pl\/wp-content\/uploads\/2023\/03\/ZKu-768x521.png 768w, https:\/\/marekkuchcinski.pl\/wp-content\/uploads\/2023\/03\/ZKu-1536x1042.png 1536w, https:\/\/marekkuchcinski.pl\/wp-content\/uploads\/2023\/03\/ZKu-18x12.png 18w, https:\/\/marekkuchcinski.pl\/wp-content\/uploads\/2023\/03\/ZKu.png 1600w\" sizes=\"(max-width: 1024px) 100vw, 1024px\" \/><\/a><figcaption class=\"wp-element-caption\">\u0417\u0431\u0456\u0433\u043d\u0454\u0432 \u041a\u0443\u0445\u0446\u0456\u043d\u0441\u044c\u043a\u0438\u0439, \u0437\u0438\u043c\u0430 1963 \u0440. \u0412\u0438\u0434 \u043d\u0430 \u041f\u0435\u0440\u0435\u043c\u0438\u0448\u043b\u044c \u0437\u0432\u0435\u0440\u0445\u0443<\/figcaption><\/figure>\n\n\n\n<figure class=\"wp-block-image size-large is-resized\"><a href=\"https:\/\/marekkuchcinski.pl\/wp-content\/uploads\/2023\/03\/ZK.jpg\"><img decoding=\"async\" src=\"https:\/\/marekkuchcinski.pl\/wp-content\/uploads\/2023\/03\/ZK-1024x710.jpg\" alt=\"\" class=\"wp-image-28184\" width=\"840\" height=\"582\" srcset=\"https:\/\/marekkuchcinski.pl\/wp-content\/uploads\/2023\/03\/ZK-1024x710.jpg 1024w, https:\/\/marekkuchcinski.pl\/wp-content\/uploads\/2023\/03\/ZK-300x208.jpg 300w, https:\/\/marekkuchcinski.pl\/wp-content\/uploads\/2023\/03\/ZK-768x533.jpg 768w, https:\/\/marekkuchcinski.pl\/wp-content\/uploads\/2023\/03\/ZK-18x12.jpg 18w, https:\/\/marekkuchcinski.pl\/wp-content\/uploads\/2023\/03\/ZK.jpg 1448w\" sizes=\"(max-width: 840px) 100vw, 840px\" \/><\/a><figcaption class=\"wp-element-caption\">\u041a\u0435\u0440\u0456\u0432\u043d\u0438\u0446\u0442\u0432\u043e \u0422\u043e\u0432\u0430\u0440\u0438\u0441\u0442\u0432\u0430 \u0448\u0430\u043d\u0443\u0432\u0430\u043b\u044c\u043d\u0438\u043a\u0456\u0432 \u041b\u044c\u0432\u043e\u0432\u0430 \u0442\u0430 \u043f\u0456\u0432\u0434\u0435\u043d\u043d\u043e-\u0441\u0445\u0456\u0434\u043d\u043e\u0433\u043e \u043f\u0440\u0438\u043a\u043e\u0440\u0434\u043e\u043d\u043d\u044f. \u0417\u0431\u0456\u0433\u043d\u0454\u0432 \u041a\u0443\u0445\u0446\u0456\u043d\u0441\u044c\u043a\u0438\u0439, \u043f\u0435\u0440\u0448\u0438\u0439 \u0437\u043b\u0456\u0432\u0430<\/figcaption><\/figure>","protected":false},"excerpt":{"rendered":"<p>Ojciec b. marsza\u0142ka Sejmu i obecnego szefa KPRM Marka Kuchci\u0144skiego urodzi\u0142 si\u0119 25 stycznia 1929 roku w Nowosi\u00f3\u0142kach w woj. lwowskim. Niestety jego dzieci\u0144stwo zosta\u0142o naznaczone przez tragedi\u0119 wojny, inwazj\u0119 armii sowieckiej, koszmar niemieckiej okupacji, a potem terror Ukrai\u0144skiej Powsta\u0144czej Armii. Zbigniew Kuchci\u0144ski wraz z rodzin\u0105 zmuszony by\u0142 do szukania ratunku w bezpieczniejszych zak\u0105tkach kraju. [&hellip;]<\/p>","protected":false},"author":21,"featured_media":28182,"comment_status":"closed","ping_status":"open","sticky":false,"template":"","format":"standard","meta":{"ngg_post_thumbnail":0,"footnotes":""},"categories":[3],"tags":[],"class_list":["post-28180","post","type-post","status-publish","format-standard","has-post-thumbnail","hentry","category-wydarzenia"],"yoast_head":"<!-- This site is optimized with the Yoast SEO plugin v24.7 - https:\/\/yoast.com\/wordpress\/plugins\/seo\/ -->\n<title>17 marca 1994 r. zmar\u0142 Zbigniew Kuchci\u0144ski, za\u0142o\u017cyciel Stowarzyszenia Pami\u0119ci Orl\u0105t Przemyskich, Towarzystwa Mi\u0142o\u015bnik\u00f3w Lwowa oraz PC w Przemy\u015blu &#8211; Marek Kuchci\u0144ski<\/title>\n<meta name=\"robots\" content=\"index, follow, max-snippet:-1, max-image-preview:large, max-video-preview:-1\" \/>\n<link rel=\"canonical\" href=\"https:\/\/marekkuchcinski.pl\/uk\/wydarzenia\/17-marca-1994-r-zmarl-zbigniew-kuchcinski-zalozyciel-zalozyciel-stowarzyszenia-pamieci-orlat-przemyskich-oraz-pc-w-przemyslu\/\" \/>\n<meta property=\"og:locale\" content=\"uk_UA\" \/>\n<meta property=\"og:type\" content=\"article\" \/>\n<meta property=\"og:title\" content=\"17 marca 1994 r. zmar\u0142 Zbigniew Kuchci\u0144ski, za\u0142o\u017cyciel Stowarzyszenia Pami\u0119ci Orl\u0105t Przemyskich, Towarzystwa Mi\u0142o\u015bnik\u00f3w Lwowa oraz PC w Przemy\u015blu &#8211; Marek Kuchci\u0144ski\" \/>\n<meta property=\"og:description\" content=\"Ojciec b. marsza\u0142ka Sejmu i obecnego szefa KPRM Marka Kuchci\u0144skiego urodzi\u0142 si\u0119 25 stycznia 1929 roku w Nowosi\u00f3\u0142kach w woj. lwowskim. Niestety jego dzieci\u0144stwo zosta\u0142o naznaczone przez tragedi\u0119 wojny, inwazj\u0119 armii sowieckiej, koszmar niemieckiej okupacji, a potem terror Ukrai\u0144skiej Powsta\u0144czej Armii. Zbigniew Kuchci\u0144ski wraz z rodzin\u0105 zmuszony by\u0142 do szukania ratunku w bezpieczniejszych zak\u0105tkach kraju. [&hellip;]\" \/>\n<meta property=\"og:url\" content=\"https:\/\/marekkuchcinski.pl\/uk\/wydarzenia\/17-marca-1994-r-zmarl-zbigniew-kuchcinski-zalozyciel-zalozyciel-stowarzyszenia-pamieci-orlat-przemyskich-oraz-pc-w-przemyslu\/\" \/>\n<meta property=\"og:site_name\" content=\"Marek Kuchci\u0144ski\" \/>\n<meta property=\"article:published_time\" content=\"2023-03-17T14:36:31+00:00\" \/>\n<meta property=\"article:modified_time\" content=\"2023-03-17T14:37:28+00:00\" \/>\n<meta property=\"og:image\" content=\"https:\/\/marekkuchcinski.pl\/wp-content\/uploads\/2023\/03\/ZKu.png\" \/>\n\t<meta property=\"og:image:width\" content=\"1600\" \/>\n\t<meta property=\"og:image:height\" content=\"1085\" \/>\n\t<meta property=\"og:image:type\" content=\"image\/png\" \/>\n<meta name=\"author\" content=\"Marta Olejnik\" \/>\n<meta name=\"twitter:card\" content=\"summary_large_image\" \/>\n<meta name=\"twitter:label1\" content=\"\u041d\u0430\u043f\u0438\u0441\u0430\u043d\u043e\" \/>\n\t<meta name=\"twitter:data1\" content=\"Marta Olejnik\" \/>\n\t<meta name=\"twitter:label2\" content=\"\u041f\u0440\u0438\u0431\u043b. \u0447\u0430\u0441 \u0447\u0438\u0442\u0430\u043d\u043d\u044f\" \/>\n\t<meta name=\"twitter:data2\" content=\"3 \u0445\u0432\u0438\u043b\u0438\u043d\u0438\" \/>\n<script type=\"application\/ld+json\" class=\"yoast-schema-graph\">{\"@context\":\"https:\/\/schema.org\",\"@graph\":[{\"@type\":\"Article\",\"@id\":\"https:\/\/marekkuchcinski.pl\/wydarzenia\/17-marca-1994-r-zmarl-zbigniew-kuchcinski-zalozyciel-zalozyciel-stowarzyszenia-pamieci-orlat-przemyskich-oraz-pc-w-przemyslu\/#article\",\"isPartOf\":{\"@id\":\"https:\/\/marekkuchcinski.pl\/wydarzenia\/17-marca-1994-r-zmarl-zbigniew-kuchcinski-zalozyciel-zalozyciel-stowarzyszenia-pamieci-orlat-przemyskich-oraz-pc-w-przemyslu\/\"},\"author\":{\"name\":\"Marta Olejnik\",\"@id\":\"https:\/\/marekkuchcinski.pl\/#\/schema\/person\/51d5d4ee3b5317b8e4dd2b48af359229\"},\"headline\":\"17 marca 1994 r. zmar\u0142 Zbigniew Kuchci\u0144ski, za\u0142o\u017cyciel Stowarzyszenia Pami\u0119ci Orl\u0105t Przemyskich, Towarzystwa Mi\u0142o\u015bnik\u00f3w Lwowa oraz PC w Przemy\u015blu\",\"datePublished\":\"2023-03-17T14:36:31+00:00\",\"dateModified\":\"2023-03-17T14:37:28+00:00\",\"mainEntityOfPage\":{\"@id\":\"https:\/\/marekkuchcinski.pl\/wydarzenia\/17-marca-1994-r-zmarl-zbigniew-kuchcinski-zalozyciel-zalozyciel-stowarzyszenia-pamieci-orlat-przemyskich-oraz-pc-w-przemyslu\/\"},\"wordCount\":372,\"publisher\":{\"@id\":\"https:\/\/marekkuchcinski.pl\/#organization\"},\"image\":{\"@id\":\"https:\/\/marekkuchcinski.pl\/wydarzenia\/17-marca-1994-r-zmarl-zbigniew-kuchcinski-zalozyciel-zalozyciel-stowarzyszenia-pamieci-orlat-przemyskich-oraz-pc-w-przemyslu\/#primaryimage\"},\"thumbnailUrl\":\"https:\/\/marekkuchcinski.pl\/wp-content\/uploads\/2023\/03\/ZKu.png\",\"articleSection\":[\"Wydarzenia\"],\"inLanguage\":\"uk\"},{\"@type\":\"WebPage\",\"@id\":\"https:\/\/marekkuchcinski.pl\/wydarzenia\/17-marca-1994-r-zmarl-zbigniew-kuchcinski-zalozyciel-zalozyciel-stowarzyszenia-pamieci-orlat-przemyskich-oraz-pc-w-przemyslu\/\",\"url\":\"https:\/\/marekkuchcinski.pl\/wydarzenia\/17-marca-1994-r-zmarl-zbigniew-kuchcinski-zalozyciel-zalozyciel-stowarzyszenia-pamieci-orlat-przemyskich-oraz-pc-w-przemyslu\/\",\"name\":\"17 marca 1994 r. zmar\u0142 Zbigniew Kuchci\u0144ski, za\u0142o\u017cyciel Stowarzyszenia Pami\u0119ci Orl\u0105t Przemyskich, Towarzystwa Mi\u0142o\u015bnik\u00f3w Lwowa oraz PC w Przemy\u015blu &#8211; Marek Kuchci\u0144ski\",\"isPartOf\":{\"@id\":\"https:\/\/marekkuchcinski.pl\/#website\"},\"primaryImageOfPage\":{\"@id\":\"https:\/\/marekkuchcinski.pl\/wydarzenia\/17-marca-1994-r-zmarl-zbigniew-kuchcinski-zalozyciel-zalozyciel-stowarzyszenia-pamieci-orlat-przemyskich-oraz-pc-w-przemyslu\/#primaryimage\"},\"image\":{\"@id\":\"https:\/\/marekkuchcinski.pl\/wydarzenia\/17-marca-1994-r-zmarl-zbigniew-kuchcinski-zalozyciel-zalozyciel-stowarzyszenia-pamieci-orlat-przemyskich-oraz-pc-w-przemyslu\/#primaryimage\"},\"thumbnailUrl\":\"https:\/\/marekkuchcinski.pl\/wp-content\/uploads\/2023\/03\/ZKu.png\",\"datePublished\":\"2023-03-17T14:36:31+00:00\",\"dateModified\":\"2023-03-17T14:37:28+00:00\",\"breadcrumb\":{\"@id\":\"https:\/\/marekkuchcinski.pl\/wydarzenia\/17-marca-1994-r-zmarl-zbigniew-kuchcinski-zalozyciel-zalozyciel-stowarzyszenia-pamieci-orlat-przemyskich-oraz-pc-w-przemyslu\/#breadcrumb\"},\"inLanguage\":\"uk\",\"potentialAction\":[{\"@type\":\"ReadAction\",\"target\":[\"https:\/\/marekkuchcinski.pl\/wydarzenia\/17-marca-1994-r-zmarl-zbigniew-kuchcinski-zalozyciel-zalozyciel-stowarzyszenia-pamieci-orlat-przemyskich-oraz-pc-w-przemyslu\/\"]}]},{\"@type\":\"ImageObject\",\"inLanguage\":\"uk\",\"@id\":\"https:\/\/marekkuchcinski.pl\/wydarzenia\/17-marca-1994-r-zmarl-zbigniew-kuchcinski-zalozyciel-zalozyciel-stowarzyszenia-pamieci-orlat-przemyskich-oraz-pc-w-przemyslu\/#primaryimage\",\"url\":\"https:\/\/marekkuchcinski.pl\/wp-content\/uploads\/2023\/03\/ZKu.png\",\"contentUrl\":\"https:\/\/marekkuchcinski.pl\/wp-content\/uploads\/2023\/03\/ZKu.png\",\"width\":1600,\"height\":1085},{\"@type\":\"BreadcrumbList\",\"@id\":\"https:\/\/marekkuchcinski.pl\/wydarzenia\/17-marca-1994-r-zmarl-zbigniew-kuchcinski-zalozyciel-zalozyciel-stowarzyszenia-pamieci-orlat-przemyskich-oraz-pc-w-przemyslu\/#breadcrumb\",\"itemListElement\":[{\"@type\":\"ListItem\",\"position\":1,\"name\":\"Strona g\u0142\u00f3wna\",\"item\":\"https:\/\/marekkuchcinski.pl\/\"},{\"@type\":\"ListItem\",\"position\":2,\"name\":\"17 marca 1994 r. zmar\u0142 Zbigniew Kuchci\u0144ski, za\u0142o\u017cyciel Stowarzyszenia Pami\u0119ci Orl\u0105t Przemyskich, Towarzystwa Mi\u0142o\u015bnik\u00f3w Lwowa oraz PC w Przemy\u015blu\"}]},{\"@type\":\"WebSite\",\"@id\":\"https:\/\/marekkuchcinski.pl\/#website\",\"url\":\"https:\/\/marekkuchcinski.pl\/\",\"name\":\"Marek Kuchci\u0144ski\",\"description\":\"Pose\u0142 na sejm RP &ndash; okr\u0119g nr 22\",\"publisher\":{\"@id\":\"https:\/\/marekkuchcinski.pl\/#organization\"},\"potentialAction\":[{\"@type\":\"SearchAction\",\"target\":{\"@type\":\"EntryPoint\",\"urlTemplate\":\"https:\/\/marekkuchcinski.pl\/?s={search_term_string}\"},\"query-input\":{\"@type\":\"PropertyValueSpecification\",\"valueRequired\":true,\"valueName\":\"search_term_string\"}}],\"inLanguage\":\"uk\"},{\"@type\":\"Organization\",\"@id\":\"https:\/\/marekkuchcinski.pl\/#organization\",\"name\":\"Marek Kuchci\u0144ski\",\"url\":\"https:\/\/marekkuchcinski.pl\/\",\"logo\":{\"@type\":\"ImageObject\",\"inLanguage\":\"uk\",\"@id\":\"https:\/\/marekkuchcinski.pl\/#\/schema\/logo\/image\/\",\"url\":\"https:\/\/marekkuchcinski.pl\/wp-content\/uploads\/2022\/09\/Marek.jpg\",\"contentUrl\":\"https:\/\/marekkuchcinski.pl\/wp-content\/uploads\/2022\/09\/Marek.jpg\",\"width\":1600,\"height\":971,\"caption\":\"Marek Kuchci\u0144ski\"},\"image\":{\"@id\":\"https:\/\/marekkuchcinski.pl\/#\/schema\/logo\/image\/\"}},{\"@type\":\"Person\",\"@id\":\"https:\/\/marekkuchcinski.pl\/#\/schema\/person\/51d5d4ee3b5317b8e4dd2b48af359229\",\"name\":\"Marta Olejnik\",\"image\":{\"@type\":\"ImageObject\",\"inLanguage\":\"uk\",\"@id\":\"https:\/\/marekkuchcinski.pl\/#\/schema\/person\/image\/\",\"url\":\"https:\/\/secure.gravatar.com\/avatar\/e39914b2aa6a48959e24d475b5dc9793?s=96&d=mm&r=g\",\"contentUrl\":\"https:\/\/secure.gravatar.com\/avatar\/e39914b2aa6a48959e24d475b5dc9793?s=96&d=mm&r=g\",\"caption\":\"Marta Olejnik\"},\"url\":\"https:\/\/marekkuchcinski.pl\/uk\/author\/marta\/\"}]}<\/script>\n<!-- \/ Yoast SEO plugin. -->","yoast_head_json":{"title":"17 marca 1994 r. zmar\u0142 Zbigniew Kuchci\u0144ski, za\u0142o\u017cyciel Stowarzyszenia Pami\u0119ci Orl\u0105t Przemyskich, Towarzystwa Mi\u0142o\u015bnik\u00f3w Lwowa oraz PC w Przemy\u015blu &#8211; Marek Kuchci\u0144ski","robots":{"index":"index","follow":"follow","max-snippet":"max-snippet:-1","max-image-preview":"max-image-preview:large","max-video-preview":"max-video-preview:-1"},"canonical":"https:\/\/marekkuchcinski.pl\/uk\/wydarzenia\/17-marca-1994-r-zmarl-zbigniew-kuchcinski-zalozyciel-zalozyciel-stowarzyszenia-pamieci-orlat-przemyskich-oraz-pc-w-przemyslu\/","og_locale":"uk_UA","og_type":"article","og_title":"17 marca 1994 r. zmar\u0142 Zbigniew Kuchci\u0144ski, za\u0142o\u017cyciel Stowarzyszenia Pami\u0119ci Orl\u0105t Przemyskich, Towarzystwa Mi\u0142o\u015bnik\u00f3w Lwowa oraz PC w Przemy\u015blu &#8211; Marek Kuchci\u0144ski","og_description":"Ojciec b. marsza\u0142ka Sejmu i obecnego szefa KPRM Marka Kuchci\u0144skiego urodzi\u0142 si\u0119 25 stycznia 1929 roku w Nowosi\u00f3\u0142kach w woj. lwowskim. Niestety jego dzieci\u0144stwo zosta\u0142o naznaczone przez tragedi\u0119 wojny, inwazj\u0119 armii sowieckiej, koszmar niemieckiej okupacji, a potem terror Ukrai\u0144skiej Powsta\u0144czej Armii. Zbigniew Kuchci\u0144ski wraz z rodzin\u0105 zmuszony by\u0142 do szukania ratunku w bezpieczniejszych zak\u0105tkach kraju. [&hellip;]","og_url":"https:\/\/marekkuchcinski.pl\/uk\/wydarzenia\/17-marca-1994-r-zmarl-zbigniew-kuchcinski-zalozyciel-zalozyciel-stowarzyszenia-pamieci-orlat-przemyskich-oraz-pc-w-przemyslu\/","og_site_name":"Marek Kuchci\u0144ski","article_published_time":"2023-03-17T14:36:31+00:00","article_modified_time":"2023-03-17T14:37:28+00:00","og_image":[{"width":1600,"height":1085,"url":"https:\/\/marekkuchcinski.pl\/wp-content\/uploads\/2023\/03\/ZKu.png","type":"image\/png"}],"author":"Marta Olejnik","twitter_card":"summary_large_image","twitter_misc":{"\u041d\u0430\u043f\u0438\u0441\u0430\u043d\u043e":"Marta Olejnik","\u041f\u0440\u0438\u0431\u043b. \u0447\u0430\u0441 \u0447\u0438\u0442\u0430\u043d\u043d\u044f":"3 \u0445\u0432\u0438\u043b\u0438\u043d\u0438"},"schema":{"@context":"https:\/\/schema.org","@graph":[{"@type":"Article","@id":"https:\/\/marekkuchcinski.pl\/wydarzenia\/17-marca-1994-r-zmarl-zbigniew-kuchcinski-zalozyciel-zalozyciel-stowarzyszenia-pamieci-orlat-przemyskich-oraz-pc-w-przemyslu\/#article","isPartOf":{"@id":"https:\/\/marekkuchcinski.pl\/wydarzenia\/17-marca-1994-r-zmarl-zbigniew-kuchcinski-zalozyciel-zalozyciel-stowarzyszenia-pamieci-orlat-przemyskich-oraz-pc-w-przemyslu\/"},"author":{"name":"Marta Olejnik","@id":"https:\/\/marekkuchcinski.pl\/#\/schema\/person\/51d5d4ee3b5317b8e4dd2b48af359229"},"headline":"17 marca 1994 r. zmar\u0142 Zbigniew Kuchci\u0144ski, za\u0142o\u017cyciel Stowarzyszenia Pami\u0119ci Orl\u0105t Przemyskich, Towarzystwa Mi\u0142o\u015bnik\u00f3w Lwowa oraz PC w Przemy\u015blu","datePublished":"2023-03-17T14:36:31+00:00","dateModified":"2023-03-17T14:37:28+00:00","mainEntityOfPage":{"@id":"https:\/\/marekkuchcinski.pl\/wydarzenia\/17-marca-1994-r-zmarl-zbigniew-kuchcinski-zalozyciel-zalozyciel-stowarzyszenia-pamieci-orlat-przemyskich-oraz-pc-w-przemyslu\/"},"wordCount":372,"publisher":{"@id":"https:\/\/marekkuchcinski.pl\/#organization"},"image":{"@id":"https:\/\/marekkuchcinski.pl\/wydarzenia\/17-marca-1994-r-zmarl-zbigniew-kuchcinski-zalozyciel-zalozyciel-stowarzyszenia-pamieci-orlat-przemyskich-oraz-pc-w-przemyslu\/#primaryimage"},"thumbnailUrl":"https:\/\/marekkuchcinski.pl\/wp-content\/uploads\/2023\/03\/ZKu.png","articleSection":["Wydarzenia"],"inLanguage":"uk"},{"@type":"WebPage","@id":"https:\/\/marekkuchcinski.pl\/wydarzenia\/17-marca-1994-r-zmarl-zbigniew-kuchcinski-zalozyciel-zalozyciel-stowarzyszenia-pamieci-orlat-przemyskich-oraz-pc-w-przemyslu\/","url":"https:\/\/marekkuchcinski.pl\/wydarzenia\/17-marca-1994-r-zmarl-zbigniew-kuchcinski-zalozyciel-zalozyciel-stowarzyszenia-pamieci-orlat-przemyskich-oraz-pc-w-przemyslu\/","name":"17 marca 1994 r. zmar\u0142 Zbigniew Kuchci\u0144ski, za\u0142o\u017cyciel Stowarzyszenia Pami\u0119ci Orl\u0105t Przemyskich, Towarzystwa Mi\u0142o\u015bnik\u00f3w Lwowa oraz PC w Przemy\u015blu &#8211; Marek Kuchci\u0144ski","isPartOf":{"@id":"https:\/\/marekkuchcinski.pl\/#website"},"primaryImageOfPage":{"@id":"https:\/\/marekkuchcinski.pl\/wydarzenia\/17-marca-1994-r-zmarl-zbigniew-kuchcinski-zalozyciel-zalozyciel-stowarzyszenia-pamieci-orlat-przemyskich-oraz-pc-w-przemyslu\/#primaryimage"},"image":{"@id":"https:\/\/marekkuchcinski.pl\/wydarzenia\/17-marca-1994-r-zmarl-zbigniew-kuchcinski-zalozyciel-zalozyciel-stowarzyszenia-pamieci-orlat-przemyskich-oraz-pc-w-przemyslu\/#primaryimage"},"thumbnailUrl":"https:\/\/marekkuchcinski.pl\/wp-content\/uploads\/2023\/03\/ZKu.png","datePublished":"2023-03-17T14:36:31+00:00","dateModified":"2023-03-17T14:37:28+00:00","breadcrumb":{"@id":"https:\/\/marekkuchcinski.pl\/wydarzenia\/17-marca-1994-r-zmarl-zbigniew-kuchcinski-zalozyciel-zalozyciel-stowarzyszenia-pamieci-orlat-przemyskich-oraz-pc-w-przemyslu\/#breadcrumb"},"inLanguage":"uk","potentialAction":[{"@type":"ReadAction","target":["https:\/\/marekkuchcinski.pl\/wydarzenia\/17-marca-1994-r-zmarl-zbigniew-kuchcinski-zalozyciel-zalozyciel-stowarzyszenia-pamieci-orlat-przemyskich-oraz-pc-w-przemyslu\/"]}]},{"@type":"ImageObject","inLanguage":"uk","@id":"https:\/\/marekkuchcinski.pl\/wydarzenia\/17-marca-1994-r-zmarl-zbigniew-kuchcinski-zalozyciel-zalozyciel-stowarzyszenia-pamieci-orlat-przemyskich-oraz-pc-w-przemyslu\/#primaryimage","url":"https:\/\/marekkuchcinski.pl\/wp-content\/uploads\/2023\/03\/ZKu.png","contentUrl":"https:\/\/marekkuchcinski.pl\/wp-content\/uploads\/2023\/03\/ZKu.png","width":1600,"height":1085},{"@type":"BreadcrumbList","@id":"https:\/\/marekkuchcinski.pl\/wydarzenia\/17-marca-1994-r-zmarl-zbigniew-kuchcinski-zalozyciel-zalozyciel-stowarzyszenia-pamieci-orlat-przemyskich-oraz-pc-w-przemyslu\/#breadcrumb","itemListElement":[{"@type":"ListItem","position":1,"name":"Strona g\u0142\u00f3wna","item":"https:\/\/marekkuchcinski.pl\/"},{"@type":"ListItem","position":2,"name":"17 marca 1994 r. zmar\u0142 Zbigniew Kuchci\u0144ski, za\u0142o\u017cyciel Stowarzyszenia Pami\u0119ci Orl\u0105t Przemyskich, Towarzystwa Mi\u0142o\u015bnik\u00f3w Lwowa oraz PC w Przemy\u015blu"}]},{"@type":"WebSite","@id":"https:\/\/marekkuchcinski.pl\/#website","url":"https:\/\/marekkuchcinski.pl\/","name":"Marek Kuchci\u0144ski","description":"Pose\u0142 na sejm RP &ndash; okr\u0119g nr 22","publisher":{"@id":"https:\/\/marekkuchcinski.pl\/#organization"},"potentialAction":[{"@type":"SearchAction","target":{"@type":"EntryPoint","urlTemplate":"https:\/\/marekkuchcinski.pl\/?s={search_term_string}"},"query-input":{"@type":"PropertyValueSpecification","valueRequired":true,"valueName":"search_term_string"}}],"inLanguage":"uk"},{"@type":"Organization","@id":"https:\/\/marekkuchcinski.pl\/#organization","name":"Marek Kuchci\u0144ski","url":"https:\/\/marekkuchcinski.pl\/","logo":{"@type":"ImageObject","inLanguage":"uk","@id":"https:\/\/marekkuchcinski.pl\/#\/schema\/logo\/image\/","url":"https:\/\/marekkuchcinski.pl\/wp-content\/uploads\/2022\/09\/Marek.jpg","contentUrl":"https:\/\/marekkuchcinski.pl\/wp-content\/uploads\/2022\/09\/Marek.jpg","width":1600,"height":971,"caption":"Marek Kuchci\u0144ski"},"image":{"@id":"https:\/\/marekkuchcinski.pl\/#\/schema\/logo\/image\/"}},{"@type":"Person","@id":"https:\/\/marekkuchcinski.pl\/#\/schema\/person\/51d5d4ee3b5317b8e4dd2b48af359229","name":"Marta Olejnik","image":{"@type":"ImageObject","inLanguage":"uk","@id":"https:\/\/marekkuchcinski.pl\/#\/schema\/person\/image\/","url":"https:\/\/secure.gravatar.com\/avatar\/e39914b2aa6a48959e24d475b5dc9793?s=96&d=mm&r=g","contentUrl":"https:\/\/secure.gravatar.com\/avatar\/e39914b2aa6a48959e24d475b5dc9793?s=96&d=mm&r=g","caption":"Marta Olejnik"},"url":"https:\/\/marekkuchcinski.pl\/uk\/author\/marta\/"}]}},"_links":{"self":[{"href":"https:\/\/marekkuchcinski.pl\/uk\/wp-json\/wp\/v2\/posts\/28180","targetHints":{"allow":["GET"]}}],"collection":[{"href":"https:\/\/marekkuchcinski.pl\/uk\/wp-json\/wp\/v2\/posts"}],"about":[{"href":"https:\/\/marekkuchcinski.pl\/uk\/wp-json\/wp\/v2\/types\/post"}],"author":[{"embeddable":true,"href":"https:\/\/marekkuchcinski.pl\/uk\/wp-json\/wp\/v2\/users\/21"}],"replies":[{"embeddable":true,"href":"https:\/\/marekkuchcinski.pl\/uk\/wp-json\/wp\/v2\/comments?post=28180"}],"version-history":[{"count":4,"href":"https:\/\/marekkuchcinski.pl\/uk\/wp-json\/wp\/v2\/posts\/28180\/revisions"}],"predecessor-version":[{"id":28186,"href":"https:\/\/marekkuchcinski.pl\/uk\/wp-json\/wp\/v2\/posts\/28180\/revisions\/28186"}],"wp:featuredmedia":[{"embeddable":true,"href":"https:\/\/marekkuchcinski.pl\/uk\/wp-json\/wp\/v2\/media\/28182"}],"wp:attachment":[{"href":"https:\/\/marekkuchcinski.pl\/uk\/wp-json\/wp\/v2\/media?parent=28180"}],"wp:term":[{"taxonomy":"category","embeddable":true,"href":"https:\/\/marekkuchcinski.pl\/uk\/wp-json\/wp\/v2\/categories?post=28180"},{"taxonomy":"post_tag","embeddable":true,"href":"https:\/\/marekkuchcinski.pl\/uk\/wp-json\/wp\/v2\/tags?post=28180"}],"curies":[{"name":"wp","href":"https:\/\/api.w.org\/{rel}","templated":true}]}}