{"id":28171,"date":"2023-03-14T15:04:26","date_gmt":"2023-03-14T14:04:26","guid":{"rendered":"https:\/\/marekkuchcinski.pl\/?p=28171"},"modified":"2023-03-15T09:05:14","modified_gmt":"2023-03-15T08:05:14","slug":"marek-kuchcinski-dla-tv-republika-dzis-mamy-analogiczna-sytuacje-do-czasow-dzialania-iv-departamentu-sb-przeciw-kosciolowi","status":"publish","type":"post","link":"https:\/\/marekkuchcinski.pl\/uk\/wydarzenia\/marek-kuchcinski-dla-tv-republika-dzis-mamy-analogiczna-sytuacje-do-czasow-dzialania-iv-departamentu-sb-przeciw-kosciolowi\/","title":{"rendered":"Marek Kuchci\u0144ski: Dzi\u015b mamy analogiczn\u0105 sytuacj\u0119 do czas\u00f3w dzia\u0142ania IV Departamentu SB przeciw Ko\u015bcio\u0142owi"},"content":{"rendered":"<p class=\"wp-block-paragraph\">Na antenie TV Republika szef kancelarii premiera pytany o ataki na Jana Paw\u0142a II przypomnia\u0142 o istniej\u0105cym w czasach PRL IV Departamencie w S\u0142u\u017cbie Bezpiecze\u0144stwa, kt\u00f3ry zajmowa\u0142 si\u0119 walk\u0105 z Ko\u015bcio\u0142em.  \u2013 Pami\u0119tamy wielu wybitnych ludzi, kt\u00f3rzy oddali \u017cycie za spraw\u0119, cho\u0107by ks. Jerzy Popie\u0142uszko. Przypomn\u0119 r\u00f3wnie\u017c manipulacje i ataki na ks., w\u00f3wczas biskupa, Ignacego Tokarczuka. W ci\u0105gu kr\u00f3tkiego czasu mieszka\u0144cy \u00f3wczesnej diecezji przemyskiej, dzi\u015b ca\u0142ego Podkarpacia zebrali ponad 200 tys. podpis\u00f3w przeciwko atakom na biskupa. Dzi\u015b mamy analogiczn\u0105 sytuacj\u0119 \u2013 m\u00f3wi\u0142 Marek Kuchci\u0144ski.<\/p>\n\n\n\n<p class=\"wp-block-paragraph\">Szef KPRM podkre\u015bli\u0142, \u017ce atak na JPII wpisuje si\u0119 w atak na cywilizacj\u0119 europejsk\u0105. Dzieje Polski od samego pocz\u0105tku zwi\u0105zane s\u0105 z histori\u0105 Ko\u015bcio\u0142a. Od ponad 1050 lat istniejemy dzi\u0119ki chrztowi Mieszka I, przetrwa\u0142a trudne okresy dzi\u0119ki postawie Ko\u015bcio\u0142a, a dzi\u015b Jan Pawe\u0142 II uosabiaj\u0105cy najlepsze symbole cywilizacji chrze\u015bcija\u0144skiej jest oczerniany przez lewackie kr\u0119gi, lansuj\u0105ce neomarksizm, os\u0142abianie rodziny i poczucia to\u017csamo\u015bci narodowej.<\/p>\n\n\n\n<p class=\"wp-block-paragraph\">Wed\u0142ug Marka Kuchci\u0144skiego ataki na papie\u017ca maj\u0105 kontekst wyborczy. To nie jest przypadek, \u017ce temat podniesiono teraz. Ob\u00f3z Prawa i Sprawiedliwo\u015bci z premierem i dwukrotnie wybranym prezydentem stoi na stra\u017cy pryncypi\u00f3w najwa\u017cniejszych dla Polak\u00f3w, gdzie Ko\u015bci\u00f3\u0142 i nauki Jana Paw\u0142a II maj\u0105 zasadnicze znaczenie. Fundamentem programu PiS jest przekonanie, \u017ce z katolickiej nauki spo\u0142ecznej wynikaj\u0105ca hierarchia warto\u015bci musi by\u0107 odnoszona tak\u017ce do naszych bie\u017c\u0105cych dzia\u0142a\u0144, st\u0105d zr\u00f3wnowa\u017cony rozw\u00f3j, wsparcie dot\u0105d niewspieranych obszar\u00f3w czy grup zawodowych i spo\u0142ecznych.<\/p>\n\n\n\n<p class=\"wp-block-paragraph\">Marsza\u0142ek podkre\u015bli\u0142, \u017ce to jest z natury rzeczy wi\u0105zanie PiS z nauk\u0105 Ko\u015bcio\u0142a, aczkolwiek jest ono parti\u0105 polityczn\u0105, kt\u00f3ra odpowiada za ca\u0142okszta\u0142t spraw publicznych w pa\u0144stwie wynikaj\u0105cych z konstytucji, a Ko\u015bci\u00f3\u0142 jest Ko\u015bcio\u0142em powszechnym.<\/p>\n\n\n\n<p class=\"wp-block-paragraph\"><\/p>","protected":false},"excerpt":{"rendered":"<p>Na antenie TV Republika szef kancelarii premiera pytany o ataki na Jana Paw\u0142a II przypomnia\u0142 o istniej\u0105cym w czasach PRL IV Departamencie w S\u0142u\u017cbie Bezpiecze\u0144stwa, kt\u00f3ry zajmowa\u0142 si\u0119 walk\u0105 z Ko\u015bcio\u0142em. \u2013 Pami\u0119tamy wielu wybitnych ludzi, kt\u00f3rzy oddali \u017cycie za spraw\u0119, cho\u0107by ks. Jerzy Popie\u0142uszko. Przypomn\u0119 r\u00f3wnie\u017c manipulacje i ataki na ks., w\u00f3wczas biskupa, Ignacego [&hellip;]<\/p>\n","protected":false},"author":3,"featured_media":28172,"comment_status":"closed","ping_status":"open","sticky":false,"template":"","format":"standard","meta":{"ngg_post_thumbnail":0,"footnotes":""},"categories":[3],"tags":[],"class_list":["post-28171","post","type-post","status-publish","format-standard","has-post-thumbnail","hentry","category-wydarzenia"],"yoast_head":"<!-- This site is optimized with the Yoast SEO plugin v28.4 - https:\/\/yoast.com\/product\/yoast-seo-wordpress\/ -->\n<title>Marek Kuchci\u0144ski: Dzi\u015b mamy analogiczn\u0105 sytuacj\u0119 do czas\u00f3w dzia\u0142ania IV Departamentu SB przeciw Ko\u015bcio\u0142owi &#8211; Marek Kuchci\u0144ski<\/title>\n<meta name=\"robots\" content=\"index, follow, max-snippet:-1, max-image-preview:large, max-video-preview:-1\" \/>\n<link rel=\"canonical\" href=\"https:\/\/marekkuchcinski.pl\/uk\/wydarzenia\/marek-kuchcinski-dla-tv-republika-dzis-mamy-analogiczna-sytuacje-do-czasow-dzialania-iv-departamentu-sb-przeciw-kosciolowi\/\" \/>\n<meta property=\"og:locale\" content=\"uk_UA\" \/>\n<meta property=\"og:type\" content=\"article\" \/>\n<meta property=\"og:title\" content=\"Marek Kuchci\u0144ski: Dzi\u015b mamy analogiczn\u0105 sytuacj\u0119 do czas\u00f3w dzia\u0142ania IV Departamentu SB przeciw Ko\u015bcio\u0142owi &#8211; Marek Kuchci\u0144ski\" \/>\n<meta property=\"og:description\" content=\"Na antenie TV Republika szef kancelarii premiera pytany o ataki na Jana Paw\u0142a II przypomnia\u0142 o istniej\u0105cym w czasach PRL IV Departamencie w S\u0142u\u017cbie Bezpiecze\u0144stwa, kt\u00f3ry zajmowa\u0142 si\u0119 walk\u0105 z Ko\u015bcio\u0142em. \u2013 Pami\u0119tamy wielu wybitnych ludzi, kt\u00f3rzy oddali \u017cycie za spraw\u0119, cho\u0107by ks. Jerzy Popie\u0142uszko. Przypomn\u0119 r\u00f3wnie\u017c manipulacje i ataki na ks., w\u00f3wczas biskupa, Ignacego [&hellip;]\" \/>\n<meta property=\"og:url\" content=\"https:\/\/marekkuchcinski.pl\/uk\/wydarzenia\/marek-kuchcinski-dla-tv-republika-dzis-mamy-analogiczna-sytuacje-do-czasow-dzialania-iv-departamentu-sb-przeciw-kosciolowi\/\" \/>\n<meta property=\"og:site_name\" content=\"Marek Kuchci\u0144ski\" \/>\n<meta property=\"article:published_time\" content=\"2023-03-14T14:04:26+00:00\" \/>\n<meta property=\"article:modified_time\" content=\"2023-03-15T08:05:14+00:00\" \/>\n<meta property=\"og:image\" content=\"https:\/\/marekkuchcinski.pl\/wp-content\/uploads\/2023\/03\/Republika.jpg\" \/>\n\t<meta property=\"og:image:width\" content=\"1578\" \/>\n\t<meta property=\"og:image:height\" content=\"904\" \/>\n\t<meta property=\"og:image:type\" content=\"image\/jpeg\" \/>\n<meta name=\"author\" content=\"Marta Olejnik\" \/>\n<meta name=\"twitter:card\" content=\"summary_large_image\" \/>\n<meta name=\"twitter:label1\" content=\"Written by\" \/>\n\t<meta name=\"twitter:data1\" content=\"Marta Olejnik\" \/>\n\t<meta name=\"twitter:label2\" content=\"Est. reading time\" \/>\n\t<meta name=\"twitter:data2\" content=\"2 minutes\" \/>\n<script type=\"application\/ld+json\" class=\"yoast-schema-graph\">{\"@context\":\"https:\\\/\\\/schema.org\",\"@graph\":[{\"@type\":\"Article\",\"@id\":\"https:\\\/\\\/marekkuchcinski.pl\\\/wydarzenia\\\/marek-kuchcinski-dla-tv-republika-dzis-mamy-analogiczna-sytuacje-do-czasow-dzialania-iv-departamentu-sb-przeciw-kosciolowi\\\/#article\",\"isPartOf\":{\"@id\":\"https:\\\/\\\/marekkuchcinski.pl\\\/wydarzenia\\\/marek-kuchcinski-dla-tv-republika-dzis-mamy-analogiczna-sytuacje-do-czasow-dzialania-iv-departamentu-sb-przeciw-kosciolowi\\\/\"},\"author\":{\"name\":\"Marta Olejnik\",\"@id\":\"https:\\\/\\\/marekkuchcinski.pl\\\/#\\\/schema\\\/person\\\/bd3f15dee67fee76e83c8350d0154101\"},\"headline\":\"Marek Kuchci\u0144ski: Dzi\u015b mamy analogiczn\u0105 sytuacj\u0119 do czas\u00f3w dzia\u0142ania IV Departamentu SB przeciw Ko\u015bcio\u0142owi\",\"datePublished\":\"2023-03-14T14:04:26+00:00\",\"dateModified\":\"2023-03-15T08:05:14+00:00\",\"mainEntityOfPage\":{\"@id\":\"https:\\\/\\\/marekkuchcinski.pl\\\/wydarzenia\\\/marek-kuchcinski-dla-tv-republika-dzis-mamy-analogiczna-sytuacje-do-czasow-dzialania-iv-departamentu-sb-przeciw-kosciolowi\\\/\"},\"wordCount\":348,\"publisher\":{\"@id\":\"https:\\\/\\\/marekkuchcinski.pl\\\/#organization\"},\"image\":{\"@id\":\"https:\\\/\\\/marekkuchcinski.pl\\\/wydarzenia\\\/marek-kuchcinski-dla-tv-republika-dzis-mamy-analogiczna-sytuacje-do-czasow-dzialania-iv-departamentu-sb-przeciw-kosciolowi\\\/#primaryimage\"},\"thumbnailUrl\":\"https:\\\/\\\/marekkuchcinski.pl\\\/wp-content\\\/uploads\\\/2023\\\/03\\\/Republika.jpg\",\"articleSection\":[\"Wydarzenia\"],\"inLanguage\":\"uk\"},{\"@type\":\"WebPage\",\"@id\":\"https:\\\/\\\/marekkuchcinski.pl\\\/wydarzenia\\\/marek-kuchcinski-dla-tv-republika-dzis-mamy-analogiczna-sytuacje-do-czasow-dzialania-iv-departamentu-sb-przeciw-kosciolowi\\\/\",\"url\":\"https:\\\/\\\/marekkuchcinski.pl\\\/wydarzenia\\\/marek-kuchcinski-dla-tv-republika-dzis-mamy-analogiczna-sytuacje-do-czasow-dzialania-iv-departamentu-sb-przeciw-kosciolowi\\\/\",\"name\":\"Marek Kuchci\u0144ski: Dzi\u015b mamy analogiczn\u0105 sytuacj\u0119 do czas\u00f3w dzia\u0142ania IV Departamentu SB przeciw Ko\u015bcio\u0142owi &#8211; Marek Kuchci\u0144ski\",\"isPartOf\":{\"@id\":\"https:\\\/\\\/marekkuchcinski.pl\\\/#website\"},\"primaryImageOfPage\":{\"@id\":\"https:\\\/\\\/marekkuchcinski.pl\\\/wydarzenia\\\/marek-kuchcinski-dla-tv-republika-dzis-mamy-analogiczna-sytuacje-do-czasow-dzialania-iv-departamentu-sb-przeciw-kosciolowi\\\/#primaryimage\"},\"image\":{\"@id\":\"https:\\\/\\\/marekkuchcinski.pl\\\/wydarzenia\\\/marek-kuchcinski-dla-tv-republika-dzis-mamy-analogiczna-sytuacje-do-czasow-dzialania-iv-departamentu-sb-przeciw-kosciolowi\\\/#primaryimage\"},\"thumbnailUrl\":\"https:\\\/\\\/marekkuchcinski.pl\\\/wp-content\\\/uploads\\\/2023\\\/03\\\/Republika.jpg\",\"datePublished\":\"2023-03-14T14:04:26+00:00\",\"dateModified\":\"2023-03-15T08:05:14+00:00\",\"breadcrumb\":{\"@id\":\"https:\\\/\\\/marekkuchcinski.pl\\\/wydarzenia\\\/marek-kuchcinski-dla-tv-republika-dzis-mamy-analogiczna-sytuacje-do-czasow-dzialania-iv-departamentu-sb-przeciw-kosciolowi\\\/#breadcrumb\"},\"inLanguage\":\"uk\",\"potentialAction\":[{\"@type\":\"ReadAction\",\"target\":[\"https:\\\/\\\/marekkuchcinski.pl\\\/wydarzenia\\\/marek-kuchcinski-dla-tv-republika-dzis-mamy-analogiczna-sytuacje-do-czasow-dzialania-iv-departamentu-sb-przeciw-kosciolowi\\\/\"]}]},{\"@type\":\"ImageObject\",\"inLanguage\":\"uk\",\"@id\":\"https:\\\/\\\/marekkuchcinski.pl\\\/wydarzenia\\\/marek-kuchcinski-dla-tv-republika-dzis-mamy-analogiczna-sytuacje-do-czasow-dzialania-iv-departamentu-sb-przeciw-kosciolowi\\\/#primaryimage\",\"url\":\"https:\\\/\\\/marekkuchcinski.pl\\\/wp-content\\\/uploads\\\/2023\\\/03\\\/Republika.jpg\",\"contentUrl\":\"https:\\\/\\\/marekkuchcinski.pl\\\/wp-content\\\/uploads\\\/2023\\\/03\\\/Republika.jpg\",\"width\":1578,\"height\":904},{\"@type\":\"BreadcrumbList\",\"@id\":\"https:\\\/\\\/marekkuchcinski.pl\\\/wydarzenia\\\/marek-kuchcinski-dla-tv-republika-dzis-mamy-analogiczna-sytuacje-do-czasow-dzialania-iv-departamentu-sb-przeciw-kosciolowi\\\/#breadcrumb\",\"itemListElement\":[{\"@type\":\"ListItem\",\"position\":1,\"name\":\"Strona g\u0142\u00f3wna\",\"item\":\"https:\\\/\\\/marekkuchcinski.pl\\\/\"},{\"@type\":\"ListItem\",\"position\":2,\"name\":\"Marek Kuchci\u0144ski: Dzi\u015b mamy analogiczn\u0105 sytuacj\u0119 do czas\u00f3w dzia\u0142ania IV Departamentu SB przeciw Ko\u015bcio\u0142owi\"}]},{\"@type\":\"WebSite\",\"@id\":\"https:\\\/\\\/marekkuchcinski.pl\\\/#website\",\"url\":\"https:\\\/\\\/marekkuchcinski.pl\\\/\",\"name\":\"Marek Kuchci\u0144ski\",\"description\":\"Marek Kuchci\u0144ski \",\"publisher\":{\"@id\":\"https:\\\/\\\/marekkuchcinski.pl\\\/#organization\"},\"potentialAction\":[{\"@type\":\"SearchAction\",\"target\":{\"@type\":\"EntryPoint\",\"urlTemplate\":\"https:\\\/\\\/marekkuchcinski.pl\\\/?s={search_term_string}\"},\"query-input\":{\"@type\":\"PropertyValueSpecification\",\"valueRequired\":true,\"valueName\":\"search_term_string\"}}],\"inLanguage\":\"uk\"},{\"@type\":\"Organization\",\"@id\":\"https:\\\/\\\/marekkuchcinski.pl\\\/#organization\",\"name\":\"Marek Kuchci\u0144ski\",\"url\":\"https:\\\/\\\/marekkuchcinski.pl\\\/\",\"logo\":{\"@type\":\"ImageObject\",\"inLanguage\":\"uk\",\"@id\":\"https:\\\/\\\/marekkuchcinski.pl\\\/#\\\/schema\\\/logo\\\/image\\\/\",\"url\":\"https:\\\/\\\/marekkuchcinski.pl\\\/wp-content\\\/uploads\\\/2022\\\/09\\\/Marek.jpg\",\"contentUrl\":\"https:\\\/\\\/marekkuchcinski.pl\\\/wp-content\\\/uploads\\\/2022\\\/09\\\/Marek.jpg\",\"width\":1600,\"height\":971,\"caption\":\"Marek Kuchci\u0144ski\"},\"image\":{\"@id\":\"https:\\\/\\\/marekkuchcinski.pl\\\/#\\\/schema\\\/logo\\\/image\\\/\"}},{\"@type\":\"Person\",\"@id\":\"https:\\\/\\\/marekkuchcinski.pl\\\/#\\\/schema\\\/person\\\/bd3f15dee67fee76e83c8350d0154101\",\"name\":\"Marta Olejnik\",\"image\":{\"@type\":\"ImageObject\",\"inLanguage\":\"uk\",\"@id\":\"https:\\\/\\\/secure.gravatar.com\\\/avatar\\\/24754edd6080383402e292374b406b553027d572e97d60e7aa89a6940e88659a?s=96&d=mm&r=g\",\"url\":\"https:\\\/\\\/secure.gravatar.com\\\/avatar\\\/24754edd6080383402e292374b406b553027d572e97d60e7aa89a6940e88659a?s=96&d=mm&r=g\",\"contentUrl\":\"https:\\\/\\\/secure.gravatar.com\\\/avatar\\\/24754edd6080383402e292374b406b553027d572e97d60e7aa89a6940e88659a?s=96&d=mm&r=g\",\"caption\":\"Marta Olejnik\"},\"url\":\"https:\\\/\\\/marekkuchcinski.pl\\\/uk\\\/author\\\/marta\\\/\"}]}<\/script>\n<!-- \/ Yoast SEO plugin. -->","yoast_head_json":{"title":"Marek Kuchci\u0144ski: Dzi\u015b mamy analogiczn\u0105 sytuacj\u0119 do czas\u00f3w dzia\u0142ania IV Departamentu SB przeciw Ko\u015bcio\u0142owi &#8211; Marek Kuchci\u0144ski","robots":{"index":"index","follow":"follow","max-snippet":"max-snippet:-1","max-image-preview":"max-image-preview:large","max-video-preview":"max-video-preview:-1"},"canonical":"https:\/\/marekkuchcinski.pl\/uk\/wydarzenia\/marek-kuchcinski-dla-tv-republika-dzis-mamy-analogiczna-sytuacje-do-czasow-dzialania-iv-departamentu-sb-przeciw-kosciolowi\/","og_locale":"uk_UA","og_type":"article","og_title":"Marek Kuchci\u0144ski: Dzi\u015b mamy analogiczn\u0105 sytuacj\u0119 do czas\u00f3w dzia\u0142ania IV Departamentu SB przeciw Ko\u015bcio\u0142owi &#8211; Marek Kuchci\u0144ski","og_description":"Na antenie TV Republika szef kancelarii premiera pytany o ataki na Jana Paw\u0142a II przypomnia\u0142 o istniej\u0105cym w czasach PRL IV Departamencie w S\u0142u\u017cbie Bezpiecze\u0144stwa, kt\u00f3ry zajmowa\u0142 si\u0119 walk\u0105 z Ko\u015bcio\u0142em. \u2013 Pami\u0119tamy wielu wybitnych ludzi, kt\u00f3rzy oddali \u017cycie za spraw\u0119, cho\u0107by ks. Jerzy Popie\u0142uszko. Przypomn\u0119 r\u00f3wnie\u017c manipulacje i ataki na ks., w\u00f3wczas biskupa, Ignacego [&hellip;]","og_url":"https:\/\/marekkuchcinski.pl\/uk\/wydarzenia\/marek-kuchcinski-dla-tv-republika-dzis-mamy-analogiczna-sytuacje-do-czasow-dzialania-iv-departamentu-sb-przeciw-kosciolowi\/","og_site_name":"Marek Kuchci\u0144ski","article_published_time":"2023-03-14T14:04:26+00:00","article_modified_time":"2023-03-15T08:05:14+00:00","og_image":[{"width":1578,"height":904,"url":"https:\/\/marekkuchcinski.pl\/wp-content\/uploads\/2023\/03\/Republika.jpg","type":"image\/jpeg"}],"author":"Marta Olejnik","twitter_card":"summary_large_image","twitter_misc":{"Written by":"Marta Olejnik","Est. reading time":"2 minutes"},"schema":{"@context":"https:\/\/schema.org","@graph":[{"@type":"Article","@id":"https:\/\/marekkuchcinski.pl\/wydarzenia\/marek-kuchcinski-dla-tv-republika-dzis-mamy-analogiczna-sytuacje-do-czasow-dzialania-iv-departamentu-sb-przeciw-kosciolowi\/#article","isPartOf":{"@id":"https:\/\/marekkuchcinski.pl\/wydarzenia\/marek-kuchcinski-dla-tv-republika-dzis-mamy-analogiczna-sytuacje-do-czasow-dzialania-iv-departamentu-sb-przeciw-kosciolowi\/"},"author":{"name":"Marta Olejnik","@id":"https:\/\/marekkuchcinski.pl\/#\/schema\/person\/bd3f15dee67fee76e83c8350d0154101"},"headline":"Marek Kuchci\u0144ski: Dzi\u015b mamy analogiczn\u0105 sytuacj\u0119 do czas\u00f3w dzia\u0142ania IV Departamentu SB przeciw Ko\u015bcio\u0142owi","datePublished":"2023-03-14T14:04:26+00:00","dateModified":"2023-03-15T08:05:14+00:00","mainEntityOfPage":{"@id":"https:\/\/marekkuchcinski.pl\/wydarzenia\/marek-kuchcinski-dla-tv-republika-dzis-mamy-analogiczna-sytuacje-do-czasow-dzialania-iv-departamentu-sb-przeciw-kosciolowi\/"},"wordCount":348,"publisher":{"@id":"https:\/\/marekkuchcinski.pl\/#organization"},"image":{"@id":"https:\/\/marekkuchcinski.pl\/wydarzenia\/marek-kuchcinski-dla-tv-republika-dzis-mamy-analogiczna-sytuacje-do-czasow-dzialania-iv-departamentu-sb-przeciw-kosciolowi\/#primaryimage"},"thumbnailUrl":"https:\/\/marekkuchcinski.pl\/wp-content\/uploads\/2023\/03\/Republika.jpg","articleSection":["Wydarzenia"],"inLanguage":"uk"},{"@type":"WebPage","@id":"https:\/\/marekkuchcinski.pl\/wydarzenia\/marek-kuchcinski-dla-tv-republika-dzis-mamy-analogiczna-sytuacje-do-czasow-dzialania-iv-departamentu-sb-przeciw-kosciolowi\/","url":"https:\/\/marekkuchcinski.pl\/wydarzenia\/marek-kuchcinski-dla-tv-republika-dzis-mamy-analogiczna-sytuacje-do-czasow-dzialania-iv-departamentu-sb-przeciw-kosciolowi\/","name":"Marek Kuchci\u0144ski: Dzi\u015b mamy analogiczn\u0105 sytuacj\u0119 do czas\u00f3w dzia\u0142ania IV Departamentu SB przeciw Ko\u015bcio\u0142owi &#8211; Marek Kuchci\u0144ski","isPartOf":{"@id":"https:\/\/marekkuchcinski.pl\/#website"},"primaryImageOfPage":{"@id":"https:\/\/marekkuchcinski.pl\/wydarzenia\/marek-kuchcinski-dla-tv-republika-dzis-mamy-analogiczna-sytuacje-do-czasow-dzialania-iv-departamentu-sb-przeciw-kosciolowi\/#primaryimage"},"image":{"@id":"https:\/\/marekkuchcinski.pl\/wydarzenia\/marek-kuchcinski-dla-tv-republika-dzis-mamy-analogiczna-sytuacje-do-czasow-dzialania-iv-departamentu-sb-przeciw-kosciolowi\/#primaryimage"},"thumbnailUrl":"https:\/\/marekkuchcinski.pl\/wp-content\/uploads\/2023\/03\/Republika.jpg","datePublished":"2023-03-14T14:04:26+00:00","dateModified":"2023-03-15T08:05:14+00:00","breadcrumb":{"@id":"https:\/\/marekkuchcinski.pl\/wydarzenia\/marek-kuchcinski-dla-tv-republika-dzis-mamy-analogiczna-sytuacje-do-czasow-dzialania-iv-departamentu-sb-przeciw-kosciolowi\/#breadcrumb"},"inLanguage":"uk","potentialAction":[{"@type":"ReadAction","target":["https:\/\/marekkuchcinski.pl\/wydarzenia\/marek-kuchcinski-dla-tv-republika-dzis-mamy-analogiczna-sytuacje-do-czasow-dzialania-iv-departamentu-sb-przeciw-kosciolowi\/"]}]},{"@type":"ImageObject","inLanguage":"uk","@id":"https:\/\/marekkuchcinski.pl\/wydarzenia\/marek-kuchcinski-dla-tv-republika-dzis-mamy-analogiczna-sytuacje-do-czasow-dzialania-iv-departamentu-sb-przeciw-kosciolowi\/#primaryimage","url":"https:\/\/marekkuchcinski.pl\/wp-content\/uploads\/2023\/03\/Republika.jpg","contentUrl":"https:\/\/marekkuchcinski.pl\/wp-content\/uploads\/2023\/03\/Republika.jpg","width":1578,"height":904},{"@type":"BreadcrumbList","@id":"https:\/\/marekkuchcinski.pl\/wydarzenia\/marek-kuchcinski-dla-tv-republika-dzis-mamy-analogiczna-sytuacje-do-czasow-dzialania-iv-departamentu-sb-przeciw-kosciolowi\/#breadcrumb","itemListElement":[{"@type":"ListItem","position":1,"name":"Strona g\u0142\u00f3wna","item":"https:\/\/marekkuchcinski.pl\/"},{"@type":"ListItem","position":2,"name":"Marek Kuchci\u0144ski: Dzi\u015b mamy analogiczn\u0105 sytuacj\u0119 do czas\u00f3w dzia\u0142ania IV Departamentu SB przeciw Ko\u015bcio\u0142owi"}]},{"@type":"WebSite","@id":"https:\/\/marekkuchcinski.pl\/#website","url":"https:\/\/marekkuchcinski.pl\/","name":"Marek Kuchci\u0144ski","description":"Marek Kuchci\u0144ski","publisher":{"@id":"https:\/\/marekkuchcinski.pl\/#organization"},"potentialAction":[{"@type":"SearchAction","target":{"@type":"EntryPoint","urlTemplate":"https:\/\/marekkuchcinski.pl\/?s={search_term_string}"},"query-input":{"@type":"PropertyValueSpecification","valueRequired":true,"valueName":"search_term_string"}}],"inLanguage":"uk"},{"@type":"Organization","@id":"https:\/\/marekkuchcinski.pl\/#organization","name":"Marek Kuchci\u0144ski","url":"https:\/\/marekkuchcinski.pl\/","logo":{"@type":"ImageObject","inLanguage":"uk","@id":"https:\/\/marekkuchcinski.pl\/#\/schema\/logo\/image\/","url":"https:\/\/marekkuchcinski.pl\/wp-content\/uploads\/2022\/09\/Marek.jpg","contentUrl":"https:\/\/marekkuchcinski.pl\/wp-content\/uploads\/2022\/09\/Marek.jpg","width":1600,"height":971,"caption":"Marek Kuchci\u0144ski"},"image":{"@id":"https:\/\/marekkuchcinski.pl\/#\/schema\/logo\/image\/"}},{"@type":"Person","@id":"https:\/\/marekkuchcinski.pl\/#\/schema\/person\/bd3f15dee67fee76e83c8350d0154101","name":"Marta Olejnik","image":{"@type":"ImageObject","inLanguage":"uk","@id":"https:\/\/secure.gravatar.com\/avatar\/24754edd6080383402e292374b406b553027d572e97d60e7aa89a6940e88659a?s=96&d=mm&r=g","url":"https:\/\/secure.gravatar.com\/avatar\/24754edd6080383402e292374b406b553027d572e97d60e7aa89a6940e88659a?s=96&d=mm&r=g","contentUrl":"https:\/\/secure.gravatar.com\/avatar\/24754edd6080383402e292374b406b553027d572e97d60e7aa89a6940e88659a?s=96&d=mm&r=g","caption":"Marta Olejnik"},"url":"https:\/\/marekkuchcinski.pl\/uk\/author\/marta\/"}]}},"_links":{"self":[{"href":"https:\/\/marekkuchcinski.pl\/uk\/wp-json\/wp\/v2\/posts\/28171","targetHints":{"allow":["GET"]}}],"collection":[{"href":"https:\/\/marekkuchcinski.pl\/uk\/wp-json\/wp\/v2\/posts"}],"about":[{"href":"https:\/\/marekkuchcinski.pl\/uk\/wp-json\/wp\/v2\/types\/post"}],"author":[{"embeddable":true,"href":"https:\/\/marekkuchcinski.pl\/uk\/wp-json\/wp\/v2\/users\/3"}],"replies":[{"embeddable":true,"href":"https:\/\/marekkuchcinski.pl\/uk\/wp-json\/wp\/v2\/comments?post=28171"}],"version-history":[{"count":5,"href":"https:\/\/marekkuchcinski.pl\/uk\/wp-json\/wp\/v2\/posts\/28171\/revisions"}],"predecessor-version":[{"id":28179,"href":"https:\/\/marekkuchcinski.pl\/uk\/wp-json\/wp\/v2\/posts\/28171\/revisions\/28179"}],"wp:featuredmedia":[{"embeddable":true,"href":"https:\/\/marekkuchcinski.pl\/uk\/wp-json\/wp\/v2\/media\/28172"}],"wp:attachment":[{"href":"https:\/\/marekkuchcinski.pl\/uk\/wp-json\/wp\/v2\/media?parent=28171"}],"wp:term":[{"taxonomy":"category","embeddable":true,"href":"https:\/\/marekkuchcinski.pl\/uk\/wp-json\/wp\/v2\/categories?post=28171"},{"taxonomy":"post_tag","embeddable":true,"href":"https:\/\/marekkuchcinski.pl\/uk\/wp-json\/wp\/v2\/tags?post=28171"}],"curies":[{"name":"wp","href":"https:\/\/api.w.org\/{rel}","templated":true}]}}