{"id":27281,"date":"2023-01-13T20:19:41","date_gmt":"2023-01-13T19:19:41","guid":{"rendered":"https:\/\/marekkuchcinski.pl\/?p=27281"},"modified":"2023-01-13T20:20:02","modified_gmt":"2023-01-13T19:20:02","slug":"ponad-25-mld-euro-dla-polskich-rolnikow","status":"publish","type":"post","link":"https:\/\/marekkuchcinski.pl\/uk\/wydarzenia\/ponad-25-mld-euro-dla-polskich-rolnikow\/","title":{"rendered":"\u041f\u043e\u043d\u0430\u0434 25 \u043c\u0456\u043b\u044c\u044f\u0440\u0434\u0456\u0432 \u0454\u0432\u0440\u043e \u0434\u043b\u044f \u043f\u043e\u043b\u044c\u0441\u044c\u043a\u0438\u0445 \u0444\u0435\u0440\u043c\u0435\u0440\u0456\u0432"},"content":{"rendered":"<p>\u0423\u0440\u044f\u0434 \u0437\u043c\u0456\u0446\u043d\u044e\u0454 \u043a\u043e\u043d\u043a\u0443\u0440\u0435\u043d\u0442\u043e\u0441\u043f\u0440\u043e\u043c\u043e\u0436\u043d\u0456\u0441\u0442\u044c \u0456 \u0440\u043e\u0437\u0432\u0438\u0442\u043e\u043a \u043f\u043e\u043b\u044c\u0441\u044c\u043a\u043e\u0433\u043e \u0441\u0456\u043b\u044c\u0441\u044c\u043a\u043e\u0433\u043e \u0433\u043e\u0441\u043f\u043e\u0434\u0430\u0440\u0441\u0442\u0432\u0430, \u043c\u0430\u043b\u0438\u0445 \u0444\u0435\u0440\u043c \u0456 \u0441\u0456\u043b\u044c\u0441\u044c\u043a\u043e\u0433\u043e \u0440\u043e\u0437\u0432\u0438\u0442\u043a\u0443 \u0437 \u0430\u0441\u043f\u0435\u043a\u0442\u0430\u043c\u0438 \u043f\u0435\u0440\u0435\u0445\u043e\u0434\u0443 \u0434\u043e \u0437\u0435\u043b\u0435\u043d\u043e\u0457 \u0442\u0430 \u0446\u0438\u0444\u0440\u043e\u0432\u043e\u0457 \u0435\u043a\u043e\u043d\u043e\u043c\u0456\u043a\u0438. \u0417 \u0441\u0456\u0447\u043d\u044f \u0434\u0456\u0454 \u043d\u043e\u0432\u0430 \u0421\u043f\u0456\u043b\u044c\u043d\u0430 \u0430\u0433\u0440\u0430\u0440\u043d\u0430 \u043f\u043e\u043b\u0456\u0442\u0438\u043a\u0430 \u043d\u0430 2023-2027 \u0440\u043e\u043a\u0438, \u0437\u0430\u043f\u043b\u0430\u043d\u043e\u0432\u0430\u043d\u0456 \u043a\u043e\u0448\u0442\u0438 \u044f\u043a\u043e\u0457 \u0441\u043a\u043b\u0430\u0434\u0430\u044e\u0442\u044c 25,2 \u043c\u043b\u0440\u0434 \u0454\u0432\u0440\u043e.<\/p>\n\n\n\n<p><strong>\u0421\u0442\u0440\u0430\u0442\u0435\u0433\u0456\u0447\u043d\u0438\u0439 \u043f\u043b\u0430\u043d \u043f\u0435\u0440\u0435\u0434\u0431\u0430\u0447\u0430\u0454, \u0441\u0435\u0440\u0435\u0434 \u0456\u043d\u0448\u043e\u0433\u043e:<\/strong><\/p>\n\n\n\n<p>\u043f\u0456\u0434\u0442\u0440\u0438\u043c\u043a\u0430 \u0441\u043f\u0440\u0430\u0432\u0435\u0434\u043b\u0438\u0432\u043e\u0433\u043e \u0434\u043e\u0445\u043e\u0434\u0443 \u0444\u0435\u0440\u043c\u0438&nbsp;<\/p>\n\n\n\n<p>\u043a\u043e\u043d\u043a\u0443\u0440\u0435\u043d\u0442\u043e\u0441\u043f\u0440\u043e\u043c\u043e\u0436\u043d\u0456\u0441\u0442\u044c, \u0434\u043e\u0441\u043b\u0456\u0434\u0436\u0435\u043d\u043d\u044f, \u0442\u0435\u0445\u043d\u043e\u043b\u043e\u0433\u0456\u0457 \u0442\u0430 \u0446\u0438\u0444\u0440\u043e\u0432\u0456\u0437\u0430\u0446\u0456\u044f<\/p>\n\n\n\n<p>\u043f\u043e\u043a\u0440\u0430\u0449\u0435\u043d\u043d\u044f \u043f\u043e\u0437\u0438\u0446\u0456\u0457 \u0444\u0435\u0440\u043c\u0435\u0440\u0456\u0432 \u0443 \u043b\u0430\u043d\u0446\u044e\u0436\u043a\u0443 \u0432\u0430\u0440\u0442\u043e\u0441\u0442\u0456<\/p>\n\n\n\n<p>\u043f\u043e\u043c&#039;\u044f\u043a\u0448\u0435\u043d\u043d\u044f \u043d\u0430\u0441\u043b\u0456\u0434\u043a\u0456\u0432 \u0437\u043c\u0456\u043d\u0438 \u043a\u043b\u0456\u043c\u0430\u0442\u0443 \u0442\u0430 \u0430\u0434\u0430\u043f\u0442\u0430\u0446\u0456\u044f \u0434\u043e \u043d\u0438\u0445, \u0441\u0442\u0430\u043b\u0435 \u0432\u0438\u0440\u043e\u0431\u043d\u0438\u0446\u0442\u0432\u043e \u0435\u043d\u0435\u0440\u0433\u0456\u0457<\/p>\n\n\n\n<p>\u043f\u0456\u0434\u0442\u0440\u0438\u043c\u043a\u0430 \u0441\u0442\u0430\u043b\u043e\u0433\u043e \u0440\u043e\u0437\u0432\u0438\u0442\u043a\u0443 \u0442\u0430 \u0435\u0444\u0435\u043a\u0442\u0438\u0432\u043d\u043e\u0433\u043e \u0443\u043f\u0440\u0430\u0432\u043b\u0456\u043d\u043d\u044f \u0442\u0430\u043a\u0438\u043c\u0438 \u043f\u0440\u0438\u0440\u043e\u0434\u043d\u0438\u043c\u0438 \u0440\u0435\u0441\u0443\u0440\u0441\u0430\u043c\u0438, \u044f\u043a \u0432\u043e\u0434\u0430, \u0491\u0440\u0443\u043d\u0442 \u0456 \u043f\u043e\u0432\u0456\u0442\u0440\u044f<\/p>\n\n\n\n<p>\u0432\u043d\u0435\u0441\u043e\u043a \u0443 \u0437\u0430\u0445\u0438\u0441\u0442 \u0431\u0456\u043e\u0440\u0456\u0437\u043d\u043e\u043c\u0430\u043d\u0456\u0442\u0442\u044f, \u043f\u043e\u043a\u0440\u0430\u0449\u0435\u043d\u043d\u044f \u0435\u043a\u043e\u0441\u0438\u0441\u0442\u0435\u043c\u043d\u0438\u0445 \u043f\u043e\u0441\u043b\u0443\u0433 \u0442\u0430 \u0437\u0430\u0445\u0438\u0441\u0442 \u0441\u0435\u0440\u0435\u0434\u043e\u0432\u0438\u0449 \u0456\u0441\u043d\u0443\u0432\u0430\u043d\u043d\u044f \u0442\u0430 \u043b\u0430\u043d\u0434\u0448\u0430\u0444\u0442\u0456\u0432<\/p>\n\n\n\n<p>\u0437\u0430\u043b\u0443\u0447\u0435\u043d\u043d\u044f \u043c\u043e\u043b\u043e\u0434\u0438\u0445 \u0444\u0435\u0440\u043c\u0435\u0440\u0456\u0432 \u0442\u0430 \u0441\u043f\u0440\u0438\u044f\u043d\u043d\u044f \u0440\u043e\u0437\u0432\u0438\u0442\u043a\u0443 \u0431\u0456\u0437\u043d\u0435\u0441\u0443 \u0432 \u0441\u0456\u043b\u044c\u0441\u044c\u043a\u0456\u0439 \u043c\u0456\u0441\u0446\u0435\u0432\u043e\u0441\u0442\u0456<\/p>\n\n\n\n<p>\u0441\u043f\u0440\u0438\u044f\u043d\u043d\u044f \u0437\u0430\u0439\u043d\u044f\u0442\u043e\u0441\u0442\u0456, \u0437\u0440\u043e\u0441\u0442\u0430\u043d\u043d\u044e, \u0441\u043e\u0446\u0456\u0430\u043b\u044c\u043d\u043e\u043c\u0443 \u0437\u0430\u043b\u0443\u0447\u0435\u043d\u043d\u044e \u0442\u0430 \u043c\u0456\u0441\u0446\u0435\u0432\u043e\u043c\u0443 \u0440\u043e\u0437\u0432\u0438\u0442\u043a\u0443 \u0432 \u0441\u0456\u043b\u044c\u0441\u044c\u043a\u0456\u0439 \u043c\u0456\u0441\u0446\u0435\u0432\u043e\u0441\u0442\u0456, \u0432\u043a\u043b\u044e\u0447\u0430\u044e\u0447\u0438 \u0431\u0456\u043e\u0435\u043a\u043e\u043d\u043e\u043c\u0456\u043a\u0443 \u0442\u0430 \u0441\u0442\u0430\u043b\u0435 \u043b\u0456\u0441\u043e\u0432\u0435 \u0433\u043e\u0441\u043f\u043e\u0434\u0430\u0440\u0441\u0442\u0432\u043e<\/p>\n\n\n\n<p>\u043f\u043e\u043a\u0440\u0430\u0449\u0435\u043d\u043d\u044f \u0440\u0435\u0430\u0433\u0443\u0432\u0430\u043d\u043d\u044f \u0441\u0456\u043b\u044c\u0441\u044c\u043a\u043e\u0433\u043e \u0433\u043e\u0441\u043f\u043e\u0434\u0430\u0440\u0441\u0442\u0432\u0430 \u0404\u0421 \u043d\u0430 \u0441\u0443\u0441\u043f\u0456\u043b\u044c\u043d\u0456 \u043f\u043e\u0442\u0440\u0435\u0431\u0438 \u0432 \u0457\u0436\u0456 \u0442\u0430 \u0437\u0434\u043e\u0440\u043e\u0432\u2019\u0457, \u0432\u043a\u043b\u044e\u0447\u0430\u044e\u0447\u0438 \u0431\u0435\u0437\u043f\u0435\u0447\u043d\u0456, \u0431\u0430\u0433\u0430\u0442\u0456 \u043d\u0430 \u043f\u043e\u0436\u0438\u0432\u043d\u0456 \u0440\u0435\u0447\u043e\u0432\u0438\u043d\u0438 \u0442\u0430 \u0441\u0442\u0456\u0439\u043a\u0456 \u043f\u0440\u043e\u0434\u0443\u043a\u0442\u0438 \u0445\u0430\u0440\u0447\u0443\u0432\u0430\u043d\u043d\u044f, \u0430 \u0442\u0430\u043a\u043e\u0436 \u0434\u043e\u0431\u0440\u043e\u0431\u0443\u0442 \u0442\u0432\u0430\u0440\u0438\u043d.<\/p>\n\n\n\n<p><strong>\u0423 2022 \u0440\u043e\u0446\u0456 \u0434\u043e\u0442\u0430\u0446\u0456\u0457 \u043d\u0430 \u0434\u043e\u0431\u0440\u0438\u0432\u0430 \u0432 \u041f\u0456\u0434\u043a\u0430\u0440\u043f\u0430\u0442\u0441\u044c\u043a\u0430 \u0441\u043a\u043b\u0430\u043b\u0430 69 454 170.<\/strong><\/p>","protected":false},"excerpt":{"rendered":"<p>Rz\u0105d wzmacnia konkurencyjno\u015b\u0107 i rozw\u00f3j polskiego rolnictwa, ma\u0142ych gospodarstw oraz rozw\u00f3j obszar\u00f3w wiejskich z aspektami przej\u015bcia do zielonej i cyfrowej gospodarki.\u00a0Od stycznia obowi\u0105zuje nowa Wsp\u00f3lna Polityka Rolna 2023-2027, kt\u00f3rej zaplanowane \u015brodki wynosz\u0105 25,2 mld EUR. Plan Strategiczny zak\u0142ada m.in.: wspieranie&nbsp;godziwych dochod\u00f3w gospodarstw rolnych&nbsp; konkurencyjno\u015b\u0107, badania naukowe, technologia i&nbsp; cyfryzacja popraw\u0119 pozycji rolnik\u00f3w&nbsp;w&nbsp; \u0142a\u0144cuchu warto\u015bci \u0142agodzenie [&hellip;]<\/p>","protected":false},"author":21,"featured_media":27282,"comment_status":"open","ping_status":"open","sticky":false,"template":"","format":"standard","meta":{"ngg_post_thumbnail":0,"footnotes":""},"categories":[3],"tags":[],"class_list":["post-27281","post","type-post","status-publish","format-standard","has-post-thumbnail","hentry","category-wydarzenia"],"yoast_head":"<!-- This site is optimized with the Yoast SEO plugin v24.7 - https:\/\/yoast.com\/wordpress\/plugins\/seo\/ -->\n<title>Ponad 25 mld euro dla polskich rolnik\u00f3w &#8211; Marek Kuchci\u0144ski<\/title>\n<meta name=\"robots\" content=\"index, follow, max-snippet:-1, max-image-preview:large, max-video-preview:-1\" \/>\n<link rel=\"canonical\" href=\"https:\/\/marekkuchcinski.pl\/uk\/wydarzenia\/ponad-25-mld-euro-dla-polskich-rolnikow\/\" \/>\n<meta property=\"og:locale\" content=\"uk_UA\" \/>\n<meta property=\"og:type\" content=\"article\" \/>\n<meta property=\"og:title\" content=\"Ponad 25 mld euro dla polskich rolnik\u00f3w &#8211; Marek Kuchci\u0144ski\" \/>\n<meta property=\"og:description\" content=\"Rz\u0105d wzmacnia konkurencyjno\u015b\u0107 i rozw\u00f3j polskiego rolnictwa, ma\u0142ych gospodarstw oraz rozw\u00f3j obszar\u00f3w wiejskich z aspektami przej\u015bcia do zielonej i cyfrowej gospodarki.\u00a0Od stycznia obowi\u0105zuje nowa Wsp\u00f3lna Polityka Rolna 2023-2027, kt\u00f3rej zaplanowane \u015brodki wynosz\u0105 25,2 mld EUR. Plan Strategiczny zak\u0142ada m.in.: wspieranie&nbsp;godziwych dochod\u00f3w gospodarstw rolnych&nbsp; konkurencyjno\u015b\u0107, badania naukowe, technologia i&nbsp; cyfryzacja popraw\u0119 pozycji rolnik\u00f3w&nbsp;w&nbsp; \u0142a\u0144cuchu warto\u015bci \u0142agodzenie [&hellip;]\" \/>\n<meta property=\"og:url\" content=\"https:\/\/marekkuchcinski.pl\/uk\/wydarzenia\/ponad-25-mld-euro-dla-polskich-rolnikow\/\" \/>\n<meta property=\"og:site_name\" content=\"Marek Kuchci\u0144ski\" \/>\n<meta property=\"article:published_time\" content=\"2023-01-13T19:19:41+00:00\" \/>\n<meta property=\"article:modified_time\" content=\"2023-01-13T19:20:02+00:00\" \/>\n<meta property=\"og:image\" content=\"https:\/\/marekkuchcinski.pl\/wp-content\/uploads\/2023\/01\/zboze.jpg\" \/>\n\t<meta property=\"og:image:width\" content=\"960\" \/>\n\t<meta property=\"og:image:height\" content=\"668\" \/>\n\t<meta property=\"og:image:type\" content=\"image\/jpeg\" \/>\n<meta name=\"author\" content=\"Marta Olejnik\" \/>\n<meta name=\"twitter:card\" content=\"summary_large_image\" \/>\n<meta name=\"twitter:label1\" content=\"\u041d\u0430\u043f\u0438\u0441\u0430\u043d\u043e\" \/>\n\t<meta name=\"twitter:data1\" content=\"Marta Olejnik\" \/>\n\t<meta name=\"twitter:label2\" content=\"\u041f\u0440\u0438\u0431\u043b. \u0447\u0430\u0441 \u0447\u0438\u0442\u0430\u043d\u043d\u044f\" \/>\n\t<meta name=\"twitter:data2\" content=\"1 \u0445\u0432\u0438\u043b\u0438\u043d\u0430\" \/>\n<script type=\"application\/ld+json\" class=\"yoast-schema-graph\">{\"@context\":\"https:\/\/schema.org\",\"@graph\":[{\"@type\":\"Article\",\"@id\":\"https:\/\/marekkuchcinski.pl\/wydarzenia\/ponad-25-mld-euro-dla-polskich-rolnikow\/#article\",\"isPartOf\":{\"@id\":\"https:\/\/marekkuchcinski.pl\/wydarzenia\/ponad-25-mld-euro-dla-polskich-rolnikow\/\"},\"author\":{\"name\":\"Marta Olejnik\",\"@id\":\"https:\/\/marekkuchcinski.pl\/#\/schema\/person\/51d5d4ee3b5317b8e4dd2b48af359229\"},\"headline\":\"Ponad 25 mld euro dla polskich rolnik\u00f3w\",\"datePublished\":\"2023-01-13T19:19:41+00:00\",\"dateModified\":\"2023-01-13T19:20:02+00:00\",\"mainEntityOfPage\":{\"@id\":\"https:\/\/marekkuchcinski.pl\/wydarzenia\/ponad-25-mld-euro-dla-polskich-rolnikow\/\"},\"wordCount\":227,\"commentCount\":0,\"publisher\":{\"@id\":\"https:\/\/marekkuchcinski.pl\/#organization\"},\"image\":{\"@id\":\"https:\/\/marekkuchcinski.pl\/wydarzenia\/ponad-25-mld-euro-dla-polskich-rolnikow\/#primaryimage\"},\"thumbnailUrl\":\"https:\/\/marekkuchcinski.pl\/wp-content\/uploads\/2023\/01\/zboze.jpg\",\"articleSection\":[\"Wydarzenia\"],\"inLanguage\":\"uk\",\"potentialAction\":[{\"@type\":\"CommentAction\",\"name\":\"Comment\",\"target\":[\"https:\/\/marekkuchcinski.pl\/wydarzenia\/ponad-25-mld-euro-dla-polskich-rolnikow\/#respond\"]}]},{\"@type\":\"WebPage\",\"@id\":\"https:\/\/marekkuchcinski.pl\/wydarzenia\/ponad-25-mld-euro-dla-polskich-rolnikow\/\",\"url\":\"https:\/\/marekkuchcinski.pl\/wydarzenia\/ponad-25-mld-euro-dla-polskich-rolnikow\/\",\"name\":\"Ponad 25 mld euro dla polskich rolnik\u00f3w &#8211; Marek Kuchci\u0144ski\",\"isPartOf\":{\"@id\":\"https:\/\/marekkuchcinski.pl\/#website\"},\"primaryImageOfPage\":{\"@id\":\"https:\/\/marekkuchcinski.pl\/wydarzenia\/ponad-25-mld-euro-dla-polskich-rolnikow\/#primaryimage\"},\"image\":{\"@id\":\"https:\/\/marekkuchcinski.pl\/wydarzenia\/ponad-25-mld-euro-dla-polskich-rolnikow\/#primaryimage\"},\"thumbnailUrl\":\"https:\/\/marekkuchcinski.pl\/wp-content\/uploads\/2023\/01\/zboze.jpg\",\"datePublished\":\"2023-01-13T19:19:41+00:00\",\"dateModified\":\"2023-01-13T19:20:02+00:00\",\"breadcrumb\":{\"@id\":\"https:\/\/marekkuchcinski.pl\/wydarzenia\/ponad-25-mld-euro-dla-polskich-rolnikow\/#breadcrumb\"},\"inLanguage\":\"uk\",\"potentialAction\":[{\"@type\":\"ReadAction\",\"target\":[\"https:\/\/marekkuchcinski.pl\/wydarzenia\/ponad-25-mld-euro-dla-polskich-rolnikow\/\"]}]},{\"@type\":\"ImageObject\",\"inLanguage\":\"uk\",\"@id\":\"https:\/\/marekkuchcinski.pl\/wydarzenia\/ponad-25-mld-euro-dla-polskich-rolnikow\/#primaryimage\",\"url\":\"https:\/\/marekkuchcinski.pl\/wp-content\/uploads\/2023\/01\/zboze.jpg\",\"contentUrl\":\"https:\/\/marekkuchcinski.pl\/wp-content\/uploads\/2023\/01\/zboze.jpg\",\"width\":960,\"height\":668},{\"@type\":\"BreadcrumbList\",\"@id\":\"https:\/\/marekkuchcinski.pl\/wydarzenia\/ponad-25-mld-euro-dla-polskich-rolnikow\/#breadcrumb\",\"itemListElement\":[{\"@type\":\"ListItem\",\"position\":1,\"name\":\"Strona g\u0142\u00f3wna\",\"item\":\"https:\/\/marekkuchcinski.pl\/\"},{\"@type\":\"ListItem\",\"position\":2,\"name\":\"Ponad 25 mld euro dla polskich rolnik\u00f3w\"}]},{\"@type\":\"WebSite\",\"@id\":\"https:\/\/marekkuchcinski.pl\/#website\",\"url\":\"https:\/\/marekkuchcinski.pl\/\",\"name\":\"Marek Kuchci\u0144ski\",\"description\":\"Pose\u0142 na sejm RP &ndash; okr\u0119g nr 22\",\"publisher\":{\"@id\":\"https:\/\/marekkuchcinski.pl\/#organization\"},\"potentialAction\":[{\"@type\":\"SearchAction\",\"target\":{\"@type\":\"EntryPoint\",\"urlTemplate\":\"https:\/\/marekkuchcinski.pl\/?s={search_term_string}\"},\"query-input\":{\"@type\":\"PropertyValueSpecification\",\"valueRequired\":true,\"valueName\":\"search_term_string\"}}],\"inLanguage\":\"uk\"},{\"@type\":\"Organization\",\"@id\":\"https:\/\/marekkuchcinski.pl\/#organization\",\"name\":\"Marek Kuchci\u0144ski\",\"url\":\"https:\/\/marekkuchcinski.pl\/\",\"logo\":{\"@type\":\"ImageObject\",\"inLanguage\":\"uk\",\"@id\":\"https:\/\/marekkuchcinski.pl\/#\/schema\/logo\/image\/\",\"url\":\"https:\/\/marekkuchcinski.pl\/wp-content\/uploads\/2022\/09\/Marek.jpg\",\"contentUrl\":\"https:\/\/marekkuchcinski.pl\/wp-content\/uploads\/2022\/09\/Marek.jpg\",\"width\":1600,\"height\":971,\"caption\":\"Marek Kuchci\u0144ski\"},\"image\":{\"@id\":\"https:\/\/marekkuchcinski.pl\/#\/schema\/logo\/image\/\"}},{\"@type\":\"Person\",\"@id\":\"https:\/\/marekkuchcinski.pl\/#\/schema\/person\/51d5d4ee3b5317b8e4dd2b48af359229\",\"name\":\"Marta Olejnik\",\"image\":{\"@type\":\"ImageObject\",\"inLanguage\":\"uk\",\"@id\":\"https:\/\/marekkuchcinski.pl\/#\/schema\/person\/image\/\",\"url\":\"https:\/\/secure.gravatar.com\/avatar\/e39914b2aa6a48959e24d475b5dc9793?s=96&d=mm&r=g\",\"contentUrl\":\"https:\/\/secure.gravatar.com\/avatar\/e39914b2aa6a48959e24d475b5dc9793?s=96&d=mm&r=g\",\"caption\":\"Marta Olejnik\"},\"url\":\"https:\/\/marekkuchcinski.pl\/uk\/author\/marta\/\"}]}<\/script>\n<!-- \/ Yoast SEO plugin. -->","yoast_head_json":{"title":"Ponad 25 mld euro dla polskich rolnik\u00f3w &#8211; Marek Kuchci\u0144ski","robots":{"index":"index","follow":"follow","max-snippet":"max-snippet:-1","max-image-preview":"max-image-preview:large","max-video-preview":"max-video-preview:-1"},"canonical":"https:\/\/marekkuchcinski.pl\/uk\/wydarzenia\/ponad-25-mld-euro-dla-polskich-rolnikow\/","og_locale":"uk_UA","og_type":"article","og_title":"Ponad 25 mld euro dla polskich rolnik\u00f3w &#8211; Marek Kuchci\u0144ski","og_description":"Rz\u0105d wzmacnia konkurencyjno\u015b\u0107 i rozw\u00f3j polskiego rolnictwa, ma\u0142ych gospodarstw oraz rozw\u00f3j obszar\u00f3w wiejskich z aspektami przej\u015bcia do zielonej i cyfrowej gospodarki.\u00a0Od stycznia obowi\u0105zuje nowa Wsp\u00f3lna Polityka Rolna 2023-2027, kt\u00f3rej zaplanowane \u015brodki wynosz\u0105 25,2 mld EUR. Plan Strategiczny zak\u0142ada m.in.: wspieranie&nbsp;godziwych dochod\u00f3w gospodarstw rolnych&nbsp; konkurencyjno\u015b\u0107, badania naukowe, technologia i&nbsp; cyfryzacja popraw\u0119 pozycji rolnik\u00f3w&nbsp;w&nbsp; \u0142a\u0144cuchu warto\u015bci \u0142agodzenie [&hellip;]","og_url":"https:\/\/marekkuchcinski.pl\/uk\/wydarzenia\/ponad-25-mld-euro-dla-polskich-rolnikow\/","og_site_name":"Marek Kuchci\u0144ski","article_published_time":"2023-01-13T19:19:41+00:00","article_modified_time":"2023-01-13T19:20:02+00:00","og_image":[{"width":960,"height":668,"url":"https:\/\/marekkuchcinski.pl\/wp-content\/uploads\/2023\/01\/zboze.jpg","type":"image\/jpeg"}],"author":"Marta Olejnik","twitter_card":"summary_large_image","twitter_misc":{"\u041d\u0430\u043f\u0438\u0441\u0430\u043d\u043e":"Marta Olejnik","\u041f\u0440\u0438\u0431\u043b. \u0447\u0430\u0441 \u0447\u0438\u0442\u0430\u043d\u043d\u044f":"1 \u0445\u0432\u0438\u043b\u0438\u043d\u0430"},"schema":{"@context":"https:\/\/schema.org","@graph":[{"@type":"Article","@id":"https:\/\/marekkuchcinski.pl\/wydarzenia\/ponad-25-mld-euro-dla-polskich-rolnikow\/#article","isPartOf":{"@id":"https:\/\/marekkuchcinski.pl\/wydarzenia\/ponad-25-mld-euro-dla-polskich-rolnikow\/"},"author":{"name":"Marta Olejnik","@id":"https:\/\/marekkuchcinski.pl\/#\/schema\/person\/51d5d4ee3b5317b8e4dd2b48af359229"},"headline":"Ponad 25 mld euro dla polskich rolnik\u00f3w","datePublished":"2023-01-13T19:19:41+00:00","dateModified":"2023-01-13T19:20:02+00:00","mainEntityOfPage":{"@id":"https:\/\/marekkuchcinski.pl\/wydarzenia\/ponad-25-mld-euro-dla-polskich-rolnikow\/"},"wordCount":227,"commentCount":0,"publisher":{"@id":"https:\/\/marekkuchcinski.pl\/#organization"},"image":{"@id":"https:\/\/marekkuchcinski.pl\/wydarzenia\/ponad-25-mld-euro-dla-polskich-rolnikow\/#primaryimage"},"thumbnailUrl":"https:\/\/marekkuchcinski.pl\/wp-content\/uploads\/2023\/01\/zboze.jpg","articleSection":["Wydarzenia"],"inLanguage":"uk","potentialAction":[{"@type":"CommentAction","name":"Comment","target":["https:\/\/marekkuchcinski.pl\/wydarzenia\/ponad-25-mld-euro-dla-polskich-rolnikow\/#respond"]}]},{"@type":"WebPage","@id":"https:\/\/marekkuchcinski.pl\/wydarzenia\/ponad-25-mld-euro-dla-polskich-rolnikow\/","url":"https:\/\/marekkuchcinski.pl\/wydarzenia\/ponad-25-mld-euro-dla-polskich-rolnikow\/","name":"Ponad 25 mld euro dla polskich rolnik\u00f3w &#8211; Marek Kuchci\u0144ski","isPartOf":{"@id":"https:\/\/marekkuchcinski.pl\/#website"},"primaryImageOfPage":{"@id":"https:\/\/marekkuchcinski.pl\/wydarzenia\/ponad-25-mld-euro-dla-polskich-rolnikow\/#primaryimage"},"image":{"@id":"https:\/\/marekkuchcinski.pl\/wydarzenia\/ponad-25-mld-euro-dla-polskich-rolnikow\/#primaryimage"},"thumbnailUrl":"https:\/\/marekkuchcinski.pl\/wp-content\/uploads\/2023\/01\/zboze.jpg","datePublished":"2023-01-13T19:19:41+00:00","dateModified":"2023-01-13T19:20:02+00:00","breadcrumb":{"@id":"https:\/\/marekkuchcinski.pl\/wydarzenia\/ponad-25-mld-euro-dla-polskich-rolnikow\/#breadcrumb"},"inLanguage":"uk","potentialAction":[{"@type":"ReadAction","target":["https:\/\/marekkuchcinski.pl\/wydarzenia\/ponad-25-mld-euro-dla-polskich-rolnikow\/"]}]},{"@type":"ImageObject","inLanguage":"uk","@id":"https:\/\/marekkuchcinski.pl\/wydarzenia\/ponad-25-mld-euro-dla-polskich-rolnikow\/#primaryimage","url":"https:\/\/marekkuchcinski.pl\/wp-content\/uploads\/2023\/01\/zboze.jpg","contentUrl":"https:\/\/marekkuchcinski.pl\/wp-content\/uploads\/2023\/01\/zboze.jpg","width":960,"height":668},{"@type":"BreadcrumbList","@id":"https:\/\/marekkuchcinski.pl\/wydarzenia\/ponad-25-mld-euro-dla-polskich-rolnikow\/#breadcrumb","itemListElement":[{"@type":"ListItem","position":1,"name":"Strona g\u0142\u00f3wna","item":"https:\/\/marekkuchcinski.pl\/"},{"@type":"ListItem","position":2,"name":"Ponad 25 mld euro dla polskich rolnik\u00f3w"}]},{"@type":"WebSite","@id":"https:\/\/marekkuchcinski.pl\/#website","url":"https:\/\/marekkuchcinski.pl\/","name":"Marek Kuchci\u0144ski","description":"Pose\u0142 na sejm RP &ndash; okr\u0119g nr 22","publisher":{"@id":"https:\/\/marekkuchcinski.pl\/#organization"},"potentialAction":[{"@type":"SearchAction","target":{"@type":"EntryPoint","urlTemplate":"https:\/\/marekkuchcinski.pl\/?s={search_term_string}"},"query-input":{"@type":"PropertyValueSpecification","valueRequired":true,"valueName":"search_term_string"}}],"inLanguage":"uk"},{"@type":"Organization","@id":"https:\/\/marekkuchcinski.pl\/#organization","name":"Marek Kuchci\u0144ski","url":"https:\/\/marekkuchcinski.pl\/","logo":{"@type":"ImageObject","inLanguage":"uk","@id":"https:\/\/marekkuchcinski.pl\/#\/schema\/logo\/image\/","url":"https:\/\/marekkuchcinski.pl\/wp-content\/uploads\/2022\/09\/Marek.jpg","contentUrl":"https:\/\/marekkuchcinski.pl\/wp-content\/uploads\/2022\/09\/Marek.jpg","width":1600,"height":971,"caption":"Marek Kuchci\u0144ski"},"image":{"@id":"https:\/\/marekkuchcinski.pl\/#\/schema\/logo\/image\/"}},{"@type":"Person","@id":"https:\/\/marekkuchcinski.pl\/#\/schema\/person\/51d5d4ee3b5317b8e4dd2b48af359229","name":"Marta Olejnik","image":{"@type":"ImageObject","inLanguage":"uk","@id":"https:\/\/marekkuchcinski.pl\/#\/schema\/person\/image\/","url":"https:\/\/secure.gravatar.com\/avatar\/e39914b2aa6a48959e24d475b5dc9793?s=96&d=mm&r=g","contentUrl":"https:\/\/secure.gravatar.com\/avatar\/e39914b2aa6a48959e24d475b5dc9793?s=96&d=mm&r=g","caption":"Marta Olejnik"},"url":"https:\/\/marekkuchcinski.pl\/uk\/author\/marta\/"}]}},"_links":{"self":[{"href":"https:\/\/marekkuchcinski.pl\/uk\/wp-json\/wp\/v2\/posts\/27281","targetHints":{"allow":["GET"]}}],"collection":[{"href":"https:\/\/marekkuchcinski.pl\/uk\/wp-json\/wp\/v2\/posts"}],"about":[{"href":"https:\/\/marekkuchcinski.pl\/uk\/wp-json\/wp\/v2\/types\/post"}],"author":[{"embeddable":true,"href":"https:\/\/marekkuchcinski.pl\/uk\/wp-json\/wp\/v2\/users\/21"}],"replies":[{"embeddable":true,"href":"https:\/\/marekkuchcinski.pl\/uk\/wp-json\/wp\/v2\/comments?post=27281"}],"version-history":[{"count":2,"href":"https:\/\/marekkuchcinski.pl\/uk\/wp-json\/wp\/v2\/posts\/27281\/revisions"}],"predecessor-version":[{"id":27284,"href":"https:\/\/marekkuchcinski.pl\/uk\/wp-json\/wp\/v2\/posts\/27281\/revisions\/27284"}],"wp:featuredmedia":[{"embeddable":true,"href":"https:\/\/marekkuchcinski.pl\/uk\/wp-json\/wp\/v2\/media\/27282"}],"wp:attachment":[{"href":"https:\/\/marekkuchcinski.pl\/uk\/wp-json\/wp\/v2\/media?parent=27281"}],"wp:term":[{"taxonomy":"category","embeddable":true,"href":"https:\/\/marekkuchcinski.pl\/uk\/wp-json\/wp\/v2\/categories?post=27281"},{"taxonomy":"post_tag","embeddable":true,"href":"https:\/\/marekkuchcinski.pl\/uk\/wp-json\/wp\/v2\/tags?post=27281"}],"curies":[{"name":"wp","href":"https:\/\/api.w.org\/{rel}","templated":true}]}}