{"id":26800,"date":"2022-10-24T23:54:52","date_gmt":"2022-10-24T21:54:52","guid":{"rendered":"https:\/\/marekkuchcinski.pl\/?p=26800"},"modified":"2022-10-24T23:59:23","modified_gmt":"2022-10-24T21:59:23","slug":"karpaty-lacza-propozycja-a-otwarcia-turystycznego-przejscia-granicznego-lubnia-wolosate","status":"publish","type":"post","link":"https:\/\/marekkuchcinski.pl\/uk\/wydarzenia\/karpaty-lacza-propozycja-a-otwarcia-turystycznego-przejscia-granicznego-lubnia-wolosate\/","title":{"rendered":"Karpaty \u0142\u0105cz\u0105. Propozycja \u0105 otwarcia turystycznego przej\u015bcia granicznego \u0141ubnia \u2013 Wo\u0142osate"},"content":{"rendered":"<p class=\"wp-block-paragraph\"><\/p>\n\n\n\n<p class=\"wp-block-paragraph\"><strong>Uczestnicy konferencji,w Mucznem w Bieszczadach, wyszli z propozycj\u0105 otwarcia turystycznego przej\u015bcia granicznego \u0141ubnia \u2013 Wo\u0142osate, gdzie z\u0142o\u017cono wizyt\u0119. Wracaj\u0105c, uczestnicy konferencji mogli z bliska zobaczy\u0107 pomnik Ludzi Wolno\u015bci i Solidarno\u015bci z Bieszczad. <\/strong><\/p>\n\n\n\n<p class=\"wp-block-paragraph\">\u2013 Chcemy uruchomi\u0107 ponownie wielki mi\u0119dzynarodowy szlak turystyczny, kt\u00f3re otwierane by\u0142oby sezonowo, bez trwa\u0142ej infrastruktury, kt\u00f3ra burzy\u0142aby r\u00f3wnowag\u0119 przyrodnicz\u0105 \u2013 podkre\u015bli\u0142 Marek Kuchci\u0144ski, inicjator konferencji.<\/p>\n\n\n\n<p class=\"wp-block-paragraph\">By\u0142o to pi\u0105te spotkaniu z cyklu \u201eWydarzenia i ludzie XIX i XX wieku &#8211; Przemy\u015bl, Ziemia Przemyska<br>i Podkarpacie w Europie Karpat\u201d organizowane przez <strong>Przemyskie Towarzystwa Kulturalne<\/strong>.<\/p>\n\n\n\n<p class=\"wp-block-paragraph\"><\/p>\n\n\n\n<p class=\"has-text-align-center wp-block-paragraph\"><strong>O\u015aWIADCZENIE\/LIST OTWARTY<\/strong><\/p>\n\n\n\n<p class=\"wp-block-paragraph\">My, uczestnicy spotka\u0144 \u201eEuropa Karpat\u201d, popieramy wszelkie dzia\u0142ania wspieraj\u0105ce rozw\u00f3j wsp\u00f3\u0142pracy w Karpatach i poznawanie tego najbardziej r\u00f3\u017cnorodnego biologicznie, kulturowo i spo\u0142ecznie makroregionu Europy.Dlatego uwa\u017camy za wskazane otwarcie turystycznego przej\u015bcia granicznego \u0141ubnia \u2013 Wo\u0142osate, kt\u00f3re uruchomi szlak turystyczny z Polski na Zakarpacie.<\/p>\n\n\n\n<p class=\"wp-block-paragraph\">Uwa\u017camy, \u017ce przyczyni si\u0119 ono do poznawania Bieszczad\u00f3w oraz rozwoju turystyki w polskich, ukrai\u0144skich i rumu\u0144skich Karpatach. Dodatkowo pozytywnie wp\u0142ynie na lokaln\u0105 gospodark\u0119 i zacie\u015bnianie spo\u0142ecznych relacji. Karpaty \u0142\u0105cz\u0105!<\/p>\n\n\n\n<p class=\"wp-block-paragraph\">Jeste\u015bmy r\u00f3wnie\u017c pewni, \u017ce nowo otwarte przej\u015bcie nie wp\u0142ynie negatywnie na stan \u015brodowiska naturalnego obj\u0119tego formami ochrony po obu stronach granicy, ale pozwoli na docenienie przyrody, kultury i ludzi tego regionu Europy.<\/p>\n\n\n\n<p class=\"wp-block-paragraph\"><\/p>\n\n\n\n<p class=\"wp-block-paragraph\"><\/p>\n\n\n\n<figure class=\"wp-block-image size-large\"><a href=\"https:\/\/marekkuchcinski.pl\/wp-content\/uploads\/2022\/10\/IMG-0425.jpg\"><img fetchpriority=\"high\" decoding=\"async\" width=\"1024\" height=\"768\" src=\"https:\/\/marekkuchcinski.pl\/wp-content\/uploads\/2022\/10\/IMG-0425-1024x768.jpg\" alt=\"\" class=\"wp-image-26801\" srcset=\"https:\/\/marekkuchcinski.pl\/wp-content\/uploads\/2022\/10\/IMG-0425-1024x768.jpg 1024w, https:\/\/marekkuchcinski.pl\/wp-content\/uploads\/2022\/10\/IMG-0425-300x225.jpg 300w, https:\/\/marekkuchcinski.pl\/wp-content\/uploads\/2022\/10\/IMG-0425-768x576.jpg 768w, https:\/\/marekkuchcinski.pl\/wp-content\/uploads\/2022\/10\/IMG-0425-1536x1152.jpg 1536w, https:\/\/marekkuchcinski.pl\/wp-content\/uploads\/2022\/10\/IMG-0425-16x12.jpg 16w, https:\/\/marekkuchcinski.pl\/wp-content\/uploads\/2022\/10\/IMG-0425.jpg 1600w\" sizes=\"(max-width: 1024px) 100vw, 1024px\" \/><\/a><\/figure>\n\n\n\n<figure class=\"wp-block-image size-large\"><a href=\"https:\/\/marekkuchcinski.pl\/wp-content\/uploads\/2022\/10\/IMG_0190.jpg\"><img decoding=\"async\" width=\"1024\" height=\"676\" src=\"https:\/\/marekkuchcinski.pl\/wp-content\/uploads\/2022\/10\/IMG_0190-1024x676.jpg\" alt=\"\" class=\"wp-image-26802\" srcset=\"https:\/\/marekkuchcinski.pl\/wp-content\/uploads\/2022\/10\/IMG_0190-1024x676.jpg 1024w, https:\/\/marekkuchcinski.pl\/wp-content\/uploads\/2022\/10\/IMG_0190-300x198.jpg 300w, https:\/\/marekkuchcinski.pl\/wp-content\/uploads\/2022\/10\/IMG_0190-768x507.jpg 768w, https:\/\/marekkuchcinski.pl\/wp-content\/uploads\/2022\/10\/IMG_0190-1536x1015.jpg 1536w, https:\/\/marekkuchcinski.pl\/wp-content\/uploads\/2022\/10\/IMG_0190-18x12.jpg 18w, https:\/\/marekkuchcinski.pl\/wp-content\/uploads\/2022\/10\/IMG_0190.jpg 1600w\" sizes=\"(max-width: 1024px) 100vw, 1024px\" \/><\/a><\/figure>\n\n\n\n<figure class=\"wp-block-image size-large\"><a href=\"https:\/\/marekkuchcinski.pl\/wp-content\/uploads\/2022\/10\/IMG_0226_edited.jpg\"><img decoding=\"async\" width=\"1024\" height=\"683\" src=\"https:\/\/marekkuchcinski.pl\/wp-content\/uploads\/2022\/10\/IMG_0226_edited-1024x683.jpg\" alt=\"\" class=\"wp-image-26803\" srcset=\"https:\/\/marekkuchcinski.pl\/wp-content\/uploads\/2022\/10\/IMG_0226_edited-1024x683.jpg 1024w, https:\/\/marekkuchcinski.pl\/wp-content\/uploads\/2022\/10\/IMG_0226_edited-300x200.jpg 300w, https:\/\/marekkuchcinski.pl\/wp-content\/uploads\/2022\/10\/IMG_0226_edited-768x512.jpg 768w, https:\/\/marekkuchcinski.pl\/wp-content\/uploads\/2022\/10\/IMG_0226_edited-1536x1024.jpg 1536w, https:\/\/marekkuchcinski.pl\/wp-content\/uploads\/2022\/10\/IMG_0226_edited-18x12.jpg 18w, https:\/\/marekkuchcinski.pl\/wp-content\/uploads\/2022\/10\/IMG_0226_edited.jpg 1600w\" sizes=\"(max-width: 1024px) 100vw, 1024px\" \/><\/a><\/figure>\n\n\n\n<figure class=\"wp-block-image size-large\"><a href=\"https:\/\/marekkuchcinski.pl\/wp-content\/uploads\/2022\/10\/IMG_0177_edited.jpg\"><img loading=\"lazy\" decoding=\"async\" width=\"1024\" height=\"682\" src=\"https:\/\/marekkuchcinski.pl\/wp-content\/uploads\/2022\/10\/IMG_0177_edited-1024x682.jpg\" alt=\"\" class=\"wp-image-26805\" srcset=\"https:\/\/marekkuchcinski.pl\/wp-content\/uploads\/2022\/10\/IMG_0177_edited-1024x682.jpg 1024w, https:\/\/marekkuchcinski.pl\/wp-content\/uploads\/2022\/10\/IMG_0177_edited-300x200.jpg 300w, https:\/\/marekkuchcinski.pl\/wp-content\/uploads\/2022\/10\/IMG_0177_edited-768x512.jpg 768w, https:\/\/marekkuchcinski.pl\/wp-content\/uploads\/2022\/10\/IMG_0177_edited-1536x1023.jpg 1536w, https:\/\/marekkuchcinski.pl\/wp-content\/uploads\/2022\/10\/IMG_0177_edited-18x12.jpg 18w, https:\/\/marekkuchcinski.pl\/wp-content\/uploads\/2022\/10\/IMG_0177_edited.jpg 1600w\" sizes=\"(max-width: 1024px) 100vw, 1024px\" \/><\/a><\/figure>\n\n\n\n<figure class=\"wp-block-image size-large\"><a href=\"https:\/\/marekkuchcinski.pl\/wp-content\/uploads\/2022\/10\/IMG-0471_edited.jpg\"><img loading=\"lazy\" decoding=\"async\" width=\"1024\" height=\"718\" src=\"https:\/\/marekkuchcinski.pl\/wp-content\/uploads\/2022\/10\/IMG-0471_edited-1024x718.jpg\" alt=\"\" class=\"wp-image-26807\" srcset=\"https:\/\/marekkuchcinski.pl\/wp-content\/uploads\/2022\/10\/IMG-0471_edited-1024x718.jpg 1024w, https:\/\/marekkuchcinski.pl\/wp-content\/uploads\/2022\/10\/IMG-0471_edited-300x210.jpg 300w, https:\/\/marekkuchcinski.pl\/wp-content\/uploads\/2022\/10\/IMG-0471_edited-768x539.jpg 768w, https:\/\/marekkuchcinski.pl\/wp-content\/uploads\/2022\/10\/IMG-0471_edited-1536x1077.jpg 1536w, https:\/\/marekkuchcinski.pl\/wp-content\/uploads\/2022\/10\/IMG-0471_edited-18x12.jpg 18w, https:\/\/marekkuchcinski.pl\/wp-content\/uploads\/2022\/10\/IMG-0471_edited.jpg 1600w\" sizes=\"(max-width: 1024px) 100vw, 1024px\" \/><\/a><\/figure>\n\n\n\n<figure class=\"wp-block-image size-large\"><a href=\"https:\/\/marekkuchcinski.pl\/wp-content\/uploads\/2022\/10\/IMG-0537_edited.jpg\"><img loading=\"lazy\" decoding=\"async\" width=\"1024\" height=\"739\" src=\"https:\/\/marekkuchcinski.pl\/wp-content\/uploads\/2022\/10\/IMG-0537_edited-1024x739.jpg\" alt=\"\" class=\"wp-image-26808\" srcset=\"https:\/\/marekkuchcinski.pl\/wp-content\/uploads\/2022\/10\/IMG-0537_edited-1024x739.jpg 1024w, https:\/\/marekkuchcinski.pl\/wp-content\/uploads\/2022\/10\/IMG-0537_edited-300x216.jpg 300w, https:\/\/marekkuchcinski.pl\/wp-content\/uploads\/2022\/10\/IMG-0537_edited-768x554.jpg 768w, https:\/\/marekkuchcinski.pl\/wp-content\/uploads\/2022\/10\/IMG-0537_edited-1536x1108.jpg 1536w, https:\/\/marekkuchcinski.pl\/wp-content\/uploads\/2022\/10\/IMG-0537_edited-18x12.jpg 18w, https:\/\/marekkuchcinski.pl\/wp-content\/uploads\/2022\/10\/IMG-0537_edited.jpg 1600w\" sizes=\"(max-width: 1024px) 100vw, 1024px\" \/><\/a><\/figure>\n\n\n\n<figure class=\"wp-block-image size-large\"><a href=\"https:\/\/marekkuchcinski.pl\/wp-content\/uploads\/2022\/10\/IMG-0353.jpg\"><img loading=\"lazy\" decoding=\"async\" width=\"1024\" height=\"768\" src=\"https:\/\/marekkuchcinski.pl\/wp-content\/uploads\/2022\/10\/IMG-0353-1024x768.jpg\" alt=\"\" class=\"wp-image-26809\" srcset=\"https:\/\/marekkuchcinski.pl\/wp-content\/uploads\/2022\/10\/IMG-0353-1024x768.jpg 1024w, https:\/\/marekkuchcinski.pl\/wp-content\/uploads\/2022\/10\/IMG-0353-300x225.jpg 300w, https:\/\/marekkuchcinski.pl\/wp-content\/uploads\/2022\/10\/IMG-0353-768x576.jpg 768w, https:\/\/marekkuchcinski.pl\/wp-content\/uploads\/2022\/10\/IMG-0353-1536x1152.jpg 1536w, https:\/\/marekkuchcinski.pl\/wp-content\/uploads\/2022\/10\/IMG-0353-16x12.jpg 16w, https:\/\/marekkuchcinski.pl\/wp-content\/uploads\/2022\/10\/IMG-0353.jpg 1600w\" sizes=\"(max-width: 1024px) 100vw, 1024px\" \/><\/a><\/figure>\n\n\n\n<figure class=\"wp-block-image size-large\"><a href=\"https:\/\/marekkuchcinski.pl\/wp-content\/uploads\/2022\/10\/IMG-0390.jpg\"><img loading=\"lazy\" decoding=\"async\" width=\"1024\" height=\"782\" src=\"https:\/\/marekkuchcinski.pl\/wp-content\/uploads\/2022\/10\/IMG-0390-1024x782.jpg\" alt=\"\" class=\"wp-image-26810\" srcset=\"https:\/\/marekkuchcinski.pl\/wp-content\/uploads\/2022\/10\/IMG-0390-1024x782.jpg 1024w, https:\/\/marekkuchcinski.pl\/wp-content\/uploads\/2022\/10\/IMG-0390-300x229.jpg 300w, https:\/\/marekkuchcinski.pl\/wp-content\/uploads\/2022\/10\/IMG-0390-768x587.jpg 768w, https:\/\/marekkuchcinski.pl\/wp-content\/uploads\/2022\/10\/IMG-0390-1536x1173.jpg 1536w, https:\/\/marekkuchcinski.pl\/wp-content\/uploads\/2022\/10\/IMG-0390-16x12.jpg 16w, https:\/\/marekkuchcinski.pl\/wp-content\/uploads\/2022\/10\/IMG-0390.jpg 1600w\" sizes=\"(max-width: 1024px) 100vw, 1024px\" \/><\/a><\/figure>","protected":false},"excerpt":{"rendered":"<p>Uczestnicy konferencji,w Mucznem w Bieszczadach, wyszli z propozycj\u0105 otwarcia turystycznego przej\u015bcia granicznego \u0141ubnia \u2013 Wo\u0142osate, gdzie z\u0142o\u017cono wizyt\u0119. Wracaj\u0105c, uczestnicy konferencji mogli z bliska zobaczy\u0107 pomnik Ludzi Wolno\u015bci i Solidarno\u015bci z Bieszczad. \u2013 Chcemy uruchomi\u0107 ponownie wielki mi\u0119dzynarodowy szlak turystyczny, kt\u00f3re otwierane by\u0142oby sezonowo, bez trwa\u0142ej infrastruktury, kt\u00f3ra burzy\u0142aby r\u00f3wnowag\u0119 przyrodnicz\u0105 \u2013 podkre\u015bli\u0142 Marek Kuchci\u0144ski, [&hellip;]<\/p>\n","protected":false},"author":3,"featured_media":26801,"comment_status":"open","ping_status":"open","sticky":false,"template":"","format":"standard","meta":{"ngg_post_thumbnail":0,"footnotes":""},"categories":[49,3],"tags":[],"class_list":["post-26800","post","type-post","status-publish","format-standard","has-post-thumbnail","hentry","category-podkarpacie","category-wydarzenia"],"yoast_head":"<!-- This site is optimized with the Yoast SEO plugin v28.4 - https:\/\/yoast.com\/product\/yoast-seo-wordpress\/ -->\n<title>Karpaty \u0142\u0105cz\u0105. Propozycja \u0105 otwarcia turystycznego przej\u015bcia granicznego \u0141ubnia \u2013 Wo\u0142osate &#8211; Marek Kuchci\u0144ski<\/title>\n<meta name=\"robots\" content=\"index, follow, max-snippet:-1, max-image-preview:large, max-video-preview:-1\" \/>\n<link rel=\"canonical\" href=\"https:\/\/marekkuchcinski.pl\/uk\/wydarzenia\/karpaty-lacza-propozycja-a-otwarcia-turystycznego-przejscia-granicznego-lubnia-wolosate\/\" \/>\n<meta property=\"og:locale\" content=\"uk_UA\" \/>\n<meta property=\"og:type\" content=\"article\" \/>\n<meta property=\"og:title\" content=\"Karpaty \u0142\u0105cz\u0105. Propozycja \u0105 otwarcia turystycznego przej\u015bcia granicznego \u0141ubnia \u2013 Wo\u0142osate &#8211; Marek Kuchci\u0144ski\" \/>\n<meta property=\"og:description\" content=\"Uczestnicy konferencji,w Mucznem w Bieszczadach, wyszli z propozycj\u0105 otwarcia turystycznego przej\u015bcia granicznego \u0141ubnia \u2013 Wo\u0142osate, gdzie z\u0142o\u017cono wizyt\u0119. Wracaj\u0105c, uczestnicy konferencji mogli z bliska zobaczy\u0107 pomnik Ludzi Wolno\u015bci i Solidarno\u015bci z Bieszczad. \u2013 Chcemy uruchomi\u0107 ponownie wielki mi\u0119dzynarodowy szlak turystyczny, kt\u00f3re otwierane by\u0142oby sezonowo, bez trwa\u0142ej infrastruktury, kt\u00f3ra burzy\u0142aby r\u00f3wnowag\u0119 przyrodnicz\u0105 \u2013 podkre\u015bli\u0142 Marek Kuchci\u0144ski, [&hellip;]\" \/>\n<meta property=\"og:url\" content=\"https:\/\/marekkuchcinski.pl\/uk\/wydarzenia\/karpaty-lacza-propozycja-a-otwarcia-turystycznego-przejscia-granicznego-lubnia-wolosate\/\" \/>\n<meta property=\"og:site_name\" content=\"Marek Kuchci\u0144ski\" \/>\n<meta property=\"article:published_time\" content=\"2022-10-24T21:54:52+00:00\" \/>\n<meta property=\"article:modified_time\" content=\"2022-10-24T21:59:23+00:00\" \/>\n<meta property=\"og:image\" content=\"https:\/\/marekkuchcinski.pl\/wp-content\/uploads\/2022\/10\/IMG-0425.jpg\" \/>\n\t<meta property=\"og:image:width\" content=\"1600\" \/>\n\t<meta property=\"og:image:height\" content=\"1200\" \/>\n\t<meta property=\"og:image:type\" content=\"image\/jpeg\" \/>\n<meta name=\"author\" content=\"Marta Olejnik\" \/>\n<meta name=\"twitter:card\" content=\"summary_large_image\" \/>\n<meta name=\"twitter:label1\" content=\"Written by\" \/>\n\t<meta name=\"twitter:data1\" content=\"Marta Olejnik\" \/>\n\t<meta name=\"twitter:label2\" content=\"Est. reading time\" \/>\n\t<meta name=\"twitter:data2\" content=\"3 minutes\" \/>\n<script type=\"application\/ld+json\" class=\"yoast-schema-graph\">{\"@context\":\"https:\\\/\\\/schema.org\",\"@graph\":[{\"@type\":\"Article\",\"@id\":\"https:\\\/\\\/marekkuchcinski.pl\\\/wydarzenia\\\/karpaty-lacza-propozycja-a-otwarcia-turystycznego-przejscia-granicznego-lubnia-wolosate\\\/#article\",\"isPartOf\":{\"@id\":\"https:\\\/\\\/marekkuchcinski.pl\\\/wydarzenia\\\/karpaty-lacza-propozycja-a-otwarcia-turystycznego-przejscia-granicznego-lubnia-wolosate\\\/\"},\"author\":{\"name\":\"Marta Olejnik\",\"@id\":\"https:\\\/\\\/marekkuchcinski.pl\\\/#\\\/schema\\\/person\\\/bd3f15dee67fee76e83c8350d0154101\"},\"headline\":\"Karpaty \u0142\u0105cz\u0105. Propozycja \u0105 otwarcia turystycznego przej\u015bcia granicznego \u0141ubnia \u2013 Wo\u0142osate\",\"datePublished\":\"2022-10-24T21:54:52+00:00\",\"dateModified\":\"2022-10-24T21:59:23+00:00\",\"mainEntityOfPage\":{\"@id\":\"https:\\\/\\\/marekkuchcinski.pl\\\/wydarzenia\\\/karpaty-lacza-propozycja-a-otwarcia-turystycznego-przejscia-granicznego-lubnia-wolosate\\\/\"},\"wordCount\":240,\"commentCount\":0,\"publisher\":{\"@id\":\"https:\\\/\\\/marekkuchcinski.pl\\\/#organization\"},\"image\":{\"@id\":\"https:\\\/\\\/marekkuchcinski.pl\\\/wydarzenia\\\/karpaty-lacza-propozycja-a-otwarcia-turystycznego-przejscia-granicznego-lubnia-wolosate\\\/#primaryimage\"},\"thumbnailUrl\":\"https:\\\/\\\/marekkuchcinski.pl\\\/wp-content\\\/uploads\\\/2022\\\/10\\\/IMG-0425.jpg\",\"articleSection\":[\"Podkarpacie\",\"Wydarzenia\"],\"inLanguage\":\"uk\",\"potentialAction\":[{\"@type\":\"CommentAction\",\"name\":\"Comment\",\"target\":[\"https:\\\/\\\/marekkuchcinski.pl\\\/wydarzenia\\\/karpaty-lacza-propozycja-a-otwarcia-turystycznego-przejscia-granicznego-lubnia-wolosate\\\/#respond\"]}]},{\"@type\":\"WebPage\",\"@id\":\"https:\\\/\\\/marekkuchcinski.pl\\\/wydarzenia\\\/karpaty-lacza-propozycja-a-otwarcia-turystycznego-przejscia-granicznego-lubnia-wolosate\\\/\",\"url\":\"https:\\\/\\\/marekkuchcinski.pl\\\/wydarzenia\\\/karpaty-lacza-propozycja-a-otwarcia-turystycznego-przejscia-granicznego-lubnia-wolosate\\\/\",\"name\":\"Karpaty \u0142\u0105cz\u0105. Propozycja \u0105 otwarcia turystycznego przej\u015bcia granicznego \u0141ubnia \u2013 Wo\u0142osate &#8211; Marek Kuchci\u0144ski\",\"isPartOf\":{\"@id\":\"https:\\\/\\\/marekkuchcinski.pl\\\/#website\"},\"primaryImageOfPage\":{\"@id\":\"https:\\\/\\\/marekkuchcinski.pl\\\/wydarzenia\\\/karpaty-lacza-propozycja-a-otwarcia-turystycznego-przejscia-granicznego-lubnia-wolosate\\\/#primaryimage\"},\"image\":{\"@id\":\"https:\\\/\\\/marekkuchcinski.pl\\\/wydarzenia\\\/karpaty-lacza-propozycja-a-otwarcia-turystycznego-przejscia-granicznego-lubnia-wolosate\\\/#primaryimage\"},\"thumbnailUrl\":\"https:\\\/\\\/marekkuchcinski.pl\\\/wp-content\\\/uploads\\\/2022\\\/10\\\/IMG-0425.jpg\",\"datePublished\":\"2022-10-24T21:54:52+00:00\",\"dateModified\":\"2022-10-24T21:59:23+00:00\",\"breadcrumb\":{\"@id\":\"https:\\\/\\\/marekkuchcinski.pl\\\/wydarzenia\\\/karpaty-lacza-propozycja-a-otwarcia-turystycznego-przejscia-granicznego-lubnia-wolosate\\\/#breadcrumb\"},\"inLanguage\":\"uk\",\"potentialAction\":[{\"@type\":\"ReadAction\",\"target\":[\"https:\\\/\\\/marekkuchcinski.pl\\\/wydarzenia\\\/karpaty-lacza-propozycja-a-otwarcia-turystycznego-przejscia-granicznego-lubnia-wolosate\\\/\"]}]},{\"@type\":\"ImageObject\",\"inLanguage\":\"uk\",\"@id\":\"https:\\\/\\\/marekkuchcinski.pl\\\/wydarzenia\\\/karpaty-lacza-propozycja-a-otwarcia-turystycznego-przejscia-granicznego-lubnia-wolosate\\\/#primaryimage\",\"url\":\"https:\\\/\\\/marekkuchcinski.pl\\\/wp-content\\\/uploads\\\/2022\\\/10\\\/IMG-0425.jpg\",\"contentUrl\":\"https:\\\/\\\/marekkuchcinski.pl\\\/wp-content\\\/uploads\\\/2022\\\/10\\\/IMG-0425.jpg\",\"width\":1600,\"height\":1200},{\"@type\":\"BreadcrumbList\",\"@id\":\"https:\\\/\\\/marekkuchcinski.pl\\\/wydarzenia\\\/karpaty-lacza-propozycja-a-otwarcia-turystycznego-przejscia-granicznego-lubnia-wolosate\\\/#breadcrumb\",\"itemListElement\":[{\"@type\":\"ListItem\",\"position\":1,\"name\":\"Strona g\u0142\u00f3wna\",\"item\":\"https:\\\/\\\/marekkuchcinski.pl\\\/\"},{\"@type\":\"ListItem\",\"position\":2,\"name\":\"Karpaty \u0142\u0105cz\u0105. Propozycja \u0105 otwarcia turystycznego przej\u015bcia granicznego \u0141ubnia \u2013 Wo\u0142osate\"}]},{\"@type\":\"WebSite\",\"@id\":\"https:\\\/\\\/marekkuchcinski.pl\\\/#website\",\"url\":\"https:\\\/\\\/marekkuchcinski.pl\\\/\",\"name\":\"Marek Kuchci\u0144ski\",\"description\":\"Marek Kuchci\u0144ski \",\"publisher\":{\"@id\":\"https:\\\/\\\/marekkuchcinski.pl\\\/#organization\"},\"potentialAction\":[{\"@type\":\"SearchAction\",\"target\":{\"@type\":\"EntryPoint\",\"urlTemplate\":\"https:\\\/\\\/marekkuchcinski.pl\\\/?s={search_term_string}\"},\"query-input\":{\"@type\":\"PropertyValueSpecification\",\"valueRequired\":true,\"valueName\":\"search_term_string\"}}],\"inLanguage\":\"uk\"},{\"@type\":\"Organization\",\"@id\":\"https:\\\/\\\/marekkuchcinski.pl\\\/#organization\",\"name\":\"Marek Kuchci\u0144ski\",\"url\":\"https:\\\/\\\/marekkuchcinski.pl\\\/\",\"logo\":{\"@type\":\"ImageObject\",\"inLanguage\":\"uk\",\"@id\":\"https:\\\/\\\/marekkuchcinski.pl\\\/#\\\/schema\\\/logo\\\/image\\\/\",\"url\":\"https:\\\/\\\/marekkuchcinski.pl\\\/wp-content\\\/uploads\\\/2022\\\/09\\\/Marek.jpg\",\"contentUrl\":\"https:\\\/\\\/marekkuchcinski.pl\\\/wp-content\\\/uploads\\\/2022\\\/09\\\/Marek.jpg\",\"width\":1600,\"height\":971,\"caption\":\"Marek Kuchci\u0144ski\"},\"image\":{\"@id\":\"https:\\\/\\\/marekkuchcinski.pl\\\/#\\\/schema\\\/logo\\\/image\\\/\"}},{\"@type\":\"Person\",\"@id\":\"https:\\\/\\\/marekkuchcinski.pl\\\/#\\\/schema\\\/person\\\/bd3f15dee67fee76e83c8350d0154101\",\"name\":\"Marta Olejnik\",\"image\":{\"@type\":\"ImageObject\",\"inLanguage\":\"uk\",\"@id\":\"https:\\\/\\\/secure.gravatar.com\\\/avatar\\\/24754edd6080383402e292374b406b553027d572e97d60e7aa89a6940e88659a?s=96&d=mm&r=g\",\"url\":\"https:\\\/\\\/secure.gravatar.com\\\/avatar\\\/24754edd6080383402e292374b406b553027d572e97d60e7aa89a6940e88659a?s=96&d=mm&r=g\",\"contentUrl\":\"https:\\\/\\\/secure.gravatar.com\\\/avatar\\\/24754edd6080383402e292374b406b553027d572e97d60e7aa89a6940e88659a?s=96&d=mm&r=g\",\"caption\":\"Marta Olejnik\"},\"url\":\"https:\\\/\\\/marekkuchcinski.pl\\\/uk\\\/author\\\/marta\\\/\"}]}<\/script>\n<!-- \/ Yoast SEO plugin. -->","yoast_head_json":{"title":"Karpaty \u0142\u0105cz\u0105. Propozycja \u0105 otwarcia turystycznego przej\u015bcia granicznego \u0141ubnia \u2013 Wo\u0142osate &#8211; Marek Kuchci\u0144ski","robots":{"index":"index","follow":"follow","max-snippet":"max-snippet:-1","max-image-preview":"max-image-preview:large","max-video-preview":"max-video-preview:-1"},"canonical":"https:\/\/marekkuchcinski.pl\/uk\/wydarzenia\/karpaty-lacza-propozycja-a-otwarcia-turystycznego-przejscia-granicznego-lubnia-wolosate\/","og_locale":"uk_UA","og_type":"article","og_title":"Karpaty \u0142\u0105cz\u0105. Propozycja \u0105 otwarcia turystycznego przej\u015bcia granicznego \u0141ubnia \u2013 Wo\u0142osate &#8211; Marek Kuchci\u0144ski","og_description":"Uczestnicy konferencji,w Mucznem w Bieszczadach, wyszli z propozycj\u0105 otwarcia turystycznego przej\u015bcia granicznego \u0141ubnia \u2013 Wo\u0142osate, gdzie z\u0142o\u017cono wizyt\u0119. Wracaj\u0105c, uczestnicy konferencji mogli z bliska zobaczy\u0107 pomnik Ludzi Wolno\u015bci i Solidarno\u015bci z Bieszczad. \u2013 Chcemy uruchomi\u0107 ponownie wielki mi\u0119dzynarodowy szlak turystyczny, kt\u00f3re otwierane by\u0142oby sezonowo, bez trwa\u0142ej infrastruktury, kt\u00f3ra burzy\u0142aby r\u00f3wnowag\u0119 przyrodnicz\u0105 \u2013 podkre\u015bli\u0142 Marek Kuchci\u0144ski, [&hellip;]","og_url":"https:\/\/marekkuchcinski.pl\/uk\/wydarzenia\/karpaty-lacza-propozycja-a-otwarcia-turystycznego-przejscia-granicznego-lubnia-wolosate\/","og_site_name":"Marek Kuchci\u0144ski","article_published_time":"2022-10-24T21:54:52+00:00","article_modified_time":"2022-10-24T21:59:23+00:00","og_image":[{"width":1600,"height":1200,"url":"https:\/\/marekkuchcinski.pl\/wp-content\/uploads\/2022\/10\/IMG-0425.jpg","type":"image\/jpeg"}],"author":"Marta Olejnik","twitter_card":"summary_large_image","twitter_misc":{"Written by":"Marta Olejnik","Est. reading time":"3 minutes"},"schema":{"@context":"https:\/\/schema.org","@graph":[{"@type":"Article","@id":"https:\/\/marekkuchcinski.pl\/wydarzenia\/karpaty-lacza-propozycja-a-otwarcia-turystycznego-przejscia-granicznego-lubnia-wolosate\/#article","isPartOf":{"@id":"https:\/\/marekkuchcinski.pl\/wydarzenia\/karpaty-lacza-propozycja-a-otwarcia-turystycznego-przejscia-granicznego-lubnia-wolosate\/"},"author":{"name":"Marta Olejnik","@id":"https:\/\/marekkuchcinski.pl\/#\/schema\/person\/bd3f15dee67fee76e83c8350d0154101"},"headline":"Karpaty \u0142\u0105cz\u0105. Propozycja \u0105 otwarcia turystycznego przej\u015bcia granicznego \u0141ubnia \u2013 Wo\u0142osate","datePublished":"2022-10-24T21:54:52+00:00","dateModified":"2022-10-24T21:59:23+00:00","mainEntityOfPage":{"@id":"https:\/\/marekkuchcinski.pl\/wydarzenia\/karpaty-lacza-propozycja-a-otwarcia-turystycznego-przejscia-granicznego-lubnia-wolosate\/"},"wordCount":240,"commentCount":0,"publisher":{"@id":"https:\/\/marekkuchcinski.pl\/#organization"},"image":{"@id":"https:\/\/marekkuchcinski.pl\/wydarzenia\/karpaty-lacza-propozycja-a-otwarcia-turystycznego-przejscia-granicznego-lubnia-wolosate\/#primaryimage"},"thumbnailUrl":"https:\/\/marekkuchcinski.pl\/wp-content\/uploads\/2022\/10\/IMG-0425.jpg","articleSection":["Podkarpacie","Wydarzenia"],"inLanguage":"uk","potentialAction":[{"@type":"CommentAction","name":"Comment","target":["https:\/\/marekkuchcinski.pl\/wydarzenia\/karpaty-lacza-propozycja-a-otwarcia-turystycznego-przejscia-granicznego-lubnia-wolosate\/#respond"]}]},{"@type":"WebPage","@id":"https:\/\/marekkuchcinski.pl\/wydarzenia\/karpaty-lacza-propozycja-a-otwarcia-turystycznego-przejscia-granicznego-lubnia-wolosate\/","url":"https:\/\/marekkuchcinski.pl\/wydarzenia\/karpaty-lacza-propozycja-a-otwarcia-turystycznego-przejscia-granicznego-lubnia-wolosate\/","name":"Karpaty \u0142\u0105cz\u0105. Propozycja \u0105 otwarcia turystycznego przej\u015bcia granicznego \u0141ubnia \u2013 Wo\u0142osate &#8211; Marek Kuchci\u0144ski","isPartOf":{"@id":"https:\/\/marekkuchcinski.pl\/#website"},"primaryImageOfPage":{"@id":"https:\/\/marekkuchcinski.pl\/wydarzenia\/karpaty-lacza-propozycja-a-otwarcia-turystycznego-przejscia-granicznego-lubnia-wolosate\/#primaryimage"},"image":{"@id":"https:\/\/marekkuchcinski.pl\/wydarzenia\/karpaty-lacza-propozycja-a-otwarcia-turystycznego-przejscia-granicznego-lubnia-wolosate\/#primaryimage"},"thumbnailUrl":"https:\/\/marekkuchcinski.pl\/wp-content\/uploads\/2022\/10\/IMG-0425.jpg","datePublished":"2022-10-24T21:54:52+00:00","dateModified":"2022-10-24T21:59:23+00:00","breadcrumb":{"@id":"https:\/\/marekkuchcinski.pl\/wydarzenia\/karpaty-lacza-propozycja-a-otwarcia-turystycznego-przejscia-granicznego-lubnia-wolosate\/#breadcrumb"},"inLanguage":"uk","potentialAction":[{"@type":"ReadAction","target":["https:\/\/marekkuchcinski.pl\/wydarzenia\/karpaty-lacza-propozycja-a-otwarcia-turystycznego-przejscia-granicznego-lubnia-wolosate\/"]}]},{"@type":"ImageObject","inLanguage":"uk","@id":"https:\/\/marekkuchcinski.pl\/wydarzenia\/karpaty-lacza-propozycja-a-otwarcia-turystycznego-przejscia-granicznego-lubnia-wolosate\/#primaryimage","url":"https:\/\/marekkuchcinski.pl\/wp-content\/uploads\/2022\/10\/IMG-0425.jpg","contentUrl":"https:\/\/marekkuchcinski.pl\/wp-content\/uploads\/2022\/10\/IMG-0425.jpg","width":1600,"height":1200},{"@type":"BreadcrumbList","@id":"https:\/\/marekkuchcinski.pl\/wydarzenia\/karpaty-lacza-propozycja-a-otwarcia-turystycznego-przejscia-granicznego-lubnia-wolosate\/#breadcrumb","itemListElement":[{"@type":"ListItem","position":1,"name":"Strona g\u0142\u00f3wna","item":"https:\/\/marekkuchcinski.pl\/"},{"@type":"ListItem","position":2,"name":"Karpaty \u0142\u0105cz\u0105. Propozycja \u0105 otwarcia turystycznego przej\u015bcia granicznego \u0141ubnia \u2013 Wo\u0142osate"}]},{"@type":"WebSite","@id":"https:\/\/marekkuchcinski.pl\/#website","url":"https:\/\/marekkuchcinski.pl\/","name":"Marek Kuchci\u0144ski","description":"Marek Kuchci\u0144ski","publisher":{"@id":"https:\/\/marekkuchcinski.pl\/#organization"},"potentialAction":[{"@type":"SearchAction","target":{"@type":"EntryPoint","urlTemplate":"https:\/\/marekkuchcinski.pl\/?s={search_term_string}"},"query-input":{"@type":"PropertyValueSpecification","valueRequired":true,"valueName":"search_term_string"}}],"inLanguage":"uk"},{"@type":"Organization","@id":"https:\/\/marekkuchcinski.pl\/#organization","name":"Marek Kuchci\u0144ski","url":"https:\/\/marekkuchcinski.pl\/","logo":{"@type":"ImageObject","inLanguage":"uk","@id":"https:\/\/marekkuchcinski.pl\/#\/schema\/logo\/image\/","url":"https:\/\/marekkuchcinski.pl\/wp-content\/uploads\/2022\/09\/Marek.jpg","contentUrl":"https:\/\/marekkuchcinski.pl\/wp-content\/uploads\/2022\/09\/Marek.jpg","width":1600,"height":971,"caption":"Marek Kuchci\u0144ski"},"image":{"@id":"https:\/\/marekkuchcinski.pl\/#\/schema\/logo\/image\/"}},{"@type":"Person","@id":"https:\/\/marekkuchcinski.pl\/#\/schema\/person\/bd3f15dee67fee76e83c8350d0154101","name":"Marta Olejnik","image":{"@type":"ImageObject","inLanguage":"uk","@id":"https:\/\/secure.gravatar.com\/avatar\/24754edd6080383402e292374b406b553027d572e97d60e7aa89a6940e88659a?s=96&d=mm&r=g","url":"https:\/\/secure.gravatar.com\/avatar\/24754edd6080383402e292374b406b553027d572e97d60e7aa89a6940e88659a?s=96&d=mm&r=g","contentUrl":"https:\/\/secure.gravatar.com\/avatar\/24754edd6080383402e292374b406b553027d572e97d60e7aa89a6940e88659a?s=96&d=mm&r=g","caption":"Marta Olejnik"},"url":"https:\/\/marekkuchcinski.pl\/uk\/author\/marta\/"}]}},"_links":{"self":[{"href":"https:\/\/marekkuchcinski.pl\/uk\/wp-json\/wp\/v2\/posts\/26800","targetHints":{"allow":["GET"]}}],"collection":[{"href":"https:\/\/marekkuchcinski.pl\/uk\/wp-json\/wp\/v2\/posts"}],"about":[{"href":"https:\/\/marekkuchcinski.pl\/uk\/wp-json\/wp\/v2\/types\/post"}],"author":[{"embeddable":true,"href":"https:\/\/marekkuchcinski.pl\/uk\/wp-json\/wp\/v2\/users\/3"}],"replies":[{"embeddable":true,"href":"https:\/\/marekkuchcinski.pl\/uk\/wp-json\/wp\/v2\/comments?post=26800"}],"version-history":[{"count":4,"href":"https:\/\/marekkuchcinski.pl\/uk\/wp-json\/wp\/v2\/posts\/26800\/revisions"}],"predecessor-version":[{"id":26815,"href":"https:\/\/marekkuchcinski.pl\/uk\/wp-json\/wp\/v2\/posts\/26800\/revisions\/26815"}],"wp:featuredmedia":[{"embeddable":true,"href":"https:\/\/marekkuchcinski.pl\/uk\/wp-json\/wp\/v2\/media\/26801"}],"wp:attachment":[{"href":"https:\/\/marekkuchcinski.pl\/uk\/wp-json\/wp\/v2\/media?parent=26800"}],"wp:term":[{"taxonomy":"category","embeddable":true,"href":"https:\/\/marekkuchcinski.pl\/uk\/wp-json\/wp\/v2\/categories?post=26800"},{"taxonomy":"post_tag","embeddable":true,"href":"https:\/\/marekkuchcinski.pl\/uk\/wp-json\/wp\/v2\/tags?post=26800"}],"curies":[{"name":"wp","href":"https:\/\/api.w.org\/{rel}","templated":true}]}}