{"id":26619,"date":"2022-10-11T11:52:23","date_gmt":"2022-10-11T09:52:23","guid":{"rendered":"https:\/\/marekkuchcinski.pl\/?p=26619"},"modified":"2022-10-11T15:07:09","modified_gmt":"2022-10-11T13:07:09","slug":"oswiadczenie-posla-na-sejm-rp-marka-kuchcinskiego","status":"publish","type":"post","link":"https:\/\/marekkuchcinski.pl\/uk\/wydarzenia\/oswiadczenie-posla-na-sejm-rp-marka-kuchcinskiego\/","title":{"rendered":"O\u015bwiadczenie pos\u0142a na Sejm RP Marka Kuchci\u0144skiego"},"content":{"rendered":"<p class=\"wp-block-paragraph\">Od trzech lat w \u015brodkach przekazu pojawiaj\u0105 si\u0119 znies\u0142awiaj\u0105ce mnie tre\u015bci (artyku\u0142y tygodnika \u201eNIE\u201d, tweety i inne). Insynuuj\u0105 one, jakobym mia\u0142 si\u0119 dopu\u015bci\u0107 bardzo nagannego, nieobyczajnego czy wr\u0119cz przest\u0119pczego zachowania. W \u015bwietle znanego powszechnie faktu, i\u017c w najbli\u017cszym czasie mam zosta\u0107 powo\u0142any na urz\u0105d Szefa Kancelarii Prezesa Rady Ministr\u00f3w jestem zmuszony odnie\u015b\u0107 si\u0119 do tych znies\u0142awiaj\u0105cych mnie tre\u015bci.<\/p>\n\n\n\n<p class=\"wp-block-paragraph\">Kategorycznie stwierdzam, i\u017c insynuacje sugeruj\u0105ce jakikolwiek m\u00f3j zwi\u0105zek<br>z nieobyczajnym zachowaniem czy przest\u0119pstwem s\u0105 nieprawdziwe. Wobec os\u00f3b lub podmiot\u00f3w (jak np. redakcji gazet), kt\u00f3re powtarza\u0142y te zniewagi, wszcz\u0105\u0142em stosowne kroki prawne w trybie cywilnym i karnym. Niestety post\u0119powania te do dzisiaj s\u0105 niezako\u0144czone.<\/p>\n\n\n\n<p class=\"wp-block-paragraph\">W maju 2019 roku grupa pos\u0142\u00f3w PO urz\u0105dzi\u0142a g\u0142o\u015bne spotkanie o charakterze prywatnym z by\u0142ym funkcjonariuszem CBA Wojciechem J., kt\u00f3ry o\u015bwiadczy\u0142, \u017ce na wy\u015bwietlonym mu przez kogo\u015b nagraniu \u201erozpozna\u0142\u201d moj\u0105 osob\u0119 w sytuacji nieobyczajnej<br>i przest\u0119pczej. Pos\u0142owie PO i media opozycyjne k\u0142amliwie nazwali to spotkanie \u201ezeznaniem przed komisj\u0105 \u015bledcz\u0105\u201d, podczas gdy sk\u0142adaj\u0105cy owe \u201ezeznania\u201d nie czyni\u0142 tego pod rygorem odpowiedzialno\u015bci karnej za sk\u0142adanie fa\u0142szywych zezna\u0144.<\/p>\n\n\n\n<p class=\"wp-block-paragraph\">W tej sprawie jeszcze w kwietniu 2019 roku z\u0142o\u017cy\u0142em zawiadomienia do prokuratury o mo\u017cliwo\u015bci pope\u0142nienia przest\u0119pstwa: znies\u0142awiania (art. 212 kodeksu karnego), zniewa\u017cania funkcjonariusza publicznego (art. 226 kk), fa\u0142szywego oskar\u017cenia (art. 234 kk) polegaj\u0105cego na z\u0142o\u017ceniu przez by\u0142ego funkcjonariusza CBA Wojciecha J. nieprawdziwych informacji. Z\u0142o\u017cy\u0142em tak\u017ce prywatny akt oskar\u017cenia przeciwko temu by\u0142emu funkcjonariuszowi oraz pozew cywilny. Post\u0119powania te niestety wci\u0105\u017c nie nabra\u0142y tempa, czego przyczyn\u0105 s\u0105 m.in. liczne zwolnienia lekarskie, na kt\u00f3re powo\u0142uje si\u0119 Wojciech J.<\/p>\n\n\n\n<p class=\"wp-block-paragraph\">Raz jeszcze kategorycznie stwierdzam, \u017ce rewelacje przewijaj\u0105ce si\u0119 w r\u00f3\u017cnych mediach na ten temat, \u0142\u0105cz\u0105ce z moj\u0105 osob\u0105 jak\u0105kolwiek nieobyczajno\u015b\u0107, s\u0105 k\u0142amstwem<br>i znies\u0142awieniem krzywdz\u0105cym mnie i moj\u0105 rodzin\u0119. Wzywam wszystkich, kt\u00f3rzy je rozpowszechniaj\u0105, do zaprzestania tych praktyk. Stanowi\u0105 one bowiem przest\u0119pstwa opisane w kodeksie karnym w artyku\u0142ach 212, 226 i 234.<\/p>\n\n\n\n<p class=\"wp-block-paragraph\">Nie zamierzam wydawa\u0107 wi\u0119cej o\u015bwiadcze\u0144 w zwi\u0105zku z tymi absurdalnymi<br>i \u201ewyssanymi z palca\u201d informacjami. Przypominam zarazem, i\u017c w razie dalszego rozpowszechniania jakichkolwiek k\u0142amliwych doniesie\u0144 na m\u00f3j temat b\u0119d\u0119 nadal broni\u0142 swojego dobrego imienia na drodze s\u0105dowej.<\/p>","protected":false},"excerpt":{"rendered":"<p>Od trzech lat w \u015brodkach przekazu pojawiaj\u0105 si\u0119 znies\u0142awiaj\u0105ce mnie tre\u015bci (artyku\u0142y tygodnika \u201eNIE\u201d, tweety i inne). Insynuuj\u0105 one, jakobym mia\u0142 si\u0119 dopu\u015bci\u0107 bardzo nagannego, nieobyczajnego czy wr\u0119cz przest\u0119pczego zachowania. W \u015bwietle znanego powszechnie faktu, i\u017c w najbli\u017cszym czasie mam zosta\u0107 powo\u0142any na urz\u0105d Szefa Kancelarii Prezesa Rady Ministr\u00f3w jestem zmuszony odnie\u015b\u0107 si\u0119 do tych [&hellip;]<\/p>\n","protected":false},"author":3,"featured_media":26622,"comment_status":"open","ping_status":"open","sticky":false,"template":"","format":"standard","meta":{"ngg_post_thumbnail":0,"footnotes":""},"categories":[3],"tags":[],"class_list":["post-26619","post","type-post","status-publish","format-standard","has-post-thumbnail","hentry","category-wydarzenia"],"yoast_head":"<!-- This site is optimized with the Yoast SEO plugin v28.4 - https:\/\/yoast.com\/product\/yoast-seo-wordpress\/ -->\n<title>O\u015bwiadczenie pos\u0142a na Sejm RP Marka Kuchci\u0144skiego &#8211; Marek Kuchci\u0144ski<\/title>\n<meta name=\"robots\" content=\"index, follow, max-snippet:-1, max-image-preview:large, max-video-preview:-1\" \/>\n<link rel=\"canonical\" href=\"https:\/\/marekkuchcinski.pl\/uk\/wydarzenia\/oswiadczenie-posla-na-sejm-rp-marka-kuchcinskiego\/\" \/>\n<meta property=\"og:locale\" content=\"uk_UA\" \/>\n<meta property=\"og:type\" content=\"article\" \/>\n<meta property=\"og:title\" content=\"O\u015bwiadczenie pos\u0142a na Sejm RP Marka Kuchci\u0144skiego &#8211; Marek Kuchci\u0144ski\" \/>\n<meta property=\"og:description\" content=\"Od trzech lat w \u015brodkach przekazu pojawiaj\u0105 si\u0119 znies\u0142awiaj\u0105ce mnie tre\u015bci (artyku\u0142y tygodnika \u201eNIE\u201d, tweety i inne). Insynuuj\u0105 one, jakobym mia\u0142 si\u0119 dopu\u015bci\u0107 bardzo nagannego, nieobyczajnego czy wr\u0119cz przest\u0119pczego zachowania. W \u015bwietle znanego powszechnie faktu, i\u017c w najbli\u017cszym czasie mam zosta\u0107 powo\u0142any na urz\u0105d Szefa Kancelarii Prezesa Rady Ministr\u00f3w jestem zmuszony odnie\u015b\u0107 si\u0119 do tych [&hellip;]\" \/>\n<meta property=\"og:url\" content=\"https:\/\/marekkuchcinski.pl\/uk\/wydarzenia\/oswiadczenie-posla-na-sejm-rp-marka-kuchcinskiego\/\" \/>\n<meta property=\"og:site_name\" content=\"Marek Kuchci\u0144ski\" \/>\n<meta property=\"article:published_time\" content=\"2022-10-11T09:52:23+00:00\" \/>\n<meta property=\"article:modified_time\" content=\"2022-10-11T13:07:09+00:00\" \/>\n<meta property=\"og:image\" content=\"https:\/\/marekkuchcinski.pl\/wp-content\/uploads\/2022\/10\/IMG_9818_edited.jpg\" \/>\n\t<meta property=\"og:image:width\" content=\"1600\" \/>\n\t<meta property=\"og:image:height\" content=\"1067\" \/>\n\t<meta property=\"og:image:type\" content=\"image\/jpeg\" \/>\n<meta name=\"author\" content=\"Marta Olejnik\" \/>\n<meta name=\"twitter:card\" content=\"summary_large_image\" \/>\n<meta name=\"twitter:label1\" content=\"Written by\" \/>\n\t<meta name=\"twitter:data1\" content=\"Marta Olejnik\" \/>\n\t<meta name=\"twitter:label2\" content=\"Est. reading time\" \/>\n\t<meta name=\"twitter:data2\" content=\"2 minutes\" \/>\n<script type=\"application\/ld+json\" class=\"yoast-schema-graph\">{\"@context\":\"https:\\\/\\\/schema.org\",\"@graph\":[{\"@type\":\"Article\",\"@id\":\"https:\\\/\\\/marekkuchcinski.pl\\\/wydarzenia\\\/oswiadczenie-posla-na-sejm-rp-marka-kuchcinskiego\\\/#article\",\"isPartOf\":{\"@id\":\"https:\\\/\\\/marekkuchcinski.pl\\\/wydarzenia\\\/oswiadczenie-posla-na-sejm-rp-marka-kuchcinskiego\\\/\"},\"author\":{\"name\":\"Marta Olejnik\",\"@id\":\"https:\\\/\\\/marekkuchcinski.pl\\\/#\\\/schema\\\/person\\\/bd3f15dee67fee76e83c8350d0154101\"},\"headline\":\"O\u015bwiadczenie pos\u0142a na Sejm RP Marka Kuchci\u0144skiego\",\"datePublished\":\"2022-10-11T09:52:23+00:00\",\"dateModified\":\"2022-10-11T13:07:09+00:00\",\"mainEntityOfPage\":{\"@id\":\"https:\\\/\\\/marekkuchcinski.pl\\\/wydarzenia\\\/oswiadczenie-posla-na-sejm-rp-marka-kuchcinskiego\\\/\"},\"wordCount\":413,\"commentCount\":0,\"publisher\":{\"@id\":\"https:\\\/\\\/marekkuchcinski.pl\\\/#organization\"},\"image\":{\"@id\":\"https:\\\/\\\/marekkuchcinski.pl\\\/wydarzenia\\\/oswiadczenie-posla-na-sejm-rp-marka-kuchcinskiego\\\/#primaryimage\"},\"thumbnailUrl\":\"https:\\\/\\\/marekkuchcinski.pl\\\/wp-content\\\/uploads\\\/2022\\\/10\\\/IMG_9818_edited.jpg\",\"articleSection\":[\"Wydarzenia\"],\"inLanguage\":\"uk\",\"potentialAction\":[{\"@type\":\"CommentAction\",\"name\":\"Comment\",\"target\":[\"https:\\\/\\\/marekkuchcinski.pl\\\/wydarzenia\\\/oswiadczenie-posla-na-sejm-rp-marka-kuchcinskiego\\\/#respond\"]}]},{\"@type\":\"WebPage\",\"@id\":\"https:\\\/\\\/marekkuchcinski.pl\\\/wydarzenia\\\/oswiadczenie-posla-na-sejm-rp-marka-kuchcinskiego\\\/\",\"url\":\"https:\\\/\\\/marekkuchcinski.pl\\\/wydarzenia\\\/oswiadczenie-posla-na-sejm-rp-marka-kuchcinskiego\\\/\",\"name\":\"O\u015bwiadczenie pos\u0142a na Sejm RP Marka Kuchci\u0144skiego &#8211; Marek Kuchci\u0144ski\",\"isPartOf\":{\"@id\":\"https:\\\/\\\/marekkuchcinski.pl\\\/#website\"},\"primaryImageOfPage\":{\"@id\":\"https:\\\/\\\/marekkuchcinski.pl\\\/wydarzenia\\\/oswiadczenie-posla-na-sejm-rp-marka-kuchcinskiego\\\/#primaryimage\"},\"image\":{\"@id\":\"https:\\\/\\\/marekkuchcinski.pl\\\/wydarzenia\\\/oswiadczenie-posla-na-sejm-rp-marka-kuchcinskiego\\\/#primaryimage\"},\"thumbnailUrl\":\"https:\\\/\\\/marekkuchcinski.pl\\\/wp-content\\\/uploads\\\/2022\\\/10\\\/IMG_9818_edited.jpg\",\"datePublished\":\"2022-10-11T09:52:23+00:00\",\"dateModified\":\"2022-10-11T13:07:09+00:00\",\"breadcrumb\":{\"@id\":\"https:\\\/\\\/marekkuchcinski.pl\\\/wydarzenia\\\/oswiadczenie-posla-na-sejm-rp-marka-kuchcinskiego\\\/#breadcrumb\"},\"inLanguage\":\"uk\",\"potentialAction\":[{\"@type\":\"ReadAction\",\"target\":[\"https:\\\/\\\/marekkuchcinski.pl\\\/wydarzenia\\\/oswiadczenie-posla-na-sejm-rp-marka-kuchcinskiego\\\/\"]}]},{\"@type\":\"ImageObject\",\"inLanguage\":\"uk\",\"@id\":\"https:\\\/\\\/marekkuchcinski.pl\\\/wydarzenia\\\/oswiadczenie-posla-na-sejm-rp-marka-kuchcinskiego\\\/#primaryimage\",\"url\":\"https:\\\/\\\/marekkuchcinski.pl\\\/wp-content\\\/uploads\\\/2022\\\/10\\\/IMG_9818_edited.jpg\",\"contentUrl\":\"https:\\\/\\\/marekkuchcinski.pl\\\/wp-content\\\/uploads\\\/2022\\\/10\\\/IMG_9818_edited.jpg\",\"width\":1600,\"height\":1067},{\"@type\":\"BreadcrumbList\",\"@id\":\"https:\\\/\\\/marekkuchcinski.pl\\\/wydarzenia\\\/oswiadczenie-posla-na-sejm-rp-marka-kuchcinskiego\\\/#breadcrumb\",\"itemListElement\":[{\"@type\":\"ListItem\",\"position\":1,\"name\":\"Strona g\u0142\u00f3wna\",\"item\":\"https:\\\/\\\/marekkuchcinski.pl\\\/\"},{\"@type\":\"ListItem\",\"position\":2,\"name\":\"O\u015bwiadczenie pos\u0142a na Sejm RP Marka Kuchci\u0144skiego\"}]},{\"@type\":\"WebSite\",\"@id\":\"https:\\\/\\\/marekkuchcinski.pl\\\/#website\",\"url\":\"https:\\\/\\\/marekkuchcinski.pl\\\/\",\"name\":\"Marek Kuchci\u0144ski\",\"description\":\"Marek Kuchci\u0144ski \",\"publisher\":{\"@id\":\"https:\\\/\\\/marekkuchcinski.pl\\\/#organization\"},\"potentialAction\":[{\"@type\":\"SearchAction\",\"target\":{\"@type\":\"EntryPoint\",\"urlTemplate\":\"https:\\\/\\\/marekkuchcinski.pl\\\/?s={search_term_string}\"},\"query-input\":{\"@type\":\"PropertyValueSpecification\",\"valueRequired\":true,\"valueName\":\"search_term_string\"}}],\"inLanguage\":\"uk\"},{\"@type\":\"Organization\",\"@id\":\"https:\\\/\\\/marekkuchcinski.pl\\\/#organization\",\"name\":\"Marek Kuchci\u0144ski\",\"url\":\"https:\\\/\\\/marekkuchcinski.pl\\\/\",\"logo\":{\"@type\":\"ImageObject\",\"inLanguage\":\"uk\",\"@id\":\"https:\\\/\\\/marekkuchcinski.pl\\\/#\\\/schema\\\/logo\\\/image\\\/\",\"url\":\"https:\\\/\\\/marekkuchcinski.pl\\\/wp-content\\\/uploads\\\/2022\\\/09\\\/Marek.jpg\",\"contentUrl\":\"https:\\\/\\\/marekkuchcinski.pl\\\/wp-content\\\/uploads\\\/2022\\\/09\\\/Marek.jpg\",\"width\":1600,\"height\":971,\"caption\":\"Marek Kuchci\u0144ski\"},\"image\":{\"@id\":\"https:\\\/\\\/marekkuchcinski.pl\\\/#\\\/schema\\\/logo\\\/image\\\/\"}},{\"@type\":\"Person\",\"@id\":\"https:\\\/\\\/marekkuchcinski.pl\\\/#\\\/schema\\\/person\\\/bd3f15dee67fee76e83c8350d0154101\",\"name\":\"Marta Olejnik\",\"image\":{\"@type\":\"ImageObject\",\"inLanguage\":\"uk\",\"@id\":\"https:\\\/\\\/secure.gravatar.com\\\/avatar\\\/24754edd6080383402e292374b406b553027d572e97d60e7aa89a6940e88659a?s=96&d=mm&r=g\",\"url\":\"https:\\\/\\\/secure.gravatar.com\\\/avatar\\\/24754edd6080383402e292374b406b553027d572e97d60e7aa89a6940e88659a?s=96&d=mm&r=g\",\"contentUrl\":\"https:\\\/\\\/secure.gravatar.com\\\/avatar\\\/24754edd6080383402e292374b406b553027d572e97d60e7aa89a6940e88659a?s=96&d=mm&r=g\",\"caption\":\"Marta Olejnik\"},\"url\":\"https:\\\/\\\/marekkuchcinski.pl\\\/uk\\\/author\\\/marta\\\/\"}]}<\/script>\n<!-- \/ Yoast SEO plugin. -->","yoast_head_json":{"title":"O\u015bwiadczenie pos\u0142a na Sejm RP Marka Kuchci\u0144skiego &#8211; Marek Kuchci\u0144ski","robots":{"index":"index","follow":"follow","max-snippet":"max-snippet:-1","max-image-preview":"max-image-preview:large","max-video-preview":"max-video-preview:-1"},"canonical":"https:\/\/marekkuchcinski.pl\/uk\/wydarzenia\/oswiadczenie-posla-na-sejm-rp-marka-kuchcinskiego\/","og_locale":"uk_UA","og_type":"article","og_title":"O\u015bwiadczenie pos\u0142a na Sejm RP Marka Kuchci\u0144skiego &#8211; Marek Kuchci\u0144ski","og_description":"Od trzech lat w \u015brodkach przekazu pojawiaj\u0105 si\u0119 znies\u0142awiaj\u0105ce mnie tre\u015bci (artyku\u0142y tygodnika \u201eNIE\u201d, tweety i inne). Insynuuj\u0105 one, jakobym mia\u0142 si\u0119 dopu\u015bci\u0107 bardzo nagannego, nieobyczajnego czy wr\u0119cz przest\u0119pczego zachowania. W \u015bwietle znanego powszechnie faktu, i\u017c w najbli\u017cszym czasie mam zosta\u0107 powo\u0142any na urz\u0105d Szefa Kancelarii Prezesa Rady Ministr\u00f3w jestem zmuszony odnie\u015b\u0107 si\u0119 do tych [&hellip;]","og_url":"https:\/\/marekkuchcinski.pl\/uk\/wydarzenia\/oswiadczenie-posla-na-sejm-rp-marka-kuchcinskiego\/","og_site_name":"Marek Kuchci\u0144ski","article_published_time":"2022-10-11T09:52:23+00:00","article_modified_time":"2022-10-11T13:07:09+00:00","og_image":[{"width":1600,"height":1067,"url":"https:\/\/marekkuchcinski.pl\/wp-content\/uploads\/2022\/10\/IMG_9818_edited.jpg","type":"image\/jpeg"}],"author":"Marta Olejnik","twitter_card":"summary_large_image","twitter_misc":{"Written by":"Marta Olejnik","Est. reading time":"2 minutes"},"schema":{"@context":"https:\/\/schema.org","@graph":[{"@type":"Article","@id":"https:\/\/marekkuchcinski.pl\/wydarzenia\/oswiadczenie-posla-na-sejm-rp-marka-kuchcinskiego\/#article","isPartOf":{"@id":"https:\/\/marekkuchcinski.pl\/wydarzenia\/oswiadczenie-posla-na-sejm-rp-marka-kuchcinskiego\/"},"author":{"name":"Marta Olejnik","@id":"https:\/\/marekkuchcinski.pl\/#\/schema\/person\/bd3f15dee67fee76e83c8350d0154101"},"headline":"O\u015bwiadczenie pos\u0142a na Sejm RP Marka Kuchci\u0144skiego","datePublished":"2022-10-11T09:52:23+00:00","dateModified":"2022-10-11T13:07:09+00:00","mainEntityOfPage":{"@id":"https:\/\/marekkuchcinski.pl\/wydarzenia\/oswiadczenie-posla-na-sejm-rp-marka-kuchcinskiego\/"},"wordCount":413,"commentCount":0,"publisher":{"@id":"https:\/\/marekkuchcinski.pl\/#organization"},"image":{"@id":"https:\/\/marekkuchcinski.pl\/wydarzenia\/oswiadczenie-posla-na-sejm-rp-marka-kuchcinskiego\/#primaryimage"},"thumbnailUrl":"https:\/\/marekkuchcinski.pl\/wp-content\/uploads\/2022\/10\/IMG_9818_edited.jpg","articleSection":["Wydarzenia"],"inLanguage":"uk","potentialAction":[{"@type":"CommentAction","name":"Comment","target":["https:\/\/marekkuchcinski.pl\/wydarzenia\/oswiadczenie-posla-na-sejm-rp-marka-kuchcinskiego\/#respond"]}]},{"@type":"WebPage","@id":"https:\/\/marekkuchcinski.pl\/wydarzenia\/oswiadczenie-posla-na-sejm-rp-marka-kuchcinskiego\/","url":"https:\/\/marekkuchcinski.pl\/wydarzenia\/oswiadczenie-posla-na-sejm-rp-marka-kuchcinskiego\/","name":"O\u015bwiadczenie pos\u0142a na Sejm RP Marka Kuchci\u0144skiego &#8211; Marek Kuchci\u0144ski","isPartOf":{"@id":"https:\/\/marekkuchcinski.pl\/#website"},"primaryImageOfPage":{"@id":"https:\/\/marekkuchcinski.pl\/wydarzenia\/oswiadczenie-posla-na-sejm-rp-marka-kuchcinskiego\/#primaryimage"},"image":{"@id":"https:\/\/marekkuchcinski.pl\/wydarzenia\/oswiadczenie-posla-na-sejm-rp-marka-kuchcinskiego\/#primaryimage"},"thumbnailUrl":"https:\/\/marekkuchcinski.pl\/wp-content\/uploads\/2022\/10\/IMG_9818_edited.jpg","datePublished":"2022-10-11T09:52:23+00:00","dateModified":"2022-10-11T13:07:09+00:00","breadcrumb":{"@id":"https:\/\/marekkuchcinski.pl\/wydarzenia\/oswiadczenie-posla-na-sejm-rp-marka-kuchcinskiego\/#breadcrumb"},"inLanguage":"uk","potentialAction":[{"@type":"ReadAction","target":["https:\/\/marekkuchcinski.pl\/wydarzenia\/oswiadczenie-posla-na-sejm-rp-marka-kuchcinskiego\/"]}]},{"@type":"ImageObject","inLanguage":"uk","@id":"https:\/\/marekkuchcinski.pl\/wydarzenia\/oswiadczenie-posla-na-sejm-rp-marka-kuchcinskiego\/#primaryimage","url":"https:\/\/marekkuchcinski.pl\/wp-content\/uploads\/2022\/10\/IMG_9818_edited.jpg","contentUrl":"https:\/\/marekkuchcinski.pl\/wp-content\/uploads\/2022\/10\/IMG_9818_edited.jpg","width":1600,"height":1067},{"@type":"BreadcrumbList","@id":"https:\/\/marekkuchcinski.pl\/wydarzenia\/oswiadczenie-posla-na-sejm-rp-marka-kuchcinskiego\/#breadcrumb","itemListElement":[{"@type":"ListItem","position":1,"name":"Strona g\u0142\u00f3wna","item":"https:\/\/marekkuchcinski.pl\/"},{"@type":"ListItem","position":2,"name":"O\u015bwiadczenie pos\u0142a na Sejm RP Marka Kuchci\u0144skiego"}]},{"@type":"WebSite","@id":"https:\/\/marekkuchcinski.pl\/#website","url":"https:\/\/marekkuchcinski.pl\/","name":"Marek Kuchci\u0144ski","description":"Marek Kuchci\u0144ski","publisher":{"@id":"https:\/\/marekkuchcinski.pl\/#organization"},"potentialAction":[{"@type":"SearchAction","target":{"@type":"EntryPoint","urlTemplate":"https:\/\/marekkuchcinski.pl\/?s={search_term_string}"},"query-input":{"@type":"PropertyValueSpecification","valueRequired":true,"valueName":"search_term_string"}}],"inLanguage":"uk"},{"@type":"Organization","@id":"https:\/\/marekkuchcinski.pl\/#organization","name":"Marek Kuchci\u0144ski","url":"https:\/\/marekkuchcinski.pl\/","logo":{"@type":"ImageObject","inLanguage":"uk","@id":"https:\/\/marekkuchcinski.pl\/#\/schema\/logo\/image\/","url":"https:\/\/marekkuchcinski.pl\/wp-content\/uploads\/2022\/09\/Marek.jpg","contentUrl":"https:\/\/marekkuchcinski.pl\/wp-content\/uploads\/2022\/09\/Marek.jpg","width":1600,"height":971,"caption":"Marek Kuchci\u0144ski"},"image":{"@id":"https:\/\/marekkuchcinski.pl\/#\/schema\/logo\/image\/"}},{"@type":"Person","@id":"https:\/\/marekkuchcinski.pl\/#\/schema\/person\/bd3f15dee67fee76e83c8350d0154101","name":"Marta Olejnik","image":{"@type":"ImageObject","inLanguage":"uk","@id":"https:\/\/secure.gravatar.com\/avatar\/24754edd6080383402e292374b406b553027d572e97d60e7aa89a6940e88659a?s=96&d=mm&r=g","url":"https:\/\/secure.gravatar.com\/avatar\/24754edd6080383402e292374b406b553027d572e97d60e7aa89a6940e88659a?s=96&d=mm&r=g","contentUrl":"https:\/\/secure.gravatar.com\/avatar\/24754edd6080383402e292374b406b553027d572e97d60e7aa89a6940e88659a?s=96&d=mm&r=g","caption":"Marta Olejnik"},"url":"https:\/\/marekkuchcinski.pl\/uk\/author\/marta\/"}]}},"_links":{"self":[{"href":"https:\/\/marekkuchcinski.pl\/uk\/wp-json\/wp\/v2\/posts\/26619","targetHints":{"allow":["GET"]}}],"collection":[{"href":"https:\/\/marekkuchcinski.pl\/uk\/wp-json\/wp\/v2\/posts"}],"about":[{"href":"https:\/\/marekkuchcinski.pl\/uk\/wp-json\/wp\/v2\/types\/post"}],"author":[{"embeddable":true,"href":"https:\/\/marekkuchcinski.pl\/uk\/wp-json\/wp\/v2\/users\/3"}],"replies":[{"embeddable":true,"href":"https:\/\/marekkuchcinski.pl\/uk\/wp-json\/wp\/v2\/comments?post=26619"}],"version-history":[{"count":1,"href":"https:\/\/marekkuchcinski.pl\/uk\/wp-json\/wp\/v2\/posts\/26619\/revisions"}],"predecessor-version":[{"id":26620,"href":"https:\/\/marekkuchcinski.pl\/uk\/wp-json\/wp\/v2\/posts\/26619\/revisions\/26620"}],"wp:featuredmedia":[{"embeddable":true,"href":"https:\/\/marekkuchcinski.pl\/uk\/wp-json\/wp\/v2\/media\/26622"}],"wp:attachment":[{"href":"https:\/\/marekkuchcinski.pl\/uk\/wp-json\/wp\/v2\/media?parent=26619"}],"wp:term":[{"taxonomy":"category","embeddable":true,"href":"https:\/\/marekkuchcinski.pl\/uk\/wp-json\/wp\/v2\/categories?post=26619"},{"taxonomy":"post_tag","embeddable":true,"href":"https:\/\/marekkuchcinski.pl\/uk\/wp-json\/wp\/v2\/tags?post=26619"}],"curies":[{"name":"wp","href":"https:\/\/api.w.org\/{rel}","templated":true}]}}