{"id":26560,"date":"2022-09-26T17:50:02","date_gmt":"2022-09-26T15:50:02","guid":{"rendered":"https:\/\/marekkuchcinski.pl\/?p=26560"},"modified":"2022-09-26T17:50:04","modified_gmt":"2022-09-26T15:50:04","slug":"tarcza-solidarnosciowa-ochrona-wszystkich-polakow-wsparcie-dla-firm-i-przedsiebiorcow","status":"publish","type":"post","link":"https:\/\/marekkuchcinski.pl\/uk\/wydarzenia\/tarcza-solidarnosciowa-ochrona-wszystkich-polakow-wsparcie-dla-firm-i-przedsiebiorcow\/","title":{"rendered":"Tarcza Solidarno\u015bciowa: ochrona wszystkich Polak\u00f3w, wsparcie dla firm i przedsi\u0119biorc\u00f3w \u00a0"},"content":{"rendered":"<p class=\"wp-block-paragraph\">Wojna na Ukrainie wywo\u0142a\u0142a 3 wielkie kryzysy: energetyczny, gospodarczy i bezpiecze\u0144stwa. Tarcza Solidarno\u015bciowa b\u0119dzie chroni\u0107 Polak\u00f3w przed gwa\u0142townymi, trzy-, czterokrotnymi wzrostami cen. Z takimi wzrostami cen ju\u017c dzi\u015b mierz\u0105 si\u0119 obywatele wszy<strong>stkich pa\u0144stw Unii Europejskiej.<\/strong><\/p>\n\n\n\n<p class=\"wp-block-paragraph\"><strong>Pa\u0144stwo polskie dzia\u0142a w dw\u00f3ch podstawowych obszarach:<\/strong><\/p>\n\n\n\n<p class=\"wp-block-paragraph\"><strong>1. ochrona rodzin, obywateli, wszystkich Polak\u00f3w<\/strong><\/p>\n\n\n\n<p class=\"wp-block-paragraph\"><strong>2. ochrona i wsparcie dla firm i przedsi\u0119biorc\u00f3w \u00a0<\/strong><\/p>\n\n\n\n<figure class=\"wp-block-table\"><table><tbody><tr><td><strong>Sta\u0142a cena na obecnym poziomie do 2000 kWh zu\u017cycia rocznego. Ok. 8 mln gospodarstw domowych w og\u00f3le nie odczuje wzrostu cen! <\/strong><br><br>Rodziny wielodzietne (z\u00a0Kart\u0105 Du\u017cej Rodziny), niepe\u0142nosprawni oraz rolnicy b\u0119d\u0105 p\u0142aci\u0107 za energi\u0119 w obecnej cenie za zu\u017cycie do 2600 kWh rocznie. Za dodatkowe zmniejszanie zu\u017cycia energii przez rodziny b\u0119dzie mo\u017cna uzyska\u0107 rabat. Ograniczenie zu\u017cycia o wi\u0119cej ni\u017c 10% w stosunku do tego roku obni\u017cy o 10% koszty energii. Rodziny zyskaj\u0105 dodatkow\u0105 os\u0142on\u0119 \u2013 Dodatek energetyczny wyniesie 1000 z\u0142. Administracja rz\u0105dowa i samorz\u0105dowa b\u0119dzie zobowi\u0105zana do ograniczenia zu\u017cycia energii o min. 10 proc. \u00a0Ka\u017cda publiczna instytucja b\u0119dzie musia\u0142a dokona\u0107 optymalizacji konsumpcji energii elektrycznej i ogranicza\u0107 koszty. Rz\u0105d uruchomi dodatkowe \u015brodki na lokalne inwestycje w\u00a0energooszcz\u0119dne o\u015bwietlenie ulic, by pom\u00f3c samorz\u0105dom w obni\u017caniu wydatk\u00f3w na energi\u0119. <br><br><strong>\u00a0 \u00a0 TARCZA DLA FIRM I ZIELONA ENERGIA DLA PRZEMYS\u0141U (OZE)<\/strong><br><br>Firmy z takich bran\u017c jak hutnictwo, produkcja ceramiki, szk\u0142a czy nawoz\u00f3w zostan\u0105 \u00a0obj\u0119te tarcz\u0105 dla firm energoch\u0142onnych. Pomo\u017ce im ona zmniejszy\u0107 deficyt spowodowany energetycznym szanta\u017cem Rosji. Przeznaczymy 5 mld z\u0142 dofinansowania do zakupu energii i gazu dla bran\u017c z\u00a0ponadstandardowymi kosztami energii. W 2023 r. mo\u017cliwe b\u0119dzie wybudowanie dla du\u017cych firm przemys\u0142owych po\u0142\u0105czenia zielonych \u017ar\u00f3de\u0142 wytw\u00f3rczych do instalacji wewn\u0119trznych odbiorc\u00f3w energii. Duzi odbiorcy b\u0119d\u0105 mogli sami budowa\u0107 nowe instalacje OZE i\u00a0korzysta\u0107 z nich na w\u0142asne potrzeby. Dzi\u0119ki temu zyskaj\u0105 ta\u0144sz\u0105 energi\u0119, ni\u017csze koszty swojej produkcji oraz mo\u017cliwo\u015b\u0107 oferowania ni\u017cszych cen. Pa\u0144stwo daje przyk\u0142ad. W 2022 r. nie b\u0119d\u0105 wyp\u0142acane premie w Sp\u00f3\u0142kach Skarbu Pa\u0144stwa i sp\u00f3\u0142kach samorz\u0105dowych. \u00a0 \u00a0 \u00a0 EWENTUALNIE: Polski rz\u0105d podejmuje szereg dzia\u0142a\u0144, by w\u00a0dobie globalnego kryzysu wspiera\u0107 polskich przedsi\u0119biorc\u00f3w. Tarcza Solidarno\u015bciowa to rozwi\u0105zanie-zach\u0119ta \u2013 nagradza tych, kt\u00f3rzy oszcz\u0119dzaj\u0105. Gospodarstwom domowym dajemy gwarantowan\u0105 cen\u0119 energii do 2000 kWh rocznie. Dla gospodarstw z osobami niepe\u0142nosprawnymi, rodzin z trojgiem i wi\u0119cej dzieci oraz gospodarstw domowych, prowadz\u0105cych dzia\u0142alno\u015b\u0107 rolnicz\u0105 b\u0119dzie to 2600 kWh. Oznacza to, \u017ce gospodarstwa domowe wy\u017csz\u0105 cen\u0119 za pr\u0105d zap\u0142ac\u0105 jedynie za nadwy\u017ck\u0119 \u2013 powy\u017cej 2000 lub 2600 kWh.\u00a0 Dodatkowo, po stronie obywateli nie ma \u017cadnej biurokracji, lub b\u0119dzie ona ograniczona do minimum. To dostawca energii b\u0119dzie ocenia\u0142 zu\u017cycie i automatycznie obni\u017ca\u0142 jej cen\u0119. W przypadku rolnik\u00f3w \u2013 wystarczy za\u015bwiadczenie z Urz\u0119du Skarbowego o op\u0142aceniu podatku rolnego. W rodzinach z trojgiem lub wi\u0119cej dzieci b\u0119dzie potrzebna jedynie Karta Du\u017cej Rodziny, a tam, gdzie jest osoba z\u00a0niepe\u0142nosprawno\u015bci\u0105 \u2013 jeden dokument potwierdzaj\u0105cy. Na przestrzeni siedmiu lat polski rz\u0105d konsekwentnie wywi\u0105zuje si\u0119 ze z\u0142o\u017conych wcze\u015bniej zobowi\u0105za\u0144 dot. zwi\u0119kszania wykorzystania odnawialnych \u017ar\u00f3de\u0142 energii i przyspieszenia transformacji krajowego sektora energetyki. Szczeg\u00f3lnie ostatnie dwa lata to czas znacz\u0105cych zmian na rynku energii w Polsce i wzrastaj\u0105cego udzia\u0142u energii z odnawialnych \u017ar\u00f3de\u0142 energii. Z ka\u017cdym rokiem osi\u0105gamy cele, kt\u00f3re jeszcze niedawno by\u0142y nierealne, a wr\u0119cz uznawane przez niekt\u00f3rych za niemo\u017cliwe do zrealizowania &#8211; jak osi\u0105gni\u0119cie 15 proc. celu odnawialnych \u017ar\u00f3de\u0142 energii na 2020 r. Wed\u0142ug danych G\u0142\u00f3wnego Urz\u0119du Statystycznego udzia\u0142 odnawialnych \u017ar\u00f3de\u0142 energii w ko\u0144cowym zu\u017cyciu energii brutto wyni\u00f3s\u0142 16,1 proc. Jednocze\u015bnie prowadzimy dzia\u0142ania prowadz\u0105ce do budowy elektrowni j\u0105drowej w\u00a0Polsce, kt\u00f3ra jest strategiczn\u0105 inwestycj\u0105 dla zr\u00f3wnowa\u017conego rozwoju ca\u0142ego kraju. Energetyka j\u0105drowa to stabilne \u017ar\u00f3d\u0142o energii elektrycznej, a mo\u017cliwo\u015b\u0107 zmagazynowania paliwa j\u0105drowego na d\u0142ugi czas poprawia niezale\u017cno\u015b\u0107 energetyczn\u0105 kraju. \u00a0 \u00a0 \u00a0<\/td><\/tr><\/tbody><\/table><\/figure>\n\n\n\n<figure class=\"wp-block-image size-large\"><a href=\"https:\/\/marekkuchcinski.pl\/wp-content\/uploads\/2022\/09\/Fcs2LhTWIAA7Eae.jpeg\"><img fetchpriority=\"high\" decoding=\"async\" width=\"1024\" height=\"576\" src=\"https:\/\/marekkuchcinski.pl\/wp-content\/uploads\/2022\/09\/Fcs2LhTWIAA7Eae-1024x576.jpeg\" alt=\"\" class=\"wp-image-26563\" srcset=\"https:\/\/marekkuchcinski.pl\/wp-content\/uploads\/2022\/09\/Fcs2LhTWIAA7Eae-1024x576.jpeg 1024w, https:\/\/marekkuchcinski.pl\/wp-content\/uploads\/2022\/09\/Fcs2LhTWIAA7Eae-300x169.jpeg 300w, https:\/\/marekkuchcinski.pl\/wp-content\/uploads\/2022\/09\/Fcs2LhTWIAA7Eae-768x432.jpeg 768w, https:\/\/marekkuchcinski.pl\/wp-content\/uploads\/2022\/09\/Fcs2LhTWIAA7Eae-1536x864.jpeg 1536w, https:\/\/marekkuchcinski.pl\/wp-content\/uploads\/2022\/09\/Fcs2LhTWIAA7Eae-18x10.jpeg 18w, https:\/\/marekkuchcinski.pl\/wp-content\/uploads\/2022\/09\/Fcs2LhTWIAA7Eae.jpeg 1600w\" sizes=\"(max-width: 1024px) 100vw, 1024px\" \/><\/a><\/figure>","protected":false},"excerpt":{"rendered":"<p>Wojna na Ukrainie wywo\u0142a\u0142a 3 wielkie kryzysy: energetyczny, gospodarczy i bezpiecze\u0144stwa. Tarcza Solidarno\u015bciowa b\u0119dzie chroni\u0107 Polak\u00f3w przed gwa\u0142townymi, trzy-, czterokrotnymi wzrostami cen. Z takimi wzrostami cen ju\u017c dzi\u015b mierz\u0105 si\u0119 obywatele wszystkich pa\u0144stw Unii Europejskiej. Pa\u0144stwo polskie dzia\u0142a w dw\u00f3ch podstawowych obszarach: 1. ochrona rodzin, obywateli, wszystkich Polak\u00f3w 2. ochrona i wsparcie dla firm i [&hellip;]<\/p>\n","protected":false},"author":3,"featured_media":26563,"comment_status":"open","ping_status":"open","sticky":false,"template":"","format":"standard","meta":{"ngg_post_thumbnail":0,"footnotes":""},"categories":[3],"tags":[],"class_list":["post-26560","post","type-post","status-publish","format-standard","has-post-thumbnail","hentry","category-wydarzenia"],"yoast_head":"<!-- This site is optimized with the Yoast SEO plugin v28.4 - https:\/\/yoast.com\/product\/yoast-seo-wordpress\/ -->\n<title>Tarcza Solidarno\u015bciowa: ochrona wszystkich Polak\u00f3w, wsparcie dla firm i przedsi\u0119biorc\u00f3w \u00a0 &#8211; Marek Kuchci\u0144ski<\/title>\n<meta name=\"robots\" content=\"index, follow, max-snippet:-1, max-image-preview:large, max-video-preview:-1\" \/>\n<link rel=\"canonical\" href=\"https:\/\/marekkuchcinski.pl\/uk\/wydarzenia\/tarcza-solidarnosciowa-ochrona-wszystkich-polakow-wsparcie-dla-firm-i-przedsiebiorcow\/\" \/>\n<meta property=\"og:locale\" content=\"uk_UA\" \/>\n<meta property=\"og:type\" content=\"article\" \/>\n<meta property=\"og:title\" content=\"Tarcza Solidarno\u015bciowa: ochrona wszystkich Polak\u00f3w, wsparcie dla firm i przedsi\u0119biorc\u00f3w \u00a0 &#8211; Marek Kuchci\u0144ski\" \/>\n<meta property=\"og:description\" content=\"Wojna na Ukrainie wywo\u0142a\u0142a 3 wielkie kryzysy: energetyczny, gospodarczy i bezpiecze\u0144stwa. Tarcza Solidarno\u015bciowa b\u0119dzie chroni\u0107 Polak\u00f3w przed gwa\u0142townymi, trzy-, czterokrotnymi wzrostami cen. Z takimi wzrostami cen ju\u017c dzi\u015b mierz\u0105 si\u0119 obywatele wszystkich pa\u0144stw Unii Europejskiej. Pa\u0144stwo polskie dzia\u0142a w dw\u00f3ch podstawowych obszarach: 1. ochrona rodzin, obywateli, wszystkich Polak\u00f3w 2. ochrona i wsparcie dla firm i [&hellip;]\" \/>\n<meta property=\"og:url\" content=\"https:\/\/marekkuchcinski.pl\/uk\/wydarzenia\/tarcza-solidarnosciowa-ochrona-wszystkich-polakow-wsparcie-dla-firm-i-przedsiebiorcow\/\" \/>\n<meta property=\"og:site_name\" content=\"Marek Kuchci\u0144ski\" \/>\n<meta property=\"article:published_time\" content=\"2022-09-26T15:50:02+00:00\" \/>\n<meta property=\"article:modified_time\" content=\"2022-09-26T15:50:04+00:00\" \/>\n<meta property=\"og:image\" content=\"https:\/\/marekkuchcinski.pl\/wp-content\/uploads\/2022\/09\/Fcs2LhTWIAA7Eae.jpeg\" \/>\n\t<meta property=\"og:image:width\" content=\"1600\" \/>\n\t<meta property=\"og:image:height\" content=\"900\" \/>\n\t<meta property=\"og:image:type\" content=\"image\/jpeg\" \/>\n<meta name=\"author\" content=\"Marta Olejnik\" \/>\n<meta name=\"twitter:card\" content=\"summary_large_image\" \/>\n<meta name=\"twitter:label1\" content=\"Written by\" \/>\n\t<meta name=\"twitter:data1\" content=\"Marta Olejnik\" \/>\n\t<meta name=\"twitter:label2\" content=\"Est. reading time\" \/>\n\t<meta name=\"twitter:data2\" content=\"3 minutes\" \/>\n<script type=\"application\/ld+json\" class=\"yoast-schema-graph\">{\"@context\":\"https:\\\/\\\/schema.org\",\"@graph\":[{\"@type\":\"Article\",\"@id\":\"https:\\\/\\\/marekkuchcinski.pl\\\/wydarzenia\\\/tarcza-solidarnosciowa-ochrona-wszystkich-polakow-wsparcie-dla-firm-i-przedsiebiorcow\\\/#article\",\"isPartOf\":{\"@id\":\"https:\\\/\\\/marekkuchcinski.pl\\\/wydarzenia\\\/tarcza-solidarnosciowa-ochrona-wszystkich-polakow-wsparcie-dla-firm-i-przedsiebiorcow\\\/\"},\"author\":{\"name\":\"Marta Olejnik\",\"@id\":\"https:\\\/\\\/marekkuchcinski.pl\\\/#\\\/schema\\\/person\\\/bd3f15dee67fee76e83c8350d0154101\"},\"headline\":\"Tarcza Solidarno\u015bciowa: ochrona wszystkich Polak\u00f3w, wsparcie dla firm i przedsi\u0119biorc\u00f3w \u00a0\",\"datePublished\":\"2022-09-26T15:50:02+00:00\",\"dateModified\":\"2022-09-26T15:50:04+00:00\",\"mainEntityOfPage\":{\"@id\":\"https:\\\/\\\/marekkuchcinski.pl\\\/wydarzenia\\\/tarcza-solidarnosciowa-ochrona-wszystkich-polakow-wsparcie-dla-firm-i-przedsiebiorcow\\\/\"},\"wordCount\":708,\"commentCount\":0,\"publisher\":{\"@id\":\"https:\\\/\\\/marekkuchcinski.pl\\\/#organization\"},\"image\":{\"@id\":\"https:\\\/\\\/marekkuchcinski.pl\\\/wydarzenia\\\/tarcza-solidarnosciowa-ochrona-wszystkich-polakow-wsparcie-dla-firm-i-przedsiebiorcow\\\/#primaryimage\"},\"thumbnailUrl\":\"https:\\\/\\\/marekkuchcinski.pl\\\/wp-content\\\/uploads\\\/2022\\\/09\\\/Fcs2LhTWIAA7Eae.jpeg\",\"articleSection\":[\"Wydarzenia\"],\"inLanguage\":\"uk\",\"potentialAction\":[{\"@type\":\"CommentAction\",\"name\":\"Comment\",\"target\":[\"https:\\\/\\\/marekkuchcinski.pl\\\/wydarzenia\\\/tarcza-solidarnosciowa-ochrona-wszystkich-polakow-wsparcie-dla-firm-i-przedsiebiorcow\\\/#respond\"]}]},{\"@type\":\"WebPage\",\"@id\":\"https:\\\/\\\/marekkuchcinski.pl\\\/wydarzenia\\\/tarcza-solidarnosciowa-ochrona-wszystkich-polakow-wsparcie-dla-firm-i-przedsiebiorcow\\\/\",\"url\":\"https:\\\/\\\/marekkuchcinski.pl\\\/wydarzenia\\\/tarcza-solidarnosciowa-ochrona-wszystkich-polakow-wsparcie-dla-firm-i-przedsiebiorcow\\\/\",\"name\":\"Tarcza Solidarno\u015bciowa: ochrona wszystkich Polak\u00f3w, wsparcie dla firm i przedsi\u0119biorc\u00f3w \u00a0 &#8211; Marek Kuchci\u0144ski\",\"isPartOf\":{\"@id\":\"https:\\\/\\\/marekkuchcinski.pl\\\/#website\"},\"primaryImageOfPage\":{\"@id\":\"https:\\\/\\\/marekkuchcinski.pl\\\/wydarzenia\\\/tarcza-solidarnosciowa-ochrona-wszystkich-polakow-wsparcie-dla-firm-i-przedsiebiorcow\\\/#primaryimage\"},\"image\":{\"@id\":\"https:\\\/\\\/marekkuchcinski.pl\\\/wydarzenia\\\/tarcza-solidarnosciowa-ochrona-wszystkich-polakow-wsparcie-dla-firm-i-przedsiebiorcow\\\/#primaryimage\"},\"thumbnailUrl\":\"https:\\\/\\\/marekkuchcinski.pl\\\/wp-content\\\/uploads\\\/2022\\\/09\\\/Fcs2LhTWIAA7Eae.jpeg\",\"datePublished\":\"2022-09-26T15:50:02+00:00\",\"dateModified\":\"2022-09-26T15:50:04+00:00\",\"breadcrumb\":{\"@id\":\"https:\\\/\\\/marekkuchcinski.pl\\\/wydarzenia\\\/tarcza-solidarnosciowa-ochrona-wszystkich-polakow-wsparcie-dla-firm-i-przedsiebiorcow\\\/#breadcrumb\"},\"inLanguage\":\"uk\",\"potentialAction\":[{\"@type\":\"ReadAction\",\"target\":[\"https:\\\/\\\/marekkuchcinski.pl\\\/wydarzenia\\\/tarcza-solidarnosciowa-ochrona-wszystkich-polakow-wsparcie-dla-firm-i-przedsiebiorcow\\\/\"]}]},{\"@type\":\"ImageObject\",\"inLanguage\":\"uk\",\"@id\":\"https:\\\/\\\/marekkuchcinski.pl\\\/wydarzenia\\\/tarcza-solidarnosciowa-ochrona-wszystkich-polakow-wsparcie-dla-firm-i-przedsiebiorcow\\\/#primaryimage\",\"url\":\"https:\\\/\\\/marekkuchcinski.pl\\\/wp-content\\\/uploads\\\/2022\\\/09\\\/Fcs2LhTWIAA7Eae.jpeg\",\"contentUrl\":\"https:\\\/\\\/marekkuchcinski.pl\\\/wp-content\\\/uploads\\\/2022\\\/09\\\/Fcs2LhTWIAA7Eae.jpeg\",\"width\":1600,\"height\":900},{\"@type\":\"BreadcrumbList\",\"@id\":\"https:\\\/\\\/marekkuchcinski.pl\\\/wydarzenia\\\/tarcza-solidarnosciowa-ochrona-wszystkich-polakow-wsparcie-dla-firm-i-przedsiebiorcow\\\/#breadcrumb\",\"itemListElement\":[{\"@type\":\"ListItem\",\"position\":1,\"name\":\"Strona g\u0142\u00f3wna\",\"item\":\"https:\\\/\\\/marekkuchcinski.pl\\\/\"},{\"@type\":\"ListItem\",\"position\":2,\"name\":\"Tarcza Solidarno\u015bciowa: ochrona wszystkich Polak\u00f3w, wsparcie dla firm i przedsi\u0119biorc\u00f3w \u00a0\"}]},{\"@type\":\"WebSite\",\"@id\":\"https:\\\/\\\/marekkuchcinski.pl\\\/#website\",\"url\":\"https:\\\/\\\/marekkuchcinski.pl\\\/\",\"name\":\"Marek Kuchci\u0144ski\",\"description\":\"Marek Kuchci\u0144ski \",\"publisher\":{\"@id\":\"https:\\\/\\\/marekkuchcinski.pl\\\/#organization\"},\"potentialAction\":[{\"@type\":\"SearchAction\",\"target\":{\"@type\":\"EntryPoint\",\"urlTemplate\":\"https:\\\/\\\/marekkuchcinski.pl\\\/?s={search_term_string}\"},\"query-input\":{\"@type\":\"PropertyValueSpecification\",\"valueRequired\":true,\"valueName\":\"search_term_string\"}}],\"inLanguage\":\"uk\"},{\"@type\":\"Organization\",\"@id\":\"https:\\\/\\\/marekkuchcinski.pl\\\/#organization\",\"name\":\"Marek Kuchci\u0144ski\",\"url\":\"https:\\\/\\\/marekkuchcinski.pl\\\/\",\"logo\":{\"@type\":\"ImageObject\",\"inLanguage\":\"uk\",\"@id\":\"https:\\\/\\\/marekkuchcinski.pl\\\/#\\\/schema\\\/logo\\\/image\\\/\",\"url\":\"https:\\\/\\\/marekkuchcinski.pl\\\/wp-content\\\/uploads\\\/2022\\\/09\\\/Marek.jpg\",\"contentUrl\":\"https:\\\/\\\/marekkuchcinski.pl\\\/wp-content\\\/uploads\\\/2022\\\/09\\\/Marek.jpg\",\"width\":1600,\"height\":971,\"caption\":\"Marek Kuchci\u0144ski\"},\"image\":{\"@id\":\"https:\\\/\\\/marekkuchcinski.pl\\\/#\\\/schema\\\/logo\\\/image\\\/\"}},{\"@type\":\"Person\",\"@id\":\"https:\\\/\\\/marekkuchcinski.pl\\\/#\\\/schema\\\/person\\\/bd3f15dee67fee76e83c8350d0154101\",\"name\":\"Marta Olejnik\",\"image\":{\"@type\":\"ImageObject\",\"inLanguage\":\"uk\",\"@id\":\"https:\\\/\\\/secure.gravatar.com\\\/avatar\\\/24754edd6080383402e292374b406b553027d572e97d60e7aa89a6940e88659a?s=96&d=mm&r=g\",\"url\":\"https:\\\/\\\/secure.gravatar.com\\\/avatar\\\/24754edd6080383402e292374b406b553027d572e97d60e7aa89a6940e88659a?s=96&d=mm&r=g\",\"contentUrl\":\"https:\\\/\\\/secure.gravatar.com\\\/avatar\\\/24754edd6080383402e292374b406b553027d572e97d60e7aa89a6940e88659a?s=96&d=mm&r=g\",\"caption\":\"Marta Olejnik\"},\"url\":\"https:\\\/\\\/marekkuchcinski.pl\\\/uk\\\/author\\\/marta\\\/\"}]}<\/script>\n<!-- \/ Yoast SEO plugin. -->","yoast_head_json":{"title":"Tarcza Solidarno\u015bciowa: ochrona wszystkich Polak\u00f3w, wsparcie dla firm i przedsi\u0119biorc\u00f3w \u00a0 &#8211; Marek Kuchci\u0144ski","robots":{"index":"index","follow":"follow","max-snippet":"max-snippet:-1","max-image-preview":"max-image-preview:large","max-video-preview":"max-video-preview:-1"},"canonical":"https:\/\/marekkuchcinski.pl\/uk\/wydarzenia\/tarcza-solidarnosciowa-ochrona-wszystkich-polakow-wsparcie-dla-firm-i-przedsiebiorcow\/","og_locale":"uk_UA","og_type":"article","og_title":"Tarcza Solidarno\u015bciowa: ochrona wszystkich Polak\u00f3w, wsparcie dla firm i przedsi\u0119biorc\u00f3w \u00a0 &#8211; Marek Kuchci\u0144ski","og_description":"Wojna na Ukrainie wywo\u0142a\u0142a 3 wielkie kryzysy: energetyczny, gospodarczy i bezpiecze\u0144stwa. Tarcza Solidarno\u015bciowa b\u0119dzie chroni\u0107 Polak\u00f3w przed gwa\u0142townymi, trzy-, czterokrotnymi wzrostami cen. Z takimi wzrostami cen ju\u017c dzi\u015b mierz\u0105 si\u0119 obywatele wszystkich pa\u0144stw Unii Europejskiej. Pa\u0144stwo polskie dzia\u0142a w dw\u00f3ch podstawowych obszarach: 1. ochrona rodzin, obywateli, wszystkich Polak\u00f3w 2. ochrona i wsparcie dla firm i [&hellip;]","og_url":"https:\/\/marekkuchcinski.pl\/uk\/wydarzenia\/tarcza-solidarnosciowa-ochrona-wszystkich-polakow-wsparcie-dla-firm-i-przedsiebiorcow\/","og_site_name":"Marek Kuchci\u0144ski","article_published_time":"2022-09-26T15:50:02+00:00","article_modified_time":"2022-09-26T15:50:04+00:00","og_image":[{"width":1600,"height":900,"url":"https:\/\/marekkuchcinski.pl\/wp-content\/uploads\/2022\/09\/Fcs2LhTWIAA7Eae.jpeg","type":"image\/jpeg"}],"author":"Marta Olejnik","twitter_card":"summary_large_image","twitter_misc":{"Written by":"Marta Olejnik","Est. reading time":"3 minutes"},"schema":{"@context":"https:\/\/schema.org","@graph":[{"@type":"Article","@id":"https:\/\/marekkuchcinski.pl\/wydarzenia\/tarcza-solidarnosciowa-ochrona-wszystkich-polakow-wsparcie-dla-firm-i-przedsiebiorcow\/#article","isPartOf":{"@id":"https:\/\/marekkuchcinski.pl\/wydarzenia\/tarcza-solidarnosciowa-ochrona-wszystkich-polakow-wsparcie-dla-firm-i-przedsiebiorcow\/"},"author":{"name":"Marta Olejnik","@id":"https:\/\/marekkuchcinski.pl\/#\/schema\/person\/bd3f15dee67fee76e83c8350d0154101"},"headline":"Tarcza Solidarno\u015bciowa: ochrona wszystkich Polak\u00f3w, wsparcie dla firm i przedsi\u0119biorc\u00f3w \u00a0","datePublished":"2022-09-26T15:50:02+00:00","dateModified":"2022-09-26T15:50:04+00:00","mainEntityOfPage":{"@id":"https:\/\/marekkuchcinski.pl\/wydarzenia\/tarcza-solidarnosciowa-ochrona-wszystkich-polakow-wsparcie-dla-firm-i-przedsiebiorcow\/"},"wordCount":708,"commentCount":0,"publisher":{"@id":"https:\/\/marekkuchcinski.pl\/#organization"},"image":{"@id":"https:\/\/marekkuchcinski.pl\/wydarzenia\/tarcza-solidarnosciowa-ochrona-wszystkich-polakow-wsparcie-dla-firm-i-przedsiebiorcow\/#primaryimage"},"thumbnailUrl":"https:\/\/marekkuchcinski.pl\/wp-content\/uploads\/2022\/09\/Fcs2LhTWIAA7Eae.jpeg","articleSection":["Wydarzenia"],"inLanguage":"uk","potentialAction":[{"@type":"CommentAction","name":"Comment","target":["https:\/\/marekkuchcinski.pl\/wydarzenia\/tarcza-solidarnosciowa-ochrona-wszystkich-polakow-wsparcie-dla-firm-i-przedsiebiorcow\/#respond"]}]},{"@type":"WebPage","@id":"https:\/\/marekkuchcinski.pl\/wydarzenia\/tarcza-solidarnosciowa-ochrona-wszystkich-polakow-wsparcie-dla-firm-i-przedsiebiorcow\/","url":"https:\/\/marekkuchcinski.pl\/wydarzenia\/tarcza-solidarnosciowa-ochrona-wszystkich-polakow-wsparcie-dla-firm-i-przedsiebiorcow\/","name":"Tarcza Solidarno\u015bciowa: ochrona wszystkich Polak\u00f3w, wsparcie dla firm i przedsi\u0119biorc\u00f3w \u00a0 &#8211; Marek Kuchci\u0144ski","isPartOf":{"@id":"https:\/\/marekkuchcinski.pl\/#website"},"primaryImageOfPage":{"@id":"https:\/\/marekkuchcinski.pl\/wydarzenia\/tarcza-solidarnosciowa-ochrona-wszystkich-polakow-wsparcie-dla-firm-i-przedsiebiorcow\/#primaryimage"},"image":{"@id":"https:\/\/marekkuchcinski.pl\/wydarzenia\/tarcza-solidarnosciowa-ochrona-wszystkich-polakow-wsparcie-dla-firm-i-przedsiebiorcow\/#primaryimage"},"thumbnailUrl":"https:\/\/marekkuchcinski.pl\/wp-content\/uploads\/2022\/09\/Fcs2LhTWIAA7Eae.jpeg","datePublished":"2022-09-26T15:50:02+00:00","dateModified":"2022-09-26T15:50:04+00:00","breadcrumb":{"@id":"https:\/\/marekkuchcinski.pl\/wydarzenia\/tarcza-solidarnosciowa-ochrona-wszystkich-polakow-wsparcie-dla-firm-i-przedsiebiorcow\/#breadcrumb"},"inLanguage":"uk","potentialAction":[{"@type":"ReadAction","target":["https:\/\/marekkuchcinski.pl\/wydarzenia\/tarcza-solidarnosciowa-ochrona-wszystkich-polakow-wsparcie-dla-firm-i-przedsiebiorcow\/"]}]},{"@type":"ImageObject","inLanguage":"uk","@id":"https:\/\/marekkuchcinski.pl\/wydarzenia\/tarcza-solidarnosciowa-ochrona-wszystkich-polakow-wsparcie-dla-firm-i-przedsiebiorcow\/#primaryimage","url":"https:\/\/marekkuchcinski.pl\/wp-content\/uploads\/2022\/09\/Fcs2LhTWIAA7Eae.jpeg","contentUrl":"https:\/\/marekkuchcinski.pl\/wp-content\/uploads\/2022\/09\/Fcs2LhTWIAA7Eae.jpeg","width":1600,"height":900},{"@type":"BreadcrumbList","@id":"https:\/\/marekkuchcinski.pl\/wydarzenia\/tarcza-solidarnosciowa-ochrona-wszystkich-polakow-wsparcie-dla-firm-i-przedsiebiorcow\/#breadcrumb","itemListElement":[{"@type":"ListItem","position":1,"name":"Strona g\u0142\u00f3wna","item":"https:\/\/marekkuchcinski.pl\/"},{"@type":"ListItem","position":2,"name":"Tarcza Solidarno\u015bciowa: ochrona wszystkich Polak\u00f3w, wsparcie dla firm i przedsi\u0119biorc\u00f3w \u00a0"}]},{"@type":"WebSite","@id":"https:\/\/marekkuchcinski.pl\/#website","url":"https:\/\/marekkuchcinski.pl\/","name":"Marek Kuchci\u0144ski","description":"Marek Kuchci\u0144ski","publisher":{"@id":"https:\/\/marekkuchcinski.pl\/#organization"},"potentialAction":[{"@type":"SearchAction","target":{"@type":"EntryPoint","urlTemplate":"https:\/\/marekkuchcinski.pl\/?s={search_term_string}"},"query-input":{"@type":"PropertyValueSpecification","valueRequired":true,"valueName":"search_term_string"}}],"inLanguage":"uk"},{"@type":"Organization","@id":"https:\/\/marekkuchcinski.pl\/#organization","name":"Marek Kuchci\u0144ski","url":"https:\/\/marekkuchcinski.pl\/","logo":{"@type":"ImageObject","inLanguage":"uk","@id":"https:\/\/marekkuchcinski.pl\/#\/schema\/logo\/image\/","url":"https:\/\/marekkuchcinski.pl\/wp-content\/uploads\/2022\/09\/Marek.jpg","contentUrl":"https:\/\/marekkuchcinski.pl\/wp-content\/uploads\/2022\/09\/Marek.jpg","width":1600,"height":971,"caption":"Marek Kuchci\u0144ski"},"image":{"@id":"https:\/\/marekkuchcinski.pl\/#\/schema\/logo\/image\/"}},{"@type":"Person","@id":"https:\/\/marekkuchcinski.pl\/#\/schema\/person\/bd3f15dee67fee76e83c8350d0154101","name":"Marta Olejnik","image":{"@type":"ImageObject","inLanguage":"uk","@id":"https:\/\/secure.gravatar.com\/avatar\/24754edd6080383402e292374b406b553027d572e97d60e7aa89a6940e88659a?s=96&d=mm&r=g","url":"https:\/\/secure.gravatar.com\/avatar\/24754edd6080383402e292374b406b553027d572e97d60e7aa89a6940e88659a?s=96&d=mm&r=g","contentUrl":"https:\/\/secure.gravatar.com\/avatar\/24754edd6080383402e292374b406b553027d572e97d60e7aa89a6940e88659a?s=96&d=mm&r=g","caption":"Marta Olejnik"},"url":"https:\/\/marekkuchcinski.pl\/uk\/author\/marta\/"}]}},"_links":{"self":[{"href":"https:\/\/marekkuchcinski.pl\/uk\/wp-json\/wp\/v2\/posts\/26560","targetHints":{"allow":["GET"]}}],"collection":[{"href":"https:\/\/marekkuchcinski.pl\/uk\/wp-json\/wp\/v2\/posts"}],"about":[{"href":"https:\/\/marekkuchcinski.pl\/uk\/wp-json\/wp\/v2\/types\/post"}],"author":[{"embeddable":true,"href":"https:\/\/marekkuchcinski.pl\/uk\/wp-json\/wp\/v2\/users\/3"}],"replies":[{"embeddable":true,"href":"https:\/\/marekkuchcinski.pl\/uk\/wp-json\/wp\/v2\/comments?post=26560"}],"version-history":[{"count":3,"href":"https:\/\/marekkuchcinski.pl\/uk\/wp-json\/wp\/v2\/posts\/26560\/revisions"}],"predecessor-version":[{"id":26564,"href":"https:\/\/marekkuchcinski.pl\/uk\/wp-json\/wp\/v2\/posts\/26560\/revisions\/26564"}],"wp:featuredmedia":[{"embeddable":true,"href":"https:\/\/marekkuchcinski.pl\/uk\/wp-json\/wp\/v2\/media\/26563"}],"wp:attachment":[{"href":"https:\/\/marekkuchcinski.pl\/uk\/wp-json\/wp\/v2\/media?parent=26560"}],"wp:term":[{"taxonomy":"category","embeddable":true,"href":"https:\/\/marekkuchcinski.pl\/uk\/wp-json\/wp\/v2\/categories?post=26560"},{"taxonomy":"post_tag","embeddable":true,"href":"https:\/\/marekkuchcinski.pl\/uk\/wp-json\/wp\/v2\/tags?post=26560"}],"curies":[{"name":"wp","href":"https:\/\/api.w.org\/{rel}","templated":true}]}}