{"id":26076,"date":"2022-09-02T16:32:01","date_gmt":"2022-09-02T14:32:01","guid":{"rendered":"https:\/\/marekkuchcinski.pl\/?p=26076"},"modified":"2022-09-02T16:51:47","modified_gmt":"2022-09-02T14:51:47","slug":"raport-o-stratach-polski-w-ii-ws-polska-stracila-6-bln-220-mld-609-milionow-pln-na-wojnie","status":"publish","type":"post","link":"https:\/\/marekkuchcinski.pl\/uk\/wydarzenia\/raport-o-stratach-polski-w-ii-ws-polska-stracila-6-bln-220-mld-609-milionow-pln-na-wojnie\/","title":{"rendered":"RAPORT: Polska w II W\u015a straci\u0142a 6 bln 220 mld 609 mln PLN"},"content":{"rendered":"\n<ul class=\"wp-block-list\"><li><strong>Raport o stratach poniesionych przez Polsk\u0119 w wyniku agresji i okupacji niemieckiej w czasie II wojny \u015bwiatowej 1939-1945 zosta\u0142 opracowany, poniewa\u017c <u>II wojna \u015bwiatowa zako\u0144czy\u0142a si\u0119 wielk\u0105 niesprawiedliwo\u015bci\u0105. Nigdy nie zosta\u0142a odpowiednio rozliczona.<\/u><\/strong><\/li><li><strong>&nbsp;<u>Polska podj\u0119\u0142a decyzj\u0119 o postawieniu tej sprawy na forum mi\u0119dzynarodowym<\/u>. Polska powinna uzyska\u0107 odszkodowania za zniszczenia dokonane przez Niemc\u00f3w &nbsp;&nbsp;w&nbsp;latach 1939-1945. Raport pozwoli zwr\u00f3ci\u0107 si\u0119 do Niemiec o podj\u0119cie tematu reparacji.<\/strong><\/li><li><strong><u>Wiele pa\u0144stw uzyska\u0142o odszkodowania od Niemiec. Polska &#8211; nie.<\/u><\/strong><\/li><li>Niemcy nigdy nie rozliczy\u0142y si\u0119 w spos\u00f3b rzeczywisty ze zbrodni pope\u0142nionych na Narodzie Polskim w latach 1939-1945.<\/li><li><strong><u>Ofiary nazistowskich Niemiec liczy si\u0119 w milionach,<\/u><\/strong> miliony polskich rodzin straci\u0142o dorobek ca\u0142ego \u017cycia.<strong> Setki miast zosta\u0142o zniszczonych, spalono tysi\u0105ce wsi, zosta\u0142y zniszczone zak\u0142ady przemys\u0142owe, szko\u0142y, zabytki architektury, infrastruktura, biblioteki i zrabowano lub zniszczono kolekcje dzie\u0142 sztuki.<\/strong><\/li><li>II wojna \u015bwiatowa ma swoje konsekwencje do dzi\u015b. Zbrodnie nie zosta\u0142y rozliczone. Sprawcy machiny zniszczenia i zag\u0142ady w du\u017cej cz\u0119\u015bci pozostali bezkarni.<\/li><li><strong>Inne pa\u0144stwa otrzyma\u0142y w przesz\u0142o\u015bci \u015brodki jako zado\u015b\u0107uczynienie za II wojn\u0119 \u015bwiatow\u0105. <\/strong>Niemiecka propaganda, kt\u00f3r\u0105 prowadz\u0105 i promuj\u0105 niekt\u00f3re partie polityczne oraz media w Polsce, twierdzi, \u017ce Polsce odszkodowania nie nale\u017c\u0105 si\u0119, cho\u0107 np.<strong> Grecja czy Izrael otrzyma\u0142y odszkodowanie wiele lat temu:<\/strong><ul><li><strong>W 1960 r. Niemcy wyp\u0142aci\u0142y Grecji 115 mln marek niemieckich zado\u015b\u0107uczynienia.&nbsp;<\/strong><\/li><\/ul><ul><li><strong>Odszkodowanie otrzyma\u0142 Izrael <\/strong>&#8211; za Holocaust i straty podniesione w czasie II wojny \u015bwiatowej.&nbsp;Na mocy umowy z 1952 r. RFN przekaza\u0142 3 biliony marek niemieckich w formie dostaw kontynuowanych przez kolejnych 14 lat. 450 milion\u00f3w marek z kolei otrzyma\u0142 \u015awiatowy Kongres \u017byd\u00f3w.&nbsp;\u015arodki te rz\u0105d inwestowa\u0142<br>w infrastruktur\u0119 i rozw\u00f3j nowo powsta\u0142ego pa\u0144stwa Izrael.<\/li><\/ul><\/li><li><strong>Dot\u0105d rz\u0105dy w Niemczech unika\u0142y tematu reparacji dla Polski<\/strong> za przyzwoleniem poprzednich w\u0142adz Polski.<\/li><li><span class=\"has-inline-color has-vivid-red-color\"><strong><u>Polska straci\u0142a 6 bilion\u00f3w 220 miliard\u00f3w 609 milion\u00f3w PLN na wojnie.<\/u><\/strong><\/span><\/li><li><span class=\"has-inline-color has-vivid-red-color\"><strong><u>\u017bycie straci\u0142o ponad 5 mln obywateli.<\/u><\/strong><\/span><\/li><li><span class=\"has-inline-color has-vivid-red-color\"><strong><u>Wojna cofn\u0119\u0142a Polsk\u0119 w rozwoju o 20 lat.<\/u><\/strong><\/span><\/li><li><strong><span class=\"has-inline-color has-vivid-red-color\">Ponad milion rodzin straci\u0142o dorobek \u017cycia. Straty materialne wynios\u0142y 797 miliard\u00f3w 398 milion\u00f3w PLN.<\/span><\/strong><\/li><\/ul>\n\n\n\n<p class=\"wp-block-paragraph\"><\/p>\n\n\n\n<hr class=\"wp-block-separator\"\/>\n\n\n\n<p class=\"wp-block-paragraph\"><a href=\"#_ftnref1\">[1]<\/a> Bior\u0105c pod uwag\u0119 zniszczenia w miejscu zamieszkania powy\u017cej 15 proc.<\/p>\n\n\n\n<figure class=\"wp-block-gallery columns-3 is-cropped wp-block-gallery-1 is-layout-flex wp-block-gallery-is-layout-flex\"><ul class=\"blocks-gallery-grid\"><li class=\"blocks-gallery-item\"><figure><a href=\"https:\/\/marekkuchcinski.pl\/wp-content\/uploads\/2022\/09\/01-1.jpeg\"><img fetchpriority=\"high\" decoding=\"async\" width=\"1024\" height=\"576\" src=\"https:\/\/marekkuchcinski.pl\/wp-content\/uploads\/2022\/09\/01-1-1024x576.jpeg\" alt=\"\" data-id=\"26078\" data-full-url=\"https:\/\/marekkuchcinski.pl\/wp-content\/uploads\/2022\/09\/01-1.jpeg\" data-link=\"https:\/\/marekkuchcinski.pl\/?attachment_id=26078\" class=\"wp-image-26078\" srcset=\"https:\/\/marekkuchcinski.pl\/wp-content\/uploads\/2022\/09\/01-1-1024x576.jpeg 1024w, https:\/\/marekkuchcinski.pl\/wp-content\/uploads\/2022\/09\/01-1-300x169.jpeg 300w, https:\/\/marekkuchcinski.pl\/wp-content\/uploads\/2022\/09\/01-1-768x432.jpeg 768w, https:\/\/marekkuchcinski.pl\/wp-content\/uploads\/2022\/09\/01-1-18x10.jpeg 18w, https:\/\/marekkuchcinski.pl\/wp-content\/uploads\/2022\/09\/01-1.jpeg 1280w\" sizes=\"(max-width: 1024px) 100vw, 1024px\" \/><\/a><\/figure><\/li><li class=\"blocks-gallery-item\"><figure><a href=\"https:\/\/marekkuchcinski.pl\/wp-content\/uploads\/2022\/09\/02.jpeg\"><img decoding=\"async\" width=\"1024\" height=\"576\" src=\"https:\/\/marekkuchcinski.pl\/wp-content\/uploads\/2022\/09\/02-1024x576.jpeg\" alt=\"\" data-id=\"26079\" data-full-url=\"https:\/\/marekkuchcinski.pl\/wp-content\/uploads\/2022\/09\/02.jpeg\" data-link=\"https:\/\/marekkuchcinski.pl\/?attachment_id=26079\" class=\"wp-image-26079\" srcset=\"https:\/\/marekkuchcinski.pl\/wp-content\/uploads\/2022\/09\/02-1024x576.jpeg 1024w, https:\/\/marekkuchcinski.pl\/wp-content\/uploads\/2022\/09\/02-300x169.jpeg 300w, https:\/\/marekkuchcinski.pl\/wp-content\/uploads\/2022\/09\/02-768x432.jpeg 768w, https:\/\/marekkuchcinski.pl\/wp-content\/uploads\/2022\/09\/02-18x10.jpeg 18w, https:\/\/marekkuchcinski.pl\/wp-content\/uploads\/2022\/09\/02.jpeg 1280w\" sizes=\"(max-width: 1024px) 100vw, 1024px\" \/><\/a><\/figure><\/li><li class=\"blocks-gallery-item\"><figure><a href=\"https:\/\/marekkuchcinski.pl\/wp-content\/uploads\/2022\/09\/03.jpeg\"><img decoding=\"async\" width=\"1024\" height=\"576\" src=\"https:\/\/marekkuchcinski.pl\/wp-content\/uploads\/2022\/09\/03-1024x576.jpeg\" alt=\"\" data-id=\"26080\" data-full-url=\"https:\/\/marekkuchcinski.pl\/wp-content\/uploads\/2022\/09\/03.jpeg\" data-link=\"https:\/\/marekkuchcinski.pl\/?attachment_id=26080\" class=\"wp-image-26080\" srcset=\"https:\/\/marekkuchcinski.pl\/wp-content\/uploads\/2022\/09\/03-1024x576.jpeg 1024w, https:\/\/marekkuchcinski.pl\/wp-content\/uploads\/2022\/09\/03-300x169.jpeg 300w, https:\/\/marekkuchcinski.pl\/wp-content\/uploads\/2022\/09\/03-768x432.jpeg 768w, https:\/\/marekkuchcinski.pl\/wp-content\/uploads\/2022\/09\/03-18x10.jpeg 18w, https:\/\/marekkuchcinski.pl\/wp-content\/uploads\/2022\/09\/03.jpeg 1280w\" sizes=\"(max-width: 1024px) 100vw, 1024px\" \/><\/a><\/figure><\/li><li class=\"blocks-gallery-item\"><figure><a href=\"https:\/\/marekkuchcinski.pl\/wp-content\/uploads\/2022\/09\/04.jpeg\"><img loading=\"lazy\" decoding=\"async\" width=\"1024\" height=\"576\" src=\"https:\/\/marekkuchcinski.pl\/wp-content\/uploads\/2022\/09\/04-1024x576.jpeg\" alt=\"\" data-id=\"26081\" data-full-url=\"https:\/\/marekkuchcinski.pl\/wp-content\/uploads\/2022\/09\/04.jpeg\" data-link=\"https:\/\/marekkuchcinski.pl\/?attachment_id=26081\" class=\"wp-image-26081\" srcset=\"https:\/\/marekkuchcinski.pl\/wp-content\/uploads\/2022\/09\/04-1024x576.jpeg 1024w, https:\/\/marekkuchcinski.pl\/wp-content\/uploads\/2022\/09\/04-300x169.jpeg 300w, https:\/\/marekkuchcinski.pl\/wp-content\/uploads\/2022\/09\/04-768x432.jpeg 768w, https:\/\/marekkuchcinski.pl\/wp-content\/uploads\/2022\/09\/04-18x10.jpeg 18w, https:\/\/marekkuchcinski.pl\/wp-content\/uploads\/2022\/09\/04.jpeg 1280w\" sizes=\"(max-width: 1024px) 100vw, 1024px\" \/><\/a><\/figure><\/li><li class=\"blocks-gallery-item\"><figure><a href=\"https:\/\/marekkuchcinski.pl\/wp-content\/uploads\/2022\/09\/05.jpeg\"><img loading=\"lazy\" decoding=\"async\" width=\"1024\" height=\"576\" src=\"https:\/\/marekkuchcinski.pl\/wp-content\/uploads\/2022\/09\/05-1024x576.jpeg\" alt=\"\" data-id=\"26082\" data-full-url=\"https:\/\/marekkuchcinski.pl\/wp-content\/uploads\/2022\/09\/05.jpeg\" data-link=\"https:\/\/marekkuchcinski.pl\/?attachment_id=26082\" class=\"wp-image-26082\" srcset=\"https:\/\/marekkuchcinski.pl\/wp-content\/uploads\/2022\/09\/05-1024x576.jpeg 1024w, https:\/\/marekkuchcinski.pl\/wp-content\/uploads\/2022\/09\/05-300x169.jpeg 300w, https:\/\/marekkuchcinski.pl\/wp-content\/uploads\/2022\/09\/05-768x432.jpeg 768w, https:\/\/marekkuchcinski.pl\/wp-content\/uploads\/2022\/09\/05-18x10.jpeg 18w, https:\/\/marekkuchcinski.pl\/wp-content\/uploads\/2022\/09\/05.jpeg 1280w\" sizes=\"(max-width: 1024px) 100vw, 1024px\" \/><\/a><\/figure><\/li><li class=\"blocks-gallery-item\"><figure><a href=\"https:\/\/marekkuchcinski.pl\/wp-content\/uploads\/2022\/09\/07.jpeg\"><img loading=\"lazy\" decoding=\"async\" width=\"1024\" height=\"576\" src=\"https:\/\/marekkuchcinski.pl\/wp-content\/uploads\/2022\/09\/07-1024x576.jpeg\" alt=\"\" data-id=\"26083\" data-full-url=\"https:\/\/marekkuchcinski.pl\/wp-content\/uploads\/2022\/09\/07.jpeg\" data-link=\"https:\/\/marekkuchcinski.pl\/?attachment_id=26083\" class=\"wp-image-26083\" srcset=\"https:\/\/marekkuchcinski.pl\/wp-content\/uploads\/2022\/09\/07-1024x576.jpeg 1024w, https:\/\/marekkuchcinski.pl\/wp-content\/uploads\/2022\/09\/07-300x169.jpeg 300w, https:\/\/marekkuchcinski.pl\/wp-content\/uploads\/2022\/09\/07-768x432.jpeg 768w, https:\/\/marekkuchcinski.pl\/wp-content\/uploads\/2022\/09\/07-18x10.jpeg 18w, https:\/\/marekkuchcinski.pl\/wp-content\/uploads\/2022\/09\/07.jpeg 1280w\" sizes=\"(max-width: 1024px) 100vw, 1024px\" \/><\/a><\/figure><\/li><\/ul><\/figure>\n","protected":false},"excerpt":{"rendered":"<p>Raport o stratach poniesionych przez Polsk\u0119 w wyniku agresji i okupacji niemieckiej w czasie II wojny \u015bwiatowej 1939-1945 zosta\u0142 opracowany, poniewa\u017c II wojna \u015bwiatowa zako\u0144czy\u0142a si\u0119 wielk\u0105 niesprawiedliwo\u015bci\u0105. Nigdy nie zosta\u0142a odpowiednio rozliczona. &nbsp;Polska podj\u0119\u0142a decyzj\u0119 o postawieniu tej sprawy na forum mi\u0119dzynarodowym. Polska powinna uzyska\u0107 odszkodowania za zniszczenia dokonane przez Niemc\u00f3w &nbsp;&nbsp;w&nbsp;latach 1939-1945. Raport [&hellip;]<\/p>\n","protected":false},"author":3,"featured_media":26093,"comment_status":"open","ping_status":"open","sticky":false,"template":"","format":"standard","meta":{"ngg_post_thumbnail":0,"footnotes":""},"categories":[50,3],"tags":[],"class_list":["post-26076","post","type-post","status-publish","format-standard","has-post-thumbnail","hentry","category-wspolpraca-miedzynarodowa","category-wydarzenia"],"yoast_head":"<!-- This site is optimized with the Yoast SEO plugin v28.4 - https:\/\/yoast.com\/product\/yoast-seo-wordpress\/ -->\n<title>RAPORT: Polska w II W\u015a straci\u0142a 6 bln 220 mld 609 mln PLN &#8211; Marek Kuchci\u0144ski<\/title>\n<meta name=\"robots\" content=\"index, follow, max-snippet:-1, max-image-preview:large, max-video-preview:-1\" \/>\n<link rel=\"canonical\" href=\"https:\/\/marekkuchcinski.pl\/uk\/wydarzenia\/raport-o-stratach-polski-w-ii-ws-polska-stracila-6-bln-220-mld-609-milionow-pln-na-wojnie\/\" \/>\n<meta property=\"og:locale\" content=\"uk_UA\" \/>\n<meta property=\"og:type\" content=\"article\" \/>\n<meta property=\"og:title\" content=\"RAPORT: Polska w II W\u015a straci\u0142a 6 bln 220 mld 609 mln PLN &#8211; Marek Kuchci\u0144ski\" \/>\n<meta property=\"og:description\" content=\"Raport o stratach poniesionych przez Polsk\u0119 w wyniku agresji i okupacji niemieckiej w czasie II wojny \u015bwiatowej 1939-1945 zosta\u0142 opracowany, poniewa\u017c II wojna \u015bwiatowa zako\u0144czy\u0142a si\u0119 wielk\u0105 niesprawiedliwo\u015bci\u0105. Nigdy nie zosta\u0142a odpowiednio rozliczona. &nbsp;Polska podj\u0119\u0142a decyzj\u0119 o postawieniu tej sprawy na forum mi\u0119dzynarodowym. Polska powinna uzyska\u0107 odszkodowania za zniszczenia dokonane przez Niemc\u00f3w &nbsp;&nbsp;w&nbsp;latach 1939-1945. Raport [&hellip;]\" \/>\n<meta property=\"og:url\" content=\"https:\/\/marekkuchcinski.pl\/uk\/wydarzenia\/raport-o-stratach-polski-w-ii-ws-polska-stracila-6-bln-220-mld-609-milionow-pln-na-wojnie\/\" \/>\n<meta property=\"og:site_name\" content=\"Marek Kuchci\u0144ski\" \/>\n<meta property=\"article:published_time\" content=\"2022-09-02T14:32:01+00:00\" \/>\n<meta property=\"article:modified_time\" content=\"2022-09-02T14:51:47+00:00\" \/>\n<meta property=\"og:image\" content=\"https:\/\/marekkuchcinski.pl\/wp-content\/uploads\/2022\/09\/Warszawa_edited.jpg\" \/>\n\t<meta property=\"og:image:width\" content=\"639\" \/>\n\t<meta property=\"og:image:height\" content=\"426\" \/>\n\t<meta property=\"og:image:type\" content=\"image\/jpeg\" \/>\n<meta name=\"author\" content=\"Marta Olejnik\" \/>\n<meta name=\"twitter:card\" content=\"summary_large_image\" \/>\n<meta name=\"twitter:label1\" content=\"Written by\" \/>\n\t<meta name=\"twitter:data1\" content=\"Marta Olejnik\" \/>\n\t<meta name=\"twitter:label2\" content=\"Est. reading time\" \/>\n\t<meta name=\"twitter:data2\" content=\"3 minutes\" \/>\n<script type=\"application\/ld+json\" class=\"yoast-schema-graph\">{\"@context\":\"https:\\\/\\\/schema.org\",\"@graph\":[{\"@type\":\"Article\",\"@id\":\"https:\\\/\\\/marekkuchcinski.pl\\\/wydarzenia\\\/raport-o-stratach-polski-w-ii-ws-polska-stracila-6-bln-220-mld-609-milionow-pln-na-wojnie\\\/#article\",\"isPartOf\":{\"@id\":\"https:\\\/\\\/marekkuchcinski.pl\\\/wydarzenia\\\/raport-o-stratach-polski-w-ii-ws-polska-stracila-6-bln-220-mld-609-milionow-pln-na-wojnie\\\/\"},\"author\":{\"name\":\"Marta Olejnik\",\"@id\":\"https:\\\/\\\/marekkuchcinski.pl\\\/#\\\/schema\\\/person\\\/bd3f15dee67fee76e83c8350d0154101\"},\"headline\":\"RAPORT: Polska w II W\u015a straci\u0142a 6 bln 220 mld 609 mln PLN\",\"datePublished\":\"2022-09-02T14:32:01+00:00\",\"dateModified\":\"2022-09-02T14:51:47+00:00\",\"mainEntityOfPage\":{\"@id\":\"https:\\\/\\\/marekkuchcinski.pl\\\/wydarzenia\\\/raport-o-stratach-polski-w-ii-ws-polska-stracila-6-bln-220-mld-609-milionow-pln-na-wojnie\\\/\"},\"wordCount\":384,\"commentCount\":0,\"publisher\":{\"@id\":\"https:\\\/\\\/marekkuchcinski.pl\\\/#organization\"},\"image\":{\"@id\":\"https:\\\/\\\/marekkuchcinski.pl\\\/wydarzenia\\\/raport-o-stratach-polski-w-ii-ws-polska-stracila-6-bln-220-mld-609-milionow-pln-na-wojnie\\\/#primaryimage\"},\"thumbnailUrl\":\"https:\\\/\\\/marekkuchcinski.pl\\\/wp-content\\\/uploads\\\/2022\\\/09\\\/Warszawa_edited.jpg\",\"articleSection\":[\"Wsp\u00f3\u0142praca mi\u0119dzynarodowa\",\"Wydarzenia\"],\"inLanguage\":\"uk\",\"potentialAction\":[{\"@type\":\"CommentAction\",\"name\":\"Comment\",\"target\":[\"https:\\\/\\\/marekkuchcinski.pl\\\/wydarzenia\\\/raport-o-stratach-polski-w-ii-ws-polska-stracila-6-bln-220-mld-609-milionow-pln-na-wojnie\\\/#respond\"]}]},{\"@type\":\"WebPage\",\"@id\":\"https:\\\/\\\/marekkuchcinski.pl\\\/wydarzenia\\\/raport-o-stratach-polski-w-ii-ws-polska-stracila-6-bln-220-mld-609-milionow-pln-na-wojnie\\\/\",\"url\":\"https:\\\/\\\/marekkuchcinski.pl\\\/wydarzenia\\\/raport-o-stratach-polski-w-ii-ws-polska-stracila-6-bln-220-mld-609-milionow-pln-na-wojnie\\\/\",\"name\":\"RAPORT: Polska w II W\u015a straci\u0142a 6 bln 220 mld 609 mln PLN &#8211; Marek Kuchci\u0144ski\",\"isPartOf\":{\"@id\":\"https:\\\/\\\/marekkuchcinski.pl\\\/#website\"},\"primaryImageOfPage\":{\"@id\":\"https:\\\/\\\/marekkuchcinski.pl\\\/wydarzenia\\\/raport-o-stratach-polski-w-ii-ws-polska-stracila-6-bln-220-mld-609-milionow-pln-na-wojnie\\\/#primaryimage\"},\"image\":{\"@id\":\"https:\\\/\\\/marekkuchcinski.pl\\\/wydarzenia\\\/raport-o-stratach-polski-w-ii-ws-polska-stracila-6-bln-220-mld-609-milionow-pln-na-wojnie\\\/#primaryimage\"},\"thumbnailUrl\":\"https:\\\/\\\/marekkuchcinski.pl\\\/wp-content\\\/uploads\\\/2022\\\/09\\\/Warszawa_edited.jpg\",\"datePublished\":\"2022-09-02T14:32:01+00:00\",\"dateModified\":\"2022-09-02T14:51:47+00:00\",\"breadcrumb\":{\"@id\":\"https:\\\/\\\/marekkuchcinski.pl\\\/wydarzenia\\\/raport-o-stratach-polski-w-ii-ws-polska-stracila-6-bln-220-mld-609-milionow-pln-na-wojnie\\\/#breadcrumb\"},\"inLanguage\":\"uk\",\"potentialAction\":[{\"@type\":\"ReadAction\",\"target\":[\"https:\\\/\\\/marekkuchcinski.pl\\\/wydarzenia\\\/raport-o-stratach-polski-w-ii-ws-polska-stracila-6-bln-220-mld-609-milionow-pln-na-wojnie\\\/\"]}]},{\"@type\":\"ImageObject\",\"inLanguage\":\"uk\",\"@id\":\"https:\\\/\\\/marekkuchcinski.pl\\\/wydarzenia\\\/raport-o-stratach-polski-w-ii-ws-polska-stracila-6-bln-220-mld-609-milionow-pln-na-wojnie\\\/#primaryimage\",\"url\":\"https:\\\/\\\/marekkuchcinski.pl\\\/wp-content\\\/uploads\\\/2022\\\/09\\\/Warszawa_edited.jpg\",\"contentUrl\":\"https:\\\/\\\/marekkuchcinski.pl\\\/wp-content\\\/uploads\\\/2022\\\/09\\\/Warszawa_edited.jpg\",\"width\":639,\"height\":426},{\"@type\":\"BreadcrumbList\",\"@id\":\"https:\\\/\\\/marekkuchcinski.pl\\\/wydarzenia\\\/raport-o-stratach-polski-w-ii-ws-polska-stracila-6-bln-220-mld-609-milionow-pln-na-wojnie\\\/#breadcrumb\",\"itemListElement\":[{\"@type\":\"ListItem\",\"position\":1,\"name\":\"Strona g\u0142\u00f3wna\",\"item\":\"https:\\\/\\\/marekkuchcinski.pl\\\/\"},{\"@type\":\"ListItem\",\"position\":2,\"name\":\"RAPORT: Polska w II W\u015a straci\u0142a 6 bln 220 mld 609 mln PLN\"}]},{\"@type\":\"WebSite\",\"@id\":\"https:\\\/\\\/marekkuchcinski.pl\\\/#website\",\"url\":\"https:\\\/\\\/marekkuchcinski.pl\\\/\",\"name\":\"Marek Kuchci\u0144ski\",\"description\":\"Marek Kuchci\u0144ski \",\"publisher\":{\"@id\":\"https:\\\/\\\/marekkuchcinski.pl\\\/#organization\"},\"potentialAction\":[{\"@type\":\"SearchAction\",\"target\":{\"@type\":\"EntryPoint\",\"urlTemplate\":\"https:\\\/\\\/marekkuchcinski.pl\\\/?s={search_term_string}\"},\"query-input\":{\"@type\":\"PropertyValueSpecification\",\"valueRequired\":true,\"valueName\":\"search_term_string\"}}],\"inLanguage\":\"uk\"},{\"@type\":\"Organization\",\"@id\":\"https:\\\/\\\/marekkuchcinski.pl\\\/#organization\",\"name\":\"Marek Kuchci\u0144ski\",\"url\":\"https:\\\/\\\/marekkuchcinski.pl\\\/\",\"logo\":{\"@type\":\"ImageObject\",\"inLanguage\":\"uk\",\"@id\":\"https:\\\/\\\/marekkuchcinski.pl\\\/#\\\/schema\\\/logo\\\/image\\\/\",\"url\":\"https:\\\/\\\/marekkuchcinski.pl\\\/wp-content\\\/uploads\\\/2022\\\/09\\\/Marek.jpg\",\"contentUrl\":\"https:\\\/\\\/marekkuchcinski.pl\\\/wp-content\\\/uploads\\\/2022\\\/09\\\/Marek.jpg\",\"width\":1600,\"height\":971,\"caption\":\"Marek Kuchci\u0144ski\"},\"image\":{\"@id\":\"https:\\\/\\\/marekkuchcinski.pl\\\/#\\\/schema\\\/logo\\\/image\\\/\"}},{\"@type\":\"Person\",\"@id\":\"https:\\\/\\\/marekkuchcinski.pl\\\/#\\\/schema\\\/person\\\/bd3f15dee67fee76e83c8350d0154101\",\"name\":\"Marta Olejnik\",\"image\":{\"@type\":\"ImageObject\",\"inLanguage\":\"uk\",\"@id\":\"https:\\\/\\\/secure.gravatar.com\\\/avatar\\\/24754edd6080383402e292374b406b553027d572e97d60e7aa89a6940e88659a?s=96&d=mm&r=g\",\"url\":\"https:\\\/\\\/secure.gravatar.com\\\/avatar\\\/24754edd6080383402e292374b406b553027d572e97d60e7aa89a6940e88659a?s=96&d=mm&r=g\",\"contentUrl\":\"https:\\\/\\\/secure.gravatar.com\\\/avatar\\\/24754edd6080383402e292374b406b553027d572e97d60e7aa89a6940e88659a?s=96&d=mm&r=g\",\"caption\":\"Marta Olejnik\"},\"url\":\"https:\\\/\\\/marekkuchcinski.pl\\\/uk\\\/author\\\/marta\\\/\"}]}<\/script>\n<!-- \/ Yoast SEO plugin. -->","yoast_head_json":{"title":"RAPORT: Polska w II W\u015a straci\u0142a 6 bln 220 mld 609 mln PLN &#8211; Marek Kuchci\u0144ski","robots":{"index":"index","follow":"follow","max-snippet":"max-snippet:-1","max-image-preview":"max-image-preview:large","max-video-preview":"max-video-preview:-1"},"canonical":"https:\/\/marekkuchcinski.pl\/uk\/wydarzenia\/raport-o-stratach-polski-w-ii-ws-polska-stracila-6-bln-220-mld-609-milionow-pln-na-wojnie\/","og_locale":"uk_UA","og_type":"article","og_title":"RAPORT: Polska w II W\u015a straci\u0142a 6 bln 220 mld 609 mln PLN &#8211; Marek Kuchci\u0144ski","og_description":"Raport o stratach poniesionych przez Polsk\u0119 w wyniku agresji i okupacji niemieckiej w czasie II wojny \u015bwiatowej 1939-1945 zosta\u0142 opracowany, poniewa\u017c II wojna \u015bwiatowa zako\u0144czy\u0142a si\u0119 wielk\u0105 niesprawiedliwo\u015bci\u0105. Nigdy nie zosta\u0142a odpowiednio rozliczona. &nbsp;Polska podj\u0119\u0142a decyzj\u0119 o postawieniu tej sprawy na forum mi\u0119dzynarodowym. Polska powinna uzyska\u0107 odszkodowania za zniszczenia dokonane przez Niemc\u00f3w &nbsp;&nbsp;w&nbsp;latach 1939-1945. Raport [&hellip;]","og_url":"https:\/\/marekkuchcinski.pl\/uk\/wydarzenia\/raport-o-stratach-polski-w-ii-ws-polska-stracila-6-bln-220-mld-609-milionow-pln-na-wojnie\/","og_site_name":"Marek Kuchci\u0144ski","article_published_time":"2022-09-02T14:32:01+00:00","article_modified_time":"2022-09-02T14:51:47+00:00","og_image":[{"width":639,"height":426,"url":"https:\/\/marekkuchcinski.pl\/wp-content\/uploads\/2022\/09\/Warszawa_edited.jpg","type":"image\/jpeg"}],"author":"Marta Olejnik","twitter_card":"summary_large_image","twitter_misc":{"Written by":"Marta Olejnik","Est. reading time":"3 minutes"},"schema":{"@context":"https:\/\/schema.org","@graph":[{"@type":"Article","@id":"https:\/\/marekkuchcinski.pl\/wydarzenia\/raport-o-stratach-polski-w-ii-ws-polska-stracila-6-bln-220-mld-609-milionow-pln-na-wojnie\/#article","isPartOf":{"@id":"https:\/\/marekkuchcinski.pl\/wydarzenia\/raport-o-stratach-polski-w-ii-ws-polska-stracila-6-bln-220-mld-609-milionow-pln-na-wojnie\/"},"author":{"name":"Marta Olejnik","@id":"https:\/\/marekkuchcinski.pl\/#\/schema\/person\/bd3f15dee67fee76e83c8350d0154101"},"headline":"RAPORT: Polska w II W\u015a straci\u0142a 6 bln 220 mld 609 mln PLN","datePublished":"2022-09-02T14:32:01+00:00","dateModified":"2022-09-02T14:51:47+00:00","mainEntityOfPage":{"@id":"https:\/\/marekkuchcinski.pl\/wydarzenia\/raport-o-stratach-polski-w-ii-ws-polska-stracila-6-bln-220-mld-609-milionow-pln-na-wojnie\/"},"wordCount":384,"commentCount":0,"publisher":{"@id":"https:\/\/marekkuchcinski.pl\/#organization"},"image":{"@id":"https:\/\/marekkuchcinski.pl\/wydarzenia\/raport-o-stratach-polski-w-ii-ws-polska-stracila-6-bln-220-mld-609-milionow-pln-na-wojnie\/#primaryimage"},"thumbnailUrl":"https:\/\/marekkuchcinski.pl\/wp-content\/uploads\/2022\/09\/Warszawa_edited.jpg","articleSection":["Wsp\u00f3\u0142praca mi\u0119dzynarodowa","Wydarzenia"],"inLanguage":"uk","potentialAction":[{"@type":"CommentAction","name":"Comment","target":["https:\/\/marekkuchcinski.pl\/wydarzenia\/raport-o-stratach-polski-w-ii-ws-polska-stracila-6-bln-220-mld-609-milionow-pln-na-wojnie\/#respond"]}]},{"@type":"WebPage","@id":"https:\/\/marekkuchcinski.pl\/wydarzenia\/raport-o-stratach-polski-w-ii-ws-polska-stracila-6-bln-220-mld-609-milionow-pln-na-wojnie\/","url":"https:\/\/marekkuchcinski.pl\/wydarzenia\/raport-o-stratach-polski-w-ii-ws-polska-stracila-6-bln-220-mld-609-milionow-pln-na-wojnie\/","name":"RAPORT: Polska w II W\u015a straci\u0142a 6 bln 220 mld 609 mln PLN &#8211; Marek Kuchci\u0144ski","isPartOf":{"@id":"https:\/\/marekkuchcinski.pl\/#website"},"primaryImageOfPage":{"@id":"https:\/\/marekkuchcinski.pl\/wydarzenia\/raport-o-stratach-polski-w-ii-ws-polska-stracila-6-bln-220-mld-609-milionow-pln-na-wojnie\/#primaryimage"},"image":{"@id":"https:\/\/marekkuchcinski.pl\/wydarzenia\/raport-o-stratach-polski-w-ii-ws-polska-stracila-6-bln-220-mld-609-milionow-pln-na-wojnie\/#primaryimage"},"thumbnailUrl":"https:\/\/marekkuchcinski.pl\/wp-content\/uploads\/2022\/09\/Warszawa_edited.jpg","datePublished":"2022-09-02T14:32:01+00:00","dateModified":"2022-09-02T14:51:47+00:00","breadcrumb":{"@id":"https:\/\/marekkuchcinski.pl\/wydarzenia\/raport-o-stratach-polski-w-ii-ws-polska-stracila-6-bln-220-mld-609-milionow-pln-na-wojnie\/#breadcrumb"},"inLanguage":"uk","potentialAction":[{"@type":"ReadAction","target":["https:\/\/marekkuchcinski.pl\/wydarzenia\/raport-o-stratach-polski-w-ii-ws-polska-stracila-6-bln-220-mld-609-milionow-pln-na-wojnie\/"]}]},{"@type":"ImageObject","inLanguage":"uk","@id":"https:\/\/marekkuchcinski.pl\/wydarzenia\/raport-o-stratach-polski-w-ii-ws-polska-stracila-6-bln-220-mld-609-milionow-pln-na-wojnie\/#primaryimage","url":"https:\/\/marekkuchcinski.pl\/wp-content\/uploads\/2022\/09\/Warszawa_edited.jpg","contentUrl":"https:\/\/marekkuchcinski.pl\/wp-content\/uploads\/2022\/09\/Warszawa_edited.jpg","width":639,"height":426},{"@type":"BreadcrumbList","@id":"https:\/\/marekkuchcinski.pl\/wydarzenia\/raport-o-stratach-polski-w-ii-ws-polska-stracila-6-bln-220-mld-609-milionow-pln-na-wojnie\/#breadcrumb","itemListElement":[{"@type":"ListItem","position":1,"name":"Strona g\u0142\u00f3wna","item":"https:\/\/marekkuchcinski.pl\/"},{"@type":"ListItem","position":2,"name":"RAPORT: Polska w II W\u015a straci\u0142a 6 bln 220 mld 609 mln PLN"}]},{"@type":"WebSite","@id":"https:\/\/marekkuchcinski.pl\/#website","url":"https:\/\/marekkuchcinski.pl\/","name":"Marek Kuchci\u0144ski","description":"Marek Kuchci\u0144ski","publisher":{"@id":"https:\/\/marekkuchcinski.pl\/#organization"},"potentialAction":[{"@type":"SearchAction","target":{"@type":"EntryPoint","urlTemplate":"https:\/\/marekkuchcinski.pl\/?s={search_term_string}"},"query-input":{"@type":"PropertyValueSpecification","valueRequired":true,"valueName":"search_term_string"}}],"inLanguage":"uk"},{"@type":"Organization","@id":"https:\/\/marekkuchcinski.pl\/#organization","name":"Marek Kuchci\u0144ski","url":"https:\/\/marekkuchcinski.pl\/","logo":{"@type":"ImageObject","inLanguage":"uk","@id":"https:\/\/marekkuchcinski.pl\/#\/schema\/logo\/image\/","url":"https:\/\/marekkuchcinski.pl\/wp-content\/uploads\/2022\/09\/Marek.jpg","contentUrl":"https:\/\/marekkuchcinski.pl\/wp-content\/uploads\/2022\/09\/Marek.jpg","width":1600,"height":971,"caption":"Marek Kuchci\u0144ski"},"image":{"@id":"https:\/\/marekkuchcinski.pl\/#\/schema\/logo\/image\/"}},{"@type":"Person","@id":"https:\/\/marekkuchcinski.pl\/#\/schema\/person\/bd3f15dee67fee76e83c8350d0154101","name":"Marta Olejnik","image":{"@type":"ImageObject","inLanguage":"uk","@id":"https:\/\/secure.gravatar.com\/avatar\/24754edd6080383402e292374b406b553027d572e97d60e7aa89a6940e88659a?s=96&d=mm&r=g","url":"https:\/\/secure.gravatar.com\/avatar\/24754edd6080383402e292374b406b553027d572e97d60e7aa89a6940e88659a?s=96&d=mm&r=g","contentUrl":"https:\/\/secure.gravatar.com\/avatar\/24754edd6080383402e292374b406b553027d572e97d60e7aa89a6940e88659a?s=96&d=mm&r=g","caption":"Marta Olejnik"},"url":"https:\/\/marekkuchcinski.pl\/uk\/author\/marta\/"}]}},"_links":{"self":[{"href":"https:\/\/marekkuchcinski.pl\/uk\/wp-json\/wp\/v2\/posts\/26076","targetHints":{"allow":["GET"]}}],"collection":[{"href":"https:\/\/marekkuchcinski.pl\/uk\/wp-json\/wp\/v2\/posts"}],"about":[{"href":"https:\/\/marekkuchcinski.pl\/uk\/wp-json\/wp\/v2\/types\/post"}],"author":[{"embeddable":true,"href":"https:\/\/marekkuchcinski.pl\/uk\/wp-json\/wp\/v2\/users\/3"}],"replies":[{"embeddable":true,"href":"https:\/\/marekkuchcinski.pl\/uk\/wp-json\/wp\/v2\/comments?post=26076"}],"version-history":[{"count":8,"href":"https:\/\/marekkuchcinski.pl\/uk\/wp-json\/wp\/v2\/posts\/26076\/revisions"}],"predecessor-version":[{"id":26096,"href":"https:\/\/marekkuchcinski.pl\/uk\/wp-json\/wp\/v2\/posts\/26076\/revisions\/26096"}],"wp:featuredmedia":[{"embeddable":true,"href":"https:\/\/marekkuchcinski.pl\/uk\/wp-json\/wp\/v2\/media\/26093"}],"wp:attachment":[{"href":"https:\/\/marekkuchcinski.pl\/uk\/wp-json\/wp\/v2\/media?parent=26076"}],"wp:term":[{"taxonomy":"category","embeddable":true,"href":"https:\/\/marekkuchcinski.pl\/uk\/wp-json\/wp\/v2\/categories?post=26076"},{"taxonomy":"post_tag","embeddable":true,"href":"https:\/\/marekkuchcinski.pl\/uk\/wp-json\/wp\/v2\/tags?post=26076"}],"curies":[{"name":"wp","href":"https:\/\/api.w.org\/{rel}","templated":true}]}}