{"id":25589,"date":"2022-06-29T23:30:46","date_gmt":"2022-06-29T21:30:46","guid":{"rendered":"https:\/\/marekkuchcinski.pl\/?p=25589"},"modified":"2022-06-29T23:30:48","modified_gmt":"2022-06-29T21:30:48","slug":"o-dziedzictwie-kulturowo-przyrodniczym-i-obrazach-karpat-w-tworczosci-wybitnych-postaci-3-lipca-w-cisowej-na-podkarpaciu","status":"publish","type":"post","link":"https:\/\/marekkuchcinski.pl\/uk\/wydarzenia\/o-dziedzictwie-kulturowo-przyrodniczym-i-obrazach-karpat-w-tworczosci-wybitnych-postaci-3-lipca-w-cisowej-na-podkarpaciu\/","title":{"rendered":"\u041f\u0440\u043e \u043a\u0443\u043b\u044c\u0442\u0443\u0440\u043d\u043e-\u043f\u0440\u0438\u0440\u043e\u0434\u043d\u0443 \u0441\u043f\u0430\u0434\u0449\u0438\u043d\u0443 \u0442\u0430 \u043e\u0431\u0440\u0430\u0437\u0438 \u041a\u0430\u0440\u043f\u0430\u0442 \u0443 \u0442\u0432\u043e\u0440\u0447\u043e\u0441\u0442\u0456 \u0432\u0438\u0434\u0430\u0442\u043d\u0438\u0445 \u043e\u0441\u043e\u0431\u0438\u0441\u0442\u043e\u0441\u0442\u0435\u0439 - 3 \u043b\u0438\u043f\u043d\u044f \u0443 \u043c. \u0426\u0438\u0441\u043e\u0432\u0430 \u043d\u0430 \u041f\u0456\u0434\u043a\u0430\u0440\u043f\u0430\u0442\u0442\u0456."},"content":{"rendered":"<p>\u041f\u0435\u0440\u0435\u043c\u0438\u0448\u043b\u044c\u0441\u044c\u043a\u0435 \u043a\u0443\u043b\u044c\u0442\u0443\u0440\u043d\u0435 \u0442\u043e\u0432\u0430\u0440\u0438\u0441\u0442\u0432\u043e \u043e\u0440\u0433\u0430\u043d\u0456\u0437\u043e\u0432\u0443\u0454 \u0441\u0435\u0440\u0456\u044e \u0437\u0443\u0441\u0442\u0440\u0456\u0447\u0435\u0439, \u043f\u0440\u0438\u0441\u0432\u044f\u0447\u0435\u043d\u0438\u0445<br>\u043f\u043e\u0434\u0456\u0439 \u0442\u0430 \u043b\u044e\u0434\u0435\u0439 \u0437 \u043d\u0430\u0448\u043e\u0433\u043e \u0440\u0435\u0433\u0456\u043e\u043d\u0443 \u0432 \u041a\u0430\u0440\u043f\u0430\u0442\u0441\u044c\u043a\u0456\u0439 \u0404\u0432\u0440\u043e\u043f\u0456. \u041f\u0435\u0440\u0448\u0430 \u0441\u0435\u0441\u0456\u044f \u0446\u0456\u0454\u0457 \u0441\u0435\u0440\u0456\u0457<br>\u0432\u0456\u0434\u0431\u0443\u0432\u0441\u044f 13 \u0442\u0440\u0430\u0432\u043d\u044f \u0446\u044c\u043e\u0433\u043e \u0440\u043e\u043a\u0443 \u0440\u0430\u0437\u043e\u043c \u0437 XXXIII \u041a\u043e\u043d\u0444\u0435\u0440\u0435\u043d\u0446\u0456\u0454\u044e \u041a\u0430\u0440\u043f\u0430\u0442\u0441\u044c\u043a\u043e\u0457 \u0404\u0432\u0440\u043e\u043f\u0438 \u0432 \u043c. \u041a\u0440\u0430\u0441\u0456\u0447\u0438\u043d, \u0434\u0435 \u0432\u0456\u0434\u0431\u0443\u043b\u0430\u0441\u044f<br>\u043e\u0431\u0433\u043e\u0432\u043e\u0440\u0438\u043b\u0438 \u0440\u0456\u0437\u043d\u043e\u043c\u0430\u043d\u0456\u0442\u0442\u044f \u041a\u0430\u0440\u043f\u0430\u0442 \u0442\u0430 \u0446\u0438\u0432\u0456\u043b\u0456\u0437\u0430\u0446\u0456\u0439\u043d\u0456 \u043c\u0456\u0433\u0440\u0430\u0446\u0456\u0457 \u0447\u0435\u0440\u0435\u0437 \u041a\u0430\u0440\u043f\u0430\u0442\u0438<br>\u043a\u0440\u0430\u0457\u043d\u0438.<br>\u0414\u0440\u0443\u0433\u0430 \u0437\u0443\u0441\u0442\u0440\u0456\u0447 \u0431\u0443\u0434\u0435 \u043f\u0456\u043a\u043d\u0456\u043a\u043e\u043c \u043d\u0430 \u0441\u0432\u0456\u0436\u043e\u043c\u0443 \u043f\u043e\u0432\u0456\u0442\u0440\u0456 \u0456 \u0432\u0456\u0434\u0431\u0443\u0434\u0435\u0442\u044c\u0441\u044f 3<br>\u043b\u0438\u043f\u043d\u044f \u0446.\u0440. \u043e 14:00 \u0432 \u0426\u0438\u0441\u043e\u0432\u0456 \u043f\u043e\u0431\u043b\u0438\u0437\u0443 \u041f\u0435\u0440\u0435\u043c\u0438\u0448\u043b\u044f - \u0444\u0456\u043b\u0456\u0430\u043b \u0414\u0435\u043d\u0434\u0440\u043e\u043b\u043e\u0433\u0456\u0447\u043d\u043e-\u0444\u0456\u0437\u0456\u043e\u0433\u0440\u0430\u0444\u0456\u0447\u043d\u043e\u0433\u043e \u0432\u0456\u0434\u0434\u0456\u043b\u0443<br>\u0443 \u0411\u043e\u043b\u0435\u0441\u0442\u0440\u0430\u0448\u0438\u0446\u044f\u0445, \u0437\u0430\u043f\u043e\u0432\u0456\u0434\u043d\u0438\u043a\u0443 \u0442\u0438\u0448\u0456 \u0442\u0430 \u043f\u0440\u0438\u0440\u043e\u0434\u043d\u043e\u0457 \u043a\u0440\u0430\u0441\u0438. \u041c\u0438 \u043f\u043b\u0430\u043d\u0443\u0454\u043c\u043e \u0434\u0432\u0456 \u0442\u0435\u043c\u0438:<br>1\/ \u041f\u0440\u043e \u043a\u0443\u043b\u044c\u0442\u0443\u0440\u043d\u0443 \u0442\u0430 \u043f\u0440\u0438\u0440\u043e\u0434\u043d\u0443 \u0441\u043f\u0430\u0434\u0449\u0438\u043d\u0443, \u043f\u0440\u0438\u043a\u043b\u0430\u0434\u043e\u043c \u044f\u043a\u043e\u0457 \u0454 \u0442\u0432\u043e\u0440\u0447\u0456\u0441\u0442\u044c, \u0437\u043e\u043a\u0440\u0435\u043c\u0430, \u0406\u043e\u0430\u043d\u043d\u0430<br>\u0413\u0432\u0430\u043b\u044c\u0431\u0435\u0440\u0442 \u041f\u0430\u0432\u043b\u0456\u043a\u043e\u0432\u0441\u044c\u043a\u0438\u0439 \u0442\u0430 \u0404\u0436\u0438 \u041f\u0454\u0440\u0435\u0446\u044c\u043a\u0438\u0439.<br>2\/ \u041e\u0431\u0440\u0430\u0437\u0438 \u041a\u0430\u0440\u043f\u0430\u0442\u0441\u044c\u043a\u0438\u0445 \u0433\u0456\u0440 \u0443 \u0442\u0432\u043e\u0440\u0447\u043e\u0441\u0442\u0456 \u0432\u0438\u0434\u0430\u0442\u043d\u0438\u0445 \u0434\u0456\u044f\u0447\u0456\u0432, \u0437\u043e\u043a\u0440\u0435\u043c\u0430 \u0421\u0442\u0430\u043d\u0456\u0441\u043b\u0430\u0432\u0430 \u0412\u0456\u043d\u0446\u0435\u043d\u0437\u0430,<br>\u041a\u0430\u0437\u0438\u043c\u0438\u0440\u0430 \u0412\u0454\u0436\u0438\u043d\u0441\u044c\u043a\u043e\u0433\u043e \u0442\u0430 \u0441\u0432\u044f\u0442\u043e\u0433\u043e \u0406\u0432\u0430\u043d\u0430 \u041f\u0430\u0432\u043b\u0430 \u0406\u0406.<br>\u0423 \u0437\u0443\u0441\u0442\u0440\u0456\u0447\u0456 \u0432\u0456\u0437\u044c\u043c\u0443\u0442\u044c \u0443\u0447\u0430\u0441\u0442\u044c \u043f\u0440\u043e\u0444\u0435\u0441\u043e\u0440\u0438 \u041a\u0448\u0438\u0448\u0442\u043e\u0444 \u0414\u0438\u0431\u0447\u0430\u043a \u0442\u0430 \u0427\u0430\u0431\u0430 \u0414\u044c\u043e\u0440\u0434\u044c \u041a\u0456\u0448<br>\u0437 \u0411\u0443\u0434\u0430\u043f\u0435\u0448\u0442\u0430 \u0434-\u0440 \u041d\u0430\u0440\u0446\u0438\u0441 \u041f\u0456\u043e\u0440\u0435\u0446\u043a\u0456 \u0442\u0430 \u0412\u0430\u043b\u044c\u0434\u0435\u043c\u0430\u0440 \u0412\u0456\u0433\u043b\u0443\u0448.<br>\u0417\u0430\u043f\u0440\u043e\u0448\u0443\u0454\u043c\u043e \u0412\u0430\u0441 \u0432\u0437\u044f\u0442\u0438 \u0443\u0447\u0430\u0441\u0442\u044c \u0443 \u043d\u0430\u0448\u043e\u043c\u0443 \u0437\u0430\u0441\u0456\u0434\u0430\u043d\u043d\u0456, \u043d\u0430 \u044f\u043a\u043e\u043c\u0443<br>\u0420\u0430\u0437\u043e\u043c \u043c\u0438 \u043f\u043e\u043c\u0456\u0440\u043a\u0443\u0454\u043c\u043e \u043d\u0430\u0434 \u043d\u0430\u0448\u043e\u044e \u043f\u0440\u0438\u0440\u043e\u0434\u043d\u043e\u044e \u0456 \u043a\u0443\u043b\u044c\u0442\u0443\u0440\u043d\u043e\u044e \u0441\u043f\u0430\u0434\u0449\u0438\u043d\u043e\u044e \u0442\u0430 \u043d\u0430\u0448\u0438\u043c \u0432\u043d\u0435\u0441\u043a\u043e\u043c<br>\u0443 \u0437\u0430\u0445\u0438\u0441\u0442\u0456 \u043d\u0430\u0432\u043a\u043e\u043b\u0438\u0448\u043d\u044c\u043e\u0433\u043e \u0441\u0435\u0440\u0435\u0434\u043e\u0432\u0438\u0449\u0430 \u0442\u0430 \u043f\u0435\u0440\u0435\u0434\u0430\u0447\u0456 \u0446\u0456\u0454\u0457 \u0441\u043f\u0430\u0434\u0449\u0438\u043d\u0438 \u043c\u0430\u0439\u0431\u0443\u0442\u043d\u0456\u043c \u043f\u043e\u043a\u043e\u043b\u0456\u043d\u043d\u044f\u043c.<\/p>\n\n\n\n<figure class=\"wp-block-image size-large\"><a href=\"https:\/\/marekkuchcinski.pl\/wp-content\/uploads\/2022\/06\/Plakat-3-lipca.jpg\"><img fetchpriority=\"high\" decoding=\"async\" width=\"724\" height=\"1024\" src=\"https:\/\/marekkuchcinski.pl\/wp-content\/uploads\/2022\/06\/Plakat-3-lipca-724x1024.jpg\" alt=\"\" class=\"wp-image-25590\" srcset=\"https:\/\/marekkuchcinski.pl\/wp-content\/uploads\/2022\/06\/Plakat-3-lipca-724x1024.jpg 724w, https:\/\/marekkuchcinski.pl\/wp-content\/uploads\/2022\/06\/Plakat-3-lipca-212x300.jpg 212w, https:\/\/marekkuchcinski.pl\/wp-content\/uploads\/2022\/06\/Plakat-3-lipca-768x1086.jpg 768w, https:\/\/marekkuchcinski.pl\/wp-content\/uploads\/2022\/06\/Plakat-3-lipca-1087x1536.jpg 1087w, https:\/\/marekkuchcinski.pl\/wp-content\/uploads\/2022\/06\/Plakat-3-lipca-8x12.jpg 8w, https:\/\/marekkuchcinski.pl\/wp-content\/uploads\/2022\/06\/Plakat-3-lipca.jpg 1132w\" sizes=\"(max-width: 724px) 100vw, 724px\" \/><\/a><\/figure>\n\n\n\n<p><\/p>","protected":false},"excerpt":{"rendered":"<p>\u041f\u0435\u0440\u0435\u043c\u0438\u0448\u043b\u044c\u0441\u044c\u043a\u0435 \u043a\u0443\u043b\u044c\u0442\u0443\u0440\u043d\u0435 \u0442\u043e\u0432\u0430\u0440\u0438\u0441\u0442\u0432\u043e \u043e\u0440\u0433\u0430\u043d\u0456\u0437\u043e\u0432\u0443\u0454 \u0441\u0435\u0440\u0456\u044e \u0437\u0443\u0441\u0442\u0440\u0456\u0447\u0435\u0439, \u043f\u0440\u0438\u0441\u0432\u044f\u0447\u0435\u043d\u0438\u0445 \u043f\u043e\u0434\u0456\u044f\u043c \u0456 \u043b\u044e\u0434\u044f\u043c \u043d\u0430\u0448\u043e\u0433\u043e \u043a\u0440\u0430\u044e \u0432 \u0404\u0432\u0440\u043e\u043f\u0456 \u041a\u0430\u0440\u043f\u0430\u0442. \u041f\u0435\u0440\u0448\u0430 \u0441\u0435\u0441\u0456\u044f \u0446\u0456\u0454\u0457 \u0441\u0435\u0440\u0456\u0457 \u0432\u0456\u0434\u0431\u0443\u043b\u0430\u0441\u044f 13 \u0442\u0440\u0430\u0432\u043d\u044f \u0440\u0430\u0437\u043e\u043c \u0456\u0437 33-\u044e \u043a\u043e\u043d\u0444\u0435\u0440\u0435\u043d\u0446\u0456\u0454\u044e \u00ab\u0404\u0432\u0440\u043e\u043f\u0430 \u041a\u0430\u0440\u043f\u0430\u0442\u00bb \u0443 \u041a\u0440\u0430\u0441\u0456\u0447\u0438\u043d\u0456, \u0434\u0435 \u043c\u0438 \u043e\u0431\u0433\u043e\u0432\u043e\u0440\u044e\u0432\u0430\u043b\u0438 \u0440\u043e\u0437\u043c\u0430\u0457\u0442\u0442\u044f \u041a\u0430\u0440\u043f\u0430\u0442 \u0442\u0430 \u0446\u0438\u0432\u0456\u043b\u0456\u0437\u0430\u0446\u0456\u0439\u043d\u0456 \u043c\u0430\u043d\u0434\u0440\u0456\u0432\u043a\u0438 \u043a\u0430\u0440\u043f\u0430\u0442\u0441\u044c\u043a\u0438\u043c\u0438 \u043a\u0440\u0430\u0457\u043d\u0430\u043c\u0438. \u2026]<\/p>","protected":false},"author":21,"featured_media":25590,"comment_status":"open","ping_status":"open","sticky":false,"template":"","format":"standard","meta":{"ngg_post_thumbnail":0,"footnotes":""},"categories":[3],"tags":[],"class_list":["post-25589","post","type-post","status-publish","format-standard","has-post-thumbnail","hentry","category-wydarzenia"],"yoast_head":"<!-- This site is optimized with the Yoast SEO plugin v24.7 - https:\/\/yoast.com\/wordpress\/plugins\/seo\/ -->\n<title>O dziedzictwie kulturowo-przyrodniczym i obrazach Karpat w tw\u00f3rczo\u015bci wybitnych postaci - 3 lipca w Cisowej na Podkarpaciu &#8211; Marek Kuchci\u0144ski<\/title>\n<meta name=\"robots\" content=\"index, follow, max-snippet:-1, max-image-preview:large, max-video-preview:-1\" \/>\n<link rel=\"canonical\" href=\"https:\/\/marekkuchcinski.pl\/uk\/wydarzenia\/o-dziedzictwie-kulturowo-przyrodniczym-i-obrazach-karpat-w-tworczosci-wybitnych-postaci-3-lipca-w-cisowej-na-podkarpaciu\/\" \/>\n<meta property=\"og:locale\" content=\"uk_UA\" \/>\n<meta property=\"og:type\" content=\"article\" \/>\n<meta property=\"og:title\" content=\"O dziedzictwie kulturowo-przyrodniczym i obrazach Karpat w tw\u00f3rczo\u015bci wybitnych postaci - 3 lipca w Cisowej na Podkarpaciu &#8211; Marek Kuchci\u0144ski\" \/>\n<meta property=\"og:description\" content=\"Przemyskie Towarzystwo Kulturalne organizuje cykl spotka\u0144 po\u015bwi\u0119conychwydarzeniom i ludziom z naszego regionu w Europie Karpat. Pierwsza sesja z tego cykluodby\u0142a si\u0119 13 maja br., wsp\u00f3lnie z XXXIII konferencj\u0105 Europa Karpat w Krasiczynie, gdziedyskutowali\u015bmy o r\u00f3\u017cnorodno\u015bci Karpat i cywilizacyjnych w\u0119dr\u00f3wkach poprzez karpackiekraje.Drugie spotkanie b\u0119dzie mia\u0142o charakter plenerowo-piknikowy i odb\u0119dzie si\u0119 w dniu 3lipca br., o godzinie [&hellip;]\" \/>\n<meta property=\"og:url\" content=\"https:\/\/marekkuchcinski.pl\/uk\/wydarzenia\/o-dziedzictwie-kulturowo-przyrodniczym-i-obrazach-karpat-w-tworczosci-wybitnych-postaci-3-lipca-w-cisowej-na-podkarpaciu\/\" \/>\n<meta property=\"og:site_name\" content=\"Marek Kuchci\u0144ski\" \/>\n<meta property=\"article:published_time\" content=\"2022-06-29T21:30:46+00:00\" \/>\n<meta property=\"article:modified_time\" content=\"2022-06-29T21:30:48+00:00\" \/>\n<meta property=\"og:image\" content=\"https:\/\/marekkuchcinski.pl\/wp-content\/uploads\/2022\/06\/Plakat-3-lipca.jpg\" \/>\n\t<meta property=\"og:image:width\" content=\"1132\" \/>\n\t<meta property=\"og:image:height\" content=\"1600\" \/>\n\t<meta property=\"og:image:type\" content=\"image\/jpeg\" \/>\n<meta name=\"author\" content=\"Marta Olejnik\" \/>\n<meta name=\"twitter:card\" content=\"summary_large_image\" \/>\n<meta name=\"twitter:label1\" content=\"\u041d\u0430\u043f\u0438\u0441\u0430\u043d\u043e\" \/>\n\t<meta name=\"twitter:data1\" content=\"Marta Olejnik\" \/>\n\t<meta name=\"twitter:label2\" content=\"\u041f\u0440\u0438\u0431\u043b. \u0447\u0430\u0441 \u0447\u0438\u0442\u0430\u043d\u043d\u044f\" \/>\n\t<meta name=\"twitter:data2\" content=\"1 \u0445\u0432\u0438\u043b\u0438\u043d\u0430\" \/>\n<script type=\"application\/ld+json\" class=\"yoast-schema-graph\">{\"@context\":\"https:\/\/schema.org\",\"@graph\":[{\"@type\":\"Article\",\"@id\":\"https:\/\/marekkuchcinski.pl\/wydarzenia\/o-dziedzictwie-kulturowo-przyrodniczym-i-obrazach-karpat-w-tworczosci-wybitnych-postaci-3-lipca-w-cisowej-na-podkarpaciu\/#article\",\"isPartOf\":{\"@id\":\"https:\/\/marekkuchcinski.pl\/wydarzenia\/o-dziedzictwie-kulturowo-przyrodniczym-i-obrazach-karpat-w-tworczosci-wybitnych-postaci-3-lipca-w-cisowej-na-podkarpaciu\/\"},\"author\":{\"name\":\"Marta Olejnik\",\"@id\":\"https:\/\/marekkuchcinski.pl\/#\/schema\/person\/51d5d4ee3b5317b8e4dd2b48af359229\"},\"headline\":\"O dziedzictwie kulturowo-przyrodniczym i obrazach Karpat w tw\u00f3rczo\u015bci wybitnych postaci &#8211; 3 lipca w Cisowej na Podkarpaciu\",\"datePublished\":\"2022-06-29T21:30:46+00:00\",\"dateModified\":\"2022-06-29T21:30:48+00:00\",\"mainEntityOfPage\":{\"@id\":\"https:\/\/marekkuchcinski.pl\/wydarzenia\/o-dziedzictwie-kulturowo-przyrodniczym-i-obrazach-karpat-w-tworczosci-wybitnych-postaci-3-lipca-w-cisowej-na-podkarpaciu\/\"},\"wordCount\":202,\"commentCount\":0,\"publisher\":{\"@id\":\"https:\/\/marekkuchcinski.pl\/#organization\"},\"image\":{\"@id\":\"https:\/\/marekkuchcinski.pl\/wydarzenia\/o-dziedzictwie-kulturowo-przyrodniczym-i-obrazach-karpat-w-tworczosci-wybitnych-postaci-3-lipca-w-cisowej-na-podkarpaciu\/#primaryimage\"},\"thumbnailUrl\":\"https:\/\/marekkuchcinski.pl\/wp-content\/uploads\/2022\/06\/Plakat-3-lipca.jpg\",\"articleSection\":[\"Wydarzenia\"],\"inLanguage\":\"uk\",\"potentialAction\":[{\"@type\":\"CommentAction\",\"name\":\"Comment\",\"target\":[\"https:\/\/marekkuchcinski.pl\/wydarzenia\/o-dziedzictwie-kulturowo-przyrodniczym-i-obrazach-karpat-w-tworczosci-wybitnych-postaci-3-lipca-w-cisowej-na-podkarpaciu\/#respond\"]}]},{\"@type\":\"WebPage\",\"@id\":\"https:\/\/marekkuchcinski.pl\/wydarzenia\/o-dziedzictwie-kulturowo-przyrodniczym-i-obrazach-karpat-w-tworczosci-wybitnych-postaci-3-lipca-w-cisowej-na-podkarpaciu\/\",\"url\":\"https:\/\/marekkuchcinski.pl\/wydarzenia\/o-dziedzictwie-kulturowo-przyrodniczym-i-obrazach-karpat-w-tworczosci-wybitnych-postaci-3-lipca-w-cisowej-na-podkarpaciu\/\",\"name\":\"O dziedzictwie kulturowo-przyrodniczym i obrazach Karpat w tw\u00f3rczo\u015bci wybitnych postaci - 3 lipca w Cisowej na Podkarpaciu &#8211; Marek Kuchci\u0144ski\",\"isPartOf\":{\"@id\":\"https:\/\/marekkuchcinski.pl\/#website\"},\"primaryImageOfPage\":{\"@id\":\"https:\/\/marekkuchcinski.pl\/wydarzenia\/o-dziedzictwie-kulturowo-przyrodniczym-i-obrazach-karpat-w-tworczosci-wybitnych-postaci-3-lipca-w-cisowej-na-podkarpaciu\/#primaryimage\"},\"image\":{\"@id\":\"https:\/\/marekkuchcinski.pl\/wydarzenia\/o-dziedzictwie-kulturowo-przyrodniczym-i-obrazach-karpat-w-tworczosci-wybitnych-postaci-3-lipca-w-cisowej-na-podkarpaciu\/#primaryimage\"},\"thumbnailUrl\":\"https:\/\/marekkuchcinski.pl\/wp-content\/uploads\/2022\/06\/Plakat-3-lipca.jpg\",\"datePublished\":\"2022-06-29T21:30:46+00:00\",\"dateModified\":\"2022-06-29T21:30:48+00:00\",\"breadcrumb\":{\"@id\":\"https:\/\/marekkuchcinski.pl\/wydarzenia\/o-dziedzictwie-kulturowo-przyrodniczym-i-obrazach-karpat-w-tworczosci-wybitnych-postaci-3-lipca-w-cisowej-na-podkarpaciu\/#breadcrumb\"},\"inLanguage\":\"uk\",\"potentialAction\":[{\"@type\":\"ReadAction\",\"target\":[\"https:\/\/marekkuchcinski.pl\/wydarzenia\/o-dziedzictwie-kulturowo-przyrodniczym-i-obrazach-karpat-w-tworczosci-wybitnych-postaci-3-lipca-w-cisowej-na-podkarpaciu\/\"]}]},{\"@type\":\"ImageObject\",\"inLanguage\":\"uk\",\"@id\":\"https:\/\/marekkuchcinski.pl\/wydarzenia\/o-dziedzictwie-kulturowo-przyrodniczym-i-obrazach-karpat-w-tworczosci-wybitnych-postaci-3-lipca-w-cisowej-na-podkarpaciu\/#primaryimage\",\"url\":\"https:\/\/marekkuchcinski.pl\/wp-content\/uploads\/2022\/06\/Plakat-3-lipca.jpg\",\"contentUrl\":\"https:\/\/marekkuchcinski.pl\/wp-content\/uploads\/2022\/06\/Plakat-3-lipca.jpg\",\"width\":1132,\"height\":1600},{\"@type\":\"BreadcrumbList\",\"@id\":\"https:\/\/marekkuchcinski.pl\/wydarzenia\/o-dziedzictwie-kulturowo-przyrodniczym-i-obrazach-karpat-w-tworczosci-wybitnych-postaci-3-lipca-w-cisowej-na-podkarpaciu\/#breadcrumb\",\"itemListElement\":[{\"@type\":\"ListItem\",\"position\":1,\"name\":\"Strona g\u0142\u00f3wna\",\"item\":\"https:\/\/marekkuchcinski.pl\/\"},{\"@type\":\"ListItem\",\"position\":2,\"name\":\"O dziedzictwie kulturowo-przyrodniczym i obrazach Karpat w tw\u00f3rczo\u015bci wybitnych postaci &#8211; 3 lipca w Cisowej na Podkarpaciu\"}]},{\"@type\":\"WebSite\",\"@id\":\"https:\/\/marekkuchcinski.pl\/#website\",\"url\":\"https:\/\/marekkuchcinski.pl\/\",\"name\":\"Marek Kuchci\u0144ski\",\"description\":\"Pose\u0142 na sejm RP &ndash; okr\u0119g nr 22\",\"publisher\":{\"@id\":\"https:\/\/marekkuchcinski.pl\/#organization\"},\"potentialAction\":[{\"@type\":\"SearchAction\",\"target\":{\"@type\":\"EntryPoint\",\"urlTemplate\":\"https:\/\/marekkuchcinski.pl\/?s={search_term_string}\"},\"query-input\":{\"@type\":\"PropertyValueSpecification\",\"valueRequired\":true,\"valueName\":\"search_term_string\"}}],\"inLanguage\":\"uk\"},{\"@type\":\"Organization\",\"@id\":\"https:\/\/marekkuchcinski.pl\/#organization\",\"name\":\"Marek Kuchci\u0144ski\",\"url\":\"https:\/\/marekkuchcinski.pl\/\",\"logo\":{\"@type\":\"ImageObject\",\"inLanguage\":\"uk\",\"@id\":\"https:\/\/marekkuchcinski.pl\/#\/schema\/logo\/image\/\",\"url\":\"https:\/\/marekkuchcinski.pl\/wp-content\/uploads\/2022\/09\/Marek.jpg\",\"contentUrl\":\"https:\/\/marekkuchcinski.pl\/wp-content\/uploads\/2022\/09\/Marek.jpg\",\"width\":1600,\"height\":971,\"caption\":\"Marek Kuchci\u0144ski\"},\"image\":{\"@id\":\"https:\/\/marekkuchcinski.pl\/#\/schema\/logo\/image\/\"}},{\"@type\":\"Person\",\"@id\":\"https:\/\/marekkuchcinski.pl\/#\/schema\/person\/51d5d4ee3b5317b8e4dd2b48af359229\",\"name\":\"Marta Olejnik\",\"image\":{\"@type\":\"ImageObject\",\"inLanguage\":\"uk\",\"@id\":\"https:\/\/marekkuchcinski.pl\/#\/schema\/person\/image\/\",\"url\":\"https:\/\/secure.gravatar.com\/avatar\/e39914b2aa6a48959e24d475b5dc9793?s=96&d=mm&r=g\",\"contentUrl\":\"https:\/\/secure.gravatar.com\/avatar\/e39914b2aa6a48959e24d475b5dc9793?s=96&d=mm&r=g\",\"caption\":\"Marta Olejnik\"},\"url\":\"https:\/\/marekkuchcinski.pl\/uk\/author\/marta\/\"}]}<\/script>\n<!-- \/ Yoast SEO plugin. -->","yoast_head_json":{"title":"O dziedzictwie kulturowo-przyrodniczym i obrazach Karpat w tw\u00f3rczo\u015bci wybitnych postaci - 3 lipca w Cisowej na Podkarpaciu &#8211; Marek Kuchci\u0144ski","robots":{"index":"index","follow":"follow","max-snippet":"max-snippet:-1","max-image-preview":"max-image-preview:large","max-video-preview":"max-video-preview:-1"},"canonical":"https:\/\/marekkuchcinski.pl\/uk\/wydarzenia\/o-dziedzictwie-kulturowo-przyrodniczym-i-obrazach-karpat-w-tworczosci-wybitnych-postaci-3-lipca-w-cisowej-na-podkarpaciu\/","og_locale":"uk_UA","og_type":"article","og_title":"O dziedzictwie kulturowo-przyrodniczym i obrazach Karpat w tw\u00f3rczo\u015bci wybitnych postaci - 3 lipca w Cisowej na Podkarpaciu &#8211; Marek Kuchci\u0144ski","og_description":"Przemyskie Towarzystwo Kulturalne organizuje cykl spotka\u0144 po\u015bwi\u0119conychwydarzeniom i ludziom z naszego regionu w Europie Karpat. Pierwsza sesja z tego cykluodby\u0142a si\u0119 13 maja br., wsp\u00f3lnie z XXXIII konferencj\u0105 Europa Karpat w Krasiczynie, gdziedyskutowali\u015bmy o r\u00f3\u017cnorodno\u015bci Karpat i cywilizacyjnych w\u0119dr\u00f3wkach poprzez karpackiekraje.Drugie spotkanie b\u0119dzie mia\u0142o charakter plenerowo-piknikowy i odb\u0119dzie si\u0119 w dniu 3lipca br., o godzinie [&hellip;]","og_url":"https:\/\/marekkuchcinski.pl\/uk\/wydarzenia\/o-dziedzictwie-kulturowo-przyrodniczym-i-obrazach-karpat-w-tworczosci-wybitnych-postaci-3-lipca-w-cisowej-na-podkarpaciu\/","og_site_name":"Marek Kuchci\u0144ski","article_published_time":"2022-06-29T21:30:46+00:00","article_modified_time":"2022-06-29T21:30:48+00:00","og_image":[{"width":1132,"height":1600,"url":"https:\/\/marekkuchcinski.pl\/wp-content\/uploads\/2022\/06\/Plakat-3-lipca.jpg","type":"image\/jpeg"}],"author":"Marta Olejnik","twitter_card":"summary_large_image","twitter_misc":{"\u041d\u0430\u043f\u0438\u0441\u0430\u043d\u043e":"Marta Olejnik","\u041f\u0440\u0438\u0431\u043b. \u0447\u0430\u0441 \u0447\u0438\u0442\u0430\u043d\u043d\u044f":"1 \u0445\u0432\u0438\u043b\u0438\u043d\u0430"},"schema":{"@context":"https:\/\/schema.org","@graph":[{"@type":"Article","@id":"https:\/\/marekkuchcinski.pl\/wydarzenia\/o-dziedzictwie-kulturowo-przyrodniczym-i-obrazach-karpat-w-tworczosci-wybitnych-postaci-3-lipca-w-cisowej-na-podkarpaciu\/#article","isPartOf":{"@id":"https:\/\/marekkuchcinski.pl\/wydarzenia\/o-dziedzictwie-kulturowo-przyrodniczym-i-obrazach-karpat-w-tworczosci-wybitnych-postaci-3-lipca-w-cisowej-na-podkarpaciu\/"},"author":{"name":"Marta Olejnik","@id":"https:\/\/marekkuchcinski.pl\/#\/schema\/person\/51d5d4ee3b5317b8e4dd2b48af359229"},"headline":"O dziedzictwie kulturowo-przyrodniczym i obrazach Karpat w tw\u00f3rczo\u015bci wybitnych postaci &#8211; 3 lipca w Cisowej na Podkarpaciu","datePublished":"2022-06-29T21:30:46+00:00","dateModified":"2022-06-29T21:30:48+00:00","mainEntityOfPage":{"@id":"https:\/\/marekkuchcinski.pl\/wydarzenia\/o-dziedzictwie-kulturowo-przyrodniczym-i-obrazach-karpat-w-tworczosci-wybitnych-postaci-3-lipca-w-cisowej-na-podkarpaciu\/"},"wordCount":202,"commentCount":0,"publisher":{"@id":"https:\/\/marekkuchcinski.pl\/#organization"},"image":{"@id":"https:\/\/marekkuchcinski.pl\/wydarzenia\/o-dziedzictwie-kulturowo-przyrodniczym-i-obrazach-karpat-w-tworczosci-wybitnych-postaci-3-lipca-w-cisowej-na-podkarpaciu\/#primaryimage"},"thumbnailUrl":"https:\/\/marekkuchcinski.pl\/wp-content\/uploads\/2022\/06\/Plakat-3-lipca.jpg","articleSection":["Wydarzenia"],"inLanguage":"uk","potentialAction":[{"@type":"CommentAction","name":"Comment","target":["https:\/\/marekkuchcinski.pl\/wydarzenia\/o-dziedzictwie-kulturowo-przyrodniczym-i-obrazach-karpat-w-tworczosci-wybitnych-postaci-3-lipca-w-cisowej-na-podkarpaciu\/#respond"]}]},{"@type":"WebPage","@id":"https:\/\/marekkuchcinski.pl\/wydarzenia\/o-dziedzictwie-kulturowo-przyrodniczym-i-obrazach-karpat-w-tworczosci-wybitnych-postaci-3-lipca-w-cisowej-na-podkarpaciu\/","url":"https:\/\/marekkuchcinski.pl\/wydarzenia\/o-dziedzictwie-kulturowo-przyrodniczym-i-obrazach-karpat-w-tworczosci-wybitnych-postaci-3-lipca-w-cisowej-na-podkarpaciu\/","name":"O dziedzictwie kulturowo-przyrodniczym i obrazach Karpat w tw\u00f3rczo\u015bci wybitnych postaci - 3 lipca w Cisowej na Podkarpaciu &#8211; Marek Kuchci\u0144ski","isPartOf":{"@id":"https:\/\/marekkuchcinski.pl\/#website"},"primaryImageOfPage":{"@id":"https:\/\/marekkuchcinski.pl\/wydarzenia\/o-dziedzictwie-kulturowo-przyrodniczym-i-obrazach-karpat-w-tworczosci-wybitnych-postaci-3-lipca-w-cisowej-na-podkarpaciu\/#primaryimage"},"image":{"@id":"https:\/\/marekkuchcinski.pl\/wydarzenia\/o-dziedzictwie-kulturowo-przyrodniczym-i-obrazach-karpat-w-tworczosci-wybitnych-postaci-3-lipca-w-cisowej-na-podkarpaciu\/#primaryimage"},"thumbnailUrl":"https:\/\/marekkuchcinski.pl\/wp-content\/uploads\/2022\/06\/Plakat-3-lipca.jpg","datePublished":"2022-06-29T21:30:46+00:00","dateModified":"2022-06-29T21:30:48+00:00","breadcrumb":{"@id":"https:\/\/marekkuchcinski.pl\/wydarzenia\/o-dziedzictwie-kulturowo-przyrodniczym-i-obrazach-karpat-w-tworczosci-wybitnych-postaci-3-lipca-w-cisowej-na-podkarpaciu\/#breadcrumb"},"inLanguage":"uk","potentialAction":[{"@type":"ReadAction","target":["https:\/\/marekkuchcinski.pl\/wydarzenia\/o-dziedzictwie-kulturowo-przyrodniczym-i-obrazach-karpat-w-tworczosci-wybitnych-postaci-3-lipca-w-cisowej-na-podkarpaciu\/"]}]},{"@type":"ImageObject","inLanguage":"uk","@id":"https:\/\/marekkuchcinski.pl\/wydarzenia\/o-dziedzictwie-kulturowo-przyrodniczym-i-obrazach-karpat-w-tworczosci-wybitnych-postaci-3-lipca-w-cisowej-na-podkarpaciu\/#primaryimage","url":"https:\/\/marekkuchcinski.pl\/wp-content\/uploads\/2022\/06\/Plakat-3-lipca.jpg","contentUrl":"https:\/\/marekkuchcinski.pl\/wp-content\/uploads\/2022\/06\/Plakat-3-lipca.jpg","width":1132,"height":1600},{"@type":"BreadcrumbList","@id":"https:\/\/marekkuchcinski.pl\/wydarzenia\/o-dziedzictwie-kulturowo-przyrodniczym-i-obrazach-karpat-w-tworczosci-wybitnych-postaci-3-lipca-w-cisowej-na-podkarpaciu\/#breadcrumb","itemListElement":[{"@type":"ListItem","position":1,"name":"Strona g\u0142\u00f3wna","item":"https:\/\/marekkuchcinski.pl\/"},{"@type":"ListItem","position":2,"name":"O dziedzictwie kulturowo-przyrodniczym i obrazach Karpat w tw\u00f3rczo\u015bci wybitnych postaci &#8211; 3 lipca w Cisowej na Podkarpaciu"}]},{"@type":"WebSite","@id":"https:\/\/marekkuchcinski.pl\/#website","url":"https:\/\/marekkuchcinski.pl\/","name":"Marek Kuchci\u0144ski","description":"Pose\u0142 na sejm RP &ndash; okr\u0119g nr 22","publisher":{"@id":"https:\/\/marekkuchcinski.pl\/#organization"},"potentialAction":[{"@type":"SearchAction","target":{"@type":"EntryPoint","urlTemplate":"https:\/\/marekkuchcinski.pl\/?s={search_term_string}"},"query-input":{"@type":"PropertyValueSpecification","valueRequired":true,"valueName":"search_term_string"}}],"inLanguage":"uk"},{"@type":"Organization","@id":"https:\/\/marekkuchcinski.pl\/#organization","name":"Marek Kuchci\u0144ski","url":"https:\/\/marekkuchcinski.pl\/","logo":{"@type":"ImageObject","inLanguage":"uk","@id":"https:\/\/marekkuchcinski.pl\/#\/schema\/logo\/image\/","url":"https:\/\/marekkuchcinski.pl\/wp-content\/uploads\/2022\/09\/Marek.jpg","contentUrl":"https:\/\/marekkuchcinski.pl\/wp-content\/uploads\/2022\/09\/Marek.jpg","width":1600,"height":971,"caption":"Marek Kuchci\u0144ski"},"image":{"@id":"https:\/\/marekkuchcinski.pl\/#\/schema\/logo\/image\/"}},{"@type":"Person","@id":"https:\/\/marekkuchcinski.pl\/#\/schema\/person\/51d5d4ee3b5317b8e4dd2b48af359229","name":"Marta Olejnik","image":{"@type":"ImageObject","inLanguage":"uk","@id":"https:\/\/marekkuchcinski.pl\/#\/schema\/person\/image\/","url":"https:\/\/secure.gravatar.com\/avatar\/e39914b2aa6a48959e24d475b5dc9793?s=96&d=mm&r=g","contentUrl":"https:\/\/secure.gravatar.com\/avatar\/e39914b2aa6a48959e24d475b5dc9793?s=96&d=mm&r=g","caption":"Marta Olejnik"},"url":"https:\/\/marekkuchcinski.pl\/uk\/author\/marta\/"}]}},"_links":{"self":[{"href":"https:\/\/marekkuchcinski.pl\/uk\/wp-json\/wp\/v2\/posts\/25589","targetHints":{"allow":["GET"]}}],"collection":[{"href":"https:\/\/marekkuchcinski.pl\/uk\/wp-json\/wp\/v2\/posts"}],"about":[{"href":"https:\/\/marekkuchcinski.pl\/uk\/wp-json\/wp\/v2\/types\/post"}],"author":[{"embeddable":true,"href":"https:\/\/marekkuchcinski.pl\/uk\/wp-json\/wp\/v2\/users\/21"}],"replies":[{"embeddable":true,"href":"https:\/\/marekkuchcinski.pl\/uk\/wp-json\/wp\/v2\/comments?post=25589"}],"version-history":[{"count":1,"href":"https:\/\/marekkuchcinski.pl\/uk\/wp-json\/wp\/v2\/posts\/25589\/revisions"}],"predecessor-version":[{"id":25591,"href":"https:\/\/marekkuchcinski.pl\/uk\/wp-json\/wp\/v2\/posts\/25589\/revisions\/25591"}],"wp:featuredmedia":[{"embeddable":true,"href":"https:\/\/marekkuchcinski.pl\/uk\/wp-json\/wp\/v2\/media\/25590"}],"wp:attachment":[{"href":"https:\/\/marekkuchcinski.pl\/uk\/wp-json\/wp\/v2\/media?parent=25589"}],"wp:term":[{"taxonomy":"category","embeddable":true,"href":"https:\/\/marekkuchcinski.pl\/uk\/wp-json\/wp\/v2\/categories?post=25589"},{"taxonomy":"post_tag","embeddable":true,"href":"https:\/\/marekkuchcinski.pl\/uk\/wp-json\/wp\/v2\/tags?post=25589"}],"curies":[{"name":"wp","href":"https:\/\/api.w.org\/{rel}","templated":true}]}}