{"id":25481,"date":"2022-06-12T21:58:41","date_gmt":"2022-06-12T19:58:41","guid":{"rendered":"https:\/\/marekkuchcinski.pl\/?p=25481"},"modified":"2022-06-16T15:59:43","modified_gmt":"2022-06-16T13:59:43","slug":"kuchcinski-szukajac-wspoldzialania-patrzymy-na-kraje-trojmorza-ale-tez-jeszcze-szerzej","status":"publish","type":"post","link":"https:\/\/marekkuchcinski.pl\/uk\/bez-kategorii\/kuchcinski-szukajac-wspoldzialania-patrzymy-na-kraje-trojmorza-ale-tez-jeszcze-szerzej\/","title":{"rendered":"Kuchci\u0144ski: Szukaj\u0105c wsp\u00f3\u0142dzia\u0142ania, patrzymy nie tylko na kraje Tr\u00f3jmorza, ale i szerzej"},"content":{"rendered":"<figure class=\"wp-block-embed is-type-video is-provider-youtube wp-block-embed-youtube wp-embed-aspect-16-9 wp-has-aspect-ratio\"><div class=\"wp-block-embed__wrapper\">\n<iframe title=\"Marek Kuchci\u0144ski: szukaj\u0105c wsp\u00f3\u0142dzia\u0142ania, patrzymy na kraje Tr\u00f3jmorza, ale te\u017c jeszcze szerzej\" width=\"800\" height=\"450\" src=\"https:\/\/www.youtube.com\/embed\/WzjCktYo_8c?feature=oembed\" frameborder=\"0\" allow=\"accelerometer; autoplay; clipboard-write; encrypted-media; gyroscope; picture-in-picture\" allowfullscreen><\/iframe>\n<\/div><\/figure>\n\n\n\n<p class=\"wp-block-paragraph\">Wyzwaniem jest dzi\u015b wsp\u00f3\u0142praca i komunikacja pa\u0144stw na osi p\u00f3\u0142noc-po\u0142udnie, a nie, jak do tej pory, ta oparta tylko na budowaniu osi wsch\u00f3d-zach\u00f3d &#8211; m\u00f3wi\u0142 w Polskim Radiu 24 Marek Kuchci\u0144ski, by\u0142y marsza\u0142ek Sejmu, pose\u0142 RP.&nbsp;<\/p>\n\n\n\n<p class=\"wp-block-paragraph\"><a href=\"https:\/\/polskieradio24.pl\/42\/259\/artykul\/2977401,trojmorze-to-pas-najszybszego-wzrostu-gospodarczego-w-ue-prezes-gpw-na-kongresie-polska-wielki-projekt\">Do 12 czerwca w Arkadach Kubickiego w Warszawie toczy\u0107 si\u0119 b\u0119d\u0105 dyskusje na temat wa\u017cnych zagadnie\u0144 dla Polski i Europy. &#8222;Nowa Europa&#8221; &#8211; to has\u0142o tegorocznego, XII Kongresu Polska Wielki Projekt.<\/a>&nbsp;<\/p>\n\n\n\n<p class=\"wp-block-paragraph\">G\u0142\u00f3wnym tematem b\u0119dzie wojna na Ukrainie. Uczestnicy wydarzenia b\u0119d\u0105 rozmawia\u0107 m.in. o nowych wyzwaniach zwi\u0105zanych ze zmienion\u0105 architektur\u0105 bezpiecze\u0144stwa na naszym kontynencie. Mowa jest o Tr\u00f3jmorzu i naszym miejscu w Europie.<\/p>\n\n\n\n<p class=\"wp-block-paragraph\">&#8211; Ca\u0142y czas szukamy mo\u017cliwo\u015bci i wsp\u00f3\u0142dzia\u0142ania pa\u0144stw w Europie \u015arodkowej. Tr\u00f3jmorze jest przedsi\u0119wzi\u0119ciem gospodarczym, a Europa Karpat (Europa \u015arodkowa) to kraje na wsch\u00f3d od Unii Europejskiej &#8211; Mo\u0142dawia, Gruzja, Ukraina, pa\u0144stwa kaukaskie i Bia\u0142oru\u015b. Patrzymy wi\u0119c nie tylko na Tr\u00f3jmorze, ale jeszcze szerzej. Wa\u017cn\u0105 zasad\u0105 jest zasada: r\u00f3wni z r\u00f3wnymi i wolni z wolnymi, Niemcy tego nie chc\u0105, Rosja te\u017c nie &#8211; m\u00f3wi\u0142 Marek Kuchci\u0144ski.<\/p>\n\n\n\n<p class=\"wp-block-paragraph\">Doda\u0142, \u017ce Francuzom tak\u017ce trudno jest dzi\u015b pogodzi\u0107 si\u0119 z now\u0105 sytuacj\u0105. W stosunkach mi\u0119dzynarodowych, jak przypomnia\u0142 pose\u0142, musi obowi\u0105zywa\u0107 zasada nienaruszalno\u015bci granic, dzi\u015b wida\u0107 jednak, \u017ce ju\u017c tak nie jest. Nale\u017cy korzysta\u0107 wi\u0119c z dyplomacji i medi\u00f3w. Przytoczy\u0142 tu przyk\u0142ad ameryka\u0144skiego Kongresu, kt\u00f3ry&nbsp;znalaz\u0142 si\u0119 pod naciskiem&nbsp;opinii publicznej i zmieni\u0142 stosunek ameryka\u0144skiego prezydenta Joe Bidena do wojny na Ukrainie.<\/p>\n\n\n\n<p class=\"wp-block-paragraph\">&#8211; Je\u015bli chodzi natomiast o nas, to wida\u0107, \u017ce nie znika potrzeba budowy po\u0142\u0105cze\u0144 komunikacyjnych na osi p\u00f3\u0142noc-po\u0142udnie. Interes rosyjsko-niemiecki opiera\u0142 si\u0119 d\u0142ugo na osi wsch\u00f3d-zach\u00f3d, ale i to si\u0119 zmienia, bo bez komunikacji nie ma wsp\u00f3\u0142pracy. Drogi i kolej s\u0105 najwa\u017cniejsze, rz\u0105dy i prezydenci je rozbudowuj\u0105, ale pod&nbsp;presj\u0105 ze strony opinii publicznej, kt\u00f3ra jest tym zainteresowana &#8211; m\u00f3wi\u0142 Marek Kuchci\u0144ski.<\/p>\n\n\n\n<figure class=\"wp-block-image size-large\"><a href=\"https:\/\/marekkuchcinski.pl\/wp-content\/uploads\/2022\/06\/www.jpg\"><img fetchpriority=\"high\" decoding=\"async\" width=\"1024\" height=\"683\" src=\"https:\/\/marekkuchcinski.pl\/wp-content\/uploads\/2022\/06\/www-1024x683.jpg\" alt=\"\" class=\"wp-image-25482\" srcset=\"https:\/\/marekkuchcinski.pl\/wp-content\/uploads\/2022\/06\/www-1024x683.jpg 1024w, https:\/\/marekkuchcinski.pl\/wp-content\/uploads\/2022\/06\/www-300x200.jpg 300w, https:\/\/marekkuchcinski.pl\/wp-content\/uploads\/2022\/06\/www-768x512.jpg 768w, https:\/\/marekkuchcinski.pl\/wp-content\/uploads\/2022\/06\/www-1536x1024.jpg 1536w, https:\/\/marekkuchcinski.pl\/wp-content\/uploads\/2022\/06\/www-18x12.jpg 18w, https:\/\/marekkuchcinski.pl\/wp-content\/uploads\/2022\/06\/www.jpg 1600w\" sizes=\"(max-width: 1024px) 100vw, 1024px\" \/><\/a><\/figure>\n\n\n\n<figure class=\"wp-block-image size-large\"><a href=\"https:\/\/marekkuchcinski.pl\/wp-content\/uploads\/2022\/06\/radio24.jpg\"><img decoding=\"async\" width=\"1024\" height=\"669\" src=\"https:\/\/marekkuchcinski.pl\/wp-content\/uploads\/2022\/06\/radio24-1024x669.jpg\" alt=\"\" class=\"wp-image-25484\" srcset=\"https:\/\/marekkuchcinski.pl\/wp-content\/uploads\/2022\/06\/radio24-1024x669.jpg 1024w, https:\/\/marekkuchcinski.pl\/wp-content\/uploads\/2022\/06\/radio24-300x196.jpg 300w, https:\/\/marekkuchcinski.pl\/wp-content\/uploads\/2022\/06\/radio24-768x502.jpg 768w, https:\/\/marekkuchcinski.pl\/wp-content\/uploads\/2022\/06\/radio24-1536x1004.jpg 1536w, https:\/\/marekkuchcinski.pl\/wp-content\/uploads\/2022\/06\/radio24-18x12.jpg 18w, https:\/\/marekkuchcinski.pl\/wp-content\/uploads\/2022\/06\/radio24.jpg 1600w\" sizes=\"(max-width: 1024px) 100vw, 1024px\" \/><\/a><\/figure>\n\n\n\n<figure class=\"wp-block-image size-large\"><a href=\"https:\/\/marekkuchcinski.pl\/wp-content\/uploads\/2022\/06\/wr2-1.jpg\"><img decoding=\"async\" width=\"1024\" height=\"640\" src=\"https:\/\/marekkuchcinski.pl\/wp-content\/uploads\/2022\/06\/wr2-1-1024x640.jpg\" alt=\"\" class=\"wp-image-25494\" srcset=\"https:\/\/marekkuchcinski.pl\/wp-content\/uploads\/2022\/06\/wr2-1-1024x640.jpg 1024w, https:\/\/marekkuchcinski.pl\/wp-content\/uploads\/2022\/06\/wr2-1-300x188.jpg 300w, https:\/\/marekkuchcinski.pl\/wp-content\/uploads\/2022\/06\/wr2-1-768x480.jpg 768w, https:\/\/marekkuchcinski.pl\/wp-content\/uploads\/2022\/06\/wr2-1-1536x960.jpg 1536w, https:\/\/marekkuchcinski.pl\/wp-content\/uploads\/2022\/06\/wr2-1-18x12.jpg 18w, https:\/\/marekkuchcinski.pl\/wp-content\/uploads\/2022\/06\/wr2-1.jpg 1600w\" sizes=\"(max-width: 1024px) 100vw, 1024px\" \/><\/a><\/figure>","protected":false},"excerpt":{"rendered":"<p>Wyzwaniem jest dzi\u015b wsp\u00f3\u0142praca i komunikacja pa\u0144stw na osi p\u00f3\u0142noc-po\u0142udnie, a nie, jak do tej pory, ta oparta tylko na budowaniu osi wsch\u00f3d-zach\u00f3d &#8211; m\u00f3wi\u0142 w Polskim Radiu 24 Marek Kuchci\u0144ski, by\u0142y marsza\u0142ek Sejmu, pose\u0142 RP.&nbsp; Do 12 czerwca w Arkadach Kubickiego w Warszawie toczy\u0107 si\u0119 b\u0119d\u0105 dyskusje na temat wa\u017cnych zagadnie\u0144 dla Polski i [&hellip;]<\/p>\n","protected":false},"author":3,"featured_media":25482,"comment_status":"open","ping_status":"open","sticky":false,"template":"","format":"standard","meta":{"ngg_post_thumbnail":0,"footnotes":""},"categories":[1,50,3],"tags":[],"class_list":["post-25481","post","type-post","status-publish","format-standard","has-post-thumbnail","hentry","category-bez-kategorii","category-wspolpraca-miedzynarodowa","category-wydarzenia"],"yoast_head":"<!-- This site is optimized with the Yoast SEO plugin v28.4 - https:\/\/yoast.com\/product\/yoast-seo-wordpress\/ -->\n<title>Kuchci\u0144ski: Szukaj\u0105c wsp\u00f3\u0142dzia\u0142ania, patrzymy nie tylko na kraje Tr\u00f3jmorza, ale i szerzej &#8211; Marek Kuchci\u0144ski<\/title>\n<meta name=\"robots\" content=\"index, follow, max-snippet:-1, max-image-preview:large, max-video-preview:-1\" \/>\n<link rel=\"canonical\" href=\"https:\/\/marekkuchcinski.pl\/uk\/bez-kategorii\/kuchcinski-szukajac-wspoldzialania-patrzymy-na-kraje-trojmorza-ale-tez-jeszcze-szerzej\/\" \/>\n<meta property=\"og:locale\" content=\"uk_UA\" \/>\n<meta property=\"og:type\" content=\"article\" \/>\n<meta property=\"og:title\" content=\"Kuchci\u0144ski: Szukaj\u0105c wsp\u00f3\u0142dzia\u0142ania, patrzymy nie tylko na kraje Tr\u00f3jmorza, ale i szerzej &#8211; Marek Kuchci\u0144ski\" \/>\n<meta property=\"og:description\" content=\"Wyzwaniem jest dzi\u015b wsp\u00f3\u0142praca i komunikacja pa\u0144stw na osi p\u00f3\u0142noc-po\u0142udnie, a nie, jak do tej pory, ta oparta tylko na budowaniu osi wsch\u00f3d-zach\u00f3d &#8211; m\u00f3wi\u0142 w Polskim Radiu 24 Marek Kuchci\u0144ski, by\u0142y marsza\u0142ek Sejmu, pose\u0142 RP.&nbsp; Do 12 czerwca w Arkadach Kubickiego w Warszawie toczy\u0107 si\u0119 b\u0119d\u0105 dyskusje na temat wa\u017cnych zagadnie\u0144 dla Polski i [&hellip;]\" \/>\n<meta property=\"og:url\" content=\"https:\/\/marekkuchcinski.pl\/uk\/bez-kategorii\/kuchcinski-szukajac-wspoldzialania-patrzymy-na-kraje-trojmorza-ale-tez-jeszcze-szerzej\/\" \/>\n<meta property=\"og:site_name\" content=\"Marek Kuchci\u0144ski\" \/>\n<meta property=\"article:published_time\" content=\"2022-06-12T19:58:41+00:00\" \/>\n<meta property=\"article:modified_time\" content=\"2022-06-16T13:59:43+00:00\" \/>\n<meta property=\"og:image\" content=\"https:\/\/marekkuchcinski.pl\/wp-content\/uploads\/2022\/06\/www.jpg\" \/>\n\t<meta property=\"og:image:width\" content=\"1600\" \/>\n\t<meta property=\"og:image:height\" content=\"1067\" \/>\n\t<meta property=\"og:image:type\" content=\"image\/jpeg\" \/>\n<meta name=\"author\" content=\"Marta Olejnik\" \/>\n<meta name=\"twitter:card\" content=\"summary_large_image\" \/>\n<meta name=\"twitter:label1\" content=\"Written by\" \/>\n\t<meta name=\"twitter:data1\" content=\"Marta Olejnik\" \/>\n\t<meta name=\"twitter:label2\" content=\"Est. reading time\" \/>\n\t<meta name=\"twitter:data2\" content=\"2 minutes\" \/>\n<script type=\"application\/ld+json\" class=\"yoast-schema-graph\">{\"@context\":\"https:\\\/\\\/schema.org\",\"@graph\":[{\"@type\":\"Article\",\"@id\":\"https:\\\/\\\/marekkuchcinski.pl\\\/bez-kategorii\\\/kuchcinski-szukajac-wspoldzialania-patrzymy-na-kraje-trojmorza-ale-tez-jeszcze-szerzej\\\/#article\",\"isPartOf\":{\"@id\":\"https:\\\/\\\/marekkuchcinski.pl\\\/bez-kategorii\\\/kuchcinski-szukajac-wspoldzialania-patrzymy-na-kraje-trojmorza-ale-tez-jeszcze-szerzej\\\/\"},\"author\":{\"name\":\"Marta Olejnik\",\"@id\":\"https:\\\/\\\/marekkuchcinski.pl\\\/#\\\/schema\\\/person\\\/bd3f15dee67fee76e83c8350d0154101\"},\"headline\":\"Kuchci\u0144ski: Szukaj\u0105c wsp\u00f3\u0142dzia\u0142ania, patrzymy nie tylko na kraje Tr\u00f3jmorza, ale i szerzej\",\"datePublished\":\"2022-06-12T19:58:41+00:00\",\"dateModified\":\"2022-06-16T13:59:43+00:00\",\"mainEntityOfPage\":{\"@id\":\"https:\\\/\\\/marekkuchcinski.pl\\\/bez-kategorii\\\/kuchcinski-szukajac-wspoldzialania-patrzymy-na-kraje-trojmorza-ale-tez-jeszcze-szerzej\\\/\"},\"wordCount\":376,\"commentCount\":0,\"publisher\":{\"@id\":\"https:\\\/\\\/marekkuchcinski.pl\\\/#organization\"},\"image\":{\"@id\":\"https:\\\/\\\/marekkuchcinski.pl\\\/bez-kategorii\\\/kuchcinski-szukajac-wspoldzialania-patrzymy-na-kraje-trojmorza-ale-tez-jeszcze-szerzej\\\/#primaryimage\"},\"thumbnailUrl\":\"https:\\\/\\\/marekkuchcinski.pl\\\/wp-content\\\/uploads\\\/2022\\\/06\\\/www.jpg\",\"articleSection\":[\"Bez kategorii\",\"Wsp\u00f3\u0142praca mi\u0119dzynarodowa\",\"Wydarzenia\"],\"inLanguage\":\"uk\",\"potentialAction\":[{\"@type\":\"CommentAction\",\"name\":\"Comment\",\"target\":[\"https:\\\/\\\/marekkuchcinski.pl\\\/bez-kategorii\\\/kuchcinski-szukajac-wspoldzialania-patrzymy-na-kraje-trojmorza-ale-tez-jeszcze-szerzej\\\/#respond\"]}]},{\"@type\":\"WebPage\",\"@id\":\"https:\\\/\\\/marekkuchcinski.pl\\\/bez-kategorii\\\/kuchcinski-szukajac-wspoldzialania-patrzymy-na-kraje-trojmorza-ale-tez-jeszcze-szerzej\\\/\",\"url\":\"https:\\\/\\\/marekkuchcinski.pl\\\/bez-kategorii\\\/kuchcinski-szukajac-wspoldzialania-patrzymy-na-kraje-trojmorza-ale-tez-jeszcze-szerzej\\\/\",\"name\":\"Kuchci\u0144ski: Szukaj\u0105c wsp\u00f3\u0142dzia\u0142ania, patrzymy nie tylko na kraje Tr\u00f3jmorza, ale i szerzej &#8211; Marek Kuchci\u0144ski\",\"isPartOf\":{\"@id\":\"https:\\\/\\\/marekkuchcinski.pl\\\/#website\"},\"primaryImageOfPage\":{\"@id\":\"https:\\\/\\\/marekkuchcinski.pl\\\/bez-kategorii\\\/kuchcinski-szukajac-wspoldzialania-patrzymy-na-kraje-trojmorza-ale-tez-jeszcze-szerzej\\\/#primaryimage\"},\"image\":{\"@id\":\"https:\\\/\\\/marekkuchcinski.pl\\\/bez-kategorii\\\/kuchcinski-szukajac-wspoldzialania-patrzymy-na-kraje-trojmorza-ale-tez-jeszcze-szerzej\\\/#primaryimage\"},\"thumbnailUrl\":\"https:\\\/\\\/marekkuchcinski.pl\\\/wp-content\\\/uploads\\\/2022\\\/06\\\/www.jpg\",\"datePublished\":\"2022-06-12T19:58:41+00:00\",\"dateModified\":\"2022-06-16T13:59:43+00:00\",\"breadcrumb\":{\"@id\":\"https:\\\/\\\/marekkuchcinski.pl\\\/bez-kategorii\\\/kuchcinski-szukajac-wspoldzialania-patrzymy-na-kraje-trojmorza-ale-tez-jeszcze-szerzej\\\/#breadcrumb\"},\"inLanguage\":\"uk\",\"potentialAction\":[{\"@type\":\"ReadAction\",\"target\":[\"https:\\\/\\\/marekkuchcinski.pl\\\/bez-kategorii\\\/kuchcinski-szukajac-wspoldzialania-patrzymy-na-kraje-trojmorza-ale-tez-jeszcze-szerzej\\\/\"]}]},{\"@type\":\"ImageObject\",\"inLanguage\":\"uk\",\"@id\":\"https:\\\/\\\/marekkuchcinski.pl\\\/bez-kategorii\\\/kuchcinski-szukajac-wspoldzialania-patrzymy-na-kraje-trojmorza-ale-tez-jeszcze-szerzej\\\/#primaryimage\",\"url\":\"https:\\\/\\\/marekkuchcinski.pl\\\/wp-content\\\/uploads\\\/2022\\\/06\\\/www.jpg\",\"contentUrl\":\"https:\\\/\\\/marekkuchcinski.pl\\\/wp-content\\\/uploads\\\/2022\\\/06\\\/www.jpg\",\"width\":1600,\"height\":1067},{\"@type\":\"BreadcrumbList\",\"@id\":\"https:\\\/\\\/marekkuchcinski.pl\\\/bez-kategorii\\\/kuchcinski-szukajac-wspoldzialania-patrzymy-na-kraje-trojmorza-ale-tez-jeszcze-szerzej\\\/#breadcrumb\",\"itemListElement\":[{\"@type\":\"ListItem\",\"position\":1,\"name\":\"Strona g\u0142\u00f3wna\",\"item\":\"https:\\\/\\\/marekkuchcinski.pl\\\/\"},{\"@type\":\"ListItem\",\"position\":2,\"name\":\"Kuchci\u0144ski: Szukaj\u0105c wsp\u00f3\u0142dzia\u0142ania, patrzymy nie tylko na kraje Tr\u00f3jmorza, ale i szerzej\"}]},{\"@type\":\"WebSite\",\"@id\":\"https:\\\/\\\/marekkuchcinski.pl\\\/#website\",\"url\":\"https:\\\/\\\/marekkuchcinski.pl\\\/\",\"name\":\"Marek Kuchci\u0144ski\",\"description\":\"Marek Kuchci\u0144ski \",\"publisher\":{\"@id\":\"https:\\\/\\\/marekkuchcinski.pl\\\/#organization\"},\"potentialAction\":[{\"@type\":\"SearchAction\",\"target\":{\"@type\":\"EntryPoint\",\"urlTemplate\":\"https:\\\/\\\/marekkuchcinski.pl\\\/?s={search_term_string}\"},\"query-input\":{\"@type\":\"PropertyValueSpecification\",\"valueRequired\":true,\"valueName\":\"search_term_string\"}}],\"inLanguage\":\"uk\"},{\"@type\":\"Organization\",\"@id\":\"https:\\\/\\\/marekkuchcinski.pl\\\/#organization\",\"name\":\"Marek Kuchci\u0144ski\",\"url\":\"https:\\\/\\\/marekkuchcinski.pl\\\/\",\"logo\":{\"@type\":\"ImageObject\",\"inLanguage\":\"uk\",\"@id\":\"https:\\\/\\\/marekkuchcinski.pl\\\/#\\\/schema\\\/logo\\\/image\\\/\",\"url\":\"https:\\\/\\\/marekkuchcinski.pl\\\/wp-content\\\/uploads\\\/2022\\\/09\\\/Marek.jpg\",\"contentUrl\":\"https:\\\/\\\/marekkuchcinski.pl\\\/wp-content\\\/uploads\\\/2022\\\/09\\\/Marek.jpg\",\"width\":1600,\"height\":971,\"caption\":\"Marek Kuchci\u0144ski\"},\"image\":{\"@id\":\"https:\\\/\\\/marekkuchcinski.pl\\\/#\\\/schema\\\/logo\\\/image\\\/\"}},{\"@type\":\"Person\",\"@id\":\"https:\\\/\\\/marekkuchcinski.pl\\\/#\\\/schema\\\/person\\\/bd3f15dee67fee76e83c8350d0154101\",\"name\":\"Marta Olejnik\",\"image\":{\"@type\":\"ImageObject\",\"inLanguage\":\"uk\",\"@id\":\"https:\\\/\\\/secure.gravatar.com\\\/avatar\\\/24754edd6080383402e292374b406b553027d572e97d60e7aa89a6940e88659a?s=96&d=mm&r=g\",\"url\":\"https:\\\/\\\/secure.gravatar.com\\\/avatar\\\/24754edd6080383402e292374b406b553027d572e97d60e7aa89a6940e88659a?s=96&d=mm&r=g\",\"contentUrl\":\"https:\\\/\\\/secure.gravatar.com\\\/avatar\\\/24754edd6080383402e292374b406b553027d572e97d60e7aa89a6940e88659a?s=96&d=mm&r=g\",\"caption\":\"Marta Olejnik\"},\"url\":\"https:\\\/\\\/marekkuchcinski.pl\\\/uk\\\/author\\\/marta\\\/\"}]}<\/script>\n<!-- \/ Yoast SEO plugin. -->","yoast_head_json":{"title":"Kuchci\u0144ski: Szukaj\u0105c wsp\u00f3\u0142dzia\u0142ania, patrzymy nie tylko na kraje Tr\u00f3jmorza, ale i szerzej &#8211; Marek Kuchci\u0144ski","robots":{"index":"index","follow":"follow","max-snippet":"max-snippet:-1","max-image-preview":"max-image-preview:large","max-video-preview":"max-video-preview:-1"},"canonical":"https:\/\/marekkuchcinski.pl\/uk\/bez-kategorii\/kuchcinski-szukajac-wspoldzialania-patrzymy-na-kraje-trojmorza-ale-tez-jeszcze-szerzej\/","og_locale":"uk_UA","og_type":"article","og_title":"Kuchci\u0144ski: Szukaj\u0105c wsp\u00f3\u0142dzia\u0142ania, patrzymy nie tylko na kraje Tr\u00f3jmorza, ale i szerzej &#8211; Marek Kuchci\u0144ski","og_description":"Wyzwaniem jest dzi\u015b wsp\u00f3\u0142praca i komunikacja pa\u0144stw na osi p\u00f3\u0142noc-po\u0142udnie, a nie, jak do tej pory, ta oparta tylko na budowaniu osi wsch\u00f3d-zach\u00f3d &#8211; m\u00f3wi\u0142 w Polskim Radiu 24 Marek Kuchci\u0144ski, by\u0142y marsza\u0142ek Sejmu, pose\u0142 RP.&nbsp; Do 12 czerwca w Arkadach Kubickiego w Warszawie toczy\u0107 si\u0119 b\u0119d\u0105 dyskusje na temat wa\u017cnych zagadnie\u0144 dla Polski i [&hellip;]","og_url":"https:\/\/marekkuchcinski.pl\/uk\/bez-kategorii\/kuchcinski-szukajac-wspoldzialania-patrzymy-na-kraje-trojmorza-ale-tez-jeszcze-szerzej\/","og_site_name":"Marek Kuchci\u0144ski","article_published_time":"2022-06-12T19:58:41+00:00","article_modified_time":"2022-06-16T13:59:43+00:00","og_image":[{"width":1600,"height":1067,"url":"https:\/\/marekkuchcinski.pl\/wp-content\/uploads\/2022\/06\/www.jpg","type":"image\/jpeg"}],"author":"Marta Olejnik","twitter_card":"summary_large_image","twitter_misc":{"Written by":"Marta Olejnik","Est. reading time":"2 minutes"},"schema":{"@context":"https:\/\/schema.org","@graph":[{"@type":"Article","@id":"https:\/\/marekkuchcinski.pl\/bez-kategorii\/kuchcinski-szukajac-wspoldzialania-patrzymy-na-kraje-trojmorza-ale-tez-jeszcze-szerzej\/#article","isPartOf":{"@id":"https:\/\/marekkuchcinski.pl\/bez-kategorii\/kuchcinski-szukajac-wspoldzialania-patrzymy-na-kraje-trojmorza-ale-tez-jeszcze-szerzej\/"},"author":{"name":"Marta Olejnik","@id":"https:\/\/marekkuchcinski.pl\/#\/schema\/person\/bd3f15dee67fee76e83c8350d0154101"},"headline":"Kuchci\u0144ski: Szukaj\u0105c wsp\u00f3\u0142dzia\u0142ania, patrzymy nie tylko na kraje Tr\u00f3jmorza, ale i szerzej","datePublished":"2022-06-12T19:58:41+00:00","dateModified":"2022-06-16T13:59:43+00:00","mainEntityOfPage":{"@id":"https:\/\/marekkuchcinski.pl\/bez-kategorii\/kuchcinski-szukajac-wspoldzialania-patrzymy-na-kraje-trojmorza-ale-tez-jeszcze-szerzej\/"},"wordCount":376,"commentCount":0,"publisher":{"@id":"https:\/\/marekkuchcinski.pl\/#organization"},"image":{"@id":"https:\/\/marekkuchcinski.pl\/bez-kategorii\/kuchcinski-szukajac-wspoldzialania-patrzymy-na-kraje-trojmorza-ale-tez-jeszcze-szerzej\/#primaryimage"},"thumbnailUrl":"https:\/\/marekkuchcinski.pl\/wp-content\/uploads\/2022\/06\/www.jpg","articleSection":["Bez kategorii","Wsp\u00f3\u0142praca mi\u0119dzynarodowa","Wydarzenia"],"inLanguage":"uk","potentialAction":[{"@type":"CommentAction","name":"Comment","target":["https:\/\/marekkuchcinski.pl\/bez-kategorii\/kuchcinski-szukajac-wspoldzialania-patrzymy-na-kraje-trojmorza-ale-tez-jeszcze-szerzej\/#respond"]}]},{"@type":"WebPage","@id":"https:\/\/marekkuchcinski.pl\/bez-kategorii\/kuchcinski-szukajac-wspoldzialania-patrzymy-na-kraje-trojmorza-ale-tez-jeszcze-szerzej\/","url":"https:\/\/marekkuchcinski.pl\/bez-kategorii\/kuchcinski-szukajac-wspoldzialania-patrzymy-na-kraje-trojmorza-ale-tez-jeszcze-szerzej\/","name":"Kuchci\u0144ski: Szukaj\u0105c wsp\u00f3\u0142dzia\u0142ania, patrzymy nie tylko na kraje Tr\u00f3jmorza, ale i szerzej &#8211; Marek Kuchci\u0144ski","isPartOf":{"@id":"https:\/\/marekkuchcinski.pl\/#website"},"primaryImageOfPage":{"@id":"https:\/\/marekkuchcinski.pl\/bez-kategorii\/kuchcinski-szukajac-wspoldzialania-patrzymy-na-kraje-trojmorza-ale-tez-jeszcze-szerzej\/#primaryimage"},"image":{"@id":"https:\/\/marekkuchcinski.pl\/bez-kategorii\/kuchcinski-szukajac-wspoldzialania-patrzymy-na-kraje-trojmorza-ale-tez-jeszcze-szerzej\/#primaryimage"},"thumbnailUrl":"https:\/\/marekkuchcinski.pl\/wp-content\/uploads\/2022\/06\/www.jpg","datePublished":"2022-06-12T19:58:41+00:00","dateModified":"2022-06-16T13:59:43+00:00","breadcrumb":{"@id":"https:\/\/marekkuchcinski.pl\/bez-kategorii\/kuchcinski-szukajac-wspoldzialania-patrzymy-na-kraje-trojmorza-ale-tez-jeszcze-szerzej\/#breadcrumb"},"inLanguage":"uk","potentialAction":[{"@type":"ReadAction","target":["https:\/\/marekkuchcinski.pl\/bez-kategorii\/kuchcinski-szukajac-wspoldzialania-patrzymy-na-kraje-trojmorza-ale-tez-jeszcze-szerzej\/"]}]},{"@type":"ImageObject","inLanguage":"uk","@id":"https:\/\/marekkuchcinski.pl\/bez-kategorii\/kuchcinski-szukajac-wspoldzialania-patrzymy-na-kraje-trojmorza-ale-tez-jeszcze-szerzej\/#primaryimage","url":"https:\/\/marekkuchcinski.pl\/wp-content\/uploads\/2022\/06\/www.jpg","contentUrl":"https:\/\/marekkuchcinski.pl\/wp-content\/uploads\/2022\/06\/www.jpg","width":1600,"height":1067},{"@type":"BreadcrumbList","@id":"https:\/\/marekkuchcinski.pl\/bez-kategorii\/kuchcinski-szukajac-wspoldzialania-patrzymy-na-kraje-trojmorza-ale-tez-jeszcze-szerzej\/#breadcrumb","itemListElement":[{"@type":"ListItem","position":1,"name":"Strona g\u0142\u00f3wna","item":"https:\/\/marekkuchcinski.pl\/"},{"@type":"ListItem","position":2,"name":"Kuchci\u0144ski: Szukaj\u0105c wsp\u00f3\u0142dzia\u0142ania, patrzymy nie tylko na kraje Tr\u00f3jmorza, ale i szerzej"}]},{"@type":"WebSite","@id":"https:\/\/marekkuchcinski.pl\/#website","url":"https:\/\/marekkuchcinski.pl\/","name":"Marek Kuchci\u0144ski","description":"Marek Kuchci\u0144ski","publisher":{"@id":"https:\/\/marekkuchcinski.pl\/#organization"},"potentialAction":[{"@type":"SearchAction","target":{"@type":"EntryPoint","urlTemplate":"https:\/\/marekkuchcinski.pl\/?s={search_term_string}"},"query-input":{"@type":"PropertyValueSpecification","valueRequired":true,"valueName":"search_term_string"}}],"inLanguage":"uk"},{"@type":"Organization","@id":"https:\/\/marekkuchcinski.pl\/#organization","name":"Marek Kuchci\u0144ski","url":"https:\/\/marekkuchcinski.pl\/","logo":{"@type":"ImageObject","inLanguage":"uk","@id":"https:\/\/marekkuchcinski.pl\/#\/schema\/logo\/image\/","url":"https:\/\/marekkuchcinski.pl\/wp-content\/uploads\/2022\/09\/Marek.jpg","contentUrl":"https:\/\/marekkuchcinski.pl\/wp-content\/uploads\/2022\/09\/Marek.jpg","width":1600,"height":971,"caption":"Marek Kuchci\u0144ski"},"image":{"@id":"https:\/\/marekkuchcinski.pl\/#\/schema\/logo\/image\/"}},{"@type":"Person","@id":"https:\/\/marekkuchcinski.pl\/#\/schema\/person\/bd3f15dee67fee76e83c8350d0154101","name":"Marta Olejnik","image":{"@type":"ImageObject","inLanguage":"uk","@id":"https:\/\/secure.gravatar.com\/avatar\/24754edd6080383402e292374b406b553027d572e97d60e7aa89a6940e88659a?s=96&d=mm&r=g","url":"https:\/\/secure.gravatar.com\/avatar\/24754edd6080383402e292374b406b553027d572e97d60e7aa89a6940e88659a?s=96&d=mm&r=g","contentUrl":"https:\/\/secure.gravatar.com\/avatar\/24754edd6080383402e292374b406b553027d572e97d60e7aa89a6940e88659a?s=96&d=mm&r=g","caption":"Marta Olejnik"},"url":"https:\/\/marekkuchcinski.pl\/uk\/author\/marta\/"}]}},"_links":{"self":[{"href":"https:\/\/marekkuchcinski.pl\/uk\/wp-json\/wp\/v2\/posts\/25481","targetHints":{"allow":["GET"]}}],"collection":[{"href":"https:\/\/marekkuchcinski.pl\/uk\/wp-json\/wp\/v2\/posts"}],"about":[{"href":"https:\/\/marekkuchcinski.pl\/uk\/wp-json\/wp\/v2\/types\/post"}],"author":[{"embeddable":true,"href":"https:\/\/marekkuchcinski.pl\/uk\/wp-json\/wp\/v2\/users\/3"}],"replies":[{"embeddable":true,"href":"https:\/\/marekkuchcinski.pl\/uk\/wp-json\/wp\/v2\/comments?post=25481"}],"version-history":[{"count":9,"href":"https:\/\/marekkuchcinski.pl\/uk\/wp-json\/wp\/v2\/posts\/25481\/revisions"}],"predecessor-version":[{"id":25534,"href":"https:\/\/marekkuchcinski.pl\/uk\/wp-json\/wp\/v2\/posts\/25481\/revisions\/25534"}],"wp:featuredmedia":[{"embeddable":true,"href":"https:\/\/marekkuchcinski.pl\/uk\/wp-json\/wp\/v2\/media\/25482"}],"wp:attachment":[{"href":"https:\/\/marekkuchcinski.pl\/uk\/wp-json\/wp\/v2\/media?parent=25481"}],"wp:term":[{"taxonomy":"category","embeddable":true,"href":"https:\/\/marekkuchcinski.pl\/uk\/wp-json\/wp\/v2\/categories?post=25481"},{"taxonomy":"post_tag","embeddable":true,"href":"https:\/\/marekkuchcinski.pl\/uk\/wp-json\/wp\/v2\/tags?post=25481"}],"curies":[{"name":"wp","href":"https:\/\/api.w.org\/{rel}","templated":true}]}}