{"id":24523,"date":"2022-03-16T09:54:40","date_gmt":"2022-03-16T08:54:40","guid":{"rendered":"https:\/\/marekkuchcinski.pl\/?p=24523"},"modified":"2022-03-16T09:58:00","modified_gmt":"2022-03-16T08:58:00","slug":"premierzy-polski-czech-i-slowenii-spotkali-sie-w-kijowie-z-premierem-i-prezydentem-ukrainy","status":"publish","type":"post","link":"https:\/\/marekkuchcinski.pl\/uk\/wydarzenia\/premierzy-polski-czech-i-slowenii-spotkali-sie-w-kijowie-z-premierem-i-prezydentem-ukrainy\/","title":{"rendered":"Premierzy Polski, Czech i S\u0142owenii spotkali si\u0119 w Kijowie z premierem i prezydentem Ukrainy"},"content":{"rendered":"<p class=\"wp-block-paragraph\"><strong>P<\/strong>rezes Rady Ministr\u00f3w Mateusz Morawiecki oraz wiceprezes Rady Ministr\u00f3w, przewodnicz\u0105cy Komitetu ds. Bezpiecze\u0144stwa Narodowego i spraw Obronnych Jaros\u0142aw Kaczy\u0144ski wraz z premierem Czech Petrem Fial\u0105 oraz premierem S\u0142owenii Janezem Jan\u0161\u0105 udali si\u0119 poci\u0105giem na spotkanie z prezydentem Ukrainy Wo\u0142odymyrem Ze\u0142enskim i premierem Ukrainy Denysem Szmyhalem. G\u0142\u00f3wnym tematem rozm\u00f3w by\u0142a agresja Rosji w Ukrainie, przywr\u00f3cenie bezpiecze\u0144stwa i uznanie dla bohaterskiej walki Ukrai\u0144c\u00f3w. Szef polskiego rz\u0105du podkre\u015bli\u0142 jak wa\u017cne jest uzyskanie przez Ukrain\u0119 status kandydata do Unii Europejskiej. Wizyta w Kijowie by\u0142a przygotowana w \u015bcis\u0142ej koordynacji z przedstawicielami europejskimi (KPRM).<\/p>\n\n\n\n<p class=\"wp-block-paragraph\">\u2013 Czasami s\u0142ysz\u0119 g\u0142osy w Europie, \u017ce sankcje zagro\u017c\u0105 strefie komfortu UE. Wasz komfort jest wa\u017cniejszy ni\u017c \u0142zy, ni\u017c krew dzieci tutaj, w sercu Ukrainy? Chyba nie. Mam nadziej\u0119, \u017ce jeszcze macie swoje w\u0142asne serca i w\u0142asne sumienia, \u017ceby to os\u0105dzi\u0107.<\/p>\n\n\n\n<p class=\"wp-block-paragraph\">B\u0119dziemy organizowa\u0107 dla was bro\u0144 na ca\u0142ym \u015bwiecie. Nigdy nie zostawimy was samych. Walczycie te\u017c o nasz\u0105 w<strong>olno\u015b\u0107.<\/strong><\/p>\n\n\n\n<p class=\"wp-block-paragraph\">Europa musi zrozumie\u0107, \u017ce je\u015bli straci Ukrain\u0119, ju\u017c nigdy nie b\u0119dzie taka sama. Europa bez Ukrainy nie b\u0119dzie ju\u017c Europ\u0105. B\u0119dzie raczej symbolem pora\u017cki, upokorzenia i bezradno\u015bci. A ja chc\u0119 silnej i ambitnej Europy \u2013 m\u00f3wi\u0142 premier Morawiecki.<\/p>\n\n\n\n<p class=\"wp-block-paragraph\">Szef polskiego rz\u0105du podczas spotkania przekaza\u0142 szczeg\u00f3\u0142y dotycz\u0105ce pomocy finansowanej z bud\u017cetu Unii Europejskiej. Po raz kolejny nawo\u0142ywa\u0142 do wzmocnienia sankcji. Z kolei w<strong>icepremier Jaros\u0142aw Kaczy\u0144ski przekonywa\u0142, \u017ce Na Ukrainie potrzebna jest misja NATO i szersza, mi\u0119dzynarodowa, kt\u00f3ra obroni pok\u00f3j na \u015bwiecie.<\/strong><\/p>\n\n\n\n<p class=\"wp-block-paragraph\">\u2013\u00a0Jestem przekonany, \u017ce z takimi przyjaci\u00f3\u0142mi, z takimi krajami, s\u0105siadami, partnerami rzeczywi\u015bcie damy rad\u0119 i zwyci\u0119\u017cymy\u00a0\u2013\u00a0podkre\u015bli\u0142 prezydent Ze\u0142e\u0144ski.<\/p>\n\n\n\n<figure class=\"wp-block-image size-full\"><a href=\"https:\/\/marekkuchcinski.pl\/wp-content\/uploads\/2022\/03\/FN7JF6wWUAMYDtU-1.jpg\"><img fetchpriority=\"high\" decoding=\"async\" width=\"1024\" height=\"682\" src=\"https:\/\/marekkuchcinski.pl\/wp-content\/uploads\/2022\/03\/FN7JF6wWUAMYDtU-1.jpg\" alt=\"\" class=\"wp-image-24525\" srcset=\"https:\/\/marekkuchcinski.pl\/wp-content\/uploads\/2022\/03\/FN7JF6wWUAMYDtU-1.jpg 1024w, https:\/\/marekkuchcinski.pl\/wp-content\/uploads\/2022\/03\/FN7JF6wWUAMYDtU-1-300x200.jpg 300w, https:\/\/marekkuchcinski.pl\/wp-content\/uploads\/2022\/03\/FN7JF6wWUAMYDtU-1-768x512.jpg 768w, https:\/\/marekkuchcinski.pl\/wp-content\/uploads\/2022\/03\/FN7JF6wWUAMYDtU-1-18x12.jpg 18w\" sizes=\"(max-width: 1024px) 100vw, 1024px\" \/><\/a><\/figure>\n\n\n\n<figure class=\"wp-block-image size-full\"><a href=\"https:\/\/marekkuchcinski.pl\/wp-content\/uploads\/2022\/03\/FN7JF6uWYAIBSEK.jpg\"><img decoding=\"async\" width=\"960\" height=\"640\" src=\"https:\/\/marekkuchcinski.pl\/wp-content\/uploads\/2022\/03\/FN7JF6uWYAIBSEK.jpg\" alt=\"\" class=\"wp-image-24526\" srcset=\"https:\/\/marekkuchcinski.pl\/wp-content\/uploads\/2022\/03\/FN7JF6uWYAIBSEK.jpg 960w, https:\/\/marekkuchcinski.pl\/wp-content\/uploads\/2022\/03\/FN7JF6uWYAIBSEK-300x200.jpg 300w, https:\/\/marekkuchcinski.pl\/wp-content\/uploads\/2022\/03\/FN7JF6uWYAIBSEK-768x512.jpg 768w, https:\/\/marekkuchcinski.pl\/wp-content\/uploads\/2022\/03\/FN7JF6uWYAIBSEK-18x12.jpg 18w\" sizes=\"(max-width: 960px) 100vw, 960px\" \/><\/a><\/figure>\n\n\n\n<figure class=\"wp-block-image size-full\"><a href=\"https:\/\/marekkuchcinski.pl\/wp-content\/uploads\/2022\/03\/FN7JF6uXwAElQJX.jpg\"><img decoding=\"async\" width=\"960\" height=\"640\" src=\"https:\/\/marekkuchcinski.pl\/wp-content\/uploads\/2022\/03\/FN7JF6uXwAElQJX.jpg\" alt=\"\" class=\"wp-image-24527\" srcset=\"https:\/\/marekkuchcinski.pl\/wp-content\/uploads\/2022\/03\/FN7JF6uXwAElQJX.jpg 960w, https:\/\/marekkuchcinski.pl\/wp-content\/uploads\/2022\/03\/FN7JF6uXwAElQJX-300x200.jpg 300w, https:\/\/marekkuchcinski.pl\/wp-content\/uploads\/2022\/03\/FN7JF6uXwAElQJX-768x512.jpg 768w, https:\/\/marekkuchcinski.pl\/wp-content\/uploads\/2022\/03\/FN7JF6uXwAElQJX-18x12.jpg 18w\" sizes=\"(max-width: 960px) 100vw, 960px\" \/><\/a><\/figure>\n\n\n\n<figure class=\"wp-block-image size-full\"><a href=\"https:\/\/marekkuchcinski.pl\/wp-content\/uploads\/2022\/03\/FN7JF6uWYAUpZm2.jpg\"><img loading=\"lazy\" decoding=\"async\" width=\"1024\" height=\"682\" src=\"https:\/\/marekkuchcinski.pl\/wp-content\/uploads\/2022\/03\/FN7JF6uWYAUpZm2.jpg\" alt=\"\" class=\"wp-image-24528\" srcset=\"https:\/\/marekkuchcinski.pl\/wp-content\/uploads\/2022\/03\/FN7JF6uWYAUpZm2.jpg 1024w, https:\/\/marekkuchcinski.pl\/wp-content\/uploads\/2022\/03\/FN7JF6uWYAUpZm2-300x200.jpg 300w, https:\/\/marekkuchcinski.pl\/wp-content\/uploads\/2022\/03\/FN7JF6uWYAUpZm2-768x512.jpg 768w, https:\/\/marekkuchcinski.pl\/wp-content\/uploads\/2022\/03\/FN7JF6uWYAUpZm2-18x12.jpg 18w\" sizes=\"(max-width: 1024px) 100vw, 1024px\" \/><\/a><\/figure>","protected":false},"excerpt":{"rendered":"<p>Prezes Rady Ministr\u00f3w Mateusz Morawiecki oraz wiceprezes Rady Ministr\u00f3w, przewodnicz\u0105cy Komitetu ds. Bezpiecze\u0144stwa Narodowego i spraw Obronnych Jaros\u0142aw Kaczy\u0144ski wraz z premierem Czech Petrem Fial\u0105 oraz premierem S\u0142owenii Janezem Jan\u0161\u0105 udali si\u0119 poci\u0105giem na spotkanie z prezydentem Ukrainy Wo\u0142odymyrem Ze\u0142enskim i premierem Ukrainy Denysem Szmyhalem. G\u0142\u00f3wnym tematem rozm\u00f3w by\u0142a agresja Rosji w Ukrainie, przywr\u00f3cenie bezpiecze\u0144stwa [&hellip;]<\/p>\n","protected":false},"author":3,"featured_media":24524,"comment_status":"open","ping_status":"open","sticky":false,"template":"","format":"standard","meta":{"ngg_post_thumbnail":0,"footnotes":""},"categories":[50,3],"tags":[],"class_list":["post-24523","post","type-post","status-publish","format-standard","has-post-thumbnail","hentry","category-wspolpraca-miedzynarodowa","category-wydarzenia"],"yoast_head":"<!-- This site is optimized with the Yoast SEO plugin v28.4 - https:\/\/yoast.com\/product\/yoast-seo-wordpress\/ -->\n<title>Premierzy Polski, Czech i S\u0142owenii spotkali si\u0119 w Kijowie z premierem i prezydentem Ukrainy &#8211; Marek Kuchci\u0144ski<\/title>\n<meta name=\"robots\" content=\"index, follow, max-snippet:-1, max-image-preview:large, max-video-preview:-1\" \/>\n<link rel=\"canonical\" href=\"https:\/\/marekkuchcinski.pl\/uk\/wydarzenia\/premierzy-polski-czech-i-slowenii-spotkali-sie-w-kijowie-z-premierem-i-prezydentem-ukrainy\/\" \/>\n<meta property=\"og:locale\" content=\"uk_UA\" \/>\n<meta property=\"og:type\" content=\"article\" \/>\n<meta property=\"og:title\" content=\"Premierzy Polski, Czech i S\u0142owenii spotkali si\u0119 w Kijowie z premierem i prezydentem Ukrainy &#8211; Marek Kuchci\u0144ski\" \/>\n<meta property=\"og:description\" content=\"Prezes Rady Ministr\u00f3w Mateusz Morawiecki oraz wiceprezes Rady Ministr\u00f3w, przewodnicz\u0105cy Komitetu ds. Bezpiecze\u0144stwa Narodowego i spraw Obronnych Jaros\u0142aw Kaczy\u0144ski wraz z premierem Czech Petrem Fial\u0105 oraz premierem S\u0142owenii Janezem Jan\u0161\u0105 udali si\u0119 poci\u0105giem na spotkanie z prezydentem Ukrainy Wo\u0142odymyrem Ze\u0142enskim i premierem Ukrainy Denysem Szmyhalem. G\u0142\u00f3wnym tematem rozm\u00f3w by\u0142a agresja Rosji w Ukrainie, przywr\u00f3cenie bezpiecze\u0144stwa [&hellip;]\" \/>\n<meta property=\"og:url\" content=\"https:\/\/marekkuchcinski.pl\/uk\/wydarzenia\/premierzy-polski-czech-i-slowenii-spotkali-sie-w-kijowie-z-premierem-i-prezydentem-ukrainy\/\" \/>\n<meta property=\"og:site_name\" content=\"Marek Kuchci\u0144ski\" \/>\n<meta property=\"article:published_time\" content=\"2022-03-16T08:54:40+00:00\" \/>\n<meta property=\"article:modified_time\" content=\"2022-03-16T08:58:00+00:00\" \/>\n<meta property=\"og:image\" content=\"https:\/\/marekkuchcinski.pl\/wp-content\/uploads\/2022\/03\/FN7JF6wWUAMYDtU.jpg\" \/>\n\t<meta property=\"og:image:width\" content=\"1024\" \/>\n\t<meta property=\"og:image:height\" content=\"682\" \/>\n\t<meta property=\"og:image:type\" content=\"image\/jpeg\" \/>\n<meta name=\"author\" content=\"Marta Olejnik\" \/>\n<meta name=\"twitter:card\" content=\"summary_large_image\" \/>\n<meta name=\"twitter:label1\" content=\"Written by\" \/>\n\t<meta name=\"twitter:data1\" content=\"Marta Olejnik\" \/>\n\t<meta name=\"twitter:label2\" content=\"Est. reading time\" \/>\n\t<meta name=\"twitter:data2\" content=\"2 minutes\" \/>\n<script type=\"application\/ld+json\" class=\"yoast-schema-graph\">{\"@context\":\"https:\\\/\\\/schema.org\",\"@graph\":[{\"@type\":\"Article\",\"@id\":\"https:\\\/\\\/marekkuchcinski.pl\\\/wydarzenia\\\/premierzy-polski-czech-i-slowenii-spotkali-sie-w-kijowie-z-premierem-i-prezydentem-ukrainy\\\/#article\",\"isPartOf\":{\"@id\":\"https:\\\/\\\/marekkuchcinski.pl\\\/wydarzenia\\\/premierzy-polski-czech-i-slowenii-spotkali-sie-w-kijowie-z-premierem-i-prezydentem-ukrainy\\\/\"},\"author\":{\"name\":\"Marta Olejnik\",\"@id\":\"https:\\\/\\\/marekkuchcinski.pl\\\/#\\\/schema\\\/person\\\/bd3f15dee67fee76e83c8350d0154101\"},\"headline\":\"Premierzy Polski, Czech i S\u0142owenii spotkali si\u0119 w Kijowie z premierem i prezydentem Ukrainy\",\"datePublished\":\"2022-03-16T08:54:40+00:00\",\"dateModified\":\"2022-03-16T08:58:00+00:00\",\"mainEntityOfPage\":{\"@id\":\"https:\\\/\\\/marekkuchcinski.pl\\\/wydarzenia\\\/premierzy-polski-czech-i-slowenii-spotkali-sie-w-kijowie-z-premierem-i-prezydentem-ukrainy\\\/\"},\"wordCount\":313,\"commentCount\":0,\"publisher\":{\"@id\":\"https:\\\/\\\/marekkuchcinski.pl\\\/#organization\"},\"image\":{\"@id\":\"https:\\\/\\\/marekkuchcinski.pl\\\/wydarzenia\\\/premierzy-polski-czech-i-slowenii-spotkali-sie-w-kijowie-z-premierem-i-prezydentem-ukrainy\\\/#primaryimage\"},\"thumbnailUrl\":\"https:\\\/\\\/marekkuchcinski.pl\\\/wp-content\\\/uploads\\\/2022\\\/03\\\/FN7JF6wWUAMYDtU.jpg\",\"articleSection\":[\"Wsp\u00f3\u0142praca mi\u0119dzynarodowa\",\"Wydarzenia\"],\"inLanguage\":\"uk\",\"potentialAction\":[{\"@type\":\"CommentAction\",\"name\":\"Comment\",\"target\":[\"https:\\\/\\\/marekkuchcinski.pl\\\/wydarzenia\\\/premierzy-polski-czech-i-slowenii-spotkali-sie-w-kijowie-z-premierem-i-prezydentem-ukrainy\\\/#respond\"]}]},{\"@type\":\"WebPage\",\"@id\":\"https:\\\/\\\/marekkuchcinski.pl\\\/wydarzenia\\\/premierzy-polski-czech-i-slowenii-spotkali-sie-w-kijowie-z-premierem-i-prezydentem-ukrainy\\\/\",\"url\":\"https:\\\/\\\/marekkuchcinski.pl\\\/wydarzenia\\\/premierzy-polski-czech-i-slowenii-spotkali-sie-w-kijowie-z-premierem-i-prezydentem-ukrainy\\\/\",\"name\":\"Premierzy Polski, Czech i S\u0142owenii spotkali si\u0119 w Kijowie z premierem i prezydentem Ukrainy &#8211; Marek Kuchci\u0144ski\",\"isPartOf\":{\"@id\":\"https:\\\/\\\/marekkuchcinski.pl\\\/#website\"},\"primaryImageOfPage\":{\"@id\":\"https:\\\/\\\/marekkuchcinski.pl\\\/wydarzenia\\\/premierzy-polski-czech-i-slowenii-spotkali-sie-w-kijowie-z-premierem-i-prezydentem-ukrainy\\\/#primaryimage\"},\"image\":{\"@id\":\"https:\\\/\\\/marekkuchcinski.pl\\\/wydarzenia\\\/premierzy-polski-czech-i-slowenii-spotkali-sie-w-kijowie-z-premierem-i-prezydentem-ukrainy\\\/#primaryimage\"},\"thumbnailUrl\":\"https:\\\/\\\/marekkuchcinski.pl\\\/wp-content\\\/uploads\\\/2022\\\/03\\\/FN7JF6wWUAMYDtU.jpg\",\"datePublished\":\"2022-03-16T08:54:40+00:00\",\"dateModified\":\"2022-03-16T08:58:00+00:00\",\"breadcrumb\":{\"@id\":\"https:\\\/\\\/marekkuchcinski.pl\\\/wydarzenia\\\/premierzy-polski-czech-i-slowenii-spotkali-sie-w-kijowie-z-premierem-i-prezydentem-ukrainy\\\/#breadcrumb\"},\"inLanguage\":\"uk\",\"potentialAction\":[{\"@type\":\"ReadAction\",\"target\":[\"https:\\\/\\\/marekkuchcinski.pl\\\/wydarzenia\\\/premierzy-polski-czech-i-slowenii-spotkali-sie-w-kijowie-z-premierem-i-prezydentem-ukrainy\\\/\"]}]},{\"@type\":\"ImageObject\",\"inLanguage\":\"uk\",\"@id\":\"https:\\\/\\\/marekkuchcinski.pl\\\/wydarzenia\\\/premierzy-polski-czech-i-slowenii-spotkali-sie-w-kijowie-z-premierem-i-prezydentem-ukrainy\\\/#primaryimage\",\"url\":\"https:\\\/\\\/marekkuchcinski.pl\\\/wp-content\\\/uploads\\\/2022\\\/03\\\/FN7JF6wWUAMYDtU.jpg\",\"contentUrl\":\"https:\\\/\\\/marekkuchcinski.pl\\\/wp-content\\\/uploads\\\/2022\\\/03\\\/FN7JF6wWUAMYDtU.jpg\",\"width\":1024,\"height\":682},{\"@type\":\"BreadcrumbList\",\"@id\":\"https:\\\/\\\/marekkuchcinski.pl\\\/wydarzenia\\\/premierzy-polski-czech-i-slowenii-spotkali-sie-w-kijowie-z-premierem-i-prezydentem-ukrainy\\\/#breadcrumb\",\"itemListElement\":[{\"@type\":\"ListItem\",\"position\":1,\"name\":\"Strona g\u0142\u00f3wna\",\"item\":\"https:\\\/\\\/marekkuchcinski.pl\\\/\"},{\"@type\":\"ListItem\",\"position\":2,\"name\":\"Premierzy Polski, Czech i S\u0142owenii spotkali si\u0119 w Kijowie z premierem i prezydentem Ukrainy\"}]},{\"@type\":\"WebSite\",\"@id\":\"https:\\\/\\\/marekkuchcinski.pl\\\/#website\",\"url\":\"https:\\\/\\\/marekkuchcinski.pl\\\/\",\"name\":\"Marek Kuchci\u0144ski\",\"description\":\"Marek Kuchci\u0144ski \",\"publisher\":{\"@id\":\"https:\\\/\\\/marekkuchcinski.pl\\\/#organization\"},\"potentialAction\":[{\"@type\":\"SearchAction\",\"target\":{\"@type\":\"EntryPoint\",\"urlTemplate\":\"https:\\\/\\\/marekkuchcinski.pl\\\/?s={search_term_string}\"},\"query-input\":{\"@type\":\"PropertyValueSpecification\",\"valueRequired\":true,\"valueName\":\"search_term_string\"}}],\"inLanguage\":\"uk\"},{\"@type\":\"Organization\",\"@id\":\"https:\\\/\\\/marekkuchcinski.pl\\\/#organization\",\"name\":\"Marek Kuchci\u0144ski\",\"url\":\"https:\\\/\\\/marekkuchcinski.pl\\\/\",\"logo\":{\"@type\":\"ImageObject\",\"inLanguage\":\"uk\",\"@id\":\"https:\\\/\\\/marekkuchcinski.pl\\\/#\\\/schema\\\/logo\\\/image\\\/\",\"url\":\"https:\\\/\\\/marekkuchcinski.pl\\\/wp-content\\\/uploads\\\/2022\\\/09\\\/Marek.jpg\",\"contentUrl\":\"https:\\\/\\\/marekkuchcinski.pl\\\/wp-content\\\/uploads\\\/2022\\\/09\\\/Marek.jpg\",\"width\":1600,\"height\":971,\"caption\":\"Marek Kuchci\u0144ski\"},\"image\":{\"@id\":\"https:\\\/\\\/marekkuchcinski.pl\\\/#\\\/schema\\\/logo\\\/image\\\/\"}},{\"@type\":\"Person\",\"@id\":\"https:\\\/\\\/marekkuchcinski.pl\\\/#\\\/schema\\\/person\\\/bd3f15dee67fee76e83c8350d0154101\",\"name\":\"Marta Olejnik\",\"image\":{\"@type\":\"ImageObject\",\"inLanguage\":\"uk\",\"@id\":\"https:\\\/\\\/secure.gravatar.com\\\/avatar\\\/24754edd6080383402e292374b406b553027d572e97d60e7aa89a6940e88659a?s=96&d=mm&r=g\",\"url\":\"https:\\\/\\\/secure.gravatar.com\\\/avatar\\\/24754edd6080383402e292374b406b553027d572e97d60e7aa89a6940e88659a?s=96&d=mm&r=g\",\"contentUrl\":\"https:\\\/\\\/secure.gravatar.com\\\/avatar\\\/24754edd6080383402e292374b406b553027d572e97d60e7aa89a6940e88659a?s=96&d=mm&r=g\",\"caption\":\"Marta Olejnik\"},\"url\":\"https:\\\/\\\/marekkuchcinski.pl\\\/uk\\\/author\\\/marta\\\/\"}]}<\/script>\n<!-- \/ Yoast SEO plugin. -->","yoast_head_json":{"title":"Premierzy Polski, Czech i S\u0142owenii spotkali si\u0119 w Kijowie z premierem i prezydentem Ukrainy &#8211; Marek Kuchci\u0144ski","robots":{"index":"index","follow":"follow","max-snippet":"max-snippet:-1","max-image-preview":"max-image-preview:large","max-video-preview":"max-video-preview:-1"},"canonical":"https:\/\/marekkuchcinski.pl\/uk\/wydarzenia\/premierzy-polski-czech-i-slowenii-spotkali-sie-w-kijowie-z-premierem-i-prezydentem-ukrainy\/","og_locale":"uk_UA","og_type":"article","og_title":"Premierzy Polski, Czech i S\u0142owenii spotkali si\u0119 w Kijowie z premierem i prezydentem Ukrainy &#8211; Marek Kuchci\u0144ski","og_description":"Prezes Rady Ministr\u00f3w Mateusz Morawiecki oraz wiceprezes Rady Ministr\u00f3w, przewodnicz\u0105cy Komitetu ds. Bezpiecze\u0144stwa Narodowego i spraw Obronnych Jaros\u0142aw Kaczy\u0144ski wraz z premierem Czech Petrem Fial\u0105 oraz premierem S\u0142owenii Janezem Jan\u0161\u0105 udali si\u0119 poci\u0105giem na spotkanie z prezydentem Ukrainy Wo\u0142odymyrem Ze\u0142enskim i premierem Ukrainy Denysem Szmyhalem. G\u0142\u00f3wnym tematem rozm\u00f3w by\u0142a agresja Rosji w Ukrainie, przywr\u00f3cenie bezpiecze\u0144stwa [&hellip;]","og_url":"https:\/\/marekkuchcinski.pl\/uk\/wydarzenia\/premierzy-polski-czech-i-slowenii-spotkali-sie-w-kijowie-z-premierem-i-prezydentem-ukrainy\/","og_site_name":"Marek Kuchci\u0144ski","article_published_time":"2022-03-16T08:54:40+00:00","article_modified_time":"2022-03-16T08:58:00+00:00","og_image":[{"width":1024,"height":682,"url":"https:\/\/marekkuchcinski.pl\/wp-content\/uploads\/2022\/03\/FN7JF6wWUAMYDtU.jpg","type":"image\/jpeg"}],"author":"Marta Olejnik","twitter_card":"summary_large_image","twitter_misc":{"Written by":"Marta Olejnik","Est. reading time":"2 minutes"},"schema":{"@context":"https:\/\/schema.org","@graph":[{"@type":"Article","@id":"https:\/\/marekkuchcinski.pl\/wydarzenia\/premierzy-polski-czech-i-slowenii-spotkali-sie-w-kijowie-z-premierem-i-prezydentem-ukrainy\/#article","isPartOf":{"@id":"https:\/\/marekkuchcinski.pl\/wydarzenia\/premierzy-polski-czech-i-slowenii-spotkali-sie-w-kijowie-z-premierem-i-prezydentem-ukrainy\/"},"author":{"name":"Marta Olejnik","@id":"https:\/\/marekkuchcinski.pl\/#\/schema\/person\/bd3f15dee67fee76e83c8350d0154101"},"headline":"Premierzy Polski, Czech i S\u0142owenii spotkali si\u0119 w Kijowie z premierem i prezydentem Ukrainy","datePublished":"2022-03-16T08:54:40+00:00","dateModified":"2022-03-16T08:58:00+00:00","mainEntityOfPage":{"@id":"https:\/\/marekkuchcinski.pl\/wydarzenia\/premierzy-polski-czech-i-slowenii-spotkali-sie-w-kijowie-z-premierem-i-prezydentem-ukrainy\/"},"wordCount":313,"commentCount":0,"publisher":{"@id":"https:\/\/marekkuchcinski.pl\/#organization"},"image":{"@id":"https:\/\/marekkuchcinski.pl\/wydarzenia\/premierzy-polski-czech-i-slowenii-spotkali-sie-w-kijowie-z-premierem-i-prezydentem-ukrainy\/#primaryimage"},"thumbnailUrl":"https:\/\/marekkuchcinski.pl\/wp-content\/uploads\/2022\/03\/FN7JF6wWUAMYDtU.jpg","articleSection":["Wsp\u00f3\u0142praca mi\u0119dzynarodowa","Wydarzenia"],"inLanguage":"uk","potentialAction":[{"@type":"CommentAction","name":"Comment","target":["https:\/\/marekkuchcinski.pl\/wydarzenia\/premierzy-polski-czech-i-slowenii-spotkali-sie-w-kijowie-z-premierem-i-prezydentem-ukrainy\/#respond"]}]},{"@type":"WebPage","@id":"https:\/\/marekkuchcinski.pl\/wydarzenia\/premierzy-polski-czech-i-slowenii-spotkali-sie-w-kijowie-z-premierem-i-prezydentem-ukrainy\/","url":"https:\/\/marekkuchcinski.pl\/wydarzenia\/premierzy-polski-czech-i-slowenii-spotkali-sie-w-kijowie-z-premierem-i-prezydentem-ukrainy\/","name":"Premierzy Polski, Czech i S\u0142owenii spotkali si\u0119 w Kijowie z premierem i prezydentem Ukrainy &#8211; Marek Kuchci\u0144ski","isPartOf":{"@id":"https:\/\/marekkuchcinski.pl\/#website"},"primaryImageOfPage":{"@id":"https:\/\/marekkuchcinski.pl\/wydarzenia\/premierzy-polski-czech-i-slowenii-spotkali-sie-w-kijowie-z-premierem-i-prezydentem-ukrainy\/#primaryimage"},"image":{"@id":"https:\/\/marekkuchcinski.pl\/wydarzenia\/premierzy-polski-czech-i-slowenii-spotkali-sie-w-kijowie-z-premierem-i-prezydentem-ukrainy\/#primaryimage"},"thumbnailUrl":"https:\/\/marekkuchcinski.pl\/wp-content\/uploads\/2022\/03\/FN7JF6wWUAMYDtU.jpg","datePublished":"2022-03-16T08:54:40+00:00","dateModified":"2022-03-16T08:58:00+00:00","breadcrumb":{"@id":"https:\/\/marekkuchcinski.pl\/wydarzenia\/premierzy-polski-czech-i-slowenii-spotkali-sie-w-kijowie-z-premierem-i-prezydentem-ukrainy\/#breadcrumb"},"inLanguage":"uk","potentialAction":[{"@type":"ReadAction","target":["https:\/\/marekkuchcinski.pl\/wydarzenia\/premierzy-polski-czech-i-slowenii-spotkali-sie-w-kijowie-z-premierem-i-prezydentem-ukrainy\/"]}]},{"@type":"ImageObject","inLanguage":"uk","@id":"https:\/\/marekkuchcinski.pl\/wydarzenia\/premierzy-polski-czech-i-slowenii-spotkali-sie-w-kijowie-z-premierem-i-prezydentem-ukrainy\/#primaryimage","url":"https:\/\/marekkuchcinski.pl\/wp-content\/uploads\/2022\/03\/FN7JF6wWUAMYDtU.jpg","contentUrl":"https:\/\/marekkuchcinski.pl\/wp-content\/uploads\/2022\/03\/FN7JF6wWUAMYDtU.jpg","width":1024,"height":682},{"@type":"BreadcrumbList","@id":"https:\/\/marekkuchcinski.pl\/wydarzenia\/premierzy-polski-czech-i-slowenii-spotkali-sie-w-kijowie-z-premierem-i-prezydentem-ukrainy\/#breadcrumb","itemListElement":[{"@type":"ListItem","position":1,"name":"Strona g\u0142\u00f3wna","item":"https:\/\/marekkuchcinski.pl\/"},{"@type":"ListItem","position":2,"name":"Premierzy Polski, Czech i S\u0142owenii spotkali si\u0119 w Kijowie z premierem i prezydentem Ukrainy"}]},{"@type":"WebSite","@id":"https:\/\/marekkuchcinski.pl\/#website","url":"https:\/\/marekkuchcinski.pl\/","name":"Marek Kuchci\u0144ski","description":"Marek Kuchci\u0144ski","publisher":{"@id":"https:\/\/marekkuchcinski.pl\/#organization"},"potentialAction":[{"@type":"SearchAction","target":{"@type":"EntryPoint","urlTemplate":"https:\/\/marekkuchcinski.pl\/?s={search_term_string}"},"query-input":{"@type":"PropertyValueSpecification","valueRequired":true,"valueName":"search_term_string"}}],"inLanguage":"uk"},{"@type":"Organization","@id":"https:\/\/marekkuchcinski.pl\/#organization","name":"Marek Kuchci\u0144ski","url":"https:\/\/marekkuchcinski.pl\/","logo":{"@type":"ImageObject","inLanguage":"uk","@id":"https:\/\/marekkuchcinski.pl\/#\/schema\/logo\/image\/","url":"https:\/\/marekkuchcinski.pl\/wp-content\/uploads\/2022\/09\/Marek.jpg","contentUrl":"https:\/\/marekkuchcinski.pl\/wp-content\/uploads\/2022\/09\/Marek.jpg","width":1600,"height":971,"caption":"Marek Kuchci\u0144ski"},"image":{"@id":"https:\/\/marekkuchcinski.pl\/#\/schema\/logo\/image\/"}},{"@type":"Person","@id":"https:\/\/marekkuchcinski.pl\/#\/schema\/person\/bd3f15dee67fee76e83c8350d0154101","name":"Marta Olejnik","image":{"@type":"ImageObject","inLanguage":"uk","@id":"https:\/\/secure.gravatar.com\/avatar\/24754edd6080383402e292374b406b553027d572e97d60e7aa89a6940e88659a?s=96&d=mm&r=g","url":"https:\/\/secure.gravatar.com\/avatar\/24754edd6080383402e292374b406b553027d572e97d60e7aa89a6940e88659a?s=96&d=mm&r=g","contentUrl":"https:\/\/secure.gravatar.com\/avatar\/24754edd6080383402e292374b406b553027d572e97d60e7aa89a6940e88659a?s=96&d=mm&r=g","caption":"Marta Olejnik"},"url":"https:\/\/marekkuchcinski.pl\/uk\/author\/marta\/"}]}},"_links":{"self":[{"href":"https:\/\/marekkuchcinski.pl\/uk\/wp-json\/wp\/v2\/posts\/24523","targetHints":{"allow":["GET"]}}],"collection":[{"href":"https:\/\/marekkuchcinski.pl\/uk\/wp-json\/wp\/v2\/posts"}],"about":[{"href":"https:\/\/marekkuchcinski.pl\/uk\/wp-json\/wp\/v2\/types\/post"}],"author":[{"embeddable":true,"href":"https:\/\/marekkuchcinski.pl\/uk\/wp-json\/wp\/v2\/users\/3"}],"replies":[{"embeddable":true,"href":"https:\/\/marekkuchcinski.pl\/uk\/wp-json\/wp\/v2\/comments?post=24523"}],"version-history":[{"count":8,"href":"https:\/\/marekkuchcinski.pl\/uk\/wp-json\/wp\/v2\/posts\/24523\/revisions"}],"predecessor-version":[{"id":24537,"href":"https:\/\/marekkuchcinski.pl\/uk\/wp-json\/wp\/v2\/posts\/24523\/revisions\/24537"}],"wp:featuredmedia":[{"embeddable":true,"href":"https:\/\/marekkuchcinski.pl\/uk\/wp-json\/wp\/v2\/media\/24524"}],"wp:attachment":[{"href":"https:\/\/marekkuchcinski.pl\/uk\/wp-json\/wp\/v2\/media?parent=24523"}],"wp:term":[{"taxonomy":"category","embeddable":true,"href":"https:\/\/marekkuchcinski.pl\/uk\/wp-json\/wp\/v2\/categories?post=24523"},{"taxonomy":"post_tag","embeddable":true,"href":"https:\/\/marekkuchcinski.pl\/uk\/wp-json\/wp\/v2\/tags?post=24523"}],"curies":[{"name":"wp","href":"https:\/\/api.w.org\/{rel}","templated":true}]}}