{"id":24323,"date":"2022-02-10T20:58:42","date_gmt":"2022-02-10T19:58:42","guid":{"rendered":"https:\/\/marekkuchcinski.pl\/?p=24323"},"modified":"2022-02-10T21:04:24","modified_gmt":"2022-02-10T20:04:24","slug":"krasiczyn-ludzie-kultury-i-sztuki-odznaczeni-za-zaslugi","status":"publish","type":"post","link":"https:\/\/marekkuchcinski.pl\/uk\/wydarzenia\/krasiczyn-ludzie-kultury-i-sztuki-odznaczeni-za-zaslugi\/","title":{"rendered":"Krasiczyn: ludzie kultury i sztuki odznaczeni za zas\u0142ugi"},"content":{"rendered":"<p class=\"wp-block-paragraph\">W Krasiczynie podczas 32. konferencji Europa Karpat wiceminister MKiDN Jaros\u0142aw Sellin odznaczy\u0142 za zas\u0142ugi ludzi kultury i sztuki, w tym przemyskich przyjaci\u00f3\u0142, wsp\u00f3\u0142tw\u00f3rc\u00f3w \u015brodowiska kultury niezale\u017cnej z lat 80.: \u201eStrychu Kulturalnego&#8221;, \u201eSpojrze\u0144 Przemyskich&#8221; i wystaw \u201eCz\u0142owiek \u2013 B\u00f3g \u2013 \u015awiat\u201d. <\/p>\n\n\n\n<p class=\"wp-block-paragraph\"> \u2013  <strong>Kultura rozwija si\u0119 w oparciu o r\u00f3\u017cne niezale\u017cno\u015bci, tak\u017ce od kr\u0119g\u00f3w politycznych. Ludzie kultury zawsze pozostawali sob\u0105  \u2013 <\/strong> powiedzia\u0142 Marek Kuchci\u0144ski, kt\u00f3rymi z wieloma z odznaczonych pracowa\u0142 przy powy\u017cszych tytu\u0142ach i wystawach, a tak\u017ce wsp\u00f3\u0142pracowa\u0142 w podziemiu komunistycznym przy tworzeniu i kolporta\u017cu bibu\u0142y<strong>. <\/strong><\/p>\n\n\n\n<p class=\"wp-block-paragraph\">Srebrny Medal \u201eZas\u0142u\u017cony Kulturze Gloria Artis&#8221; otrzymali:\u2022 Narcyz Pi\u00f3recki\u2022 Jan Ferenc\u2022 Andrzej Mazur\u2022 Andrzej Mikrut\u2022 Jan Musia\u0142\u2022 Gra\u017cyna Niezgoda\u2022 Janusz Polaczek\u2022 Barbara Torba\u2022 Helena Wodnicka\u2022 ks. Marek Wojnarowski\u2022 Marek Zazula<\/p>\n\n\n\n<p class=\"wp-block-paragraph\">Odznak\u0119 \u201eZas\u0142u\u017cony dla Kultury Polskiej&#8221; otrzyma\u0142:\u2022 Akos Engelmayer\u2022 Zofia Bator\u2022 Iwona Bobko\u2022 Andrzej Piotr Cieszy\u0144ski\u2022 Ma\u0142gorzata Dziura\u2022 Bo\u017cena Figiela\u2022 Jan Jarosz\u2022 Karol Kicman\u2022 Waldemar Wiglusz\u2022 Katarzyna Trojanowska\u2022 Maria Wo\u0142kOdznak\u0119 \u201eZa opiek\u0119 nad zabytkami&#8221; otrzyma\u0142a:\u2022 Brygida BuszDyplom Ministra Kultury i Dziedzictwa Narodowego otrzyma\u0142:\u2022 Andrzej Koperski<\/p>\n\n\n\n<figure class=\"wp-block-image size-large\"><a href=\"https:\/\/marekkuchcinski.pl\/wp-content\/uploads\/2022\/02\/o3-scaled.jpg\"><img fetchpriority=\"high\" decoding=\"async\" width=\"1024\" height=\"682\" src=\"https:\/\/marekkuchcinski.pl\/wp-content\/uploads\/2022\/02\/o3-1024x682.jpg\" alt=\"\" class=\"wp-image-24324\" srcset=\"https:\/\/marekkuchcinski.pl\/wp-content\/uploads\/2022\/02\/o3-1024x682.jpg 1024w, https:\/\/marekkuchcinski.pl\/wp-content\/uploads\/2022\/02\/o3-300x200.jpg 300w, https:\/\/marekkuchcinski.pl\/wp-content\/uploads\/2022\/02\/o3-768x512.jpg 768w, https:\/\/marekkuchcinski.pl\/wp-content\/uploads\/2022\/02\/o3-1536x1023.jpg 1536w, https:\/\/marekkuchcinski.pl\/wp-content\/uploads\/2022\/02\/o3-scaled.jpg 2048w, https:\/\/marekkuchcinski.pl\/wp-content\/uploads\/2022\/02\/o3-18x12.jpg 18w\" sizes=\"(max-width: 1024px) 100vw, 1024px\" \/><\/a><\/figure>\n\n\n\n<figure class=\"wp-block-image size-large\"><a href=\"https:\/\/marekkuchcinski.pl\/wp-content\/uploads\/2022\/02\/n6-scaled.jpg\"><img decoding=\"async\" width=\"1024\" height=\"691\" src=\"https:\/\/marekkuchcinski.pl\/wp-content\/uploads\/2022\/02\/n6-1024x691.jpg\" alt=\"\" class=\"wp-image-24335\" srcset=\"https:\/\/marekkuchcinski.pl\/wp-content\/uploads\/2022\/02\/n6-1024x691.jpg 1024w, https:\/\/marekkuchcinski.pl\/wp-content\/uploads\/2022\/02\/n6-300x202.jpg 300w, https:\/\/marekkuchcinski.pl\/wp-content\/uploads\/2022\/02\/n6-768x518.jpg 768w, https:\/\/marekkuchcinski.pl\/wp-content\/uploads\/2022\/02\/n6-1536x1036.jpg 1536w, https:\/\/marekkuchcinski.pl\/wp-content\/uploads\/2022\/02\/n6-scaled.jpg 2048w, https:\/\/marekkuchcinski.pl\/wp-content\/uploads\/2022\/02\/n6-18x12.jpg 18w\" sizes=\"(max-width: 1024px) 100vw, 1024px\" \/><\/a><\/figure>\n\n\n\n<figure class=\"wp-block-image size-large\"><a href=\"https:\/\/marekkuchcinski.pl\/wp-content\/uploads\/2022\/02\/o1-scaled.jpg\"><img decoding=\"async\" width=\"1024\" height=\"683\" src=\"https:\/\/marekkuchcinski.pl\/wp-content\/uploads\/2022\/02\/o1-1024x683.jpg\" alt=\"\" class=\"wp-image-24325\" srcset=\"https:\/\/marekkuchcinski.pl\/wp-content\/uploads\/2022\/02\/o1-1024x683.jpg 1024w, https:\/\/marekkuchcinski.pl\/wp-content\/uploads\/2022\/02\/o1-300x200.jpg 300w, https:\/\/marekkuchcinski.pl\/wp-content\/uploads\/2022\/02\/o1-768x512.jpg 768w, https:\/\/marekkuchcinski.pl\/wp-content\/uploads\/2022\/02\/o1-1536x1024.jpg 1536w, https:\/\/marekkuchcinski.pl\/wp-content\/uploads\/2022\/02\/o1-scaled.jpg 2048w, https:\/\/marekkuchcinski.pl\/wp-content\/uploads\/2022\/02\/o1-18x12.jpg 18w\" sizes=\"(max-width: 1024px) 100vw, 1024px\" \/><\/a><\/figure>\n\n\n\n<figure class=\"wp-block-image size-large\"><a href=\"https:\/\/marekkuchcinski.pl\/wp-content\/uploads\/2022\/02\/o2-scaled.jpg\"><img loading=\"lazy\" decoding=\"async\" width=\"1024\" height=\"678\" src=\"https:\/\/marekkuchcinski.pl\/wp-content\/uploads\/2022\/02\/o2-1024x678.jpg\" alt=\"\" class=\"wp-image-24327\" srcset=\"https:\/\/marekkuchcinski.pl\/wp-content\/uploads\/2022\/02\/o2-1024x678.jpg 1024w, https:\/\/marekkuchcinski.pl\/wp-content\/uploads\/2022\/02\/o2-300x199.jpg 300w, https:\/\/marekkuchcinski.pl\/wp-content\/uploads\/2022\/02\/o2-768x509.jpg 768w, https:\/\/marekkuchcinski.pl\/wp-content\/uploads\/2022\/02\/o2-1536x1017.jpg 1536w, https:\/\/marekkuchcinski.pl\/wp-content\/uploads\/2022\/02\/o2-scaled.jpg 2048w, https:\/\/marekkuchcinski.pl\/wp-content\/uploads\/2022\/02\/o2-18x12.jpg 18w\" sizes=\"(max-width: 1024px) 100vw, 1024px\" \/><\/a><\/figure>\n\n\n\n<figure class=\"wp-block-image size-large\"><a href=\"https:\/\/marekkuchcinski.pl\/wp-content\/uploads\/2022\/02\/a-scaled.jpg\"><img loading=\"lazy\" decoding=\"async\" width=\"1024\" height=\"683\" src=\"https:\/\/marekkuchcinski.pl\/wp-content\/uploads\/2022\/02\/a-1024x683.jpg\" alt=\"\" class=\"wp-image-24328\" srcset=\"https:\/\/marekkuchcinski.pl\/wp-content\/uploads\/2022\/02\/a-1024x683.jpg 1024w, https:\/\/marekkuchcinski.pl\/wp-content\/uploads\/2022\/02\/a-300x200.jpg 300w, https:\/\/marekkuchcinski.pl\/wp-content\/uploads\/2022\/02\/a-768x512.jpg 768w, https:\/\/marekkuchcinski.pl\/wp-content\/uploads\/2022\/02\/a-1536x1024.jpg 1536w, https:\/\/marekkuchcinski.pl\/wp-content\/uploads\/2022\/02\/a-scaled.jpg 2048w, https:\/\/marekkuchcinski.pl\/wp-content\/uploads\/2022\/02\/a-18x12.jpg 18w\" sizes=\"(max-width: 1024px) 100vw, 1024px\" \/><\/a><\/figure>\n\n\n\n<figure class=\"wp-block-image size-large\"><a href=\"https:\/\/marekkuchcinski.pl\/wp-content\/uploads\/2022\/02\/wig-scaled.jpg\"><img loading=\"lazy\" decoding=\"async\" width=\"1024\" height=\"683\" src=\"https:\/\/marekkuchcinski.pl\/wp-content\/uploads\/2022\/02\/wig-1024x683.jpg\" alt=\"\" class=\"wp-image-24331\" srcset=\"https:\/\/marekkuchcinski.pl\/wp-content\/uploads\/2022\/02\/wig-1024x683.jpg 1024w, https:\/\/marekkuchcinski.pl\/wp-content\/uploads\/2022\/02\/wig-300x200.jpg 300w, https:\/\/marekkuchcinski.pl\/wp-content\/uploads\/2022\/02\/wig-768x512.jpg 768w, https:\/\/marekkuchcinski.pl\/wp-content\/uploads\/2022\/02\/wig-1536x1024.jpg 1536w, https:\/\/marekkuchcinski.pl\/wp-content\/uploads\/2022\/02\/wig-scaled.jpg 2048w, https:\/\/marekkuchcinski.pl\/wp-content\/uploads\/2022\/02\/wig-18x12.jpg 18w\" sizes=\"(max-width: 1024px) 100vw, 1024px\" \/><\/a><\/figure>\n\n\n\n<figure class=\"wp-block-image size-large\"><a href=\"https:\/\/marekkuchcinski.pl\/wp-content\/uploads\/2022\/02\/nagr-scaled.jpg\"><img loading=\"lazy\" decoding=\"async\" width=\"1024\" height=\"670\" src=\"https:\/\/marekkuchcinski.pl\/wp-content\/uploads\/2022\/02\/nagr-1024x670.jpg\" alt=\"\" class=\"wp-image-24333\" srcset=\"https:\/\/marekkuchcinski.pl\/wp-content\/uploads\/2022\/02\/nagr-1024x670.jpg 1024w, https:\/\/marekkuchcinski.pl\/wp-content\/uploads\/2022\/02\/nagr-300x196.jpg 300w, https:\/\/marekkuchcinski.pl\/wp-content\/uploads\/2022\/02\/nagr-768x502.jpg 768w, https:\/\/marekkuchcinski.pl\/wp-content\/uploads\/2022\/02\/nagr-1536x1004.jpg 1536w, https:\/\/marekkuchcinski.pl\/wp-content\/uploads\/2022\/02\/nagr-scaled.jpg 2048w, https:\/\/marekkuchcinski.pl\/wp-content\/uploads\/2022\/02\/nagr-18x12.jpg 18w\" sizes=\"(max-width: 1024px) 100vw, 1024px\" \/><\/a><\/figure>\n\n\n\n<figure class=\"wp-block-image size-large\"><a href=\"https:\/\/marekkuchcinski.pl\/wp-content\/uploads\/2022\/02\/n1-scaled.jpg\"><img loading=\"lazy\" decoding=\"async\" width=\"1024\" height=\"683\" src=\"https:\/\/marekkuchcinski.pl\/wp-content\/uploads\/2022\/02\/n1-1024x683.jpg\" alt=\"\" class=\"wp-image-24336\" srcset=\"https:\/\/marekkuchcinski.pl\/wp-content\/uploads\/2022\/02\/n1-1024x683.jpg 1024w, https:\/\/marekkuchcinski.pl\/wp-content\/uploads\/2022\/02\/n1-300x200.jpg 300w, https:\/\/marekkuchcinski.pl\/wp-content\/uploads\/2022\/02\/n1-768x512.jpg 768w, https:\/\/marekkuchcinski.pl\/wp-content\/uploads\/2022\/02\/n1-1536x1024.jpg 1536w, https:\/\/marekkuchcinski.pl\/wp-content\/uploads\/2022\/02\/n1-scaled.jpg 2048w, https:\/\/marekkuchcinski.pl\/wp-content\/uploads\/2022\/02\/n1-18x12.jpg 18w\" sizes=\"(max-width: 1024px) 100vw, 1024px\" \/><\/a><\/figure>\n\n\n\n<figure class=\"wp-block-image size-large\"><a href=\"https:\/\/marekkuchcinski.pl\/wp-content\/uploads\/2022\/02\/n2-scaled.jpg\"><img loading=\"lazy\" decoding=\"async\" width=\"1024\" height=\"697\" src=\"https:\/\/marekkuchcinski.pl\/wp-content\/uploads\/2022\/02\/n2-1024x697.jpg\" alt=\"\" class=\"wp-image-24337\" srcset=\"https:\/\/marekkuchcinski.pl\/wp-content\/uploads\/2022\/02\/n2-1024x697.jpg 1024w, https:\/\/marekkuchcinski.pl\/wp-content\/uploads\/2022\/02\/n2-300x204.jpg 300w, https:\/\/marekkuchcinski.pl\/wp-content\/uploads\/2022\/02\/n2-768x523.jpg 768w, https:\/\/marekkuchcinski.pl\/wp-content\/uploads\/2022\/02\/n2-1536x1046.jpg 1536w, https:\/\/marekkuchcinski.pl\/wp-content\/uploads\/2022\/02\/n2-scaled.jpg 2048w, https:\/\/marekkuchcinski.pl\/wp-content\/uploads\/2022\/02\/n2-18x12.jpg 18w\" sizes=\"(max-width: 1024px) 100vw, 1024px\" \/><\/a><\/figure>\n\n\n\n<figure class=\"wp-block-image size-large\"><a href=\"https:\/\/marekkuchcinski.pl\/wp-content\/uploads\/2022\/02\/n3-scaled.jpg\"><img loading=\"lazy\" decoding=\"async\" width=\"1024\" height=\"683\" src=\"https:\/\/marekkuchcinski.pl\/wp-content\/uploads\/2022\/02\/n3-1024x683.jpg\" alt=\"\" class=\"wp-image-24338\" srcset=\"https:\/\/marekkuchcinski.pl\/wp-content\/uploads\/2022\/02\/n3-1024x683.jpg 1024w, https:\/\/marekkuchcinski.pl\/wp-content\/uploads\/2022\/02\/n3-300x200.jpg 300w, https:\/\/marekkuchcinski.pl\/wp-content\/uploads\/2022\/02\/n3-768x512.jpg 768w, https:\/\/marekkuchcinski.pl\/wp-content\/uploads\/2022\/02\/n3-1536x1024.jpg 1536w, https:\/\/marekkuchcinski.pl\/wp-content\/uploads\/2022\/02\/n3-scaled.jpg 2048w, https:\/\/marekkuchcinski.pl\/wp-content\/uploads\/2022\/02\/n3-18x12.jpg 18w\" sizes=\"(max-width: 1024px) 100vw, 1024px\" \/><\/a><\/figure>\n\n\n\n<figure class=\"wp-block-image size-large\"><a href=\"https:\/\/marekkuchcinski.pl\/wp-content\/uploads\/2022\/02\/n4-scaled.jpg\"><img loading=\"lazy\" decoding=\"async\" width=\"1024\" height=\"726\" src=\"https:\/\/marekkuchcinski.pl\/wp-content\/uploads\/2022\/02\/n4-1024x726.jpg\" alt=\"\" class=\"wp-image-24339\" srcset=\"https:\/\/marekkuchcinski.pl\/wp-content\/uploads\/2022\/02\/n4-1024x726.jpg 1024w, https:\/\/marekkuchcinski.pl\/wp-content\/uploads\/2022\/02\/n4-300x213.jpg 300w, https:\/\/marekkuchcinski.pl\/wp-content\/uploads\/2022\/02\/n4-768x545.jpg 768w, https:\/\/marekkuchcinski.pl\/wp-content\/uploads\/2022\/02\/n4-1536x1089.jpg 1536w, https:\/\/marekkuchcinski.pl\/wp-content\/uploads\/2022\/02\/n4-scaled.jpg 2048w, https:\/\/marekkuchcinski.pl\/wp-content\/uploads\/2022\/02\/n4-18x12.jpg 18w\" sizes=\"(max-width: 1024px) 100vw, 1024px\" \/><\/a><\/figure>\n\n\n\n<figure class=\"wp-block-image size-large\"><a href=\"https:\/\/marekkuchcinski.pl\/wp-content\/uploads\/2022\/02\/n5-scaled.jpg\"><img loading=\"lazy\" decoding=\"async\" width=\"1024\" height=\"683\" src=\"https:\/\/marekkuchcinski.pl\/wp-content\/uploads\/2022\/02\/n5-1024x683.jpg\" alt=\"\" class=\"wp-image-24340\" srcset=\"https:\/\/marekkuchcinski.pl\/wp-content\/uploads\/2022\/02\/n5-1024x683.jpg 1024w, https:\/\/marekkuchcinski.pl\/wp-content\/uploads\/2022\/02\/n5-300x200.jpg 300w, https:\/\/marekkuchcinski.pl\/wp-content\/uploads\/2022\/02\/n5-768x512.jpg 768w, https:\/\/marekkuchcinski.pl\/wp-content\/uploads\/2022\/02\/n5-1536x1024.jpg 1536w, https:\/\/marekkuchcinski.pl\/wp-content\/uploads\/2022\/02\/n5-scaled.jpg 2048w, https:\/\/marekkuchcinski.pl\/wp-content\/uploads\/2022\/02\/n5-18x12.jpg 18w\" sizes=\"(max-width: 1024px) 100vw, 1024px\" \/><\/a><\/figure>\n\n\n\n<figure class=\"wp-block-image size-large\"><a href=\"https:\/\/marekkuchcinski.pl\/wp-content\/uploads\/2022\/02\/n7-scaled.jpg\"><img loading=\"lazy\" decoding=\"async\" width=\"1024\" height=\"703\" src=\"https:\/\/marekkuchcinski.pl\/wp-content\/uploads\/2022\/02\/n7-1024x703.jpg\" alt=\"\" class=\"wp-image-24341\" srcset=\"https:\/\/marekkuchcinski.pl\/wp-content\/uploads\/2022\/02\/n7-1024x703.jpg 1024w, https:\/\/marekkuchcinski.pl\/wp-content\/uploads\/2022\/02\/n7-300x206.jpg 300w, https:\/\/marekkuchcinski.pl\/wp-content\/uploads\/2022\/02\/n7-768x527.jpg 768w, https:\/\/marekkuchcinski.pl\/wp-content\/uploads\/2022\/02\/n7-1536x1054.jpg 1536w, https:\/\/marekkuchcinski.pl\/wp-content\/uploads\/2022\/02\/n7-scaled.jpg 2048w, https:\/\/marekkuchcinski.pl\/wp-content\/uploads\/2022\/02\/n7-18x12.jpg 18w\" sizes=\"(max-width: 1024px) 100vw, 1024px\" \/><\/a><\/figure>\n\n\n\n<figure class=\"wp-block-image size-large\"><a href=\"https:\/\/marekkuchcinski.pl\/wp-content\/uploads\/2022\/02\/n8-scaled.jpg\"><img loading=\"lazy\" decoding=\"async\" width=\"1024\" height=\"725\" src=\"https:\/\/marekkuchcinski.pl\/wp-content\/uploads\/2022\/02\/n8-1024x725.jpg\" alt=\"\" class=\"wp-image-24342\" srcset=\"https:\/\/marekkuchcinski.pl\/wp-content\/uploads\/2022\/02\/n8-1024x725.jpg 1024w, https:\/\/marekkuchcinski.pl\/wp-content\/uploads\/2022\/02\/n8-300x212.jpg 300w, https:\/\/marekkuchcinski.pl\/wp-content\/uploads\/2022\/02\/n8-768x544.jpg 768w, https:\/\/marekkuchcinski.pl\/wp-content\/uploads\/2022\/02\/n8-1536x1088.jpg 1536w, https:\/\/marekkuchcinski.pl\/wp-content\/uploads\/2022\/02\/n8-scaled.jpg 2048w, https:\/\/marekkuchcinski.pl\/wp-content\/uploads\/2022\/02\/n8-18x12.jpg 18w\" sizes=\"(max-width: 1024px) 100vw, 1024px\" \/><\/a><\/figure>\n\n\n\n<figure class=\"wp-block-image size-large\"><a href=\"https:\/\/marekkuchcinski.pl\/wp-content\/uploads\/2022\/02\/n9-scaled.jpg\"><img loading=\"lazy\" decoding=\"async\" width=\"1024\" height=\"693\" src=\"https:\/\/marekkuchcinski.pl\/wp-content\/uploads\/2022\/02\/n9-1024x693.jpg\" alt=\"\" class=\"wp-image-24343\" srcset=\"https:\/\/marekkuchcinski.pl\/wp-content\/uploads\/2022\/02\/n9-1024x693.jpg 1024w, https:\/\/marekkuchcinski.pl\/wp-content\/uploads\/2022\/02\/n9-300x203.jpg 300w, https:\/\/marekkuchcinski.pl\/wp-content\/uploads\/2022\/02\/n9-768x520.jpg 768w, https:\/\/marekkuchcinski.pl\/wp-content\/uploads\/2022\/02\/n9-1536x1040.jpg 1536w, https:\/\/marekkuchcinski.pl\/wp-content\/uploads\/2022\/02\/n9-scaled.jpg 2048w, https:\/\/marekkuchcinski.pl\/wp-content\/uploads\/2022\/02\/n9-18x12.jpg 18w\" sizes=\"(max-width: 1024px) 100vw, 1024px\" \/><\/a><\/figure>\n\n\n\n<figure class=\"wp-block-image size-large\"><a href=\"https:\/\/marekkuchcinski.pl\/wp-content\/uploads\/2022\/02\/n10-scaled.jpg\"><img loading=\"lazy\" decoding=\"async\" width=\"1024\" height=\"682\" src=\"https:\/\/marekkuchcinski.pl\/wp-content\/uploads\/2022\/02\/n10-1024x682.jpg\" alt=\"\" class=\"wp-image-24347\" srcset=\"https:\/\/marekkuchcinski.pl\/wp-content\/uploads\/2022\/02\/n10-1024x682.jpg 1024w, https:\/\/marekkuchcinski.pl\/wp-content\/uploads\/2022\/02\/n10-300x200.jpg 300w, https:\/\/marekkuchcinski.pl\/wp-content\/uploads\/2022\/02\/n10-768x512.jpg 768w, https:\/\/marekkuchcinski.pl\/wp-content\/uploads\/2022\/02\/n10-1536x1023.jpg 1536w, https:\/\/marekkuchcinski.pl\/wp-content\/uploads\/2022\/02\/n10-scaled.jpg 2048w, https:\/\/marekkuchcinski.pl\/wp-content\/uploads\/2022\/02\/n10-18x12.jpg 18w\" sizes=\"(max-width: 1024px) 100vw, 1024px\" \/><\/a><\/figure>","protected":false},"excerpt":{"rendered":"<p>W Krasiczynie podczas 32. konferencji Europa Karpat wiceminister MKiDN Jaros\u0142aw Sellin odznaczy\u0142 za zas\u0142ugi ludzi kultury i sztuki, w tym przemyskich przyjaci\u00f3\u0142, wsp\u00f3\u0142tw\u00f3rc\u00f3w \u015brodowiska kultury niezale\u017cnej z lat 80.: \u201eStrychu Kulturalnego&#8221;, \u201eSpojrze\u0144 Przemyskich&#8221; i wystaw \u201eCz\u0142owiek \u2013 B\u00f3g \u2013 \u015awiat\u201d. \u2013 Kultura rozwija si\u0119 w oparciu o r\u00f3\u017cne niezale\u017cno\u015bci, tak\u017ce od kr\u0119g\u00f3w politycznych. Ludzie kultury [&hellip;]<\/p>\n","protected":false},"author":3,"featured_media":24324,"comment_status":"open","ping_status":"open","sticky":false,"template":"","format":"standard","meta":{"ngg_post_thumbnail":0,"footnotes":""},"categories":[78,49,3],"tags":[],"class_list":["post-24323","post","type-post","status-publish","format-standard","has-post-thumbnail","hentry","category-europa-karpat","category-podkarpacie","category-wydarzenia"],"yoast_head":"<!-- This site is optimized with the Yoast SEO plugin v28.4 - https:\/\/yoast.com\/product\/yoast-seo-wordpress\/ -->\n<title>Krasiczyn: ludzie kultury i sztuki odznaczeni za zas\u0142ugi &#8211; Marek Kuchci\u0144ski<\/title>\n<meta name=\"robots\" content=\"index, follow, max-snippet:-1, max-image-preview:large, max-video-preview:-1\" \/>\n<link rel=\"canonical\" href=\"https:\/\/marekkuchcinski.pl\/uk\/wydarzenia\/krasiczyn-ludzie-kultury-i-sztuki-odznaczeni-za-zaslugi\/\" \/>\n<meta property=\"og:locale\" content=\"uk_UA\" \/>\n<meta property=\"og:type\" content=\"article\" \/>\n<meta property=\"og:title\" content=\"Krasiczyn: ludzie kultury i sztuki odznaczeni za zas\u0142ugi &#8211; Marek Kuchci\u0144ski\" \/>\n<meta property=\"og:description\" content=\"W Krasiczynie podczas 32. konferencji Europa Karpat wiceminister MKiDN Jaros\u0142aw Sellin odznaczy\u0142 za zas\u0142ugi ludzi kultury i sztuki, w tym przemyskich przyjaci\u00f3\u0142, wsp\u00f3\u0142tw\u00f3rc\u00f3w \u015brodowiska kultury niezale\u017cnej z lat 80.: \u201eStrychu Kulturalnego&#8221;, \u201eSpojrze\u0144 Przemyskich&#8221; i wystaw \u201eCz\u0142owiek \u2013 B\u00f3g \u2013 \u015awiat\u201d. \u2013 Kultura rozwija si\u0119 w oparciu o r\u00f3\u017cne niezale\u017cno\u015bci, tak\u017ce od kr\u0119g\u00f3w politycznych. Ludzie kultury [&hellip;]\" \/>\n<meta property=\"og:url\" content=\"https:\/\/marekkuchcinski.pl\/uk\/wydarzenia\/krasiczyn-ludzie-kultury-i-sztuki-odznaczeni-za-zaslugi\/\" \/>\n<meta property=\"og:site_name\" content=\"Marek Kuchci\u0144ski\" \/>\n<meta property=\"article:published_time\" content=\"2022-02-10T19:58:42+00:00\" \/>\n<meta property=\"article:modified_time\" content=\"2022-02-10T20:04:24+00:00\" \/>\n<meta property=\"og:image\" content=\"https:\/\/marekkuchcinski.pl\/wp-content\/uploads\/2022\/02\/o3-scaled.jpg\" \/>\n\t<meta property=\"og:image:width\" content=\"2048\" \/>\n\t<meta property=\"og:image:height\" content=\"1364\" \/>\n\t<meta property=\"og:image:type\" content=\"image\/jpeg\" \/>\n<meta name=\"author\" content=\"Marta Olejnik\" \/>\n<meta name=\"twitter:card\" content=\"summary_large_image\" \/>\n<meta name=\"twitter:label1\" content=\"Written by\" \/>\n\t<meta name=\"twitter:data1\" content=\"Marta Olejnik\" \/>\n\t<meta name=\"twitter:label2\" content=\"Est. reading time\" \/>\n\t<meta name=\"twitter:data2\" content=\"4 minutes\" \/>\n<script type=\"application\/ld+json\" class=\"yoast-schema-graph\">{\"@context\":\"https:\\\/\\\/schema.org\",\"@graph\":[{\"@type\":\"Article\",\"@id\":\"https:\\\/\\\/marekkuchcinski.pl\\\/wydarzenia\\\/krasiczyn-ludzie-kultury-i-sztuki-odznaczeni-za-zaslugi\\\/#article\",\"isPartOf\":{\"@id\":\"https:\\\/\\\/marekkuchcinski.pl\\\/wydarzenia\\\/krasiczyn-ludzie-kultury-i-sztuki-odznaczeni-za-zaslugi\\\/\"},\"author\":{\"name\":\"Marta Olejnik\",\"@id\":\"https:\\\/\\\/marekkuchcinski.pl\\\/#\\\/schema\\\/person\\\/bd3f15dee67fee76e83c8350d0154101\"},\"headline\":\"Krasiczyn: ludzie kultury i sztuki odznaczeni za zas\u0142ugi\",\"datePublished\":\"2022-02-10T19:58:42+00:00\",\"dateModified\":\"2022-02-10T20:04:24+00:00\",\"mainEntityOfPage\":{\"@id\":\"https:\\\/\\\/marekkuchcinski.pl\\\/wydarzenia\\\/krasiczyn-ludzie-kultury-i-sztuki-odznaczeni-za-zaslugi\\\/\"},\"wordCount\":194,\"commentCount\":0,\"publisher\":{\"@id\":\"https:\\\/\\\/marekkuchcinski.pl\\\/#organization\"},\"image\":{\"@id\":\"https:\\\/\\\/marekkuchcinski.pl\\\/wydarzenia\\\/krasiczyn-ludzie-kultury-i-sztuki-odznaczeni-za-zaslugi\\\/#primaryimage\"},\"thumbnailUrl\":\"https:\\\/\\\/marekkuchcinski.pl\\\/wp-content\\\/uploads\\\/2022\\\/02\\\/o3-scaled.jpg\",\"articleSection\":[\"Europa Karpat\",\"Podkarpacie\",\"Wydarzenia\"],\"inLanguage\":\"uk\",\"potentialAction\":[{\"@type\":\"CommentAction\",\"name\":\"Comment\",\"target\":[\"https:\\\/\\\/marekkuchcinski.pl\\\/wydarzenia\\\/krasiczyn-ludzie-kultury-i-sztuki-odznaczeni-za-zaslugi\\\/#respond\"]}]},{\"@type\":\"WebPage\",\"@id\":\"https:\\\/\\\/marekkuchcinski.pl\\\/wydarzenia\\\/krasiczyn-ludzie-kultury-i-sztuki-odznaczeni-za-zaslugi\\\/\",\"url\":\"https:\\\/\\\/marekkuchcinski.pl\\\/wydarzenia\\\/krasiczyn-ludzie-kultury-i-sztuki-odznaczeni-za-zaslugi\\\/\",\"name\":\"Krasiczyn: ludzie kultury i sztuki odznaczeni za zas\u0142ugi &#8211; Marek Kuchci\u0144ski\",\"isPartOf\":{\"@id\":\"https:\\\/\\\/marekkuchcinski.pl\\\/#website\"},\"primaryImageOfPage\":{\"@id\":\"https:\\\/\\\/marekkuchcinski.pl\\\/wydarzenia\\\/krasiczyn-ludzie-kultury-i-sztuki-odznaczeni-za-zaslugi\\\/#primaryimage\"},\"image\":{\"@id\":\"https:\\\/\\\/marekkuchcinski.pl\\\/wydarzenia\\\/krasiczyn-ludzie-kultury-i-sztuki-odznaczeni-za-zaslugi\\\/#primaryimage\"},\"thumbnailUrl\":\"https:\\\/\\\/marekkuchcinski.pl\\\/wp-content\\\/uploads\\\/2022\\\/02\\\/o3-scaled.jpg\",\"datePublished\":\"2022-02-10T19:58:42+00:00\",\"dateModified\":\"2022-02-10T20:04:24+00:00\",\"breadcrumb\":{\"@id\":\"https:\\\/\\\/marekkuchcinski.pl\\\/wydarzenia\\\/krasiczyn-ludzie-kultury-i-sztuki-odznaczeni-za-zaslugi\\\/#breadcrumb\"},\"inLanguage\":\"uk\",\"potentialAction\":[{\"@type\":\"ReadAction\",\"target\":[\"https:\\\/\\\/marekkuchcinski.pl\\\/wydarzenia\\\/krasiczyn-ludzie-kultury-i-sztuki-odznaczeni-za-zaslugi\\\/\"]}]},{\"@type\":\"ImageObject\",\"inLanguage\":\"uk\",\"@id\":\"https:\\\/\\\/marekkuchcinski.pl\\\/wydarzenia\\\/krasiczyn-ludzie-kultury-i-sztuki-odznaczeni-za-zaslugi\\\/#primaryimage\",\"url\":\"https:\\\/\\\/marekkuchcinski.pl\\\/wp-content\\\/uploads\\\/2022\\\/02\\\/o3-scaled.jpg\",\"contentUrl\":\"https:\\\/\\\/marekkuchcinski.pl\\\/wp-content\\\/uploads\\\/2022\\\/02\\\/o3-scaled.jpg\",\"width\":2048,\"height\":1364},{\"@type\":\"BreadcrumbList\",\"@id\":\"https:\\\/\\\/marekkuchcinski.pl\\\/wydarzenia\\\/krasiczyn-ludzie-kultury-i-sztuki-odznaczeni-za-zaslugi\\\/#breadcrumb\",\"itemListElement\":[{\"@type\":\"ListItem\",\"position\":1,\"name\":\"Strona g\u0142\u00f3wna\",\"item\":\"https:\\\/\\\/marekkuchcinski.pl\\\/\"},{\"@type\":\"ListItem\",\"position\":2,\"name\":\"Krasiczyn: ludzie kultury i sztuki odznaczeni za zas\u0142ugi\"}]},{\"@type\":\"WebSite\",\"@id\":\"https:\\\/\\\/marekkuchcinski.pl\\\/#website\",\"url\":\"https:\\\/\\\/marekkuchcinski.pl\\\/\",\"name\":\"Marek Kuchci\u0144ski\",\"description\":\"Marek Kuchci\u0144ski \",\"publisher\":{\"@id\":\"https:\\\/\\\/marekkuchcinski.pl\\\/#organization\"},\"potentialAction\":[{\"@type\":\"SearchAction\",\"target\":{\"@type\":\"EntryPoint\",\"urlTemplate\":\"https:\\\/\\\/marekkuchcinski.pl\\\/?s={search_term_string}\"},\"query-input\":{\"@type\":\"PropertyValueSpecification\",\"valueRequired\":true,\"valueName\":\"search_term_string\"}}],\"inLanguage\":\"uk\"},{\"@type\":\"Organization\",\"@id\":\"https:\\\/\\\/marekkuchcinski.pl\\\/#organization\",\"name\":\"Marek Kuchci\u0144ski\",\"url\":\"https:\\\/\\\/marekkuchcinski.pl\\\/\",\"logo\":{\"@type\":\"ImageObject\",\"inLanguage\":\"uk\",\"@id\":\"https:\\\/\\\/marekkuchcinski.pl\\\/#\\\/schema\\\/logo\\\/image\\\/\",\"url\":\"https:\\\/\\\/marekkuchcinski.pl\\\/wp-content\\\/uploads\\\/2022\\\/09\\\/Marek.jpg\",\"contentUrl\":\"https:\\\/\\\/marekkuchcinski.pl\\\/wp-content\\\/uploads\\\/2022\\\/09\\\/Marek.jpg\",\"width\":1600,\"height\":971,\"caption\":\"Marek Kuchci\u0144ski\"},\"image\":{\"@id\":\"https:\\\/\\\/marekkuchcinski.pl\\\/#\\\/schema\\\/logo\\\/image\\\/\"}},{\"@type\":\"Person\",\"@id\":\"https:\\\/\\\/marekkuchcinski.pl\\\/#\\\/schema\\\/person\\\/bd3f15dee67fee76e83c8350d0154101\",\"name\":\"Marta Olejnik\",\"image\":{\"@type\":\"ImageObject\",\"inLanguage\":\"uk\",\"@id\":\"https:\\\/\\\/secure.gravatar.com\\\/avatar\\\/24754edd6080383402e292374b406b553027d572e97d60e7aa89a6940e88659a?s=96&d=mm&r=g\",\"url\":\"https:\\\/\\\/secure.gravatar.com\\\/avatar\\\/24754edd6080383402e292374b406b553027d572e97d60e7aa89a6940e88659a?s=96&d=mm&r=g\",\"contentUrl\":\"https:\\\/\\\/secure.gravatar.com\\\/avatar\\\/24754edd6080383402e292374b406b553027d572e97d60e7aa89a6940e88659a?s=96&d=mm&r=g\",\"caption\":\"Marta Olejnik\"},\"url\":\"https:\\\/\\\/marekkuchcinski.pl\\\/uk\\\/author\\\/marta\\\/\"}]}<\/script>\n<!-- \/ Yoast SEO plugin. -->","yoast_head_json":{"title":"Krasiczyn: ludzie kultury i sztuki odznaczeni za zas\u0142ugi &#8211; Marek Kuchci\u0144ski","robots":{"index":"index","follow":"follow","max-snippet":"max-snippet:-1","max-image-preview":"max-image-preview:large","max-video-preview":"max-video-preview:-1"},"canonical":"https:\/\/marekkuchcinski.pl\/uk\/wydarzenia\/krasiczyn-ludzie-kultury-i-sztuki-odznaczeni-za-zaslugi\/","og_locale":"uk_UA","og_type":"article","og_title":"Krasiczyn: ludzie kultury i sztuki odznaczeni za zas\u0142ugi &#8211; Marek Kuchci\u0144ski","og_description":"W Krasiczynie podczas 32. konferencji Europa Karpat wiceminister MKiDN Jaros\u0142aw Sellin odznaczy\u0142 za zas\u0142ugi ludzi kultury i sztuki, w tym przemyskich przyjaci\u00f3\u0142, wsp\u00f3\u0142tw\u00f3rc\u00f3w \u015brodowiska kultury niezale\u017cnej z lat 80.: \u201eStrychu Kulturalnego&#8221;, \u201eSpojrze\u0144 Przemyskich&#8221; i wystaw \u201eCz\u0142owiek \u2013 B\u00f3g \u2013 \u015awiat\u201d. \u2013 Kultura rozwija si\u0119 w oparciu o r\u00f3\u017cne niezale\u017cno\u015bci, tak\u017ce od kr\u0119g\u00f3w politycznych. Ludzie kultury [&hellip;]","og_url":"https:\/\/marekkuchcinski.pl\/uk\/wydarzenia\/krasiczyn-ludzie-kultury-i-sztuki-odznaczeni-za-zaslugi\/","og_site_name":"Marek Kuchci\u0144ski","article_published_time":"2022-02-10T19:58:42+00:00","article_modified_time":"2022-02-10T20:04:24+00:00","og_image":[{"width":2048,"height":1364,"url":"https:\/\/marekkuchcinski.pl\/wp-content\/uploads\/2022\/02\/o3-scaled.jpg","type":"image\/jpeg"}],"author":"Marta Olejnik","twitter_card":"summary_large_image","twitter_misc":{"Written by":"Marta Olejnik","Est. reading time":"4 minutes"},"schema":{"@context":"https:\/\/schema.org","@graph":[{"@type":"Article","@id":"https:\/\/marekkuchcinski.pl\/wydarzenia\/krasiczyn-ludzie-kultury-i-sztuki-odznaczeni-za-zaslugi\/#article","isPartOf":{"@id":"https:\/\/marekkuchcinski.pl\/wydarzenia\/krasiczyn-ludzie-kultury-i-sztuki-odznaczeni-za-zaslugi\/"},"author":{"name":"Marta Olejnik","@id":"https:\/\/marekkuchcinski.pl\/#\/schema\/person\/bd3f15dee67fee76e83c8350d0154101"},"headline":"Krasiczyn: ludzie kultury i sztuki odznaczeni za zas\u0142ugi","datePublished":"2022-02-10T19:58:42+00:00","dateModified":"2022-02-10T20:04:24+00:00","mainEntityOfPage":{"@id":"https:\/\/marekkuchcinski.pl\/wydarzenia\/krasiczyn-ludzie-kultury-i-sztuki-odznaczeni-za-zaslugi\/"},"wordCount":194,"commentCount":0,"publisher":{"@id":"https:\/\/marekkuchcinski.pl\/#organization"},"image":{"@id":"https:\/\/marekkuchcinski.pl\/wydarzenia\/krasiczyn-ludzie-kultury-i-sztuki-odznaczeni-za-zaslugi\/#primaryimage"},"thumbnailUrl":"https:\/\/marekkuchcinski.pl\/wp-content\/uploads\/2022\/02\/o3-scaled.jpg","articleSection":["Europa Karpat","Podkarpacie","Wydarzenia"],"inLanguage":"uk","potentialAction":[{"@type":"CommentAction","name":"Comment","target":["https:\/\/marekkuchcinski.pl\/wydarzenia\/krasiczyn-ludzie-kultury-i-sztuki-odznaczeni-za-zaslugi\/#respond"]}]},{"@type":"WebPage","@id":"https:\/\/marekkuchcinski.pl\/wydarzenia\/krasiczyn-ludzie-kultury-i-sztuki-odznaczeni-za-zaslugi\/","url":"https:\/\/marekkuchcinski.pl\/wydarzenia\/krasiczyn-ludzie-kultury-i-sztuki-odznaczeni-za-zaslugi\/","name":"Krasiczyn: ludzie kultury i sztuki odznaczeni za zas\u0142ugi &#8211; Marek Kuchci\u0144ski","isPartOf":{"@id":"https:\/\/marekkuchcinski.pl\/#website"},"primaryImageOfPage":{"@id":"https:\/\/marekkuchcinski.pl\/wydarzenia\/krasiczyn-ludzie-kultury-i-sztuki-odznaczeni-za-zaslugi\/#primaryimage"},"image":{"@id":"https:\/\/marekkuchcinski.pl\/wydarzenia\/krasiczyn-ludzie-kultury-i-sztuki-odznaczeni-za-zaslugi\/#primaryimage"},"thumbnailUrl":"https:\/\/marekkuchcinski.pl\/wp-content\/uploads\/2022\/02\/o3-scaled.jpg","datePublished":"2022-02-10T19:58:42+00:00","dateModified":"2022-02-10T20:04:24+00:00","breadcrumb":{"@id":"https:\/\/marekkuchcinski.pl\/wydarzenia\/krasiczyn-ludzie-kultury-i-sztuki-odznaczeni-za-zaslugi\/#breadcrumb"},"inLanguage":"uk","potentialAction":[{"@type":"ReadAction","target":["https:\/\/marekkuchcinski.pl\/wydarzenia\/krasiczyn-ludzie-kultury-i-sztuki-odznaczeni-za-zaslugi\/"]}]},{"@type":"ImageObject","inLanguage":"uk","@id":"https:\/\/marekkuchcinski.pl\/wydarzenia\/krasiczyn-ludzie-kultury-i-sztuki-odznaczeni-za-zaslugi\/#primaryimage","url":"https:\/\/marekkuchcinski.pl\/wp-content\/uploads\/2022\/02\/o3-scaled.jpg","contentUrl":"https:\/\/marekkuchcinski.pl\/wp-content\/uploads\/2022\/02\/o3-scaled.jpg","width":2048,"height":1364},{"@type":"BreadcrumbList","@id":"https:\/\/marekkuchcinski.pl\/wydarzenia\/krasiczyn-ludzie-kultury-i-sztuki-odznaczeni-za-zaslugi\/#breadcrumb","itemListElement":[{"@type":"ListItem","position":1,"name":"Strona g\u0142\u00f3wna","item":"https:\/\/marekkuchcinski.pl\/"},{"@type":"ListItem","position":2,"name":"Krasiczyn: ludzie kultury i sztuki odznaczeni za zas\u0142ugi"}]},{"@type":"WebSite","@id":"https:\/\/marekkuchcinski.pl\/#website","url":"https:\/\/marekkuchcinski.pl\/","name":"Marek Kuchci\u0144ski","description":"Marek Kuchci\u0144ski","publisher":{"@id":"https:\/\/marekkuchcinski.pl\/#organization"},"potentialAction":[{"@type":"SearchAction","target":{"@type":"EntryPoint","urlTemplate":"https:\/\/marekkuchcinski.pl\/?s={search_term_string}"},"query-input":{"@type":"PropertyValueSpecification","valueRequired":true,"valueName":"search_term_string"}}],"inLanguage":"uk"},{"@type":"Organization","@id":"https:\/\/marekkuchcinski.pl\/#organization","name":"Marek Kuchci\u0144ski","url":"https:\/\/marekkuchcinski.pl\/","logo":{"@type":"ImageObject","inLanguage":"uk","@id":"https:\/\/marekkuchcinski.pl\/#\/schema\/logo\/image\/","url":"https:\/\/marekkuchcinski.pl\/wp-content\/uploads\/2022\/09\/Marek.jpg","contentUrl":"https:\/\/marekkuchcinski.pl\/wp-content\/uploads\/2022\/09\/Marek.jpg","width":1600,"height":971,"caption":"Marek Kuchci\u0144ski"},"image":{"@id":"https:\/\/marekkuchcinski.pl\/#\/schema\/logo\/image\/"}},{"@type":"Person","@id":"https:\/\/marekkuchcinski.pl\/#\/schema\/person\/bd3f15dee67fee76e83c8350d0154101","name":"Marta Olejnik","image":{"@type":"ImageObject","inLanguage":"uk","@id":"https:\/\/secure.gravatar.com\/avatar\/24754edd6080383402e292374b406b553027d572e97d60e7aa89a6940e88659a?s=96&d=mm&r=g","url":"https:\/\/secure.gravatar.com\/avatar\/24754edd6080383402e292374b406b553027d572e97d60e7aa89a6940e88659a?s=96&d=mm&r=g","contentUrl":"https:\/\/secure.gravatar.com\/avatar\/24754edd6080383402e292374b406b553027d572e97d60e7aa89a6940e88659a?s=96&d=mm&r=g","caption":"Marta Olejnik"},"url":"https:\/\/marekkuchcinski.pl\/uk\/author\/marta\/"}]}},"_links":{"self":[{"href":"https:\/\/marekkuchcinski.pl\/uk\/wp-json\/wp\/v2\/posts\/24323","targetHints":{"allow":["GET"]}}],"collection":[{"href":"https:\/\/marekkuchcinski.pl\/uk\/wp-json\/wp\/v2\/posts"}],"about":[{"href":"https:\/\/marekkuchcinski.pl\/uk\/wp-json\/wp\/v2\/types\/post"}],"author":[{"embeddable":true,"href":"https:\/\/marekkuchcinski.pl\/uk\/wp-json\/wp\/v2\/users\/3"}],"replies":[{"embeddable":true,"href":"https:\/\/marekkuchcinski.pl\/uk\/wp-json\/wp\/v2\/comments?post=24323"}],"version-history":[{"count":7,"href":"https:\/\/marekkuchcinski.pl\/uk\/wp-json\/wp\/v2\/posts\/24323\/revisions"}],"predecessor-version":[{"id":24348,"href":"https:\/\/marekkuchcinski.pl\/uk\/wp-json\/wp\/v2\/posts\/24323\/revisions\/24348"}],"wp:featuredmedia":[{"embeddable":true,"href":"https:\/\/marekkuchcinski.pl\/uk\/wp-json\/wp\/v2\/media\/24324"}],"wp:attachment":[{"href":"https:\/\/marekkuchcinski.pl\/uk\/wp-json\/wp\/v2\/media?parent=24323"}],"wp:term":[{"taxonomy":"category","embeddable":true,"href":"https:\/\/marekkuchcinski.pl\/uk\/wp-json\/wp\/v2\/categories?post=24323"},{"taxonomy":"post_tag","embeddable":true,"href":"https:\/\/marekkuchcinski.pl\/uk\/wp-json\/wp\/v2\/tags?post=24323"}],"curies":[{"name":"wp","href":"https:\/\/api.w.org\/{rel}","templated":true}]}}