{"id":24136,"date":"2021-12-30T00:46:44","date_gmt":"2021-12-29T23:46:44","guid":{"rendered":"https:\/\/marekkuchcinski.pl\/?p=24136"},"modified":"2021-12-30T11:14:08","modified_gmt":"2021-12-30T10:14:08","slug":"darmowa-pomoc-dla-mieszkancow-podkarpacia-przemyskie-biuro-porad-prawnych-ma-juz-20-lat","status":"publish","type":"post","link":"https:\/\/marekkuchcinski.pl\/uk\/wydarzenia\/darmowa-pomoc-dla-mieszkancow-podkarpacia-przemyskie-biuro-porad-prawnych-ma-juz-20-lat\/","title":{"rendered":"Darmowa pomoc dla mieszka\u0144c\u00f3w Podkarpacia. Przemyskie Biuro Porad Prawnych ma ju\u017c 20 lat!"},"content":{"rendered":"<p class=\"wp-block-paragraph\">20 lat temu, wychodz\u0105c naprzeciw oczekiwaniom mieszka\u0144c\u00f3w Podkarpacia, w ramach Biura Poselskiego pos\u0142a Marka Kuchci\u0144skiego, powo\u0142ano Biuro Porad Prawnych. By\u0142o to pierwsze tego typu biuro stworzone przez Prawo i Sprawiedliwo\u015b\u0107 w ca\u0142ym kraju. Jak czytamy na stronie marekkuchcinski.pl: s\u0142u\u017cy ono pomoc\u0105 ka\u017cdemu, kogo dotkn\u0119\u0142a niesprawiedliwo\u015b\u0107, niekompetencja lub arogancja urz\u0119d\u00f3w i instytucji, ka\u017cdemu, kto potrzebuje wskaz\u00f3wki w korzystaniu z przys\u0142uguj\u0105cych mu praw. Bez wzgl\u0119du na narodowo\u015b\u0107, pogl\u0105dy polityczne czy status spo\u0142eczny.<\/p>\n\n\n\n<p class=\"wp-block-paragraph\">Pomoc ta polega na udzielaniu bezp\u0142atnych porad prawnych, przygotowywaniu pism procesowych i administracyjnych, a w sprawach tego wymagaj\u0105cych na podejmowaniu odpowiednich interwencji.<\/p>\n\n\n\n<p class=\"wp-block-paragraph\">\u2013 Do Biura zg\u0142aszaj\u0105 si\u0119 ludzie, kt\u00f3rzy nie potrafi\u0105 sobie sami poradzi\u0107 z urz\u0119dniczymi zawi\u0142o\u015bciami i prawnymi kruczkami. Nasi prawnicy wskazuj\u0105 im drog\u0119 \u2013 m\u00f3wi Marek Kuchci\u0144ski. \u2013 W ci\u0105gu 20 lat dzia\u0142alno\u015bci Biuro udzieli\u0142o ponad 30 tys. porad. Swoj\u0105 wiedz\u0105 i wsparciem z mieszka\u0144cami Przemys\u0142a i okolic dzielili si\u0119 m.in. Lucyna Podhalicz, Janusz Fuda\u0142a, Andrzej Matusiewicz, Ryszard G\u00f3ral, Bogus\u0142aw Wojnarowicz, Rafa\u0142 Scheller, Krzysztof Drabik, Barbara Zi\u0119zio, Marcin Zaborniak, Eugeniusz Strza\u0142kowski, Wies\u0142aw Morawski, Stanis\u0142aw Szarzy\u0144ski, Witold Wi\u015bniewski, Robert Majka, Jolanta Sawicka, Agnieszka Koziuto, Barbara Pi\u00f3rkowska, Bogus\u0142awa Kondratko, Katarzyna Rokitowska, Barbara Hapka-Twardy, Ma\u0142gorzata B\u0142a\u017cko \u2013 wi\u0119kszo\u015b\u0107 z nich w ramach wolontariatu. Chcia\u0142bym im wszystkim bardzo serdecznie podzi\u0119kowa\u0107. Bez nich nie uda\u0142oby si\u0119 zrobi\u0107 tak wiele dobrego dla naszych mieszka\u0144c\u00f3w. A je\u015bli kogo\u015b pomin\u0105\u0142em, to z serca przepraszam i prosz\u0119 o wybaczenie \u2013 dodaje marsza\u0142ek.<\/p>\n\n\n\n<p class=\"wp-block-paragraph\">Najwi\u0119cej spraw dotyczy prawa administracyjnego; og\u00f3lnego zakresu prawa cywilnego; prawa karnego i wykroczeniowego; prawa pracy i ubezpiecze\u0144 spo\u0142ecznych; prawa rodzinnego. &nbsp;W 2021 roku najcz\u0119\u015bciej pro\u015bb\u0119 o pomoc kierowano w sprawie odwo\u0142ania, wniosku, przeds\u0105dowego wezwania do zap\u0142aty czy pozwu o alimenty czy rozw\u00f3d. Cz\u0119sto zg\u0142aszano si\u0119 z problemami dotycz\u0105cymi procedury uzyskania lub odmowy przyznania zasi\u0142k\u00f3w opieku\u0144czych, jak i zasi\u0142k\u00f3w dla os\u00f3b niepe\u0142nosprawnych, umowy najmu, spraw dotycz\u0105cych wsp\u00f3lnoty mieszkaniowej, eksmisji, wymeldowania, spadk\u00f3w, rent czy emerytur.<\/p>\n\n\n\n<figure class=\"wp-block-image size-full\"><a href=\"https:\/\/marekkuchcinski.pl\/wp-content\/uploads\/2021\/12\/IMG_4103.jpg\"><img fetchpriority=\"high\" decoding=\"async\" width=\"768\" height=\"549\" src=\"https:\/\/marekkuchcinski.pl\/wp-content\/uploads\/2021\/12\/IMG_4103.jpg\" alt=\"\" class=\"wp-image-24141\" srcset=\"https:\/\/marekkuchcinski.pl\/wp-content\/uploads\/2021\/12\/IMG_4103.jpg 768w, https:\/\/marekkuchcinski.pl\/wp-content\/uploads\/2021\/12\/IMG_4103-300x214.jpg 300w, https:\/\/marekkuchcinski.pl\/wp-content\/uploads\/2021\/12\/IMG_4103-18x12.jpg 18w\" sizes=\"(max-width: 768px) 100vw, 768px\" \/><\/a><\/figure>\n\n\n\n<p class=\"wp-block-paragraph\">Osoby zainteresowane skorzystaniem z darmowej pomocy prawnej w biurze poselskim Marsza\u0142ka Sejmu RP Marka Kuchci\u0144skiego mog\u0105 skontaktowa\u0107 si\u0119 z&nbsp;pracownikami biura osobi\u015bcie b\u0105d\u017a telefonicznie pod nr 16&nbsp;678 49 19.<\/p>","protected":false},"excerpt":{"rendered":"<p>20 lat temu, wychodz\u0105c naprzeciw oczekiwaniom mieszka\u0144c\u00f3w Podkarpacia, w ramach Biura Poselskiego pos\u0142a Marka Kuchci\u0144skiego, powo\u0142ano Biuro Porad Prawnych. By\u0142o to pierwsze tego typu biuro stworzone przez Prawo i Sprawiedliwo\u015b\u0107 w ca\u0142ym kraju. Jak czytamy na stronie marekkuchcinski.pl: s\u0142u\u017cy ono pomoc\u0105 ka\u017cdemu, kogo dotkn\u0119\u0142a niesprawiedliwo\u015b\u0107, niekompetencja lub arogancja urz\u0119d\u00f3w i instytucji, ka\u017cdemu, kto potrzebuje wskaz\u00f3wki [&hellip;]<\/p>\n","protected":false},"author":3,"featured_media":24141,"comment_status":"open","ping_status":"open","sticky":false,"template":"","format":"standard","meta":{"ngg_post_thumbnail":0,"footnotes":""},"categories":[49,3],"tags":[],"class_list":["post-24136","post","type-post","status-publish","format-standard","has-post-thumbnail","hentry","category-podkarpacie","category-wydarzenia"],"yoast_head":"<!-- This site is optimized with the Yoast SEO plugin v28.4 - https:\/\/yoast.com\/product\/yoast-seo-wordpress\/ -->\n<title>Darmowa pomoc dla mieszka\u0144c\u00f3w Podkarpacia. Przemyskie Biuro Porad Prawnych ma ju\u017c 20 lat! &#8211; Marek Kuchci\u0144ski<\/title>\n<meta name=\"robots\" content=\"index, follow, max-snippet:-1, max-image-preview:large, max-video-preview:-1\" \/>\n<link rel=\"canonical\" href=\"https:\/\/marekkuchcinski.pl\/uk\/wydarzenia\/darmowa-pomoc-dla-mieszkancow-podkarpacia-przemyskie-biuro-porad-prawnych-ma-juz-20-lat\/\" \/>\n<meta property=\"og:locale\" content=\"uk_UA\" \/>\n<meta property=\"og:type\" content=\"article\" \/>\n<meta property=\"og:title\" content=\"Darmowa pomoc dla mieszka\u0144c\u00f3w Podkarpacia. Przemyskie Biuro Porad Prawnych ma ju\u017c 20 lat! &#8211; Marek Kuchci\u0144ski\" \/>\n<meta property=\"og:description\" content=\"20 lat temu, wychodz\u0105c naprzeciw oczekiwaniom mieszka\u0144c\u00f3w Podkarpacia, w ramach Biura Poselskiego pos\u0142a Marka Kuchci\u0144skiego, powo\u0142ano Biuro Porad Prawnych. By\u0142o to pierwsze tego typu biuro stworzone przez Prawo i Sprawiedliwo\u015b\u0107 w ca\u0142ym kraju. Jak czytamy na stronie marekkuchcinski.pl: s\u0142u\u017cy ono pomoc\u0105 ka\u017cdemu, kogo dotkn\u0119\u0142a niesprawiedliwo\u015b\u0107, niekompetencja lub arogancja urz\u0119d\u00f3w i instytucji, ka\u017cdemu, kto potrzebuje wskaz\u00f3wki [&hellip;]\" \/>\n<meta property=\"og:url\" content=\"https:\/\/marekkuchcinski.pl\/uk\/wydarzenia\/darmowa-pomoc-dla-mieszkancow-podkarpacia-przemyskie-biuro-porad-prawnych-ma-juz-20-lat\/\" \/>\n<meta property=\"og:site_name\" content=\"Marek Kuchci\u0144ski\" \/>\n<meta property=\"article:published_time\" content=\"2021-12-29T23:46:44+00:00\" \/>\n<meta property=\"article:modified_time\" content=\"2021-12-30T10:14:08+00:00\" \/>\n<meta property=\"og:image\" content=\"https:\/\/marekkuchcinski.pl\/wp-content\/uploads\/2021\/12\/IMG_4103.jpg\" \/>\n\t<meta property=\"og:image:width\" content=\"768\" \/>\n\t<meta property=\"og:image:height\" content=\"549\" \/>\n\t<meta property=\"og:image:type\" content=\"image\/jpeg\" \/>\n<meta name=\"author\" content=\"Marta Olejnik\" \/>\n<meta name=\"twitter:card\" content=\"summary_large_image\" \/>\n<meta name=\"twitter:label1\" content=\"Written by\" \/>\n\t<meta name=\"twitter:data1\" content=\"Marta Olejnik\" \/>\n\t<meta name=\"twitter:label2\" content=\"Est. reading time\" \/>\n\t<meta name=\"twitter:data2\" content=\"2 minutes\" \/>\n<script type=\"application\/ld+json\" class=\"yoast-schema-graph\">{\"@context\":\"https:\\\/\\\/schema.org\",\"@graph\":[{\"@type\":\"Article\",\"@id\":\"https:\\\/\\\/marekkuchcinski.pl\\\/wydarzenia\\\/darmowa-pomoc-dla-mieszkancow-podkarpacia-przemyskie-biuro-porad-prawnych-ma-juz-20-lat\\\/#article\",\"isPartOf\":{\"@id\":\"https:\\\/\\\/marekkuchcinski.pl\\\/wydarzenia\\\/darmowa-pomoc-dla-mieszkancow-podkarpacia-przemyskie-biuro-porad-prawnych-ma-juz-20-lat\\\/\"},\"author\":{\"name\":\"Marta Olejnik\",\"@id\":\"https:\\\/\\\/marekkuchcinski.pl\\\/#\\\/schema\\\/person\\\/bd3f15dee67fee76e83c8350d0154101\"},\"headline\":\"Darmowa pomoc dla mieszka\u0144c\u00f3w Podkarpacia. Przemyskie Biuro Porad Prawnych ma ju\u017c 20 lat!\",\"datePublished\":\"2021-12-29T23:46:44+00:00\",\"dateModified\":\"2021-12-30T10:14:08+00:00\",\"mainEntityOfPage\":{\"@id\":\"https:\\\/\\\/marekkuchcinski.pl\\\/wydarzenia\\\/darmowa-pomoc-dla-mieszkancow-podkarpacia-przemyskie-biuro-porad-prawnych-ma-juz-20-lat\\\/\"},\"wordCount\":419,\"commentCount\":0,\"publisher\":{\"@id\":\"https:\\\/\\\/marekkuchcinski.pl\\\/#organization\"},\"image\":{\"@id\":\"https:\\\/\\\/marekkuchcinski.pl\\\/wydarzenia\\\/darmowa-pomoc-dla-mieszkancow-podkarpacia-przemyskie-biuro-porad-prawnych-ma-juz-20-lat\\\/#primaryimage\"},\"thumbnailUrl\":\"https:\\\/\\\/marekkuchcinski.pl\\\/wp-content\\\/uploads\\\/2021\\\/12\\\/IMG_4103.jpg\",\"articleSection\":[\"Podkarpacie\",\"Wydarzenia\"],\"inLanguage\":\"uk\",\"potentialAction\":[{\"@type\":\"CommentAction\",\"name\":\"Comment\",\"target\":[\"https:\\\/\\\/marekkuchcinski.pl\\\/wydarzenia\\\/darmowa-pomoc-dla-mieszkancow-podkarpacia-przemyskie-biuro-porad-prawnych-ma-juz-20-lat\\\/#respond\"]}]},{\"@type\":\"WebPage\",\"@id\":\"https:\\\/\\\/marekkuchcinski.pl\\\/wydarzenia\\\/darmowa-pomoc-dla-mieszkancow-podkarpacia-przemyskie-biuro-porad-prawnych-ma-juz-20-lat\\\/\",\"url\":\"https:\\\/\\\/marekkuchcinski.pl\\\/wydarzenia\\\/darmowa-pomoc-dla-mieszkancow-podkarpacia-przemyskie-biuro-porad-prawnych-ma-juz-20-lat\\\/\",\"name\":\"Darmowa pomoc dla mieszka\u0144c\u00f3w Podkarpacia. Przemyskie Biuro Porad Prawnych ma ju\u017c 20 lat! &#8211; Marek Kuchci\u0144ski\",\"isPartOf\":{\"@id\":\"https:\\\/\\\/marekkuchcinski.pl\\\/#website\"},\"primaryImageOfPage\":{\"@id\":\"https:\\\/\\\/marekkuchcinski.pl\\\/wydarzenia\\\/darmowa-pomoc-dla-mieszkancow-podkarpacia-przemyskie-biuro-porad-prawnych-ma-juz-20-lat\\\/#primaryimage\"},\"image\":{\"@id\":\"https:\\\/\\\/marekkuchcinski.pl\\\/wydarzenia\\\/darmowa-pomoc-dla-mieszkancow-podkarpacia-przemyskie-biuro-porad-prawnych-ma-juz-20-lat\\\/#primaryimage\"},\"thumbnailUrl\":\"https:\\\/\\\/marekkuchcinski.pl\\\/wp-content\\\/uploads\\\/2021\\\/12\\\/IMG_4103.jpg\",\"datePublished\":\"2021-12-29T23:46:44+00:00\",\"dateModified\":\"2021-12-30T10:14:08+00:00\",\"breadcrumb\":{\"@id\":\"https:\\\/\\\/marekkuchcinski.pl\\\/wydarzenia\\\/darmowa-pomoc-dla-mieszkancow-podkarpacia-przemyskie-biuro-porad-prawnych-ma-juz-20-lat\\\/#breadcrumb\"},\"inLanguage\":\"uk\",\"potentialAction\":[{\"@type\":\"ReadAction\",\"target\":[\"https:\\\/\\\/marekkuchcinski.pl\\\/wydarzenia\\\/darmowa-pomoc-dla-mieszkancow-podkarpacia-przemyskie-biuro-porad-prawnych-ma-juz-20-lat\\\/\"]}]},{\"@type\":\"ImageObject\",\"inLanguage\":\"uk\",\"@id\":\"https:\\\/\\\/marekkuchcinski.pl\\\/wydarzenia\\\/darmowa-pomoc-dla-mieszkancow-podkarpacia-przemyskie-biuro-porad-prawnych-ma-juz-20-lat\\\/#primaryimage\",\"url\":\"https:\\\/\\\/marekkuchcinski.pl\\\/wp-content\\\/uploads\\\/2021\\\/12\\\/IMG_4103.jpg\",\"contentUrl\":\"https:\\\/\\\/marekkuchcinski.pl\\\/wp-content\\\/uploads\\\/2021\\\/12\\\/IMG_4103.jpg\",\"width\":768,\"height\":549},{\"@type\":\"BreadcrumbList\",\"@id\":\"https:\\\/\\\/marekkuchcinski.pl\\\/wydarzenia\\\/darmowa-pomoc-dla-mieszkancow-podkarpacia-przemyskie-biuro-porad-prawnych-ma-juz-20-lat\\\/#breadcrumb\",\"itemListElement\":[{\"@type\":\"ListItem\",\"position\":1,\"name\":\"Strona g\u0142\u00f3wna\",\"item\":\"https:\\\/\\\/marekkuchcinski.pl\\\/\"},{\"@type\":\"ListItem\",\"position\":2,\"name\":\"Darmowa pomoc dla mieszka\u0144c\u00f3w Podkarpacia. Przemyskie Biuro Porad Prawnych ma ju\u017c 20 lat!\"}]},{\"@type\":\"WebSite\",\"@id\":\"https:\\\/\\\/marekkuchcinski.pl\\\/#website\",\"url\":\"https:\\\/\\\/marekkuchcinski.pl\\\/\",\"name\":\"Marek Kuchci\u0144ski\",\"description\":\"Marek Kuchci\u0144ski \",\"publisher\":{\"@id\":\"https:\\\/\\\/marekkuchcinski.pl\\\/#organization\"},\"potentialAction\":[{\"@type\":\"SearchAction\",\"target\":{\"@type\":\"EntryPoint\",\"urlTemplate\":\"https:\\\/\\\/marekkuchcinski.pl\\\/?s={search_term_string}\"},\"query-input\":{\"@type\":\"PropertyValueSpecification\",\"valueRequired\":true,\"valueName\":\"search_term_string\"}}],\"inLanguage\":\"uk\"},{\"@type\":\"Organization\",\"@id\":\"https:\\\/\\\/marekkuchcinski.pl\\\/#organization\",\"name\":\"Marek Kuchci\u0144ski\",\"url\":\"https:\\\/\\\/marekkuchcinski.pl\\\/\",\"logo\":{\"@type\":\"ImageObject\",\"inLanguage\":\"uk\",\"@id\":\"https:\\\/\\\/marekkuchcinski.pl\\\/#\\\/schema\\\/logo\\\/image\\\/\",\"url\":\"https:\\\/\\\/marekkuchcinski.pl\\\/wp-content\\\/uploads\\\/2022\\\/09\\\/Marek.jpg\",\"contentUrl\":\"https:\\\/\\\/marekkuchcinski.pl\\\/wp-content\\\/uploads\\\/2022\\\/09\\\/Marek.jpg\",\"width\":1600,\"height\":971,\"caption\":\"Marek Kuchci\u0144ski\"},\"image\":{\"@id\":\"https:\\\/\\\/marekkuchcinski.pl\\\/#\\\/schema\\\/logo\\\/image\\\/\"}},{\"@type\":\"Person\",\"@id\":\"https:\\\/\\\/marekkuchcinski.pl\\\/#\\\/schema\\\/person\\\/bd3f15dee67fee76e83c8350d0154101\",\"name\":\"Marta Olejnik\",\"image\":{\"@type\":\"ImageObject\",\"inLanguage\":\"uk\",\"@id\":\"https:\\\/\\\/secure.gravatar.com\\\/avatar\\\/24754edd6080383402e292374b406b553027d572e97d60e7aa89a6940e88659a?s=96&d=mm&r=g\",\"url\":\"https:\\\/\\\/secure.gravatar.com\\\/avatar\\\/24754edd6080383402e292374b406b553027d572e97d60e7aa89a6940e88659a?s=96&d=mm&r=g\",\"contentUrl\":\"https:\\\/\\\/secure.gravatar.com\\\/avatar\\\/24754edd6080383402e292374b406b553027d572e97d60e7aa89a6940e88659a?s=96&d=mm&r=g\",\"caption\":\"Marta Olejnik\"},\"url\":\"https:\\\/\\\/marekkuchcinski.pl\\\/uk\\\/author\\\/marta\\\/\"}]}<\/script>\n<!-- \/ Yoast SEO plugin. -->","yoast_head_json":{"title":"Darmowa pomoc dla mieszka\u0144c\u00f3w Podkarpacia. Przemyskie Biuro Porad Prawnych ma ju\u017c 20 lat! &#8211; Marek Kuchci\u0144ski","robots":{"index":"index","follow":"follow","max-snippet":"max-snippet:-1","max-image-preview":"max-image-preview:large","max-video-preview":"max-video-preview:-1"},"canonical":"https:\/\/marekkuchcinski.pl\/uk\/wydarzenia\/darmowa-pomoc-dla-mieszkancow-podkarpacia-przemyskie-biuro-porad-prawnych-ma-juz-20-lat\/","og_locale":"uk_UA","og_type":"article","og_title":"Darmowa pomoc dla mieszka\u0144c\u00f3w Podkarpacia. Przemyskie Biuro Porad Prawnych ma ju\u017c 20 lat! &#8211; Marek Kuchci\u0144ski","og_description":"20 lat temu, wychodz\u0105c naprzeciw oczekiwaniom mieszka\u0144c\u00f3w Podkarpacia, w ramach Biura Poselskiego pos\u0142a Marka Kuchci\u0144skiego, powo\u0142ano Biuro Porad Prawnych. By\u0142o to pierwsze tego typu biuro stworzone przez Prawo i Sprawiedliwo\u015b\u0107 w ca\u0142ym kraju. Jak czytamy na stronie marekkuchcinski.pl: s\u0142u\u017cy ono pomoc\u0105 ka\u017cdemu, kogo dotkn\u0119\u0142a niesprawiedliwo\u015b\u0107, niekompetencja lub arogancja urz\u0119d\u00f3w i instytucji, ka\u017cdemu, kto potrzebuje wskaz\u00f3wki [&hellip;]","og_url":"https:\/\/marekkuchcinski.pl\/uk\/wydarzenia\/darmowa-pomoc-dla-mieszkancow-podkarpacia-przemyskie-biuro-porad-prawnych-ma-juz-20-lat\/","og_site_name":"Marek Kuchci\u0144ski","article_published_time":"2021-12-29T23:46:44+00:00","article_modified_time":"2021-12-30T10:14:08+00:00","og_image":[{"width":768,"height":549,"url":"https:\/\/marekkuchcinski.pl\/wp-content\/uploads\/2021\/12\/IMG_4103.jpg","type":"image\/jpeg"}],"author":"Marta Olejnik","twitter_card":"summary_large_image","twitter_misc":{"Written by":"Marta Olejnik","Est. reading time":"2 minutes"},"schema":{"@context":"https:\/\/schema.org","@graph":[{"@type":"Article","@id":"https:\/\/marekkuchcinski.pl\/wydarzenia\/darmowa-pomoc-dla-mieszkancow-podkarpacia-przemyskie-biuro-porad-prawnych-ma-juz-20-lat\/#article","isPartOf":{"@id":"https:\/\/marekkuchcinski.pl\/wydarzenia\/darmowa-pomoc-dla-mieszkancow-podkarpacia-przemyskie-biuro-porad-prawnych-ma-juz-20-lat\/"},"author":{"name":"Marta Olejnik","@id":"https:\/\/marekkuchcinski.pl\/#\/schema\/person\/bd3f15dee67fee76e83c8350d0154101"},"headline":"Darmowa pomoc dla mieszka\u0144c\u00f3w Podkarpacia. Przemyskie Biuro Porad Prawnych ma ju\u017c 20 lat!","datePublished":"2021-12-29T23:46:44+00:00","dateModified":"2021-12-30T10:14:08+00:00","mainEntityOfPage":{"@id":"https:\/\/marekkuchcinski.pl\/wydarzenia\/darmowa-pomoc-dla-mieszkancow-podkarpacia-przemyskie-biuro-porad-prawnych-ma-juz-20-lat\/"},"wordCount":419,"commentCount":0,"publisher":{"@id":"https:\/\/marekkuchcinski.pl\/#organization"},"image":{"@id":"https:\/\/marekkuchcinski.pl\/wydarzenia\/darmowa-pomoc-dla-mieszkancow-podkarpacia-przemyskie-biuro-porad-prawnych-ma-juz-20-lat\/#primaryimage"},"thumbnailUrl":"https:\/\/marekkuchcinski.pl\/wp-content\/uploads\/2021\/12\/IMG_4103.jpg","articleSection":["Podkarpacie","Wydarzenia"],"inLanguage":"uk","potentialAction":[{"@type":"CommentAction","name":"Comment","target":["https:\/\/marekkuchcinski.pl\/wydarzenia\/darmowa-pomoc-dla-mieszkancow-podkarpacia-przemyskie-biuro-porad-prawnych-ma-juz-20-lat\/#respond"]}]},{"@type":"WebPage","@id":"https:\/\/marekkuchcinski.pl\/wydarzenia\/darmowa-pomoc-dla-mieszkancow-podkarpacia-przemyskie-biuro-porad-prawnych-ma-juz-20-lat\/","url":"https:\/\/marekkuchcinski.pl\/wydarzenia\/darmowa-pomoc-dla-mieszkancow-podkarpacia-przemyskie-biuro-porad-prawnych-ma-juz-20-lat\/","name":"Darmowa pomoc dla mieszka\u0144c\u00f3w Podkarpacia. Przemyskie Biuro Porad Prawnych ma ju\u017c 20 lat! &#8211; Marek Kuchci\u0144ski","isPartOf":{"@id":"https:\/\/marekkuchcinski.pl\/#website"},"primaryImageOfPage":{"@id":"https:\/\/marekkuchcinski.pl\/wydarzenia\/darmowa-pomoc-dla-mieszkancow-podkarpacia-przemyskie-biuro-porad-prawnych-ma-juz-20-lat\/#primaryimage"},"image":{"@id":"https:\/\/marekkuchcinski.pl\/wydarzenia\/darmowa-pomoc-dla-mieszkancow-podkarpacia-przemyskie-biuro-porad-prawnych-ma-juz-20-lat\/#primaryimage"},"thumbnailUrl":"https:\/\/marekkuchcinski.pl\/wp-content\/uploads\/2021\/12\/IMG_4103.jpg","datePublished":"2021-12-29T23:46:44+00:00","dateModified":"2021-12-30T10:14:08+00:00","breadcrumb":{"@id":"https:\/\/marekkuchcinski.pl\/wydarzenia\/darmowa-pomoc-dla-mieszkancow-podkarpacia-przemyskie-biuro-porad-prawnych-ma-juz-20-lat\/#breadcrumb"},"inLanguage":"uk","potentialAction":[{"@type":"ReadAction","target":["https:\/\/marekkuchcinski.pl\/wydarzenia\/darmowa-pomoc-dla-mieszkancow-podkarpacia-przemyskie-biuro-porad-prawnych-ma-juz-20-lat\/"]}]},{"@type":"ImageObject","inLanguage":"uk","@id":"https:\/\/marekkuchcinski.pl\/wydarzenia\/darmowa-pomoc-dla-mieszkancow-podkarpacia-przemyskie-biuro-porad-prawnych-ma-juz-20-lat\/#primaryimage","url":"https:\/\/marekkuchcinski.pl\/wp-content\/uploads\/2021\/12\/IMG_4103.jpg","contentUrl":"https:\/\/marekkuchcinski.pl\/wp-content\/uploads\/2021\/12\/IMG_4103.jpg","width":768,"height":549},{"@type":"BreadcrumbList","@id":"https:\/\/marekkuchcinski.pl\/wydarzenia\/darmowa-pomoc-dla-mieszkancow-podkarpacia-przemyskie-biuro-porad-prawnych-ma-juz-20-lat\/#breadcrumb","itemListElement":[{"@type":"ListItem","position":1,"name":"Strona g\u0142\u00f3wna","item":"https:\/\/marekkuchcinski.pl\/"},{"@type":"ListItem","position":2,"name":"Darmowa pomoc dla mieszka\u0144c\u00f3w Podkarpacia. Przemyskie Biuro Porad Prawnych ma ju\u017c 20 lat!"}]},{"@type":"WebSite","@id":"https:\/\/marekkuchcinski.pl\/#website","url":"https:\/\/marekkuchcinski.pl\/","name":"Marek Kuchci\u0144ski","description":"Marek Kuchci\u0144ski","publisher":{"@id":"https:\/\/marekkuchcinski.pl\/#organization"},"potentialAction":[{"@type":"SearchAction","target":{"@type":"EntryPoint","urlTemplate":"https:\/\/marekkuchcinski.pl\/?s={search_term_string}"},"query-input":{"@type":"PropertyValueSpecification","valueRequired":true,"valueName":"search_term_string"}}],"inLanguage":"uk"},{"@type":"Organization","@id":"https:\/\/marekkuchcinski.pl\/#organization","name":"Marek Kuchci\u0144ski","url":"https:\/\/marekkuchcinski.pl\/","logo":{"@type":"ImageObject","inLanguage":"uk","@id":"https:\/\/marekkuchcinski.pl\/#\/schema\/logo\/image\/","url":"https:\/\/marekkuchcinski.pl\/wp-content\/uploads\/2022\/09\/Marek.jpg","contentUrl":"https:\/\/marekkuchcinski.pl\/wp-content\/uploads\/2022\/09\/Marek.jpg","width":1600,"height":971,"caption":"Marek Kuchci\u0144ski"},"image":{"@id":"https:\/\/marekkuchcinski.pl\/#\/schema\/logo\/image\/"}},{"@type":"Person","@id":"https:\/\/marekkuchcinski.pl\/#\/schema\/person\/bd3f15dee67fee76e83c8350d0154101","name":"Marta Olejnik","image":{"@type":"ImageObject","inLanguage":"uk","@id":"https:\/\/secure.gravatar.com\/avatar\/24754edd6080383402e292374b406b553027d572e97d60e7aa89a6940e88659a?s=96&d=mm&r=g","url":"https:\/\/secure.gravatar.com\/avatar\/24754edd6080383402e292374b406b553027d572e97d60e7aa89a6940e88659a?s=96&d=mm&r=g","contentUrl":"https:\/\/secure.gravatar.com\/avatar\/24754edd6080383402e292374b406b553027d572e97d60e7aa89a6940e88659a?s=96&d=mm&r=g","caption":"Marta Olejnik"},"url":"https:\/\/marekkuchcinski.pl\/uk\/author\/marta\/"}]}},"_links":{"self":[{"href":"https:\/\/marekkuchcinski.pl\/uk\/wp-json\/wp\/v2\/posts\/24136","targetHints":{"allow":["GET"]}}],"collection":[{"href":"https:\/\/marekkuchcinski.pl\/uk\/wp-json\/wp\/v2\/posts"}],"about":[{"href":"https:\/\/marekkuchcinski.pl\/uk\/wp-json\/wp\/v2\/types\/post"}],"author":[{"embeddable":true,"href":"https:\/\/marekkuchcinski.pl\/uk\/wp-json\/wp\/v2\/users\/3"}],"replies":[{"embeddable":true,"href":"https:\/\/marekkuchcinski.pl\/uk\/wp-json\/wp\/v2\/comments?post=24136"}],"version-history":[{"count":4,"href":"https:\/\/marekkuchcinski.pl\/uk\/wp-json\/wp\/v2\/posts\/24136\/revisions"}],"predecessor-version":[{"id":24143,"href":"https:\/\/marekkuchcinski.pl\/uk\/wp-json\/wp\/v2\/posts\/24136\/revisions\/24143"}],"wp:featuredmedia":[{"embeddable":true,"href":"https:\/\/marekkuchcinski.pl\/uk\/wp-json\/wp\/v2\/media\/24141"}],"wp:attachment":[{"href":"https:\/\/marekkuchcinski.pl\/uk\/wp-json\/wp\/v2\/media?parent=24136"}],"wp:term":[{"taxonomy":"category","embeddable":true,"href":"https:\/\/marekkuchcinski.pl\/uk\/wp-json\/wp\/v2\/categories?post=24136"},{"taxonomy":"post_tag","embeddable":true,"href":"https:\/\/marekkuchcinski.pl\/uk\/wp-json\/wp\/v2\/tags?post=24136"}],"curies":[{"name":"wp","href":"https:\/\/api.w.org\/{rel}","templated":true}]}}