{"id":240,"date":"2012-09-04T09:52:36","date_gmt":"2012-09-04T07:52:36","guid":{"rendered":"https:\/\/marekkuchcinski.pl\/?p=240"},"modified":"2016-08-25T17:00:17","modified_gmt":"2016-08-25T15:00:17","slug":"uchwala-nr-01-65-08-2012-komitetu-politycznego-prawa-i-sprawiedliwosci-z-dnia-31-08-2012-r-w-32-rocznice-porozumien-sierpniowych","status":"publish","type":"post","link":"https:\/\/marekkuchcinski.pl\/uk\/wydarzenia\/uchwala-nr-01-65-08-2012-komitetu-politycznego-prawa-i-sprawiedliwosci-z-dnia-31-08-2012-r-w-32-rocznice-porozumien-sierpniowych\/","title":{"rendered":"\u0420\u0435\u0437\u043e\u043b\u044e\u0446\u0456\u044f \u2116 01\/65\/08\/2012 \u041f\u043e\u043b\u0456\u0442\u0438\u0447\u043d\u043e\u0433\u043e \u043a\u043e\u043c\u0456\u0442\u0435\u0442\u0443 \u043f\u0430\u0440\u0442\u0456\u0457 \"\u041f\u0440\u0430\u0432\u043e \u0456 \u0441\u043f\u0440\u0430\u0432\u0435\u0434\u043b\u0438\u0432\u0456\u0441\u0442\u044c\" \u0432\u0456\u0434 31.08.2012 \u0449\u043e\u0434\u043e 32-\u0457 \u0440\u0456\u0447\u043d\u0438\u0446\u0456 \u043f\u0456\u0434\u043f\u0438\u0441\u0430\u043d\u043d\u044f \u0421\u0435\u0440\u043f\u043d\u0435\u0432\u0438\u0445 \u0443\u0433\u043e\u0434"},"content":{"rendered":"<p style=\"text-align: right;\">\u0412\u0430\u0440\u0448\u0430\u0432\u0430, 31 \u0441\u0435\u0440\u043f\u043d\u044f 2012 \u0440\u043e\u043a\u0443.<\/p>\n<p style=\"text-align: justify;\">32 \u0440\u043e\u043a\u0438 \u0442\u043e\u043c\u0443 \u043f\u043e\u043b\u044c\u0441\u044c\u043a\u0438\u0439 \u043d\u0430\u0440\u043e\u0434 \u043a\u0438\u043d\u0443\u0432 \u0432\u0438\u043a\u043b\u0438\u043a \u0441\u0438\u0441\u0442\u0435\u043c\u0456, \u0437\u0430\u0441\u043d\u043e\u0432\u0430\u043d\u0456\u0439 \u043d\u0430 \u0431\u0440\u0435\u0445\u043d\u0456, \u043d\u0430\u0441\u0438\u043b\u044c\u0441\u0442\u0432\u0456 \u0442\u0430 \u0456\u043d\u043e\u0437\u0435\u043c\u043d\u043e\u043c\u0443 \u043f\u0430\u043d\u0443\u0432\u0430\u043d\u043d\u0456.<\/p>\n<p style=\"text-align: justify;\">31 \u0441\u0435\u0440\u043f\u043d\u044f \u0432\u043e\u043d\u0438 \u0437\u043c\u0443\u0441\u0438\u043b\u0438 \u043a\u043e\u043c\u0443\u043d\u0456\u0441\u0442\u0438\u0447\u043d\u0438\u0439 \u0440\u0435\u0436\u0438\u043c \u043f\u0456\u0442\u0438 \u043d\u0430 \u043f\u043e\u0441\u0442\u0443\u043f\u043a\u0438, \u044f\u043a\u0456 \u0441\u0442\u0430\u043b\u0438 \u043f\u043e\u0447\u0430\u0442\u043a\u043e\u043c \u0448\u043b\u044f\u0445\u0443 \u0434\u043e \u0441\u0432\u043e\u0431\u043e\u0434\u0438. \u0412\u0435\u043b\u0438\u043a\u0438\u0439 \u0433\u0440\u043e\u043c\u0430\u0434\u0441\u044c\u043a\u0438\u0439 \u0440\u0443\u0445, \u044f\u043a\u0438\u0439 \u043e\u0431'\u0454\u0434\u043d\u0430\u0432 \u043f\u0435\u0440\u0435\u0432\u0430\u0436\u043d\u0443 \u0431\u0456\u043b\u044c\u0448\u0456\u0441\u0442\u044c \u043f\u043e\u043b\u044c\u0441\u044c\u043a\u043e\u0433\u043e \u0441\u0443\u0441\u043f\u0456\u043b\u044c\u0441\u0442\u0432\u0430, \u043f\u043e\u043a\u0430\u0437\u0430\u0432 \u0404\u0432\u0440\u043e\u043f\u0456 \u0442\u0430 \u0441\u0432\u0456\u0442\u0443, \u044f\u043a \u0434\u043e\u0431\u0440\u043e \u043c\u043e\u0436\u0435 \u043f\u0435\u0440\u0435\u043c\u0430\u0433\u0430\u0442\u0438 \u0437\u043b\u043e.<\/p>\n<p style=\"text-align: justify;\">\u0421\u044c\u043e\u0433\u043e\u0434\u043d\u0456 \u043c\u0438 \u0432\u0456\u0434\u0437\u043d\u0430\u0447\u0430\u0454\u043c\u043e \u0440\u0456\u0447\u043d\u0438\u0446\u044e \u0437\u0430\u0441\u043d\u0443\u0432\u0430\u043d\u043d\u044f \"\u0421\u043e\u043b\u0456\u0434\u0430\u0440\u043d\u043e\u0441\u0442\u0456\" \u043d\u0435 \u043b\u0438\u0448\u0435 \u0434\u043b\u044f \u0442\u043e\u0433\u043e, \u0449\u043e\u0431 \u0432\u0448\u0430\u043d\u0443\u0432\u0430\u0442\u0438 \u0432\u0441\u0456\u0445 \u0442\u0438\u0445, \u043a\u043e\u043c\u0443 \u043c\u0438 \u0437\u0430\u0432\u0434\u044f\u0447\u0443\u0454\u043c\u043e \u0432\u0456\u0434\u043d\u043e\u0432\u043b\u0435\u043d\u043e\u044e \u043d\u0435\u0437\u0430\u043b\u0435\u0436\u043d\u0456\u0441\u0442\u044e. \u041c\u0438 \u0437\u0433\u0430\u0434\u0443\u0454\u043c\u043e \u043f\u0440\u043e \u0446\u044e \u0432\u0435\u043b\u0438\u043a\u0443 \u043f\u0435\u0440\u0435\u043c\u043e\u0433\u0443, \u0449\u043e\u0431 \u0441\u043a\u0430\u0437\u0430\u0442\u0438, \u0449\u043e \u0431\u0443\u0434\u0456\u0432\u043d\u0438\u0446\u0442\u0432\u043e \u0432\u0456\u043b\u044c\u043d\u043e\u0457 \u0456 \u0434\u0435\u043c\u043e\u043a\u0440\u0430\u0442\u0438\u0447\u043d\u043e\u0457, \u043f\u0440\u043e\u0446\u0432\u0456\u0442\u0430\u044e\u0447\u043e\u0457 \u0456 \u0441\u043e\u043b\u0456\u0434\u0430\u0440\u043d\u043e\u0457 \u041f\u043e\u043b\u044c\u0449\u0456 \u0442\u0440\u0438\u0432\u0430\u0454. \u041d\u0430 \u0446\u044c\u043e\u043c\u0443 \u0448\u043b\u044f\u0445\u0443 \u043c\u0438 \u0441\u0442\u0438\u043a\u0430\u0454\u043c\u043e\u0441\u044f \u0437 \u043f\u0435\u0440\u0435\u0448\u043a\u043e\u0434\u0430\u043c\u0438, \u0430\u043b\u0435 \u043f\u0430\u043c'\u044f\u0442\u044c \u043f\u0440\u043e \u0441\u0435\u0440\u043f\u0435\u043d\u044c 1980 \u0440\u043e\u043a\u0443 \u043f\u0435\u0440\u0435\u043a\u043e\u043d\u0443\u0454 \u043d\u0430\u0441 \u0443 \u0442\u043e\u043c\u0443, \u0449\u043e \u0457\u0445 \u043f\u043e\u0434\u043e\u043b\u0430\u043d\u043d\u044f \u043c\u043e\u0436\u043b\u0438\u0432\u0435.<\/p>\n<p style=\"text-align: justify;\">\u0423 \u0440\u0456\u0447\u043d\u0438\u0446\u044e \u043f\u0456\u0434\u043f\u0438\u0441\u0430\u043d\u043d\u044f \u0413\u0434\u0430\u043d\u0441\u044c\u043a\u043e\u0457, \u0429\u0435\u0446\u0438\u043d\u0441\u044c\u043a\u043e\u0457 \u0442\u0430 \u042f\u0441\u0442\u0448\u0435\u043c\u0431\u0441\u044c\u043a\u043e\u0457 \u0443\u0433\u043e\u0434, \u044f\u043a\u0456 \u0432\u0456\u0434\u043d\u043e\u0432\u0438\u043b\u0438 \u0432\u0456\u0440\u0443 \u0443 \u0432\u0456\u0434\u0431\u0443\u0434\u043e\u0432\u0443 \u0432\u0456\u043b\u044c\u043d\u043e\u0457 \u0411\u0430\u0442\u044c\u043a\u0456\u0432\u0449\u0438\u043d\u0438, \u0430 \u0442\u0430\u043a\u043e\u0436 \u043d\u0430\u043f\u0435\u0440\u0435\u0434\u043e\u0434\u043d\u0456 \u0440\u0456\u0447\u043d\u0438\u0446\u0456 \u043f\u043e\u0447\u0430\u0442\u043a\u0443 \u0414\u0440\u0443\u0433\u043e\u0457 \u0441\u0432\u0456\u0442\u043e\u0432\u043e\u0457 \u0432\u0456\u0439\u043d\u0438, \u044f\u043a\u0430 \u043f\u043e\u043a\u0430\u0437\u0430\u043b\u0430, \u043d\u0430\u0441\u043a\u0456\u043b\u044c\u043a\u0438 \u043a\u0440\u0438\u0445\u043a\u0438\u043c \u043c\u043e\u0436\u0435 \u0431\u0443\u0442\u0438 \u043c\u0438\u0440, \u043f\u043e\u0431\u0443\u0434\u043e\u0432\u0430\u043d\u0438\u0439 \u043d\u0430 \u043c\u043e\u0432\u0447\u0430\u0437\u043d\u0456\u0439 \u0437\u0433\u043e\u0434\u0456 \u0437 \u043d\u0435\u0441\u043f\u0440\u0430\u0432\u0435\u0434\u043b\u0438\u0432\u0456\u0441\u0442\u044e, \u0437\u0430\u043a\u043b\u0438\u043a\u0430\u0454\u043c\u043e \u0434\u043e \u0454\u0434\u043d\u043e\u0441\u0442\u0456 \u0432\u0441\u0456\u0445, \u043a\u043e\u043c\u0443 \u0434\u043e\u0440\u043e\u0433\u0456 \u0456\u0434\u0435\u0457 \u0441\u0432\u043e\u0431\u043e\u0434\u0438, \u0441\u043f\u0440\u0430\u0432\u0435\u0434\u043b\u0438\u0432\u043e\u0441\u0442\u0456, \u0432\u0456\u0434\u0434\u0430\u043d\u043e\u0441\u0442\u0456 \u0445\u0440\u0438\u0441\u0442\u0438\u044f\u043d\u0441\u044c\u043a\u0438\u043c \u0446\u0456\u043d\u043d\u043e\u0441\u0442\u044f\u043c, \u0432\u043b\u0430\u0441\u043d\u0456\u0439 \u043a\u0440\u0430\u0457\u043d\u0456 \u0442\u0430 \u043d\u0430\u0446\u0456\u043e\u043d\u0430\u043b\u044c\u043d\u0456\u0439 \u0441\u043f\u0456\u043b\u044c\u043d\u043e\u0442\u0456.<\/p>\n<p style=\"text-align: right;\">\u041f\u0440\u0435\u0437\u0438\u0434\u0435\u043d\u0442 \"\u041f\u0440\u0430\u0432\u0430 \u0456 \u0441\u043f\u0440\u0430\u0432\u0435\u0434\u043b\u0438\u0432\u043e\u0441\u0442\u0456<\/p>\n<p style=\"text-align: right;\">\u042f\u0440\u043e\u0441\u043b\u0430\u0432 \u041a\u0430\u0447\u0438\u043d\u0441\u044c\u043a\u0438\u0439<\/p>","protected":false},"excerpt":{"rendered":"<p>Warszawa, dnia 31 sierpnia 2012 r. 32 lata temu Polacy przeciwstawili si\u0119 systemowi opartemu na k\u0142amstwie, przemocy i obcej dominacji. 31 sierpnia zmusili re\u017cim komunistyczny do ust\u0119pstw, kt\u00f3re okaza\u0142y si\u0119 pocz\u0105tkiem drogi do wolno\u015bci. Wielki ruch spo\u0142eczny, kt\u00f3ry zjednoczy\u0142 znacz\u0105c\u0105 wi\u0119kszo\u015b\u0107 polskiego spo\u0142ecze\u0144stwa, pokaza\u0142 Europie i \u015bwiatu, jak dobro mo\u017ce zwyci\u0119\u017cy\u0107 nad z\u0142em. Dzisiaj obchodzimy [&hellip;]<\/p>","protected":false},"author":6,"featured_media":0,"comment_status":"open","ping_status":"open","sticky":false,"template":"","format":"standard","meta":{"ngg_post_thumbnail":0,"footnotes":""},"categories":[3],"tags":[],"class_list":["post-240","post","type-post","status-publish","format-standard","hentry","category-wydarzenia"],"yoast_head":"<!-- This site is optimized with the Yoast SEO plugin v24.7 - https:\/\/yoast.com\/wordpress\/plugins\/seo\/ -->\n<title>Uchwa\u0142a nr 01\/65\/08\/2012 Komitetu Politycznego Prawa i Sprawiedliwo\u015bci z dnia 31.08.2012 r. w 32. rocznic\u0119 Porozumie\u0144 Sierpniowych &#8211; Marek Kuchci\u0144ski<\/title>\n<meta name=\"robots\" content=\"index, follow, max-snippet:-1, max-image-preview:large, max-video-preview:-1\" \/>\n<link rel=\"canonical\" href=\"https:\/\/marekkuchcinski.pl\/uk\/wydarzenia\/uchwala-nr-01-65-08-2012-komitetu-politycznego-prawa-i-sprawiedliwosci-z-dnia-31-08-2012-r-w-32-rocznice-porozumien-sierpniowych\/\" \/>\n<meta property=\"og:locale\" content=\"uk_UA\" \/>\n<meta property=\"og:type\" content=\"article\" \/>\n<meta property=\"og:title\" content=\"Uchwa\u0142a nr 01\/65\/08\/2012 Komitetu Politycznego Prawa i Sprawiedliwo\u015bci z dnia 31.08.2012 r. w 32. rocznic\u0119 Porozumie\u0144 Sierpniowych &#8211; Marek Kuchci\u0144ski\" \/>\n<meta property=\"og:description\" content=\"Warszawa, dnia 31 sierpnia 2012 r. 32 lata temu Polacy przeciwstawili si\u0119 systemowi opartemu na k\u0142amstwie, przemocy i obcej dominacji. 31 sierpnia zmusili re\u017cim komunistyczny do ust\u0119pstw, kt\u00f3re okaza\u0142y si\u0119 pocz\u0105tkiem drogi do wolno\u015bci. Wielki ruch spo\u0142eczny, kt\u00f3ry zjednoczy\u0142 znacz\u0105c\u0105 wi\u0119kszo\u015b\u0107 polskiego spo\u0142ecze\u0144stwa, pokaza\u0142 Europie i \u015bwiatu, jak dobro mo\u017ce zwyci\u0119\u017cy\u0107 nad z\u0142em. Dzisiaj obchodzimy [&hellip;]\" \/>\n<meta property=\"og:url\" content=\"https:\/\/marekkuchcinski.pl\/uk\/wydarzenia\/uchwala-nr-01-65-08-2012-komitetu-politycznego-prawa-i-sprawiedliwosci-z-dnia-31-08-2012-r-w-32-rocznice-porozumien-sierpniowych\/\" \/>\n<meta property=\"og:site_name\" content=\"Marek Kuchci\u0144ski\" \/>\n<meta property=\"article:published_time\" content=\"2012-09-04T07:52:36+00:00\" \/>\n<meta property=\"article:modified_time\" content=\"2016-08-25T15:00:17+00:00\" \/>\n<meta property=\"og:image\" content=\"https:\/\/marekkuchcinski.pl\/wp-content\/uploads\/2022\/09\/Marek.jpg\" \/>\n\t<meta property=\"og:image:width\" content=\"1600\" \/>\n\t<meta property=\"og:image:height\" content=\"971\" \/>\n\t<meta property=\"og:image:type\" content=\"image\/jpeg\" \/>\n<meta name=\"author\" content=\"admin\" \/>\n<meta name=\"twitter:card\" content=\"summary_large_image\" \/>\n<meta name=\"twitter:label1\" content=\"\u041d\u0430\u043f\u0438\u0441\u0430\u043d\u043e\" \/>\n\t<meta name=\"twitter:data1\" content=\"admin\" \/>\n\t<meta name=\"twitter:label2\" content=\"\u041f\u0440\u0438\u0431\u043b. \u0447\u0430\u0441 \u0447\u0438\u0442\u0430\u043d\u043d\u044f\" \/>\n\t<meta name=\"twitter:data2\" content=\"1 \u0445\u0432\u0438\u043b\u0438\u043d\u0430\" \/>\n<script type=\"application\/ld+json\" class=\"yoast-schema-graph\">{\"@context\":\"https:\/\/schema.org\",\"@graph\":[{\"@type\":\"Article\",\"@id\":\"https:\/\/marekkuchcinski.pl\/wydarzenia\/uchwala-nr-01-65-08-2012-komitetu-politycznego-prawa-i-sprawiedliwosci-z-dnia-31-08-2012-r-w-32-rocznice-porozumien-sierpniowych\/#article\",\"isPartOf\":{\"@id\":\"https:\/\/marekkuchcinski.pl\/wydarzenia\/uchwala-nr-01-65-08-2012-komitetu-politycznego-prawa-i-sprawiedliwosci-z-dnia-31-08-2012-r-w-32-rocznice-porozumien-sierpniowych\/\"},\"author\":{\"name\":\"admin\",\"@id\":\"https:\/\/marekkuchcinski.pl\/#\/schema\/person\/6f62700996b4d950b6ea2d1183b6c6be\"},\"headline\":\"Uchwa\u0142a nr 01\/65\/08\/2012 Komitetu Politycznego Prawa i Sprawiedliwo\u015bci z dnia 31.08.2012 r. w 32. rocznic\u0119 Porozumie\u0144 Sierpniowych\",\"datePublished\":\"2012-09-04T07:52:36+00:00\",\"dateModified\":\"2016-08-25T15:00:17+00:00\",\"mainEntityOfPage\":{\"@id\":\"https:\/\/marekkuchcinski.pl\/wydarzenia\/uchwala-nr-01-65-08-2012-komitetu-politycznego-prawa-i-sprawiedliwosci-z-dnia-31-08-2012-r-w-32-rocznice-porozumien-sierpniowych\/\"},\"wordCount\":227,\"commentCount\":0,\"publisher\":{\"@id\":\"https:\/\/marekkuchcinski.pl\/#organization\"},\"articleSection\":[\"Wydarzenia\"],\"inLanguage\":\"uk\",\"potentialAction\":[{\"@type\":\"CommentAction\",\"name\":\"Comment\",\"target\":[\"https:\/\/marekkuchcinski.pl\/wydarzenia\/uchwala-nr-01-65-08-2012-komitetu-politycznego-prawa-i-sprawiedliwosci-z-dnia-31-08-2012-r-w-32-rocznice-porozumien-sierpniowych\/#respond\"]}]},{\"@type\":\"WebPage\",\"@id\":\"https:\/\/marekkuchcinski.pl\/wydarzenia\/uchwala-nr-01-65-08-2012-komitetu-politycznego-prawa-i-sprawiedliwosci-z-dnia-31-08-2012-r-w-32-rocznice-porozumien-sierpniowych\/\",\"url\":\"https:\/\/marekkuchcinski.pl\/wydarzenia\/uchwala-nr-01-65-08-2012-komitetu-politycznego-prawa-i-sprawiedliwosci-z-dnia-31-08-2012-r-w-32-rocznice-porozumien-sierpniowych\/\",\"name\":\"Uchwa\u0142a nr 01\/65\/08\/2012 Komitetu Politycznego Prawa i Sprawiedliwo\u015bci z dnia 31.08.2012 r. w 32. rocznic\u0119 Porozumie\u0144 Sierpniowych &#8211; Marek Kuchci\u0144ski\",\"isPartOf\":{\"@id\":\"https:\/\/marekkuchcinski.pl\/#website\"},\"datePublished\":\"2012-09-04T07:52:36+00:00\",\"dateModified\":\"2016-08-25T15:00:17+00:00\",\"breadcrumb\":{\"@id\":\"https:\/\/marekkuchcinski.pl\/wydarzenia\/uchwala-nr-01-65-08-2012-komitetu-politycznego-prawa-i-sprawiedliwosci-z-dnia-31-08-2012-r-w-32-rocznice-porozumien-sierpniowych\/#breadcrumb\"},\"inLanguage\":\"uk\",\"potentialAction\":[{\"@type\":\"ReadAction\",\"target\":[\"https:\/\/marekkuchcinski.pl\/wydarzenia\/uchwala-nr-01-65-08-2012-komitetu-politycznego-prawa-i-sprawiedliwosci-z-dnia-31-08-2012-r-w-32-rocznice-porozumien-sierpniowych\/\"]}]},{\"@type\":\"BreadcrumbList\",\"@id\":\"https:\/\/marekkuchcinski.pl\/wydarzenia\/uchwala-nr-01-65-08-2012-komitetu-politycznego-prawa-i-sprawiedliwosci-z-dnia-31-08-2012-r-w-32-rocznice-porozumien-sierpniowych\/#breadcrumb\",\"itemListElement\":[{\"@type\":\"ListItem\",\"position\":1,\"name\":\"Strona g\u0142\u00f3wna\",\"item\":\"https:\/\/marekkuchcinski.pl\/\"},{\"@type\":\"ListItem\",\"position\":2,\"name\":\"Uchwa\u0142a nr 01\/65\/08\/2012 Komitetu Politycznego Prawa i Sprawiedliwo\u015bci z dnia 31.08.2012 r. w 32. rocznic\u0119 Porozumie\u0144 Sierpniowych\"}]},{\"@type\":\"WebSite\",\"@id\":\"https:\/\/marekkuchcinski.pl\/#website\",\"url\":\"https:\/\/marekkuchcinski.pl\/\",\"name\":\"Marek Kuchci\u0144ski\",\"description\":\"Pose\u0142 na sejm RP &ndash; okr\u0119g nr 22\",\"publisher\":{\"@id\":\"https:\/\/marekkuchcinski.pl\/#organization\"},\"potentialAction\":[{\"@type\":\"SearchAction\",\"target\":{\"@type\":\"EntryPoint\",\"urlTemplate\":\"https:\/\/marekkuchcinski.pl\/?s={search_term_string}\"},\"query-input\":{\"@type\":\"PropertyValueSpecification\",\"valueRequired\":true,\"valueName\":\"search_term_string\"}}],\"inLanguage\":\"uk\"},{\"@type\":\"Organization\",\"@id\":\"https:\/\/marekkuchcinski.pl\/#organization\",\"name\":\"Marek Kuchci\u0144ski\",\"url\":\"https:\/\/marekkuchcinski.pl\/\",\"logo\":{\"@type\":\"ImageObject\",\"inLanguage\":\"uk\",\"@id\":\"https:\/\/marekkuchcinski.pl\/#\/schema\/logo\/image\/\",\"url\":\"https:\/\/marekkuchcinski.pl\/wp-content\/uploads\/2022\/09\/Marek.jpg\",\"contentUrl\":\"https:\/\/marekkuchcinski.pl\/wp-content\/uploads\/2022\/09\/Marek.jpg\",\"width\":1600,\"height\":971,\"caption\":\"Marek Kuchci\u0144ski\"},\"image\":{\"@id\":\"https:\/\/marekkuchcinski.pl\/#\/schema\/logo\/image\/\"}},{\"@type\":\"Person\",\"@id\":\"https:\/\/marekkuchcinski.pl\/#\/schema\/person\/6f62700996b4d950b6ea2d1183b6c6be\",\"name\":\"admin\",\"image\":{\"@type\":\"ImageObject\",\"inLanguage\":\"uk\",\"@id\":\"https:\/\/marekkuchcinski.pl\/#\/schema\/person\/image\/\",\"url\":\"https:\/\/secure.gravatar.com\/avatar\/4bab693b9d55c3d6b52c0296a8765085?s=96&d=mm&r=g\",\"contentUrl\":\"https:\/\/secure.gravatar.com\/avatar\/4bab693b9d55c3d6b52c0296a8765085?s=96&d=mm&r=g\",\"caption\":\"admin\"},\"url\":\"https:\/\/marekkuchcinski.pl\/uk\/author\/marta-olejnik\/\"}]}<\/script>\n<!-- \/ Yoast SEO plugin. -->","yoast_head_json":{"title":"Uchwa\u0142a nr 01\/65\/08\/2012 Komitetu Politycznego Prawa i Sprawiedliwo\u015bci z dnia 31.08.2012 r. w 32. rocznic\u0119 Porozumie\u0144 Sierpniowych &#8211; Marek Kuchci\u0144ski","robots":{"index":"index","follow":"follow","max-snippet":"max-snippet:-1","max-image-preview":"max-image-preview:large","max-video-preview":"max-video-preview:-1"},"canonical":"https:\/\/marekkuchcinski.pl\/uk\/wydarzenia\/uchwala-nr-01-65-08-2012-komitetu-politycznego-prawa-i-sprawiedliwosci-z-dnia-31-08-2012-r-w-32-rocznice-porozumien-sierpniowych\/","og_locale":"uk_UA","og_type":"article","og_title":"Uchwa\u0142a nr 01\/65\/08\/2012 Komitetu Politycznego Prawa i Sprawiedliwo\u015bci z dnia 31.08.2012 r. w 32. rocznic\u0119 Porozumie\u0144 Sierpniowych &#8211; Marek Kuchci\u0144ski","og_description":"Warszawa, dnia 31 sierpnia 2012 r. 32 lata temu Polacy przeciwstawili si\u0119 systemowi opartemu na k\u0142amstwie, przemocy i obcej dominacji. 31 sierpnia zmusili re\u017cim komunistyczny do ust\u0119pstw, kt\u00f3re okaza\u0142y si\u0119 pocz\u0105tkiem drogi do wolno\u015bci. Wielki ruch spo\u0142eczny, kt\u00f3ry zjednoczy\u0142 znacz\u0105c\u0105 wi\u0119kszo\u015b\u0107 polskiego spo\u0142ecze\u0144stwa, pokaza\u0142 Europie i \u015bwiatu, jak dobro mo\u017ce zwyci\u0119\u017cy\u0107 nad z\u0142em. Dzisiaj obchodzimy [&hellip;]","og_url":"https:\/\/marekkuchcinski.pl\/uk\/wydarzenia\/uchwala-nr-01-65-08-2012-komitetu-politycznego-prawa-i-sprawiedliwosci-z-dnia-31-08-2012-r-w-32-rocznice-porozumien-sierpniowych\/","og_site_name":"Marek Kuchci\u0144ski","article_published_time":"2012-09-04T07:52:36+00:00","article_modified_time":"2016-08-25T15:00:17+00:00","og_image":[{"width":1600,"height":971,"url":"https:\/\/marekkuchcinski.pl\/wp-content\/uploads\/2022\/09\/Marek.jpg","type":"image\/jpeg"}],"author":"admin","twitter_card":"summary_large_image","twitter_misc":{"\u041d\u0430\u043f\u0438\u0441\u0430\u043d\u043e":"admin","\u041f\u0440\u0438\u0431\u043b. \u0447\u0430\u0441 \u0447\u0438\u0442\u0430\u043d\u043d\u044f":"1 \u0445\u0432\u0438\u043b\u0438\u043d\u0430"},"schema":{"@context":"https:\/\/schema.org","@graph":[{"@type":"Article","@id":"https:\/\/marekkuchcinski.pl\/wydarzenia\/uchwala-nr-01-65-08-2012-komitetu-politycznego-prawa-i-sprawiedliwosci-z-dnia-31-08-2012-r-w-32-rocznice-porozumien-sierpniowych\/#article","isPartOf":{"@id":"https:\/\/marekkuchcinski.pl\/wydarzenia\/uchwala-nr-01-65-08-2012-komitetu-politycznego-prawa-i-sprawiedliwosci-z-dnia-31-08-2012-r-w-32-rocznice-porozumien-sierpniowych\/"},"author":{"name":"admin","@id":"https:\/\/marekkuchcinski.pl\/#\/schema\/person\/6f62700996b4d950b6ea2d1183b6c6be"},"headline":"Uchwa\u0142a nr 01\/65\/08\/2012 Komitetu Politycznego Prawa i Sprawiedliwo\u015bci z dnia 31.08.2012 r. w 32. rocznic\u0119 Porozumie\u0144 Sierpniowych","datePublished":"2012-09-04T07:52:36+00:00","dateModified":"2016-08-25T15:00:17+00:00","mainEntityOfPage":{"@id":"https:\/\/marekkuchcinski.pl\/wydarzenia\/uchwala-nr-01-65-08-2012-komitetu-politycznego-prawa-i-sprawiedliwosci-z-dnia-31-08-2012-r-w-32-rocznice-porozumien-sierpniowych\/"},"wordCount":227,"commentCount":0,"publisher":{"@id":"https:\/\/marekkuchcinski.pl\/#organization"},"articleSection":["Wydarzenia"],"inLanguage":"uk","potentialAction":[{"@type":"CommentAction","name":"Comment","target":["https:\/\/marekkuchcinski.pl\/wydarzenia\/uchwala-nr-01-65-08-2012-komitetu-politycznego-prawa-i-sprawiedliwosci-z-dnia-31-08-2012-r-w-32-rocznice-porozumien-sierpniowych\/#respond"]}]},{"@type":"WebPage","@id":"https:\/\/marekkuchcinski.pl\/wydarzenia\/uchwala-nr-01-65-08-2012-komitetu-politycznego-prawa-i-sprawiedliwosci-z-dnia-31-08-2012-r-w-32-rocznice-porozumien-sierpniowych\/","url":"https:\/\/marekkuchcinski.pl\/wydarzenia\/uchwala-nr-01-65-08-2012-komitetu-politycznego-prawa-i-sprawiedliwosci-z-dnia-31-08-2012-r-w-32-rocznice-porozumien-sierpniowych\/","name":"Uchwa\u0142a nr 01\/65\/08\/2012 Komitetu Politycznego Prawa i Sprawiedliwo\u015bci z dnia 31.08.2012 r. w 32. rocznic\u0119 Porozumie\u0144 Sierpniowych &#8211; Marek Kuchci\u0144ski","isPartOf":{"@id":"https:\/\/marekkuchcinski.pl\/#website"},"datePublished":"2012-09-04T07:52:36+00:00","dateModified":"2016-08-25T15:00:17+00:00","breadcrumb":{"@id":"https:\/\/marekkuchcinski.pl\/wydarzenia\/uchwala-nr-01-65-08-2012-komitetu-politycznego-prawa-i-sprawiedliwosci-z-dnia-31-08-2012-r-w-32-rocznice-porozumien-sierpniowych\/#breadcrumb"},"inLanguage":"uk","potentialAction":[{"@type":"ReadAction","target":["https:\/\/marekkuchcinski.pl\/wydarzenia\/uchwala-nr-01-65-08-2012-komitetu-politycznego-prawa-i-sprawiedliwosci-z-dnia-31-08-2012-r-w-32-rocznice-porozumien-sierpniowych\/"]}]},{"@type":"BreadcrumbList","@id":"https:\/\/marekkuchcinski.pl\/wydarzenia\/uchwala-nr-01-65-08-2012-komitetu-politycznego-prawa-i-sprawiedliwosci-z-dnia-31-08-2012-r-w-32-rocznice-porozumien-sierpniowych\/#breadcrumb","itemListElement":[{"@type":"ListItem","position":1,"name":"Strona g\u0142\u00f3wna","item":"https:\/\/marekkuchcinski.pl\/"},{"@type":"ListItem","position":2,"name":"Uchwa\u0142a nr 01\/65\/08\/2012 Komitetu Politycznego Prawa i Sprawiedliwo\u015bci z dnia 31.08.2012 r. w 32. rocznic\u0119 Porozumie\u0144 Sierpniowych"}]},{"@type":"WebSite","@id":"https:\/\/marekkuchcinski.pl\/#website","url":"https:\/\/marekkuchcinski.pl\/","name":"Marek Kuchci\u0144ski","description":"Pose\u0142 na sejm RP &ndash; okr\u0119g nr 22","publisher":{"@id":"https:\/\/marekkuchcinski.pl\/#organization"},"potentialAction":[{"@type":"SearchAction","target":{"@type":"EntryPoint","urlTemplate":"https:\/\/marekkuchcinski.pl\/?s={search_term_string}"},"query-input":{"@type":"PropertyValueSpecification","valueRequired":true,"valueName":"search_term_string"}}],"inLanguage":"uk"},{"@type":"Organization","@id":"https:\/\/marekkuchcinski.pl\/#organization","name":"Marek Kuchci\u0144ski","url":"https:\/\/marekkuchcinski.pl\/","logo":{"@type":"ImageObject","inLanguage":"uk","@id":"https:\/\/marekkuchcinski.pl\/#\/schema\/logo\/image\/","url":"https:\/\/marekkuchcinski.pl\/wp-content\/uploads\/2022\/09\/Marek.jpg","contentUrl":"https:\/\/marekkuchcinski.pl\/wp-content\/uploads\/2022\/09\/Marek.jpg","width":1600,"height":971,"caption":"Marek Kuchci\u0144ski"},"image":{"@id":"https:\/\/marekkuchcinski.pl\/#\/schema\/logo\/image\/"}},{"@type":"Person","@id":"https:\/\/marekkuchcinski.pl\/#\/schema\/person\/6f62700996b4d950b6ea2d1183b6c6be","name":"admin","image":{"@type":"ImageObject","inLanguage":"uk","@id":"https:\/\/marekkuchcinski.pl\/#\/schema\/person\/image\/","url":"https:\/\/secure.gravatar.com\/avatar\/4bab693b9d55c3d6b52c0296a8765085?s=96&d=mm&r=g","contentUrl":"https:\/\/secure.gravatar.com\/avatar\/4bab693b9d55c3d6b52c0296a8765085?s=96&d=mm&r=g","caption":"admin"},"url":"https:\/\/marekkuchcinski.pl\/uk\/author\/marta-olejnik\/"}]}},"_links":{"self":[{"href":"https:\/\/marekkuchcinski.pl\/uk\/wp-json\/wp\/v2\/posts\/240","targetHints":{"allow":["GET"]}}],"collection":[{"href":"https:\/\/marekkuchcinski.pl\/uk\/wp-json\/wp\/v2\/posts"}],"about":[{"href":"https:\/\/marekkuchcinski.pl\/uk\/wp-json\/wp\/v2\/types\/post"}],"author":[{"embeddable":true,"href":"https:\/\/marekkuchcinski.pl\/uk\/wp-json\/wp\/v2\/users\/6"}],"replies":[{"embeddable":true,"href":"https:\/\/marekkuchcinski.pl\/uk\/wp-json\/wp\/v2\/comments?post=240"}],"version-history":[{"count":1,"href":"https:\/\/marekkuchcinski.pl\/uk\/wp-json\/wp\/v2\/posts\/240\/revisions"}],"predecessor-version":[{"id":1408,"href":"https:\/\/marekkuchcinski.pl\/uk\/wp-json\/wp\/v2\/posts\/240\/revisions\/1408"}],"wp:attachment":[{"href":"https:\/\/marekkuchcinski.pl\/uk\/wp-json\/wp\/v2\/media?parent=240"}],"wp:term":[{"taxonomy":"category","embeddable":true,"href":"https:\/\/marekkuchcinski.pl\/uk\/wp-json\/wp\/v2\/categories?post=240"},{"taxonomy":"post_tag","embeddable":true,"href":"https:\/\/marekkuchcinski.pl\/uk\/wp-json\/wp\/v2\/tags?post=240"}],"curies":[{"name":"wp","href":"https:\/\/api.w.org\/{rel}","templated":true}]}}