{"id":23075,"date":"2021-08-02T15:30:02","date_gmt":"2021-08-02T13:30:02","guid":{"rendered":"https:\/\/marekkuchcinski.pl\/?p=23075"},"modified":"2021-08-02T15:30:05","modified_gmt":"2021-08-02T13:30:05","slug":"szefowie-komisji-spraw-zagranicznych-przeciw-porozumieniu-niemcow-i-usa-ws-gazociagu-nord-stream-2","status":"publish","type":"post","link":"https:\/\/marekkuchcinski.pl\/uk\/wydarzenia\/szefowie-komisji-spraw-zagranicznych-przeciw-porozumieniu-niemcow-i-usa-ws-gazociagu-nord-stream-2\/","title":{"rendered":"Szefowie Komisji Spraw Zagranicznych przeciw porozumieniu Niemc\u00f3w i USA ws. gazoci\u0105gu Nord Stream 2"},"content":{"rendered":"<p class=\"wp-block-paragraph\"><strong>Przewodnicz\u0105cy Komisji Spraw Zagranicznych Marek Kuchci\u0144ski oraz Czech, Estonii, Irlandii, \u0141otwy, Litwy, Polski, Ukrainy, Wielkiej Brytanii i Stan\u00f3w Zjednoczonych podpisali deklaracj\u0119 b\u0119d\u0105c\u0105 reakcj\u0105 na wsp\u00f3lne porozumienie Niemc\u00f3w i USA. Zak\u0142ada ono m.in., \u017ce USA wstrzymaj\u0105 nak\u0142adanie sankcji w&nbsp;zwi\u0105zku z&nbsp;budow\u0105&nbsp;Nord Stream 2, a&nbsp;Niemcy zainwestuj\u0105 w&nbsp;ukrai\u0144skie projekty i&nbsp;zobowi\u0105\u017c\u0105 si\u0119 do sankcji w&nbsp;razie wrogich dzia\u0142a\u0144 Rosji.<\/strong><\/p>\n\n\n\n<p class=\"wp-block-paragraph\"><\/p>\n\n\n\n<p class=\"has-text-align-center wp-block-paragraph\"><strong>Komisji Spraw Zagranicznych na temat Nord Stream 2<\/strong><\/p>\n\n\n\n<p class=\"wp-block-paragraph\">My, Przewodnicz\u0105cy Komisji Spraw Zagranicznych naszych parlament\u00f3w, jeste\u015bmy g\u0142\u0119boko zaniepokojeni decyzj\u0105 Stan\u00f3w Zjednoczonych oraz Niemiec w sprawie Nord Stream 2, kt\u00f3ra poci\u0105ga za sob\u0105 wznowienie prac maj\u0105cych zako\u0144czy\u0107 budow\u0119 gazoci\u0105gu Nord Stream 2.<\/p>\n\n\n\n<p class=\"wp-block-paragraph\">Uwa\u017camy Nord Stream 2 za geopolityczny projekt maj\u0105cy na celu wzmocnienie geostrategicznego wp\u0142ywu Rosji w Europie poprzez zdominowanie rynku energii. Uko\u0144czenie gazoci\u0105gu zwi\u0119kszy udzia\u0142 rosyjskiego gazu w europejskim miksie energetycznym, narazi bezpiecze\u0144stwo UE oraz USA i zagrozi i tak ju\u017c nietrwa\u0142emu bezpiecze\u0144stwu i suwerenno\u015bci Ukrainy. Co wi\u0119cej, uko\u0144czenie NS2 da Rosji kolejne narz\u0119dzie do wywierania presji i szanta\u017cowania Ukrainy. Ci\u0105gle stawia czo\u0142a brutalnej rosyjskiej agresji i wojskowej okupacji swoich terytori\u00f3w z powodu swoich proeuropejskich ambicji. W rezultacie 14&nbsp;000 Ukrai\u0144c\u00f3w zgin\u0119\u0142o i ka\u017cdego tygodnia kolejni ukrai\u0144scy \u017co\u0142nierze oddaj\u0105 swoje \u017cycie w obronie ojczyzny i ca\u0142ej Europy.<\/p>\n\n\n\n<p class=\"wp-block-paragraph\">Prawdopodobne reperkusje uko\u0144czenia i dzia\u0142ania NS2 to tak\u017ce os\u0142abienie rozwoju jednego, liberalnego i otwartego rynku europejskiego poprzez konsolidacj\u0119 \u017ar\u00f3de\u0142 zaopatrzenia w NS2 oraz zniech\u0119canie do inwestowania w alternatywy.<\/p>\n\n\n\n<p class=\"wp-block-paragraph\">S\u0142yszymy zapewnienia, \u017ce Ukraina otrzyma jak\u0105\u015b rekompensat\u0119 za zgod\u0119 na uruchomienie Nord Stream 2. Jednak\u017ce, strony zaanga\u017cowane w projekt musz\u0105 znacz\u0105co zwi\u0119kszy\u0107 swoje wsparcie dla Ukrainy, by zapobiec pog\u0142\u0119bianiu si\u0119 obecnego kryzysu bezpiecze\u0144stwa, zaostrzony jeszcze przez zagro\u017cenia stworzone przez Nord Stream 2. W zwi\u0105zku z tym, apelujemy do wszystkich zaanga\u017cowanych, by odnie\u015bli si\u0119 do tego kryzysu bezpiecze\u0144stwa w regionie z najwy\u017csza powag\u0105 i zrozumieli, \u017ce Rosja jest jedynym beneficjentem tego projektu.<\/p>\n\n\n\n<p class=\"wp-block-paragraph\">Euroatlantyckie bezpiecze\u0144stwo i dobrobyt s\u0105 podtrzymywane przez, przede wszystkim, demokracj\u0119 oraz wsp\u00f3\u0142prac\u0119 pomi\u0119dzy demokratycznymi krajami. Musimy si\u0119 zobowi\u0105za\u0107 do zwi\u0119kszenia wsparcia dla bezpiecze\u0144stwa i mo\u017cliwo\u015bci obrony Ukrainy, a tak\u017ce do stworzenia jasnego planu dla cz\u0142onkostwa Ukrainy w NATO. Nalegamy na stworzenie prawnych zobowi\u0105za\u0144 wobec Ukrainy w imieniu NATO oraz, do ko\u0144ca tego roku, na opracowanie prawnie obowi\u0105zuj\u0105cego planu cz\u0142onkostwa w NATO dla Ukrainy. By skonsolidowa\u0107 wysi\u0142ki transformacyjne ukrai\u0144skiego rz\u0105du, jak r\u00f3wnie\u017c demokracj\u0119 i prawa cz\u0142owieka w tym regionie, wzywamy do uzgodnienia perspektywy cz\u0142onkostwa Ukrainy w Unii Europejskiej, jak r\u00f3wnie\u017c innych kraj\u00f3w stowarzyszonych w regionie, a tak\u017ce do przeprowadzenia wolnych i sprawiedliwych wybor\u00f3w na Bia\u0142orusi w tym roku.<\/p>\n\n\n\n<p class=\"wp-block-paragraph\">Podtrzymujemy nasz sprzeciw wobec gazoci\u0105gu Nord Stream 2, kt\u00f3ry jest \u015brodkiem dla Rosji do wywierania z\u0142ego wp\u0142ywu oraz prowadzenia dzia\u0142a\u0144 maj\u0105cych na celu zaszkodzenie europejskiemu bezpiecze\u0144stwu energetycznemu. Oczekujemy jasnego zobowi\u0105zania od Niemiec do redukcji zale\u017cno\u015bci od gazu importowanego z Rosji i rozwoju w kierunku zielonej energii. S\u0105dzimy, \u017ce Niemcy podejd\u0105 do swojej odpowiedzialno\u015bci za te cele z najwy\u017cszym oddaniem. W zmieniaj\u0105cym si\u0119 \u015brodowisku bezpiecze\u0144stwa w regionie, apelujemy do NATO o zintensyfikowanie odstraszania, zw\u0142aszcza w pa\u0144stwach ba\u0142tyckich.<\/p>\n\n\n\n<p class=\"wp-block-paragraph\">Nalegamy, aby jakiekolwiek dalsze umowy dotycz\u0105ce Nord Stream 2 wymaga\u0142y konsultacji w ca\u0142ej rodzinie transatlantyckiej. Co wi\u0119cej, taka dyplomacja powinna si\u0119 dzia\u0107 maj\u0105c podstawow\u0105 zasad\u0119 na uwadze \u2013 zwalczanie rosyjskiej agresji jest w interesie wszystkich cz\u0142onk\u00f3w NATO oraz UE, a tak\u017ce naszych partner\u00f3w w \u015arodkowej i Wschodniej Europie.<\/p>\n\n\n\n<figure class=\"wp-block-image size-large\"><a href=\"https:\/\/marekkuchcinski.pl\/wp-content\/uploads\/2021\/08\/ns3.png\"><img fetchpriority=\"high\" decoding=\"async\" width=\"575\" height=\"741\" src=\"https:\/\/marekkuchcinski.pl\/wp-content\/uploads\/2021\/08\/ns3.png\" alt=\"\" class=\"wp-image-23077\" srcset=\"https:\/\/marekkuchcinski.pl\/wp-content\/uploads\/2021\/08\/ns3.png 575w, https:\/\/marekkuchcinski.pl\/wp-content\/uploads\/2021\/08\/ns3-233x300.png 233w, https:\/\/marekkuchcinski.pl\/wp-content\/uploads\/2021\/08\/ns3-9x12.png 9w\" sizes=\"(max-width: 575px) 100vw, 575px\" \/><\/a><\/figure>\n\n\n\n<figure class=\"wp-block-image size-large\"><a href=\"https:\/\/marekkuchcinski.pl\/wp-content\/uploads\/2021\/08\/ns4.png\"><img decoding=\"async\" width=\"583\" height=\"698\" src=\"https:\/\/marekkuchcinski.pl\/wp-content\/uploads\/2021\/08\/ns4.png\" alt=\"\" class=\"wp-image-23078\" srcset=\"https:\/\/marekkuchcinski.pl\/wp-content\/uploads\/2021\/08\/ns4.png 583w, https:\/\/marekkuchcinski.pl\/wp-content\/uploads\/2021\/08\/ns4-251x300.png 251w, https:\/\/marekkuchcinski.pl\/wp-content\/uploads\/2021\/08\/ns4-10x12.png 10w\" sizes=\"(max-width: 583px) 100vw, 583px\" \/><\/a><\/figure>","protected":false},"excerpt":{"rendered":"<p>Przewodnicz\u0105cy Komisji Spraw Zagranicznych Marek Kuchci\u0144ski oraz Czech, Estonii, Irlandii, \u0141otwy, Litwy, Polski, Ukrainy, Wielkiej Brytanii i Stan\u00f3w Zjednoczonych podpisali deklaracj\u0119 b\u0119d\u0105c\u0105 reakcj\u0105 na wsp\u00f3lne porozumienie Niemc\u00f3w i USA. Zak\u0142ada ono m.in., \u017ce USA wstrzymaj\u0105 nak\u0142adanie sankcji w&nbsp;zwi\u0105zku z&nbsp;budow\u0105&nbsp;Nord Stream 2, a&nbsp;Niemcy zainwestuj\u0105 w&nbsp;ukrai\u0144skie projekty i&nbsp;zobowi\u0105\u017c\u0105 si\u0119 do sankcji w&nbsp;razie wrogich dzia\u0142a\u0144 Rosji. Komisji Spraw [&hellip;]<\/p>\n","protected":false},"author":3,"featured_media":23080,"comment_status":"open","ping_status":"open","sticky":false,"template":"","format":"standard","meta":{"ngg_post_thumbnail":0,"footnotes":""},"categories":[50,3],"tags":[],"class_list":["post-23075","post","type-post","status-publish","format-standard","has-post-thumbnail","hentry","category-wspolpraca-miedzynarodowa","category-wydarzenia"],"yoast_head":"<!-- This site is optimized with the Yoast SEO plugin v28.4 - https:\/\/yoast.com\/product\/yoast-seo-wordpress\/ -->\n<title>Szefowie Komisji Spraw Zagranicznych przeciw porozumieniu Niemc\u00f3w i USA ws. gazoci\u0105gu Nord Stream 2 &#8211; Marek Kuchci\u0144ski<\/title>\n<meta name=\"robots\" content=\"index, follow, max-snippet:-1, max-image-preview:large, max-video-preview:-1\" \/>\n<link rel=\"canonical\" href=\"https:\/\/marekkuchcinski.pl\/uk\/wydarzenia\/szefowie-komisji-spraw-zagranicznych-przeciw-porozumieniu-niemcow-i-usa-ws-gazociagu-nord-stream-2\/\" \/>\n<meta property=\"og:locale\" content=\"uk_UA\" \/>\n<meta property=\"og:type\" content=\"article\" \/>\n<meta property=\"og:title\" content=\"Szefowie Komisji Spraw Zagranicznych przeciw porozumieniu Niemc\u00f3w i USA ws. gazoci\u0105gu Nord Stream 2 &#8211; Marek Kuchci\u0144ski\" \/>\n<meta property=\"og:description\" content=\"Przewodnicz\u0105cy Komisji Spraw Zagranicznych Marek Kuchci\u0144ski oraz Czech, Estonii, Irlandii, \u0141otwy, Litwy, Polski, Ukrainy, Wielkiej Brytanii i Stan\u00f3w Zjednoczonych podpisali deklaracj\u0119 b\u0119d\u0105c\u0105 reakcj\u0105 na wsp\u00f3lne porozumienie Niemc\u00f3w i USA. Zak\u0142ada ono m.in., \u017ce USA wstrzymaj\u0105 nak\u0142adanie sankcji w&nbsp;zwi\u0105zku z&nbsp;budow\u0105&nbsp;Nord Stream 2, a&nbsp;Niemcy zainwestuj\u0105 w&nbsp;ukrai\u0144skie projekty i&nbsp;zobowi\u0105\u017c\u0105 si\u0119 do sankcji w&nbsp;razie wrogich dzia\u0142a\u0144 Rosji. Komisji Spraw [&hellip;]\" \/>\n<meta property=\"og:url\" content=\"https:\/\/marekkuchcinski.pl\/uk\/wydarzenia\/szefowie-komisji-spraw-zagranicznych-przeciw-porozumieniu-niemcow-i-usa-ws-gazociagu-nord-stream-2\/\" \/>\n<meta property=\"og:site_name\" content=\"Marek Kuchci\u0144ski\" \/>\n<meta property=\"article:published_time\" content=\"2021-08-02T13:30:02+00:00\" \/>\n<meta property=\"article:modified_time\" content=\"2021-08-02T13:30:05+00:00\" \/>\n<meta property=\"og:image\" content=\"https:\/\/marekkuchcinski.pl\/wp-content\/uploads\/2021\/08\/ns3_edited.jpg\" \/>\n\t<meta property=\"og:image:width\" content=\"477\" \/>\n\t<meta property=\"og:image:height\" content=\"239\" \/>\n\t<meta property=\"og:image:type\" content=\"image\/jpeg\" \/>\n<meta name=\"author\" content=\"Marta Olejnik\" \/>\n<meta name=\"twitter:card\" content=\"summary_large_image\" \/>\n<meta name=\"twitter:label1\" content=\"Written by\" \/>\n\t<meta name=\"twitter:data1\" content=\"Marta Olejnik\" \/>\n\t<meta name=\"twitter:label2\" content=\"Est. reading time\" \/>\n\t<meta name=\"twitter:data2\" content=\"3 minutes\" \/>\n<script type=\"application\/ld+json\" class=\"yoast-schema-graph\">{\"@context\":\"https:\\\/\\\/schema.org\",\"@graph\":[{\"@type\":\"Article\",\"@id\":\"https:\\\/\\\/marekkuchcinski.pl\\\/wydarzenia\\\/szefowie-komisji-spraw-zagranicznych-przeciw-porozumieniu-niemcow-i-usa-ws-gazociagu-nord-stream-2\\\/#article\",\"isPartOf\":{\"@id\":\"https:\\\/\\\/marekkuchcinski.pl\\\/wydarzenia\\\/szefowie-komisji-spraw-zagranicznych-przeciw-porozumieniu-niemcow-i-usa-ws-gazociagu-nord-stream-2\\\/\"},\"author\":{\"name\":\"Marta Olejnik\",\"@id\":\"https:\\\/\\\/marekkuchcinski.pl\\\/#\\\/schema\\\/person\\\/bd3f15dee67fee76e83c8350d0154101\"},\"headline\":\"Szefowie Komisji Spraw Zagranicznych przeciw porozumieniu Niemc\u00f3w i USA ws. gazoci\u0105gu Nord Stream 2\",\"datePublished\":\"2021-08-02T13:30:02+00:00\",\"dateModified\":\"2021-08-02T13:30:05+00:00\",\"mainEntityOfPage\":{\"@id\":\"https:\\\/\\\/marekkuchcinski.pl\\\/wydarzenia\\\/szefowie-komisji-spraw-zagranicznych-przeciw-porozumieniu-niemcow-i-usa-ws-gazociagu-nord-stream-2\\\/\"},\"wordCount\":657,\"commentCount\":0,\"publisher\":{\"@id\":\"https:\\\/\\\/marekkuchcinski.pl\\\/#organization\"},\"image\":{\"@id\":\"https:\\\/\\\/marekkuchcinski.pl\\\/wydarzenia\\\/szefowie-komisji-spraw-zagranicznych-przeciw-porozumieniu-niemcow-i-usa-ws-gazociagu-nord-stream-2\\\/#primaryimage\"},\"thumbnailUrl\":\"https:\\\/\\\/marekkuchcinski.pl\\\/wp-content\\\/uploads\\\/2021\\\/08\\\/ns3_edited.jpg\",\"articleSection\":[\"Wsp\u00f3\u0142praca mi\u0119dzynarodowa\",\"Wydarzenia\"],\"inLanguage\":\"uk\",\"potentialAction\":[{\"@type\":\"CommentAction\",\"name\":\"Comment\",\"target\":[\"https:\\\/\\\/marekkuchcinski.pl\\\/wydarzenia\\\/szefowie-komisji-spraw-zagranicznych-przeciw-porozumieniu-niemcow-i-usa-ws-gazociagu-nord-stream-2\\\/#respond\"]}]},{\"@type\":\"WebPage\",\"@id\":\"https:\\\/\\\/marekkuchcinski.pl\\\/wydarzenia\\\/szefowie-komisji-spraw-zagranicznych-przeciw-porozumieniu-niemcow-i-usa-ws-gazociagu-nord-stream-2\\\/\",\"url\":\"https:\\\/\\\/marekkuchcinski.pl\\\/wydarzenia\\\/szefowie-komisji-spraw-zagranicznych-przeciw-porozumieniu-niemcow-i-usa-ws-gazociagu-nord-stream-2\\\/\",\"name\":\"Szefowie Komisji Spraw Zagranicznych przeciw porozumieniu Niemc\u00f3w i USA ws. gazoci\u0105gu Nord Stream 2 &#8211; Marek Kuchci\u0144ski\",\"isPartOf\":{\"@id\":\"https:\\\/\\\/marekkuchcinski.pl\\\/#website\"},\"primaryImageOfPage\":{\"@id\":\"https:\\\/\\\/marekkuchcinski.pl\\\/wydarzenia\\\/szefowie-komisji-spraw-zagranicznych-przeciw-porozumieniu-niemcow-i-usa-ws-gazociagu-nord-stream-2\\\/#primaryimage\"},\"image\":{\"@id\":\"https:\\\/\\\/marekkuchcinski.pl\\\/wydarzenia\\\/szefowie-komisji-spraw-zagranicznych-przeciw-porozumieniu-niemcow-i-usa-ws-gazociagu-nord-stream-2\\\/#primaryimage\"},\"thumbnailUrl\":\"https:\\\/\\\/marekkuchcinski.pl\\\/wp-content\\\/uploads\\\/2021\\\/08\\\/ns3_edited.jpg\",\"datePublished\":\"2021-08-02T13:30:02+00:00\",\"dateModified\":\"2021-08-02T13:30:05+00:00\",\"breadcrumb\":{\"@id\":\"https:\\\/\\\/marekkuchcinski.pl\\\/wydarzenia\\\/szefowie-komisji-spraw-zagranicznych-przeciw-porozumieniu-niemcow-i-usa-ws-gazociagu-nord-stream-2\\\/#breadcrumb\"},\"inLanguage\":\"uk\",\"potentialAction\":[{\"@type\":\"ReadAction\",\"target\":[\"https:\\\/\\\/marekkuchcinski.pl\\\/wydarzenia\\\/szefowie-komisji-spraw-zagranicznych-przeciw-porozumieniu-niemcow-i-usa-ws-gazociagu-nord-stream-2\\\/\"]}]},{\"@type\":\"ImageObject\",\"inLanguage\":\"uk\",\"@id\":\"https:\\\/\\\/marekkuchcinski.pl\\\/wydarzenia\\\/szefowie-komisji-spraw-zagranicznych-przeciw-porozumieniu-niemcow-i-usa-ws-gazociagu-nord-stream-2\\\/#primaryimage\",\"url\":\"https:\\\/\\\/marekkuchcinski.pl\\\/wp-content\\\/uploads\\\/2021\\\/08\\\/ns3_edited.jpg\",\"contentUrl\":\"https:\\\/\\\/marekkuchcinski.pl\\\/wp-content\\\/uploads\\\/2021\\\/08\\\/ns3_edited.jpg\",\"width\":477,\"height\":239},{\"@type\":\"BreadcrumbList\",\"@id\":\"https:\\\/\\\/marekkuchcinski.pl\\\/wydarzenia\\\/szefowie-komisji-spraw-zagranicznych-przeciw-porozumieniu-niemcow-i-usa-ws-gazociagu-nord-stream-2\\\/#breadcrumb\",\"itemListElement\":[{\"@type\":\"ListItem\",\"position\":1,\"name\":\"Strona g\u0142\u00f3wna\",\"item\":\"https:\\\/\\\/marekkuchcinski.pl\\\/\"},{\"@type\":\"ListItem\",\"position\":2,\"name\":\"Szefowie Komisji Spraw Zagranicznych przeciw porozumieniu Niemc\u00f3w i USA ws. gazoci\u0105gu Nord Stream 2\"}]},{\"@type\":\"WebSite\",\"@id\":\"https:\\\/\\\/marekkuchcinski.pl\\\/#website\",\"url\":\"https:\\\/\\\/marekkuchcinski.pl\\\/\",\"name\":\"Marek Kuchci\u0144ski\",\"description\":\"Marek Kuchci\u0144ski \",\"publisher\":{\"@id\":\"https:\\\/\\\/marekkuchcinski.pl\\\/#organization\"},\"potentialAction\":[{\"@type\":\"SearchAction\",\"target\":{\"@type\":\"EntryPoint\",\"urlTemplate\":\"https:\\\/\\\/marekkuchcinski.pl\\\/?s={search_term_string}\"},\"query-input\":{\"@type\":\"PropertyValueSpecification\",\"valueRequired\":true,\"valueName\":\"search_term_string\"}}],\"inLanguage\":\"uk\"},{\"@type\":\"Organization\",\"@id\":\"https:\\\/\\\/marekkuchcinski.pl\\\/#organization\",\"name\":\"Marek Kuchci\u0144ski\",\"url\":\"https:\\\/\\\/marekkuchcinski.pl\\\/\",\"logo\":{\"@type\":\"ImageObject\",\"inLanguage\":\"uk\",\"@id\":\"https:\\\/\\\/marekkuchcinski.pl\\\/#\\\/schema\\\/logo\\\/image\\\/\",\"url\":\"https:\\\/\\\/marekkuchcinski.pl\\\/wp-content\\\/uploads\\\/2022\\\/09\\\/Marek.jpg\",\"contentUrl\":\"https:\\\/\\\/marekkuchcinski.pl\\\/wp-content\\\/uploads\\\/2022\\\/09\\\/Marek.jpg\",\"width\":1600,\"height\":971,\"caption\":\"Marek Kuchci\u0144ski\"},\"image\":{\"@id\":\"https:\\\/\\\/marekkuchcinski.pl\\\/#\\\/schema\\\/logo\\\/image\\\/\"}},{\"@type\":\"Person\",\"@id\":\"https:\\\/\\\/marekkuchcinski.pl\\\/#\\\/schema\\\/person\\\/bd3f15dee67fee76e83c8350d0154101\",\"name\":\"Marta Olejnik\",\"image\":{\"@type\":\"ImageObject\",\"inLanguage\":\"uk\",\"@id\":\"https:\\\/\\\/secure.gravatar.com\\\/avatar\\\/24754edd6080383402e292374b406b553027d572e97d60e7aa89a6940e88659a?s=96&d=mm&r=g\",\"url\":\"https:\\\/\\\/secure.gravatar.com\\\/avatar\\\/24754edd6080383402e292374b406b553027d572e97d60e7aa89a6940e88659a?s=96&d=mm&r=g\",\"contentUrl\":\"https:\\\/\\\/secure.gravatar.com\\\/avatar\\\/24754edd6080383402e292374b406b553027d572e97d60e7aa89a6940e88659a?s=96&d=mm&r=g\",\"caption\":\"Marta Olejnik\"},\"url\":\"https:\\\/\\\/marekkuchcinski.pl\\\/uk\\\/author\\\/marta\\\/\"}]}<\/script>\n<!-- \/ Yoast SEO plugin. -->","yoast_head_json":{"title":"Szefowie Komisji Spraw Zagranicznych przeciw porozumieniu Niemc\u00f3w i USA ws. gazoci\u0105gu Nord Stream 2 &#8211; Marek Kuchci\u0144ski","robots":{"index":"index","follow":"follow","max-snippet":"max-snippet:-1","max-image-preview":"max-image-preview:large","max-video-preview":"max-video-preview:-1"},"canonical":"https:\/\/marekkuchcinski.pl\/uk\/wydarzenia\/szefowie-komisji-spraw-zagranicznych-przeciw-porozumieniu-niemcow-i-usa-ws-gazociagu-nord-stream-2\/","og_locale":"uk_UA","og_type":"article","og_title":"Szefowie Komisji Spraw Zagranicznych przeciw porozumieniu Niemc\u00f3w i USA ws. gazoci\u0105gu Nord Stream 2 &#8211; Marek Kuchci\u0144ski","og_description":"Przewodnicz\u0105cy Komisji Spraw Zagranicznych Marek Kuchci\u0144ski oraz Czech, Estonii, Irlandii, \u0141otwy, Litwy, Polski, Ukrainy, Wielkiej Brytanii i Stan\u00f3w Zjednoczonych podpisali deklaracj\u0119 b\u0119d\u0105c\u0105 reakcj\u0105 na wsp\u00f3lne porozumienie Niemc\u00f3w i USA. Zak\u0142ada ono m.in., \u017ce USA wstrzymaj\u0105 nak\u0142adanie sankcji w&nbsp;zwi\u0105zku z&nbsp;budow\u0105&nbsp;Nord Stream 2, a&nbsp;Niemcy zainwestuj\u0105 w&nbsp;ukrai\u0144skie projekty i&nbsp;zobowi\u0105\u017c\u0105 si\u0119 do sankcji w&nbsp;razie wrogich dzia\u0142a\u0144 Rosji. Komisji Spraw [&hellip;]","og_url":"https:\/\/marekkuchcinski.pl\/uk\/wydarzenia\/szefowie-komisji-spraw-zagranicznych-przeciw-porozumieniu-niemcow-i-usa-ws-gazociagu-nord-stream-2\/","og_site_name":"Marek Kuchci\u0144ski","article_published_time":"2021-08-02T13:30:02+00:00","article_modified_time":"2021-08-02T13:30:05+00:00","og_image":[{"width":477,"height":239,"url":"https:\/\/marekkuchcinski.pl\/wp-content\/uploads\/2021\/08\/ns3_edited.jpg","type":"image\/jpeg"}],"author":"Marta Olejnik","twitter_card":"summary_large_image","twitter_misc":{"Written by":"Marta Olejnik","Est. reading time":"3 minutes"},"schema":{"@context":"https:\/\/schema.org","@graph":[{"@type":"Article","@id":"https:\/\/marekkuchcinski.pl\/wydarzenia\/szefowie-komisji-spraw-zagranicznych-przeciw-porozumieniu-niemcow-i-usa-ws-gazociagu-nord-stream-2\/#article","isPartOf":{"@id":"https:\/\/marekkuchcinski.pl\/wydarzenia\/szefowie-komisji-spraw-zagranicznych-przeciw-porozumieniu-niemcow-i-usa-ws-gazociagu-nord-stream-2\/"},"author":{"name":"Marta Olejnik","@id":"https:\/\/marekkuchcinski.pl\/#\/schema\/person\/bd3f15dee67fee76e83c8350d0154101"},"headline":"Szefowie Komisji Spraw Zagranicznych przeciw porozumieniu Niemc\u00f3w i USA ws. gazoci\u0105gu Nord Stream 2","datePublished":"2021-08-02T13:30:02+00:00","dateModified":"2021-08-02T13:30:05+00:00","mainEntityOfPage":{"@id":"https:\/\/marekkuchcinski.pl\/wydarzenia\/szefowie-komisji-spraw-zagranicznych-przeciw-porozumieniu-niemcow-i-usa-ws-gazociagu-nord-stream-2\/"},"wordCount":657,"commentCount":0,"publisher":{"@id":"https:\/\/marekkuchcinski.pl\/#organization"},"image":{"@id":"https:\/\/marekkuchcinski.pl\/wydarzenia\/szefowie-komisji-spraw-zagranicznych-przeciw-porozumieniu-niemcow-i-usa-ws-gazociagu-nord-stream-2\/#primaryimage"},"thumbnailUrl":"https:\/\/marekkuchcinski.pl\/wp-content\/uploads\/2021\/08\/ns3_edited.jpg","articleSection":["Wsp\u00f3\u0142praca mi\u0119dzynarodowa","Wydarzenia"],"inLanguage":"uk","potentialAction":[{"@type":"CommentAction","name":"Comment","target":["https:\/\/marekkuchcinski.pl\/wydarzenia\/szefowie-komisji-spraw-zagranicznych-przeciw-porozumieniu-niemcow-i-usa-ws-gazociagu-nord-stream-2\/#respond"]}]},{"@type":"WebPage","@id":"https:\/\/marekkuchcinski.pl\/wydarzenia\/szefowie-komisji-spraw-zagranicznych-przeciw-porozumieniu-niemcow-i-usa-ws-gazociagu-nord-stream-2\/","url":"https:\/\/marekkuchcinski.pl\/wydarzenia\/szefowie-komisji-spraw-zagranicznych-przeciw-porozumieniu-niemcow-i-usa-ws-gazociagu-nord-stream-2\/","name":"Szefowie Komisji Spraw Zagranicznych przeciw porozumieniu Niemc\u00f3w i USA ws. gazoci\u0105gu Nord Stream 2 &#8211; Marek Kuchci\u0144ski","isPartOf":{"@id":"https:\/\/marekkuchcinski.pl\/#website"},"primaryImageOfPage":{"@id":"https:\/\/marekkuchcinski.pl\/wydarzenia\/szefowie-komisji-spraw-zagranicznych-przeciw-porozumieniu-niemcow-i-usa-ws-gazociagu-nord-stream-2\/#primaryimage"},"image":{"@id":"https:\/\/marekkuchcinski.pl\/wydarzenia\/szefowie-komisji-spraw-zagranicznych-przeciw-porozumieniu-niemcow-i-usa-ws-gazociagu-nord-stream-2\/#primaryimage"},"thumbnailUrl":"https:\/\/marekkuchcinski.pl\/wp-content\/uploads\/2021\/08\/ns3_edited.jpg","datePublished":"2021-08-02T13:30:02+00:00","dateModified":"2021-08-02T13:30:05+00:00","breadcrumb":{"@id":"https:\/\/marekkuchcinski.pl\/wydarzenia\/szefowie-komisji-spraw-zagranicznych-przeciw-porozumieniu-niemcow-i-usa-ws-gazociagu-nord-stream-2\/#breadcrumb"},"inLanguage":"uk","potentialAction":[{"@type":"ReadAction","target":["https:\/\/marekkuchcinski.pl\/wydarzenia\/szefowie-komisji-spraw-zagranicznych-przeciw-porozumieniu-niemcow-i-usa-ws-gazociagu-nord-stream-2\/"]}]},{"@type":"ImageObject","inLanguage":"uk","@id":"https:\/\/marekkuchcinski.pl\/wydarzenia\/szefowie-komisji-spraw-zagranicznych-przeciw-porozumieniu-niemcow-i-usa-ws-gazociagu-nord-stream-2\/#primaryimage","url":"https:\/\/marekkuchcinski.pl\/wp-content\/uploads\/2021\/08\/ns3_edited.jpg","contentUrl":"https:\/\/marekkuchcinski.pl\/wp-content\/uploads\/2021\/08\/ns3_edited.jpg","width":477,"height":239},{"@type":"BreadcrumbList","@id":"https:\/\/marekkuchcinski.pl\/wydarzenia\/szefowie-komisji-spraw-zagranicznych-przeciw-porozumieniu-niemcow-i-usa-ws-gazociagu-nord-stream-2\/#breadcrumb","itemListElement":[{"@type":"ListItem","position":1,"name":"Strona g\u0142\u00f3wna","item":"https:\/\/marekkuchcinski.pl\/"},{"@type":"ListItem","position":2,"name":"Szefowie Komisji Spraw Zagranicznych przeciw porozumieniu Niemc\u00f3w i USA ws. gazoci\u0105gu Nord Stream 2"}]},{"@type":"WebSite","@id":"https:\/\/marekkuchcinski.pl\/#website","url":"https:\/\/marekkuchcinski.pl\/","name":"Marek Kuchci\u0144ski","description":"Marek Kuchci\u0144ski","publisher":{"@id":"https:\/\/marekkuchcinski.pl\/#organization"},"potentialAction":[{"@type":"SearchAction","target":{"@type":"EntryPoint","urlTemplate":"https:\/\/marekkuchcinski.pl\/?s={search_term_string}"},"query-input":{"@type":"PropertyValueSpecification","valueRequired":true,"valueName":"search_term_string"}}],"inLanguage":"uk"},{"@type":"Organization","@id":"https:\/\/marekkuchcinski.pl\/#organization","name":"Marek Kuchci\u0144ski","url":"https:\/\/marekkuchcinski.pl\/","logo":{"@type":"ImageObject","inLanguage":"uk","@id":"https:\/\/marekkuchcinski.pl\/#\/schema\/logo\/image\/","url":"https:\/\/marekkuchcinski.pl\/wp-content\/uploads\/2022\/09\/Marek.jpg","contentUrl":"https:\/\/marekkuchcinski.pl\/wp-content\/uploads\/2022\/09\/Marek.jpg","width":1600,"height":971,"caption":"Marek Kuchci\u0144ski"},"image":{"@id":"https:\/\/marekkuchcinski.pl\/#\/schema\/logo\/image\/"}},{"@type":"Person","@id":"https:\/\/marekkuchcinski.pl\/#\/schema\/person\/bd3f15dee67fee76e83c8350d0154101","name":"Marta Olejnik","image":{"@type":"ImageObject","inLanguage":"uk","@id":"https:\/\/secure.gravatar.com\/avatar\/24754edd6080383402e292374b406b553027d572e97d60e7aa89a6940e88659a?s=96&d=mm&r=g","url":"https:\/\/secure.gravatar.com\/avatar\/24754edd6080383402e292374b406b553027d572e97d60e7aa89a6940e88659a?s=96&d=mm&r=g","contentUrl":"https:\/\/secure.gravatar.com\/avatar\/24754edd6080383402e292374b406b553027d572e97d60e7aa89a6940e88659a?s=96&d=mm&r=g","caption":"Marta Olejnik"},"url":"https:\/\/marekkuchcinski.pl\/uk\/author\/marta\/"}]}},"_links":{"self":[{"href":"https:\/\/marekkuchcinski.pl\/uk\/wp-json\/wp\/v2\/posts\/23075","targetHints":{"allow":["GET"]}}],"collection":[{"href":"https:\/\/marekkuchcinski.pl\/uk\/wp-json\/wp\/v2\/posts"}],"about":[{"href":"https:\/\/marekkuchcinski.pl\/uk\/wp-json\/wp\/v2\/types\/post"}],"author":[{"embeddable":true,"href":"https:\/\/marekkuchcinski.pl\/uk\/wp-json\/wp\/v2\/users\/3"}],"replies":[{"embeddable":true,"href":"https:\/\/marekkuchcinski.pl\/uk\/wp-json\/wp\/v2\/comments?post=23075"}],"version-history":[{"count":6,"href":"https:\/\/marekkuchcinski.pl\/uk\/wp-json\/wp\/v2\/posts\/23075\/revisions"}],"predecessor-version":[{"id":23085,"href":"https:\/\/marekkuchcinski.pl\/uk\/wp-json\/wp\/v2\/posts\/23075\/revisions\/23085"}],"wp:featuredmedia":[{"embeddable":true,"href":"https:\/\/marekkuchcinski.pl\/uk\/wp-json\/wp\/v2\/media\/23080"}],"wp:attachment":[{"href":"https:\/\/marekkuchcinski.pl\/uk\/wp-json\/wp\/v2\/media?parent=23075"}],"wp:term":[{"taxonomy":"category","embeddable":true,"href":"https:\/\/marekkuchcinski.pl\/uk\/wp-json\/wp\/v2\/categories?post=23075"},{"taxonomy":"post_tag","embeddable":true,"href":"https:\/\/marekkuchcinski.pl\/uk\/wp-json\/wp\/v2\/tags?post=23075"}],"curies":[{"name":"wp","href":"https:\/\/api.w.org\/{rel}","templated":true}]}}