{"id":22799,"date":"2021-06-24T22:42:00","date_gmt":"2021-06-24T20:42:00","guid":{"rendered":"https:\/\/marekkuchcinski.pl\/?p=22799"},"modified":"2021-06-25T14:46:26","modified_gmt":"2021-06-25T12:46:26","slug":"gopr-i-topr-otrzymaja-w-tym-roku-dodatkowe-4-mln-zl","status":"publish","type":"post","link":"https:\/\/marekkuchcinski.pl\/uk\/wydarzenia\/gopr-i-topr-otrzymaja-w-tym-roku-dodatkowe-4-mln-zl\/","title":{"rendered":"GOPR \u0456 TOPR \u0432 \u0446\u044c\u043e\u043c\u0443 \u0440\u043e\u0446\u0456 \u043e\u0442\u0440\u0438\u043c\u0430\u044e\u0442\u044c \u0434\u043e\u0434\u0430\u0442\u043a\u043e\u0432\u0456 4 \u043c\u043b\u043d \u0437\u043b\u043e\u0442\u0438\u0445"},"content":{"rendered":"<p>\u0413\u0456\u0440\u0441\u044c\u043a\u0430 \u0434\u043e\u0431\u0440\u043e\u0432\u0456\u043b\u044c\u043d\u0430 \u0440\u044f\u0442\u0443\u0432\u0430\u043b\u044c\u043d\u0430 \u0441\u043b\u0443\u0436\u0431\u0430 \u0442\u0430 \u0414\u043e\u0431\u0440\u043e\u0432\u0456\u043b\u044c\u043d\u0430 \u0440\u044f\u0442\u0443\u0432\u0430\u043b\u044c\u043d\u0430 \u0441\u043b\u0443\u0436\u0431\u0430 \u0432 \u0422\u0430\u0442\u0440\u0430\u0445 \u043e\u0442\u0440\u0438\u043c\u0430\u044e\u0442\u044c \u0446\u044c\u043e\u0433\u043e \u0440\u043e\u043a\u0443 \u0434\u043e\u0434\u0430\u0442\u043a\u043e\u0432\u0456 \u043a\u043e\u0448\u0442\u0438 - \u043c\u0430\u0439\u0436\u0435 4 \u043c\u043b\u043d \u0437\u043b\u043e\u0442\u0438\u0445 \u0432\u0456\u0434 \u041c\u0456\u043d\u0456\u0441\u0442\u0435\u0440\u0441\u0442\u0432\u0430 \u0432\u043d\u0443\u0442\u0440\u0456\u0448\u043d\u0456\u0445 \u0441\u043f\u0440\u0430\u0432 \u0456 \u0430\u0434\u043c\u0456\u043d\u0456\u0441\u0442\u0440\u0430\u0446\u0456\u0457. \u0417\u0430\u0432\u0434\u044f\u043a\u0438 \u0446\u0438\u043c \u043a\u043e\u0448\u0442\u0430\u043c \u0431\u0443\u0434\u0435 \u0437\u0430\u0432\u0435\u0440\u0448\u0435\u043d\u043e \u043a\u0430\u043f\u0456\u0442\u0430\u043b\u044c\u043d\u0438\u0439 \u0440\u0435\u043c\u043e\u043d\u0442 \u0433\u0435\u043b\u0456\u043a\u043e\u043f\u0442\u0435\u0440\u0430 W-3A Sok\u00f3\u0142, \u044f\u043a\u0438\u0439 \u0432\u0438\u043a\u043e\u0440\u0438\u0441\u0442\u043e\u0432\u0443\u0454\u0442\u044c\u0441\u044f \u0434\u043b\u044f \u0440\u044f\u0442\u0443\u0432\u0430\u043b\u044c\u043d\u0438\u0445 \u043e\u043f\u0435\u0440\u0430\u0446\u0456\u0439 TOPR, \u0430 \u0440\u044f\u0442\u0443\u0432\u0430\u043b\u044c\u043d\u0456 \u043f\u0456\u0434\u0440\u043e\u0437\u0434\u0456\u043b\u0438 \u043e\u0442\u0440\u0438\u043c\u0430\u044e\u0442\u044c \u043a\u0456\u043b\u044c\u043a\u0430 \u043d\u043e\u0432\u0438\u0445 \u043f\u043e\u0441\u0430\u0434. \u0421\u0443\u0431\u0441\u0438\u0434\u0456\u044f \u0442\u0430\u043a\u043e\u0436 \u043f\u043e\u043a\u0440\u0438\u0454 \u0432\u0438\u0442\u0440\u0430\u0442\u0438 \u043d\u0430 \u043e\u0440\u0435\u043d\u0434\u0443 \u0441\u0438\u0441\u0442\u0435\u043c\u0438 RECCO GOPR \u0442\u0430 \u0434\u043e\u0434\u0430\u0442\u043a\u043e\u0432\u0456 \u043f\u043e\u0442\u043e\u0447\u043d\u0456 \u0432\u0438\u0442\u0440\u0430\u0442\u0438, \u043f\u043e\u0432'\u044f\u0437\u0430\u043d\u0456 \u0437 \u043f\u0456\u0434\u0442\u0440\u0438\u043c\u0430\u043d\u043d\u044f\u043c \u0433\u043e\u0442\u043e\u0432\u043d\u043e\u0441\u0442\u0456 \u0434\u043e \u043f\u0440\u043e\u0432\u0435\u0434\u0435\u043d\u043d\u044f \u0440\u044f\u0442\u0443\u0432\u0430\u043b\u044c\u043d\u0438\u0445 \u043e\u043f\u0435\u0440\u0430\u0446\u0456\u0439 \u0432 GOPR. \u041f\u0456\u0434 \u0447\u0430\u0441 \u0437\u0443\u0441\u0442\u0440\u0456\u0447\u0456 \u0437 \u043f\u0440\u0435\u0434\u0441\u0442\u0430\u0432\u043d\u0438\u043a\u0430\u043c\u0438 \u0413\u041e\u041f\u0420 \u0442\u0430 \u0422\u041e\u041f\u0420 \u0442\u0430\u043a\u043e\u0436 \u0431\u0443\u043b\u043e \u043e\u0431\u0433\u043e\u0432\u043e\u0440\u0435\u043d\u043e \u043f\u0440\u043e\u043f\u043e\u0437\u0438\u0446\u0456\u044e \u0449\u043e\u0434\u043e \u043f\u0440\u0438\u0437\u043d\u0430\u0447\u0435\u043d\u043d\u044f \u043f\u0435\u043d\u0441\u0456\u0439\u043d\u043e\u0433\u043e \u0437\u0430\u0431\u0435\u0437\u043f\u0435\u0447\u0435\u043d\u043d\u044f \u0440\u044f\u0442\u0443\u0432\u0430\u043b\u044c\u043d\u0438\u043a\u0430\u043c \u043d\u0430 \u0430\u043d\u0430\u043b\u043e\u0433\u0456\u0447\u043d\u0438\u0445 \u0443\u043c\u043e\u0432\u0430\u0445, \u044f\u043a \u0456 \u0432\u043e\u0433\u043d\u0435\u0431\u043e\u0440\u0446\u044f\u043c \u0414\u043e\u0431\u0440\u043e\u0432\u0456\u043b\u044c\u043d\u0438\u0445 \u043f\u043e\u0436\u0435\u0436\u043d\u0438\u0445 \u0434\u0440\u0443\u0436\u0438\u043d. \u0423 \u043f\u0440\u043e\u043f\u043e\u0437\u0438\u0446\u0456\u0457 \u041c\u0456\u043d\u0456\u0441\u0442\u0435\u0440\u0441\u0442\u0432\u0430 \u0432\u043e\u043d\u0438 \u0431\u0443\u043b\u0438 \u0432\u0438\u0437\u043d\u0430\u0447\u0435\u043d\u0456 \u044f\u043a \u0449\u043e\u043c\u0456\u0441\u044f\u0447\u043d\u0430 \u0434\u043e\u043f\u043b\u0430\u0442\u0430 \u0434\u043e \u043f\u0435\u043d\u0441\u0456\u0457 \u0443 \u0440\u043e\u0437\u043c\u0456\u0440\u0456 1\/14 \u043d\u0430\u0439\u043d\u0438\u0436\u0447\u043e\u0457 \u0437\u0430\u0440\u043e\u0431\u0456\u0442\u043d\u043e\u0457 \u043f\u043b\u0430\u0442\u0438.<\/p>\n\n\n\n<figure class=\"wp-block-image size-large\"><a href=\"https:\/\/marekkuchcinski.pl\/wp-content\/uploads\/2021\/06\/t1.jpg\"><img fetchpriority=\"high\" decoding=\"async\" width=\"1024\" height=\"651\" src=\"https:\/\/marekkuchcinski.pl\/wp-content\/uploads\/2021\/06\/t1-1024x651.jpg\" alt=\"\" class=\"wp-image-22800\" srcset=\"https:\/\/marekkuchcinski.pl\/wp-content\/uploads\/2021\/06\/t1-1024x651.jpg 1024w, https:\/\/marekkuchcinski.pl\/wp-content\/uploads\/2021\/06\/t1-300x191.jpg 300w, https:\/\/marekkuchcinski.pl\/wp-content\/uploads\/2021\/06\/t1-768x488.jpg 768w, https:\/\/marekkuchcinski.pl\/wp-content\/uploads\/2021\/06\/t1-1536x977.jpg 1536w, https:\/\/marekkuchcinski.pl\/wp-content\/uploads\/2021\/06\/t1-16x10.jpg 16w, https:\/\/marekkuchcinski.pl\/wp-content\/uploads\/2021\/06\/t1.jpg 1607w\" sizes=\"(max-width: 1024px) 100vw, 1024px\" \/><\/a><\/figure>\n\n\n\n<figure class=\"wp-block-image size-large\"><a href=\"https:\/\/marekkuchcinski.pl\/wp-content\/uploads\/2021\/06\/t3.jpg\"><img decoding=\"async\" width=\"928\" height=\"620\" src=\"https:\/\/marekkuchcinski.pl\/wp-content\/uploads\/2021\/06\/t3.jpg\" alt=\"\" class=\"wp-image-22801\" srcset=\"https:\/\/marekkuchcinski.pl\/wp-content\/uploads\/2021\/06\/t3.jpg 928w, https:\/\/marekkuchcinski.pl\/wp-content\/uploads\/2021\/06\/t3-300x200.jpg 300w, https:\/\/marekkuchcinski.pl\/wp-content\/uploads\/2021\/06\/t3-768x513.jpg 768w, https:\/\/marekkuchcinski.pl\/wp-content\/uploads\/2021\/06\/t3-16x12.jpg 16w\" sizes=\"(max-width: 928px) 100vw, 928px\" \/><\/a><\/figure>\n\n\n\n<figure class=\"wp-block-image size-large\"><a href=\"https:\/\/marekkuchcinski.pl\/wp-content\/uploads\/2021\/06\/t2.jpg\"><img decoding=\"async\" width=\"1003\" height=\"648\" src=\"https:\/\/marekkuchcinski.pl\/wp-content\/uploads\/2021\/06\/t2.jpg\" alt=\"\" class=\"wp-image-22802\" srcset=\"https:\/\/marekkuchcinski.pl\/wp-content\/uploads\/2021\/06\/t2.jpg 1003w, https:\/\/marekkuchcinski.pl\/wp-content\/uploads\/2021\/06\/t2-300x194.jpg 300w, https:\/\/marekkuchcinski.pl\/wp-content\/uploads\/2021\/06\/t2-768x496.jpg 768w, https:\/\/marekkuchcinski.pl\/wp-content\/uploads\/2021\/06\/t2-16x10.jpg 16w\" sizes=\"(max-width: 1003px) 100vw, 1003px\" \/><\/a><\/figure>","protected":false},"excerpt":{"rendered":"<p>G\u00f3rskie Ochotnicze Pogotowia Ratunkowego oraz Tatrza\u0144skie Ochotnicze Pogotowie Ratunkowe otrzymaj\u0105 w tym roku dodatkowe fundusze, blisko 4 mln z\u0142 z MSWiA. Dzi\u0119ki tym \u015brodkom doko\u0144czony zostanie remont \u015bmig\u0142owca W-3A Sok\u00f3\u0142, wykorzystywanego do akcji ratowniczych przez TOPR, a jednostki ratownicze zyskaj\u0105 kilka nowych etat\u00f3w. Dofinansowanie pozwoli tak\u017ce pokry\u0107 koszt wynajmu systemu RECCO przez GOPR oraz dodatkowe [&hellip;]<\/p>","protected":false},"author":21,"featured_media":22800,"comment_status":"open","ping_status":"open","sticky":false,"template":"","format":"standard","meta":{"ngg_post_thumbnail":0,"footnotes":""},"categories":[49,3],"tags":[],"class_list":["post-22799","post","type-post","status-publish","format-standard","has-post-thumbnail","hentry","category-podkarpacie","category-wydarzenia"],"yoast_head":"<!-- This site is optimized with the Yoast SEO plugin v24.7 - https:\/\/yoast.com\/wordpress\/plugins\/seo\/ -->\n<title>GOPR i TOPR otrzymaj\u0105 w tym roku dodatkowe 4 mln z\u0142 &#8211; Marek Kuchci\u0144ski<\/title>\n<meta name=\"robots\" content=\"index, follow, max-snippet:-1, max-image-preview:large, max-video-preview:-1\" \/>\n<link rel=\"canonical\" href=\"https:\/\/marekkuchcinski.pl\/uk\/wydarzenia\/gopr-i-topr-otrzymaja-w-tym-roku-dodatkowe-4-mln-zl\/\" \/>\n<meta property=\"og:locale\" content=\"uk_UA\" \/>\n<meta property=\"og:type\" content=\"article\" \/>\n<meta property=\"og:title\" content=\"GOPR i TOPR otrzymaj\u0105 w tym roku dodatkowe 4 mln z\u0142 &#8211; Marek Kuchci\u0144ski\" \/>\n<meta property=\"og:description\" content=\"G\u00f3rskie Ochotnicze Pogotowia Ratunkowego oraz Tatrza\u0144skie Ochotnicze Pogotowie Ratunkowe otrzymaj\u0105 w tym roku dodatkowe fundusze, blisko 4 mln z\u0142 z MSWiA. Dzi\u0119ki tym \u015brodkom doko\u0144czony zostanie remont \u015bmig\u0142owca W-3A Sok\u00f3\u0142, wykorzystywanego do akcji ratowniczych przez TOPR, a jednostki ratownicze zyskaj\u0105 kilka nowych etat\u00f3w. Dofinansowanie pozwoli tak\u017ce pokry\u0107 koszt wynajmu systemu RECCO przez GOPR oraz dodatkowe [&hellip;]\" \/>\n<meta property=\"og:url\" content=\"https:\/\/marekkuchcinski.pl\/uk\/wydarzenia\/gopr-i-topr-otrzymaja-w-tym-roku-dodatkowe-4-mln-zl\/\" \/>\n<meta property=\"og:site_name\" content=\"Marek Kuchci\u0144ski\" \/>\n<meta property=\"article:published_time\" content=\"2021-06-24T20:42:00+00:00\" \/>\n<meta property=\"article:modified_time\" content=\"2021-06-25T12:46:26+00:00\" \/>\n<meta property=\"og:image\" content=\"https:\/\/marekkuchcinski.pl\/wp-content\/uploads\/2021\/06\/t1.jpg\" \/>\n\t<meta property=\"og:image:width\" content=\"1607\" \/>\n\t<meta property=\"og:image:height\" content=\"1022\" \/>\n\t<meta property=\"og:image:type\" content=\"image\/jpeg\" \/>\n<meta name=\"author\" content=\"Marta Olejnik\" \/>\n<meta name=\"twitter:card\" content=\"summary_large_image\" \/>\n<meta name=\"twitter:label1\" content=\"\u041d\u0430\u043f\u0438\u0441\u0430\u043d\u043e\" \/>\n\t<meta name=\"twitter:data1\" content=\"Marta Olejnik\" \/>\n\t<meta name=\"twitter:label2\" content=\"\u041f\u0440\u0438\u0431\u043b. \u0447\u0430\u0441 \u0447\u0438\u0442\u0430\u043d\u043d\u044f\" \/>\n\t<meta name=\"twitter:data2\" content=\"2 \u0445\u0432\u0438\u043b\u0438\u043d\u0438\" \/>\n<script type=\"application\/ld+json\" class=\"yoast-schema-graph\">{\"@context\":\"https:\/\/schema.org\",\"@graph\":[{\"@type\":\"Article\",\"@id\":\"https:\/\/marekkuchcinski.pl\/cs\/wydarzenia\/gopr-i-topr-otrzymaja-w-tym-roku-dodatkowe-4-mln-zl\/#article\",\"isPartOf\":{\"@id\":\"https:\/\/marekkuchcinski.pl\/cs\/wydarzenia\/gopr-i-topr-otrzymaja-w-tym-roku-dodatkowe-4-mln-zl\/\"},\"author\":{\"name\":\"Marta Olejnik\",\"@id\":\"https:\/\/marekkuchcinski.pl\/#\/schema\/person\/51d5d4ee3b5317b8e4dd2b48af359229\"},\"headline\":\"GOPR i TOPR otrzymaj\u0105 w tym roku dodatkowe 4 mln z\u0142\",\"datePublished\":\"2021-06-24T20:42:00+00:00\",\"dateModified\":\"2021-06-25T12:46:26+00:00\",\"mainEntityOfPage\":{\"@id\":\"https:\/\/marekkuchcinski.pl\/cs\/wydarzenia\/gopr-i-topr-otrzymaja-w-tym-roku-dodatkowe-4-mln-zl\/\"},\"wordCount\":135,\"commentCount\":0,\"publisher\":{\"@id\":\"https:\/\/marekkuchcinski.pl\/#organization\"},\"image\":{\"@id\":\"https:\/\/marekkuchcinski.pl\/cs\/wydarzenia\/gopr-i-topr-otrzymaja-w-tym-roku-dodatkowe-4-mln-zl\/#primaryimage\"},\"thumbnailUrl\":\"https:\/\/marekkuchcinski.pl\/wp-content\/uploads\/2021\/06\/t1.jpg\",\"articleSection\":[\"Podkarpacie\",\"Wydarzenia\"],\"inLanguage\":\"uk\",\"potentialAction\":[{\"@type\":\"CommentAction\",\"name\":\"Comment\",\"target\":[\"https:\/\/marekkuchcinski.pl\/cs\/wydarzenia\/gopr-i-topr-otrzymaja-w-tym-roku-dodatkowe-4-mln-zl\/#respond\"]}]},{\"@type\":\"WebPage\",\"@id\":\"https:\/\/marekkuchcinski.pl\/cs\/wydarzenia\/gopr-i-topr-otrzymaja-w-tym-roku-dodatkowe-4-mln-zl\/\",\"url\":\"https:\/\/marekkuchcinski.pl\/cs\/wydarzenia\/gopr-i-topr-otrzymaja-w-tym-roku-dodatkowe-4-mln-zl\/\",\"name\":\"GOPR i TOPR otrzymaj\u0105 w tym roku dodatkowe 4 mln z\u0142 &#8211; Marek Kuchci\u0144ski\",\"isPartOf\":{\"@id\":\"https:\/\/marekkuchcinski.pl\/#website\"},\"primaryImageOfPage\":{\"@id\":\"https:\/\/marekkuchcinski.pl\/cs\/wydarzenia\/gopr-i-topr-otrzymaja-w-tym-roku-dodatkowe-4-mln-zl\/#primaryimage\"},\"image\":{\"@id\":\"https:\/\/marekkuchcinski.pl\/cs\/wydarzenia\/gopr-i-topr-otrzymaja-w-tym-roku-dodatkowe-4-mln-zl\/#primaryimage\"},\"thumbnailUrl\":\"https:\/\/marekkuchcinski.pl\/wp-content\/uploads\/2021\/06\/t1.jpg\",\"datePublished\":\"2021-06-24T20:42:00+00:00\",\"dateModified\":\"2021-06-25T12:46:26+00:00\",\"breadcrumb\":{\"@id\":\"https:\/\/marekkuchcinski.pl\/cs\/wydarzenia\/gopr-i-topr-otrzymaja-w-tym-roku-dodatkowe-4-mln-zl\/#breadcrumb\"},\"inLanguage\":\"uk\",\"potentialAction\":[{\"@type\":\"ReadAction\",\"target\":[\"https:\/\/marekkuchcinski.pl\/cs\/wydarzenia\/gopr-i-topr-otrzymaja-w-tym-roku-dodatkowe-4-mln-zl\/\"]}]},{\"@type\":\"ImageObject\",\"inLanguage\":\"uk\",\"@id\":\"https:\/\/marekkuchcinski.pl\/cs\/wydarzenia\/gopr-i-topr-otrzymaja-w-tym-roku-dodatkowe-4-mln-zl\/#primaryimage\",\"url\":\"https:\/\/marekkuchcinski.pl\/wp-content\/uploads\/2021\/06\/t1.jpg\",\"contentUrl\":\"https:\/\/marekkuchcinski.pl\/wp-content\/uploads\/2021\/06\/t1.jpg\",\"width\":1607,\"height\":1022},{\"@type\":\"BreadcrumbList\",\"@id\":\"https:\/\/marekkuchcinski.pl\/cs\/wydarzenia\/gopr-i-topr-otrzymaja-w-tym-roku-dodatkowe-4-mln-zl\/#breadcrumb\",\"itemListElement\":[{\"@type\":\"ListItem\",\"position\":1,\"name\":\"Strona g\u0142\u00f3wna\",\"item\":\"https:\/\/marekkuchcinski.pl\/\"},{\"@type\":\"ListItem\",\"position\":2,\"name\":\"GOPR i TOPR otrzymaj\u0105 w tym roku dodatkowe 4 mln z\u0142\"}]},{\"@type\":\"WebSite\",\"@id\":\"https:\/\/marekkuchcinski.pl\/#website\",\"url\":\"https:\/\/marekkuchcinski.pl\/\",\"name\":\"Marek Kuchci\u0144ski\",\"description\":\"Pose\u0142 na sejm RP &ndash; okr\u0119g nr 22\",\"publisher\":{\"@id\":\"https:\/\/marekkuchcinski.pl\/#organization\"},\"potentialAction\":[{\"@type\":\"SearchAction\",\"target\":{\"@type\":\"EntryPoint\",\"urlTemplate\":\"https:\/\/marekkuchcinski.pl\/?s={search_term_string}\"},\"query-input\":{\"@type\":\"PropertyValueSpecification\",\"valueRequired\":true,\"valueName\":\"search_term_string\"}}],\"inLanguage\":\"uk\"},{\"@type\":\"Organization\",\"@id\":\"https:\/\/marekkuchcinski.pl\/#organization\",\"name\":\"Marek Kuchci\u0144ski\",\"url\":\"https:\/\/marekkuchcinski.pl\/\",\"logo\":{\"@type\":\"ImageObject\",\"inLanguage\":\"uk\",\"@id\":\"https:\/\/marekkuchcinski.pl\/#\/schema\/logo\/image\/\",\"url\":\"https:\/\/marekkuchcinski.pl\/wp-content\/uploads\/2022\/09\/Marek.jpg\",\"contentUrl\":\"https:\/\/marekkuchcinski.pl\/wp-content\/uploads\/2022\/09\/Marek.jpg\",\"width\":1600,\"height\":971,\"caption\":\"Marek Kuchci\u0144ski\"},\"image\":{\"@id\":\"https:\/\/marekkuchcinski.pl\/#\/schema\/logo\/image\/\"}},{\"@type\":\"Person\",\"@id\":\"https:\/\/marekkuchcinski.pl\/#\/schema\/person\/51d5d4ee3b5317b8e4dd2b48af359229\",\"name\":\"Marta Olejnik\",\"image\":{\"@type\":\"ImageObject\",\"inLanguage\":\"uk\",\"@id\":\"https:\/\/marekkuchcinski.pl\/#\/schema\/person\/image\/\",\"url\":\"https:\/\/secure.gravatar.com\/avatar\/e39914b2aa6a48959e24d475b5dc9793?s=96&d=mm&r=g\",\"contentUrl\":\"https:\/\/secure.gravatar.com\/avatar\/e39914b2aa6a48959e24d475b5dc9793?s=96&d=mm&r=g\",\"caption\":\"Marta Olejnik\"},\"url\":\"https:\/\/marekkuchcinski.pl\/uk\/author\/marta\/\"}]}<\/script>\n<!-- \/ Yoast SEO plugin. -->","yoast_head_json":{"title":"GOPR i TOPR otrzymaj\u0105 w tym roku dodatkowe 4 mln z\u0142 &#8211; Marek Kuchci\u0144ski","robots":{"index":"index","follow":"follow","max-snippet":"max-snippet:-1","max-image-preview":"max-image-preview:large","max-video-preview":"max-video-preview:-1"},"canonical":"https:\/\/marekkuchcinski.pl\/uk\/wydarzenia\/gopr-i-topr-otrzymaja-w-tym-roku-dodatkowe-4-mln-zl\/","og_locale":"uk_UA","og_type":"article","og_title":"GOPR i TOPR otrzymaj\u0105 w tym roku dodatkowe 4 mln z\u0142 &#8211; Marek Kuchci\u0144ski","og_description":"G\u00f3rskie Ochotnicze Pogotowia Ratunkowego oraz Tatrza\u0144skie Ochotnicze Pogotowie Ratunkowe otrzymaj\u0105 w tym roku dodatkowe fundusze, blisko 4 mln z\u0142 z MSWiA. Dzi\u0119ki tym \u015brodkom doko\u0144czony zostanie remont \u015bmig\u0142owca W-3A Sok\u00f3\u0142, wykorzystywanego do akcji ratowniczych przez TOPR, a jednostki ratownicze zyskaj\u0105 kilka nowych etat\u00f3w. Dofinansowanie pozwoli tak\u017ce pokry\u0107 koszt wynajmu systemu RECCO przez GOPR oraz dodatkowe [&hellip;]","og_url":"https:\/\/marekkuchcinski.pl\/uk\/wydarzenia\/gopr-i-topr-otrzymaja-w-tym-roku-dodatkowe-4-mln-zl\/","og_site_name":"Marek Kuchci\u0144ski","article_published_time":"2021-06-24T20:42:00+00:00","article_modified_time":"2021-06-25T12:46:26+00:00","og_image":[{"width":1607,"height":1022,"url":"https:\/\/marekkuchcinski.pl\/wp-content\/uploads\/2021\/06\/t1.jpg","type":"image\/jpeg"}],"author":"Marta Olejnik","twitter_card":"summary_large_image","twitter_misc":{"\u041d\u0430\u043f\u0438\u0441\u0430\u043d\u043e":"Marta Olejnik","\u041f\u0440\u0438\u0431\u043b. \u0447\u0430\u0441 \u0447\u0438\u0442\u0430\u043d\u043d\u044f":"2 \u0445\u0432\u0438\u043b\u0438\u043d\u0438"},"schema":{"@context":"https:\/\/schema.org","@graph":[{"@type":"Article","@id":"https:\/\/marekkuchcinski.pl\/cs\/wydarzenia\/gopr-i-topr-otrzymaja-w-tym-roku-dodatkowe-4-mln-zl\/#article","isPartOf":{"@id":"https:\/\/marekkuchcinski.pl\/cs\/wydarzenia\/gopr-i-topr-otrzymaja-w-tym-roku-dodatkowe-4-mln-zl\/"},"author":{"name":"Marta Olejnik","@id":"https:\/\/marekkuchcinski.pl\/#\/schema\/person\/51d5d4ee3b5317b8e4dd2b48af359229"},"headline":"GOPR i TOPR otrzymaj\u0105 w tym roku dodatkowe 4 mln z\u0142","datePublished":"2021-06-24T20:42:00+00:00","dateModified":"2021-06-25T12:46:26+00:00","mainEntityOfPage":{"@id":"https:\/\/marekkuchcinski.pl\/cs\/wydarzenia\/gopr-i-topr-otrzymaja-w-tym-roku-dodatkowe-4-mln-zl\/"},"wordCount":135,"commentCount":0,"publisher":{"@id":"https:\/\/marekkuchcinski.pl\/#organization"},"image":{"@id":"https:\/\/marekkuchcinski.pl\/cs\/wydarzenia\/gopr-i-topr-otrzymaja-w-tym-roku-dodatkowe-4-mln-zl\/#primaryimage"},"thumbnailUrl":"https:\/\/marekkuchcinski.pl\/wp-content\/uploads\/2021\/06\/t1.jpg","articleSection":["Podkarpacie","Wydarzenia"],"inLanguage":"uk","potentialAction":[{"@type":"CommentAction","name":"Comment","target":["https:\/\/marekkuchcinski.pl\/cs\/wydarzenia\/gopr-i-topr-otrzymaja-w-tym-roku-dodatkowe-4-mln-zl\/#respond"]}]},{"@type":"WebPage","@id":"https:\/\/marekkuchcinski.pl\/cs\/wydarzenia\/gopr-i-topr-otrzymaja-w-tym-roku-dodatkowe-4-mln-zl\/","url":"https:\/\/marekkuchcinski.pl\/cs\/wydarzenia\/gopr-i-topr-otrzymaja-w-tym-roku-dodatkowe-4-mln-zl\/","name":"GOPR i TOPR otrzymaj\u0105 w tym roku dodatkowe 4 mln z\u0142 &#8211; Marek Kuchci\u0144ski","isPartOf":{"@id":"https:\/\/marekkuchcinski.pl\/#website"},"primaryImageOfPage":{"@id":"https:\/\/marekkuchcinski.pl\/cs\/wydarzenia\/gopr-i-topr-otrzymaja-w-tym-roku-dodatkowe-4-mln-zl\/#primaryimage"},"image":{"@id":"https:\/\/marekkuchcinski.pl\/cs\/wydarzenia\/gopr-i-topr-otrzymaja-w-tym-roku-dodatkowe-4-mln-zl\/#primaryimage"},"thumbnailUrl":"https:\/\/marekkuchcinski.pl\/wp-content\/uploads\/2021\/06\/t1.jpg","datePublished":"2021-06-24T20:42:00+00:00","dateModified":"2021-06-25T12:46:26+00:00","breadcrumb":{"@id":"https:\/\/marekkuchcinski.pl\/cs\/wydarzenia\/gopr-i-topr-otrzymaja-w-tym-roku-dodatkowe-4-mln-zl\/#breadcrumb"},"inLanguage":"uk","potentialAction":[{"@type":"ReadAction","target":["https:\/\/marekkuchcinski.pl\/cs\/wydarzenia\/gopr-i-topr-otrzymaja-w-tym-roku-dodatkowe-4-mln-zl\/"]}]},{"@type":"ImageObject","inLanguage":"uk","@id":"https:\/\/marekkuchcinski.pl\/cs\/wydarzenia\/gopr-i-topr-otrzymaja-w-tym-roku-dodatkowe-4-mln-zl\/#primaryimage","url":"https:\/\/marekkuchcinski.pl\/wp-content\/uploads\/2021\/06\/t1.jpg","contentUrl":"https:\/\/marekkuchcinski.pl\/wp-content\/uploads\/2021\/06\/t1.jpg","width":1607,"height":1022},{"@type":"BreadcrumbList","@id":"https:\/\/marekkuchcinski.pl\/cs\/wydarzenia\/gopr-i-topr-otrzymaja-w-tym-roku-dodatkowe-4-mln-zl\/#breadcrumb","itemListElement":[{"@type":"ListItem","position":1,"name":"Strona g\u0142\u00f3wna","item":"https:\/\/marekkuchcinski.pl\/"},{"@type":"ListItem","position":2,"name":"GOPR i TOPR otrzymaj\u0105 w tym roku dodatkowe 4 mln z\u0142"}]},{"@type":"WebSite","@id":"https:\/\/marekkuchcinski.pl\/#website","url":"https:\/\/marekkuchcinski.pl\/","name":"Marek Kuchci\u0144ski","description":"Pose\u0142 na sejm RP &ndash; okr\u0119g nr 22","publisher":{"@id":"https:\/\/marekkuchcinski.pl\/#organization"},"potentialAction":[{"@type":"SearchAction","target":{"@type":"EntryPoint","urlTemplate":"https:\/\/marekkuchcinski.pl\/?s={search_term_string}"},"query-input":{"@type":"PropertyValueSpecification","valueRequired":true,"valueName":"search_term_string"}}],"inLanguage":"uk"},{"@type":"Organization","@id":"https:\/\/marekkuchcinski.pl\/#organization","name":"Marek Kuchci\u0144ski","url":"https:\/\/marekkuchcinski.pl\/","logo":{"@type":"ImageObject","inLanguage":"uk","@id":"https:\/\/marekkuchcinski.pl\/#\/schema\/logo\/image\/","url":"https:\/\/marekkuchcinski.pl\/wp-content\/uploads\/2022\/09\/Marek.jpg","contentUrl":"https:\/\/marekkuchcinski.pl\/wp-content\/uploads\/2022\/09\/Marek.jpg","width":1600,"height":971,"caption":"Marek Kuchci\u0144ski"},"image":{"@id":"https:\/\/marekkuchcinski.pl\/#\/schema\/logo\/image\/"}},{"@type":"Person","@id":"https:\/\/marekkuchcinski.pl\/#\/schema\/person\/51d5d4ee3b5317b8e4dd2b48af359229","name":"Marta Olejnik","image":{"@type":"ImageObject","inLanguage":"uk","@id":"https:\/\/marekkuchcinski.pl\/#\/schema\/person\/image\/","url":"https:\/\/secure.gravatar.com\/avatar\/e39914b2aa6a48959e24d475b5dc9793?s=96&d=mm&r=g","contentUrl":"https:\/\/secure.gravatar.com\/avatar\/e39914b2aa6a48959e24d475b5dc9793?s=96&d=mm&r=g","caption":"Marta Olejnik"},"url":"https:\/\/marekkuchcinski.pl\/uk\/author\/marta\/"}]}},"_links":{"self":[{"href":"https:\/\/marekkuchcinski.pl\/uk\/wp-json\/wp\/v2\/posts\/22799","targetHints":{"allow":["GET"]}}],"collection":[{"href":"https:\/\/marekkuchcinski.pl\/uk\/wp-json\/wp\/v2\/posts"}],"about":[{"href":"https:\/\/marekkuchcinski.pl\/uk\/wp-json\/wp\/v2\/types\/post"}],"author":[{"embeddable":true,"href":"https:\/\/marekkuchcinski.pl\/uk\/wp-json\/wp\/v2\/users\/21"}],"replies":[{"embeddable":true,"href":"https:\/\/marekkuchcinski.pl\/uk\/wp-json\/wp\/v2\/comments?post=22799"}],"version-history":[{"count":1,"href":"https:\/\/marekkuchcinski.pl\/uk\/wp-json\/wp\/v2\/posts\/22799\/revisions"}],"predecessor-version":[{"id":22803,"href":"https:\/\/marekkuchcinski.pl\/uk\/wp-json\/wp\/v2\/posts\/22799\/revisions\/22803"}],"wp:featuredmedia":[{"embeddable":true,"href":"https:\/\/marekkuchcinski.pl\/uk\/wp-json\/wp\/v2\/media\/22800"}],"wp:attachment":[{"href":"https:\/\/marekkuchcinski.pl\/uk\/wp-json\/wp\/v2\/media?parent=22799"}],"wp:term":[{"taxonomy":"category","embeddable":true,"href":"https:\/\/marekkuchcinski.pl\/uk\/wp-json\/wp\/v2\/categories?post=22799"},{"taxonomy":"post_tag","embeddable":true,"href":"https:\/\/marekkuchcinski.pl\/uk\/wp-json\/wp\/v2\/tags?post=22799"}],"curies":[{"name":"wp","href":"https:\/\/api.w.org\/{rel}","templated":true}]}}