{"id":22482,"date":"2021-04-21T21:25:55","date_gmt":"2021-04-21T19:25:55","guid":{"rendered":"https:\/\/marekkuchcinski.pl\/?p=22482"},"modified":"2021-04-21T21:36:42","modified_gmt":"2021-04-21T19:36:42","slug":"ponad-174-mln-zl-dla-podkarpacia-w-ramach-rzadowego-funduszu-drog-samorzadowych-na-2021-rok","status":"publish","type":"post","link":"https:\/\/marekkuchcinski.pl\/uk\/wydarzenia\/ponad-174-mln-zl-dla-podkarpacia-w-ramach-rzadowego-funduszu-drog-samorzadowych-na-2021-rok\/","title":{"rendered":"\u041f\u043e\u043d\u0430\u0434 174 \u043c\u0456\u043b\u044c\u0439\u043e\u043d\u0438 \u0437\u043b\u043e\u0442\u0438\u0445 \u0434\u043b\u044f \u041f\u0456\u0434\u043a\u0430\u0440\u043f\u0430\u0442\u0442\u044f \u0437 \u0443\u0440\u044f\u0434\u043e\u0432\u043e\u0433\u043e \u0424\u043e\u043d\u0434\u0443 \u0434\u043e\u0440\u0456\u0433 \u043c\u0456\u0441\u0446\u0435\u0432\u043e\u0433\u043e \u0441\u0430\u043c\u043e\u0432\u0440\u044f\u0434\u0443\u0432\u0430\u043d\u043d\u044f \u043d\u0430 2021 \u0440\u0456\u043a"},"content":{"rendered":"<div class=\"wp-block-image\"><figure class=\"aligncenter size-large\"><a href=\"https:\/\/marekkuchcinski.pl\/wp-content\/uploads\/2021\/04\/fundusz-rozwoju-drog-1-_podkarpackie_end.jpg\"><img fetchpriority=\"high\" decoding=\"async\" width=\"1024\" height=\"576\" src=\"https:\/\/marekkuchcinski.pl\/wp-content\/uploads\/2021\/04\/fundusz-rozwoju-drog-1-_podkarpackie_end-1024x576.jpg\" alt=\"\" class=\"wp-image-22497\" srcset=\"https:\/\/marekkuchcinski.pl\/wp-content\/uploads\/2021\/04\/fundusz-rozwoju-drog-1-_podkarpackie_end-1024x576.jpg 1024w, https:\/\/marekkuchcinski.pl\/wp-content\/uploads\/2021\/04\/fundusz-rozwoju-drog-1-_podkarpackie_end-300x169.jpg 300w, https:\/\/marekkuchcinski.pl\/wp-content\/uploads\/2021\/04\/fundusz-rozwoju-drog-1-_podkarpackie_end-768x432.jpg 768w, https:\/\/marekkuchcinski.pl\/wp-content\/uploads\/2021\/04\/fundusz-rozwoju-drog-1-_podkarpackie_end-1536x864.jpg 1536w, https:\/\/marekkuchcinski.pl\/wp-content\/uploads\/2021\/04\/fundusz-rozwoju-drog-1-_podkarpackie_end-16x9.jpg 16w, https:\/\/marekkuchcinski.pl\/wp-content\/uploads\/2021\/04\/fundusz-rozwoju-drog-1-_podkarpackie_end.jpg 1600w\" sizes=\"(max-width: 1024px) 100vw, 1024px\" \/><\/a><\/figure><\/div>\n\n\n\n<figure class=\"wp-block-table\"><table><tbody><tr><td><\/td><\/tr><\/tbody><\/table><\/figure>\n\n\n\n<p>\u0423\u0440\u044f\u0434 \"\u041f\u0440\u0430\u0432\u0430 \u0456 \u0441\u043f\u0440\u0430\u0432\u0435\u0434\u043b\u0438\u0432\u043e\u0441\u0442\u0456\" \u0456\u043d\u0432\u0435\u0441\u0442\u0443\u0454 \u0432 \u0434\u043e\u0440\u043e\u0436\u043d\u044e \u0456\u043d\u0444\u0440\u0430\u0441\u0442\u0440\u0443\u043a\u0442\u0443\u0440\u0443! \u041d\u0435\u0437\u0432\u0430\u0436\u0430\u044e\u0447\u0438 \u043d\u0430 \u0441\u0438\u0441\u0442\u0435\u043c\u0430\u0442\u0438\u0447\u043d\u0456 \u043f\u043e\u043a\u0440\u0430\u0449\u0435\u043d\u043d\u044f, \u0441\u0442\u0430\u043d \u043f\u043e\u043b\u044c\u0441\u044c\u043a\u0438\u0445 \u0434\u043e\u0440\u0456\u0433 \u043c\u0456\u0441\u0446\u0435\u0432\u043e\u0433\u043e \u0437\u043d\u0430\u0447\u0435\u043d\u043d\u044f \u0437\u0430\u043b\u0438\u0448\u0430\u0454\u0442\u044c\u0441\u044f \u043e\u0434\u043d\u0438\u043c \u0437 \u043e\u0441\u043d\u043e\u0432\u043d\u0438\u0445 \u0431\u0430\u0440'\u0454\u0440\u0456\u0432, \u0449\u043e \u043e\u0431\u043c\u0435\u0436\u0443\u044e\u0442\u044c \u043f\u0456\u0434\u0432\u0438\u0449\u0435\u043d\u043d\u044f \u0431\u0435\u0437\u043f\u0435\u043a\u0438 \u0434\u043e\u0440\u043e\u0436\u043d\u044c\u043e\u0433\u043e \u0440\u0443\u0445\u0443 \u0442\u0430 \u0454 \u0444\u0430\u043a\u0442\u043e\u0440\u043e\u043c, \u044f\u043a\u0438\u0439 \u0437\u043d\u0438\u0436\u0443\u0454 \u0435\u043a\u043e\u043d\u043e\u043c\u0456\u0447\u043d\u0443 \u0430\u043a\u0442\u0438\u0432\u043d\u0456\u0441\u0442\u044c, \u0456\u043d\u0432\u0435\u0441\u0442\u0438\u0446\u0456\u0457 \u0442\u0430 \u043a\u043e\u043d\u043a\u0443\u0440\u0435\u043d\u0442\u043e\u0441\u043f\u0440\u043e\u043c\u043e\u0436\u043d\u0456\u0441\u0442\u044c \u0440\u0435\u0433\u0456\u043e\u043d\u0456\u0432 \u0442\u0430 \u043e\u043a\u0440\u0435\u043c\u0438\u0445 \u0435\u043a\u043e\u043d\u043e\u043c\u0456\u0447\u043d\u0438\u0445 \u0446\u0435\u043d\u0442\u0440\u0456\u0432.<\/p>\n\n\n\n<p>\u0417\u0430\u043a\u043e\u043d\u043e\u043c \u0432\u0456\u0434 23 \u0436\u043e\u0432\u0442\u043d\u044f 2018 \u0440\u043e\u043a\u0443 \"\u041f\u0440\u043e \u0414\u0435\u0440\u0436\u0430\u0432\u043d\u0438\u0439 \u0444\u043e\u043d\u0434 \u0440\u043e\u0437\u0432\u0438\u0442\u043a\u0443 \u0430\u0432\u0442\u043e\u043c\u043e\u0431\u0456\u043b\u044c\u043d\u0438\u0445 \u0434\u043e\u0440\u0456\u0433\" (\u0417\u0430\u043a\u043e\u043d\u043e\u0434\u0430\u0432\u0447\u0438\u0439 \u0432\u0456\u0441\u043d\u0438\u043a \u0437\u0430 2020 \u0440\u0456\u043a, \u043f\u043e\u0437. 1430, \u0437\u0456 \u0437\u043c\u0456\u043d\u0430\u043c\u0438) \u0431\u0443\u043b\u043e \u0441\u0442\u0432\u043e\u0440\u0435\u043d\u043e \u043d\u043e\u0432\u0438\u0439 \u043c\u0435\u0445\u0430\u043d\u0456\u0437\u043c \u043f\u0456\u0434\u0442\u0440\u0438\u043c\u043a\u0438 \u043e\u0440\u0433\u0430\u043d\u0456\u0432 \u043c\u0456\u0441\u0446\u0435\u0432\u043e\u0433\u043e \u0441\u0430\u043c\u043e\u0432\u0440\u044f\u0434\u0443\u0432\u0430\u043d\u043d\u044f, \u044f\u043a\u0456 \u0437\u0434\u0456\u0439\u0441\u043d\u044e\u044e\u0442\u044c \u0456\u043d\u0432\u0435\u0441\u0442\u0438\u0446\u0456\u0457 \u043d\u0430 \u0434\u043e\u0440\u043e\u0433\u0430\u0445 \u043c\u0456\u0441\u0446\u0435\u0432\u043e\u0433\u043e \u0441\u0430\u043c\u043e\u0432\u0440\u044f\u0434\u0443\u0432\u0430\u043d\u043d\u044f. \u0414\u0435\u0440\u0436\u0430\u0432\u043d\u0438\u0439 \u0444\u043e\u043d\u0434 \u0440\u043e\u0437\u0432\u0438\u0442\u043a\u0443 \u0430\u0432\u0442\u043e\u043c\u043e\u0431\u0456\u043b\u044c\u043d\u0438\u0445 \u0434\u043e\u0440\u0456\u0433 (\u0414\u0424\u0420\u0414) \u0454 \u043a\u043e\u043c\u043f\u043b\u0435\u043a\u0441\u043d\u0438\u043c \u0456\u043d\u0441\u0442\u0440\u0443\u043c\u0435\u043d\u0442\u043e\u043c \u043f\u0456\u0434\u0442\u0440\u0438\u043c\u043a\u0438 \u0440\u0435\u0430\u043b\u0456\u0437\u0430\u0446\u0456\u0457 \u0437\u0430\u0432\u0434\u0430\u043d\u044c \u043d\u0430 \u0434\u043e\u0440\u043e\u0433\u0430\u0445, \u0449\u043e \u043f\u0435\u0440\u0435\u0431\u0443\u0432\u0430\u044e\u0442\u044c \u0432 \u0443\u043f\u0440\u0430\u0432\u043b\u0456\u043d\u043d\u0456 \u043e\u0440\u0433\u0430\u043d\u0456\u0432 \u043c\u0456\u0441\u0446\u0435\u0432\u043e\u0433\u043e \u0441\u0430\u043c\u043e\u0432\u0440\u044f\u0434\u0443\u0432\u0430\u043d\u043d\u044f. \u0407\u0457 \u043c\u0435\u0442\u0430 - \u043f\u0440\u0438\u0441\u043a\u043e\u0440\u0438\u0442\u0438 \u0441\u0442\u0432\u043e\u0440\u0435\u043d\u043d\u044f \u0441\u0443\u0447\u0430\u0441\u043d\u043e\u0457 \u0442\u0430 \u0431\u0435\u0437\u043f\u0435\u0447\u043d\u043e\u0457 \u0434\u043e\u0440\u043e\u0436\u043d\u044c\u043e\u0457 \u0456\u043d\u0444\u0440\u0430\u0441\u0442\u0440\u0443\u043a\u0442\u0443\u0440\u0438 \u043d\u0430 \u043c\u0456\u0441\u0446\u0435\u0432\u043e\u043c\u0443 \u0440\u0456\u0432\u043d\u0456, \u0449\u043e \u0454 \u0432\u0430\u0436\u043b\u0438\u0432\u0438\u043c \u0435\u043b\u0435\u043c\u0435\u043d\u0442\u043e\u043c \u0434\u043b\u044f \u043d\u0430\u043b\u0435\u0436\u043d\u043e\u0433\u043e \u0444\u0443\u043d\u043a\u0446\u0456\u043e\u043d\u0443\u0432\u0430\u043d\u043d\u044f \u0442\u0430 \u0440\u043e\u0437\u0432\u0438\u0442\u043a\u0443 \u0435\u043a\u043e\u043d\u043e\u043c\u0456\u043a\u0438 \u0456 \u0441\u043f\u0440\u0438\u044f\u0454 \u043f\u0456\u0434\u0432\u0438\u0449\u0435\u043d\u043d\u044e \u0440\u0456\u0432\u043d\u044f \u0436\u0438\u0442\u0442\u044f \u0433\u0440\u043e\u043c\u0430\u0434\u044f\u043d.<\/p>\n\n\n\n<p>\u0421\u0442\u0432\u043e\u0440\u0435\u043d\u043d\u044f \u0424\u043e\u043d\u0434\u0443 \u0442\u0430\u043a\u043e\u0436 \u0441\u043f\u0440\u044f\u043c\u043e\u0432\u0430\u043d\u0435 \u043d\u0430 \u043f\u0456\u0434\u0432\u0438\u0449\u0435\u043d\u043d\u044f \u0431\u0435\u0437\u043f\u0435\u043a\u0438 \u0434\u043e\u0440\u043e\u0436\u043d\u044c\u043e\u0433\u043e \u0440\u0443\u0445\u0443 \u0442\u0430 \u0442\u0435\u0445\u043d\u0456\u0447\u043d\u0438\u0445 \u043f\u0430\u0440\u0430\u043c\u0435\u0442\u0440\u0456\u0432 \u043c\u0435\u0440\u0435\u0436\u0456 \u0430\u0432\u0442\u043e\u043c\u043e\u0431\u0456\u043b\u044c\u043d\u0438\u0445 \u0434\u043e\u0440\u0456\u0433 \u043c\u0456\u0441\u0446\u0435\u0432\u043e\u0433\u043e \u0437\u043d\u0430\u0447\u0435\u043d\u043d\u044f, \u0430 \u0442\u0430\u043a\u043e\u0436 \u043f\u043e\u043a\u0440\u0430\u0449\u0435\u043d\u043d\u044f \u0442\u0430 \u043f\u0456\u0434\u0432\u0438\u0449\u0435\u043d\u043d\u044f \u043f\u0440\u0438\u0432\u0430\u0431\u043b\u0438\u0432\u043e\u0441\u0442\u0456 \u0442\u0430 \u0434\u043e\u0441\u0442\u0443\u043f\u043d\u043e\u0441\u0442\u0456 \u0456\u043d\u0432\u0435\u0441\u0442\u0438\u0446\u0456\u0439\u043d\u0438\u0445 \u0442\u0435\u0440\u0438\u0442\u043e\u0440\u0456\u0439. \u0412\u043e\u0434\u043d\u043e\u0447\u0430\u0441, \u0440\u043e\u0437\u0432\u0438\u0442\u043e\u043a \u043c\u0456\u0441\u0446\u0435\u0432\u043e\u0457 \u0434\u043e\u0440\u043e\u0436\u043d\u044c\u043e\u0457 \u0456\u043d\u0444\u0440\u0430\u0441\u0442\u0440\u0443\u043a\u0442\u0443\u0440\u0438 \u0454 \u0434\u043e\u0434\u0430\u0442\u043a\u043e\u0432\u0438\u043c \u0437\u0430\u0445\u043e\u0434\u043e\u043c \u0434\u043e \u0456\u043d\u0456\u0446\u0456\u0430\u0442\u0438\u0432, \u0449\u043e \u0432\u0436\u0438\u0432\u0430\u044e\u0442\u044c\u0441\u044f \u043d\u0430 \u043d\u0430\u0446\u0456\u043e\u043d\u0430\u043b\u044c\u043d\u043e\u043c\u0443 \u0440\u0456\u0432\u043d\u0456 \u0449\u043e\u0434\u043e \u0431\u0443\u0434\u0456\u0432\u043d\u0438\u0446\u0442\u0432\u0430 \u0441\u0438\u0441\u0442\u0435\u043c\u0438 \u0430\u0432\u0442\u043e\u043c\u0430\u0433\u0456\u0441\u0442\u0440\u0430\u043b\u0435\u0439 \u0442\u0430 \u0448\u0432\u0438\u0434\u043a\u0456\u0441\u043d\u0438\u0445 \u0434\u043e\u0440\u0456\u0433, \u0441\u043f\u0440\u0438\u044f\u044e\u0447\u0438 \u0441\u0442\u0432\u043e\u0440\u0435\u043d\u043d\u044e \u0446\u0456\u043b\u0456\u0441\u043d\u043e\u0457 \u0442\u0430 \u0456\u043d\u0442\u0435\u0433\u0440\u043e\u0432\u0430\u043d\u043e\u0457 \u0442\u0440\u0430\u043d\u0441\u043f\u043e\u0440\u0442\u043d\u043e\u0457 \u0441\u0438\u0441\u0442\u0435\u043c\u0438.<\/p>\n\n\n\n<p>\u0412 \u0440\u0430\u043c\u043a\u0430\u0445 \u0420\u0424\u0420\u0420 \u041f\u0456\u0434\u043a\u0430\u0440\u043f\u0430\u0442\u0441\u044c\u043a\u0435 \u0432\u043e\u0454\u0432\u043e\u0434\u0441\u0442\u0432\u043e \u043e\u0442\u0440\u0438\u043c\u0430\u0454<strong> 174 793 246, 94 \u041f\u041e\u041b\u042c\u0421\u042c\u041a\u0418\u0425 \u0417\u041b\u041e\u0422\u0418\u0425<\/strong>  \u0443 2021 \u0440\u043e\u0446\u0456. \u041d\u0438\u0436\u0447\u0435 \u043d\u0430\u0432\u0435\u0434\u0435\u043d\u0456 \u0456\u043d\u0432\u0435\u0441\u0442\u0438\u0446\u0456\u0457, \u043d\u0430 \u044f\u043a\u0456 \u0431\u0443\u0434\u0443\u0442\u044c \u0441\u043f\u0440\u044f\u043c\u043e\u0432\u0430\u043d\u0456 \u043a\u043e\u0448\u0442\u0438.<\/p>\n\n\n\n<div class=\"wp-block-file\"><a href=\"https:\/\/marekkuchcinski.pl\/wp-content\/uploads\/2021\/04\/1.-Powiaty-lista-podstawowa-RFRD-2021.pdf\">1.-Districts-basic-list-RFRD-2021<\/a><a href=\"https:\/\/marekkuchcinski.pl\/wp-content\/uploads\/2021\/04\/1.-Powiaty-lista-podstawowa-RFRD-2021.pdf\" class=\"wp-block-file__button\" download>\u0417\u0430\u0432\u0430\u043d\u0442\u0430\u0436\u0438\u0442\u0438<\/a><\/div>\n\n\n\n<div class=\"wp-block-file\"><a href=\"https:\/\/marekkuchcinski.pl\/wp-content\/uploads\/2021\/04\/2.-Gminy-lista-podstawowa-RFRD-20211.pdf\">2.-Gminy-lista-podstawowa-RFRD-20211<\/a><a href=\"https:\/\/marekkuchcinski.pl\/wp-content\/uploads\/2021\/04\/2.-Gminy-lista-podstawowa-RFRD-20211.pdf\" class=\"wp-block-file__button\" download>\u0417\u0430\u0432\u0430\u043d\u0442\u0430\u0436\u0438\u0442\u0438<\/a><\/div>\n\n\n\n<figure class=\"wp-block-table\"><table><tbody><tr><td><\/td><\/tr><\/tbody><\/table><\/figure>","protected":false},"excerpt":{"rendered":"<p>Rz\u0105d Prawa i Sprawiedliwo\u015bci inwestuje w infrastruktur\u0119 drogow\u0105! Pomimo systematycznej poprawy, stan polskich dr\u00f3g samorz\u0105dowych wci\u0105\u017c stanowi jedn\u0105 z podstawowych barier ograniczaj\u0105cych wzrost poziomu bezpiecze\u0144stwa ruchu drogowego, a tak\u017ce jest czynnikiem obni\u017caj\u0105cym aktywno\u015b\u0107 gospodarcz\u0105, inwestycyjn\u0105 oraz konkurencyjno\u015b\u0107 region\u00f3w i poszczeg\u00f3lnych o\u015brodk\u00f3w gospodarczych. Ustaw\u0105 z 23 pa\u017adziernika 2018 r. o Rz\u0105dowym Funduszu Rozwoju Dr\u00f3g&nbsp; (Dz. U. [&hellip;]<\/p>","protected":false},"author":21,"featured_media":22507,"comment_status":"open","ping_status":"open","sticky":false,"template":"","format":"standard","meta":{"ngg_post_thumbnail":0,"footnotes":""},"categories":[3],"tags":[],"class_list":["post-22482","post","type-post","status-publish","format-standard","has-post-thumbnail","hentry","category-wydarzenia"],"yoast_head":"<!-- This site is optimized with the Yoast SEO plugin v24.7 - https:\/\/yoast.com\/wordpress\/plugins\/seo\/ -->\n<title>Ponad 174 mln z\u0142 dla Podkarpacia w ramach Rz\u0105dowego Funduszu Dr\u00f3g Samorz\u0105dowych na 2021 rok &#8211; Marek Kuchci\u0144ski<\/title>\n<meta name=\"robots\" content=\"index, follow, max-snippet:-1, max-image-preview:large, max-video-preview:-1\" \/>\n<link rel=\"canonical\" href=\"https:\/\/marekkuchcinski.pl\/uk\/wydarzenia\/ponad-174-mln-zl-dla-podkarpacia-w-ramach-rzadowego-funduszu-drog-samorzadowych-na-2021-rok\/\" \/>\n<meta property=\"og:locale\" content=\"uk_UA\" \/>\n<meta property=\"og:type\" content=\"article\" \/>\n<meta property=\"og:title\" content=\"Ponad 174 mln z\u0142 dla Podkarpacia w ramach Rz\u0105dowego Funduszu Dr\u00f3g Samorz\u0105dowych na 2021 rok &#8211; Marek Kuchci\u0144ski\" \/>\n<meta property=\"og:description\" content=\"Rz\u0105d Prawa i Sprawiedliwo\u015bci inwestuje w infrastruktur\u0119 drogow\u0105! Pomimo systematycznej poprawy, stan polskich dr\u00f3g samorz\u0105dowych wci\u0105\u017c stanowi jedn\u0105 z podstawowych barier ograniczaj\u0105cych wzrost poziomu bezpiecze\u0144stwa ruchu drogowego, a tak\u017ce jest czynnikiem obni\u017caj\u0105cym aktywno\u015b\u0107 gospodarcz\u0105, inwestycyjn\u0105 oraz konkurencyjno\u015b\u0107 region\u00f3w i poszczeg\u00f3lnych o\u015brodk\u00f3w gospodarczych. Ustaw\u0105 z 23 pa\u017adziernika 2018 r. o Rz\u0105dowym Funduszu Rozwoju Dr\u00f3g&nbsp; (Dz. U. [&hellip;]\" \/>\n<meta property=\"og:url\" content=\"https:\/\/marekkuchcinski.pl\/uk\/wydarzenia\/ponad-174-mln-zl-dla-podkarpacia-w-ramach-rzadowego-funduszu-drog-samorzadowych-na-2021-rok\/\" \/>\n<meta property=\"og:site_name\" content=\"Marek Kuchci\u0144ski\" \/>\n<meta property=\"article:published_time\" content=\"2021-04-21T19:25:55+00:00\" \/>\n<meta property=\"article:modified_time\" content=\"2021-04-21T19:36:42+00:00\" \/>\n<meta property=\"og:image\" content=\"https:\/\/marekkuchcinski.pl\/wp-content\/uploads\/2021\/04\/1.png\" \/>\n\t<meta property=\"og:image:width\" content=\"704\" \/>\n\t<meta property=\"og:image:height\" content=\"431\" \/>\n\t<meta property=\"og:image:type\" content=\"image\/png\" \/>\n<meta name=\"author\" content=\"Marta Olejnik\" \/>\n<meta name=\"twitter:card\" content=\"summary_large_image\" \/>\n<meta name=\"twitter:label1\" content=\"\u041d\u0430\u043f\u0438\u0441\u0430\u043d\u043e\" \/>\n\t<meta name=\"twitter:data1\" content=\"Marta Olejnik\" \/>\n\t<meta name=\"twitter:label2\" content=\"\u041f\u0440\u0438\u0431\u043b. \u0447\u0430\u0441 \u0447\u0438\u0442\u0430\u043d\u043d\u044f\" \/>\n\t<meta name=\"twitter:data2\" content=\"2 \u0445\u0432\u0438\u043b\u0438\u043d\u0438\" \/>\n<script type=\"application\/ld+json\" class=\"yoast-schema-graph\">{\"@context\":\"https:\/\/schema.org\",\"@graph\":[{\"@type\":\"Article\",\"@id\":\"https:\/\/marekkuchcinski.pl\/uk\/wydarzenia\/ponad-174-mln-zl-dla-podkarpacia-w-ramach-rzadowego-funduszu-drog-samorzadowych-na-2021-rok\/#article\",\"isPartOf\":{\"@id\":\"https:\/\/marekkuchcinski.pl\/uk\/wydarzenia\/ponad-174-mln-zl-dla-podkarpacia-w-ramach-rzadowego-funduszu-drog-samorzadowych-na-2021-rok\/\"},\"author\":{\"name\":\"Marta Olejnik\",\"@id\":\"https:\/\/marekkuchcinski.pl\/#\/schema\/person\/51d5d4ee3b5317b8e4dd2b48af359229\"},\"headline\":\"Ponad 174 mln z\u0142 dla Podkarpacia w ramach Rz\u0105dowego Funduszu Dr\u00f3g Samorz\u0105dowych na 2021 rok\",\"datePublished\":\"2021-04-21T19:25:55+00:00\",\"dateModified\":\"2021-04-21T19:36:42+00:00\",\"mainEntityOfPage\":{\"@id\":\"https:\/\/marekkuchcinski.pl\/uk\/wydarzenia\/ponad-174-mln-zl-dla-podkarpacia-w-ramach-rzadowego-funduszu-drog-samorzadowych-na-2021-rok\/\"},\"wordCount\":262,\"commentCount\":0,\"publisher\":{\"@id\":\"https:\/\/marekkuchcinski.pl\/#organization\"},\"image\":{\"@id\":\"https:\/\/marekkuchcinski.pl\/uk\/wydarzenia\/ponad-174-mln-zl-dla-podkarpacia-w-ramach-rzadowego-funduszu-drog-samorzadowych-na-2021-rok\/#primaryimage\"},\"thumbnailUrl\":\"https:\/\/marekkuchcinski.pl\/wp-content\/uploads\/2021\/04\/1.png\",\"articleSection\":[\"Wydarzenia\"],\"inLanguage\":\"uk\",\"potentialAction\":[{\"@type\":\"CommentAction\",\"name\":\"Comment\",\"target\":[\"https:\/\/marekkuchcinski.pl\/uk\/wydarzenia\/ponad-174-mln-zl-dla-podkarpacia-w-ramach-rzadowego-funduszu-drog-samorzadowych-na-2021-rok\/#respond\"]}]},{\"@type\":\"WebPage\",\"@id\":\"https:\/\/marekkuchcinski.pl\/uk\/wydarzenia\/ponad-174-mln-zl-dla-podkarpacia-w-ramach-rzadowego-funduszu-drog-samorzadowych-na-2021-rok\/\",\"url\":\"https:\/\/marekkuchcinski.pl\/uk\/wydarzenia\/ponad-174-mln-zl-dla-podkarpacia-w-ramach-rzadowego-funduszu-drog-samorzadowych-na-2021-rok\/\",\"name\":\"Ponad 174 mln z\u0142 dla Podkarpacia w ramach Rz\u0105dowego Funduszu Dr\u00f3g Samorz\u0105dowych na 2021 rok &#8211; Marek Kuchci\u0144ski\",\"isPartOf\":{\"@id\":\"https:\/\/marekkuchcinski.pl\/#website\"},\"primaryImageOfPage\":{\"@id\":\"https:\/\/marekkuchcinski.pl\/uk\/wydarzenia\/ponad-174-mln-zl-dla-podkarpacia-w-ramach-rzadowego-funduszu-drog-samorzadowych-na-2021-rok\/#primaryimage\"},\"image\":{\"@id\":\"https:\/\/marekkuchcinski.pl\/uk\/wydarzenia\/ponad-174-mln-zl-dla-podkarpacia-w-ramach-rzadowego-funduszu-drog-samorzadowych-na-2021-rok\/#primaryimage\"},\"thumbnailUrl\":\"https:\/\/marekkuchcinski.pl\/wp-content\/uploads\/2021\/04\/1.png\",\"datePublished\":\"2021-04-21T19:25:55+00:00\",\"dateModified\":\"2021-04-21T19:36:42+00:00\",\"breadcrumb\":{\"@id\":\"https:\/\/marekkuchcinski.pl\/uk\/wydarzenia\/ponad-174-mln-zl-dla-podkarpacia-w-ramach-rzadowego-funduszu-drog-samorzadowych-na-2021-rok\/#breadcrumb\"},\"inLanguage\":\"uk\",\"potentialAction\":[{\"@type\":\"ReadAction\",\"target\":[\"https:\/\/marekkuchcinski.pl\/uk\/wydarzenia\/ponad-174-mln-zl-dla-podkarpacia-w-ramach-rzadowego-funduszu-drog-samorzadowych-na-2021-rok\/\"]}]},{\"@type\":\"ImageObject\",\"inLanguage\":\"uk\",\"@id\":\"https:\/\/marekkuchcinski.pl\/uk\/wydarzenia\/ponad-174-mln-zl-dla-podkarpacia-w-ramach-rzadowego-funduszu-drog-samorzadowych-na-2021-rok\/#primaryimage\",\"url\":\"https:\/\/marekkuchcinski.pl\/wp-content\/uploads\/2021\/04\/1.png\",\"contentUrl\":\"https:\/\/marekkuchcinski.pl\/wp-content\/uploads\/2021\/04\/1.png\",\"width\":704,\"height\":431},{\"@type\":\"BreadcrumbList\",\"@id\":\"https:\/\/marekkuchcinski.pl\/uk\/wydarzenia\/ponad-174-mln-zl-dla-podkarpacia-w-ramach-rzadowego-funduszu-drog-samorzadowych-na-2021-rok\/#breadcrumb\",\"itemListElement\":[{\"@type\":\"ListItem\",\"position\":1,\"name\":\"Strona g\u0142\u00f3wna\",\"item\":\"https:\/\/marekkuchcinski.pl\/\"},{\"@type\":\"ListItem\",\"position\":2,\"name\":\"Ponad 174 mln z\u0142 dla Podkarpacia w ramach Rz\u0105dowego Funduszu Dr\u00f3g Samorz\u0105dowych na 2021 rok\"}]},{\"@type\":\"WebSite\",\"@id\":\"https:\/\/marekkuchcinski.pl\/#website\",\"url\":\"https:\/\/marekkuchcinski.pl\/\",\"name\":\"Marek Kuchci\u0144ski\",\"description\":\"Pose\u0142 na sejm RP &ndash; okr\u0119g nr 22\",\"publisher\":{\"@id\":\"https:\/\/marekkuchcinski.pl\/#organization\"},\"potentialAction\":[{\"@type\":\"SearchAction\",\"target\":{\"@type\":\"EntryPoint\",\"urlTemplate\":\"https:\/\/marekkuchcinski.pl\/?s={search_term_string}\"},\"query-input\":{\"@type\":\"PropertyValueSpecification\",\"valueRequired\":true,\"valueName\":\"search_term_string\"}}],\"inLanguage\":\"uk\"},{\"@type\":\"Organization\",\"@id\":\"https:\/\/marekkuchcinski.pl\/#organization\",\"name\":\"Marek Kuchci\u0144ski\",\"url\":\"https:\/\/marekkuchcinski.pl\/\",\"logo\":{\"@type\":\"ImageObject\",\"inLanguage\":\"uk\",\"@id\":\"https:\/\/marekkuchcinski.pl\/#\/schema\/logo\/image\/\",\"url\":\"https:\/\/marekkuchcinski.pl\/wp-content\/uploads\/2022\/09\/Marek.jpg\",\"contentUrl\":\"https:\/\/marekkuchcinski.pl\/wp-content\/uploads\/2022\/09\/Marek.jpg\",\"width\":1600,\"height\":971,\"caption\":\"Marek Kuchci\u0144ski\"},\"image\":{\"@id\":\"https:\/\/marekkuchcinski.pl\/#\/schema\/logo\/image\/\"}},{\"@type\":\"Person\",\"@id\":\"https:\/\/marekkuchcinski.pl\/#\/schema\/person\/51d5d4ee3b5317b8e4dd2b48af359229\",\"name\":\"Marta Olejnik\",\"image\":{\"@type\":\"ImageObject\",\"inLanguage\":\"uk\",\"@id\":\"https:\/\/marekkuchcinski.pl\/#\/schema\/person\/image\/\",\"url\":\"https:\/\/secure.gravatar.com\/avatar\/e39914b2aa6a48959e24d475b5dc9793?s=96&d=mm&r=g\",\"contentUrl\":\"https:\/\/secure.gravatar.com\/avatar\/e39914b2aa6a48959e24d475b5dc9793?s=96&d=mm&r=g\",\"caption\":\"Marta Olejnik\"},\"url\":\"https:\/\/marekkuchcinski.pl\/uk\/author\/marta\/\"}]}<\/script>\n<!-- \/ Yoast SEO plugin. -->","yoast_head_json":{"title":"Ponad 174 mln z\u0142 dla Podkarpacia w ramach Rz\u0105dowego Funduszu Dr\u00f3g Samorz\u0105dowych na 2021 rok &#8211; Marek Kuchci\u0144ski","robots":{"index":"index","follow":"follow","max-snippet":"max-snippet:-1","max-image-preview":"max-image-preview:large","max-video-preview":"max-video-preview:-1"},"canonical":"https:\/\/marekkuchcinski.pl\/uk\/wydarzenia\/ponad-174-mln-zl-dla-podkarpacia-w-ramach-rzadowego-funduszu-drog-samorzadowych-na-2021-rok\/","og_locale":"uk_UA","og_type":"article","og_title":"Ponad 174 mln z\u0142 dla Podkarpacia w ramach Rz\u0105dowego Funduszu Dr\u00f3g Samorz\u0105dowych na 2021 rok &#8211; Marek Kuchci\u0144ski","og_description":"Rz\u0105d Prawa i Sprawiedliwo\u015bci inwestuje w infrastruktur\u0119 drogow\u0105! Pomimo systematycznej poprawy, stan polskich dr\u00f3g samorz\u0105dowych wci\u0105\u017c stanowi jedn\u0105 z podstawowych barier ograniczaj\u0105cych wzrost poziomu bezpiecze\u0144stwa ruchu drogowego, a tak\u017ce jest czynnikiem obni\u017caj\u0105cym aktywno\u015b\u0107 gospodarcz\u0105, inwestycyjn\u0105 oraz konkurencyjno\u015b\u0107 region\u00f3w i poszczeg\u00f3lnych o\u015brodk\u00f3w gospodarczych. Ustaw\u0105 z 23 pa\u017adziernika 2018 r. o Rz\u0105dowym Funduszu Rozwoju Dr\u00f3g&nbsp; (Dz. U. [&hellip;]","og_url":"https:\/\/marekkuchcinski.pl\/uk\/wydarzenia\/ponad-174-mln-zl-dla-podkarpacia-w-ramach-rzadowego-funduszu-drog-samorzadowych-na-2021-rok\/","og_site_name":"Marek Kuchci\u0144ski","article_published_time":"2021-04-21T19:25:55+00:00","article_modified_time":"2021-04-21T19:36:42+00:00","og_image":[{"width":704,"height":431,"url":"https:\/\/marekkuchcinski.pl\/wp-content\/uploads\/2021\/04\/1.png","type":"image\/png"}],"author":"Marta Olejnik","twitter_card":"summary_large_image","twitter_misc":{"\u041d\u0430\u043f\u0438\u0441\u0430\u043d\u043e":"Marta Olejnik","\u041f\u0440\u0438\u0431\u043b. \u0447\u0430\u0441 \u0447\u0438\u0442\u0430\u043d\u043d\u044f":"2 \u0445\u0432\u0438\u043b\u0438\u043d\u0438"},"schema":{"@context":"https:\/\/schema.org","@graph":[{"@type":"Article","@id":"https:\/\/marekkuchcinski.pl\/uk\/wydarzenia\/ponad-174-mln-zl-dla-podkarpacia-w-ramach-rzadowego-funduszu-drog-samorzadowych-na-2021-rok\/#article","isPartOf":{"@id":"https:\/\/marekkuchcinski.pl\/uk\/wydarzenia\/ponad-174-mln-zl-dla-podkarpacia-w-ramach-rzadowego-funduszu-drog-samorzadowych-na-2021-rok\/"},"author":{"name":"Marta Olejnik","@id":"https:\/\/marekkuchcinski.pl\/#\/schema\/person\/51d5d4ee3b5317b8e4dd2b48af359229"},"headline":"Ponad 174 mln z\u0142 dla Podkarpacia w ramach Rz\u0105dowego Funduszu Dr\u00f3g Samorz\u0105dowych na 2021 rok","datePublished":"2021-04-21T19:25:55+00:00","dateModified":"2021-04-21T19:36:42+00:00","mainEntityOfPage":{"@id":"https:\/\/marekkuchcinski.pl\/uk\/wydarzenia\/ponad-174-mln-zl-dla-podkarpacia-w-ramach-rzadowego-funduszu-drog-samorzadowych-na-2021-rok\/"},"wordCount":262,"commentCount":0,"publisher":{"@id":"https:\/\/marekkuchcinski.pl\/#organization"},"image":{"@id":"https:\/\/marekkuchcinski.pl\/uk\/wydarzenia\/ponad-174-mln-zl-dla-podkarpacia-w-ramach-rzadowego-funduszu-drog-samorzadowych-na-2021-rok\/#primaryimage"},"thumbnailUrl":"https:\/\/marekkuchcinski.pl\/wp-content\/uploads\/2021\/04\/1.png","articleSection":["Wydarzenia"],"inLanguage":"uk","potentialAction":[{"@type":"CommentAction","name":"Comment","target":["https:\/\/marekkuchcinski.pl\/uk\/wydarzenia\/ponad-174-mln-zl-dla-podkarpacia-w-ramach-rzadowego-funduszu-drog-samorzadowych-na-2021-rok\/#respond"]}]},{"@type":"WebPage","@id":"https:\/\/marekkuchcinski.pl\/uk\/wydarzenia\/ponad-174-mln-zl-dla-podkarpacia-w-ramach-rzadowego-funduszu-drog-samorzadowych-na-2021-rok\/","url":"https:\/\/marekkuchcinski.pl\/uk\/wydarzenia\/ponad-174-mln-zl-dla-podkarpacia-w-ramach-rzadowego-funduszu-drog-samorzadowych-na-2021-rok\/","name":"Ponad 174 mln z\u0142 dla Podkarpacia w ramach Rz\u0105dowego Funduszu Dr\u00f3g Samorz\u0105dowych na 2021 rok &#8211; Marek Kuchci\u0144ski","isPartOf":{"@id":"https:\/\/marekkuchcinski.pl\/#website"},"primaryImageOfPage":{"@id":"https:\/\/marekkuchcinski.pl\/uk\/wydarzenia\/ponad-174-mln-zl-dla-podkarpacia-w-ramach-rzadowego-funduszu-drog-samorzadowych-na-2021-rok\/#primaryimage"},"image":{"@id":"https:\/\/marekkuchcinski.pl\/uk\/wydarzenia\/ponad-174-mln-zl-dla-podkarpacia-w-ramach-rzadowego-funduszu-drog-samorzadowych-na-2021-rok\/#primaryimage"},"thumbnailUrl":"https:\/\/marekkuchcinski.pl\/wp-content\/uploads\/2021\/04\/1.png","datePublished":"2021-04-21T19:25:55+00:00","dateModified":"2021-04-21T19:36:42+00:00","breadcrumb":{"@id":"https:\/\/marekkuchcinski.pl\/uk\/wydarzenia\/ponad-174-mln-zl-dla-podkarpacia-w-ramach-rzadowego-funduszu-drog-samorzadowych-na-2021-rok\/#breadcrumb"},"inLanguage":"uk","potentialAction":[{"@type":"ReadAction","target":["https:\/\/marekkuchcinski.pl\/uk\/wydarzenia\/ponad-174-mln-zl-dla-podkarpacia-w-ramach-rzadowego-funduszu-drog-samorzadowych-na-2021-rok\/"]}]},{"@type":"ImageObject","inLanguage":"uk","@id":"https:\/\/marekkuchcinski.pl\/uk\/wydarzenia\/ponad-174-mln-zl-dla-podkarpacia-w-ramach-rzadowego-funduszu-drog-samorzadowych-na-2021-rok\/#primaryimage","url":"https:\/\/marekkuchcinski.pl\/wp-content\/uploads\/2021\/04\/1.png","contentUrl":"https:\/\/marekkuchcinski.pl\/wp-content\/uploads\/2021\/04\/1.png","width":704,"height":431},{"@type":"BreadcrumbList","@id":"https:\/\/marekkuchcinski.pl\/uk\/wydarzenia\/ponad-174-mln-zl-dla-podkarpacia-w-ramach-rzadowego-funduszu-drog-samorzadowych-na-2021-rok\/#breadcrumb","itemListElement":[{"@type":"ListItem","position":1,"name":"Strona g\u0142\u00f3wna","item":"https:\/\/marekkuchcinski.pl\/"},{"@type":"ListItem","position":2,"name":"Ponad 174 mln z\u0142 dla Podkarpacia w ramach Rz\u0105dowego Funduszu Dr\u00f3g Samorz\u0105dowych na 2021 rok"}]},{"@type":"WebSite","@id":"https:\/\/marekkuchcinski.pl\/#website","url":"https:\/\/marekkuchcinski.pl\/","name":"Marek Kuchci\u0144ski","description":"Pose\u0142 na sejm RP &ndash; okr\u0119g nr 22","publisher":{"@id":"https:\/\/marekkuchcinski.pl\/#organization"},"potentialAction":[{"@type":"SearchAction","target":{"@type":"EntryPoint","urlTemplate":"https:\/\/marekkuchcinski.pl\/?s={search_term_string}"},"query-input":{"@type":"PropertyValueSpecification","valueRequired":true,"valueName":"search_term_string"}}],"inLanguage":"uk"},{"@type":"Organization","@id":"https:\/\/marekkuchcinski.pl\/#organization","name":"Marek Kuchci\u0144ski","url":"https:\/\/marekkuchcinski.pl\/","logo":{"@type":"ImageObject","inLanguage":"uk","@id":"https:\/\/marekkuchcinski.pl\/#\/schema\/logo\/image\/","url":"https:\/\/marekkuchcinski.pl\/wp-content\/uploads\/2022\/09\/Marek.jpg","contentUrl":"https:\/\/marekkuchcinski.pl\/wp-content\/uploads\/2022\/09\/Marek.jpg","width":1600,"height":971,"caption":"Marek Kuchci\u0144ski"},"image":{"@id":"https:\/\/marekkuchcinski.pl\/#\/schema\/logo\/image\/"}},{"@type":"Person","@id":"https:\/\/marekkuchcinski.pl\/#\/schema\/person\/51d5d4ee3b5317b8e4dd2b48af359229","name":"Marta Olejnik","image":{"@type":"ImageObject","inLanguage":"uk","@id":"https:\/\/marekkuchcinski.pl\/#\/schema\/person\/image\/","url":"https:\/\/secure.gravatar.com\/avatar\/e39914b2aa6a48959e24d475b5dc9793?s=96&d=mm&r=g","contentUrl":"https:\/\/secure.gravatar.com\/avatar\/e39914b2aa6a48959e24d475b5dc9793?s=96&d=mm&r=g","caption":"Marta Olejnik"},"url":"https:\/\/marekkuchcinski.pl\/uk\/author\/marta\/"}]}},"_links":{"self":[{"href":"https:\/\/marekkuchcinski.pl\/uk\/wp-json\/wp\/v2\/posts\/22482","targetHints":{"allow":["GET"]}}],"collection":[{"href":"https:\/\/marekkuchcinski.pl\/uk\/wp-json\/wp\/v2\/posts"}],"about":[{"href":"https:\/\/marekkuchcinski.pl\/uk\/wp-json\/wp\/v2\/types\/post"}],"author":[{"embeddable":true,"href":"https:\/\/marekkuchcinski.pl\/uk\/wp-json\/wp\/v2\/users\/21"}],"replies":[{"embeddable":true,"href":"https:\/\/marekkuchcinski.pl\/uk\/wp-json\/wp\/v2\/comments?post=22482"}],"version-history":[{"count":15,"href":"https:\/\/marekkuchcinski.pl\/uk\/wp-json\/wp\/v2\/posts\/22482\/revisions"}],"predecessor-version":[{"id":22508,"href":"https:\/\/marekkuchcinski.pl\/uk\/wp-json\/wp\/v2\/posts\/22482\/revisions\/22508"}],"wp:featuredmedia":[{"embeddable":true,"href":"https:\/\/marekkuchcinski.pl\/uk\/wp-json\/wp\/v2\/media\/22507"}],"wp:attachment":[{"href":"https:\/\/marekkuchcinski.pl\/uk\/wp-json\/wp\/v2\/media?parent=22482"}],"wp:term":[{"taxonomy":"category","embeddable":true,"href":"https:\/\/marekkuchcinski.pl\/uk\/wp-json\/wp\/v2\/categories?post=22482"},{"taxonomy":"post_tag","embeddable":true,"href":"https:\/\/marekkuchcinski.pl\/uk\/wp-json\/wp\/v2\/tags?post=22482"}],"curies":[{"name":"wp","href":"https:\/\/api.w.org\/{rel}","templated":true}]}}