{"id":20114,"date":"2020-10-22T16:50:08","date_gmt":"2020-10-22T14:50:08","guid":{"rendered":"https:\/\/marekkuchcinski.pl\/?p=20114"},"modified":"2020-11-09T15:03:33","modified_gmt":"2020-11-09T14:03:33","slug":"marek-kuchcinski-nalezy-zwiekszyc-finansowanie-parkow-narodowych","status":"publish","type":"post","link":"https:\/\/marekkuchcinski.pl\/uk\/wydarzenia\/marek-kuchcinski-nalezy-zwiekszyc-finansowanie-parkow-narodowych\/","title":{"rendered":"Marek Kuchci\u0144ski: Nale\u017cy zwi\u0119kszy\u0107 finansowanie park\u00f3w narodowych"},"content":{"rendered":"<p class=\"wp-block-paragraph\">Podczas posiedzenia komisji <strong><strong>Ochrony \u015arodowiska, Zasob\u00f3w Naturalnych i Le\u015bnictwa<\/strong>ch<\/strong> Marek Kuchci\u0144ski zg\u0142osi\u0142 sugestie dotycz\u0105ce bud\u017cetu dla park\u00f3w narodowych na 2022 rok \u2013 przede wszystkim zwi\u0119kszenia zarobk\u00f3w pracownik\u00f3w i zmniejszenia dysproporcji finansowych samych park\u00f3w.<\/p>\n\n\n\n<p class=\"wp-block-paragraph\">Podkre\u015bli\u0142, \u017ce w kontek\u015bcie tego, co dzieje si\u0119 dzisiaj w Polsce i na \u015bwiecie \u2013 \u017ce z jednej strony mamy skutki pandemii, a z drugiej zauwa\u017caln\u0105 zmian\u0119 kierunk\u00f3w wyjazd\u00f3w Polak\u00f3w z zagranicy na kraj \u2013 ro\u015bnie znaczenie i warto\u015b\u0107 teren\u00f3w ciekawych krajobrazowo. Czyste powietrze i naturalna przyroda daj\u0105 zm\u0119czonemu psychicznie spo\u0142ecze\u0144stwu namiastk\u0119 normalno\u015bci. To jest niebywale wa\u017cne w tym czasie.<\/p>\n\n\n\n<p class=\"wp-block-paragraph\">Wed\u0142ug marsza\u0142ka najlepszym rozwi\u0105zaniem b\u0119dzie uzale\u017cnienie finansowania zatrudnienia (etat\u00f3w z pochodnymi) w parkach&nbsp;narodowych od dotacji bud\u017cetowej, kt\u00f3ra powinna by\u0107 zwi\u0119kszona. Nale\u017ca\u0142oby tak\u017ce ostatecznie wyr\u00f3wna\u0107 p\u0142ace pracownik\u00f3w park\u00f3w narodowych z p\u0142acami Las\u00f3w Pa\u0144stwowych (niewielka grupa 1,5 tys. os\u00f3b zarabia \u015brednio tylko ok. 50% tego, co w PGL LP \u2013 25 tys. os\u00f3b).<\/p>\n\n\n\n<p class=\"wp-block-paragraph\">Parki przyjmuj\u0105 rocznie ponad 15 mln os\u00f3b i ro\u015bnie oddzia\u0142ywanie na ten niewielki obszar, a bardzo unikalny pod wzgl\u0119dem przyrodniczym. Polskie parki maj\u0105 znacznie mniejsz\u0105 powierzchni\u0119 (1%) w por\u00f3wnaniu z np. ze S\u0142owacj\u0105 (6,5%), W\u0119grami (5%) czy Czechami (2%).<\/p>\n\n\n\n<p class=\"wp-block-paragraph\">Z gospodarczego punktu widzenia i polityki rozwoju mo\u017cemy postawi\u0107 tez\u0119, \u017ce parki narodowe wzmacniaj\u0105 rozw\u00f3j region\u00f3w, \u015bci\u0105gaj\u0105 kapita\u0142 w ich s\u0105siedztwo. Udowodniono, i\u017c ka\u017cdy dolar wydany na t\u0119 form\u0119 ochrony przyrody przez dane pa\u0144stwo zwraca\u0142 si\u0119 nawet stukrotnie w bogaceniu si\u0119 lokalnych spo\u0142eczno\u015bci. Znacznie zwi\u0119ksza si\u0119 jednak liczba zada\u0144 realizowanych przez parki, przez co r\u00f3wnie\u017c bardzo rosn\u0105 koszty. Cze\u015b\u0107 park\u00f3w ma przychody. Cz\u0119\u015b\u0107 nie. I tu jest podstawowy problem, czyli dysproporcje.<\/p>\n\n\n\n<figure class=\"wp-block-image size-large\"><img fetchpriority=\"high\" decoding=\"async\" width=\"1024\" height=\"671\" src=\"https:\/\/marekkuchcinski.pl\/wp-content\/uploads\/2020\/10\/kom-sr-1024x671.jpg\" alt=\"\" class=\"wp-image-20116\" srcset=\"https:\/\/marekkuchcinski.pl\/wp-content\/uploads\/2020\/10\/kom-sr-1024x671.jpg 1024w, https:\/\/marekkuchcinski.pl\/wp-content\/uploads\/2020\/10\/kom-sr-300x197.jpg 300w, https:\/\/marekkuchcinski.pl\/wp-content\/uploads\/2020\/10\/kom-sr-768x503.jpg 768w, https:\/\/marekkuchcinski.pl\/wp-content\/uploads\/2020\/10\/kom-sr-1536x1006.jpg 1536w, https:\/\/marekkuchcinski.pl\/wp-content\/uploads\/2020\/10\/kom-sr-scaled.jpg 2048w\" sizes=\"(max-width: 1024px) 100vw, 1024px\" \/><\/figure>","protected":false},"excerpt":{"rendered":"<p>Podczas posiedzenia komisji Ochrony \u015arodowiska, Zasob\u00f3w Naturalnych i Le\u015bnictwach Marek Kuchci\u0144ski zg\u0142osi\u0142 sugestie dotycz\u0105ce bud\u017cetu dla park\u00f3w narodowych na 2022 rok \u2013 przede wszystkim zwi\u0119kszenia zarobk\u00f3w pracownik\u00f3w i zmniejszenia dysproporcji finansowych samych park\u00f3w. Podkre\u015bli\u0142, \u017ce w kontek\u015bcie tego, co dzieje si\u0119 dzisiaj w Polsce i na \u015bwiecie \u2013 \u017ce z jednej strony mamy skutki pandemii, [&hellip;]<\/p>\n","protected":false},"author":3,"featured_media":20116,"comment_status":"open","ping_status":"open","sticky":false,"template":"","format":"standard","meta":{"ngg_post_thumbnail":0,"footnotes":""},"categories":[166,181,164,49,81,3],"tags":[],"class_list":["post-20114","post","type-post","status-publish","format-standard","has-post-thumbnail","hentry","category-komisja-ochrony-srodowiska-zasobow-naturalnych-i-lesnictwa-osz","category-komisje-sejmowe-komisje-sejmowe","category-komisje-sejmowe","category-podkarpacie","category-wiesci-z-sejmu","category-wydarzenia"],"yoast_head":"<!-- This site is optimized with the Yoast SEO plugin v28.4 - https:\/\/yoast.com\/product\/yoast-seo-wordpress\/ -->\n<title>Marek Kuchci\u0144ski: Nale\u017cy zwi\u0119kszy\u0107 finansowanie park\u00f3w narodowych &#8211; Marek Kuchci\u0144ski<\/title>\n<meta name=\"robots\" content=\"index, follow, max-snippet:-1, max-image-preview:large, max-video-preview:-1\" \/>\n<link rel=\"canonical\" href=\"https:\/\/marekkuchcinski.pl\/uk\/wydarzenia\/marek-kuchcinski-nalezy-zwiekszyc-finansowanie-parkow-narodowych\/\" \/>\n<meta property=\"og:locale\" content=\"uk_UA\" \/>\n<meta property=\"og:type\" content=\"article\" \/>\n<meta property=\"og:title\" content=\"Marek Kuchci\u0144ski: Nale\u017cy zwi\u0119kszy\u0107 finansowanie park\u00f3w narodowych &#8211; Marek Kuchci\u0144ski\" \/>\n<meta property=\"og:description\" content=\"Podczas posiedzenia komisji Ochrony \u015arodowiska, Zasob\u00f3w Naturalnych i Le\u015bnictwach Marek Kuchci\u0144ski zg\u0142osi\u0142 sugestie dotycz\u0105ce bud\u017cetu dla park\u00f3w narodowych na 2022 rok \u2013 przede wszystkim zwi\u0119kszenia zarobk\u00f3w pracownik\u00f3w i zmniejszenia dysproporcji finansowych samych park\u00f3w. Podkre\u015bli\u0142, \u017ce w kontek\u015bcie tego, co dzieje si\u0119 dzisiaj w Polsce i na \u015bwiecie \u2013 \u017ce z jednej strony mamy skutki pandemii, [&hellip;]\" \/>\n<meta property=\"og:url\" content=\"https:\/\/marekkuchcinski.pl\/uk\/wydarzenia\/marek-kuchcinski-nalezy-zwiekszyc-finansowanie-parkow-narodowych\/\" \/>\n<meta property=\"og:site_name\" content=\"Marek Kuchci\u0144ski\" \/>\n<meta property=\"article:published_time\" content=\"2020-10-22T14:50:08+00:00\" \/>\n<meta property=\"article:modified_time\" content=\"2020-11-09T14:03:33+00:00\" \/>\n<meta property=\"og:image\" content=\"https:\/\/marekkuchcinski.pl\/wp-content\/uploads\/2020\/10\/kom-sr-scaled.jpg\" \/>\n\t<meta property=\"og:image:width\" content=\"2048\" \/>\n\t<meta property=\"og:image:height\" content=\"1342\" \/>\n\t<meta property=\"og:image:type\" content=\"image\/jpeg\" \/>\n<meta name=\"author\" content=\"Marta Olejnik\" \/>\n<meta name=\"twitter:card\" content=\"summary_large_image\" \/>\n<meta name=\"twitter:label1\" content=\"Written by\" \/>\n\t<meta name=\"twitter:data1\" content=\"Marta Olejnik\" \/>\n\t<meta name=\"twitter:label2\" content=\"Est. reading time\" \/>\n\t<meta name=\"twitter:data2\" content=\"2 minutes\" \/>\n<script type=\"application\/ld+json\" class=\"yoast-schema-graph\">{\"@context\":\"https:\\\/\\\/schema.org\",\"@graph\":[{\"@type\":\"Article\",\"@id\":\"https:\\\/\\\/marekkuchcinski.pl\\\/wydarzenia\\\/marek-kuchcinski-nalezy-zwiekszyc-finansowanie-parkow-narodowych\\\/#article\",\"isPartOf\":{\"@id\":\"https:\\\/\\\/marekkuchcinski.pl\\\/wydarzenia\\\/marek-kuchcinski-nalezy-zwiekszyc-finansowanie-parkow-narodowych\\\/\"},\"author\":{\"name\":\"Marta Olejnik\",\"@id\":\"https:\\\/\\\/marekkuchcinski.pl\\\/#\\\/schema\\\/person\\\/bd3f15dee67fee76e83c8350d0154101\"},\"headline\":\"Marek Kuchci\u0144ski: Nale\u017cy zwi\u0119kszy\u0107 finansowanie park\u00f3w narodowych\",\"datePublished\":\"2020-10-22T14:50:08+00:00\",\"dateModified\":\"2020-11-09T14:03:33+00:00\",\"mainEntityOfPage\":{\"@id\":\"https:\\\/\\\/marekkuchcinski.pl\\\/wydarzenia\\\/marek-kuchcinski-nalezy-zwiekszyc-finansowanie-parkow-narodowych\\\/\"},\"wordCount\":318,\"commentCount\":0,\"publisher\":{\"@id\":\"https:\\\/\\\/marekkuchcinski.pl\\\/#organization\"},\"image\":{\"@id\":\"https:\\\/\\\/marekkuchcinski.pl\\\/wydarzenia\\\/marek-kuchcinski-nalezy-zwiekszyc-finansowanie-parkow-narodowych\\\/#primaryimage\"},\"thumbnailUrl\":\"https:\\\/\\\/marekkuchcinski.pl\\\/wp-content\\\/uploads\\\/2020\\\/10\\\/kom-sr-scaled.jpg\",\"articleSection\":[\"Komisja Ochrony \u015arodowiska\",\"Komisje sejmowe\",\"Komisje Sejmowe\",\"Podkarpacie\",\"Wie\u015bci z Sejmu\",\"Wydarzenia\"],\"inLanguage\":\"uk\",\"potentialAction\":[{\"@type\":\"CommentAction\",\"name\":\"Comment\",\"target\":[\"https:\\\/\\\/marekkuchcinski.pl\\\/wydarzenia\\\/marek-kuchcinski-nalezy-zwiekszyc-finansowanie-parkow-narodowych\\\/#respond\"]}]},{\"@type\":\"WebPage\",\"@id\":\"https:\\\/\\\/marekkuchcinski.pl\\\/wydarzenia\\\/marek-kuchcinski-nalezy-zwiekszyc-finansowanie-parkow-narodowych\\\/\",\"url\":\"https:\\\/\\\/marekkuchcinski.pl\\\/wydarzenia\\\/marek-kuchcinski-nalezy-zwiekszyc-finansowanie-parkow-narodowych\\\/\",\"name\":\"Marek Kuchci\u0144ski: Nale\u017cy zwi\u0119kszy\u0107 finansowanie park\u00f3w narodowych &#8211; Marek Kuchci\u0144ski\",\"isPartOf\":{\"@id\":\"https:\\\/\\\/marekkuchcinski.pl\\\/#website\"},\"primaryImageOfPage\":{\"@id\":\"https:\\\/\\\/marekkuchcinski.pl\\\/wydarzenia\\\/marek-kuchcinski-nalezy-zwiekszyc-finansowanie-parkow-narodowych\\\/#primaryimage\"},\"image\":{\"@id\":\"https:\\\/\\\/marekkuchcinski.pl\\\/wydarzenia\\\/marek-kuchcinski-nalezy-zwiekszyc-finansowanie-parkow-narodowych\\\/#primaryimage\"},\"thumbnailUrl\":\"https:\\\/\\\/marekkuchcinski.pl\\\/wp-content\\\/uploads\\\/2020\\\/10\\\/kom-sr-scaled.jpg\",\"datePublished\":\"2020-10-22T14:50:08+00:00\",\"dateModified\":\"2020-11-09T14:03:33+00:00\",\"breadcrumb\":{\"@id\":\"https:\\\/\\\/marekkuchcinski.pl\\\/wydarzenia\\\/marek-kuchcinski-nalezy-zwiekszyc-finansowanie-parkow-narodowych\\\/#breadcrumb\"},\"inLanguage\":\"uk\",\"potentialAction\":[{\"@type\":\"ReadAction\",\"target\":[\"https:\\\/\\\/marekkuchcinski.pl\\\/wydarzenia\\\/marek-kuchcinski-nalezy-zwiekszyc-finansowanie-parkow-narodowych\\\/\"]}]},{\"@type\":\"ImageObject\",\"inLanguage\":\"uk\",\"@id\":\"https:\\\/\\\/marekkuchcinski.pl\\\/wydarzenia\\\/marek-kuchcinski-nalezy-zwiekszyc-finansowanie-parkow-narodowych\\\/#primaryimage\",\"url\":\"https:\\\/\\\/marekkuchcinski.pl\\\/wp-content\\\/uploads\\\/2020\\\/10\\\/kom-sr-scaled.jpg\",\"contentUrl\":\"https:\\\/\\\/marekkuchcinski.pl\\\/wp-content\\\/uploads\\\/2020\\\/10\\\/kom-sr-scaled.jpg\",\"width\":2048,\"height\":1342},{\"@type\":\"BreadcrumbList\",\"@id\":\"https:\\\/\\\/marekkuchcinski.pl\\\/wydarzenia\\\/marek-kuchcinski-nalezy-zwiekszyc-finansowanie-parkow-narodowych\\\/#breadcrumb\",\"itemListElement\":[{\"@type\":\"ListItem\",\"position\":1,\"name\":\"Strona g\u0142\u00f3wna\",\"item\":\"https:\\\/\\\/marekkuchcinski.pl\\\/\"},{\"@type\":\"ListItem\",\"position\":2,\"name\":\"Marek Kuchci\u0144ski: Nale\u017cy zwi\u0119kszy\u0107 finansowanie park\u00f3w narodowych\"}]},{\"@type\":\"WebSite\",\"@id\":\"https:\\\/\\\/marekkuchcinski.pl\\\/#website\",\"url\":\"https:\\\/\\\/marekkuchcinski.pl\\\/\",\"name\":\"Marek Kuchci\u0144ski\",\"description\":\"Marek Kuchci\u0144ski \",\"publisher\":{\"@id\":\"https:\\\/\\\/marekkuchcinski.pl\\\/#organization\"},\"potentialAction\":[{\"@type\":\"SearchAction\",\"target\":{\"@type\":\"EntryPoint\",\"urlTemplate\":\"https:\\\/\\\/marekkuchcinski.pl\\\/?s={search_term_string}\"},\"query-input\":{\"@type\":\"PropertyValueSpecification\",\"valueRequired\":true,\"valueName\":\"search_term_string\"}}],\"inLanguage\":\"uk\"},{\"@type\":\"Organization\",\"@id\":\"https:\\\/\\\/marekkuchcinski.pl\\\/#organization\",\"name\":\"Marek Kuchci\u0144ski\",\"url\":\"https:\\\/\\\/marekkuchcinski.pl\\\/\",\"logo\":{\"@type\":\"ImageObject\",\"inLanguage\":\"uk\",\"@id\":\"https:\\\/\\\/marekkuchcinski.pl\\\/#\\\/schema\\\/logo\\\/image\\\/\",\"url\":\"https:\\\/\\\/marekkuchcinski.pl\\\/wp-content\\\/uploads\\\/2022\\\/09\\\/Marek.jpg\",\"contentUrl\":\"https:\\\/\\\/marekkuchcinski.pl\\\/wp-content\\\/uploads\\\/2022\\\/09\\\/Marek.jpg\",\"width\":1600,\"height\":971,\"caption\":\"Marek Kuchci\u0144ski\"},\"image\":{\"@id\":\"https:\\\/\\\/marekkuchcinski.pl\\\/#\\\/schema\\\/logo\\\/image\\\/\"}},{\"@type\":\"Person\",\"@id\":\"https:\\\/\\\/marekkuchcinski.pl\\\/#\\\/schema\\\/person\\\/bd3f15dee67fee76e83c8350d0154101\",\"name\":\"Marta Olejnik\",\"image\":{\"@type\":\"ImageObject\",\"inLanguage\":\"uk\",\"@id\":\"https:\\\/\\\/secure.gravatar.com\\\/avatar\\\/24754edd6080383402e292374b406b553027d572e97d60e7aa89a6940e88659a?s=96&d=mm&r=g\",\"url\":\"https:\\\/\\\/secure.gravatar.com\\\/avatar\\\/24754edd6080383402e292374b406b553027d572e97d60e7aa89a6940e88659a?s=96&d=mm&r=g\",\"contentUrl\":\"https:\\\/\\\/secure.gravatar.com\\\/avatar\\\/24754edd6080383402e292374b406b553027d572e97d60e7aa89a6940e88659a?s=96&d=mm&r=g\",\"caption\":\"Marta Olejnik\"},\"url\":\"https:\\\/\\\/marekkuchcinski.pl\\\/uk\\\/author\\\/marta\\\/\"}]}<\/script>\n<!-- \/ Yoast SEO plugin. -->","yoast_head_json":{"title":"Marek Kuchci\u0144ski: Nale\u017cy zwi\u0119kszy\u0107 finansowanie park\u00f3w narodowych &#8211; Marek Kuchci\u0144ski","robots":{"index":"index","follow":"follow","max-snippet":"max-snippet:-1","max-image-preview":"max-image-preview:large","max-video-preview":"max-video-preview:-1"},"canonical":"https:\/\/marekkuchcinski.pl\/uk\/wydarzenia\/marek-kuchcinski-nalezy-zwiekszyc-finansowanie-parkow-narodowych\/","og_locale":"uk_UA","og_type":"article","og_title":"Marek Kuchci\u0144ski: Nale\u017cy zwi\u0119kszy\u0107 finansowanie park\u00f3w narodowych &#8211; Marek Kuchci\u0144ski","og_description":"Podczas posiedzenia komisji Ochrony \u015arodowiska, Zasob\u00f3w Naturalnych i Le\u015bnictwach Marek Kuchci\u0144ski zg\u0142osi\u0142 sugestie dotycz\u0105ce bud\u017cetu dla park\u00f3w narodowych na 2022 rok \u2013 przede wszystkim zwi\u0119kszenia zarobk\u00f3w pracownik\u00f3w i zmniejszenia dysproporcji finansowych samych park\u00f3w. Podkre\u015bli\u0142, \u017ce w kontek\u015bcie tego, co dzieje si\u0119 dzisiaj w Polsce i na \u015bwiecie \u2013 \u017ce z jednej strony mamy skutki pandemii, [&hellip;]","og_url":"https:\/\/marekkuchcinski.pl\/uk\/wydarzenia\/marek-kuchcinski-nalezy-zwiekszyc-finansowanie-parkow-narodowych\/","og_site_name":"Marek Kuchci\u0144ski","article_published_time":"2020-10-22T14:50:08+00:00","article_modified_time":"2020-11-09T14:03:33+00:00","og_image":[{"width":2048,"height":1342,"url":"https:\/\/marekkuchcinski.pl\/wp-content\/uploads\/2020\/10\/kom-sr-scaled.jpg","type":"image\/jpeg"}],"author":"Marta Olejnik","twitter_card":"summary_large_image","twitter_misc":{"Written by":"Marta Olejnik","Est. reading time":"2 minutes"},"schema":{"@context":"https:\/\/schema.org","@graph":[{"@type":"Article","@id":"https:\/\/marekkuchcinski.pl\/wydarzenia\/marek-kuchcinski-nalezy-zwiekszyc-finansowanie-parkow-narodowych\/#article","isPartOf":{"@id":"https:\/\/marekkuchcinski.pl\/wydarzenia\/marek-kuchcinski-nalezy-zwiekszyc-finansowanie-parkow-narodowych\/"},"author":{"name":"Marta Olejnik","@id":"https:\/\/marekkuchcinski.pl\/#\/schema\/person\/bd3f15dee67fee76e83c8350d0154101"},"headline":"Marek Kuchci\u0144ski: Nale\u017cy zwi\u0119kszy\u0107 finansowanie park\u00f3w narodowych","datePublished":"2020-10-22T14:50:08+00:00","dateModified":"2020-11-09T14:03:33+00:00","mainEntityOfPage":{"@id":"https:\/\/marekkuchcinski.pl\/wydarzenia\/marek-kuchcinski-nalezy-zwiekszyc-finansowanie-parkow-narodowych\/"},"wordCount":318,"commentCount":0,"publisher":{"@id":"https:\/\/marekkuchcinski.pl\/#organization"},"image":{"@id":"https:\/\/marekkuchcinski.pl\/wydarzenia\/marek-kuchcinski-nalezy-zwiekszyc-finansowanie-parkow-narodowych\/#primaryimage"},"thumbnailUrl":"https:\/\/marekkuchcinski.pl\/wp-content\/uploads\/2020\/10\/kom-sr-scaled.jpg","articleSection":["Komisja Ochrony \u015arodowiska","Komisje sejmowe","Komisje Sejmowe","Podkarpacie","Wie\u015bci z Sejmu","Wydarzenia"],"inLanguage":"uk","potentialAction":[{"@type":"CommentAction","name":"Comment","target":["https:\/\/marekkuchcinski.pl\/wydarzenia\/marek-kuchcinski-nalezy-zwiekszyc-finansowanie-parkow-narodowych\/#respond"]}]},{"@type":"WebPage","@id":"https:\/\/marekkuchcinski.pl\/wydarzenia\/marek-kuchcinski-nalezy-zwiekszyc-finansowanie-parkow-narodowych\/","url":"https:\/\/marekkuchcinski.pl\/wydarzenia\/marek-kuchcinski-nalezy-zwiekszyc-finansowanie-parkow-narodowych\/","name":"Marek Kuchci\u0144ski: Nale\u017cy zwi\u0119kszy\u0107 finansowanie park\u00f3w narodowych &#8211; Marek Kuchci\u0144ski","isPartOf":{"@id":"https:\/\/marekkuchcinski.pl\/#website"},"primaryImageOfPage":{"@id":"https:\/\/marekkuchcinski.pl\/wydarzenia\/marek-kuchcinski-nalezy-zwiekszyc-finansowanie-parkow-narodowych\/#primaryimage"},"image":{"@id":"https:\/\/marekkuchcinski.pl\/wydarzenia\/marek-kuchcinski-nalezy-zwiekszyc-finansowanie-parkow-narodowych\/#primaryimage"},"thumbnailUrl":"https:\/\/marekkuchcinski.pl\/wp-content\/uploads\/2020\/10\/kom-sr-scaled.jpg","datePublished":"2020-10-22T14:50:08+00:00","dateModified":"2020-11-09T14:03:33+00:00","breadcrumb":{"@id":"https:\/\/marekkuchcinski.pl\/wydarzenia\/marek-kuchcinski-nalezy-zwiekszyc-finansowanie-parkow-narodowych\/#breadcrumb"},"inLanguage":"uk","potentialAction":[{"@type":"ReadAction","target":["https:\/\/marekkuchcinski.pl\/wydarzenia\/marek-kuchcinski-nalezy-zwiekszyc-finansowanie-parkow-narodowych\/"]}]},{"@type":"ImageObject","inLanguage":"uk","@id":"https:\/\/marekkuchcinski.pl\/wydarzenia\/marek-kuchcinski-nalezy-zwiekszyc-finansowanie-parkow-narodowych\/#primaryimage","url":"https:\/\/marekkuchcinski.pl\/wp-content\/uploads\/2020\/10\/kom-sr-scaled.jpg","contentUrl":"https:\/\/marekkuchcinski.pl\/wp-content\/uploads\/2020\/10\/kom-sr-scaled.jpg","width":2048,"height":1342},{"@type":"BreadcrumbList","@id":"https:\/\/marekkuchcinski.pl\/wydarzenia\/marek-kuchcinski-nalezy-zwiekszyc-finansowanie-parkow-narodowych\/#breadcrumb","itemListElement":[{"@type":"ListItem","position":1,"name":"Strona g\u0142\u00f3wna","item":"https:\/\/marekkuchcinski.pl\/"},{"@type":"ListItem","position":2,"name":"Marek Kuchci\u0144ski: Nale\u017cy zwi\u0119kszy\u0107 finansowanie park\u00f3w narodowych"}]},{"@type":"WebSite","@id":"https:\/\/marekkuchcinski.pl\/#website","url":"https:\/\/marekkuchcinski.pl\/","name":"Marek Kuchci\u0144ski","description":"Marek Kuchci\u0144ski","publisher":{"@id":"https:\/\/marekkuchcinski.pl\/#organization"},"potentialAction":[{"@type":"SearchAction","target":{"@type":"EntryPoint","urlTemplate":"https:\/\/marekkuchcinski.pl\/?s={search_term_string}"},"query-input":{"@type":"PropertyValueSpecification","valueRequired":true,"valueName":"search_term_string"}}],"inLanguage":"uk"},{"@type":"Organization","@id":"https:\/\/marekkuchcinski.pl\/#organization","name":"Marek Kuchci\u0144ski","url":"https:\/\/marekkuchcinski.pl\/","logo":{"@type":"ImageObject","inLanguage":"uk","@id":"https:\/\/marekkuchcinski.pl\/#\/schema\/logo\/image\/","url":"https:\/\/marekkuchcinski.pl\/wp-content\/uploads\/2022\/09\/Marek.jpg","contentUrl":"https:\/\/marekkuchcinski.pl\/wp-content\/uploads\/2022\/09\/Marek.jpg","width":1600,"height":971,"caption":"Marek Kuchci\u0144ski"},"image":{"@id":"https:\/\/marekkuchcinski.pl\/#\/schema\/logo\/image\/"}},{"@type":"Person","@id":"https:\/\/marekkuchcinski.pl\/#\/schema\/person\/bd3f15dee67fee76e83c8350d0154101","name":"Marta Olejnik","image":{"@type":"ImageObject","inLanguage":"uk","@id":"https:\/\/secure.gravatar.com\/avatar\/24754edd6080383402e292374b406b553027d572e97d60e7aa89a6940e88659a?s=96&d=mm&r=g","url":"https:\/\/secure.gravatar.com\/avatar\/24754edd6080383402e292374b406b553027d572e97d60e7aa89a6940e88659a?s=96&d=mm&r=g","contentUrl":"https:\/\/secure.gravatar.com\/avatar\/24754edd6080383402e292374b406b553027d572e97d60e7aa89a6940e88659a?s=96&d=mm&r=g","caption":"Marta Olejnik"},"url":"https:\/\/marekkuchcinski.pl\/uk\/author\/marta\/"}]}},"_links":{"self":[{"href":"https:\/\/marekkuchcinski.pl\/uk\/wp-json\/wp\/v2\/posts\/20114","targetHints":{"allow":["GET"]}}],"collection":[{"href":"https:\/\/marekkuchcinski.pl\/uk\/wp-json\/wp\/v2\/posts"}],"about":[{"href":"https:\/\/marekkuchcinski.pl\/uk\/wp-json\/wp\/v2\/types\/post"}],"author":[{"embeddable":true,"href":"https:\/\/marekkuchcinski.pl\/uk\/wp-json\/wp\/v2\/users\/3"}],"replies":[{"embeddable":true,"href":"https:\/\/marekkuchcinski.pl\/uk\/wp-json\/wp\/v2\/comments?post=20114"}],"version-history":[{"count":2,"href":"https:\/\/marekkuchcinski.pl\/uk\/wp-json\/wp\/v2\/posts\/20114\/revisions"}],"predecessor-version":[{"id":20118,"href":"https:\/\/marekkuchcinski.pl\/uk\/wp-json\/wp\/v2\/posts\/20114\/revisions\/20118"}],"wp:featuredmedia":[{"embeddable":true,"href":"https:\/\/marekkuchcinski.pl\/uk\/wp-json\/wp\/v2\/media\/20116"}],"wp:attachment":[{"href":"https:\/\/marekkuchcinski.pl\/uk\/wp-json\/wp\/v2\/media?parent=20114"}],"wp:term":[{"taxonomy":"category","embeddable":true,"href":"https:\/\/marekkuchcinski.pl\/uk\/wp-json\/wp\/v2\/categories?post=20114"},{"taxonomy":"post_tag","embeddable":true,"href":"https:\/\/marekkuchcinski.pl\/uk\/wp-json\/wp\/v2\/tags?post=20114"}],"curies":[{"name":"wp","href":"https:\/\/api.w.org\/{rel}","templated":true}]}}