{"id":20064,"date":"2020-10-20T09:55:59","date_gmt":"2020-10-20T07:55:59","guid":{"rendered":"https:\/\/marekkuchcinski.pl\/?p=20064"},"modified":"2020-10-20T09:56:01","modified_gmt":"2020-10-20T07:56:01","slug":"rozstrzygnieto-przetarg-na-budowe-kolejki-linowej-nad-zapora-w-solinie","status":"publish","type":"post","link":"https:\/\/marekkuchcinski.pl\/uk\/wydarzenia\/rozstrzygnieto-przetarg-na-budowe-kolejki-linowej-nad-zapora-w-solinie\/","title":{"rendered":"Rozstrzygni\u0119to przetarg na budow\u0119 kolejki linowej nad zapor\u0105 w Solinie"},"content":{"rendered":"<p class=\"wp-block-paragraph\">Solina to jedno z najbardziej popularnych turystycznych miejsc w Polsce, a kolej linowa b\u0119dzie prawdopodobnie pierwsz\u0105 na \u015bwiecie przebiegaj\u0105c\u0105 wzd\u0142u\u017c zapory wodnej. &nbsp;Co roku nad Jezioro Soli\u0144skie przyje\u017cd\u017ca ok. 1,5 mln turyst\u00f3w. Aby uwolni\u0107 i w pe\u0142ni wyeksponowa\u0107 potencja\u0142 i walory miejsca, pojawi\u0142 si\u0119 pomys\u0142 realizacji inwestycji proturystycznej, takiej, kt\u00f3ra uatrakcyjni ofert\u0119 turystyczn\u0105 ca\u0142ego regionu Bieszczad\u00f3w&nbsp;\u2013 budowy kolei&nbsp; gondolowej i wie\u017cy widokowej nad zapor\u0105 w Solinie.&nbsp;<\/p>\n\n\n\n<p class=\"wp-block-paragraph\">Projektowana trasa widokowej kolei gondolowej rozpoczyna si\u0119 od stacji startowej Plasza, zlokalizowanej powy\u017cej deptaka prowadz\u0105cego do Korony&nbsp;zapory w Solinie, a&nbsp;stacja ko\u0144cowa i wie\u017ca widokowa o wysoko\u015bci 56 m maj\u0105 znajdowa\u0107 si\u0119 na g\u00f3rze Jawor. D\u0142ugo\u015b\u0107 trasy kolei to 1,64 km. Najwy\u017csza z podp\u00f3r kolei ma mie\u0107 99 m wysoko\u015bci. W ci\u0105gu jednej godziny kolej b\u0119dzie mog\u0142a przewie\u017a\u0107 oko\u0142o 1200 pasa\u017cer\u00f3w.<\/p>\n\n\n\n<p class=\"wp-block-paragraph\">Realizacja tak du\u017cego przedsi\u0119wzi\u0119cia wymaga czasu. Gmina Solina&nbsp; ju\u017c w 2016 roku rozpocz\u0119\u0142a rozmowy ze sp\u00f3\u0142k\u0105 Polskie Koleje Linowe&nbsp; SA. W 2017 roku&nbsp;przeprowadzono badanie ruchu turystycznego, aby m\u00f3c okre\u015bli\u0107 aspekt ekonomiczny i biznesowy inwestycji:&nbsp; od maja do sierpnia przy wej\u015bciu na koron\u0119 zapory w Solinie sta\u0142a gondola kolei linowej, gdzie tury\u015bci mieli mo\u017cliwo\u015b\u0107 wype\u0142nienia kr\u00f3tkiej ankiety dotycz\u0105cej atrakcyjno\u015bci takiego przedsi\u0119wzi\u0119cia. Zainteresowanie&nbsp;przeros\u0142o wszelkie oczekiwania, a wyniki ankiety by\u0142y bardzo zadowalaj\u0105ce i wskazywa\u0142y jednoznacznie, \u017ce taka atrakcja jest oczekiwana i potrzebna. W&nbsp; 2017 roku gmina Solina rozpocz\u0119\u0142a procedowanie Miejscowego Planu Zagospodarowania Przestrzennego, kt\u00f3ry uwzgl\u0119dnia w swoich zapisach mo\u017cliwo\u015b\u0107 budowy kolei wraz z ca\u0142\u0105 niezb\u0119dn\u0105 infrastruktur\u0105. W chwili obecnej trwa procedura uzyskania decyzji pozwolenia na budow\u0119 dla tej wa\u017cnej inwestycji.<\/p>\n\n\n\n<p class=\"wp-block-paragraph\">Dzisiejszy dzie\u0144 jest tak\u017ce bardzo wa\u017cnym w ca\u0142ym kalendarzu przedsi\u0119wzi\u0119cia, gdy\u017c w\u0142a\u015bnie dzi\u015b zako\u0144czy\u0142a prac\u0119 komisja przetargowa, powo\u0142ana do przeprowadzenia przetargu na zbycie grunt\u00f3w pod planowan\u0105 budow\u0119 kolei. Uda\u0142o si\u0119 pozytywnie&nbsp; rozstrzygn\u0105\u0107 post\u0119powanie i wybra\u0107 najkorzystniejsz\u0105 ofert\u0119&nbsp; \u2013&nbsp; z\u0142o\u017con\u0105 przez PKL SA.<\/p>\n\n\n\n<p class=\"wp-block-paragraph\">Planowane rozpocz\u0119cie inwestycji to prze\u0142om listopada i grudnia bie\u017c\u0105cego roku, a zako\u0144czenie \u2013 maj 2022.&nbsp;<\/p>\n\n\n\n<figure class=\"wp-block-image size-large\"><img fetchpriority=\"high\" decoding=\"async\" width=\"933\" height=\"492\" src=\"https:\/\/marekkuchcinski.pl\/wp-content\/uploads\/2020\/10\/122108033_2739024076313804_2453635533099898463_n.jpg\" alt=\"\" class=\"wp-image-20065\" srcset=\"https:\/\/marekkuchcinski.pl\/wp-content\/uploads\/2020\/10\/122108033_2739024076313804_2453635533099898463_n.jpg 933w, https:\/\/marekkuchcinski.pl\/wp-content\/uploads\/2020\/10\/122108033_2739024076313804_2453635533099898463_n-300x158.jpg 300w, https:\/\/marekkuchcinski.pl\/wp-content\/uploads\/2020\/10\/122108033_2739024076313804_2453635533099898463_n-768x405.jpg 768w\" sizes=\"(max-width: 933px) 100vw, 933px\" \/><\/figure>\n\n\n\n<figure class=\"wp-block-image size-large\"><img decoding=\"async\" width=\"1024\" height=\"535\" src=\"https:\/\/marekkuchcinski.pl\/wp-content\/uploads\/2020\/10\/unnamed-1-1024x535.jpg\" alt=\"\" class=\"wp-image-20067\" srcset=\"https:\/\/marekkuchcinski.pl\/wp-content\/uploads\/2020\/10\/unnamed-1-1024x535.jpg 1024w, https:\/\/marekkuchcinski.pl\/wp-content\/uploads\/2020\/10\/unnamed-1-300x157.jpg 300w, https:\/\/marekkuchcinski.pl\/wp-content\/uploads\/2020\/10\/unnamed-1-768x401.jpg 768w, https:\/\/marekkuchcinski.pl\/wp-content\/uploads\/2020\/10\/unnamed-1-1536x802.jpg 1536w, https:\/\/marekkuchcinski.pl\/wp-content\/uploads\/2020\/10\/unnamed-1-scaled.jpg 2048w\" sizes=\"(max-width: 1024px) 100vw, 1024px\" \/><\/figure>\n\n\n\n<figure class=\"wp-block-image size-large\"><img decoding=\"async\" width=\"1024\" height=\"552\" src=\"https:\/\/marekkuchcinski.pl\/wp-content\/uploads\/2020\/10\/unnamed-3-1024x552.jpg\" alt=\"\" class=\"wp-image-20068\" srcset=\"https:\/\/marekkuchcinski.pl\/wp-content\/uploads\/2020\/10\/unnamed-3-1024x552.jpg 1024w, https:\/\/marekkuchcinski.pl\/wp-content\/uploads\/2020\/10\/unnamed-3-300x162.jpg 300w, https:\/\/marekkuchcinski.pl\/wp-content\/uploads\/2020\/10\/unnamed-3-768x414.jpg 768w, https:\/\/marekkuchcinski.pl\/wp-content\/uploads\/2020\/10\/unnamed-3-1536x828.jpg 1536w, https:\/\/marekkuchcinski.pl\/wp-content\/uploads\/2020\/10\/unnamed-3-scaled.jpg 2048w\" sizes=\"(max-width: 1024px) 100vw, 1024px\" \/><\/figure>\n\n\n\n<figure class=\"wp-block-image size-large\"><img loading=\"lazy\" decoding=\"async\" width=\"1024\" height=\"575\" src=\"https:\/\/marekkuchcinski.pl\/wp-content\/uploads\/2020\/10\/unnamed-4-1024x575.jpg\" alt=\"\" class=\"wp-image-20069\" srcset=\"https:\/\/marekkuchcinski.pl\/wp-content\/uploads\/2020\/10\/unnamed-4-1024x575.jpg 1024w, https:\/\/marekkuchcinski.pl\/wp-content\/uploads\/2020\/10\/unnamed-4-300x169.jpg 300w, https:\/\/marekkuchcinski.pl\/wp-content\/uploads\/2020\/10\/unnamed-4-768x432.jpg 768w, https:\/\/marekkuchcinski.pl\/wp-content\/uploads\/2020\/10\/unnamed-4-1536x863.jpg 1536w, https:\/\/marekkuchcinski.pl\/wp-content\/uploads\/2020\/10\/unnamed-4-scaled.jpg 2048w\" sizes=\"(max-width: 1024px) 100vw, 1024px\" \/><\/figure>\n\n\n\n<figure class=\"wp-block-image size-large\"><img loading=\"lazy\" decoding=\"async\" width=\"1024\" height=\"507\" src=\"https:\/\/marekkuchcinski.pl\/wp-content\/uploads\/2020\/10\/unnamed-5-1024x507.jpg\" alt=\"\" class=\"wp-image-20070\" srcset=\"https:\/\/marekkuchcinski.pl\/wp-content\/uploads\/2020\/10\/unnamed-5-1024x507.jpg 1024w, https:\/\/marekkuchcinski.pl\/wp-content\/uploads\/2020\/10\/unnamed-5-300x149.jpg 300w, https:\/\/marekkuchcinski.pl\/wp-content\/uploads\/2020\/10\/unnamed-5-768x381.jpg 768w, https:\/\/marekkuchcinski.pl\/wp-content\/uploads\/2020\/10\/unnamed-5-1536x761.jpg 1536w, https:\/\/marekkuchcinski.pl\/wp-content\/uploads\/2020\/10\/unnamed-5-scaled.jpg 2048w\" sizes=\"(max-width: 1024px) 100vw, 1024px\" \/><\/figure>","protected":false},"excerpt":{"rendered":"<p>Solina to jedno z najbardziej popularnych turystycznych miejsc w Polsce, a kolej linowa b\u0119dzie prawdopodobnie pierwsz\u0105 na \u015bwiecie przebiegaj\u0105c\u0105 wzd\u0142u\u017c zapory wodnej. &nbsp;Co roku nad Jezioro Soli\u0144skie przyje\u017cd\u017ca ok. 1,5 mln turyst\u00f3w. Aby uwolni\u0107 i w pe\u0142ni wyeksponowa\u0107 potencja\u0142 i walory miejsca, pojawi\u0142 si\u0119 pomys\u0142 realizacji inwestycji proturystycznej, takiej, kt\u00f3ra uatrakcyjni ofert\u0119 turystyczn\u0105 ca\u0142ego regionu [&hellip;]<\/p>\n","protected":false},"author":3,"featured_media":20066,"comment_status":"open","ping_status":"open","sticky":false,"template":"","format":"standard","meta":{"ngg_post_thumbnail":0,"footnotes":""},"categories":[49,3],"tags":[],"class_list":["post-20064","post","type-post","status-publish","format-standard","has-post-thumbnail","hentry","category-podkarpacie","category-wydarzenia"],"yoast_head":"<!-- This site is optimized with the Yoast SEO plugin v28.4 - https:\/\/yoast.com\/product\/yoast-seo-wordpress\/ -->\n<title>Rozstrzygni\u0119to przetarg na budow\u0119 kolejki linowej nad zapor\u0105 w Solinie &#8211; Marek Kuchci\u0144ski<\/title>\n<meta name=\"robots\" content=\"index, follow, max-snippet:-1, max-image-preview:large, max-video-preview:-1\" \/>\n<link rel=\"canonical\" href=\"https:\/\/marekkuchcinski.pl\/uk\/wydarzenia\/rozstrzygnieto-przetarg-na-budowe-kolejki-linowej-nad-zapora-w-solinie\/\" \/>\n<meta property=\"og:locale\" content=\"uk_UA\" \/>\n<meta property=\"og:type\" content=\"article\" \/>\n<meta property=\"og:title\" content=\"Rozstrzygni\u0119to przetarg na budow\u0119 kolejki linowej nad zapor\u0105 w Solinie &#8211; Marek Kuchci\u0144ski\" \/>\n<meta property=\"og:description\" content=\"Solina to jedno z najbardziej popularnych turystycznych miejsc w Polsce, a kolej linowa b\u0119dzie prawdopodobnie pierwsz\u0105 na \u015bwiecie przebiegaj\u0105c\u0105 wzd\u0142u\u017c zapory wodnej. &nbsp;Co roku nad Jezioro Soli\u0144skie przyje\u017cd\u017ca ok. 1,5 mln turyst\u00f3w. Aby uwolni\u0107 i w pe\u0142ni wyeksponowa\u0107 potencja\u0142 i walory miejsca, pojawi\u0142 si\u0119 pomys\u0142 realizacji inwestycji proturystycznej, takiej, kt\u00f3ra uatrakcyjni ofert\u0119 turystyczn\u0105 ca\u0142ego regionu [&hellip;]\" \/>\n<meta property=\"og:url\" content=\"https:\/\/marekkuchcinski.pl\/uk\/wydarzenia\/rozstrzygnieto-przetarg-na-budowe-kolejki-linowej-nad-zapora-w-solinie\/\" \/>\n<meta property=\"og:site_name\" content=\"Marek Kuchci\u0144ski\" \/>\n<meta property=\"article:published_time\" content=\"2020-10-20T07:55:59+00:00\" \/>\n<meta property=\"article:modified_time\" content=\"2020-10-20T07:56:01+00:00\" \/>\n<meta property=\"og:image\" content=\"https:\/\/marekkuchcinski.pl\/wp-content\/uploads\/2020\/10\/unnamed-scaled.jpg\" \/>\n\t<meta property=\"og:image:width\" content=\"2048\" \/>\n\t<meta property=\"og:image:height\" content=\"1082\" \/>\n\t<meta property=\"og:image:type\" content=\"image\/jpeg\" \/>\n<meta name=\"author\" content=\"Marta Olejnik\" \/>\n<meta name=\"twitter:card\" content=\"summary_large_image\" \/>\n<meta name=\"twitter:label1\" content=\"Written by\" \/>\n\t<meta name=\"twitter:data1\" content=\"Marta Olejnik\" \/>\n\t<meta name=\"twitter:label2\" content=\"Est. reading time\" \/>\n\t<meta name=\"twitter:data2\" content=\"2 minutes\" \/>\n<script type=\"application\/ld+json\" class=\"yoast-schema-graph\">{\"@context\":\"https:\\\/\\\/schema.org\",\"@graph\":[{\"@type\":\"Article\",\"@id\":\"https:\\\/\\\/marekkuchcinski.pl\\\/wydarzenia\\\/rozstrzygnieto-przetarg-na-budowe-kolejki-linowej-nad-zapora-w-solinie\\\/#article\",\"isPartOf\":{\"@id\":\"https:\\\/\\\/marekkuchcinski.pl\\\/wydarzenia\\\/rozstrzygnieto-przetarg-na-budowe-kolejki-linowej-nad-zapora-w-solinie\\\/\"},\"author\":{\"name\":\"Marta Olejnik\",\"@id\":\"https:\\\/\\\/marekkuchcinski.pl\\\/#\\\/schema\\\/person\\\/bd3f15dee67fee76e83c8350d0154101\"},\"headline\":\"Rozstrzygni\u0119to przetarg na budow\u0119 kolejki linowej nad zapor\u0105 w Solinie\",\"datePublished\":\"2020-10-20T07:55:59+00:00\",\"dateModified\":\"2020-10-20T07:56:01+00:00\",\"mainEntityOfPage\":{\"@id\":\"https:\\\/\\\/marekkuchcinski.pl\\\/wydarzenia\\\/rozstrzygnieto-przetarg-na-budowe-kolejki-linowej-nad-zapora-w-solinie\\\/\"},\"wordCount\":394,\"commentCount\":0,\"publisher\":{\"@id\":\"https:\\\/\\\/marekkuchcinski.pl\\\/#organization\"},\"image\":{\"@id\":\"https:\\\/\\\/marekkuchcinski.pl\\\/wydarzenia\\\/rozstrzygnieto-przetarg-na-budowe-kolejki-linowej-nad-zapora-w-solinie\\\/#primaryimage\"},\"thumbnailUrl\":\"https:\\\/\\\/marekkuchcinski.pl\\\/wp-content\\\/uploads\\\/2020\\\/10\\\/unnamed-scaled.jpg\",\"articleSection\":[\"Podkarpacie\",\"Wydarzenia\"],\"inLanguage\":\"uk\",\"potentialAction\":[{\"@type\":\"CommentAction\",\"name\":\"Comment\",\"target\":[\"https:\\\/\\\/marekkuchcinski.pl\\\/wydarzenia\\\/rozstrzygnieto-przetarg-na-budowe-kolejki-linowej-nad-zapora-w-solinie\\\/#respond\"]}]},{\"@type\":\"WebPage\",\"@id\":\"https:\\\/\\\/marekkuchcinski.pl\\\/wydarzenia\\\/rozstrzygnieto-przetarg-na-budowe-kolejki-linowej-nad-zapora-w-solinie\\\/\",\"url\":\"https:\\\/\\\/marekkuchcinski.pl\\\/wydarzenia\\\/rozstrzygnieto-przetarg-na-budowe-kolejki-linowej-nad-zapora-w-solinie\\\/\",\"name\":\"Rozstrzygni\u0119to przetarg na budow\u0119 kolejki linowej nad zapor\u0105 w Solinie &#8211; Marek Kuchci\u0144ski\",\"isPartOf\":{\"@id\":\"https:\\\/\\\/marekkuchcinski.pl\\\/#website\"},\"primaryImageOfPage\":{\"@id\":\"https:\\\/\\\/marekkuchcinski.pl\\\/wydarzenia\\\/rozstrzygnieto-przetarg-na-budowe-kolejki-linowej-nad-zapora-w-solinie\\\/#primaryimage\"},\"image\":{\"@id\":\"https:\\\/\\\/marekkuchcinski.pl\\\/wydarzenia\\\/rozstrzygnieto-przetarg-na-budowe-kolejki-linowej-nad-zapora-w-solinie\\\/#primaryimage\"},\"thumbnailUrl\":\"https:\\\/\\\/marekkuchcinski.pl\\\/wp-content\\\/uploads\\\/2020\\\/10\\\/unnamed-scaled.jpg\",\"datePublished\":\"2020-10-20T07:55:59+00:00\",\"dateModified\":\"2020-10-20T07:56:01+00:00\",\"breadcrumb\":{\"@id\":\"https:\\\/\\\/marekkuchcinski.pl\\\/wydarzenia\\\/rozstrzygnieto-przetarg-na-budowe-kolejki-linowej-nad-zapora-w-solinie\\\/#breadcrumb\"},\"inLanguage\":\"uk\",\"potentialAction\":[{\"@type\":\"ReadAction\",\"target\":[\"https:\\\/\\\/marekkuchcinski.pl\\\/wydarzenia\\\/rozstrzygnieto-przetarg-na-budowe-kolejki-linowej-nad-zapora-w-solinie\\\/\"]}]},{\"@type\":\"ImageObject\",\"inLanguage\":\"uk\",\"@id\":\"https:\\\/\\\/marekkuchcinski.pl\\\/wydarzenia\\\/rozstrzygnieto-przetarg-na-budowe-kolejki-linowej-nad-zapora-w-solinie\\\/#primaryimage\",\"url\":\"https:\\\/\\\/marekkuchcinski.pl\\\/wp-content\\\/uploads\\\/2020\\\/10\\\/unnamed-scaled.jpg\",\"contentUrl\":\"https:\\\/\\\/marekkuchcinski.pl\\\/wp-content\\\/uploads\\\/2020\\\/10\\\/unnamed-scaled.jpg\",\"width\":2048,\"height\":1082},{\"@type\":\"BreadcrumbList\",\"@id\":\"https:\\\/\\\/marekkuchcinski.pl\\\/wydarzenia\\\/rozstrzygnieto-przetarg-na-budowe-kolejki-linowej-nad-zapora-w-solinie\\\/#breadcrumb\",\"itemListElement\":[{\"@type\":\"ListItem\",\"position\":1,\"name\":\"Strona g\u0142\u00f3wna\",\"item\":\"https:\\\/\\\/marekkuchcinski.pl\\\/\"},{\"@type\":\"ListItem\",\"position\":2,\"name\":\"Rozstrzygni\u0119to przetarg na budow\u0119 kolejki linowej nad zapor\u0105 w Solinie\"}]},{\"@type\":\"WebSite\",\"@id\":\"https:\\\/\\\/marekkuchcinski.pl\\\/#website\",\"url\":\"https:\\\/\\\/marekkuchcinski.pl\\\/\",\"name\":\"Marek Kuchci\u0144ski\",\"description\":\"Marek Kuchci\u0144ski \",\"publisher\":{\"@id\":\"https:\\\/\\\/marekkuchcinski.pl\\\/#organization\"},\"potentialAction\":[{\"@type\":\"SearchAction\",\"target\":{\"@type\":\"EntryPoint\",\"urlTemplate\":\"https:\\\/\\\/marekkuchcinski.pl\\\/?s={search_term_string}\"},\"query-input\":{\"@type\":\"PropertyValueSpecification\",\"valueRequired\":true,\"valueName\":\"search_term_string\"}}],\"inLanguage\":\"uk\"},{\"@type\":\"Organization\",\"@id\":\"https:\\\/\\\/marekkuchcinski.pl\\\/#organization\",\"name\":\"Marek Kuchci\u0144ski\",\"url\":\"https:\\\/\\\/marekkuchcinski.pl\\\/\",\"logo\":{\"@type\":\"ImageObject\",\"inLanguage\":\"uk\",\"@id\":\"https:\\\/\\\/marekkuchcinski.pl\\\/#\\\/schema\\\/logo\\\/image\\\/\",\"url\":\"https:\\\/\\\/marekkuchcinski.pl\\\/wp-content\\\/uploads\\\/2022\\\/09\\\/Marek.jpg\",\"contentUrl\":\"https:\\\/\\\/marekkuchcinski.pl\\\/wp-content\\\/uploads\\\/2022\\\/09\\\/Marek.jpg\",\"width\":1600,\"height\":971,\"caption\":\"Marek Kuchci\u0144ski\"},\"image\":{\"@id\":\"https:\\\/\\\/marekkuchcinski.pl\\\/#\\\/schema\\\/logo\\\/image\\\/\"}},{\"@type\":\"Person\",\"@id\":\"https:\\\/\\\/marekkuchcinski.pl\\\/#\\\/schema\\\/person\\\/bd3f15dee67fee76e83c8350d0154101\",\"name\":\"Marta Olejnik\",\"image\":{\"@type\":\"ImageObject\",\"inLanguage\":\"uk\",\"@id\":\"https:\\\/\\\/secure.gravatar.com\\\/avatar\\\/24754edd6080383402e292374b406b553027d572e97d60e7aa89a6940e88659a?s=96&d=mm&r=g\",\"url\":\"https:\\\/\\\/secure.gravatar.com\\\/avatar\\\/24754edd6080383402e292374b406b553027d572e97d60e7aa89a6940e88659a?s=96&d=mm&r=g\",\"contentUrl\":\"https:\\\/\\\/secure.gravatar.com\\\/avatar\\\/24754edd6080383402e292374b406b553027d572e97d60e7aa89a6940e88659a?s=96&d=mm&r=g\",\"caption\":\"Marta Olejnik\"},\"url\":\"https:\\\/\\\/marekkuchcinski.pl\\\/uk\\\/author\\\/marta\\\/\"}]}<\/script>\n<!-- \/ Yoast SEO plugin. -->","yoast_head_json":{"title":"Rozstrzygni\u0119to przetarg na budow\u0119 kolejki linowej nad zapor\u0105 w Solinie &#8211; Marek Kuchci\u0144ski","robots":{"index":"index","follow":"follow","max-snippet":"max-snippet:-1","max-image-preview":"max-image-preview:large","max-video-preview":"max-video-preview:-1"},"canonical":"https:\/\/marekkuchcinski.pl\/uk\/wydarzenia\/rozstrzygnieto-przetarg-na-budowe-kolejki-linowej-nad-zapora-w-solinie\/","og_locale":"uk_UA","og_type":"article","og_title":"Rozstrzygni\u0119to przetarg na budow\u0119 kolejki linowej nad zapor\u0105 w Solinie &#8211; Marek Kuchci\u0144ski","og_description":"Solina to jedno z najbardziej popularnych turystycznych miejsc w Polsce, a kolej linowa b\u0119dzie prawdopodobnie pierwsz\u0105 na \u015bwiecie przebiegaj\u0105c\u0105 wzd\u0142u\u017c zapory wodnej. &nbsp;Co roku nad Jezioro Soli\u0144skie przyje\u017cd\u017ca ok. 1,5 mln turyst\u00f3w. Aby uwolni\u0107 i w pe\u0142ni wyeksponowa\u0107 potencja\u0142 i walory miejsca, pojawi\u0142 si\u0119 pomys\u0142 realizacji inwestycji proturystycznej, takiej, kt\u00f3ra uatrakcyjni ofert\u0119 turystyczn\u0105 ca\u0142ego regionu [&hellip;]","og_url":"https:\/\/marekkuchcinski.pl\/uk\/wydarzenia\/rozstrzygnieto-przetarg-na-budowe-kolejki-linowej-nad-zapora-w-solinie\/","og_site_name":"Marek Kuchci\u0144ski","article_published_time":"2020-10-20T07:55:59+00:00","article_modified_time":"2020-10-20T07:56:01+00:00","og_image":[{"width":2048,"height":1082,"url":"https:\/\/marekkuchcinski.pl\/wp-content\/uploads\/2020\/10\/unnamed-scaled.jpg","type":"image\/jpeg"}],"author":"Marta Olejnik","twitter_card":"summary_large_image","twitter_misc":{"Written by":"Marta Olejnik","Est. reading time":"2 minutes"},"schema":{"@context":"https:\/\/schema.org","@graph":[{"@type":"Article","@id":"https:\/\/marekkuchcinski.pl\/wydarzenia\/rozstrzygnieto-przetarg-na-budowe-kolejki-linowej-nad-zapora-w-solinie\/#article","isPartOf":{"@id":"https:\/\/marekkuchcinski.pl\/wydarzenia\/rozstrzygnieto-przetarg-na-budowe-kolejki-linowej-nad-zapora-w-solinie\/"},"author":{"name":"Marta Olejnik","@id":"https:\/\/marekkuchcinski.pl\/#\/schema\/person\/bd3f15dee67fee76e83c8350d0154101"},"headline":"Rozstrzygni\u0119to przetarg na budow\u0119 kolejki linowej nad zapor\u0105 w Solinie","datePublished":"2020-10-20T07:55:59+00:00","dateModified":"2020-10-20T07:56:01+00:00","mainEntityOfPage":{"@id":"https:\/\/marekkuchcinski.pl\/wydarzenia\/rozstrzygnieto-przetarg-na-budowe-kolejki-linowej-nad-zapora-w-solinie\/"},"wordCount":394,"commentCount":0,"publisher":{"@id":"https:\/\/marekkuchcinski.pl\/#organization"},"image":{"@id":"https:\/\/marekkuchcinski.pl\/wydarzenia\/rozstrzygnieto-przetarg-na-budowe-kolejki-linowej-nad-zapora-w-solinie\/#primaryimage"},"thumbnailUrl":"https:\/\/marekkuchcinski.pl\/wp-content\/uploads\/2020\/10\/unnamed-scaled.jpg","articleSection":["Podkarpacie","Wydarzenia"],"inLanguage":"uk","potentialAction":[{"@type":"CommentAction","name":"Comment","target":["https:\/\/marekkuchcinski.pl\/wydarzenia\/rozstrzygnieto-przetarg-na-budowe-kolejki-linowej-nad-zapora-w-solinie\/#respond"]}]},{"@type":"WebPage","@id":"https:\/\/marekkuchcinski.pl\/wydarzenia\/rozstrzygnieto-przetarg-na-budowe-kolejki-linowej-nad-zapora-w-solinie\/","url":"https:\/\/marekkuchcinski.pl\/wydarzenia\/rozstrzygnieto-przetarg-na-budowe-kolejki-linowej-nad-zapora-w-solinie\/","name":"Rozstrzygni\u0119to przetarg na budow\u0119 kolejki linowej nad zapor\u0105 w Solinie &#8211; Marek Kuchci\u0144ski","isPartOf":{"@id":"https:\/\/marekkuchcinski.pl\/#website"},"primaryImageOfPage":{"@id":"https:\/\/marekkuchcinski.pl\/wydarzenia\/rozstrzygnieto-przetarg-na-budowe-kolejki-linowej-nad-zapora-w-solinie\/#primaryimage"},"image":{"@id":"https:\/\/marekkuchcinski.pl\/wydarzenia\/rozstrzygnieto-przetarg-na-budowe-kolejki-linowej-nad-zapora-w-solinie\/#primaryimage"},"thumbnailUrl":"https:\/\/marekkuchcinski.pl\/wp-content\/uploads\/2020\/10\/unnamed-scaled.jpg","datePublished":"2020-10-20T07:55:59+00:00","dateModified":"2020-10-20T07:56:01+00:00","breadcrumb":{"@id":"https:\/\/marekkuchcinski.pl\/wydarzenia\/rozstrzygnieto-przetarg-na-budowe-kolejki-linowej-nad-zapora-w-solinie\/#breadcrumb"},"inLanguage":"uk","potentialAction":[{"@type":"ReadAction","target":["https:\/\/marekkuchcinski.pl\/wydarzenia\/rozstrzygnieto-przetarg-na-budowe-kolejki-linowej-nad-zapora-w-solinie\/"]}]},{"@type":"ImageObject","inLanguage":"uk","@id":"https:\/\/marekkuchcinski.pl\/wydarzenia\/rozstrzygnieto-przetarg-na-budowe-kolejki-linowej-nad-zapora-w-solinie\/#primaryimage","url":"https:\/\/marekkuchcinski.pl\/wp-content\/uploads\/2020\/10\/unnamed-scaled.jpg","contentUrl":"https:\/\/marekkuchcinski.pl\/wp-content\/uploads\/2020\/10\/unnamed-scaled.jpg","width":2048,"height":1082},{"@type":"BreadcrumbList","@id":"https:\/\/marekkuchcinski.pl\/wydarzenia\/rozstrzygnieto-przetarg-na-budowe-kolejki-linowej-nad-zapora-w-solinie\/#breadcrumb","itemListElement":[{"@type":"ListItem","position":1,"name":"Strona g\u0142\u00f3wna","item":"https:\/\/marekkuchcinski.pl\/"},{"@type":"ListItem","position":2,"name":"Rozstrzygni\u0119to przetarg na budow\u0119 kolejki linowej nad zapor\u0105 w Solinie"}]},{"@type":"WebSite","@id":"https:\/\/marekkuchcinski.pl\/#website","url":"https:\/\/marekkuchcinski.pl\/","name":"Marek Kuchci\u0144ski","description":"Marek Kuchci\u0144ski","publisher":{"@id":"https:\/\/marekkuchcinski.pl\/#organization"},"potentialAction":[{"@type":"SearchAction","target":{"@type":"EntryPoint","urlTemplate":"https:\/\/marekkuchcinski.pl\/?s={search_term_string}"},"query-input":{"@type":"PropertyValueSpecification","valueRequired":true,"valueName":"search_term_string"}}],"inLanguage":"uk"},{"@type":"Organization","@id":"https:\/\/marekkuchcinski.pl\/#organization","name":"Marek Kuchci\u0144ski","url":"https:\/\/marekkuchcinski.pl\/","logo":{"@type":"ImageObject","inLanguage":"uk","@id":"https:\/\/marekkuchcinski.pl\/#\/schema\/logo\/image\/","url":"https:\/\/marekkuchcinski.pl\/wp-content\/uploads\/2022\/09\/Marek.jpg","contentUrl":"https:\/\/marekkuchcinski.pl\/wp-content\/uploads\/2022\/09\/Marek.jpg","width":1600,"height":971,"caption":"Marek Kuchci\u0144ski"},"image":{"@id":"https:\/\/marekkuchcinski.pl\/#\/schema\/logo\/image\/"}},{"@type":"Person","@id":"https:\/\/marekkuchcinski.pl\/#\/schema\/person\/bd3f15dee67fee76e83c8350d0154101","name":"Marta Olejnik","image":{"@type":"ImageObject","inLanguage":"uk","@id":"https:\/\/secure.gravatar.com\/avatar\/24754edd6080383402e292374b406b553027d572e97d60e7aa89a6940e88659a?s=96&d=mm&r=g","url":"https:\/\/secure.gravatar.com\/avatar\/24754edd6080383402e292374b406b553027d572e97d60e7aa89a6940e88659a?s=96&d=mm&r=g","contentUrl":"https:\/\/secure.gravatar.com\/avatar\/24754edd6080383402e292374b406b553027d572e97d60e7aa89a6940e88659a?s=96&d=mm&r=g","caption":"Marta Olejnik"},"url":"https:\/\/marekkuchcinski.pl\/uk\/author\/marta\/"}]}},"_links":{"self":[{"href":"https:\/\/marekkuchcinski.pl\/uk\/wp-json\/wp\/v2\/posts\/20064","targetHints":{"allow":["GET"]}}],"collection":[{"href":"https:\/\/marekkuchcinski.pl\/uk\/wp-json\/wp\/v2\/posts"}],"about":[{"href":"https:\/\/marekkuchcinski.pl\/uk\/wp-json\/wp\/v2\/types\/post"}],"author":[{"embeddable":true,"href":"https:\/\/marekkuchcinski.pl\/uk\/wp-json\/wp\/v2\/users\/3"}],"replies":[{"embeddable":true,"href":"https:\/\/marekkuchcinski.pl\/uk\/wp-json\/wp\/v2\/comments?post=20064"}],"version-history":[{"count":3,"href":"https:\/\/marekkuchcinski.pl\/uk\/wp-json\/wp\/v2\/posts\/20064\/revisions"}],"predecessor-version":[{"id":20073,"href":"https:\/\/marekkuchcinski.pl\/uk\/wp-json\/wp\/v2\/posts\/20064\/revisions\/20073"}],"wp:featuredmedia":[{"embeddable":true,"href":"https:\/\/marekkuchcinski.pl\/uk\/wp-json\/wp\/v2\/media\/20066"}],"wp:attachment":[{"href":"https:\/\/marekkuchcinski.pl\/uk\/wp-json\/wp\/v2\/media?parent=20064"}],"wp:term":[{"taxonomy":"category","embeddable":true,"href":"https:\/\/marekkuchcinski.pl\/uk\/wp-json\/wp\/v2\/categories?post=20064"},{"taxonomy":"post_tag","embeddable":true,"href":"https:\/\/marekkuchcinski.pl\/uk\/wp-json\/wp\/v2\/tags?post=20064"}],"curies":[{"name":"wp","href":"https:\/\/api.w.org\/{rel}","templated":true}]}}