{"id":19195,"date":"2020-05-03T17:58:00","date_gmt":"2020-05-03T15:58:00","guid":{"rendered":"https:\/\/marek2.rkartist.pl\/?p=19195"},"modified":"2020-07-06T18:01:09","modified_gmt":"2020-07-06T16:01:09","slug":"wyraz-madrosci-zbiorowej-polakow","status":"publish","type":"post","link":"https:\/\/marekkuchcinski.pl\/uk\/wydarzenia\/wyraz-madrosci-zbiorowej-polakow\/","title":{"rendered":"Konstytucja 3 maja: wyraz m\u0105dro\u015bci zbiorowej Polak\u00f3w"},"content":{"rendered":"<p class=\"wp-block-paragraph\">Marek Kuchci\u0144ski z\u0142o\u017cy\u0142 kwiaty przy kamieniu po\u015bwi\u0119conym Konstytucji 3 maja w Przemy\u015blu. \u2013 Ten dzie\u0144 jest \u015bwi\u0119tem ju\u017c rok od uchwalenia, Konstytucja da\u0142a nam wielk\u0105 si\u0142\u0119, niekt\u00f3rzy historycy twierdz\u0105, \u017ce by\u0142o to pierwsze odzyskanie niepodleg\u0142o\u015bci \u2013 powiedzia\u0142 marsza\u0142ek Sejmu VIII kadencji. Marek Kuchci\u0144ski przypomnia\u0142 tak\u017ce, \u017ce rok temu w Sejmie <a href=\"https:\/\/marekkuchcinski.pl\/uk\/wydarzenia\/marek-kuchcinski-odslonil-popiersia-wspoltworcow-konstytucji-3-maja\/\">ods\u0142oni\u0119to popiersia dw\u00f3ch marsza\u0142k\u00f3w Sejmu Wielkiego<\/a> (Polaka i Litwina) Stanis\u0142awa Ma\u0142achowskiego, kt\u00f3rego nazwisko widnieje na przemyskim kamieniu, i Kazimierza Nestora Sapiehy (Marsza\u0142ka Konfederacji Wielkiego Ksi\u0119stwa Litewskiego), wybitnych polityk\u00f3w i wsp\u00f3\u0142tw\u00f3rc\u00f3w Konstytucji 3 maja.<\/p>\n\n\n\n<p class=\"wp-block-paragraph\">Konstytucja 3 maja by\u0142a dzie\u0142em Sejmu Czteroletniego Rzeczypospolitej Obojga Narod\u00f3w, dzi\u015b \u015bwi\u0119towana zar\u00f3wno przez Polsk\u0119, jak i przez Litw\u0119. By\u0142a tak\u017ce zwie\u0144czeniem wieloletnich wysi\u0142k\u00f3w naprawy pa\u0144stwa polskiego, wyrazem m\u0105dro\u015bci zbiorowej Polak\u00f3w, d\u0105\u017c\u0105cych do naprawy w\u0142asnego pa\u0144stwa pogr\u0105\u017conego w kryzysie oraz\u00a0dowodem na mo\u017cliwo\u015b\u0107 zawarcia kompromisu mi\u0119dzy majestatem Rzeczypospolitej w osobie kr\u00f3la a narodem reprezentowanym przez pos\u0142\u00f3w i senator\u00f3w.<\/p>\n\n\n\n<p class=\"wp-block-paragraph\">Uchwalona 229 lat temu konstytucja by\u0142a\u00a0pierwsz\u0105 w Europie, dlatego wywar\u0142a wielki wp\u0142yw na rozw\u00f3j konstytucjonalizmu, a tak\u017ce demokracji w skali powszechnej. \u00a0Jej tw\u00f3rcy mieli wizj\u0119 odnowionej Rzeczypospolitej\u00a0i\u00a0narodu jako wsp\u00f3lnoty politycznej obejmuj\u0105cej wszystkie stany oraz grupy etniczne, j\u0119zykowe, regionalne i wyznaniowe. Mia\u0142y ich \u0142\u0105czy\u0107 prawa i wolno\u015bci Rzeczypospolitej. W Ustawie Rz\u0105dowej zapisano: \u201eWszelka w\u0142adza spo\u0142eczno\u015bci ludzkiej pocz\u0105tek sw\u00f3j bierze z woli narodu\u201d.\u00a0Tym samym nar\u00f3d zosta\u0142 uznany za suwerena.<\/p>\n\n\n\n<figure class=\"wp-block-image size-large\"><img fetchpriority=\"high\" decoding=\"async\" width=\"1024\" height=\"749\" src=\"https:\/\/marekkuchcinski.pl\/wp-content\/uploads\/2020\/07\/mk-scaled-1-1024x749.jpg\" alt=\"\" class=\"wp-image-19196\" srcset=\"https:\/\/marekkuchcinski.pl\/wp-content\/uploads\/2020\/07\/mk-scaled-1-1024x749.jpg 1024w, https:\/\/marekkuchcinski.pl\/wp-content\/uploads\/2020\/07\/mk-scaled-1-300x219.jpg 300w, https:\/\/marekkuchcinski.pl\/wp-content\/uploads\/2020\/07\/mk-scaled-1-768x562.jpg 768w, https:\/\/marekkuchcinski.pl\/wp-content\/uploads\/2020\/07\/mk-scaled-1-1536x1123.jpg 1536w, https:\/\/marekkuchcinski.pl\/wp-content\/uploads\/2020\/07\/mk-scaled-1-scaled.jpg 2048w\" sizes=\"(max-width: 1024px) 100vw, 1024px\" \/><\/figure>\n\n\n\n<figure class=\"wp-block-image size-large\"><img decoding=\"async\" width=\"1024\" height=\"681\" src=\"https:\/\/marekkuchcinski.pl\/wp-content\/uploads\/2020\/07\/95700265_230126981753828_236361318838304768_n_edited-scaled-1-1024x681.jpg\" alt=\"\" class=\"wp-image-19197\" srcset=\"https:\/\/marekkuchcinski.pl\/wp-content\/uploads\/2020\/07\/95700265_230126981753828_236361318838304768_n_edited-scaled-1-1024x681.jpg 1024w, https:\/\/marekkuchcinski.pl\/wp-content\/uploads\/2020\/07\/95700265_230126981753828_236361318838304768_n_edited-scaled-1-300x199.jpg 300w, https:\/\/marekkuchcinski.pl\/wp-content\/uploads\/2020\/07\/95700265_230126981753828_236361318838304768_n_edited-scaled-1-768x511.jpg 768w, https:\/\/marekkuchcinski.pl\/wp-content\/uploads\/2020\/07\/95700265_230126981753828_236361318838304768_n_edited-scaled-1-1536x1021.jpg 1536w, https:\/\/marekkuchcinski.pl\/wp-content\/uploads\/2020\/07\/95700265_230126981753828_236361318838304768_n_edited-scaled-1-scaled.jpg 2048w\" sizes=\"(max-width: 1024px) 100vw, 1024px\" \/><\/figure>\n\n\n\n<figure class=\"wp-block-image size-large\"><img decoding=\"async\" width=\"1024\" height=\"814\" src=\"https:\/\/marekkuchcinski.pl\/wp-content\/uploads\/2020\/07\/95929280_332113851100451_8500372957531471872_n-scaled-1-1024x814.jpg\" alt=\"\" class=\"wp-image-19198\" srcset=\"https:\/\/marekkuchcinski.pl\/wp-content\/uploads\/2020\/07\/95929280_332113851100451_8500372957531471872_n-scaled-1-1024x814.jpg 1024w, https:\/\/marekkuchcinski.pl\/wp-content\/uploads\/2020\/07\/95929280_332113851100451_8500372957531471872_n-scaled-1-300x239.jpg 300w, https:\/\/marekkuchcinski.pl\/wp-content\/uploads\/2020\/07\/95929280_332113851100451_8500372957531471872_n-scaled-1-768x611.jpg 768w, https:\/\/marekkuchcinski.pl\/wp-content\/uploads\/2020\/07\/95929280_332113851100451_8500372957531471872_n-scaled-1-1536x1222.jpg 1536w, https:\/\/marekkuchcinski.pl\/wp-content\/uploads\/2020\/07\/95929280_332113851100451_8500372957531471872_n-scaled-1-scaled.jpg 2048w\" sizes=\"(max-width: 1024px) 100vw, 1024px\" \/><\/figure>\n\n\n\n<figure class=\"wp-block-image size-large\"><img loading=\"lazy\" decoding=\"async\" width=\"1024\" height=\"768\" src=\"https:\/\/marekkuchcinski.pl\/wp-content\/uploads\/2020\/07\/95708056_234054781253840_5069462350302543872_n-scaled-1-1024x768.jpg\" alt=\"\" class=\"wp-image-19199\" srcset=\"https:\/\/marekkuchcinski.pl\/wp-content\/uploads\/2020\/07\/95708056_234054781253840_5069462350302543872_n-scaled-1-1024x768.jpg 1024w, https:\/\/marekkuchcinski.pl\/wp-content\/uploads\/2020\/07\/95708056_234054781253840_5069462350302543872_n-scaled-1-300x225.jpg 300w, https:\/\/marekkuchcinski.pl\/wp-content\/uploads\/2020\/07\/95708056_234054781253840_5069462350302543872_n-scaled-1-768x576.jpg 768w, https:\/\/marekkuchcinski.pl\/wp-content\/uploads\/2020\/07\/95708056_234054781253840_5069462350302543872_n-scaled-1-1536x1152.jpg 1536w, https:\/\/marekkuchcinski.pl\/wp-content\/uploads\/2020\/07\/95708056_234054781253840_5069462350302543872_n-scaled-1-scaled.jpg 2048w\" sizes=\"(max-width: 1024px) 100vw, 1024px\" \/><figcaption>Obelisk upami\u0119tniaj\u0105cy tw\u00f3rc\u00f3w Konstytucji 3 maja. Ods\u0142oni\u0119ty w 1891 r., w setn\u0105 rocznic\u0119 uchwalenia Konstytucji. Na czterech bokach postumentu s\u0105 wypisane nazwiska zas\u0142u\u017conych w przygotowanie projektu konstytucji :<br>Hugo Ko\u0142\u0142\u0105taja \u2013 ksi\u0119dza, rektora i reformatora Akademii Krakowskiej i dzia\u0142acza Komisji Edukacji Narodowej,<br>Ignacego Potockiego \u2013 marsza\u0142ka wielkiego litewskiego,<br>Stanis\u0142awa Ma\u0142achowskiego \u2013 marsza\u0142ka Sejmu Czteroletniego.<br>Jana Dekerta \u2013 prezydenta Warszawy, walcz\u0105cego o prawa mieszczan, kt\u00f3ry 2 grudnia 1789 r. poprowadzi\u0142 tzw. czarn\u0105 procesj\u0119 \u2013 demonstracj\u0119 polityczn\u0105 delegat\u00f3w ze 190 miast Rzeczpospolitej.<\/figcaption><\/figure>\n\n\n\n<figure class=\"wp-block-image size-large\"><img loading=\"lazy\" decoding=\"async\" width=\"1024\" height=\"768\" src=\"https:\/\/marekkuchcinski.pl\/wp-content\/uploads\/2020\/07\/95634699_236174740812744_5166033989873434624_n-scaled-1-1024x768.jpg\" alt=\"\" class=\"wp-image-19200\" srcset=\"https:\/\/marekkuchcinski.pl\/wp-content\/uploads\/2020\/07\/95634699_236174740812744_5166033989873434624_n-scaled-1-1024x768.jpg 1024w, https:\/\/marekkuchcinski.pl\/wp-content\/uploads\/2020\/07\/95634699_236174740812744_5166033989873434624_n-scaled-1-300x225.jpg 300w, https:\/\/marekkuchcinski.pl\/wp-content\/uploads\/2020\/07\/95634699_236174740812744_5166033989873434624_n-scaled-1-768x576.jpg 768w, https:\/\/marekkuchcinski.pl\/wp-content\/uploads\/2020\/07\/95634699_236174740812744_5166033989873434624_n-scaled-1-1536x1152.jpg 1536w, https:\/\/marekkuchcinski.pl\/wp-content\/uploads\/2020\/07\/95634699_236174740812744_5166033989873434624_n-scaled-1-scaled.jpg 2048w\" sizes=\"(max-width: 1024px) 100vw, 1024px\" \/><\/figure>\n\n\n\n<figure class=\"wp-block-image size-large\"><img loading=\"lazy\" decoding=\"async\" width=\"1024\" height=\"768\" src=\"https:\/\/marekkuchcinski.pl\/wp-content\/uploads\/2020\/07\/95606558_2991454810912273_6056264368260120576_n-scaled-1-1024x768.jpg\" alt=\"\" class=\"wp-image-19201\" srcset=\"https:\/\/marekkuchcinski.pl\/wp-content\/uploads\/2020\/07\/95606558_2991454810912273_6056264368260120576_n-scaled-1-1024x768.jpg 1024w, https:\/\/marekkuchcinski.pl\/wp-content\/uploads\/2020\/07\/95606558_2991454810912273_6056264368260120576_n-scaled-1-300x225.jpg 300w, https:\/\/marekkuchcinski.pl\/wp-content\/uploads\/2020\/07\/95606558_2991454810912273_6056264368260120576_n-scaled-1-768x576.jpg 768w, https:\/\/marekkuchcinski.pl\/wp-content\/uploads\/2020\/07\/95606558_2991454810912273_6056264368260120576_n-scaled-1-1536x1152.jpg 1536w, https:\/\/marekkuchcinski.pl\/wp-content\/uploads\/2020\/07\/95606558_2991454810912273_6056264368260120576_n-scaled-1-scaled.jpg 2048w\" sizes=\"(max-width: 1024px) 100vw, 1024px\" \/><\/figure>\n\n\n\n<figure class=\"wp-block-image size-large\"><img loading=\"lazy\" decoding=\"async\" width=\"1024\" height=\"768\" src=\"https:\/\/marekkuchcinski.pl\/wp-content\/uploads\/2020\/07\/95788355_2627335094212230_4342019358512381952_n-scaled-1-1024x768.jpg\" alt=\"\" class=\"wp-image-19202\" srcset=\"https:\/\/marekkuchcinski.pl\/wp-content\/uploads\/2020\/07\/95788355_2627335094212230_4342019358512381952_n-scaled-1-1024x768.jpg 1024w, https:\/\/marekkuchcinski.pl\/wp-content\/uploads\/2020\/07\/95788355_2627335094212230_4342019358512381952_n-scaled-1-300x225.jpg 300w, https:\/\/marekkuchcinski.pl\/wp-content\/uploads\/2020\/07\/95788355_2627335094212230_4342019358512381952_n-scaled-1-768x576.jpg 768w, https:\/\/marekkuchcinski.pl\/wp-content\/uploads\/2020\/07\/95788355_2627335094212230_4342019358512381952_n-scaled-1-1536x1152.jpg 1536w, https:\/\/marekkuchcinski.pl\/wp-content\/uploads\/2020\/07\/95788355_2627335094212230_4342019358512381952_n-scaled-1-scaled.jpg 2048w\" sizes=\"(max-width: 1024px) 100vw, 1024px\" \/><\/figure>","protected":false},"excerpt":{"rendered":"<p>Marek Kuchci\u0144ski z\u0142o\u017cy\u0142 kwiaty przy kamieniu po\u015bwi\u0119conym Konstytucji 3 maja w Przemy\u015blu. \u2013 Ten dzie\u0144 jest \u015bwi\u0119tem ju\u017c rok od uchwalenia, Konstytucja da\u0142a nam wielk\u0105 si\u0142\u0119, niekt\u00f3rzy historycy twierdz\u0105, \u017ce by\u0142o to pierwsze odzyskanie niepodleg\u0142o\u015bci \u2013 powiedzia\u0142 marsza\u0142ek Sejmu VIII kadencji. Marek Kuchci\u0144ski przypomnia\u0142 tak\u017ce, \u017ce rok temu w Sejmie ods\u0142oni\u0119to popiersia dw\u00f3ch marsza\u0142k\u00f3w Sejmu [&hellip;]<\/p>\n","protected":false},"author":2,"featured_media":19196,"comment_status":"open","ping_status":"open","sticky":false,"template":"","format":"standard","meta":{"ngg_post_thumbnail":0,"footnotes":""},"categories":[49,77,81,3],"tags":[],"class_list":["post-19195","post","type-post","status-publish","format-standard","has-post-thumbnail","hentry","category-podkarpacie","category-wazne-daty","category-wiesci-z-sejmu","category-wydarzenia"],"yoast_head":"<!-- This site is optimized with the Yoast SEO plugin v28.4 - https:\/\/yoast.com\/product\/yoast-seo-wordpress\/ -->\n<title>Konstytucja 3 maja: wyraz m\u0105dro\u015bci zbiorowej Polak\u00f3w &#8211; Marek Kuchci\u0144ski<\/title>\n<meta name=\"robots\" content=\"index, follow, max-snippet:-1, max-image-preview:large, max-video-preview:-1\" \/>\n<link rel=\"canonical\" href=\"https:\/\/marekkuchcinski.pl\/uk\/wydarzenia\/wyraz-madrosci-zbiorowej-polakow\/\" \/>\n<meta property=\"og:locale\" content=\"uk_UA\" \/>\n<meta property=\"og:type\" content=\"article\" \/>\n<meta property=\"og:title\" content=\"Konstytucja 3 maja: wyraz m\u0105dro\u015bci zbiorowej Polak\u00f3w &#8211; Marek Kuchci\u0144ski\" \/>\n<meta property=\"og:description\" content=\"Marek Kuchci\u0144ski z\u0142o\u017cy\u0142 kwiaty przy kamieniu po\u015bwi\u0119conym Konstytucji 3 maja w Przemy\u015blu. \u2013 Ten dzie\u0144 jest \u015bwi\u0119tem ju\u017c rok od uchwalenia, Konstytucja da\u0142a nam wielk\u0105 si\u0142\u0119, niekt\u00f3rzy historycy twierdz\u0105, \u017ce by\u0142o to pierwsze odzyskanie niepodleg\u0142o\u015bci \u2013 powiedzia\u0142 marsza\u0142ek Sejmu VIII kadencji. Marek Kuchci\u0144ski przypomnia\u0142 tak\u017ce, \u017ce rok temu w Sejmie ods\u0142oni\u0119to popiersia dw\u00f3ch marsza\u0142k\u00f3w Sejmu [&hellip;]\" \/>\n<meta property=\"og:url\" content=\"https:\/\/marekkuchcinski.pl\/uk\/wydarzenia\/wyraz-madrosci-zbiorowej-polakow\/\" \/>\n<meta property=\"og:site_name\" content=\"Marek Kuchci\u0144ski\" \/>\n<meta property=\"article:published_time\" content=\"2020-05-03T15:58:00+00:00\" \/>\n<meta property=\"article:modified_time\" content=\"2020-07-06T16:01:09+00:00\" \/>\n<meta property=\"og:image\" content=\"https:\/\/marekkuchcinski.pl\/wp-content\/uploads\/2020\/07\/mk-scaled-1-scaled.jpg\" \/>\n\t<meta property=\"og:image:width\" content=\"2048\" \/>\n\t<meta property=\"og:image:height\" content=\"1498\" \/>\n\t<meta property=\"og:image:type\" content=\"image\/jpeg\" \/>\n<meta name=\"author\" content=\"Tomasz \u0141acina\" \/>\n<meta name=\"twitter:card\" content=\"summary_large_image\" \/>\n<meta name=\"twitter:label1\" content=\"Written by\" \/>\n\t<meta name=\"twitter:data1\" content=\"Tomasz \u0141acina\" \/>\n\t<meta name=\"twitter:label2\" content=\"Est. reading time\" \/>\n\t<meta name=\"twitter:data2\" content=\"2 minutes\" \/>\n<script type=\"application\/ld+json\" class=\"yoast-schema-graph\">{\"@context\":\"https:\\\/\\\/schema.org\",\"@graph\":[{\"@type\":\"Article\",\"@id\":\"https:\\\/\\\/marekkuchcinski.pl\\\/wydarzenia\\\/wyraz-madrosci-zbiorowej-polakow\\\/#article\",\"isPartOf\":{\"@id\":\"https:\\\/\\\/marekkuchcinski.pl\\\/wydarzenia\\\/wyraz-madrosci-zbiorowej-polakow\\\/\"},\"author\":{\"name\":\"Tomasz \u0141acina\",\"@id\":\"https:\\\/\\\/marekkuchcinski.pl\\\/#\\\/schema\\\/person\\\/aba1fe8aef473b9a6959c5931c34a69d\"},\"headline\":\"Konstytucja 3 maja: wyraz m\u0105dro\u015bci zbiorowej Polak\u00f3w\",\"datePublished\":\"2020-05-03T15:58:00+00:00\",\"dateModified\":\"2020-07-06T16:01:09+00:00\",\"mainEntityOfPage\":{\"@id\":\"https:\\\/\\\/marekkuchcinski.pl\\\/wydarzenia\\\/wyraz-madrosci-zbiorowej-polakow\\\/\"},\"wordCount\":372,\"commentCount\":0,\"publisher\":{\"@id\":\"https:\\\/\\\/marekkuchcinski.pl\\\/#organization\"},\"image\":{\"@id\":\"https:\\\/\\\/marekkuchcinski.pl\\\/wydarzenia\\\/wyraz-madrosci-zbiorowej-polakow\\\/#primaryimage\"},\"thumbnailUrl\":\"https:\\\/\\\/marekkuchcinski.pl\\\/wp-content\\\/uploads\\\/2020\\\/07\\\/mk-scaled-1-scaled.jpg\",\"articleSection\":[\"Podkarpacie\",\"Wa\u017cne daty\",\"Wie\u015bci z Sejmu\",\"Wydarzenia\"],\"inLanguage\":\"uk\",\"potentialAction\":[{\"@type\":\"CommentAction\",\"name\":\"Comment\",\"target\":[\"https:\\\/\\\/marekkuchcinski.pl\\\/wydarzenia\\\/wyraz-madrosci-zbiorowej-polakow\\\/#respond\"]}]},{\"@type\":\"WebPage\",\"@id\":\"https:\\\/\\\/marekkuchcinski.pl\\\/wydarzenia\\\/wyraz-madrosci-zbiorowej-polakow\\\/\",\"url\":\"https:\\\/\\\/marekkuchcinski.pl\\\/wydarzenia\\\/wyraz-madrosci-zbiorowej-polakow\\\/\",\"name\":\"Konstytucja 3 maja: wyraz m\u0105dro\u015bci zbiorowej Polak\u00f3w &#8211; Marek Kuchci\u0144ski\",\"isPartOf\":{\"@id\":\"https:\\\/\\\/marekkuchcinski.pl\\\/#website\"},\"primaryImageOfPage\":{\"@id\":\"https:\\\/\\\/marekkuchcinski.pl\\\/wydarzenia\\\/wyraz-madrosci-zbiorowej-polakow\\\/#primaryimage\"},\"image\":{\"@id\":\"https:\\\/\\\/marekkuchcinski.pl\\\/wydarzenia\\\/wyraz-madrosci-zbiorowej-polakow\\\/#primaryimage\"},\"thumbnailUrl\":\"https:\\\/\\\/marekkuchcinski.pl\\\/wp-content\\\/uploads\\\/2020\\\/07\\\/mk-scaled-1-scaled.jpg\",\"datePublished\":\"2020-05-03T15:58:00+00:00\",\"dateModified\":\"2020-07-06T16:01:09+00:00\",\"breadcrumb\":{\"@id\":\"https:\\\/\\\/marekkuchcinski.pl\\\/wydarzenia\\\/wyraz-madrosci-zbiorowej-polakow\\\/#breadcrumb\"},\"inLanguage\":\"uk\",\"potentialAction\":[{\"@type\":\"ReadAction\",\"target\":[\"https:\\\/\\\/marekkuchcinski.pl\\\/wydarzenia\\\/wyraz-madrosci-zbiorowej-polakow\\\/\"]}]},{\"@type\":\"ImageObject\",\"inLanguage\":\"uk\",\"@id\":\"https:\\\/\\\/marekkuchcinski.pl\\\/wydarzenia\\\/wyraz-madrosci-zbiorowej-polakow\\\/#primaryimage\",\"url\":\"https:\\\/\\\/marekkuchcinski.pl\\\/wp-content\\\/uploads\\\/2020\\\/07\\\/mk-scaled-1-scaled.jpg\",\"contentUrl\":\"https:\\\/\\\/marekkuchcinski.pl\\\/wp-content\\\/uploads\\\/2020\\\/07\\\/mk-scaled-1-scaled.jpg\",\"width\":2048,\"height\":1498},{\"@type\":\"BreadcrumbList\",\"@id\":\"https:\\\/\\\/marekkuchcinski.pl\\\/wydarzenia\\\/wyraz-madrosci-zbiorowej-polakow\\\/#breadcrumb\",\"itemListElement\":[{\"@type\":\"ListItem\",\"position\":1,\"name\":\"Strona g\u0142\u00f3wna\",\"item\":\"https:\\\/\\\/marekkuchcinski.pl\\\/\"},{\"@type\":\"ListItem\",\"position\":2,\"name\":\"Konstytucja 3 maja: wyraz m\u0105dro\u015bci zbiorowej Polak\u00f3w\"}]},{\"@type\":\"WebSite\",\"@id\":\"https:\\\/\\\/marekkuchcinski.pl\\\/#website\",\"url\":\"https:\\\/\\\/marekkuchcinski.pl\\\/\",\"name\":\"Marek Kuchci\u0144ski\",\"description\":\"Marek Kuchci\u0144ski \",\"publisher\":{\"@id\":\"https:\\\/\\\/marekkuchcinski.pl\\\/#organization\"},\"potentialAction\":[{\"@type\":\"SearchAction\",\"target\":{\"@type\":\"EntryPoint\",\"urlTemplate\":\"https:\\\/\\\/marekkuchcinski.pl\\\/?s={search_term_string}\"},\"query-input\":{\"@type\":\"PropertyValueSpecification\",\"valueRequired\":true,\"valueName\":\"search_term_string\"}}],\"inLanguage\":\"uk\"},{\"@type\":\"Organization\",\"@id\":\"https:\\\/\\\/marekkuchcinski.pl\\\/#organization\",\"name\":\"Marek Kuchci\u0144ski\",\"url\":\"https:\\\/\\\/marekkuchcinski.pl\\\/\",\"logo\":{\"@type\":\"ImageObject\",\"inLanguage\":\"uk\",\"@id\":\"https:\\\/\\\/marekkuchcinski.pl\\\/#\\\/schema\\\/logo\\\/image\\\/\",\"url\":\"https:\\\/\\\/marekkuchcinski.pl\\\/wp-content\\\/uploads\\\/2022\\\/09\\\/Marek.jpg\",\"contentUrl\":\"https:\\\/\\\/marekkuchcinski.pl\\\/wp-content\\\/uploads\\\/2022\\\/09\\\/Marek.jpg\",\"width\":1600,\"height\":971,\"caption\":\"Marek Kuchci\u0144ski\"},\"image\":{\"@id\":\"https:\\\/\\\/marekkuchcinski.pl\\\/#\\\/schema\\\/logo\\\/image\\\/\"}},{\"@type\":\"Person\",\"@id\":\"https:\\\/\\\/marekkuchcinski.pl\\\/#\\\/schema\\\/person\\\/aba1fe8aef473b9a6959c5931c34a69d\",\"name\":\"Tomasz \u0141acina\",\"image\":{\"@type\":\"ImageObject\",\"inLanguage\":\"uk\",\"@id\":\"https:\\\/\\\/secure.gravatar.com\\\/avatar\\\/fd39e6ddb0386ca8ff9cf0a0732afdeb33a6c2f19978b6d60dfd33e5c2258908?s=96&d=mm&r=g\",\"url\":\"https:\\\/\\\/secure.gravatar.com\\\/avatar\\\/fd39e6ddb0386ca8ff9cf0a0732afdeb33a6c2f19978b6d60dfd33e5c2258908?s=96&d=mm&r=g\",\"contentUrl\":\"https:\\\/\\\/secure.gravatar.com\\\/avatar\\\/fd39e6ddb0386ca8ff9cf0a0732afdeb33a6c2f19978b6d60dfd33e5c2258908?s=96&d=mm&r=g\",\"caption\":\"Tomasz \u0141acina\"},\"url\":\"https:\\\/\\\/marekkuchcinski.pl\\\/uk\\\/author\\\/tomek-lacina\\\/\"}]}<\/script>\n<!-- \/ Yoast SEO plugin. -->","yoast_head_json":{"title":"Konstytucja 3 maja: wyraz m\u0105dro\u015bci zbiorowej Polak\u00f3w &#8211; Marek Kuchci\u0144ski","robots":{"index":"index","follow":"follow","max-snippet":"max-snippet:-1","max-image-preview":"max-image-preview:large","max-video-preview":"max-video-preview:-1"},"canonical":"https:\/\/marekkuchcinski.pl\/uk\/wydarzenia\/wyraz-madrosci-zbiorowej-polakow\/","og_locale":"uk_UA","og_type":"article","og_title":"Konstytucja 3 maja: wyraz m\u0105dro\u015bci zbiorowej Polak\u00f3w &#8211; Marek Kuchci\u0144ski","og_description":"Marek Kuchci\u0144ski z\u0142o\u017cy\u0142 kwiaty przy kamieniu po\u015bwi\u0119conym Konstytucji 3 maja w Przemy\u015blu. \u2013 Ten dzie\u0144 jest \u015bwi\u0119tem ju\u017c rok od uchwalenia, Konstytucja da\u0142a nam wielk\u0105 si\u0142\u0119, niekt\u00f3rzy historycy twierdz\u0105, \u017ce by\u0142o to pierwsze odzyskanie niepodleg\u0142o\u015bci \u2013 powiedzia\u0142 marsza\u0142ek Sejmu VIII kadencji. Marek Kuchci\u0144ski przypomnia\u0142 tak\u017ce, \u017ce rok temu w Sejmie ods\u0142oni\u0119to popiersia dw\u00f3ch marsza\u0142k\u00f3w Sejmu [&hellip;]","og_url":"https:\/\/marekkuchcinski.pl\/uk\/wydarzenia\/wyraz-madrosci-zbiorowej-polakow\/","og_site_name":"Marek Kuchci\u0144ski","article_published_time":"2020-05-03T15:58:00+00:00","article_modified_time":"2020-07-06T16:01:09+00:00","og_image":[{"width":2048,"height":1498,"url":"https:\/\/marekkuchcinski.pl\/wp-content\/uploads\/2020\/07\/mk-scaled-1-scaled.jpg","type":"image\/jpeg"}],"author":"Tomasz \u0141acina","twitter_card":"summary_large_image","twitter_misc":{"Written by":"Tomasz \u0141acina","Est. reading time":"2 minutes"},"schema":{"@context":"https:\/\/schema.org","@graph":[{"@type":"Article","@id":"https:\/\/marekkuchcinski.pl\/wydarzenia\/wyraz-madrosci-zbiorowej-polakow\/#article","isPartOf":{"@id":"https:\/\/marekkuchcinski.pl\/wydarzenia\/wyraz-madrosci-zbiorowej-polakow\/"},"author":{"name":"Tomasz \u0141acina","@id":"https:\/\/marekkuchcinski.pl\/#\/schema\/person\/aba1fe8aef473b9a6959c5931c34a69d"},"headline":"Konstytucja 3 maja: wyraz m\u0105dro\u015bci zbiorowej Polak\u00f3w","datePublished":"2020-05-03T15:58:00+00:00","dateModified":"2020-07-06T16:01:09+00:00","mainEntityOfPage":{"@id":"https:\/\/marekkuchcinski.pl\/wydarzenia\/wyraz-madrosci-zbiorowej-polakow\/"},"wordCount":372,"commentCount":0,"publisher":{"@id":"https:\/\/marekkuchcinski.pl\/#organization"},"image":{"@id":"https:\/\/marekkuchcinski.pl\/wydarzenia\/wyraz-madrosci-zbiorowej-polakow\/#primaryimage"},"thumbnailUrl":"https:\/\/marekkuchcinski.pl\/wp-content\/uploads\/2020\/07\/mk-scaled-1-scaled.jpg","articleSection":["Podkarpacie","Wa\u017cne daty","Wie\u015bci z Sejmu","Wydarzenia"],"inLanguage":"uk","potentialAction":[{"@type":"CommentAction","name":"Comment","target":["https:\/\/marekkuchcinski.pl\/wydarzenia\/wyraz-madrosci-zbiorowej-polakow\/#respond"]}]},{"@type":"WebPage","@id":"https:\/\/marekkuchcinski.pl\/wydarzenia\/wyraz-madrosci-zbiorowej-polakow\/","url":"https:\/\/marekkuchcinski.pl\/wydarzenia\/wyraz-madrosci-zbiorowej-polakow\/","name":"Konstytucja 3 maja: wyraz m\u0105dro\u015bci zbiorowej Polak\u00f3w &#8211; Marek Kuchci\u0144ski","isPartOf":{"@id":"https:\/\/marekkuchcinski.pl\/#website"},"primaryImageOfPage":{"@id":"https:\/\/marekkuchcinski.pl\/wydarzenia\/wyraz-madrosci-zbiorowej-polakow\/#primaryimage"},"image":{"@id":"https:\/\/marekkuchcinski.pl\/wydarzenia\/wyraz-madrosci-zbiorowej-polakow\/#primaryimage"},"thumbnailUrl":"https:\/\/marekkuchcinski.pl\/wp-content\/uploads\/2020\/07\/mk-scaled-1-scaled.jpg","datePublished":"2020-05-03T15:58:00+00:00","dateModified":"2020-07-06T16:01:09+00:00","breadcrumb":{"@id":"https:\/\/marekkuchcinski.pl\/wydarzenia\/wyraz-madrosci-zbiorowej-polakow\/#breadcrumb"},"inLanguage":"uk","potentialAction":[{"@type":"ReadAction","target":["https:\/\/marekkuchcinski.pl\/wydarzenia\/wyraz-madrosci-zbiorowej-polakow\/"]}]},{"@type":"ImageObject","inLanguage":"uk","@id":"https:\/\/marekkuchcinski.pl\/wydarzenia\/wyraz-madrosci-zbiorowej-polakow\/#primaryimage","url":"https:\/\/marekkuchcinski.pl\/wp-content\/uploads\/2020\/07\/mk-scaled-1-scaled.jpg","contentUrl":"https:\/\/marekkuchcinski.pl\/wp-content\/uploads\/2020\/07\/mk-scaled-1-scaled.jpg","width":2048,"height":1498},{"@type":"BreadcrumbList","@id":"https:\/\/marekkuchcinski.pl\/wydarzenia\/wyraz-madrosci-zbiorowej-polakow\/#breadcrumb","itemListElement":[{"@type":"ListItem","position":1,"name":"Strona g\u0142\u00f3wna","item":"https:\/\/marekkuchcinski.pl\/"},{"@type":"ListItem","position":2,"name":"Konstytucja 3 maja: wyraz m\u0105dro\u015bci zbiorowej Polak\u00f3w"}]},{"@type":"WebSite","@id":"https:\/\/marekkuchcinski.pl\/#website","url":"https:\/\/marekkuchcinski.pl\/","name":"Marek Kuchci\u0144ski","description":"Marek Kuchci\u0144ski","publisher":{"@id":"https:\/\/marekkuchcinski.pl\/#organization"},"potentialAction":[{"@type":"SearchAction","target":{"@type":"EntryPoint","urlTemplate":"https:\/\/marekkuchcinski.pl\/?s={search_term_string}"},"query-input":{"@type":"PropertyValueSpecification","valueRequired":true,"valueName":"search_term_string"}}],"inLanguage":"uk"},{"@type":"Organization","@id":"https:\/\/marekkuchcinski.pl\/#organization","name":"Marek Kuchci\u0144ski","url":"https:\/\/marekkuchcinski.pl\/","logo":{"@type":"ImageObject","inLanguage":"uk","@id":"https:\/\/marekkuchcinski.pl\/#\/schema\/logo\/image\/","url":"https:\/\/marekkuchcinski.pl\/wp-content\/uploads\/2022\/09\/Marek.jpg","contentUrl":"https:\/\/marekkuchcinski.pl\/wp-content\/uploads\/2022\/09\/Marek.jpg","width":1600,"height":971,"caption":"Marek Kuchci\u0144ski"},"image":{"@id":"https:\/\/marekkuchcinski.pl\/#\/schema\/logo\/image\/"}},{"@type":"Person","@id":"https:\/\/marekkuchcinski.pl\/#\/schema\/person\/aba1fe8aef473b9a6959c5931c34a69d","name":"Tomasz \u0141acina","image":{"@type":"ImageObject","inLanguage":"uk","@id":"https:\/\/secure.gravatar.com\/avatar\/fd39e6ddb0386ca8ff9cf0a0732afdeb33a6c2f19978b6d60dfd33e5c2258908?s=96&d=mm&r=g","url":"https:\/\/secure.gravatar.com\/avatar\/fd39e6ddb0386ca8ff9cf0a0732afdeb33a6c2f19978b6d60dfd33e5c2258908?s=96&d=mm&r=g","contentUrl":"https:\/\/secure.gravatar.com\/avatar\/fd39e6ddb0386ca8ff9cf0a0732afdeb33a6c2f19978b6d60dfd33e5c2258908?s=96&d=mm&r=g","caption":"Tomasz \u0141acina"},"url":"https:\/\/marekkuchcinski.pl\/uk\/author\/tomek-lacina\/"}]}},"_links":{"self":[{"href":"https:\/\/marekkuchcinski.pl\/uk\/wp-json\/wp\/v2\/posts\/19195","targetHints":{"allow":["GET"]}}],"collection":[{"href":"https:\/\/marekkuchcinski.pl\/uk\/wp-json\/wp\/v2\/posts"}],"about":[{"href":"https:\/\/marekkuchcinski.pl\/uk\/wp-json\/wp\/v2\/types\/post"}],"author":[{"embeddable":true,"href":"https:\/\/marekkuchcinski.pl\/uk\/wp-json\/wp\/v2\/users\/2"}],"replies":[{"embeddable":true,"href":"https:\/\/marekkuchcinski.pl\/uk\/wp-json\/wp\/v2\/comments?post=19195"}],"version-history":[{"count":1,"href":"https:\/\/marekkuchcinski.pl\/uk\/wp-json\/wp\/v2\/posts\/19195\/revisions"}],"predecessor-version":[{"id":19203,"href":"https:\/\/marekkuchcinski.pl\/uk\/wp-json\/wp\/v2\/posts\/19195\/revisions\/19203"}],"wp:featuredmedia":[{"embeddable":true,"href":"https:\/\/marekkuchcinski.pl\/uk\/wp-json\/wp\/v2\/media\/19196"}],"wp:attachment":[{"href":"https:\/\/marekkuchcinski.pl\/uk\/wp-json\/wp\/v2\/media?parent=19195"}],"wp:term":[{"taxonomy":"category","embeddable":true,"href":"https:\/\/marekkuchcinski.pl\/uk\/wp-json\/wp\/v2\/categories?post=19195"},{"taxonomy":"post_tag","embeddable":true,"href":"https:\/\/marekkuchcinski.pl\/uk\/wp-json\/wp\/v2\/tags?post=19195"}],"curies":[{"name":"wp","href":"https:\/\/api.w.org\/{rel}","templated":true}]}}