{"id":19072,"date":"2020-04-04T18:39:45","date_gmt":"2020-04-04T16:39:45","guid":{"rendered":"https:\/\/marek2.rkartist.pl\/?p=19072"},"modified":"2020-07-05T13:07:37","modified_gmt":"2020-07-05T11:07:37","slug":"9-posiedzenie-sejmu-rzeczypospolitej-polskiej-bedzie-kontynuowane-w-poniedzialek-i-wtorek","status":"publish","type":"post","link":"https:\/\/marekkuchcinski.pl\/uk\/wiesci-z-sejmu\/9-posiedzenie-sejmu-rzeczypospolitej-polskiej-bedzie-kontynuowane-w-poniedzialek-i-wtorek\/","title":{"rendered":"9. posiedzenie Sejmu Rzeczypospolitej Polskiej b\u0119dzie kontynuowane w poniedzia\u0142ek i wtorek"},"content":{"rendered":"<p class=\"wp-block-paragraph\">Prezydium Sejmu, po zasi\u0119gni\u0119ciu opinii Konwentu Senior\u00f3w, dokona\u0142o zmian w terminarzu posiedze\u0144 Izby. 9. posiedzenie b\u0119dzie kontynuowane 6 i 7 kwietnia (poniedzia\u0142ek &#8211; wtorek).<\/p>\n\n\n\n<p class=\"wp-block-paragraph\">Pocz\u0105tek obrad zaplanowany zosta\u0142 na godzin\u0119 10.00. Prezes Rady Ministr\u00f3w Mateusz Morawiecki przedstawi informacj\u0119 nt. <strong>sytuacji epidemiologicznej zwi\u0105zanej z rozprzestrzenianiem si\u0119 koronawirusa w Polsce<\/strong>.  Punkt przewiduje r\u00f3wnie\u017c 5-minutowe o\u015bwiadczenia w imieniu klub\u00f3w i ko\u0142a.<\/p>\n\n\n\n<p class=\"wp-block-paragraph\">Zgodnie z przedstawionym harmonogramem rozpatrywania punkt\u00f3w porz\u0105dku dziennego, o godzinie 12.00 rozpocz\u0105\u0107 maj\u0105 si\u0119 g\u0142osowania, mi\u0119dzy innymi nad punktem spornym, kt\u00f3ry dotyczy g\u0142osowania korespondencyjnego wraz z autopoprawk\u0105 do tego projektu.<\/p>\n\n\n\n<p class=\"wp-block-paragraph\">Projekt ustawy autorstwa Klubu Prawo i Sprawiedliwo\u015b\u0107 w sprawie szczeg\u00f3lnych zasad prowadzenia g\u0142osowania w wyborach Prezydenta Rzeczypospolitej Polskiej rozszerza dotychczas obowi\u0105zuj\u0105ce przepisy o mo\u017cliwo\u015b\u0107 g\u0142osowania korespondencyjnego dla wszystkich senior\u00f3w powy\u017cej 60. roku \u017cycia oraz osoby obj\u0119te kwarantann\u0105.<\/p>\n\n\n\n<p class=\"wp-block-paragraph\">Z\u0142o\u017cona w pi\u0105tek przez Klub PiS &nbsp;do ww. projektu ustawy autopoprawka zak\u0142ada, \u017ce w <strong>wyborach prezydenckich w 2020 r. g\u0142osowanie b\u0119dzie odbywa\u0107 si\u0119 wy\u0142\u0105cznie&nbsp;korespondencyjne. <\/strong>Proponowane zmiany mia\u0142yby dotyczy\u0107 zar\u00f3wno pierwszej zaplanowanej na 10 maja tury, jak i ewentualnej drugiej. <\/p>\n\n\n\n<p class=\"wp-block-paragraph\">Jest to najbezpieczniejszy spos\u00f3b przeprowadzenia wybor\u00f3w, bo nie wymaga osobistego przybywania do lokali wyborczych.<\/p>\n\n\n\n<p class=\"wp-block-paragraph\">\u017ar\u00f3d\u0142o: PAP, Centrum Informacyjne Sejmu<\/p>","protected":false},"excerpt":{"rendered":"<p>Prezydium Sejmu, po zasi\u0119gni\u0119ciu opinii Konwentu Senior\u00f3w, dokona\u0142o zmian w terminarzu posiedze\u0144 Izby. 9. posiedzenie b\u0119dzie kontynuowane 6 i 7 kwietnia (poniedzia\u0142ek &#8211; wtorek). Pocz\u0105tek obrad zaplanowany zosta\u0142 na godzin\u0119 10.00. Prezes Rady Ministr\u00f3w Mateusz Morawiecki przedstawi informacj\u0119 nt. sytuacji epidemiologicznej zwi\u0105zanej z rozprzestrzenianiem si\u0119 koronawirusa w Polsce. Punkt przewiduje r\u00f3wnie\u017c 5-minutowe o\u015bwiadczenia w imieniu [&hellip;]<\/p>\n","protected":false},"author":2,"featured_media":17277,"comment_status":"open","ping_status":"open","sticky":false,"template":"","format":"standard","meta":{"ngg_post_thumbnail":0,"footnotes":""},"categories":[81],"tags":[],"class_list":["post-19072","post","type-post","status-publish","format-standard","has-post-thumbnail","hentry","category-wiesci-z-sejmu"],"yoast_head":"<!-- This site is optimized with the Yoast SEO plugin v28.4 - https:\/\/yoast.com\/product\/yoast-seo-wordpress\/ -->\n<title>9. posiedzenie Sejmu Rzeczypospolitej Polskiej b\u0119dzie kontynuowane w poniedzia\u0142ek i wtorek &#8211; Marek Kuchci\u0144ski<\/title>\n<meta name=\"robots\" content=\"index, follow, max-snippet:-1, max-image-preview:large, max-video-preview:-1\" \/>\n<link rel=\"canonical\" href=\"https:\/\/marekkuchcinski.pl\/uk\/wiesci-z-sejmu\/9-posiedzenie-sejmu-rzeczypospolitej-polskiej-bedzie-kontynuowane-w-poniedzialek-i-wtorek\/\" \/>\n<meta property=\"og:locale\" content=\"uk_UA\" \/>\n<meta property=\"og:type\" content=\"article\" \/>\n<meta property=\"og:title\" content=\"9. posiedzenie Sejmu Rzeczypospolitej Polskiej b\u0119dzie kontynuowane w poniedzia\u0142ek i wtorek &#8211; Marek Kuchci\u0144ski\" \/>\n<meta property=\"og:description\" content=\"Prezydium Sejmu, po zasi\u0119gni\u0119ciu opinii Konwentu Senior\u00f3w, dokona\u0142o zmian w terminarzu posiedze\u0144 Izby. 9. posiedzenie b\u0119dzie kontynuowane 6 i 7 kwietnia (poniedzia\u0142ek &#8211; wtorek). Pocz\u0105tek obrad zaplanowany zosta\u0142 na godzin\u0119 10.00. Prezes Rady Ministr\u00f3w Mateusz Morawiecki przedstawi informacj\u0119 nt. sytuacji epidemiologicznej zwi\u0105zanej z rozprzestrzenianiem si\u0119 koronawirusa w Polsce. Punkt przewiduje r\u00f3wnie\u017c 5-minutowe o\u015bwiadczenia w imieniu [&hellip;]\" \/>\n<meta property=\"og:url\" content=\"https:\/\/marekkuchcinski.pl\/uk\/wiesci-z-sejmu\/9-posiedzenie-sejmu-rzeczypospolitej-polskiej-bedzie-kontynuowane-w-poniedzialek-i-wtorek\/\" \/>\n<meta property=\"og:site_name\" content=\"Marek Kuchci\u0144ski\" \/>\n<meta property=\"article:published_time\" content=\"2020-04-04T16:39:45+00:00\" \/>\n<meta property=\"article:modified_time\" content=\"2020-07-05T11:07:37+00:00\" \/>\n<meta property=\"og:image\" content=\"https:\/\/marekkuchcinski.pl\/wp-content\/uploads\/2019\/07\/sejm-kwiecien-4.jpg\" \/>\n\t<meta property=\"og:image:width\" content=\"2048\" \/>\n\t<meta property=\"og:image:height\" content=\"1454\" \/>\n\t<meta property=\"og:image:type\" content=\"image\/jpeg\" \/>\n<meta name=\"author\" content=\"Tomasz \u0141acina\" \/>\n<meta name=\"twitter:card\" content=\"summary_large_image\" \/>\n<meta name=\"twitter:label1\" content=\"Written by\" \/>\n\t<meta name=\"twitter:data1\" content=\"Tomasz \u0141acina\" \/>\n\t<meta name=\"twitter:label2\" content=\"Est. reading time\" \/>\n\t<meta name=\"twitter:data2\" content=\"1 minute\" \/>\n<script type=\"application\/ld+json\" class=\"yoast-schema-graph\">{\"@context\":\"https:\\\/\\\/schema.org\",\"@graph\":[{\"@type\":\"Article\",\"@id\":\"https:\\\/\\\/marekkuchcinski.pl\\\/wiesci-z-sejmu\\\/9-posiedzenie-sejmu-rzeczypospolitej-polskiej-bedzie-kontynuowane-w-poniedzialek-i-wtorek\\\/#article\",\"isPartOf\":{\"@id\":\"https:\\\/\\\/marekkuchcinski.pl\\\/wiesci-z-sejmu\\\/9-posiedzenie-sejmu-rzeczypospolitej-polskiej-bedzie-kontynuowane-w-poniedzialek-i-wtorek\\\/\"},\"author\":{\"name\":\"Tomasz \u0141acina\",\"@id\":\"https:\\\/\\\/marekkuchcinski.pl\\\/#\\\/schema\\\/person\\\/aba1fe8aef473b9a6959c5931c34a69d\"},\"headline\":\"9. posiedzenie Sejmu Rzeczypospolitej Polskiej b\u0119dzie kontynuowane w poniedzia\u0142ek i wtorek\",\"datePublished\":\"2020-04-04T16:39:45+00:00\",\"dateModified\":\"2020-07-05T11:07:37+00:00\",\"mainEntityOfPage\":{\"@id\":\"https:\\\/\\\/marekkuchcinski.pl\\\/wiesci-z-sejmu\\\/9-posiedzenie-sejmu-rzeczypospolitej-polskiej-bedzie-kontynuowane-w-poniedzialek-i-wtorek\\\/\"},\"wordCount\":231,\"commentCount\":0,\"publisher\":{\"@id\":\"https:\\\/\\\/marekkuchcinski.pl\\\/#organization\"},\"image\":{\"@id\":\"https:\\\/\\\/marekkuchcinski.pl\\\/wiesci-z-sejmu\\\/9-posiedzenie-sejmu-rzeczypospolitej-polskiej-bedzie-kontynuowane-w-poniedzialek-i-wtorek\\\/#primaryimage\"},\"thumbnailUrl\":\"https:\\\/\\\/marekkuchcinski.pl\\\/wp-content\\\/uploads\\\/2019\\\/07\\\/sejm-kwiecien-4.jpg\",\"articleSection\":[\"Wie\u015bci z Sejmu\"],\"inLanguage\":\"uk\",\"potentialAction\":[{\"@type\":\"CommentAction\",\"name\":\"Comment\",\"target\":[\"https:\\\/\\\/marekkuchcinski.pl\\\/wiesci-z-sejmu\\\/9-posiedzenie-sejmu-rzeczypospolitej-polskiej-bedzie-kontynuowane-w-poniedzialek-i-wtorek\\\/#respond\"]}]},{\"@type\":\"WebPage\",\"@id\":\"https:\\\/\\\/marekkuchcinski.pl\\\/wiesci-z-sejmu\\\/9-posiedzenie-sejmu-rzeczypospolitej-polskiej-bedzie-kontynuowane-w-poniedzialek-i-wtorek\\\/\",\"url\":\"https:\\\/\\\/marekkuchcinski.pl\\\/wiesci-z-sejmu\\\/9-posiedzenie-sejmu-rzeczypospolitej-polskiej-bedzie-kontynuowane-w-poniedzialek-i-wtorek\\\/\",\"name\":\"9. posiedzenie Sejmu Rzeczypospolitej Polskiej b\u0119dzie kontynuowane w poniedzia\u0142ek i wtorek &#8211; Marek Kuchci\u0144ski\",\"isPartOf\":{\"@id\":\"https:\\\/\\\/marekkuchcinski.pl\\\/#website\"},\"primaryImageOfPage\":{\"@id\":\"https:\\\/\\\/marekkuchcinski.pl\\\/wiesci-z-sejmu\\\/9-posiedzenie-sejmu-rzeczypospolitej-polskiej-bedzie-kontynuowane-w-poniedzialek-i-wtorek\\\/#primaryimage\"},\"image\":{\"@id\":\"https:\\\/\\\/marekkuchcinski.pl\\\/wiesci-z-sejmu\\\/9-posiedzenie-sejmu-rzeczypospolitej-polskiej-bedzie-kontynuowane-w-poniedzialek-i-wtorek\\\/#primaryimage\"},\"thumbnailUrl\":\"https:\\\/\\\/marekkuchcinski.pl\\\/wp-content\\\/uploads\\\/2019\\\/07\\\/sejm-kwiecien-4.jpg\",\"datePublished\":\"2020-04-04T16:39:45+00:00\",\"dateModified\":\"2020-07-05T11:07:37+00:00\",\"breadcrumb\":{\"@id\":\"https:\\\/\\\/marekkuchcinski.pl\\\/wiesci-z-sejmu\\\/9-posiedzenie-sejmu-rzeczypospolitej-polskiej-bedzie-kontynuowane-w-poniedzialek-i-wtorek\\\/#breadcrumb\"},\"inLanguage\":\"uk\",\"potentialAction\":[{\"@type\":\"ReadAction\",\"target\":[\"https:\\\/\\\/marekkuchcinski.pl\\\/wiesci-z-sejmu\\\/9-posiedzenie-sejmu-rzeczypospolitej-polskiej-bedzie-kontynuowane-w-poniedzialek-i-wtorek\\\/\"]}]},{\"@type\":\"ImageObject\",\"inLanguage\":\"uk\",\"@id\":\"https:\\\/\\\/marekkuchcinski.pl\\\/wiesci-z-sejmu\\\/9-posiedzenie-sejmu-rzeczypospolitej-polskiej-bedzie-kontynuowane-w-poniedzialek-i-wtorek\\\/#primaryimage\",\"url\":\"https:\\\/\\\/marekkuchcinski.pl\\\/wp-content\\\/uploads\\\/2019\\\/07\\\/sejm-kwiecien-4.jpg\",\"contentUrl\":\"https:\\\/\\\/marekkuchcinski.pl\\\/wp-content\\\/uploads\\\/2019\\\/07\\\/sejm-kwiecien-4.jpg\",\"width\":2048,\"height\":1454},{\"@type\":\"BreadcrumbList\",\"@id\":\"https:\\\/\\\/marekkuchcinski.pl\\\/wiesci-z-sejmu\\\/9-posiedzenie-sejmu-rzeczypospolitej-polskiej-bedzie-kontynuowane-w-poniedzialek-i-wtorek\\\/#breadcrumb\",\"itemListElement\":[{\"@type\":\"ListItem\",\"position\":1,\"name\":\"Strona g\u0142\u00f3wna\",\"item\":\"https:\\\/\\\/marekkuchcinski.pl\\\/\"},{\"@type\":\"ListItem\",\"position\":2,\"name\":\"9. posiedzenie Sejmu Rzeczypospolitej Polskiej b\u0119dzie kontynuowane w poniedzia\u0142ek i wtorek\"}]},{\"@type\":\"WebSite\",\"@id\":\"https:\\\/\\\/marekkuchcinski.pl\\\/#website\",\"url\":\"https:\\\/\\\/marekkuchcinski.pl\\\/\",\"name\":\"Marek Kuchci\u0144ski\",\"description\":\"Marek Kuchci\u0144ski \",\"publisher\":{\"@id\":\"https:\\\/\\\/marekkuchcinski.pl\\\/#organization\"},\"potentialAction\":[{\"@type\":\"SearchAction\",\"target\":{\"@type\":\"EntryPoint\",\"urlTemplate\":\"https:\\\/\\\/marekkuchcinski.pl\\\/?s={search_term_string}\"},\"query-input\":{\"@type\":\"PropertyValueSpecification\",\"valueRequired\":true,\"valueName\":\"search_term_string\"}}],\"inLanguage\":\"uk\"},{\"@type\":\"Organization\",\"@id\":\"https:\\\/\\\/marekkuchcinski.pl\\\/#organization\",\"name\":\"Marek Kuchci\u0144ski\",\"url\":\"https:\\\/\\\/marekkuchcinski.pl\\\/\",\"logo\":{\"@type\":\"ImageObject\",\"inLanguage\":\"uk\",\"@id\":\"https:\\\/\\\/marekkuchcinski.pl\\\/#\\\/schema\\\/logo\\\/image\\\/\",\"url\":\"https:\\\/\\\/marekkuchcinski.pl\\\/wp-content\\\/uploads\\\/2022\\\/09\\\/Marek.jpg\",\"contentUrl\":\"https:\\\/\\\/marekkuchcinski.pl\\\/wp-content\\\/uploads\\\/2022\\\/09\\\/Marek.jpg\",\"width\":1600,\"height\":971,\"caption\":\"Marek Kuchci\u0144ski\"},\"image\":{\"@id\":\"https:\\\/\\\/marekkuchcinski.pl\\\/#\\\/schema\\\/logo\\\/image\\\/\"}},{\"@type\":\"Person\",\"@id\":\"https:\\\/\\\/marekkuchcinski.pl\\\/#\\\/schema\\\/person\\\/aba1fe8aef473b9a6959c5931c34a69d\",\"name\":\"Tomasz \u0141acina\",\"image\":{\"@type\":\"ImageObject\",\"inLanguage\":\"uk\",\"@id\":\"https:\\\/\\\/secure.gravatar.com\\\/avatar\\\/fd39e6ddb0386ca8ff9cf0a0732afdeb33a6c2f19978b6d60dfd33e5c2258908?s=96&d=mm&r=g\",\"url\":\"https:\\\/\\\/secure.gravatar.com\\\/avatar\\\/fd39e6ddb0386ca8ff9cf0a0732afdeb33a6c2f19978b6d60dfd33e5c2258908?s=96&d=mm&r=g\",\"contentUrl\":\"https:\\\/\\\/secure.gravatar.com\\\/avatar\\\/fd39e6ddb0386ca8ff9cf0a0732afdeb33a6c2f19978b6d60dfd33e5c2258908?s=96&d=mm&r=g\",\"caption\":\"Tomasz \u0141acina\"},\"url\":\"https:\\\/\\\/marekkuchcinski.pl\\\/uk\\\/author\\\/tomek-lacina\\\/\"}]}<\/script>\n<!-- \/ Yoast SEO plugin. -->","yoast_head_json":{"title":"9. posiedzenie Sejmu Rzeczypospolitej Polskiej b\u0119dzie kontynuowane w poniedzia\u0142ek i wtorek &#8211; Marek Kuchci\u0144ski","robots":{"index":"index","follow":"follow","max-snippet":"max-snippet:-1","max-image-preview":"max-image-preview:large","max-video-preview":"max-video-preview:-1"},"canonical":"https:\/\/marekkuchcinski.pl\/uk\/wiesci-z-sejmu\/9-posiedzenie-sejmu-rzeczypospolitej-polskiej-bedzie-kontynuowane-w-poniedzialek-i-wtorek\/","og_locale":"uk_UA","og_type":"article","og_title":"9. posiedzenie Sejmu Rzeczypospolitej Polskiej b\u0119dzie kontynuowane w poniedzia\u0142ek i wtorek &#8211; Marek Kuchci\u0144ski","og_description":"Prezydium Sejmu, po zasi\u0119gni\u0119ciu opinii Konwentu Senior\u00f3w, dokona\u0142o zmian w terminarzu posiedze\u0144 Izby. 9. posiedzenie b\u0119dzie kontynuowane 6 i 7 kwietnia (poniedzia\u0142ek &#8211; wtorek). Pocz\u0105tek obrad zaplanowany zosta\u0142 na godzin\u0119 10.00. Prezes Rady Ministr\u00f3w Mateusz Morawiecki przedstawi informacj\u0119 nt. sytuacji epidemiologicznej zwi\u0105zanej z rozprzestrzenianiem si\u0119 koronawirusa w Polsce. Punkt przewiduje r\u00f3wnie\u017c 5-minutowe o\u015bwiadczenia w imieniu [&hellip;]","og_url":"https:\/\/marekkuchcinski.pl\/uk\/wiesci-z-sejmu\/9-posiedzenie-sejmu-rzeczypospolitej-polskiej-bedzie-kontynuowane-w-poniedzialek-i-wtorek\/","og_site_name":"Marek Kuchci\u0144ski","article_published_time":"2020-04-04T16:39:45+00:00","article_modified_time":"2020-07-05T11:07:37+00:00","og_image":[{"width":2048,"height":1454,"url":"https:\/\/marekkuchcinski.pl\/wp-content\/uploads\/2019\/07\/sejm-kwiecien-4.jpg","type":"image\/jpeg"}],"author":"Tomasz \u0141acina","twitter_card":"summary_large_image","twitter_misc":{"Written by":"Tomasz \u0141acina","Est. reading time":"1 minute"},"schema":{"@context":"https:\/\/schema.org","@graph":[{"@type":"Article","@id":"https:\/\/marekkuchcinski.pl\/wiesci-z-sejmu\/9-posiedzenie-sejmu-rzeczypospolitej-polskiej-bedzie-kontynuowane-w-poniedzialek-i-wtorek\/#article","isPartOf":{"@id":"https:\/\/marekkuchcinski.pl\/wiesci-z-sejmu\/9-posiedzenie-sejmu-rzeczypospolitej-polskiej-bedzie-kontynuowane-w-poniedzialek-i-wtorek\/"},"author":{"name":"Tomasz \u0141acina","@id":"https:\/\/marekkuchcinski.pl\/#\/schema\/person\/aba1fe8aef473b9a6959c5931c34a69d"},"headline":"9. posiedzenie Sejmu Rzeczypospolitej Polskiej b\u0119dzie kontynuowane w poniedzia\u0142ek i wtorek","datePublished":"2020-04-04T16:39:45+00:00","dateModified":"2020-07-05T11:07:37+00:00","mainEntityOfPage":{"@id":"https:\/\/marekkuchcinski.pl\/wiesci-z-sejmu\/9-posiedzenie-sejmu-rzeczypospolitej-polskiej-bedzie-kontynuowane-w-poniedzialek-i-wtorek\/"},"wordCount":231,"commentCount":0,"publisher":{"@id":"https:\/\/marekkuchcinski.pl\/#organization"},"image":{"@id":"https:\/\/marekkuchcinski.pl\/wiesci-z-sejmu\/9-posiedzenie-sejmu-rzeczypospolitej-polskiej-bedzie-kontynuowane-w-poniedzialek-i-wtorek\/#primaryimage"},"thumbnailUrl":"https:\/\/marekkuchcinski.pl\/wp-content\/uploads\/2019\/07\/sejm-kwiecien-4.jpg","articleSection":["Wie\u015bci z Sejmu"],"inLanguage":"uk","potentialAction":[{"@type":"CommentAction","name":"Comment","target":["https:\/\/marekkuchcinski.pl\/wiesci-z-sejmu\/9-posiedzenie-sejmu-rzeczypospolitej-polskiej-bedzie-kontynuowane-w-poniedzialek-i-wtorek\/#respond"]}]},{"@type":"WebPage","@id":"https:\/\/marekkuchcinski.pl\/wiesci-z-sejmu\/9-posiedzenie-sejmu-rzeczypospolitej-polskiej-bedzie-kontynuowane-w-poniedzialek-i-wtorek\/","url":"https:\/\/marekkuchcinski.pl\/wiesci-z-sejmu\/9-posiedzenie-sejmu-rzeczypospolitej-polskiej-bedzie-kontynuowane-w-poniedzialek-i-wtorek\/","name":"9. posiedzenie Sejmu Rzeczypospolitej Polskiej b\u0119dzie kontynuowane w poniedzia\u0142ek i wtorek &#8211; Marek Kuchci\u0144ski","isPartOf":{"@id":"https:\/\/marekkuchcinski.pl\/#website"},"primaryImageOfPage":{"@id":"https:\/\/marekkuchcinski.pl\/wiesci-z-sejmu\/9-posiedzenie-sejmu-rzeczypospolitej-polskiej-bedzie-kontynuowane-w-poniedzialek-i-wtorek\/#primaryimage"},"image":{"@id":"https:\/\/marekkuchcinski.pl\/wiesci-z-sejmu\/9-posiedzenie-sejmu-rzeczypospolitej-polskiej-bedzie-kontynuowane-w-poniedzialek-i-wtorek\/#primaryimage"},"thumbnailUrl":"https:\/\/marekkuchcinski.pl\/wp-content\/uploads\/2019\/07\/sejm-kwiecien-4.jpg","datePublished":"2020-04-04T16:39:45+00:00","dateModified":"2020-07-05T11:07:37+00:00","breadcrumb":{"@id":"https:\/\/marekkuchcinski.pl\/wiesci-z-sejmu\/9-posiedzenie-sejmu-rzeczypospolitej-polskiej-bedzie-kontynuowane-w-poniedzialek-i-wtorek\/#breadcrumb"},"inLanguage":"uk","potentialAction":[{"@type":"ReadAction","target":["https:\/\/marekkuchcinski.pl\/wiesci-z-sejmu\/9-posiedzenie-sejmu-rzeczypospolitej-polskiej-bedzie-kontynuowane-w-poniedzialek-i-wtorek\/"]}]},{"@type":"ImageObject","inLanguage":"uk","@id":"https:\/\/marekkuchcinski.pl\/wiesci-z-sejmu\/9-posiedzenie-sejmu-rzeczypospolitej-polskiej-bedzie-kontynuowane-w-poniedzialek-i-wtorek\/#primaryimage","url":"https:\/\/marekkuchcinski.pl\/wp-content\/uploads\/2019\/07\/sejm-kwiecien-4.jpg","contentUrl":"https:\/\/marekkuchcinski.pl\/wp-content\/uploads\/2019\/07\/sejm-kwiecien-4.jpg","width":2048,"height":1454},{"@type":"BreadcrumbList","@id":"https:\/\/marekkuchcinski.pl\/wiesci-z-sejmu\/9-posiedzenie-sejmu-rzeczypospolitej-polskiej-bedzie-kontynuowane-w-poniedzialek-i-wtorek\/#breadcrumb","itemListElement":[{"@type":"ListItem","position":1,"name":"Strona g\u0142\u00f3wna","item":"https:\/\/marekkuchcinski.pl\/"},{"@type":"ListItem","position":2,"name":"9. posiedzenie Sejmu Rzeczypospolitej Polskiej b\u0119dzie kontynuowane w poniedzia\u0142ek i wtorek"}]},{"@type":"WebSite","@id":"https:\/\/marekkuchcinski.pl\/#website","url":"https:\/\/marekkuchcinski.pl\/","name":"Marek Kuchci\u0144ski","description":"Marek Kuchci\u0144ski","publisher":{"@id":"https:\/\/marekkuchcinski.pl\/#organization"},"potentialAction":[{"@type":"SearchAction","target":{"@type":"EntryPoint","urlTemplate":"https:\/\/marekkuchcinski.pl\/?s={search_term_string}"},"query-input":{"@type":"PropertyValueSpecification","valueRequired":true,"valueName":"search_term_string"}}],"inLanguage":"uk"},{"@type":"Organization","@id":"https:\/\/marekkuchcinski.pl\/#organization","name":"Marek Kuchci\u0144ski","url":"https:\/\/marekkuchcinski.pl\/","logo":{"@type":"ImageObject","inLanguage":"uk","@id":"https:\/\/marekkuchcinski.pl\/#\/schema\/logo\/image\/","url":"https:\/\/marekkuchcinski.pl\/wp-content\/uploads\/2022\/09\/Marek.jpg","contentUrl":"https:\/\/marekkuchcinski.pl\/wp-content\/uploads\/2022\/09\/Marek.jpg","width":1600,"height":971,"caption":"Marek Kuchci\u0144ski"},"image":{"@id":"https:\/\/marekkuchcinski.pl\/#\/schema\/logo\/image\/"}},{"@type":"Person","@id":"https:\/\/marekkuchcinski.pl\/#\/schema\/person\/aba1fe8aef473b9a6959c5931c34a69d","name":"Tomasz \u0141acina","image":{"@type":"ImageObject","inLanguage":"uk","@id":"https:\/\/secure.gravatar.com\/avatar\/fd39e6ddb0386ca8ff9cf0a0732afdeb33a6c2f19978b6d60dfd33e5c2258908?s=96&d=mm&r=g","url":"https:\/\/secure.gravatar.com\/avatar\/fd39e6ddb0386ca8ff9cf0a0732afdeb33a6c2f19978b6d60dfd33e5c2258908?s=96&d=mm&r=g","contentUrl":"https:\/\/secure.gravatar.com\/avatar\/fd39e6ddb0386ca8ff9cf0a0732afdeb33a6c2f19978b6d60dfd33e5c2258908?s=96&d=mm&r=g","caption":"Tomasz \u0141acina"},"url":"https:\/\/marekkuchcinski.pl\/uk\/author\/tomek-lacina\/"}]}},"_links":{"self":[{"href":"https:\/\/marekkuchcinski.pl\/uk\/wp-json\/wp\/v2\/posts\/19072","targetHints":{"allow":["GET"]}}],"collection":[{"href":"https:\/\/marekkuchcinski.pl\/uk\/wp-json\/wp\/v2\/posts"}],"about":[{"href":"https:\/\/marekkuchcinski.pl\/uk\/wp-json\/wp\/v2\/types\/post"}],"author":[{"embeddable":true,"href":"https:\/\/marekkuchcinski.pl\/uk\/wp-json\/wp\/v2\/users\/2"}],"replies":[{"embeddable":true,"href":"https:\/\/marekkuchcinski.pl\/uk\/wp-json\/wp\/v2\/comments?post=19072"}],"version-history":[{"count":1,"href":"https:\/\/marekkuchcinski.pl\/uk\/wp-json\/wp\/v2\/posts\/19072\/revisions"}],"predecessor-version":[{"id":19073,"href":"https:\/\/marekkuchcinski.pl\/uk\/wp-json\/wp\/v2\/posts\/19072\/revisions\/19073"}],"wp:featuredmedia":[{"embeddable":true,"href":"https:\/\/marekkuchcinski.pl\/uk\/wp-json\/wp\/v2\/media\/17277"}],"wp:attachment":[{"href":"https:\/\/marekkuchcinski.pl\/uk\/wp-json\/wp\/v2\/media?parent=19072"}],"wp:term":[{"taxonomy":"category","embeddable":true,"href":"https:\/\/marekkuchcinski.pl\/uk\/wp-json\/wp\/v2\/categories?post=19072"},{"taxonomy":"post_tag","embeddable":true,"href":"https:\/\/marekkuchcinski.pl\/uk\/wp-json\/wp\/v2\/tags?post=19072"}],"curies":[{"name":"wp","href":"https:\/\/api.w.org\/{rel}","templated":true}]}}