{"id":15201,"date":"2019-05-05T22:47:23","date_gmt":"2019-05-05T20:47:23","guid":{"rendered":"https:\/\/marekkuchcinski.pl\/?p=15201"},"modified":"2019-05-05T23:02:58","modified_gmt":"2019-05-05T21:02:58","slug":"200-rocznica-urodzin-stanislawa-moniuszki","status":"publish","type":"post","link":"https:\/\/marekkuchcinski.pl\/uk\/wydarzenia\/200-rocznica-urodzin-stanislawa-moniuszki\/","title":{"rendered":"200 \u0440\u043e\u043a\u0456\u0432 \u0432\u0456\u0434 \u0434\u043d\u044f \u043d\u0430\u0440\u043e\u0434\u0436\u0435\u043d\u043d\u044f \u0421\u0442\u0430\u043d\u0456\u0441\u043b\u0430\u0432\u0430 \u041c\u043e\u043d\u044e\u0448\u043a\u0430"},"content":{"rendered":"<p><strong>5 \u0442\u0440\u0430\u0432\u043d\u044f 1819 \u0440\u043e\u043a\u0443 \u043d\u0430\u0440\u043e\u0434\u0438\u0432\u0441\u044f \u0421\u0442\u0430\u043d\u0456\u0441\u043b\u0430\u0432 \u041c\u043e\u043d\u044e\u0448\u043a\u043e. \u0417 \u0446\u0456\u0454\u0457 \u043d\u0430\u0433\u043e\u0434\u0438 \u043f\u043e\u043b\u044c\u0441\u044c\u043a\u0438\u0439 \u043f\u0430\u0440\u043b\u0430\u043c\u0435\u043d\u0442 20 \u043b\u0438\u043f\u043d\u044f 2018 \u0440\u043e\u043a\u0443 \u0443\u0445\u0432\u0430\u043b\u0438\u0432 \u0440\u0435\u0437\u043e\u043b\u044e\u0446\u0456\u044e, \u0432 \u044f\u043a\u0456\u0439 \u0437\u0430\u0437\u043d\u0430\u0447\u0430\u0454\u0442\u044c\u0441\u044f<\/strong><\/p>\n\n\n\n<p>\u0423 2019 \u0440\u043e\u0446\u0456 \u0432\u0438\u043f\u043e\u0432\u043d\u044e\u0454\u0442\u044c\u0441\u044f 200 \u0440\u043e\u043a\u0456\u0432 \u0432\u0456\u0434 \u0434\u043d\u044f \u043d\u0430\u0440\u043e\u0434\u0436\u0435\u043d\u043d\u044f \u0421\u0442\u0430\u043d\u0456\u0441\u043b\u0430\u0432\u0430 \u041c\u043e\u043d\u044e\u0448\u043a\u0430 - \u0432\u0438\u0434\u0430\u0442\u043d\u043e\u0433\u043e \u043a\u043e\u043c\u043f\u043e\u0437\u0438\u0442\u043e\u0440\u0430, \u0434\u0438\u0440\u0438\u0433\u0435\u043d\u0442\u0430, \u043e\u0440\u0433\u0430\u043d\u0456\u0441\u0442\u0430, \u043f\u0435\u0434\u0430\u0433\u043e\u0433\u0430, \u0434\u0438\u0440\u0435\u043a\u0442\u043e\u0440\u0430 \u0412\u0435\u043b\u0438\u043a\u043e\u0433\u043e \u0442\u0435\u0430\u0442\u0440\u0443 \u0443 \u0412\u0430\u0440\u0448\u0430\u0432\u0456, \u0442\u0432\u043e\u0440\u0446\u044f \u043f\u043e\u043b\u044c\u0441\u044c\u043a\u043e\u0457 \u043d\u0430\u0446\u0456\u043e\u043d\u0430\u043b\u044c\u043d\u043e\u0457 \u043e\u043f\u0435\u0440\u0438.<\/p>\n\n\n\n<p>\u041a\u043e\u043c\u043f\u043e\u0437\u0438\u0442\u043e\u0440\u0441\u044c\u043a\u0438\u0439 \u0434\u043e\u0440\u043e\u0431\u043e\u043a \u0421\u0442\u0430\u043d\u0456\u0441\u043b\u0430\u0432\u0430 \u041c\u043e\u043d\u044e\u0448\u043a\u0430, \u0449\u043e \u0441\u043a\u043b\u0430\u0434\u0430\u0454\u0442\u044c\u0441\u044f \u0437 \u043e\u043f\u0435\u0440, \u043f\u0456\u0441\u0435\u043d\u044c, \u043a\u0430\u043d\u0442\u0430\u0442, \u0440\u0435\u043b\u0456\u0433\u0456\u0439\u043d\u0438\u0445, \u0441\u0438\u043c\u0444\u043e\u043d\u0456\u0447\u043d\u0438\u0445, \u043a\u0430\u043c\u0435\u0440\u043d\u0438\u0445 \u0456 \u0441\u043e\u043b\u044c\u043d\u0438\u0445 \u0442\u0432\u043e\u0440\u0456\u0432, \u0430 \u0442\u0430\u043a\u043e\u0436 \u043e\u043f\u0435\u0440\u0435\u0442, \u0431\u0430\u043b\u0435\u0442\u0456\u0432 \u0456 \u043c\u0443\u0437\u0438\u043a\u0438 \u0434\u043e \u0434\u0440\u0430\u043c, \u0432\u0440\u0430\u0436\u0430\u0454 \u0441\u0432\u043e\u0454\u044e \u0440\u0456\u0437\u043d\u043e\u043c\u0430\u043d\u0456\u0442\u043d\u0456\u0441\u0442\u044e, \u043c\u0435\u043b\u043e\u0434\u0456\u0439\u043d\u0438\u043c \u0431\u0430\u0433\u0430\u0442\u0441\u0442\u0432\u043e\u043c \u0456 \u0433\u043b\u0438\u0431\u043e\u043a\u0438\u043c \u043a\u043e\u0440\u0456\u043d\u043d\u044f\u043c \u0443 \u043d\u0430\u0446\u0456\u043e\u043d\u0430\u043b\u044c\u043d\u0443 \u043c\u0443\u0437\u0438\u0447\u043d\u0443 \u0442\u0440\u0430\u0434\u0438\u0446\u0456\u044e. \u0419\u043e\u0433\u043e \u043e\u043f\u0435\u0440\u043d\u0456 \u0442\u0430 \u043b\u0456\u0440\u0438\u0447\u043d\u0456 \u0442\u0432\u043e\u0440\u0438 \u0441\u043a\u043b\u0430\u0434\u0430\u044e\u0442\u044c \u043e\u0441\u043d\u043e\u0432\u0443 \u043f\u043e\u043b\u044c\u0441\u044c\u043a\u043e\u0433\u043e \u0432\u043e\u043a\u0430\u043b\u044c\u043d\u043e\u0433\u043e \u0440\u0435\u043f\u0435\u0440\u0442\u0443\u0430\u0440\u0443 \u0456 \u0447\u0430\u0441\u0442\u043e \u0454 \u0432\u0456\u0441\u0441\u044e \u043c\u0438\u0441\u0442\u0435\u0446\u044c\u043a\u0438\u0445 \u0437\u0430\u0446\u0456\u043a\u0430\u0432\u043b\u0435\u043d\u044c \u043d\u0430\u0439\u0432\u0438\u0434\u0430\u0442\u043d\u0456\u0448\u0438\u0445 \u043f\u043e\u043b\u044c\u0441\u044c\u043a\u0438\u0445 \u0441\u043f\u0456\u0432\u0430\u043a\u0456\u0432.<\/p>\n\n\n\n<p>\u0410\u0432\u0442\u043e\u0440 \"\u0414\u043e\u043c\u0430\u0448\u043d\u044c\u043e\u0433\u043e \u043f\u0456\u0441\u0435\u043d\u043d\u0438\u043a\u0430\" \u0437 \u043f\u043e\u043d\u0430\u0434 200 \u043f\u0456\u0441\u0435\u043d\u044c. \u0422\u0435\u0440\u043c\u0456\u043d \"\u0432\u0456\u0442\u0447\u0438\u0437\u043d\u044f\u043d\u0438\u0439\" \u043c\u0430\u0432 \u0431\u0456\u043b\u044c\u0448 \u0433\u043b\u0438\u0431\u043e\u043a\u0438\u0439 \u0437\u043c\u0456\u0441\u0442, \u0449\u043e\u0431 \u0443\u043d\u0438\u043a\u043d\u0443\u0442\u0438 \u0440\u043e\u0441\u0456\u0439\u0441\u044c\u043a\u043e\u0457 \u0446\u0435\u043d\u0437\u0443\u0440\u0438, \u0432\u0456\u043d \u0443 \u0437\u0430\u0432\u0443\u0430\u043b\u044c\u043e\u0432\u0430\u043d\u0456\u0439 \u0444\u043e\u0440\u043c\u0456 \u043f\u0456\u0434\u043a\u0440\u0435\u0441\u043b\u044e\u0432\u0430\u0432 \u043d\u0430\u0446\u0456\u043e\u043d\u0430\u043b\u044c\u043d\u0438\u0439 \u0445\u0430\u0440\u0430\u043a\u0442\u0435\u0440 \u043f\u0456\u0441\u0435\u043d\u044c, \u0449\u043e \u043c\u0456\u0441\u0442\u0438\u043b\u0438\u0441\u044f \u0443 \u043f\u0456\u0441\u0435\u043d\u043d\u0438\u043a\u0443.<\/p>\n\n\n\n<p>\u0423 \u0441\u0432\u043e\u0457\u0445 \u0442\u0432\u043e\u0440\u0430\u0445 \u043a\u043e\u043c\u043f\u043e\u0437\u0438\u0442\u043e\u0440 \u043e\u0445\u043e\u0447\u0435 \u0437\u0432\u0435\u0440\u0442\u0430\u0432\u0441\u044f \u0434\u043e \u0435\u043b\u0435\u043c\u0435\u043d\u0442\u0456\u0432 \u0444\u043e\u043b\u044c\u043a\u043b\u043e\u0440\u0443 \u0442\u0430 \u043d\u0430\u0440\u043e\u0434\u043d\u0438\u0445 \u0437\u0432\u0438\u0447\u0430\u0457\u0432. \u041d\u0430\u0434\u0430\u043d\u043d\u044f \u0442\u0432\u043e\u0440\u0430\u043c \u043c\u0456\u0441\u0446\u0435\u0432\u043e\u0433\u043e \u043a\u043e\u043b\u043e\u0440\u0438\u0442\u0443 \u0447\u0435\u0440\u0435\u0437 \u0437\u0432\u0435\u0440\u043d\u0435\u043d\u043d\u044f \u0434\u043e \u0442\u0440\u0430\u0434\u0438\u0446\u0456\u0439 \u0442\u0430 \u043d\u0430\u0440\u043e\u0434\u043d\u043e\u0457 \u043c\u0443\u0437\u0438\u043a\u0438 \u0432\u043f\u043b\u0438\u043d\u0443\u043b\u043e \u043d\u0430 \u043f\u043e\u043f\u0443\u043b\u044f\u0440\u043d\u0456\u0441\u0442\u044c \u0441\u0442\u0432\u043e\u0440\u0435\u043d\u0438\u0445 \u0443 \u0442\u043e\u0439 \u0447\u0430\u0441 \u0442\u0430\u043a \u0437\u0432\u0430\u043d\u0438\u0445 \"\u043d\u0430\u0446\u0456\u043e\u043d\u0430\u043b\u044c\u043d\u0438\u0445 \u0448\u043a\u0456\u043b\" - \u043e\u0431'\u0454\u0434\u043d\u0430\u043d\u044c \u043a\u043e\u043c\u043f\u043e\u0437\u0438\u0442\u043e\u0440\u0456\u0432 \u043e\u0434\u043d\u0456\u0454\u0457 \u043d\u0430\u0446\u0456\u043e\u043d\u0430\u043b\u044c\u043d\u043e\u0441\u0442\u0456, \u044f\u043a\u0456 \u0441\u0442\u0432\u043e\u0440\u044e\u0432\u0430\u043b\u0438 \u043c\u0443\u0437\u0438\u043a\u0443 \u043d\u0430 \u043e\u0441\u043d\u043e\u0432\u0456 \u0435\u043b\u0435\u043c\u0435\u043d\u0442\u0456\u0432 \u0432\u043b\u0430\u0441\u043d\u043e\u0457 \u043a\u0443\u043b\u044c\u0442\u0443\u0440\u0438 - \u0442\u0440\u0430\u0434\u0438\u0446\u0456\u0439\u043d\u0438\u0445 \u043c\u0435\u043b\u043e\u0434\u0456\u0439, \u0440\u0438\u0442\u043c\u0456\u0432 \u043d\u0430\u0446\u0456\u043e\u043d\u0430\u043b\u044c\u043d\u0438\u0445 \u0442\u0430\u043d\u0446\u0456\u0432 \u0442\u0430 \u0437 \u0442\u0435\u043a\u0441\u0442\u043e\u043c \u0440\u0456\u0434\u043d\u043e\u044e \u043c\u043e\u0432\u043e\u044e.<\/p>\n\n\n\n<p>\u0421\u0442\u0430\u043d\u0456\u0441\u043b\u0430\u0432 \u041c\u043e\u043d\u044e\u0448\u043a\u043e \u0431\u0443\u0432 \u0437\u0440\u0430\u0437\u043a\u043e\u0432\u0438\u043c \u043f\u0430\u0442\u0440\u0456\u043e\u0442\u043e\u043c \u0456, \u044f\u043a \u043f\u0438\u0441\u0430\u0432 \u0443 1921 \u0440\u043e\u0446\u0456 \u0434\u043e\u0441\u043b\u0456\u0434\u043d\u0438\u043a \u0439\u043e\u0433\u043e \u0442\u0432\u043e\u0440\u0447\u043e\u0441\u0442\u0456 \u0417\u0434\u0456\u0441\u043b\u0430\u0432 \u042f\u0445\u0456\u043c\u0435\u0446\u044c\u043a\u0438\u0439, \"\u043a\u0440\u043e\u0432 \u0437 \u043a\u0440\u043e\u0432\u0456 \u0456 \u043a\u0456\u0441\u0442\u043a\u0430 \u0437 \u043a\u0456\u0441\u0442\u043a\u0438 \u043f\u043e\u043b\u044f\u043a\u0430\". \u0422\u0432\u043e\u0440\u0438 \u043a\u043e\u043c\u043f\u043e\u0437\u0438\u0442\u043e\u0440\u0430, \u0439\u043e\u0433\u043e \u0432\u0435\u043b\u0438\u043a\u0456 \u043e\u043f\u0435\u0440\u0438 \"\u0413\u0430\u043b\u044c\u043a\u0430\" \u0442\u0430 \"\u0421\u0442\u0440\u0430\u0448\u043d\u0438\u0439 \u0434\u0432\u0456\u0440\", \u0449\u043e \u0442\u043e\u0440\u043a\u0430\u044e\u0442\u044c\u0441\u044f \u0441\u0430\u043c\u043e\u0457 \u0441\u0443\u0442\u0456 \u0456\u0434\u0456\u043e\u0441\u0442\u0438\u043b\u044e \u043f\u043e\u043b\u044c\u0441\u044c\u043a\u043e\u0441\u0442\u0456 - \u044f\u043a \u0443 \u0442\u0435\u043a\u0441\u0442\u0456, \u0442\u0430\u043a \u0456 \u0432 \u043c\u0443\u0437\u0438\u0446\u0456 - \u0456 \u0441\u044c\u043e\u0433\u043e\u0434\u043d\u0456 \u0454 \u043d\u0430\u0442\u0445\u043d\u0435\u043d\u043d\u044f\u043c \u0434\u043b\u044f \u0431\u0430\u0433\u0430\u0442\u044c\u043e\u0445 \u043c\u0438\u0442\u0446\u0456\u0432, \u0430 \u0441\u0432\u043e\u0433\u043e \u0447\u0430\u0441\u0443 \u0441\u0442\u0432\u043e\u0440\u0438\u043b\u0438 \u043f\u0430\u043b\u0456\u0442\u0440\u0443 \u0444\u0430\u0440\u0431, \u044f\u043a\u0438\u043c\u0438 \u043f\u043e\u043b\u044f\u043a\u0438 \u0437\u043c\u0430\u043b\u044c\u043e\u0432\u0443\u0432\u0430\u043b\u0438 \u043d\u0430\u0439\u043f\u0440\u0435\u043a\u0440\u0430\u0441\u043d\u0456\u0448\u0456 \u0432\u0456\u0434\u0442\u0456\u043d\u043a\u0438 \u043f\u0430\u0442\u0440\u0456\u043e\u0442\u0438\u0447\u043d\u0438\u0445 \u043f\u043e\u0447\u0443\u0442\u0442\u0456\u0432 \u0442\u0430 \u043d\u0430\u0446\u0456\u043e\u043d\u0430\u043b\u044c\u043d\u043e\u0457 \u0441\u0430\u043c\u043e\u0441\u0432\u0456\u0434\u043e\u043c\u043e\u0441\u0442\u0456. \u0412\u0456\u043d \u0431\u0443\u0432 \u043e\u0434\u043d\u0438\u043c \u0456\u0437 \u0437\u0430\u0441\u043d\u043e\u0432\u043d\u0438\u043a\u0456\u0432 \u0412\u0430\u0440\u0448\u0430\u0432\u0441\u044c\u043a\u043e\u0433\u043e \u043c\u0443\u0437\u0438\u0447\u043d\u043e\u0433\u043e \u0442\u043e\u0432\u0430\u0440\u0438\u0441\u0442\u0432\u0430 - \u043e\u0440\u0433\u0430\u043d\u0456\u0437\u0430\u0446\u0456\u0457, \u0440\u043e\u043b\u044c \u044f\u043a\u043e\u0457 \u0443 \u0440\u043e\u0437\u0432\u0438\u0442\u043a\u0443 \u043f\u043e\u043b\u044c\u0441\u044c\u043a\u043e\u0457 \u043c\u0443\u0437\u0438\u0447\u043d\u043e\u0457 \u043a\u0443\u043b\u044c\u0442\u0443\u0440\u0438 \u0432\u0430\u0436\u043a\u043e \u043f\u0435\u0440\u0435\u043e\u0446\u0456\u043d\u0438\u0442\u0438, \u0456 \u044f\u043a\u0430 \u0441\u044c\u043e\u0433\u043e\u0434\u043d\u0456 \u043d\u043e\u0441\u0438\u0442\u044c \u0456\u043c'\u044f \u0446\u044c\u043e\u0433\u043e \u0432\u0438\u0434\u0430\u0442\u043d\u043e\u0433\u043e \u043c\u0438\u0442\u0446\u044f.<\/p>\n\n\n\n<p>\u0421\u0435\u0439\u043c \u0420\u0435\u0441\u043f\u0443\u0431\u043b\u0456\u043a\u0438 \u041f\u043e\u043b\u044c\u0449\u0430, \u0431\u0443\u0434\u0443\u0447\u0438 \u043f\u0435\u0440\u0435\u043a\u043e\u043d\u0430\u043d\u0438\u043c \u0432 \u043e\u0441\u043e\u0431\u043b\u0438\u0432\u043e\u043c\u0443 \u0437\u043d\u0430\u0447\u0435\u043d\u043d\u0456 \u0442\u0432\u043e\u0440\u0447\u043e\u0441\u0442\u0456 \u043a\u043e\u043c\u043f\u043e\u0437\u0438\u0442\u043e\u0440\u0430, \u0432\u0456\u0434\u0434\u0430\u044e\u0447\u0438 \u043d\u0430\u043b\u0435\u0436\u043d\u0435 \u0446\u0456\u0439 \u0432\u0438\u0434\u0430\u0442\u043d\u0456\u0439 \u043f\u043e\u0441\u0442\u0430\u0442\u0456, \u0432\u0441\u0442\u0430\u043d\u043e\u0432\u043b\u044e\u0454 2019 \u0440\u0456\u043a \u0420\u043e\u043a\u043e\u043c \u0421\u0442\u0430\u043d\u0456\u0441\u043b\u0430\u0432\u0430 \u041c\u043e\u043d\u044e\u0448\u043a\u0430.<\/p>\n\n\n\n<p><strong>\u0421\u043f\u0456\u043a\u0435\u0440 \u0421\u0435\u0439\u043c\u0443: \u041c\u0430\u0440\u0435\u043a \u041a\u0443\u0445\u0446\u0456\u043d\u0441\u044c\u043a\u0438\u0439<\/strong><\/p>\n\n\n\n<p><\/p>\n\n\n\n<p>\u0417\u0430\u0445\u043e\u0434\u0438 \u0420\u043e\u043a\u0443 \u041c\u043e\u043d\u0456\u0443\u0448\u043a\u0430 \u043f\u043e \u0432\u0441\u0456\u0439 \u041f\u043e\u043b\u044c\u0449\u0456:<\/p>\n\n\n\n<p class=\"has-text-color has-vivid-red-color\"><a rel=\"noreferrer noopener\" aria-label=\" (\u0432\u0456\u0434\u043a\u0440\u0438\u0454\u0442\u044c\u0441\u044f \u0432 \u043d\u043e\u0432\u0456\u0439 \u0432\u043a\u043b\u0430\u0434\u0446\u0456)\" href=\"https:\/\/moniuszko200.pl\/pl\/\" target=\"_blank\"><strong>https:\/\/moniuszko200.pl\/pl\/<\/strong><\/a><\/p>\n\n\n\n<figure class=\"wp-block-image is-resized\"><img fetchpriority=\"high\" decoding=\"async\" src=\"https:\/\/marekkuchcinski.pl\/wp-content\/uploads\/2019\/05\/moniuszko-2-1.jpg\" alt=\"\" class=\"wp-image-15204\" width=\"560\" height=\"391\" srcset=\"https:\/\/marekkuchcinski.pl\/wp-content\/uploads\/2019\/05\/moniuszko-2-1.jpg 750w, https:\/\/marekkuchcinski.pl\/wp-content\/uploads\/2019\/05\/moniuszko-2-1-300x210.jpg 300w\" sizes=\"(max-width: 560px) 100vw, 560px\" \/><figcaption><em>\u0421\u0442\u0430\u043d\u0456\u0441\u043b\u0430\u0432 \u041c\u043e\u043d\u044e\u0448\u043a\u043e<\/em><\/figcaption><\/figure>","protected":false},"excerpt":{"rendered":"<p>5 maja 1819 roku urodzi\u0142 si\u0119 Stanis\u0142aw Moniuszko. Z tej okazji Sejm RP 20 lipca 2018 r. przyj\u0105\u0142 uchwa\u0142\u0119, w kt\u00f3rej czytamy: W 2019 roku przypada 200. rocznica urodzin Stanis\u0142awa Moniuszki \u2013 wybitnego kompozytora, dyrygenta, organisty, pedagoga, dyrektora Teatru Wielkiego w Warszawie, tw\u00f3rcy polskiej opery narodowej. Dorobek kompozytorski Stanis\u0142awa Moniuszki, sk\u0142adaj\u0105cy si\u0119 z oper, pie\u015bni, [&hellip;]<\/p>","protected":false},"author":6,"featured_media":15203,"comment_status":"open","ping_status":"open","sticky":false,"template":"","format":"standard","meta":{"ngg_post_thumbnail":0,"footnotes":""},"categories":[77,81,3],"tags":[],"class_list":["post-15201","post","type-post","status-publish","format-standard","has-post-thumbnail","hentry","category-wazne-daty","category-wiesci-z-sejmu","category-wydarzenia"],"yoast_head":"<!-- This site is optimized with the Yoast SEO plugin v24.7 - https:\/\/yoast.com\/wordpress\/plugins\/seo\/ -->\n<title>200. rocznica urodzin Stanis\u0142awa Moniuszki &#8211; Marek Kuchci\u0144ski<\/title>\n<meta name=\"robots\" content=\"index, follow, max-snippet:-1, max-image-preview:large, max-video-preview:-1\" \/>\n<link rel=\"canonical\" href=\"https:\/\/marekkuchcinski.pl\/uk\/wydarzenia\/200-rocznica-urodzin-stanislawa-moniuszki\/\" \/>\n<meta property=\"og:locale\" content=\"uk_UA\" \/>\n<meta property=\"og:type\" content=\"article\" \/>\n<meta property=\"og:title\" content=\"200. rocznica urodzin Stanis\u0142awa Moniuszki &#8211; Marek Kuchci\u0144ski\" \/>\n<meta property=\"og:description\" content=\"5 maja 1819 roku urodzi\u0142 si\u0119 Stanis\u0142aw Moniuszko. Z tej okazji Sejm RP 20 lipca 2018 r. przyj\u0105\u0142 uchwa\u0142\u0119, w kt\u00f3rej czytamy: W 2019 roku przypada 200. rocznica urodzin Stanis\u0142awa Moniuszki \u2013 wybitnego kompozytora, dyrygenta, organisty, pedagoga, dyrektora Teatru Wielkiego w Warszawie, tw\u00f3rcy polskiej opery narodowej. Dorobek kompozytorski Stanis\u0142awa Moniuszki, sk\u0142adaj\u0105cy si\u0119 z oper, pie\u015bni, [&hellip;]\" \/>\n<meta property=\"og:url\" content=\"https:\/\/marekkuchcinski.pl\/uk\/wydarzenia\/200-rocznica-urodzin-stanislawa-moniuszki\/\" \/>\n<meta property=\"og:site_name\" content=\"Marek Kuchci\u0144ski\" \/>\n<meta property=\"article:published_time\" content=\"2019-05-05T20:47:23+00:00\" \/>\n<meta property=\"article:modified_time\" content=\"2019-05-05T21:02:58+00:00\" \/>\n<meta property=\"og:image\" content=\"https:\/\/marekkuchcinski.pl\/wp-content\/uploads\/2019\/05\/moniuszko-2.jpg\" \/>\n\t<meta property=\"og:image:width\" content=\"750\" \/>\n\t<meta property=\"og:image:height\" content=\"524\" \/>\n\t<meta property=\"og:image:type\" content=\"image\/jpeg\" \/>\n<meta name=\"author\" content=\"admin\" \/>\n<meta name=\"twitter:card\" content=\"summary_large_image\" \/>\n<meta name=\"twitter:label1\" content=\"\u041d\u0430\u043f\u0438\u0441\u0430\u043d\u043e\" \/>\n\t<meta name=\"twitter:data1\" content=\"admin\" \/>\n\t<meta name=\"twitter:label2\" content=\"\u041f\u0440\u0438\u0431\u043b. \u0447\u0430\u0441 \u0447\u0438\u0442\u0430\u043d\u043d\u044f\" \/>\n\t<meta name=\"twitter:data2\" content=\"2 \u0445\u0432\u0438\u043b\u0438\u043d\u0438\" \/>\n<script type=\"application\/ld+json\" class=\"yoast-schema-graph\">{\"@context\":\"https:\/\/schema.org\",\"@graph\":[{\"@type\":\"Article\",\"@id\":\"https:\/\/marekkuchcinski.pl\/wydarzenia\/200-rocznica-urodzin-stanislawa-moniuszki\/#article\",\"isPartOf\":{\"@id\":\"https:\/\/marekkuchcinski.pl\/wydarzenia\/200-rocznica-urodzin-stanislawa-moniuszki\/\"},\"author\":{\"name\":\"admin\",\"@id\":\"https:\/\/marekkuchcinski.pl\/#\/schema\/person\/6f62700996b4d950b6ea2d1183b6c6be\"},\"headline\":\"200. rocznica urodzin Stanis\u0142awa Moniuszki\",\"datePublished\":\"2019-05-05T20:47:23+00:00\",\"dateModified\":\"2019-05-05T21:02:58+00:00\",\"mainEntityOfPage\":{\"@id\":\"https:\/\/marekkuchcinski.pl\/wydarzenia\/200-rocznica-urodzin-stanislawa-moniuszki\/\"},\"wordCount\":396,\"commentCount\":0,\"publisher\":{\"@id\":\"https:\/\/marekkuchcinski.pl\/#organization\"},\"image\":{\"@id\":\"https:\/\/marekkuchcinski.pl\/wydarzenia\/200-rocznica-urodzin-stanislawa-moniuszki\/#primaryimage\"},\"thumbnailUrl\":\"https:\/\/marekkuchcinski.pl\/wp-content\/uploads\/2019\/05\/moniuszko-2.jpg\",\"articleSection\":[\"Wa\u017cne daty\",\"Wie\u015bci z Sejmu\",\"Wydarzenia\"],\"inLanguage\":\"uk\",\"potentialAction\":[{\"@type\":\"CommentAction\",\"name\":\"Comment\",\"target\":[\"https:\/\/marekkuchcinski.pl\/wydarzenia\/200-rocznica-urodzin-stanislawa-moniuszki\/#respond\"]}]},{\"@type\":\"WebPage\",\"@id\":\"https:\/\/marekkuchcinski.pl\/wydarzenia\/200-rocznica-urodzin-stanislawa-moniuszki\/\",\"url\":\"https:\/\/marekkuchcinski.pl\/wydarzenia\/200-rocznica-urodzin-stanislawa-moniuszki\/\",\"name\":\"200. rocznica urodzin Stanis\u0142awa Moniuszki &#8211; Marek Kuchci\u0144ski\",\"isPartOf\":{\"@id\":\"https:\/\/marekkuchcinski.pl\/#website\"},\"primaryImageOfPage\":{\"@id\":\"https:\/\/marekkuchcinski.pl\/wydarzenia\/200-rocznica-urodzin-stanislawa-moniuszki\/#primaryimage\"},\"image\":{\"@id\":\"https:\/\/marekkuchcinski.pl\/wydarzenia\/200-rocznica-urodzin-stanislawa-moniuszki\/#primaryimage\"},\"thumbnailUrl\":\"https:\/\/marekkuchcinski.pl\/wp-content\/uploads\/2019\/05\/moniuszko-2.jpg\",\"datePublished\":\"2019-05-05T20:47:23+00:00\",\"dateModified\":\"2019-05-05T21:02:58+00:00\",\"breadcrumb\":{\"@id\":\"https:\/\/marekkuchcinski.pl\/wydarzenia\/200-rocznica-urodzin-stanislawa-moniuszki\/#breadcrumb\"},\"inLanguage\":\"uk\",\"potentialAction\":[{\"@type\":\"ReadAction\",\"target\":[\"https:\/\/marekkuchcinski.pl\/wydarzenia\/200-rocznica-urodzin-stanislawa-moniuszki\/\"]}]},{\"@type\":\"ImageObject\",\"inLanguage\":\"uk\",\"@id\":\"https:\/\/marekkuchcinski.pl\/wydarzenia\/200-rocznica-urodzin-stanislawa-moniuszki\/#primaryimage\",\"url\":\"https:\/\/marekkuchcinski.pl\/wp-content\/uploads\/2019\/05\/moniuszko-2.jpg\",\"contentUrl\":\"https:\/\/marekkuchcinski.pl\/wp-content\/uploads\/2019\/05\/moniuszko-2.jpg\",\"width\":750,\"height\":524},{\"@type\":\"BreadcrumbList\",\"@id\":\"https:\/\/marekkuchcinski.pl\/wydarzenia\/200-rocznica-urodzin-stanislawa-moniuszki\/#breadcrumb\",\"itemListElement\":[{\"@type\":\"ListItem\",\"position\":1,\"name\":\"Strona g\u0142\u00f3wna\",\"item\":\"https:\/\/marekkuchcinski.pl\/\"},{\"@type\":\"ListItem\",\"position\":2,\"name\":\"200. rocznica urodzin Stanis\u0142awa Moniuszki\"}]},{\"@type\":\"WebSite\",\"@id\":\"https:\/\/marekkuchcinski.pl\/#website\",\"url\":\"https:\/\/marekkuchcinski.pl\/\",\"name\":\"Marek Kuchci\u0144ski\",\"description\":\"Pose\u0142 na sejm RP &ndash; okr\u0119g nr 22\",\"publisher\":{\"@id\":\"https:\/\/marekkuchcinski.pl\/#organization\"},\"potentialAction\":[{\"@type\":\"SearchAction\",\"target\":{\"@type\":\"EntryPoint\",\"urlTemplate\":\"https:\/\/marekkuchcinski.pl\/?s={search_term_string}\"},\"query-input\":{\"@type\":\"PropertyValueSpecification\",\"valueRequired\":true,\"valueName\":\"search_term_string\"}}],\"inLanguage\":\"uk\"},{\"@type\":\"Organization\",\"@id\":\"https:\/\/marekkuchcinski.pl\/#organization\",\"name\":\"Marek Kuchci\u0144ski\",\"url\":\"https:\/\/marekkuchcinski.pl\/\",\"logo\":{\"@type\":\"ImageObject\",\"inLanguage\":\"uk\",\"@id\":\"https:\/\/marekkuchcinski.pl\/#\/schema\/logo\/image\/\",\"url\":\"https:\/\/marekkuchcinski.pl\/wp-content\/uploads\/2022\/09\/Marek.jpg\",\"contentUrl\":\"https:\/\/marekkuchcinski.pl\/wp-content\/uploads\/2022\/09\/Marek.jpg\",\"width\":1600,\"height\":971,\"caption\":\"Marek Kuchci\u0144ski\"},\"image\":{\"@id\":\"https:\/\/marekkuchcinski.pl\/#\/schema\/logo\/image\/\"}},{\"@type\":\"Person\",\"@id\":\"https:\/\/marekkuchcinski.pl\/#\/schema\/person\/6f62700996b4d950b6ea2d1183b6c6be\",\"name\":\"admin\",\"image\":{\"@type\":\"ImageObject\",\"inLanguage\":\"uk\",\"@id\":\"https:\/\/marekkuchcinski.pl\/#\/schema\/person\/image\/\",\"url\":\"https:\/\/secure.gravatar.com\/avatar\/4bab693b9d55c3d6b52c0296a8765085?s=96&d=mm&r=g\",\"contentUrl\":\"https:\/\/secure.gravatar.com\/avatar\/4bab693b9d55c3d6b52c0296a8765085?s=96&d=mm&r=g\",\"caption\":\"admin\"},\"url\":\"https:\/\/marekkuchcinski.pl\/uk\/author\/marta-olejnik\/\"}]}<\/script>\n<!-- \/ Yoast SEO plugin. -->","yoast_head_json":{"title":"200. rocznica urodzin Stanis\u0142awa Moniuszki &#8211; Marek Kuchci\u0144ski","robots":{"index":"index","follow":"follow","max-snippet":"max-snippet:-1","max-image-preview":"max-image-preview:large","max-video-preview":"max-video-preview:-1"},"canonical":"https:\/\/marekkuchcinski.pl\/uk\/wydarzenia\/200-rocznica-urodzin-stanislawa-moniuszki\/","og_locale":"uk_UA","og_type":"article","og_title":"200. rocznica urodzin Stanis\u0142awa Moniuszki &#8211; Marek Kuchci\u0144ski","og_description":"5 maja 1819 roku urodzi\u0142 si\u0119 Stanis\u0142aw Moniuszko. Z tej okazji Sejm RP 20 lipca 2018 r. przyj\u0105\u0142 uchwa\u0142\u0119, w kt\u00f3rej czytamy: W 2019 roku przypada 200. rocznica urodzin Stanis\u0142awa Moniuszki \u2013 wybitnego kompozytora, dyrygenta, organisty, pedagoga, dyrektora Teatru Wielkiego w Warszawie, tw\u00f3rcy polskiej opery narodowej. Dorobek kompozytorski Stanis\u0142awa Moniuszki, sk\u0142adaj\u0105cy si\u0119 z oper, pie\u015bni, [&hellip;]","og_url":"https:\/\/marekkuchcinski.pl\/uk\/wydarzenia\/200-rocznica-urodzin-stanislawa-moniuszki\/","og_site_name":"Marek Kuchci\u0144ski","article_published_time":"2019-05-05T20:47:23+00:00","article_modified_time":"2019-05-05T21:02:58+00:00","og_image":[{"width":750,"height":524,"url":"https:\/\/marekkuchcinski.pl\/wp-content\/uploads\/2019\/05\/moniuszko-2.jpg","type":"image\/jpeg"}],"author":"admin","twitter_card":"summary_large_image","twitter_misc":{"\u041d\u0430\u043f\u0438\u0441\u0430\u043d\u043e":"admin","\u041f\u0440\u0438\u0431\u043b. \u0447\u0430\u0441 \u0447\u0438\u0442\u0430\u043d\u043d\u044f":"2 \u0445\u0432\u0438\u043b\u0438\u043d\u0438"},"schema":{"@context":"https:\/\/schema.org","@graph":[{"@type":"Article","@id":"https:\/\/marekkuchcinski.pl\/wydarzenia\/200-rocznica-urodzin-stanislawa-moniuszki\/#article","isPartOf":{"@id":"https:\/\/marekkuchcinski.pl\/wydarzenia\/200-rocznica-urodzin-stanislawa-moniuszki\/"},"author":{"name":"admin","@id":"https:\/\/marekkuchcinski.pl\/#\/schema\/person\/6f62700996b4d950b6ea2d1183b6c6be"},"headline":"200. rocznica urodzin Stanis\u0142awa Moniuszki","datePublished":"2019-05-05T20:47:23+00:00","dateModified":"2019-05-05T21:02:58+00:00","mainEntityOfPage":{"@id":"https:\/\/marekkuchcinski.pl\/wydarzenia\/200-rocznica-urodzin-stanislawa-moniuszki\/"},"wordCount":396,"commentCount":0,"publisher":{"@id":"https:\/\/marekkuchcinski.pl\/#organization"},"image":{"@id":"https:\/\/marekkuchcinski.pl\/wydarzenia\/200-rocznica-urodzin-stanislawa-moniuszki\/#primaryimage"},"thumbnailUrl":"https:\/\/marekkuchcinski.pl\/wp-content\/uploads\/2019\/05\/moniuszko-2.jpg","articleSection":["Wa\u017cne daty","Wie\u015bci z Sejmu","Wydarzenia"],"inLanguage":"uk","potentialAction":[{"@type":"CommentAction","name":"Comment","target":["https:\/\/marekkuchcinski.pl\/wydarzenia\/200-rocznica-urodzin-stanislawa-moniuszki\/#respond"]}]},{"@type":"WebPage","@id":"https:\/\/marekkuchcinski.pl\/wydarzenia\/200-rocznica-urodzin-stanislawa-moniuszki\/","url":"https:\/\/marekkuchcinski.pl\/wydarzenia\/200-rocznica-urodzin-stanislawa-moniuszki\/","name":"200. rocznica urodzin Stanis\u0142awa Moniuszki &#8211; Marek Kuchci\u0144ski","isPartOf":{"@id":"https:\/\/marekkuchcinski.pl\/#website"},"primaryImageOfPage":{"@id":"https:\/\/marekkuchcinski.pl\/wydarzenia\/200-rocznica-urodzin-stanislawa-moniuszki\/#primaryimage"},"image":{"@id":"https:\/\/marekkuchcinski.pl\/wydarzenia\/200-rocznica-urodzin-stanislawa-moniuszki\/#primaryimage"},"thumbnailUrl":"https:\/\/marekkuchcinski.pl\/wp-content\/uploads\/2019\/05\/moniuszko-2.jpg","datePublished":"2019-05-05T20:47:23+00:00","dateModified":"2019-05-05T21:02:58+00:00","breadcrumb":{"@id":"https:\/\/marekkuchcinski.pl\/wydarzenia\/200-rocznica-urodzin-stanislawa-moniuszki\/#breadcrumb"},"inLanguage":"uk","potentialAction":[{"@type":"ReadAction","target":["https:\/\/marekkuchcinski.pl\/wydarzenia\/200-rocznica-urodzin-stanislawa-moniuszki\/"]}]},{"@type":"ImageObject","inLanguage":"uk","@id":"https:\/\/marekkuchcinski.pl\/wydarzenia\/200-rocznica-urodzin-stanislawa-moniuszki\/#primaryimage","url":"https:\/\/marekkuchcinski.pl\/wp-content\/uploads\/2019\/05\/moniuszko-2.jpg","contentUrl":"https:\/\/marekkuchcinski.pl\/wp-content\/uploads\/2019\/05\/moniuszko-2.jpg","width":750,"height":524},{"@type":"BreadcrumbList","@id":"https:\/\/marekkuchcinski.pl\/wydarzenia\/200-rocznica-urodzin-stanislawa-moniuszki\/#breadcrumb","itemListElement":[{"@type":"ListItem","position":1,"name":"Strona g\u0142\u00f3wna","item":"https:\/\/marekkuchcinski.pl\/"},{"@type":"ListItem","position":2,"name":"200. rocznica urodzin Stanis\u0142awa Moniuszki"}]},{"@type":"WebSite","@id":"https:\/\/marekkuchcinski.pl\/#website","url":"https:\/\/marekkuchcinski.pl\/","name":"Marek Kuchci\u0144ski","description":"Pose\u0142 na sejm RP &ndash; okr\u0119g nr 22","publisher":{"@id":"https:\/\/marekkuchcinski.pl\/#organization"},"potentialAction":[{"@type":"SearchAction","target":{"@type":"EntryPoint","urlTemplate":"https:\/\/marekkuchcinski.pl\/?s={search_term_string}"},"query-input":{"@type":"PropertyValueSpecification","valueRequired":true,"valueName":"search_term_string"}}],"inLanguage":"uk"},{"@type":"Organization","@id":"https:\/\/marekkuchcinski.pl\/#organization","name":"Marek Kuchci\u0144ski","url":"https:\/\/marekkuchcinski.pl\/","logo":{"@type":"ImageObject","inLanguage":"uk","@id":"https:\/\/marekkuchcinski.pl\/#\/schema\/logo\/image\/","url":"https:\/\/marekkuchcinski.pl\/wp-content\/uploads\/2022\/09\/Marek.jpg","contentUrl":"https:\/\/marekkuchcinski.pl\/wp-content\/uploads\/2022\/09\/Marek.jpg","width":1600,"height":971,"caption":"Marek Kuchci\u0144ski"},"image":{"@id":"https:\/\/marekkuchcinski.pl\/#\/schema\/logo\/image\/"}},{"@type":"Person","@id":"https:\/\/marekkuchcinski.pl\/#\/schema\/person\/6f62700996b4d950b6ea2d1183b6c6be","name":"admin","image":{"@type":"ImageObject","inLanguage":"uk","@id":"https:\/\/marekkuchcinski.pl\/#\/schema\/person\/image\/","url":"https:\/\/secure.gravatar.com\/avatar\/4bab693b9d55c3d6b52c0296a8765085?s=96&d=mm&r=g","contentUrl":"https:\/\/secure.gravatar.com\/avatar\/4bab693b9d55c3d6b52c0296a8765085?s=96&d=mm&r=g","caption":"admin"},"url":"https:\/\/marekkuchcinski.pl\/uk\/author\/marta-olejnik\/"}]}},"_links":{"self":[{"href":"https:\/\/marekkuchcinski.pl\/uk\/wp-json\/wp\/v2\/posts\/15201","targetHints":{"allow":["GET"]}}],"collection":[{"href":"https:\/\/marekkuchcinski.pl\/uk\/wp-json\/wp\/v2\/posts"}],"about":[{"href":"https:\/\/marekkuchcinski.pl\/uk\/wp-json\/wp\/v2\/types\/post"}],"author":[{"embeddable":true,"href":"https:\/\/marekkuchcinski.pl\/uk\/wp-json\/wp\/v2\/users\/6"}],"replies":[{"embeddable":true,"href":"https:\/\/marekkuchcinski.pl\/uk\/wp-json\/wp\/v2\/comments?post=15201"}],"version-history":[{"count":7,"href":"https:\/\/marekkuchcinski.pl\/uk\/wp-json\/wp\/v2\/posts\/15201\/revisions"}],"predecessor-version":[{"id":15211,"href":"https:\/\/marekkuchcinski.pl\/uk\/wp-json\/wp\/v2\/posts\/15201\/revisions\/15211"}],"wp:featuredmedia":[{"embeddable":true,"href":"https:\/\/marekkuchcinski.pl\/uk\/wp-json\/wp\/v2\/media\/15203"}],"wp:attachment":[{"href":"https:\/\/marekkuchcinski.pl\/uk\/wp-json\/wp\/v2\/media?parent=15201"}],"wp:term":[{"taxonomy":"category","embeddable":true,"href":"https:\/\/marekkuchcinski.pl\/uk\/wp-json\/wp\/v2\/categories?post=15201"},{"taxonomy":"post_tag","embeddable":true,"href":"https:\/\/marekkuchcinski.pl\/uk\/wp-json\/wp\/v2\/tags?post=15201"}],"curies":[{"name":"wp","href":"https:\/\/api.w.org\/{rel}","templated":true}]}}