{"id":14714,"date":"2019-04-12T10:20:16","date_gmt":"2019-04-12T08:20:16","guid":{"rendered":"https:\/\/marekkuchcinski.pl\/?p=14714"},"modified":"2019-04-12T13:37:59","modified_gmt":"2019-04-12T11:37:59","slug":"rzad-prawa-i-sprawiedliwosci-wzmacnia-klase-srednia-wyklad-premiera-morawieckiego-w-tk","status":"publish","type":"post","link":"https:\/\/marekkuchcinski.pl\/uk\/wydarzenia\/rzad-prawa-i-sprawiedliwosci-wzmacnia-klase-srednia-wyklad-premiera-morawieckiego-w-tk\/","title":{"rendered":"\u0423\u0440\u044f\u0434 \"\u041f\u0440\u0430\u0432\u0430 \u0456 \u0441\u043f\u0440\u0430\u0432\u0435\u0434\u043b\u0438\u0432\u043e\u0441\u0442\u0456\" \u0437\u043c\u0456\u0446\u043d\u044e\u0454 \u0441\u0435\u0440\u0435\u0434\u043d\u0456\u0439 \u043a\u043b\u0430\u0441. \u041b\u0435\u043a\u0446\u0456\u044f \u041f\u0440\u0435\u043c'\u0454\u0440-\u043c\u0456\u043d\u0456\u0441\u0442\u0440\u0430 \u041c\u043e\u0440\u0430\u0432\u0435\u0446\u044c\u043a\u043e\u0433\u043e \u0432 TK"},"content":{"rendered":"<p>\u0413\u043b\u0430\u0432\u0430 \u0423\u0440\u044f\u0434\u0443 \u0432\u0438\u0441\u0442\u0443\u043f\u0438\u0432 \u0437 \u043b\u0435\u043a\u0446\u0456\u0454\u044e \u0432 \u041a\u043e\u043d\u0441\u0442\u0438\u0442\u0443\u0446\u0456\u0439\u043d\u043e\u043c\u0443 \u0421\u0443\u0434\u0456\n\u043f\u0456\u0434 \u043d\u0430\u0437\u0432\u043e\u044e. \"\u0414\u0435\u043c\u043e\u043a\u0440\u0430\u0442\u0438\u0447\u043d\u0438\u0439 \u043a\u0430\u043f\u0456\u0442\u0430\u043b\u0456\u0437\u043c \u0434\u043b\u044f \u0432\u0441\u0456\u0445, \u0430 \u043d\u0435 \u0434\u043b\u044f \u043e\u0431\u0440\u0430\u043d\u0438\u0445\".&nbsp;<\/p>\n\n\n\n<p>\u041f\u0440\u0435\u043c'\u0454\u0440-\u043c\u0456\u043d\u0456\u0441\u0442\u0440 \u043f\u0456\u0434\u043a\u0440\u0435\u0441\u043b\u0438\u0432, \u0449\u043e \u0423\u0440\u044f\u0434 \u0432\u0436\u0438\u0432\u0430\u0454 \u0437\u0430\u0445\u043e\u0434\u0456\u0432 \u0434\u043b\u044f \u0442\u043e\u0433\u043e, \u0449\u043e\u0431\n\u0437\u0431\u0456\u043b\u044c\u0448\u0438\u0442\u0438 \u043e\u0445\u043e\u043f\u043b\u0435\u043d\u043d\u044f \u0441\u0435\u0440\u0435\u0434\u043d\u044c\u043e\u0433\u043e \u043a\u043b\u0430\u0441\u0443 \u0432 \u041f\u043e\u043b\u044c\u0449\u0456. \u042f\u043a \u0432\u0456\u043d \u0437\u0430\u0437\u043d\u0430\u0447\u0438\u0432, \u043d\u0435\u043e\u0431\u0445\u0456\u0434\u043d\u043e \u0448\u0443\u043a\u0430\u0442\u0438\n\u0442\u0430\u043a \u0437\u0432\u0430\u043d\u0438\u0439 \u0442\u0440\u0435\u0442\u0456\u0439 \u0448\u043b\u044f\u0445 - \u0434\u0435\u043c\u043e\u043a\u0440\u0430\u0442\u0438\u0447\u043d\u0438\u0439 \u043a\u0430\u043f\u0456\u0442\u0430\u043b\u0456\u0437\u043c. \u0426\u0435 \u0440\u0456\u0437\u043d\u043e\u0432\u0438\u0434\n\u043e\u0440\u0433\u0430\u043d\u0456\u0437\u0430\u0446\u0456\u044f \u0434\u0435\u0440\u0436\u0430\u0432\u0438 \u0456 \u0440\u0438\u043d\u043a\u0443, \u044f\u043a\u0430, \u0437\u0431\u0435\u0440\u0456\u0433\u0430\u044e\u0447\u0438 \u043a\u0430\u043f\u0456\u0442\u0430\u043b\u0456\u0441\u0442\u0438\u0447\u043d\u0443 \u0435\u043a\u043e\u043d\u043e\u043c\u0456\u043a\u0443, \u0437\u043c\u0456\u0446\u043d\u044e\u0454 \u0434\u0435\u043c\u043e\u043a\u0440\u0430\u0442\u0456\u044e.\n\u0437\u043c\u0456\u0446\u043d\u044e\u0454 \u0434\u0435\u043c\u043e\u043a\u0440\u0430\u0442\u0456\u044e. \u0421\u0430\u043c\u0435 \u0434\u0435\u043c\u043e\u043a\u0440\u0430\u0442\u0438\u0447\u043d\u0438\u0439 \u043a\u0430\u043f\u0456\u0442\u0430\u043b\u0456\u0437\u043c \u043b\u0435\u0436\u0438\u0442\u044c \u0432 \u043e\u0441\u043d\u043e\u0432\u0456 \u0435\u043a\u043e\u043d\u043e\u043c\u0456\u0447\u043d\u043e\u0433\u043e \u0443\u0441\u043f\u0456\u0445\u0443 \u043a\u0440\u0430\u0457\u043d, \u0449\u043e \u0440\u043e\u0437\u0432\u0438\u0432\u0430\u044e\u0442\u044c\u0441\u044f.\n\u0435\u043a\u043e\u043d\u043e\u043c\u0456\u0447\u043d\u0438\u0439 \u0443\u0441\u043f\u0456\u0445 \u0437\u0430\u0445\u0456\u0434\u043d\u0438\u0445 \u043a\u0440\u0430\u0457\u043d\", - \u0441\u043a\u0430\u0437\u0430\u0432 \u041c\u0430\u0442\u0435\u0443\u0448\n\u041c\u043e\u0440\u0430\u0432\u0435\u0446\u044c\u043a\u0438\u0439. \u0417\u043c\u0456\u0446\u043d\u0435\u043d\u043d\u044f \u0434\u0435\u043c\u043e\u043a\u0440\u0430\u0442\u0438\u0447\u043d\u0438\u0445 \u043f\u0440\u0438\u043d\u0446\u0438\u043f\u0456\u0432 \u0432\u0456\u043b\u044c\u043d\u043e\u0433\u043e \u0440\u0438\u043d\u043a\u0443 \u0454 \u043d\u0430\u0439\u043a\u0440\u0430\u0449\u0438\u043c\n\u0456\u0434\u0435\u044f \u0434\u043b\u044f \u0435\u043a\u043e\u043d\u043e\u043c\u0456\u0447\u043d\u043e\u0433\u043e \u0440\u043e\u0437\u0432\u0438\u0442\u043a\u0443\", - \u0434\u043e\u0434\u0430\u0432 \u0432\u0456\u043d.<\/p>\n\n\n\n<p>\u041f\u0440\u0435\u043c'\u0454\u0440-\u043c\u0456\u043d\u0456\u0441\u0442\u0440 \u043f\u0456\u0434\u043a\u0440\u0435\u0441\u043b\u0438\u0432, \u0449\u043e \u0443\u0440\u044f\u0434 \u0437\u0431\u0435\u0440\u0456\u0433\u0430\u0454 \u043f\u043e\u043b\u044c\u0441\u044c\u043a\u0443 \u0432\u0430\u043b\u044e\u0442\u0443 \u044f\u043a\n\u0432\u0430\u0436\u043b\u0438\u0432\u0438\u043c \u0435\u043b\u0435\u043c\u0435\u043d\u0442\u043e\u043c \u0435\u043a\u043e\u043d\u043e\u043c\u0456\u0447\u043d\u043e\u0457 \u043f\u043e\u043b\u0456\u0442\u0438\u043a\u0438. \u0417\u0430 \u0439\u043e\u0433\u043e \u043e\u0446\u0456\u043d\u043a\u043e\u044e, \u0437\u0430\u043f\u0440\u043e\u0432\u0430\u0434\u0436\u0435\u043d\u043d\u044f \u0454\u0432\u0440\u043e \u0442\u0430 \u0439\u043e\u0433\u043e \u043d\u0430\u0441\u043b\u0456\u0434\u043a\u0438\n\u0428\u0432\u0438\u0434\u043a\u0456\u0441\u0442\u044c \u0442\u0430\u043a\u043e\u0433\u043e \u043a\u0440\u043e\u043a\u0443 \u0437\u0430\u043b\u0435\u0436\u0430\u0442\u0438\u043c\u0435 \u0432\u0456\u0434 \u0440\u0456\u0432\u043d\u044f \u0435\u043a\u043e\u043d\u043e\u043c\u0456\u0447\u043d\u043e\u0433\u043e \u0440\u043e\u0437\u0432\u0438\u0442\u043a\u0443 \u043a\u0440\u0430\u0457\u043d\u0438 \u0442\u0430 \u0441\u0442\u0440\u0443\u043a\u0442\u0443\u0440\u0438 \u0457\u0457 \u0435\u043a\u043e\u043d\u043e\u043c\u0456\u043a\u0438.\n\u0435\u043a\u043e\u043d\u043e\u043c\u0456\u0447\u043d\u0438\u0439 \u0440\u043e\u0437\u0432\u0438\u0442\u043e\u043a \u0442\u0456\u0454\u0457 \u0447\u0438 \u0456\u043d\u0448\u043e\u0457 \u043a\u0440\u0430\u0457\u043d\u0438 \u0442\u0430 \u0441\u0442\u0440\u0443\u043a\u0442\u0443\u0440\u0430 \u0457\u0457 \u0435\u043a\u043e\u043d\u043e\u043c\u0456\u043a\u0438.<\/p>\n\n\n\n<p>\u0413\u043b\u0430\u0432\u0430 \u0443\u0440\u044f\u0434\u0443 \u043f\u0456\u0434\u043a\u0440\u0435\u0441\u043b\u0438\u0432, \u0449\u043e \u041f\u043e\u043b\u044c\u0449\u0430 \u0441\u0432\u043e\u0457\u043c \u0433\u043e\u043b\u043e\u0441\u0443\u0432\u0430\u043d\u043d\u044f\u043c \u0443 \u0404\u0432\u0440\u043e\u043f\u0435\u0439\u0441\u044c\u043a\u0456\u0439 \u0420\u0430\u0434\u0456\n\u0404\u0432\u0440\u043e\u043f\u0435\u0439\u0441\u044c\u043a\u0430 \u0420\u0430\u0434\u0430 \u043d\u0430\u043c\u0430\u0433\u0430\u0454\u0442\u044c\u0441\u044f \u0431\u043e\u0440\u043e\u0442\u0438\u0441\u044f \u0437 \u043f\u043e\u0434\u0430\u0442\u043a\u043e\u0432\u0438\u043c\u0438 \u0433\u0430\u0432\u0430\u043d\u044f\u043c\u0438, \u044f\u043a\u0456 \u0435\u043a\u0441\u043f\u043b\u0443\u0430\u0442\u0443\u044e\u0442\u044c\u0441\u044f\n\u0432\u0435\u043b\u0438\u043a\u0438\u043c\u0438 \u043a\u043e\u0440\u043f\u043e\u0440\u0430\u0446\u0456\u044f\u043c\u0438.<\/p>\n\n\n\n<p>\u041c\u0430\u0442\u0435\u0443\u0448 \u041c\u043e\u0440\u0430\u0432\u0435\u0446\u044c\u043a\u0438\u0439 \u043d\u0430\u0433\u0430\u0434\u0430\u0432, \u0449\u043e \u0404\u0432\u0440\u043e\u043f\u0435\u0439\u0441\u044c\u043a\u0430 \u041a\u043e\u043c\u0456\u0441\u0456\u044f \u0434\u0443\u0436\u0435 \u043f\u043e\u0437\u0438\u0442\u0438\u0432\u043d\u043e \u0432\u0456\u0434\u0433\u0443\u043a\u0443\u0454\u0442\u044c\u0441\u044f \u043f\u0440\u043e \u043d\u0430\u0448\u0443 \u0435\u043a\u043e\u043d\u043e\u043c\u0456\u0447\u043d\u0443 \u0442\u0430 \u0441\u043e\u0446\u0456\u0430\u043b\u044c\u043d\u0443 \u043c\u043e\u0434\u0435\u043b\u044c, \u044f\u043a\u0430 \u0434\u043e\u0437\u0432\u043e\u043b\u0438\u043b\u0430 \u043f\u043e\u0434\u043e\u043b\u0430\u0442\u0438 \u0434\u0438\u0442\u044f\u0447\u0443 \u0431\u0456\u0434\u043d\u0456\u0441\u0442\u044c \u0442\u0430 \u0437\u0430\u043b\u0443\u0447\u0438\u0442\u0438 \u0441\u043e\u0446\u0456\u0430\u043b\u044c\u043d\u043e \u043d\u0435\u0437\u0430\u0445\u0438\u0449\u0435\u043d\u0456 \u0432\u0435\u0440\u0441\u0442\u0432\u0438 \u043d\u0430\u0441\u0435\u043b\u0435\u043d\u043d\u044f \u0434\u043e \u043e\u0441\u043d\u043e\u0432\u043d\u043e\u0433\u043e \u043f\u043e\u0442\u043e\u043a\u0443 \u0441\u0443\u0441\u043f\u0456\u043b\u044c\u0441\u0442\u0432\u0430.<\/p>\n\n\n\n<p><em>\u0414\u0436\u0435\u0440\u0435\u043b\u043e: \u041a\u0430\u043d\u0446\u0435\u043b\u044f\u0440\u0456\u044f \u041f\u0440\u0435\u043c'\u0454\u0440-\u043c\u0456\u043d\u0456\u0441\u0442\u0440\u0430<\/em><\/p>\n\n\n\n<p><em>\u0424\u043e\u0442\u043e: \u041c\u0430\u0440\u0442\u0430 \u041e\u043b\u0456\u0439\u043d\u0438\u043a<\/em><\/p>\n\n\n\n<p><\/p>\n\n\n\n<figure class=\"wp-block-image\"><img fetchpriority=\"high\" decoding=\"async\" width=\"1024\" height=\"683\" src=\"https:\/\/marekkuchcinski.pl\/wp-content\/uploads\/2019\/04\/IMG_9234-1024x683.jpg\" alt=\"\" class=\"wp-image-14718\" srcset=\"https:\/\/marekkuchcinski.pl\/wp-content\/uploads\/2019\/04\/IMG_9234-1024x683.jpg 1024w, https:\/\/marekkuchcinski.pl\/wp-content\/uploads\/2019\/04\/IMG_9234-300x200.jpg 300w, https:\/\/marekkuchcinski.pl\/wp-content\/uploads\/2019\/04\/IMG_9234-768x512.jpg 768w, https:\/\/marekkuchcinski.pl\/wp-content\/uploads\/2019\/04\/IMG_9234.jpg 2048w\" sizes=\"(max-width: 1024px) 100vw, 1024px\" \/><\/figure>\n\n\n\n<figure class=\"wp-block-image\"><img decoding=\"async\" width=\"1024\" height=\"858\" src=\"https:\/\/marekkuchcinski.pl\/wp-content\/uploads\/2019\/04\/IMG_9110-1024x858.jpg\" alt=\"\" class=\"wp-image-14719\" srcset=\"https:\/\/marekkuchcinski.pl\/wp-content\/uploads\/2019\/04\/IMG_9110-1024x858.jpg 1024w, https:\/\/marekkuchcinski.pl\/wp-content\/uploads\/2019\/04\/IMG_9110-300x251.jpg 300w, https:\/\/marekkuchcinski.pl\/wp-content\/uploads\/2019\/04\/IMG_9110-768x643.jpg 768w, https:\/\/marekkuchcinski.pl\/wp-content\/uploads\/2019\/04\/IMG_9110.jpg 2048w\" sizes=\"(max-width: 1024px) 100vw, 1024px\" \/><\/figure>\n\n\n\n<figure class=\"wp-block-image\"><img decoding=\"async\" width=\"1024\" height=\"725\" src=\"https:\/\/marekkuchcinski.pl\/wp-content\/uploads\/2019\/04\/IMG_9117-1024x725.jpg\" alt=\"\" class=\"wp-image-14720\" srcset=\"https:\/\/marekkuchcinski.pl\/wp-content\/uploads\/2019\/04\/IMG_9117-1024x725.jpg 1024w, https:\/\/marekkuchcinski.pl\/wp-content\/uploads\/2019\/04\/IMG_9117-300x212.jpg 300w, https:\/\/marekkuchcinski.pl\/wp-content\/uploads\/2019\/04\/IMG_9117-768x544.jpg 768w, https:\/\/marekkuchcinski.pl\/wp-content\/uploads\/2019\/04\/IMG_9117.jpg 2048w\" sizes=\"(max-width: 1024px) 100vw, 1024px\" \/><\/figure>\n\n\n\n<figure class=\"wp-block-image\"><img loading=\"lazy\" decoding=\"async\" width=\"1024\" height=\"746\" src=\"https:\/\/marekkuchcinski.pl\/wp-content\/uploads\/2019\/04\/IMG_9118-1024x746.jpg\" alt=\"\" class=\"wp-image-14721\" srcset=\"https:\/\/marekkuchcinski.pl\/wp-content\/uploads\/2019\/04\/IMG_9118-1024x746.jpg 1024w, https:\/\/marekkuchcinski.pl\/wp-content\/uploads\/2019\/04\/IMG_9118-300x219.jpg 300w, https:\/\/marekkuchcinski.pl\/wp-content\/uploads\/2019\/04\/IMG_9118-768x559.jpg 768w, https:\/\/marekkuchcinski.pl\/wp-content\/uploads\/2019\/04\/IMG_9118.jpg 2048w\" sizes=\"(max-width: 1024px) 100vw, 1024px\" \/><\/figure>\n\n\n\n<figure class=\"wp-block-image\"><img loading=\"lazy\" decoding=\"async\" width=\"1024\" height=\"681\" src=\"https:\/\/marekkuchcinski.pl\/wp-content\/uploads\/2019\/04\/IMG_9162-1024x681.jpg\" alt=\"\" class=\"wp-image-14722\" srcset=\"https:\/\/marekkuchcinski.pl\/wp-content\/uploads\/2019\/04\/IMG_9162-1024x681.jpg 1024w, https:\/\/marekkuchcinski.pl\/wp-content\/uploads\/2019\/04\/IMG_9162-300x199.jpg 300w, https:\/\/marekkuchcinski.pl\/wp-content\/uploads\/2019\/04\/IMG_9162-768x511.jpg 768w, https:\/\/marekkuchcinski.pl\/wp-content\/uploads\/2019\/04\/IMG_9162.jpg 2048w\" sizes=\"(max-width: 1024px) 100vw, 1024px\" \/><\/figure>\n\n\n\n<figure class=\"wp-block-image\"><img loading=\"lazy\" decoding=\"async\" width=\"1024\" height=\"706\" src=\"https:\/\/marekkuchcinski.pl\/wp-content\/uploads\/2019\/04\/IMG_9172-1024x706.jpg\" alt=\"\" class=\"wp-image-14723\" srcset=\"https:\/\/marekkuchcinski.pl\/wp-content\/uploads\/2019\/04\/IMG_9172-1024x706.jpg 1024w, https:\/\/marekkuchcinski.pl\/wp-content\/uploads\/2019\/04\/IMG_9172-300x207.jpg 300w, https:\/\/marekkuchcinski.pl\/wp-content\/uploads\/2019\/04\/IMG_9172-768x530.jpg 768w, https:\/\/marekkuchcinski.pl\/wp-content\/uploads\/2019\/04\/IMG_9172.jpg 2048w\" sizes=\"(max-width: 1024px) 100vw, 1024px\" \/><\/figure>\n\n\n\n<figure class=\"wp-block-image\"><img loading=\"lazy\" decoding=\"async\" width=\"1024\" height=\"692\" src=\"https:\/\/marekkuchcinski.pl\/wp-content\/uploads\/2019\/04\/IMG_9176-1024x692.jpg\" alt=\"\" class=\"wp-image-14724\" srcset=\"https:\/\/marekkuchcinski.pl\/wp-content\/uploads\/2019\/04\/IMG_9176-1024x692.jpg 1024w, https:\/\/marekkuchcinski.pl\/wp-content\/uploads\/2019\/04\/IMG_9176-300x203.jpg 300w, https:\/\/marekkuchcinski.pl\/wp-content\/uploads\/2019\/04\/IMG_9176-768x519.jpg 768w, https:\/\/marekkuchcinski.pl\/wp-content\/uploads\/2019\/04\/IMG_9176.jpg 2048w\" sizes=\"(max-width: 1024px) 100vw, 1024px\" \/><\/figure>\n\n\n\n<figure class=\"wp-block-image\"><img loading=\"lazy\" decoding=\"async\" width=\"1024\" height=\"707\" src=\"https:\/\/marekkuchcinski.pl\/wp-content\/uploads\/2019\/04\/IMG_9263-1024x707.jpg\" alt=\"\" class=\"wp-image-14725\" srcset=\"https:\/\/marekkuchcinski.pl\/wp-content\/uploads\/2019\/04\/IMG_9263-1024x707.jpg 1024w, https:\/\/marekkuchcinski.pl\/wp-content\/uploads\/2019\/04\/IMG_9263-300x207.jpg 300w, https:\/\/marekkuchcinski.pl\/wp-content\/uploads\/2019\/04\/IMG_9263-768x530.jpg 768w, https:\/\/marekkuchcinski.pl\/wp-content\/uploads\/2019\/04\/IMG_9263.jpg 2048w\" sizes=\"(max-width: 1024px) 100vw, 1024px\" \/><\/figure>\n\n\n\n<figure class=\"wp-block-image\"><img loading=\"lazy\" decoding=\"async\" width=\"1024\" height=\"683\" src=\"https:\/\/marekkuchcinski.pl\/wp-content\/uploads\/2019\/04\/IMG_9301-1024x683.jpg\" alt=\"\" class=\"wp-image-14726\" srcset=\"https:\/\/marekkuchcinski.pl\/wp-content\/uploads\/2019\/04\/IMG_9301-1024x683.jpg 1024w, https:\/\/marekkuchcinski.pl\/wp-content\/uploads\/2019\/04\/IMG_9301-300x200.jpg 300w, https:\/\/marekkuchcinski.pl\/wp-content\/uploads\/2019\/04\/IMG_9301-768x512.jpg 768w, https:\/\/marekkuchcinski.pl\/wp-content\/uploads\/2019\/04\/IMG_9301.jpg 2048w\" sizes=\"(max-width: 1024px) 100vw, 1024px\" \/><\/figure>","protected":false},"excerpt":{"rendered":"<p>Szef rz\u0105du wyg\u0142osi\u0142 w Trybunale Konstytucyjnym wyk\u0142ad pt.&nbsp;\u201eDemokratyczny kapitalizm dla wszystkich, a nie dla nielicznych\u201d.&nbsp; Premier podkre\u015bli\u0142, \u017ce rz\u0105d podejmuje dzia\u0142ania maj\u0105ce na celu wzrost zasi\u0119gu klasy \u015bredniej w Polsce. Jak zaznaczy\u0142, nale\u017cy poszukiwa\u0107 tzw. trzeciej drogi \u2013 kapitalizmu demokratycznego. Chodzi o taki rodzaj organizacji pa\u0144stwa i rynku, kt\u00f3ry z zachowaniem kapitalistycznej gospodarki wzmacnia demokracj\u0119.&nbsp;To [&hellip;]<\/p>","protected":false},"author":6,"featured_media":0,"comment_status":"open","ping_status":"open","sticky":false,"template":"","format":"standard","meta":{"ngg_post_thumbnail":0,"footnotes":""},"categories":[82,3],"tags":[],"class_list":["post-14714","post","type-post","status-publish","format-standard","hentry","category-prawo-i-sprawiedliwosc","category-wydarzenia"],"yoast_head":"<!-- This site is optimized with the Yoast SEO plugin v24.7 - https:\/\/yoast.com\/wordpress\/plugins\/seo\/ -->\n<title>Rz\u0105d Prawa i Sprawiedliwo\u015bci wzmacnia klas\u0119 \u015bredni\u0105. Wyk\u0142ad premiera Morawieckiego w TK &#8211; Marek Kuchci\u0144ski<\/title>\n<meta name=\"robots\" content=\"index, follow, max-snippet:-1, max-image-preview:large, max-video-preview:-1\" \/>\n<link rel=\"canonical\" href=\"https:\/\/marekkuchcinski.pl\/uk\/wydarzenia\/rzad-prawa-i-sprawiedliwosci-wzmacnia-klase-srednia-wyklad-premiera-morawieckiego-w-tk\/\" \/>\n<meta property=\"og:locale\" content=\"uk_UA\" \/>\n<meta property=\"og:type\" content=\"article\" \/>\n<meta property=\"og:title\" content=\"Rz\u0105d Prawa i Sprawiedliwo\u015bci wzmacnia klas\u0119 \u015bredni\u0105. Wyk\u0142ad premiera Morawieckiego w TK &#8211; Marek Kuchci\u0144ski\" \/>\n<meta property=\"og:description\" content=\"Szef rz\u0105du wyg\u0142osi\u0142 w Trybunale Konstytucyjnym wyk\u0142ad pt.&nbsp;\u201eDemokratyczny kapitalizm dla wszystkich, a nie dla nielicznych\u201d.&nbsp; Premier podkre\u015bli\u0142, \u017ce rz\u0105d podejmuje dzia\u0142ania maj\u0105ce na celu wzrost zasi\u0119gu klasy \u015bredniej w Polsce. Jak zaznaczy\u0142, nale\u017cy poszukiwa\u0107 tzw. trzeciej drogi \u2013 kapitalizmu demokratycznego. Chodzi o taki rodzaj organizacji pa\u0144stwa i rynku, kt\u00f3ry z zachowaniem kapitalistycznej gospodarki wzmacnia demokracj\u0119.&nbsp;To [&hellip;]\" \/>\n<meta property=\"og:url\" content=\"https:\/\/marekkuchcinski.pl\/uk\/wydarzenia\/rzad-prawa-i-sprawiedliwosci-wzmacnia-klase-srednia-wyklad-premiera-morawieckiego-w-tk\/\" \/>\n<meta property=\"og:site_name\" content=\"Marek Kuchci\u0144ski\" \/>\n<meta property=\"article:published_time\" content=\"2019-04-12T08:20:16+00:00\" \/>\n<meta property=\"article:modified_time\" content=\"2019-04-12T11:37:59+00:00\" \/>\n<meta property=\"og:image\" content=\"https:\/\/marekkuchcinski.pl\/wp-content\/uploads\/2019\/04\/IMG_9234-1024x683.jpg\" \/>\n<meta name=\"author\" content=\"admin\" \/>\n<meta name=\"twitter:card\" content=\"summary_large_image\" \/>\n<meta name=\"twitter:label1\" content=\"\u041d\u0430\u043f\u0438\u0441\u0430\u043d\u043e\" \/>\n\t<meta name=\"twitter:data1\" content=\"admin\" \/>\n\t<meta name=\"twitter:label2\" content=\"\u041f\u0440\u0438\u0431\u043b. \u0447\u0430\u0441 \u0447\u0438\u0442\u0430\u043d\u043d\u044f\" \/>\n\t<meta name=\"twitter:data2\" content=\"1 \u0445\u0432\u0438\u043b\u0438\u043d\u0430\" \/>\n<script type=\"application\/ld+json\" class=\"yoast-schema-graph\">{\"@context\":\"https:\/\/schema.org\",\"@graph\":[{\"@type\":\"Article\",\"@id\":\"https:\/\/marekkuchcinski.pl\/wydarzenia\/rzad-prawa-i-sprawiedliwosci-wzmacnia-klase-srednia-wyklad-premiera-morawieckiego-w-tk\/#article\",\"isPartOf\":{\"@id\":\"https:\/\/marekkuchcinski.pl\/wydarzenia\/rzad-prawa-i-sprawiedliwosci-wzmacnia-klase-srednia-wyklad-premiera-morawieckiego-w-tk\/\"},\"author\":{\"name\":\"admin\",\"@id\":\"https:\/\/marekkuchcinski.pl\/#\/schema\/person\/6f62700996b4d950b6ea2d1183b6c6be\"},\"headline\":\"Rz\u0105d Prawa i Sprawiedliwo\u015bci wzmacnia klas\u0119 \u015bredni\u0105. Wyk\u0142ad premiera Morawieckiego w TK\",\"datePublished\":\"2019-04-12T08:20:16+00:00\",\"dateModified\":\"2019-04-12T11:37:59+00:00\",\"mainEntityOfPage\":{\"@id\":\"https:\/\/marekkuchcinski.pl\/wydarzenia\/rzad-prawa-i-sprawiedliwosci-wzmacnia-klase-srednia-wyklad-premiera-morawieckiego-w-tk\/\"},\"wordCount\":235,\"commentCount\":0,\"publisher\":{\"@id\":\"https:\/\/marekkuchcinski.pl\/#organization\"},\"image\":{\"@id\":\"https:\/\/marekkuchcinski.pl\/wydarzenia\/rzad-prawa-i-sprawiedliwosci-wzmacnia-klase-srednia-wyklad-premiera-morawieckiego-w-tk\/#primaryimage\"},\"thumbnailUrl\":\"https:\/\/marekkuchcinski.pl\/wp-content\/uploads\/2019\/04\/IMG_9234-1024x683.jpg\",\"articleSection\":[\"Prawo i Sprawiedliwo\u015b\u0107\",\"Wydarzenia\"],\"inLanguage\":\"uk\",\"potentialAction\":[{\"@type\":\"CommentAction\",\"name\":\"Comment\",\"target\":[\"https:\/\/marekkuchcinski.pl\/wydarzenia\/rzad-prawa-i-sprawiedliwosci-wzmacnia-klase-srednia-wyklad-premiera-morawieckiego-w-tk\/#respond\"]}]},{\"@type\":\"WebPage\",\"@id\":\"https:\/\/marekkuchcinski.pl\/wydarzenia\/rzad-prawa-i-sprawiedliwosci-wzmacnia-klase-srednia-wyklad-premiera-morawieckiego-w-tk\/\",\"url\":\"https:\/\/marekkuchcinski.pl\/wydarzenia\/rzad-prawa-i-sprawiedliwosci-wzmacnia-klase-srednia-wyklad-premiera-morawieckiego-w-tk\/\",\"name\":\"Rz\u0105d Prawa i Sprawiedliwo\u015bci wzmacnia klas\u0119 \u015bredni\u0105. Wyk\u0142ad premiera Morawieckiego w TK &#8211; Marek Kuchci\u0144ski\",\"isPartOf\":{\"@id\":\"https:\/\/marekkuchcinski.pl\/#website\"},\"primaryImageOfPage\":{\"@id\":\"https:\/\/marekkuchcinski.pl\/wydarzenia\/rzad-prawa-i-sprawiedliwosci-wzmacnia-klase-srednia-wyklad-premiera-morawieckiego-w-tk\/#primaryimage\"},\"image\":{\"@id\":\"https:\/\/marekkuchcinski.pl\/wydarzenia\/rzad-prawa-i-sprawiedliwosci-wzmacnia-klase-srednia-wyklad-premiera-morawieckiego-w-tk\/#primaryimage\"},\"thumbnailUrl\":\"https:\/\/marekkuchcinski.pl\/wp-content\/uploads\/2019\/04\/IMG_9234-1024x683.jpg\",\"datePublished\":\"2019-04-12T08:20:16+00:00\",\"dateModified\":\"2019-04-12T11:37:59+00:00\",\"breadcrumb\":{\"@id\":\"https:\/\/marekkuchcinski.pl\/wydarzenia\/rzad-prawa-i-sprawiedliwosci-wzmacnia-klase-srednia-wyklad-premiera-morawieckiego-w-tk\/#breadcrumb\"},\"inLanguage\":\"uk\",\"potentialAction\":[{\"@type\":\"ReadAction\",\"target\":[\"https:\/\/marekkuchcinski.pl\/wydarzenia\/rzad-prawa-i-sprawiedliwosci-wzmacnia-klase-srednia-wyklad-premiera-morawieckiego-w-tk\/\"]}]},{\"@type\":\"ImageObject\",\"inLanguage\":\"uk\",\"@id\":\"https:\/\/marekkuchcinski.pl\/wydarzenia\/rzad-prawa-i-sprawiedliwosci-wzmacnia-klase-srednia-wyklad-premiera-morawieckiego-w-tk\/#primaryimage\",\"url\":\"https:\/\/marekkuchcinski.pl\/wp-content\/uploads\/2019\/04\/IMG_9234-1024x683.jpg\",\"contentUrl\":\"https:\/\/marekkuchcinski.pl\/wp-content\/uploads\/2019\/04\/IMG_9234-1024x683.jpg\"},{\"@type\":\"BreadcrumbList\",\"@id\":\"https:\/\/marekkuchcinski.pl\/wydarzenia\/rzad-prawa-i-sprawiedliwosci-wzmacnia-klase-srednia-wyklad-premiera-morawieckiego-w-tk\/#breadcrumb\",\"itemListElement\":[{\"@type\":\"ListItem\",\"position\":1,\"name\":\"Strona g\u0142\u00f3wna\",\"item\":\"https:\/\/marekkuchcinski.pl\/\"},{\"@type\":\"ListItem\",\"position\":2,\"name\":\"Rz\u0105d Prawa i Sprawiedliwo\u015bci wzmacnia klas\u0119 \u015bredni\u0105. Wyk\u0142ad premiera Morawieckiego w TK\"}]},{\"@type\":\"WebSite\",\"@id\":\"https:\/\/marekkuchcinski.pl\/#website\",\"url\":\"https:\/\/marekkuchcinski.pl\/\",\"name\":\"Marek Kuchci\u0144ski\",\"description\":\"Pose\u0142 na sejm RP &ndash; okr\u0119g nr 22\",\"publisher\":{\"@id\":\"https:\/\/marekkuchcinski.pl\/#organization\"},\"potentialAction\":[{\"@type\":\"SearchAction\",\"target\":{\"@type\":\"EntryPoint\",\"urlTemplate\":\"https:\/\/marekkuchcinski.pl\/?s={search_term_string}\"},\"query-input\":{\"@type\":\"PropertyValueSpecification\",\"valueRequired\":true,\"valueName\":\"search_term_string\"}}],\"inLanguage\":\"uk\"},{\"@type\":\"Organization\",\"@id\":\"https:\/\/marekkuchcinski.pl\/#organization\",\"name\":\"Marek Kuchci\u0144ski\",\"url\":\"https:\/\/marekkuchcinski.pl\/\",\"logo\":{\"@type\":\"ImageObject\",\"inLanguage\":\"uk\",\"@id\":\"https:\/\/marekkuchcinski.pl\/#\/schema\/logo\/image\/\",\"url\":\"https:\/\/marekkuchcinski.pl\/wp-content\/uploads\/2022\/09\/Marek.jpg\",\"contentUrl\":\"https:\/\/marekkuchcinski.pl\/wp-content\/uploads\/2022\/09\/Marek.jpg\",\"width\":1600,\"height\":971,\"caption\":\"Marek Kuchci\u0144ski\"},\"image\":{\"@id\":\"https:\/\/marekkuchcinski.pl\/#\/schema\/logo\/image\/\"}},{\"@type\":\"Person\",\"@id\":\"https:\/\/marekkuchcinski.pl\/#\/schema\/person\/6f62700996b4d950b6ea2d1183b6c6be\",\"name\":\"admin\",\"image\":{\"@type\":\"ImageObject\",\"inLanguage\":\"uk\",\"@id\":\"https:\/\/marekkuchcinski.pl\/#\/schema\/person\/image\/\",\"url\":\"https:\/\/secure.gravatar.com\/avatar\/4bab693b9d55c3d6b52c0296a8765085?s=96&d=mm&r=g\",\"contentUrl\":\"https:\/\/secure.gravatar.com\/avatar\/4bab693b9d55c3d6b52c0296a8765085?s=96&d=mm&r=g\",\"caption\":\"admin\"},\"url\":\"https:\/\/marekkuchcinski.pl\/uk\/author\/marta-olejnik\/\"}]}<\/script>\n<!-- \/ Yoast SEO plugin. -->","yoast_head_json":{"title":"Rz\u0105d Prawa i Sprawiedliwo\u015bci wzmacnia klas\u0119 \u015bredni\u0105. Wyk\u0142ad premiera Morawieckiego w TK &#8211; Marek Kuchci\u0144ski","robots":{"index":"index","follow":"follow","max-snippet":"max-snippet:-1","max-image-preview":"max-image-preview:large","max-video-preview":"max-video-preview:-1"},"canonical":"https:\/\/marekkuchcinski.pl\/uk\/wydarzenia\/rzad-prawa-i-sprawiedliwosci-wzmacnia-klase-srednia-wyklad-premiera-morawieckiego-w-tk\/","og_locale":"uk_UA","og_type":"article","og_title":"Rz\u0105d Prawa i Sprawiedliwo\u015bci wzmacnia klas\u0119 \u015bredni\u0105. Wyk\u0142ad premiera Morawieckiego w TK &#8211; Marek Kuchci\u0144ski","og_description":"Szef rz\u0105du wyg\u0142osi\u0142 w Trybunale Konstytucyjnym wyk\u0142ad pt.&nbsp;\u201eDemokratyczny kapitalizm dla wszystkich, a nie dla nielicznych\u201d.&nbsp; Premier podkre\u015bli\u0142, \u017ce rz\u0105d podejmuje dzia\u0142ania maj\u0105ce na celu wzrost zasi\u0119gu klasy \u015bredniej w Polsce. Jak zaznaczy\u0142, nale\u017cy poszukiwa\u0107 tzw. trzeciej drogi \u2013 kapitalizmu demokratycznego. Chodzi o taki rodzaj organizacji pa\u0144stwa i rynku, kt\u00f3ry z zachowaniem kapitalistycznej gospodarki wzmacnia demokracj\u0119.&nbsp;To [&hellip;]","og_url":"https:\/\/marekkuchcinski.pl\/uk\/wydarzenia\/rzad-prawa-i-sprawiedliwosci-wzmacnia-klase-srednia-wyklad-premiera-morawieckiego-w-tk\/","og_site_name":"Marek Kuchci\u0144ski","article_published_time":"2019-04-12T08:20:16+00:00","article_modified_time":"2019-04-12T11:37:59+00:00","og_image":[{"url":"https:\/\/marekkuchcinski.pl\/wp-content\/uploads\/2019\/04\/IMG_9234-1024x683.jpg","type":"","width":"","height":""}],"author":"admin","twitter_card":"summary_large_image","twitter_misc":{"\u041d\u0430\u043f\u0438\u0441\u0430\u043d\u043e":"admin","\u041f\u0440\u0438\u0431\u043b. \u0447\u0430\u0441 \u0447\u0438\u0442\u0430\u043d\u043d\u044f":"1 \u0445\u0432\u0438\u043b\u0438\u043d\u0430"},"schema":{"@context":"https:\/\/schema.org","@graph":[{"@type":"Article","@id":"https:\/\/marekkuchcinski.pl\/wydarzenia\/rzad-prawa-i-sprawiedliwosci-wzmacnia-klase-srednia-wyklad-premiera-morawieckiego-w-tk\/#article","isPartOf":{"@id":"https:\/\/marekkuchcinski.pl\/wydarzenia\/rzad-prawa-i-sprawiedliwosci-wzmacnia-klase-srednia-wyklad-premiera-morawieckiego-w-tk\/"},"author":{"name":"admin","@id":"https:\/\/marekkuchcinski.pl\/#\/schema\/person\/6f62700996b4d950b6ea2d1183b6c6be"},"headline":"Rz\u0105d Prawa i Sprawiedliwo\u015bci wzmacnia klas\u0119 \u015bredni\u0105. Wyk\u0142ad premiera Morawieckiego w TK","datePublished":"2019-04-12T08:20:16+00:00","dateModified":"2019-04-12T11:37:59+00:00","mainEntityOfPage":{"@id":"https:\/\/marekkuchcinski.pl\/wydarzenia\/rzad-prawa-i-sprawiedliwosci-wzmacnia-klase-srednia-wyklad-premiera-morawieckiego-w-tk\/"},"wordCount":235,"commentCount":0,"publisher":{"@id":"https:\/\/marekkuchcinski.pl\/#organization"},"image":{"@id":"https:\/\/marekkuchcinski.pl\/wydarzenia\/rzad-prawa-i-sprawiedliwosci-wzmacnia-klase-srednia-wyklad-premiera-morawieckiego-w-tk\/#primaryimage"},"thumbnailUrl":"https:\/\/marekkuchcinski.pl\/wp-content\/uploads\/2019\/04\/IMG_9234-1024x683.jpg","articleSection":["Prawo i Sprawiedliwo\u015b\u0107","Wydarzenia"],"inLanguage":"uk","potentialAction":[{"@type":"CommentAction","name":"Comment","target":["https:\/\/marekkuchcinski.pl\/wydarzenia\/rzad-prawa-i-sprawiedliwosci-wzmacnia-klase-srednia-wyklad-premiera-morawieckiego-w-tk\/#respond"]}]},{"@type":"WebPage","@id":"https:\/\/marekkuchcinski.pl\/wydarzenia\/rzad-prawa-i-sprawiedliwosci-wzmacnia-klase-srednia-wyklad-premiera-morawieckiego-w-tk\/","url":"https:\/\/marekkuchcinski.pl\/wydarzenia\/rzad-prawa-i-sprawiedliwosci-wzmacnia-klase-srednia-wyklad-premiera-morawieckiego-w-tk\/","name":"Rz\u0105d Prawa i Sprawiedliwo\u015bci wzmacnia klas\u0119 \u015bredni\u0105. Wyk\u0142ad premiera Morawieckiego w TK &#8211; Marek Kuchci\u0144ski","isPartOf":{"@id":"https:\/\/marekkuchcinski.pl\/#website"},"primaryImageOfPage":{"@id":"https:\/\/marekkuchcinski.pl\/wydarzenia\/rzad-prawa-i-sprawiedliwosci-wzmacnia-klase-srednia-wyklad-premiera-morawieckiego-w-tk\/#primaryimage"},"image":{"@id":"https:\/\/marekkuchcinski.pl\/wydarzenia\/rzad-prawa-i-sprawiedliwosci-wzmacnia-klase-srednia-wyklad-premiera-morawieckiego-w-tk\/#primaryimage"},"thumbnailUrl":"https:\/\/marekkuchcinski.pl\/wp-content\/uploads\/2019\/04\/IMG_9234-1024x683.jpg","datePublished":"2019-04-12T08:20:16+00:00","dateModified":"2019-04-12T11:37:59+00:00","breadcrumb":{"@id":"https:\/\/marekkuchcinski.pl\/wydarzenia\/rzad-prawa-i-sprawiedliwosci-wzmacnia-klase-srednia-wyklad-premiera-morawieckiego-w-tk\/#breadcrumb"},"inLanguage":"uk","potentialAction":[{"@type":"ReadAction","target":["https:\/\/marekkuchcinski.pl\/wydarzenia\/rzad-prawa-i-sprawiedliwosci-wzmacnia-klase-srednia-wyklad-premiera-morawieckiego-w-tk\/"]}]},{"@type":"ImageObject","inLanguage":"uk","@id":"https:\/\/marekkuchcinski.pl\/wydarzenia\/rzad-prawa-i-sprawiedliwosci-wzmacnia-klase-srednia-wyklad-premiera-morawieckiego-w-tk\/#primaryimage","url":"https:\/\/marekkuchcinski.pl\/wp-content\/uploads\/2019\/04\/IMG_9234-1024x683.jpg","contentUrl":"https:\/\/marekkuchcinski.pl\/wp-content\/uploads\/2019\/04\/IMG_9234-1024x683.jpg"},{"@type":"BreadcrumbList","@id":"https:\/\/marekkuchcinski.pl\/wydarzenia\/rzad-prawa-i-sprawiedliwosci-wzmacnia-klase-srednia-wyklad-premiera-morawieckiego-w-tk\/#breadcrumb","itemListElement":[{"@type":"ListItem","position":1,"name":"Strona g\u0142\u00f3wna","item":"https:\/\/marekkuchcinski.pl\/"},{"@type":"ListItem","position":2,"name":"Rz\u0105d Prawa i Sprawiedliwo\u015bci wzmacnia klas\u0119 \u015bredni\u0105. Wyk\u0142ad premiera Morawieckiego w TK"}]},{"@type":"WebSite","@id":"https:\/\/marekkuchcinski.pl\/#website","url":"https:\/\/marekkuchcinski.pl\/","name":"Marek Kuchci\u0144ski","description":"Pose\u0142 na sejm RP &ndash; okr\u0119g nr 22","publisher":{"@id":"https:\/\/marekkuchcinski.pl\/#organization"},"potentialAction":[{"@type":"SearchAction","target":{"@type":"EntryPoint","urlTemplate":"https:\/\/marekkuchcinski.pl\/?s={search_term_string}"},"query-input":{"@type":"PropertyValueSpecification","valueRequired":true,"valueName":"search_term_string"}}],"inLanguage":"uk"},{"@type":"Organization","@id":"https:\/\/marekkuchcinski.pl\/#organization","name":"Marek Kuchci\u0144ski","url":"https:\/\/marekkuchcinski.pl\/","logo":{"@type":"ImageObject","inLanguage":"uk","@id":"https:\/\/marekkuchcinski.pl\/#\/schema\/logo\/image\/","url":"https:\/\/marekkuchcinski.pl\/wp-content\/uploads\/2022\/09\/Marek.jpg","contentUrl":"https:\/\/marekkuchcinski.pl\/wp-content\/uploads\/2022\/09\/Marek.jpg","width":1600,"height":971,"caption":"Marek Kuchci\u0144ski"},"image":{"@id":"https:\/\/marekkuchcinski.pl\/#\/schema\/logo\/image\/"}},{"@type":"Person","@id":"https:\/\/marekkuchcinski.pl\/#\/schema\/person\/6f62700996b4d950b6ea2d1183b6c6be","name":"admin","image":{"@type":"ImageObject","inLanguage":"uk","@id":"https:\/\/marekkuchcinski.pl\/#\/schema\/person\/image\/","url":"https:\/\/secure.gravatar.com\/avatar\/4bab693b9d55c3d6b52c0296a8765085?s=96&d=mm&r=g","contentUrl":"https:\/\/secure.gravatar.com\/avatar\/4bab693b9d55c3d6b52c0296a8765085?s=96&d=mm&r=g","caption":"admin"},"url":"https:\/\/marekkuchcinski.pl\/uk\/author\/marta-olejnik\/"}]}},"_links":{"self":[{"href":"https:\/\/marekkuchcinski.pl\/uk\/wp-json\/wp\/v2\/posts\/14714","targetHints":{"allow":["GET"]}}],"collection":[{"href":"https:\/\/marekkuchcinski.pl\/uk\/wp-json\/wp\/v2\/posts"}],"about":[{"href":"https:\/\/marekkuchcinski.pl\/uk\/wp-json\/wp\/v2\/types\/post"}],"author":[{"embeddable":true,"href":"https:\/\/marekkuchcinski.pl\/uk\/wp-json\/wp\/v2\/users\/6"}],"replies":[{"embeddable":true,"href":"https:\/\/marekkuchcinski.pl\/uk\/wp-json\/wp\/v2\/comments?post=14714"}],"version-history":[{"count":4,"href":"https:\/\/marekkuchcinski.pl\/uk\/wp-json\/wp\/v2\/posts\/14714\/revisions"}],"predecessor-version":[{"id":14727,"href":"https:\/\/marekkuchcinski.pl\/uk\/wp-json\/wp\/v2\/posts\/14714\/revisions\/14727"}],"wp:attachment":[{"href":"https:\/\/marekkuchcinski.pl\/uk\/wp-json\/wp\/v2\/media?parent=14714"}],"wp:term":[{"taxonomy":"category","embeddable":true,"href":"https:\/\/marekkuchcinski.pl\/uk\/wp-json\/wp\/v2\/categories?post=14714"},{"taxonomy":"post_tag","embeddable":true,"href":"https:\/\/marekkuchcinski.pl\/uk\/wp-json\/wp\/v2\/tags?post=14714"}],"curies":[{"name":"wp","href":"https:\/\/api.w.org\/{rel}","templated":true}]}}