{"id":14701,"date":"2019-04-12T12:01:19","date_gmt":"2019-04-12T10:01:19","guid":{"rendered":"https:\/\/marekkuchcinski.pl\/?p=14701"},"modified":"2019-04-12T13:55:19","modified_gmt":"2019-04-12T11:55:19","slug":"wielkanocne-spotkanie-prawa-i-sprawiedliwosci","status":"publish","type":"post","link":"https:\/\/marekkuchcinski.pl\/uk\/wydarzenia\/wielkanocne-spotkanie-prawa-i-sprawiedliwosci\/","title":{"rendered":"\u0412\u0435\u043b\u0438\u043a\u043e\u0434\u043d\u0454 \u0437\u0430\u0441\u0456\u0434\u0430\u043d\u043d\u044f \u043f\u0430\u0440\u0442\u0456\u0457 \"\u041f\u0440\u0430\u0432\u043e \u0456 \u0441\u043f\u0440\u0430\u0432\u0435\u0434\u043b\u0438\u0432\u0456\u0441\u0442\u044c"},"content":{"rendered":"<p>\u0414\u0435\u043f\u0443\u0442\u0430\u0442\u0438 \"\u041f\u0440\u0430\u0432\u0430 \u0456 \u0441\u043f\u0440\u0430\u0432\u0435\u0434\u043b\u0438\u0432\u043e\u0441\u0442\u0456\" \u0437\u0443\u0441\u0442\u0440\u0456\u043b\u0438\u0441\u044f \u0443 \u0421\u0435\u0439\u043c\u0456, \u0449\u043e\u0431 \u0432\u0438\u0441\u043b\u043e\u0432\u0438\u0442\u0438 \u0432\u0435\u043b\u0438\u043a\u043e\u0434\u043d\u0456 \u043f\u043e\u0431\u0430\u0436\u0430\u043d\u043d\u044f. \u041f\u0440\u0435\u0437\u0438\u0434\u0435\u043d\u0442 \u043f\u0430\u0440\u0442\u0456\u0457 \"\u041f\u0440\u0430\u0432\u043e \u0456 \u0441\u043f\u0440\u0430\u0432\u0435\u0434\u043b\u0438\u0432\u0456\u0441\u0442\u044c\" \u042f\u0440\u043e\u0441\u043b\u0430\u0432 \u041a\u0430\u0447\u0438\u043d\u0441\u044c\u043a\u0438\u0439 \u043f\u0456\u0434\u043a\u0440\u0435\u0441\u043b\u0438\u0432, \u0449\u043e \u0446\u0435 \u043e\u0441\u043e\u0431\u043b\u0438\u0432\u0456 \u0441\u0432\u044f\u0442\u0430, \u043e\u0441\u043a\u0456\u043b\u044c\u043a\u0438 \u0432\u043e\u043d\u0438 \u043d\u0430\u0431\u043b\u0438\u0436\u0435\u043d\u0456 \u0434\u043e \u0434\u0456\u044f\u043b\u044c\u043d\u043e\u0441\u0442\u0456, \u044f\u043a\u0430 \u0454 \u0441\u0435\u043d\u0441\u043e\u043c \u0456\u0441\u043d\u0443\u0432\u0430\u043d\u043d\u044f \u043f\u043e\u043b\u0456\u0442\u0438\u0447\u043d\u0438\u0445 \u043f\u0430\u0440\u0442\u0456\u0439, \u0430 \u0441\u0430\u043c\u0435 \u0434\u043e \u0432\u0438\u0431\u043e\u0440\u0447\u043e\u0457 \u043a\u0430\u043c\u043f\u0430\u043d\u0456\u0457. <\/p>\n\n\n\n<p>\u0412\u0456\u043d \u043f\u043e\u0431\u0430\u0436\u0430\u0432 \u043f\u0440\u0438\u0441\u0443\u0442\u043d\u0456\u043c, \u0449\u043e\u0431 \u0446\u0435\u0439 \u0447\u0430\u0441 \u0431\u0443\u0432 \u0441\u043f\u043e\u0432\u043d\u0435\u043d\u0438\u0439 \u0434\u043e\u0431\u0440\u0438\u043c\u0438 \u043f\u043e\u0434\u0456\u044f\u043c\u0438, \u043f\u0440\u0430\u0446\u0435\u044e, \u043d\u0430\u0434\u0456\u0454\u044e \u0442\u0430 \u0440\u0456\u0448\u0443\u0447\u0456\u0441\u0442\u044e, \u044f\u043a\u0456 \u043f\u0440\u0438\u043d\u0435\u0441\u0443\u0442\u044c \u0443\u0441\u043f\u0456\u0448\u043d\u0456 \u0440\u0435\u0437\u0443\u043b\u044c\u0442\u0430\u0442\u0438 \u0432 \u0456\u043c'\u044f \u0417\u0430\u043a\u043e\u043d\u0443 \u0442\u0430 \u0421\u043f\u0440\u0430\u0432\u0435\u0434\u043b\u0438\u0432\u043e\u0441\u0442\u0456.  <\/p>\n\n\n\n<figure class=\"wp-block-image\"><img fetchpriority=\"high\" decoding=\"async\" width=\"1024\" height=\"655\" src=\"https:\/\/marekkuchcinski.pl\/wp-content\/uploads\/2019\/04\/IMG_9362-1024x655.jpg\" alt=\"\" class=\"wp-image-14707\" srcset=\"https:\/\/marekkuchcinski.pl\/wp-content\/uploads\/2019\/04\/IMG_9362-1024x655.jpg 1024w, https:\/\/marekkuchcinski.pl\/wp-content\/uploads\/2019\/04\/IMG_9362-300x192.jpg 300w, https:\/\/marekkuchcinski.pl\/wp-content\/uploads\/2019\/04\/IMG_9362-768x492.jpg 768w, https:\/\/marekkuchcinski.pl\/wp-content\/uploads\/2019\/04\/IMG_9362.jpg 2048w\" sizes=\"(max-width: 1024px) 100vw, 1024px\" \/><\/figure>\n\n\n\n<figure class=\"wp-block-image\"><img decoding=\"async\" width=\"1024\" height=\"761\" src=\"https:\/\/marekkuchcinski.pl\/wp-content\/uploads\/2019\/04\/na-wwew-jako-1024x761.jpg\" alt=\"\" class=\"wp-image-14730\" srcset=\"https:\/\/marekkuchcinski.pl\/wp-content\/uploads\/2019\/04\/na-wwew-jako-1024x761.jpg 1024w, https:\/\/marekkuchcinski.pl\/wp-content\/uploads\/2019\/04\/na-wwew-jako-300x223.jpg 300w, https:\/\/marekkuchcinski.pl\/wp-content\/uploads\/2019\/04\/na-wwew-jako-768x571.jpg 768w, https:\/\/marekkuchcinski.pl\/wp-content\/uploads\/2019\/04\/na-wwew-jako.jpg 2048w\" sizes=\"(max-width: 1024px) 100vw, 1024px\" \/><\/figure>","protected":false},"excerpt":{"rendered":"<p>Parlamentarzy\u015bci Prawa i Sprawiedliwo\u015bci spotkali si\u0119 w Sejmie, by z\u0142o\u017cy\u0107 sobie wielkanocne \u017cyczenia. Prezes PiS Jaros\u0142aw Kaczy\u0144ski podkre\u015bla\u0142, \u017ce s\u0105 to \u015bwi\u0119ta szczeg\u00f3lne, bo blisko dzia\u0142alno\u015bci, kt\u00f3ra jest sensem partii politycznych, czyli kampanii wyborczej. Zebranym \u017cyczy\u0142, by ten czas by\u0142 pe\u0142en dobrych wydarze\u0144, pracy, nadziei i determinacji, kt\u00f3re przynios\u0105 pomy\u015blne dla PiS-u efekty.<\/p>","protected":false},"author":6,"featured_media":14706,"comment_status":"open","ping_status":"open","sticky":false,"template":"","format":"standard","meta":{"ngg_post_thumbnail":0,"footnotes":""},"categories":[82,3],"tags":[],"class_list":["post-14701","post","type-post","status-publish","format-standard","has-post-thumbnail","hentry","category-prawo-i-sprawiedliwosc","category-wydarzenia"],"yoast_head":"<!-- This site is optimized with the Yoast SEO plugin v24.7 - https:\/\/yoast.com\/wordpress\/plugins\/seo\/ -->\n<title>Wielkanocne spotkanie Prawa i Sprawiedliwo\u015bci &#8211; Marek Kuchci\u0144ski<\/title>\n<meta name=\"robots\" content=\"index, follow, max-snippet:-1, max-image-preview:large, max-video-preview:-1\" \/>\n<link rel=\"canonical\" href=\"https:\/\/marekkuchcinski.pl\/uk\/wydarzenia\/wielkanocne-spotkanie-prawa-i-sprawiedliwosci\/\" \/>\n<meta property=\"og:locale\" content=\"uk_UA\" \/>\n<meta property=\"og:type\" content=\"article\" \/>\n<meta property=\"og:title\" content=\"Wielkanocne spotkanie Prawa i Sprawiedliwo\u015bci &#8211; Marek Kuchci\u0144ski\" \/>\n<meta property=\"og:description\" content=\"Parlamentarzy\u015bci Prawa i Sprawiedliwo\u015bci spotkali si\u0119 w Sejmie, by z\u0142o\u017cy\u0107 sobie wielkanocne \u017cyczenia. Prezes PiS Jaros\u0142aw Kaczy\u0144ski podkre\u015bla\u0142, \u017ce s\u0105 to \u015bwi\u0119ta szczeg\u00f3lne, bo blisko dzia\u0142alno\u015bci, kt\u00f3ra jest sensem partii politycznych, czyli kampanii wyborczej. Zebranym \u017cyczy\u0142, by ten czas by\u0142 pe\u0142en dobrych wydarze\u0144, pracy, nadziei i determinacji, kt\u00f3re przynios\u0105 pomy\u015blne dla PiS-u efekty.\" \/>\n<meta property=\"og:url\" content=\"https:\/\/marekkuchcinski.pl\/uk\/wydarzenia\/wielkanocne-spotkanie-prawa-i-sprawiedliwosci\/\" \/>\n<meta property=\"og:site_name\" content=\"Marek Kuchci\u0144ski\" \/>\n<meta property=\"article:published_time\" content=\"2019-04-12T10:01:19+00:00\" \/>\n<meta property=\"article:modified_time\" content=\"2019-04-12T11:55:19+00:00\" \/>\n<meta property=\"og:image\" content=\"https:\/\/marekkuchcinski.pl\/wp-content\/uploads\/2019\/04\/IMG_9356-1.jpg\" \/>\n\t<meta property=\"og:image:width\" content=\"2048\" \/>\n\t<meta property=\"og:image:height\" content=\"1371\" \/>\n\t<meta property=\"og:image:type\" content=\"image\/jpeg\" \/>\n<meta name=\"author\" content=\"admin\" \/>\n<meta name=\"twitter:card\" content=\"summary_large_image\" \/>\n<meta name=\"twitter:label1\" content=\"\u041d\u0430\u043f\u0438\u0441\u0430\u043d\u043e\" \/>\n\t<meta name=\"twitter:data1\" content=\"admin\" \/>\n<script type=\"application\/ld+json\" class=\"yoast-schema-graph\">{\"@context\":\"https:\/\/schema.org\",\"@graph\":[{\"@type\":\"Article\",\"@id\":\"https:\/\/marekkuchcinski.pl\/en\/wydarzenia\/wielkanocne-spotkanie-prawa-i-sprawiedliwosci\/#article\",\"isPartOf\":{\"@id\":\"https:\/\/marekkuchcinski.pl\/en\/wydarzenia\/wielkanocne-spotkanie-prawa-i-sprawiedliwosci\/\"},\"author\":{\"name\":\"admin\",\"@id\":\"https:\/\/marekkuchcinski.pl\/#\/schema\/person\/6f62700996b4d950b6ea2d1183b6c6be\"},\"headline\":\"Wielkanocne spotkanie Prawa i Sprawiedliwo\u015bci\",\"datePublished\":\"2019-04-12T10:01:19+00:00\",\"dateModified\":\"2019-04-12T11:55:19+00:00\",\"mainEntityOfPage\":{\"@id\":\"https:\/\/marekkuchcinski.pl\/en\/wydarzenia\/wielkanocne-spotkanie-prawa-i-sprawiedliwosci\/\"},\"wordCount\":74,\"commentCount\":0,\"publisher\":{\"@id\":\"https:\/\/marekkuchcinski.pl\/#organization\"},\"image\":{\"@id\":\"https:\/\/marekkuchcinski.pl\/en\/wydarzenia\/wielkanocne-spotkanie-prawa-i-sprawiedliwosci\/#primaryimage\"},\"thumbnailUrl\":\"https:\/\/marekkuchcinski.pl\/wp-content\/uploads\/2019\/04\/IMG_9356-1.jpg\",\"articleSection\":[\"Prawo i Sprawiedliwo\u015b\u0107\",\"Wydarzenia\"],\"inLanguage\":\"uk\",\"potentialAction\":[{\"@type\":\"CommentAction\",\"name\":\"Comment\",\"target\":[\"https:\/\/marekkuchcinski.pl\/en\/wydarzenia\/wielkanocne-spotkanie-prawa-i-sprawiedliwosci\/#respond\"]}]},{\"@type\":\"WebPage\",\"@id\":\"https:\/\/marekkuchcinski.pl\/en\/wydarzenia\/wielkanocne-spotkanie-prawa-i-sprawiedliwosci\/\",\"url\":\"https:\/\/marekkuchcinski.pl\/en\/wydarzenia\/wielkanocne-spotkanie-prawa-i-sprawiedliwosci\/\",\"name\":\"Wielkanocne spotkanie Prawa i Sprawiedliwo\u015bci &#8211; Marek Kuchci\u0144ski\",\"isPartOf\":{\"@id\":\"https:\/\/marekkuchcinski.pl\/#website\"},\"primaryImageOfPage\":{\"@id\":\"https:\/\/marekkuchcinski.pl\/en\/wydarzenia\/wielkanocne-spotkanie-prawa-i-sprawiedliwosci\/#primaryimage\"},\"image\":{\"@id\":\"https:\/\/marekkuchcinski.pl\/en\/wydarzenia\/wielkanocne-spotkanie-prawa-i-sprawiedliwosci\/#primaryimage\"},\"thumbnailUrl\":\"https:\/\/marekkuchcinski.pl\/wp-content\/uploads\/2019\/04\/IMG_9356-1.jpg\",\"datePublished\":\"2019-04-12T10:01:19+00:00\",\"dateModified\":\"2019-04-12T11:55:19+00:00\",\"breadcrumb\":{\"@id\":\"https:\/\/marekkuchcinski.pl\/en\/wydarzenia\/wielkanocne-spotkanie-prawa-i-sprawiedliwosci\/#breadcrumb\"},\"inLanguage\":\"uk\",\"potentialAction\":[{\"@type\":\"ReadAction\",\"target\":[\"https:\/\/marekkuchcinski.pl\/en\/wydarzenia\/wielkanocne-spotkanie-prawa-i-sprawiedliwosci\/\"]}]},{\"@type\":\"ImageObject\",\"inLanguage\":\"uk\",\"@id\":\"https:\/\/marekkuchcinski.pl\/en\/wydarzenia\/wielkanocne-spotkanie-prawa-i-sprawiedliwosci\/#primaryimage\",\"url\":\"https:\/\/marekkuchcinski.pl\/wp-content\/uploads\/2019\/04\/IMG_9356-1.jpg\",\"contentUrl\":\"https:\/\/marekkuchcinski.pl\/wp-content\/uploads\/2019\/04\/IMG_9356-1.jpg\",\"width\":2048,\"height\":1371},{\"@type\":\"BreadcrumbList\",\"@id\":\"https:\/\/marekkuchcinski.pl\/en\/wydarzenia\/wielkanocne-spotkanie-prawa-i-sprawiedliwosci\/#breadcrumb\",\"itemListElement\":[{\"@type\":\"ListItem\",\"position\":1,\"name\":\"Strona g\u0142\u00f3wna\",\"item\":\"https:\/\/marekkuchcinski.pl\/\"},{\"@type\":\"ListItem\",\"position\":2,\"name\":\"Wielkanocne spotkanie Prawa i Sprawiedliwo\u015bci\"}]},{\"@type\":\"WebSite\",\"@id\":\"https:\/\/marekkuchcinski.pl\/#website\",\"url\":\"https:\/\/marekkuchcinski.pl\/\",\"name\":\"Marek Kuchci\u0144ski\",\"description\":\"Pose\u0142 na sejm RP &ndash; okr\u0119g nr 22\",\"publisher\":{\"@id\":\"https:\/\/marekkuchcinski.pl\/#organization\"},\"potentialAction\":[{\"@type\":\"SearchAction\",\"target\":{\"@type\":\"EntryPoint\",\"urlTemplate\":\"https:\/\/marekkuchcinski.pl\/?s={search_term_string}\"},\"query-input\":{\"@type\":\"PropertyValueSpecification\",\"valueRequired\":true,\"valueName\":\"search_term_string\"}}],\"inLanguage\":\"uk\"},{\"@type\":\"Organization\",\"@id\":\"https:\/\/marekkuchcinski.pl\/#organization\",\"name\":\"Marek Kuchci\u0144ski\",\"url\":\"https:\/\/marekkuchcinski.pl\/\",\"logo\":{\"@type\":\"ImageObject\",\"inLanguage\":\"uk\",\"@id\":\"https:\/\/marekkuchcinski.pl\/#\/schema\/logo\/image\/\",\"url\":\"https:\/\/marekkuchcinski.pl\/wp-content\/uploads\/2022\/09\/Marek.jpg\",\"contentUrl\":\"https:\/\/marekkuchcinski.pl\/wp-content\/uploads\/2022\/09\/Marek.jpg\",\"width\":1600,\"height\":971,\"caption\":\"Marek Kuchci\u0144ski\"},\"image\":{\"@id\":\"https:\/\/marekkuchcinski.pl\/#\/schema\/logo\/image\/\"}},{\"@type\":\"Person\",\"@id\":\"https:\/\/marekkuchcinski.pl\/#\/schema\/person\/6f62700996b4d950b6ea2d1183b6c6be\",\"name\":\"admin\",\"image\":{\"@type\":\"ImageObject\",\"inLanguage\":\"uk\",\"@id\":\"https:\/\/marekkuchcinski.pl\/#\/schema\/person\/image\/\",\"url\":\"https:\/\/secure.gravatar.com\/avatar\/4bab693b9d55c3d6b52c0296a8765085?s=96&d=mm&r=g\",\"contentUrl\":\"https:\/\/secure.gravatar.com\/avatar\/4bab693b9d55c3d6b52c0296a8765085?s=96&d=mm&r=g\",\"caption\":\"admin\"},\"url\":\"https:\/\/marekkuchcinski.pl\/uk\/author\/marta-olejnik\/\"}]}<\/script>\n<!-- \/ Yoast SEO plugin. -->","yoast_head_json":{"title":"Wielkanocne spotkanie Prawa i Sprawiedliwo\u015bci &#8211; Marek Kuchci\u0144ski","robots":{"index":"index","follow":"follow","max-snippet":"max-snippet:-1","max-image-preview":"max-image-preview:large","max-video-preview":"max-video-preview:-1"},"canonical":"https:\/\/marekkuchcinski.pl\/uk\/wydarzenia\/wielkanocne-spotkanie-prawa-i-sprawiedliwosci\/","og_locale":"uk_UA","og_type":"article","og_title":"Wielkanocne spotkanie Prawa i Sprawiedliwo\u015bci &#8211; Marek Kuchci\u0144ski","og_description":"Parlamentarzy\u015bci Prawa i Sprawiedliwo\u015bci spotkali si\u0119 w Sejmie, by z\u0142o\u017cy\u0107 sobie wielkanocne \u017cyczenia. Prezes PiS Jaros\u0142aw Kaczy\u0144ski podkre\u015bla\u0142, \u017ce s\u0105 to \u015bwi\u0119ta szczeg\u00f3lne, bo blisko dzia\u0142alno\u015bci, kt\u00f3ra jest sensem partii politycznych, czyli kampanii wyborczej. Zebranym \u017cyczy\u0142, by ten czas by\u0142 pe\u0142en dobrych wydarze\u0144, pracy, nadziei i determinacji, kt\u00f3re przynios\u0105 pomy\u015blne dla PiS-u efekty.","og_url":"https:\/\/marekkuchcinski.pl\/uk\/wydarzenia\/wielkanocne-spotkanie-prawa-i-sprawiedliwosci\/","og_site_name":"Marek Kuchci\u0144ski","article_published_time":"2019-04-12T10:01:19+00:00","article_modified_time":"2019-04-12T11:55:19+00:00","og_image":[{"width":2048,"height":1371,"url":"https:\/\/marekkuchcinski.pl\/wp-content\/uploads\/2019\/04\/IMG_9356-1.jpg","type":"image\/jpeg"}],"author":"admin","twitter_card":"summary_large_image","twitter_misc":{"\u041d\u0430\u043f\u0438\u0441\u0430\u043d\u043e":"admin"},"schema":{"@context":"https:\/\/schema.org","@graph":[{"@type":"Article","@id":"https:\/\/marekkuchcinski.pl\/en\/wydarzenia\/wielkanocne-spotkanie-prawa-i-sprawiedliwosci\/#article","isPartOf":{"@id":"https:\/\/marekkuchcinski.pl\/en\/wydarzenia\/wielkanocne-spotkanie-prawa-i-sprawiedliwosci\/"},"author":{"name":"admin","@id":"https:\/\/marekkuchcinski.pl\/#\/schema\/person\/6f62700996b4d950b6ea2d1183b6c6be"},"headline":"Wielkanocne spotkanie Prawa i Sprawiedliwo\u015bci","datePublished":"2019-04-12T10:01:19+00:00","dateModified":"2019-04-12T11:55:19+00:00","mainEntityOfPage":{"@id":"https:\/\/marekkuchcinski.pl\/en\/wydarzenia\/wielkanocne-spotkanie-prawa-i-sprawiedliwosci\/"},"wordCount":74,"commentCount":0,"publisher":{"@id":"https:\/\/marekkuchcinski.pl\/#organization"},"image":{"@id":"https:\/\/marekkuchcinski.pl\/en\/wydarzenia\/wielkanocne-spotkanie-prawa-i-sprawiedliwosci\/#primaryimage"},"thumbnailUrl":"https:\/\/marekkuchcinski.pl\/wp-content\/uploads\/2019\/04\/IMG_9356-1.jpg","articleSection":["Prawo i Sprawiedliwo\u015b\u0107","Wydarzenia"],"inLanguage":"uk","potentialAction":[{"@type":"CommentAction","name":"Comment","target":["https:\/\/marekkuchcinski.pl\/en\/wydarzenia\/wielkanocne-spotkanie-prawa-i-sprawiedliwosci\/#respond"]}]},{"@type":"WebPage","@id":"https:\/\/marekkuchcinski.pl\/en\/wydarzenia\/wielkanocne-spotkanie-prawa-i-sprawiedliwosci\/","url":"https:\/\/marekkuchcinski.pl\/en\/wydarzenia\/wielkanocne-spotkanie-prawa-i-sprawiedliwosci\/","name":"Wielkanocne spotkanie Prawa i Sprawiedliwo\u015bci &#8211; Marek Kuchci\u0144ski","isPartOf":{"@id":"https:\/\/marekkuchcinski.pl\/#website"},"primaryImageOfPage":{"@id":"https:\/\/marekkuchcinski.pl\/en\/wydarzenia\/wielkanocne-spotkanie-prawa-i-sprawiedliwosci\/#primaryimage"},"image":{"@id":"https:\/\/marekkuchcinski.pl\/en\/wydarzenia\/wielkanocne-spotkanie-prawa-i-sprawiedliwosci\/#primaryimage"},"thumbnailUrl":"https:\/\/marekkuchcinski.pl\/wp-content\/uploads\/2019\/04\/IMG_9356-1.jpg","datePublished":"2019-04-12T10:01:19+00:00","dateModified":"2019-04-12T11:55:19+00:00","breadcrumb":{"@id":"https:\/\/marekkuchcinski.pl\/en\/wydarzenia\/wielkanocne-spotkanie-prawa-i-sprawiedliwosci\/#breadcrumb"},"inLanguage":"uk","potentialAction":[{"@type":"ReadAction","target":["https:\/\/marekkuchcinski.pl\/en\/wydarzenia\/wielkanocne-spotkanie-prawa-i-sprawiedliwosci\/"]}]},{"@type":"ImageObject","inLanguage":"uk","@id":"https:\/\/marekkuchcinski.pl\/en\/wydarzenia\/wielkanocne-spotkanie-prawa-i-sprawiedliwosci\/#primaryimage","url":"https:\/\/marekkuchcinski.pl\/wp-content\/uploads\/2019\/04\/IMG_9356-1.jpg","contentUrl":"https:\/\/marekkuchcinski.pl\/wp-content\/uploads\/2019\/04\/IMG_9356-1.jpg","width":2048,"height":1371},{"@type":"BreadcrumbList","@id":"https:\/\/marekkuchcinski.pl\/en\/wydarzenia\/wielkanocne-spotkanie-prawa-i-sprawiedliwosci\/#breadcrumb","itemListElement":[{"@type":"ListItem","position":1,"name":"Strona g\u0142\u00f3wna","item":"https:\/\/marekkuchcinski.pl\/"},{"@type":"ListItem","position":2,"name":"Wielkanocne spotkanie Prawa i Sprawiedliwo\u015bci"}]},{"@type":"WebSite","@id":"https:\/\/marekkuchcinski.pl\/#website","url":"https:\/\/marekkuchcinski.pl\/","name":"Marek Kuchci\u0144ski","description":"Pose\u0142 na sejm RP &ndash; okr\u0119g nr 22","publisher":{"@id":"https:\/\/marekkuchcinski.pl\/#organization"},"potentialAction":[{"@type":"SearchAction","target":{"@type":"EntryPoint","urlTemplate":"https:\/\/marekkuchcinski.pl\/?s={search_term_string}"},"query-input":{"@type":"PropertyValueSpecification","valueRequired":true,"valueName":"search_term_string"}}],"inLanguage":"uk"},{"@type":"Organization","@id":"https:\/\/marekkuchcinski.pl\/#organization","name":"Marek Kuchci\u0144ski","url":"https:\/\/marekkuchcinski.pl\/","logo":{"@type":"ImageObject","inLanguage":"uk","@id":"https:\/\/marekkuchcinski.pl\/#\/schema\/logo\/image\/","url":"https:\/\/marekkuchcinski.pl\/wp-content\/uploads\/2022\/09\/Marek.jpg","contentUrl":"https:\/\/marekkuchcinski.pl\/wp-content\/uploads\/2022\/09\/Marek.jpg","width":1600,"height":971,"caption":"Marek Kuchci\u0144ski"},"image":{"@id":"https:\/\/marekkuchcinski.pl\/#\/schema\/logo\/image\/"}},{"@type":"Person","@id":"https:\/\/marekkuchcinski.pl\/#\/schema\/person\/6f62700996b4d950b6ea2d1183b6c6be","name":"admin","image":{"@type":"ImageObject","inLanguage":"uk","@id":"https:\/\/marekkuchcinski.pl\/#\/schema\/person\/image\/","url":"https:\/\/secure.gravatar.com\/avatar\/4bab693b9d55c3d6b52c0296a8765085?s=96&d=mm&r=g","contentUrl":"https:\/\/secure.gravatar.com\/avatar\/4bab693b9d55c3d6b52c0296a8765085?s=96&d=mm&r=g","caption":"admin"},"url":"https:\/\/marekkuchcinski.pl\/uk\/author\/marta-olejnik\/"}]}},"_links":{"self":[{"href":"https:\/\/marekkuchcinski.pl\/uk\/wp-json\/wp\/v2\/posts\/14701","targetHints":{"allow":["GET"]}}],"collection":[{"href":"https:\/\/marekkuchcinski.pl\/uk\/wp-json\/wp\/v2\/posts"}],"about":[{"href":"https:\/\/marekkuchcinski.pl\/uk\/wp-json\/wp\/v2\/types\/post"}],"author":[{"embeddable":true,"href":"https:\/\/marekkuchcinski.pl\/uk\/wp-json\/wp\/v2\/users\/6"}],"replies":[{"embeddable":true,"href":"https:\/\/marekkuchcinski.pl\/uk\/wp-json\/wp\/v2\/comments?post=14701"}],"version-history":[{"count":5,"href":"https:\/\/marekkuchcinski.pl\/uk\/wp-json\/wp\/v2\/posts\/14701\/revisions"}],"predecessor-version":[{"id":14731,"href":"https:\/\/marekkuchcinski.pl\/uk\/wp-json\/wp\/v2\/posts\/14701\/revisions\/14731"}],"wp:featuredmedia":[{"embeddable":true,"href":"https:\/\/marekkuchcinski.pl\/uk\/wp-json\/wp\/v2\/media\/14706"}],"wp:attachment":[{"href":"https:\/\/marekkuchcinski.pl\/uk\/wp-json\/wp\/v2\/media?parent=14701"}],"wp:term":[{"taxonomy":"category","embeddable":true,"href":"https:\/\/marekkuchcinski.pl\/uk\/wp-json\/wp\/v2\/categories?post=14701"},{"taxonomy":"post_tag","embeddable":true,"href":"https:\/\/marekkuchcinski.pl\/uk\/wp-json\/wp\/v2\/tags?post=14701"}],"curies":[{"name":"wp","href":"https:\/\/api.w.org\/{rel}","templated":true}]}}