{"id":14218,"date":"2019-03-29T12:24:26","date_gmt":"2019-03-29T11:24:26","guid":{"rendered":"https:\/\/marekkuchcinski.pl\/?p=14218"},"modified":"2019-03-29T12:51:29","modified_gmt":"2019-03-29T11:51:29","slug":"ponad-polowa-polakow-pozytywnie-okresla-prace-kosciola-rzymskokatolickiego","status":"publish","type":"post","link":"https:\/\/marekkuchcinski.pl\/uk\/wydarzenia\/ponad-polowa-polakow-pozytywnie-okresla-prace-kosciola-rzymskokatolickiego\/","title":{"rendered":"\u0411\u0456\u043b\u044c\u0448\u0435 \u043f\u043e\u043b\u043e\u0432\u0438\u043d\u0438 \u043f\u043e\u043b\u044f\u043a\u0456\u0432 \u043f\u043e\u0437\u0438\u0442\u0438\u0432\u043d\u043e \u043e\u0446\u0456\u043d\u044e\u044e\u0442\u044c \u0434\u0456\u044f\u043b\u044c\u043d\u0456\u0441\u0442\u044c \u0420\u0438\u043c\u043e-\u043a\u0430\u0442\u043e\u043b\u0438\u0446\u044c\u043a\u043e\u0457 \u0446\u0435\u0440\u043a\u0432\u0438"},"content":{"rendered":"<p class=\"wp-block-paragraph\"><\/p>\n\n\n\n<p class=\"wp-block-paragraph\"><strong>\u0417\u0433\u0456\u0434\u043d\u043e \u0437 \u043e\u043f\u0438\u0442\u0443\u0432\u0430\u043d\u043d\u044f\u043c CBOS, 57% \u043f\u043e\u043b\u044f\u043a\u0456\u0432 \u0434\u043e\u0431\u0440\u0435 \u043e\u0446\u0456\u043d\u044e\u044e\u0442\u044c \u0434\u0456\u044f\u043b\u044c\u043d\u0456\u0441\u0442\u044c \u0420\u0438\u043c\u043e-\u043a\u0430\u0442\u043e\u043b\u0438\u0446\u044c\u043a\u043e\u0457 \u0446\u0435\u0440\u043a\u0432\u0438 (\u043d\u0430 3 \u043f.\u043f. \u0431\u0456\u043b\u044c\u0448\u0435, \u043d\u0456\u0436 \u0440\u0456\u043a \u0442\u043e\u043c\u0443), \u0430 32% \u0434\u043e\u0442\u0440\u0438\u043c\u0443\u044e\u0442\u044c\u0441\u044f \u043f\u0440\u043e\u0442\u0438\u043b\u0435\u0436\u043d\u043e\u0457 \u0434\u0443\u043c\u043a\u0438. <\/strong><\/p>\n\n\n\n<figure class=\"wp-block-image\"><img fetchpriority=\"high\" decoding=\"async\" width=\"1024\" height=\"576\" src=\"https:\/\/marekkuchcinski.pl\/wp-content\/uploads\/2019\/03\/DSC_1892-1-1024x576.jpg\" alt=\"\" class=\"wp-image-14220\" srcset=\"https:\/\/marekkuchcinski.pl\/wp-content\/uploads\/2019\/03\/DSC_1892-1-1024x576.jpg 1024w, https:\/\/marekkuchcinski.pl\/wp-content\/uploads\/2019\/03\/DSC_1892-1-300x169.jpg 300w, https:\/\/marekkuchcinski.pl\/wp-content\/uploads\/2019\/03\/DSC_1892-1-768x432.jpg 768w, https:\/\/marekkuchcinski.pl\/wp-content\/uploads\/2019\/03\/DSC_1892-1.jpg 1280w\" sizes=\"(max-width: 1024px) 100vw, 1024px\" \/><figcaption> <br><em>\u041a\u043e\u0441\u0442\u0435\u043b \u0421\u0432\u044f\u0442\u043e\u0457 \u041c\u0430\u0440\u0456\u0457 \u041c\u0430\u0433\u0434\u0430\u043b\u0438\u043d\u0438 \u0442\u0430 \u041d\u0435\u043f\u043e\u0440\u043e\u0447\u043d\u043e\u0457 \u0414\u0456\u0432\u0438 \u041c\u0430\u0440\u0456\u0457,<\/em> <em>\u043c\u043e\u043d\u0430\u0441\u0442\u0438\u0440<\/em> <em>\u041e\u0442\u0446\u0456\u0432 \u0424\u0440\u0430\u043d\u0446\u0438\u0441\u043a\u0430\u043d\u0446\u0456\u0432 \u0443 \u041f\u0435\u0440\u0435\u043c\u0438\u0448\u043b\u0456, \u0444\u043e\u0442\u043e \u041c\u0430\u0440\u0442\u0438 \u041e\u043b\u0456\u0439\u043d\u0438\u043a<\/em><\/figcaption><\/figure>\n\n\n\n<p class=\"wp-block-paragraph\">\u0417\u0433\u0456\u0434\u043d\u043e \u0437 \u0434\u043e\u0441\u043b\u0456\u0434\u0436\u0435\u043d\u043d\u044f\u043c \u0426\u0435\u043d\u0442\u0440\u0430\u043b\u044c\u043d\u043e\u0433\u043e \u0441\u0442\u0430\u0442\u0438\u0441\u0442\u0438\u0447\u043d\u043e\u0433\u043e \u0443\u043f\u0440\u0430\u0432\u043b\u0456\u043d\u043d\u044f, \u043d\u0430\u0439\u0431\u0456\u043b\u044c\u0448\u0430 \u043a\u0456\u043b\u044c\u043a\u0456\u0441\u0442\u044c \u0432\u0456\u0440\u0443\u044e\u0447\u0438\u0445 \u043f\u0440\u043e\u0436\u0438\u0432\u0430\u0454 \u043d\u0430 \u041f\u0456\u0434\u043a\u0430\u0440\u043f\u0430\u0442\u0442\u0456.  \u0423 2018 \u0440\u043e\u0446\u0456 \u0431\u043b\u0438\u0437\u044c\u043a\u043e 94% \u043c\u0435\u0448\u043a\u0430\u043d\u0446\u0456\u0432 \u041f\u043e\u043b\u044c\u0449\u0456 \u0443 \u0432\u0456\u0446\u0456 16 \u0440\u043e\u043a\u0456\u0432 \u0456 \u0441\u0442\u0430\u0440\u0448\u0435 \u0456\u0434\u0435\u043d\u0442\u0438\u0444\u0456\u043a\u0443\u0432\u0430\u043b\u0438 \u0441\u0435\u0431\u0435 \u0437 \u0440\u0435\u043b\u0456\u0433\u0456\u0439\u043d\u0438\u043c\u0438 \u0456\u043d\u0441\u0442\u0438\u0442\u0443\u0446\u0456\u044f\u043c\u0438. \u041d\u0430\u0439\u0431\u0456\u043b\u044c\u0448 \u0447\u0438\u0441\u0435\u043b\u044c\u043d\u043e\u044e \u0433\u0440\u0443\u043f\u043e\u044e \u0454 \u0432\u0456\u0440\u0443\u044e\u0447\u0456 \u0420\u0438\u043c\u043e-\u043a\u0430\u0442\u043e\u043b\u0438\u0446\u044c\u043a\u043e\u0457 \u0446\u0435\u0440\u043a\u0432\u0438 (91,9%). <\/p>\n\n\n\n<p class=\"wp-block-paragraph\"><\/p>\n\n\n\n<figure class=\"wp-block-embed is-type-rich is-provider-marek-kuchcinski\"><div class=\"wp-block-embed__wrapper\">\n<blockquote class=\"wp-embedded-content\" data-secret=\"zVgxgTOw6N\"><a href=\"https:\/\/marekkuchcinski.pl\/en\/wydarzenia\/polska-wiara-ostoja-europy\/\">\u0412\u0456\u0440\u0430 \u041f\u043e\u043b\u044c\u0449\u0456 - \u043f\u0440\u0438\u0442\u0443\u043b\u043e\u043a \u0404\u0432\u0440\u043e\u043f\u0438<\/a><\/blockquote><iframe class=\"wp-embedded-content\" sandbox=\"allow-scripts\" security=\"restricted\" style=\"position: absolute; clip: rect(1px, 1px, 1px, 1px);\" title=\"&quot;\u041f\u043e\u043b\u044c\u0441\u044c\u043a\u0430 \u0432\u0456\u0440\u0430 - \u043e\u043f\u043e\u0440\u0430 \u0404\u0432\u0440\u043e\u043f\u0438&quot; - \u041c\u0430\u0440\u0435\u043a \u041a\u0443\u0445\u0446\u0456\u043d\u0441\u044c\u043a\u0438\u0439\" src=\"https:\/\/marekkuchcinski.pl\/en\/wydarzenia\/polska-wiara-ostoja-europy\/embed\/#?secret=zVgxgTOw6N\" data-secret=\"zVgxgTOw6N\" width=\"600\" height=\"338\" frameborder=\"0\" marginwidth=\"0\" marginheight=\"0\" scrolling=\"no\"><\/iframe>\n<\/div><\/figure>","protected":false},"excerpt":{"rendered":"<p>Zgodnie z badaniem CBOS 57 proc. Polak\u00f3w dobrze ocenia dzia\u0142alno\u015b\u0107 Ko\u015bcio\u0142a rzymskokatolickiego (3 p.p. wi\u0119cej ni\u017c przed rokiem), przeciwnego zdania jest 32 proc. Wed\u0142ug bada\u0144 G\u0142\u00f3wnego Urz\u0119du Statystycznego najwi\u0119cej os\u00f3b wierz\u0105cych mieszka na Podkarpaciu. W 2018 r. oko\u0142o 94 proc. mieszka\u0144c\u00f3w Polski maj\u0105cych 16 lat i wi\u0119cej identyfikowa\u0142o si\u0119 z instytucjami wyznaniowymi. Najliczniejsz\u0105 zbiorowo\u015b\u0107 tworz\u0105 [&hellip;]<\/p>\n","protected":false},"author":6,"featured_media":14226,"comment_status":"open","ping_status":"open","sticky":false,"template":"","format":"standard","meta":{"ngg_post_thumbnail":0,"footnotes":""},"categories":[49,3],"tags":[],"class_list":["post-14218","post","type-post","status-publish","format-standard","has-post-thumbnail","hentry","category-podkarpacie","category-wydarzenia"],"_links":{"self":[{"href":"https:\/\/marekkuchcinski.pl\/uk\/wp-json\/wp\/v2\/posts\/14218","targetHints":{"allow":["GET"]}}],"collection":[{"href":"https:\/\/marekkuchcinski.pl\/uk\/wp-json\/wp\/v2\/posts"}],"about":[{"href":"https:\/\/marekkuchcinski.pl\/uk\/wp-json\/wp\/v2\/types\/post"}],"author":[{"embeddable":true,"href":"https:\/\/marekkuchcinski.pl\/uk\/wp-json\/wp\/v2\/users\/6"}],"replies":[{"embeddable":true,"href":"https:\/\/marekkuchcinski.pl\/uk\/wp-json\/wp\/v2\/comments?post=14218"}],"version-history":[{"count":8,"href":"https:\/\/marekkuchcinski.pl\/uk\/wp-json\/wp\/v2\/posts\/14218\/revisions"}],"predecessor-version":[{"id":14233,"href":"https:\/\/marekkuchcinski.pl\/uk\/wp-json\/wp\/v2\/posts\/14218\/revisions\/14233"}],"wp:featuredmedia":[{"embeddable":true,"href":"https:\/\/marekkuchcinski.pl\/uk\/wp-json\/wp\/v2\/media\/14226"}],"wp:attachment":[{"href":"https:\/\/marekkuchcinski.pl\/uk\/wp-json\/wp\/v2\/media?parent=14218"}],"wp:term":[{"taxonomy":"category","embeddable":true,"href":"https:\/\/marekkuchcinski.pl\/uk\/wp-json\/wp\/v2\/categories?post=14218"},{"taxonomy":"post_tag","embeddable":true,"href":"https:\/\/marekkuchcinski.pl\/uk\/wp-json\/wp\/v2\/tags?post=14218"}],"curies":[{"name":"wp","href":"https:\/\/api.w.org\/{rel}","templated":true}]}}