{"id":13652,"date":"2019-03-11T16:33:20","date_gmt":"2019-03-11T15:33:20","guid":{"rendered":"https:\/\/marekkuchcinski.pl\/?p=13652"},"modified":"2019-03-16T15:34:19","modified_gmt":"2019-03-16T14:34:19","slug":"dobry-program-laczy-polakow-piatke-kaczynskiego-pozytywnie-ocenia-zarowno-wiekszosc-wyborcow-pis","status":"publish","type":"post","link":"https:\/\/marekkuchcinski.pl\/uk\/prawo-i-sprawiedliwosc\/dobry-program-laczy-polakow-piatke-kaczynskiego-pozytywnie-ocenia-zarowno-wiekszosc-wyborcow-pis\/","title":{"rendered":"\u0425\u043e\u0440\u043e\u0448\u0430 \u043f\u0440\u043e\u0433\u0440\u0430\u043c\u0430 \u043e\u0431'\u0454\u0434\u043d\u0443\u0454 \u043f\u043e\u043b\u044f\u043a\u0456\u0432. \u041f'\u044f\u0442\u0456\u0440\u043a\u0443 \u041a\u0430\u0447\u0438\u043d\u0441\u044c\u043a\u043e\u0433\u043e \u043f\u043e\u0437\u0438\u0442\u0438\u0432\u043d\u043e \u043e\u0446\u0456\u043d\u044e\u0454 \u0431\u0456\u043b\u044c\u0448\u0456\u0441\u0442\u044c \u0432\u0438\u0431\u043e\u0440\u0446\u0456\u0432 \u044f\u043a \u041f\u0456\u0421, \u0442\u0430\u043a \u0456 \u0420\u041e"},"content":{"rendered":"<p><strong>\u0417\u0430 \u0440\u0435\u0437\u0443\u043b\u044c\u0442\u0430\u0442\u0430\u043c\u0438 \u043e\u043f\u0438\u0442\u0443\u0432\u0430\u043d\u043d\u044f \u0433\u0440\u0443\u043f\u0438 \"\u0410\u0440\u0456\u0430\u0434\u043d\u0430\", \u043f\u0440\u043e\u0432\u0435\u0434\u0435\u043d\u043e\u0433\u043e \u0437 1 \u043f\u043e 5 \u0431\u0435\u0440\u0435\u0437\u043d\u044f 2019 \u0440\u043e\u043a\u0443. \u041f'\u044f\u0442\u0456\u0440\u043a\u0443 \u042f\u0440\u043e\u0441\u043b\u0430\u0432\u0430 \u041a\u0430\u0447\u0438\u043d\u0441\u044c\u043a\u043e\u0433\u043e \u043f\u043e\u0437\u0438\u0442\u0438\u0432\u043d\u043e \u043e\u0446\u0456\u043d\u044e\u044e\u0442\u044c \u0443 \u0432\u0456\u0434\u0441\u043e\u0442\u043a\u0430\u0445 \u043e\u043f\u0438\u0442\u0430\u043d\u0438\u0445:<\/strong><\/p>\n<p><span style=\"color: #0e5287;\"><strong>500 \u0437\u043b\u043e\u0442\u0438\u0445 \u0437\u0430 \u043a\u043e\u0436\u043d\u0443 \u0434\u0438\u0442\u0438\u043d\u0443<\/strong><\/span><\/p>\n<ul>\n<li>58 \u0432\u0456\u0434\u0441\u043e\u0442\u043a\u0456\u0432 \u0443\u0441\u0456\u0445 \u043e\u043f\u0438\u0442\u0430\u043d\u0438\u0445<\/li>\n<li>75% \u0432\u0438\u0431\u043e\u0440\u0446\u0456\u0432 \"\u041f\u0440\u0430\u0432\u0430 \u0456 \u0441\u043f\u0440\u0430\u0432\u0435\u0434\u043b\u0438\u0432\u043e\u0441\u0442\u0456<\/li>\n<li>55% \u0432\u0438\u0431\u043e\u0440\u0446\u0456\u0432 \u041e\u041e<\/li>\n<\/ul>\n<p><span style=\"color: #0e5287;\"><strong>\u0421\u043a\u0430\u0441\u0443\u0432\u0430\u043d\u043d\u044f \u041f\u0414\u0424\u041e \u0434\u043b\u044f \u043e\u0441\u0456\u0431 \u0432\u0456\u043a\u043e\u043c \u0434\u043e 26 \u0440\u043e\u043a\u0456\u0432<\/strong><\/span><\/p>\n<ul>\n<li>63% \u0432\u0441\u0456\u0445 \u043e\u043f\u0438\u0442\u0430\u043d\u0438\u0445<\/li>\n<li>84% \u0432\u0438\u0431\u043e\u0440\u0446\u0456\u0432 \"\u041f\u0440\u0430\u0432\u0430 \u0456 \u0441\u043f\u0440\u0430\u0432\u0435\u0434\u043b\u0438\u0432\u043e\u0441\u0442\u0456<\/li>\n<li>55% \u0432\u0438\u0431\u043e\u0440\u0446\u0456\u0432 \u041e\u041e<\/li>\n<\/ul>\n<p><span style=\"color: #0e5287;\"><strong>\u0417\u043d\u0438\u0436\u0435\u043d\u043d\u044f \u043f\u043e\u0434\u0430\u0442\u043a\u0443 \u043d\u0430 \u0434\u043e\u0445\u043e\u0434\u0438 \u0444\u0456\u0437\u0438\u0447\u043d\u0438\u0445 \u043e\u0441\u0456\u0431 \u0437 18% \u0434\u043e 17%.<\/strong><\/span><\/p>\n<ul>\n<li>84 \u0437 \u0443\u0441\u0456\u0445 \u043e\u043f\u0438\u0442\u0430\u043d\u0438\u0445<\/li>\n<li>94% \u0432\u0438\u0431\u043e\u0440\u0446\u0456\u0432 \"\u041f\u0440\u0430\u0432\u0430 \u0456 \u0441\u043f\u0440\u0430\u0432\u0435\u0434\u043b\u0438\u0432\u043e\u0441\u0442\u0456<\/li>\n<li>75 \u0432\u0456\u0434\u0441\u043e\u0442\u043a\u0456\u0432 \u0432\u0438\u0431\u043e\u0440\u0446\u0456\u0432 \u043d\u0430 \u0434\u0456\u043b\u044c\u043d\u0438\u0447\u043d\u0438\u0445 \u0432\u0438\u0431\u043e\u0440\u0447\u0438\u0445 \u0434\u0456\u043b\u044c\u043d\u0438\u0446\u044f\u0445<\/li>\n<\/ul>\n<p><span style=\"color: #0e5287;\"><strong>\u0414\u043e\u0434\u0430\u0442\u043a\u043e\u0432\u0430 \u043f\u0435\u043d\u0441\u0456\u044f \u0432 \u0440\u043e\u0437\u043c\u0456\u0440\u0456 1100 \u0437\u043b\u043e\u0442\u0438\u0445 <\/strong><\/span><\/p>\n<ul>\n<li>73 \u0437 \u0443\u0441\u0456\u0445 \u043e\u043f\u0438\u0442\u0430\u043d\u0438\u0445<\/li>\n<li>89% \u0432\u0438\u0431\u043e\u0440\u0446\u0456\u0432 \"\u041f\u0440\u0430\u0432\u0430 \u0456 \u0441\u043f\u0440\u0430\u0432\u0435\u0434\u043b\u0438\u0432\u043e\u0441\u0442\u0456<\/li>\n<li>72 \u0432\u0456\u0434\u0441\u043e\u0442\u043a\u0438 \u0432\u0438\u0431\u043e\u0440\u0446\u0456\u0432 \u043d\u0430 \u0434\u0456\u043b\u044c\u043d\u0438\u0447\u043d\u0438\u0445 \u0432\u0438\u0431\u043e\u0440\u0447\u0438\u0445 \u0434\u0456\u043b\u044c\u043d\u0438\u0446\u044f\u0445<\/li>\n<\/ul>\n<p><span style=\"color: #0e5287;\"><strong>\u0412\u0456\u0434\u043d\u043e\u0432\u043b\u0435\u043d\u043d\u044f \u043f\u0440\u0438\u043f\u0438\u043d\u0435\u043d\u0438\u0445 \u043c\u0430\u0440\u0448\u0440\u0443\u0442\u0456\u0432 PKS<\/strong><\/span><\/p>\n<ul>\n<li>73 \u0437 \u0443\u0441\u0456\u0445 \u043e\u043f\u0438\u0442\u0430\u043d\u0438\u0445<\/li>\n<li>89% \u0432\u0438\u0431\u043e\u0440\u0446\u0456\u0432 \"\u041f\u0440\u0430\u0432\u0430 \u0456 \u0441\u043f\u0440\u0430\u0432\u0435\u0434\u043b\u0438\u0432\u043e\u0441\u0442\u0456<\/li>\n<li>60 \u0432\u0456\u0434\u0441\u043e\u0442\u043a\u0456\u0432 \u0432\u0438\u0431\u043e\u0440\u0446\u0456\u0432 \u041e\u041e<\/li>\n<\/ul>\n<p><span style=\"color: #0e5287;\"><strong>\u0417\u0430\u0433\u0430\u043b\u044c\u043d\u0430 \u043e\u0446\u0456\u043d\u043a\u0430 \u043f'\u044f\u0442\u043d\u0438\u0446\u044c \u042f\u0440\u043e\u0441\u043b\u0430\u0432\u0430 \u041a\u0430\u0447\u0438\u043d\u0441\u044c\u043a\u043e\u0433\u043e <\/strong><\/span><\/p>\n<ul>\n<li>64 \u0432\u0456\u0434 \u0443\u0441\u0456\u0445 \u043e\u043f\u0438\u0442\u0430\u043d\u0438\u0445<\/li>\n<li>92% \u0432\u0438\u0431\u043e\u0440\u0446\u0456\u0432 \"\u041f\u0440\u0430\u0432\u0430 \u0456 \u0441\u043f\u0440\u0430\u0432\u0435\u0434\u043b\u0438\u0432\u043e\u0441\u0442\u0456<\/li>\n<li>48% \u0432\u0438\u0431\u043e\u0440\u0446\u0456\u0432 \u041e\u041e<\/li>\n<\/ul>\n<p>&nbsp;<\/p>\n<p><a href=\"https:\/\/marekkuchcinski.pl\/wp-content\/uploads\/2019\/03\/jpg-3.jpg\"><img fetchpriority=\"high\" decoding=\"async\" class=\"alignnone size-full wp-image-13656\" src=\"https:\/\/marekkuchcinski.pl\/wp-content\/uploads\/2019\/03\/jpg-3.jpg\" alt=\"jpg 3\" width=\"996\" height=\"499\" srcset=\"https:\/\/marekkuchcinski.pl\/wp-content\/uploads\/2019\/03\/jpg-3.jpg 996w, https:\/\/marekkuchcinski.pl\/wp-content\/uploads\/2019\/03\/jpg-3-300x150.jpg 300w, https:\/\/marekkuchcinski.pl\/wp-content\/uploads\/2019\/03\/jpg-3-768x385.jpg 768w\" sizes=\"(max-width: 996px) 100vw, 996px\" \/><\/a><\/p>\n<h5><em>\u041e\u043f\u0438\u0442\u0443\u0432\u0430\u043d\u043d\u044f \u043f\u0440\u043e\u0432\u0435\u0434\u0435\u043d\u043e \u0434\u043b\u044f \u0432\u0438\u0434\u0430\u043d\u043d\u044f Wirtualna Polska. \u0417\u0430\u0433\u0430\u043b\u044c\u043d\u043e\u043d\u0430\u0446\u0456\u043e\u043d\u0430\u043b\u044c\u043d\u0430 \u0432\u0438\u0431\u0456\u0440\u043a\u0430 \u043d\u0430\u0441\u0435\u043b\u0435\u043d\u043d\u044f \u0432\u0456\u043a\u043e\u043c \u0432\u0456\u0434 18 \u0440\u043e\u043a\u0456\u0432 \u0456 \u0441\u0442\u0430\u0440\u0448\u0435 (N=1074). \u041a\u0432\u043e\u0442\u0438 \u0432\u0456\u0434\u0431\u0438\u0440\u0430\u044e\u0442\u044c\u0441\u044f \u0432\u0456\u0434\u043f\u043e\u0432\u0456\u0434\u043d\u043e \u0434\u043e \u043f\u0440\u0435\u0434\u0441\u0442\u0430\u0432\u043d\u0438\u0446\u0442\u0432\u0430 \u0432 \u043d\u0430\u0441\u0435\u043b\u0435\u043d\u043d\u0456 \u0437\u0430 \u0441\u0442\u0430\u0442\u0442\u044e, \u0432\u0456\u043a\u043e\u043c \u0442\u0430 \u0440\u043e\u0437\u043c\u0456\u0440\u043e\u043c \u043d\u0430\u0441\u0435\u043b\u0435\u043d\u043e\u0433\u043e \u043f\u0443\u043d\u043a\u0442\u0443 \u043f\u0440\u043e\u0436\u0438\u0432\u0430\u043d\u043d\u044f.\u00a0 \u00a0<\/em><\/h5>\n<p>&nbsp;<\/p>","protected":false},"excerpt":{"rendered":"<p>Wed\u0142ug bada\u0144\u00a0panelu Ariadna, przeprowadzonych w dniach 1-5 marca 2019 r. Pi\u0105tk\u0119 Jaros\u0142awa Kaczy\u0144skiego pozytywnie ocenia procent badanych: 500 z\u0142 na ka\u017cde dziecko 58 proc.\u00a0wszystkich badanych 75 proc. wyborc\u00f3w PiS 55\u00a0proc. wyborc\u00f3w PO Likwidacj\u0119 podatku PIT dla os\u00f3b do 26. roku \u017cycia lat 63 proc.\u00a0wszystkich badanych 84 proc. wyborc\u00f3w PiS 55\u00a0proc. wyborc\u00f3w PO Obni\u017cenie podatku PIT [&hellip;]<\/p>","protected":false},"author":6,"featured_media":13656,"comment_status":"open","ping_status":"open","sticky":false,"template":"","format":"standard","meta":{"ngg_post_thumbnail":0,"footnotes":""},"categories":[82],"tags":[],"class_list":["post-13652","post","type-post","status-publish","format-standard","has-post-thumbnail","hentry","category-prawo-i-sprawiedliwosc"],"yoast_head":"<!-- This site is optimized with the Yoast SEO plugin v24.7 - https:\/\/yoast.com\/wordpress\/plugins\/seo\/ -->\n<title>Dobry program \u0142\u0105czy Polak\u00f3w. Pi\u0105tk\u0119 Kaczy\u0144skiego pozytywnie ocenia zar\u00f3wno wi\u0119kszo\u015b\u0107 wyborc\u00f3w PiS, jak i PO &#8211; Marek Kuchci\u0144ski<\/title>\n<meta name=\"robots\" content=\"index, follow, max-snippet:-1, max-image-preview:large, max-video-preview:-1\" \/>\n<link rel=\"canonical\" href=\"https:\/\/marekkuchcinski.pl\/uk\/prawo-i-sprawiedliwosc\/dobry-program-laczy-polakow-piatke-kaczynskiego-pozytywnie-ocenia-zarowno-wiekszosc-wyborcow-pis\/\" \/>\n<meta property=\"og:locale\" content=\"uk_UA\" \/>\n<meta property=\"og:type\" content=\"article\" \/>\n<meta property=\"og:title\" content=\"Dobry program \u0142\u0105czy Polak\u00f3w. Pi\u0105tk\u0119 Kaczy\u0144skiego pozytywnie ocenia zar\u00f3wno wi\u0119kszo\u015b\u0107 wyborc\u00f3w PiS, jak i PO &#8211; Marek Kuchci\u0144ski\" \/>\n<meta property=\"og:description\" content=\"Wed\u0142ug bada\u0144\u00a0panelu Ariadna, przeprowadzonych w dniach 1-5 marca 2019 r. Pi\u0105tk\u0119 Jaros\u0142awa Kaczy\u0144skiego pozytywnie ocenia procent badanych: 500 z\u0142 na ka\u017cde dziecko 58 proc.\u00a0wszystkich badanych 75 proc. wyborc\u00f3w PiS 55\u00a0proc. wyborc\u00f3w PO Likwidacj\u0119 podatku PIT dla os\u00f3b do 26. roku \u017cycia lat 63 proc.\u00a0wszystkich badanych 84 proc. wyborc\u00f3w PiS 55\u00a0proc. wyborc\u00f3w PO Obni\u017cenie podatku PIT [&hellip;]\" \/>\n<meta property=\"og:url\" content=\"https:\/\/marekkuchcinski.pl\/uk\/prawo-i-sprawiedliwosc\/dobry-program-laczy-polakow-piatke-kaczynskiego-pozytywnie-ocenia-zarowno-wiekszosc-wyborcow-pis\/\" \/>\n<meta property=\"og:site_name\" content=\"Marek Kuchci\u0144ski\" \/>\n<meta property=\"article:published_time\" content=\"2019-03-11T15:33:20+00:00\" \/>\n<meta property=\"article:modified_time\" content=\"2019-03-16T14:34:19+00:00\" \/>\n<meta property=\"og:image\" content=\"https:\/\/marekkuchcinski.pl\/wp-content\/uploads\/2019\/03\/jpg-3.jpg\" \/>\n\t<meta property=\"og:image:width\" content=\"996\" \/>\n\t<meta property=\"og:image:height\" content=\"499\" \/>\n\t<meta property=\"og:image:type\" content=\"image\/jpeg\" \/>\n<meta name=\"author\" content=\"admin\" \/>\n<meta name=\"twitter:card\" content=\"summary_large_image\" \/>\n<meta name=\"twitter:label1\" content=\"\u041d\u0430\u043f\u0438\u0441\u0430\u043d\u043e\" \/>\n\t<meta name=\"twitter:data1\" content=\"admin\" \/>\n\t<meta name=\"twitter:label2\" content=\"\u041f\u0440\u0438\u0431\u043b. \u0447\u0430\u0441 \u0447\u0438\u0442\u0430\u043d\u043d\u044f\" \/>\n\t<meta name=\"twitter:data2\" content=\"1 \u0445\u0432\u0438\u043b\u0438\u043d\u0430\" \/>\n<script type=\"application\/ld+json\" class=\"yoast-schema-graph\">{\"@context\":\"https:\/\/schema.org\",\"@graph\":[{\"@type\":\"Article\",\"@id\":\"https:\/\/marekkuchcinski.pl\/prawo-i-sprawiedliwosc\/dobry-program-laczy-polakow-piatke-kaczynskiego-pozytywnie-ocenia-zarowno-wiekszosc-wyborcow-pis\/#article\",\"isPartOf\":{\"@id\":\"https:\/\/marekkuchcinski.pl\/prawo-i-sprawiedliwosc\/dobry-program-laczy-polakow-piatke-kaczynskiego-pozytywnie-ocenia-zarowno-wiekszosc-wyborcow-pis\/\"},\"author\":{\"name\":\"admin\",\"@id\":\"https:\/\/marekkuchcinski.pl\/#\/schema\/person\/6f62700996b4d950b6ea2d1183b6c6be\"},\"headline\":\"Dobry program \u0142\u0105czy Polak\u00f3w. Pi\u0105tk\u0119 Kaczy\u0144skiego pozytywnie ocenia zar\u00f3wno wi\u0119kszo\u015b\u0107 wyborc\u00f3w PiS, jak i PO\",\"datePublished\":\"2019-03-11T15:33:20+00:00\",\"dateModified\":\"2019-03-16T14:34:19+00:00\",\"mainEntityOfPage\":{\"@id\":\"https:\/\/marekkuchcinski.pl\/prawo-i-sprawiedliwosc\/dobry-program-laczy-polakow-piatke-kaczynskiego-pozytywnie-ocenia-zarowno-wiekszosc-wyborcow-pis\/\"},\"wordCount\":179,\"commentCount\":0,\"publisher\":{\"@id\":\"https:\/\/marekkuchcinski.pl\/#organization\"},\"image\":{\"@id\":\"https:\/\/marekkuchcinski.pl\/prawo-i-sprawiedliwosc\/dobry-program-laczy-polakow-piatke-kaczynskiego-pozytywnie-ocenia-zarowno-wiekszosc-wyborcow-pis\/#primaryimage\"},\"thumbnailUrl\":\"https:\/\/marekkuchcinski.pl\/wp-content\/uploads\/2019\/03\/jpg-3.jpg\",\"articleSection\":[\"Prawo i Sprawiedliwo\u015b\u0107\"],\"inLanguage\":\"uk\",\"potentialAction\":[{\"@type\":\"CommentAction\",\"name\":\"Comment\",\"target\":[\"https:\/\/marekkuchcinski.pl\/prawo-i-sprawiedliwosc\/dobry-program-laczy-polakow-piatke-kaczynskiego-pozytywnie-ocenia-zarowno-wiekszosc-wyborcow-pis\/#respond\"]}]},{\"@type\":\"WebPage\",\"@id\":\"https:\/\/marekkuchcinski.pl\/prawo-i-sprawiedliwosc\/dobry-program-laczy-polakow-piatke-kaczynskiego-pozytywnie-ocenia-zarowno-wiekszosc-wyborcow-pis\/\",\"url\":\"https:\/\/marekkuchcinski.pl\/prawo-i-sprawiedliwosc\/dobry-program-laczy-polakow-piatke-kaczynskiego-pozytywnie-ocenia-zarowno-wiekszosc-wyborcow-pis\/\",\"name\":\"Dobry program \u0142\u0105czy Polak\u00f3w. Pi\u0105tk\u0119 Kaczy\u0144skiego pozytywnie ocenia zar\u00f3wno wi\u0119kszo\u015b\u0107 wyborc\u00f3w PiS, jak i PO &#8211; Marek Kuchci\u0144ski\",\"isPartOf\":{\"@id\":\"https:\/\/marekkuchcinski.pl\/#website\"},\"primaryImageOfPage\":{\"@id\":\"https:\/\/marekkuchcinski.pl\/prawo-i-sprawiedliwosc\/dobry-program-laczy-polakow-piatke-kaczynskiego-pozytywnie-ocenia-zarowno-wiekszosc-wyborcow-pis\/#primaryimage\"},\"image\":{\"@id\":\"https:\/\/marekkuchcinski.pl\/prawo-i-sprawiedliwosc\/dobry-program-laczy-polakow-piatke-kaczynskiego-pozytywnie-ocenia-zarowno-wiekszosc-wyborcow-pis\/#primaryimage\"},\"thumbnailUrl\":\"https:\/\/marekkuchcinski.pl\/wp-content\/uploads\/2019\/03\/jpg-3.jpg\",\"datePublished\":\"2019-03-11T15:33:20+00:00\",\"dateModified\":\"2019-03-16T14:34:19+00:00\",\"breadcrumb\":{\"@id\":\"https:\/\/marekkuchcinski.pl\/prawo-i-sprawiedliwosc\/dobry-program-laczy-polakow-piatke-kaczynskiego-pozytywnie-ocenia-zarowno-wiekszosc-wyborcow-pis\/#breadcrumb\"},\"inLanguage\":\"uk\",\"potentialAction\":[{\"@type\":\"ReadAction\",\"target\":[\"https:\/\/marekkuchcinski.pl\/prawo-i-sprawiedliwosc\/dobry-program-laczy-polakow-piatke-kaczynskiego-pozytywnie-ocenia-zarowno-wiekszosc-wyborcow-pis\/\"]}]},{\"@type\":\"ImageObject\",\"inLanguage\":\"uk\",\"@id\":\"https:\/\/marekkuchcinski.pl\/prawo-i-sprawiedliwosc\/dobry-program-laczy-polakow-piatke-kaczynskiego-pozytywnie-ocenia-zarowno-wiekszosc-wyborcow-pis\/#primaryimage\",\"url\":\"https:\/\/marekkuchcinski.pl\/wp-content\/uploads\/2019\/03\/jpg-3.jpg\",\"contentUrl\":\"https:\/\/marekkuchcinski.pl\/wp-content\/uploads\/2019\/03\/jpg-3.jpg\",\"width\":996,\"height\":499},{\"@type\":\"BreadcrumbList\",\"@id\":\"https:\/\/marekkuchcinski.pl\/prawo-i-sprawiedliwosc\/dobry-program-laczy-polakow-piatke-kaczynskiego-pozytywnie-ocenia-zarowno-wiekszosc-wyborcow-pis\/#breadcrumb\",\"itemListElement\":[{\"@type\":\"ListItem\",\"position\":1,\"name\":\"Strona g\u0142\u00f3wna\",\"item\":\"https:\/\/marekkuchcinski.pl\/\"},{\"@type\":\"ListItem\",\"position\":2,\"name\":\"Dobry program \u0142\u0105czy Polak\u00f3w. Pi\u0105tk\u0119 Kaczy\u0144skiego pozytywnie ocenia zar\u00f3wno wi\u0119kszo\u015b\u0107 wyborc\u00f3w PiS, jak i PO\"}]},{\"@type\":\"WebSite\",\"@id\":\"https:\/\/marekkuchcinski.pl\/#website\",\"url\":\"https:\/\/marekkuchcinski.pl\/\",\"name\":\"Marek Kuchci\u0144ski\",\"description\":\"Pose\u0142 na sejm RP &ndash; okr\u0119g nr 22\",\"publisher\":{\"@id\":\"https:\/\/marekkuchcinski.pl\/#organization\"},\"potentialAction\":[{\"@type\":\"SearchAction\",\"target\":{\"@type\":\"EntryPoint\",\"urlTemplate\":\"https:\/\/marekkuchcinski.pl\/?s={search_term_string}\"},\"query-input\":{\"@type\":\"PropertyValueSpecification\",\"valueRequired\":true,\"valueName\":\"search_term_string\"}}],\"inLanguage\":\"uk\"},{\"@type\":\"Organization\",\"@id\":\"https:\/\/marekkuchcinski.pl\/#organization\",\"name\":\"Marek Kuchci\u0144ski\",\"url\":\"https:\/\/marekkuchcinski.pl\/\",\"logo\":{\"@type\":\"ImageObject\",\"inLanguage\":\"uk\",\"@id\":\"https:\/\/marekkuchcinski.pl\/#\/schema\/logo\/image\/\",\"url\":\"https:\/\/marekkuchcinski.pl\/wp-content\/uploads\/2022\/09\/Marek.jpg\",\"contentUrl\":\"https:\/\/marekkuchcinski.pl\/wp-content\/uploads\/2022\/09\/Marek.jpg\",\"width\":1600,\"height\":971,\"caption\":\"Marek Kuchci\u0144ski\"},\"image\":{\"@id\":\"https:\/\/marekkuchcinski.pl\/#\/schema\/logo\/image\/\"}},{\"@type\":\"Person\",\"@id\":\"https:\/\/marekkuchcinski.pl\/#\/schema\/person\/6f62700996b4d950b6ea2d1183b6c6be\",\"name\":\"admin\",\"image\":{\"@type\":\"ImageObject\",\"inLanguage\":\"uk\",\"@id\":\"https:\/\/marekkuchcinski.pl\/#\/schema\/person\/image\/\",\"url\":\"https:\/\/secure.gravatar.com\/avatar\/4bab693b9d55c3d6b52c0296a8765085?s=96&d=mm&r=g\",\"contentUrl\":\"https:\/\/secure.gravatar.com\/avatar\/4bab693b9d55c3d6b52c0296a8765085?s=96&d=mm&r=g\",\"caption\":\"admin\"},\"url\":\"https:\/\/marekkuchcinski.pl\/uk\/author\/marta-olejnik\/\"}]}<\/script>\n<!-- \/ Yoast SEO plugin. -->","yoast_head_json":{"title":"Dobry program \u0142\u0105czy Polak\u00f3w. Pi\u0105tk\u0119 Kaczy\u0144skiego pozytywnie ocenia zar\u00f3wno wi\u0119kszo\u015b\u0107 wyborc\u00f3w PiS, jak i PO &#8211; Marek Kuchci\u0144ski","robots":{"index":"index","follow":"follow","max-snippet":"max-snippet:-1","max-image-preview":"max-image-preview:large","max-video-preview":"max-video-preview:-1"},"canonical":"https:\/\/marekkuchcinski.pl\/uk\/prawo-i-sprawiedliwosc\/dobry-program-laczy-polakow-piatke-kaczynskiego-pozytywnie-ocenia-zarowno-wiekszosc-wyborcow-pis\/","og_locale":"uk_UA","og_type":"article","og_title":"Dobry program \u0142\u0105czy Polak\u00f3w. Pi\u0105tk\u0119 Kaczy\u0144skiego pozytywnie ocenia zar\u00f3wno wi\u0119kszo\u015b\u0107 wyborc\u00f3w PiS, jak i PO &#8211; Marek Kuchci\u0144ski","og_description":"Wed\u0142ug bada\u0144\u00a0panelu Ariadna, przeprowadzonych w dniach 1-5 marca 2019 r. Pi\u0105tk\u0119 Jaros\u0142awa Kaczy\u0144skiego pozytywnie ocenia procent badanych: 500 z\u0142 na ka\u017cde dziecko 58 proc.\u00a0wszystkich badanych 75 proc. wyborc\u00f3w PiS 55\u00a0proc. wyborc\u00f3w PO Likwidacj\u0119 podatku PIT dla os\u00f3b do 26. roku \u017cycia lat 63 proc.\u00a0wszystkich badanych 84 proc. wyborc\u00f3w PiS 55\u00a0proc. wyborc\u00f3w PO Obni\u017cenie podatku PIT [&hellip;]","og_url":"https:\/\/marekkuchcinski.pl\/uk\/prawo-i-sprawiedliwosc\/dobry-program-laczy-polakow-piatke-kaczynskiego-pozytywnie-ocenia-zarowno-wiekszosc-wyborcow-pis\/","og_site_name":"Marek Kuchci\u0144ski","article_published_time":"2019-03-11T15:33:20+00:00","article_modified_time":"2019-03-16T14:34:19+00:00","og_image":[{"width":996,"height":499,"url":"https:\/\/marekkuchcinski.pl\/wp-content\/uploads\/2019\/03\/jpg-3.jpg","type":"image\/jpeg"}],"author":"admin","twitter_card":"summary_large_image","twitter_misc":{"\u041d\u0430\u043f\u0438\u0441\u0430\u043d\u043e":"admin","\u041f\u0440\u0438\u0431\u043b. \u0447\u0430\u0441 \u0447\u0438\u0442\u0430\u043d\u043d\u044f":"1 \u0445\u0432\u0438\u043b\u0438\u043d\u0430"},"schema":{"@context":"https:\/\/schema.org","@graph":[{"@type":"Article","@id":"https:\/\/marekkuchcinski.pl\/prawo-i-sprawiedliwosc\/dobry-program-laczy-polakow-piatke-kaczynskiego-pozytywnie-ocenia-zarowno-wiekszosc-wyborcow-pis\/#article","isPartOf":{"@id":"https:\/\/marekkuchcinski.pl\/prawo-i-sprawiedliwosc\/dobry-program-laczy-polakow-piatke-kaczynskiego-pozytywnie-ocenia-zarowno-wiekszosc-wyborcow-pis\/"},"author":{"name":"admin","@id":"https:\/\/marekkuchcinski.pl\/#\/schema\/person\/6f62700996b4d950b6ea2d1183b6c6be"},"headline":"Dobry program \u0142\u0105czy Polak\u00f3w. Pi\u0105tk\u0119 Kaczy\u0144skiego pozytywnie ocenia zar\u00f3wno wi\u0119kszo\u015b\u0107 wyborc\u00f3w PiS, jak i PO","datePublished":"2019-03-11T15:33:20+00:00","dateModified":"2019-03-16T14:34:19+00:00","mainEntityOfPage":{"@id":"https:\/\/marekkuchcinski.pl\/prawo-i-sprawiedliwosc\/dobry-program-laczy-polakow-piatke-kaczynskiego-pozytywnie-ocenia-zarowno-wiekszosc-wyborcow-pis\/"},"wordCount":179,"commentCount":0,"publisher":{"@id":"https:\/\/marekkuchcinski.pl\/#organization"},"image":{"@id":"https:\/\/marekkuchcinski.pl\/prawo-i-sprawiedliwosc\/dobry-program-laczy-polakow-piatke-kaczynskiego-pozytywnie-ocenia-zarowno-wiekszosc-wyborcow-pis\/#primaryimage"},"thumbnailUrl":"https:\/\/marekkuchcinski.pl\/wp-content\/uploads\/2019\/03\/jpg-3.jpg","articleSection":["Prawo i Sprawiedliwo\u015b\u0107"],"inLanguage":"uk","potentialAction":[{"@type":"CommentAction","name":"Comment","target":["https:\/\/marekkuchcinski.pl\/prawo-i-sprawiedliwosc\/dobry-program-laczy-polakow-piatke-kaczynskiego-pozytywnie-ocenia-zarowno-wiekszosc-wyborcow-pis\/#respond"]}]},{"@type":"WebPage","@id":"https:\/\/marekkuchcinski.pl\/prawo-i-sprawiedliwosc\/dobry-program-laczy-polakow-piatke-kaczynskiego-pozytywnie-ocenia-zarowno-wiekszosc-wyborcow-pis\/","url":"https:\/\/marekkuchcinski.pl\/prawo-i-sprawiedliwosc\/dobry-program-laczy-polakow-piatke-kaczynskiego-pozytywnie-ocenia-zarowno-wiekszosc-wyborcow-pis\/","name":"Dobry program \u0142\u0105czy Polak\u00f3w. Pi\u0105tk\u0119 Kaczy\u0144skiego pozytywnie ocenia zar\u00f3wno wi\u0119kszo\u015b\u0107 wyborc\u00f3w PiS, jak i PO &#8211; Marek Kuchci\u0144ski","isPartOf":{"@id":"https:\/\/marekkuchcinski.pl\/#website"},"primaryImageOfPage":{"@id":"https:\/\/marekkuchcinski.pl\/prawo-i-sprawiedliwosc\/dobry-program-laczy-polakow-piatke-kaczynskiego-pozytywnie-ocenia-zarowno-wiekszosc-wyborcow-pis\/#primaryimage"},"image":{"@id":"https:\/\/marekkuchcinski.pl\/prawo-i-sprawiedliwosc\/dobry-program-laczy-polakow-piatke-kaczynskiego-pozytywnie-ocenia-zarowno-wiekszosc-wyborcow-pis\/#primaryimage"},"thumbnailUrl":"https:\/\/marekkuchcinski.pl\/wp-content\/uploads\/2019\/03\/jpg-3.jpg","datePublished":"2019-03-11T15:33:20+00:00","dateModified":"2019-03-16T14:34:19+00:00","breadcrumb":{"@id":"https:\/\/marekkuchcinski.pl\/prawo-i-sprawiedliwosc\/dobry-program-laczy-polakow-piatke-kaczynskiego-pozytywnie-ocenia-zarowno-wiekszosc-wyborcow-pis\/#breadcrumb"},"inLanguage":"uk","potentialAction":[{"@type":"ReadAction","target":["https:\/\/marekkuchcinski.pl\/prawo-i-sprawiedliwosc\/dobry-program-laczy-polakow-piatke-kaczynskiego-pozytywnie-ocenia-zarowno-wiekszosc-wyborcow-pis\/"]}]},{"@type":"ImageObject","inLanguage":"uk","@id":"https:\/\/marekkuchcinski.pl\/prawo-i-sprawiedliwosc\/dobry-program-laczy-polakow-piatke-kaczynskiego-pozytywnie-ocenia-zarowno-wiekszosc-wyborcow-pis\/#primaryimage","url":"https:\/\/marekkuchcinski.pl\/wp-content\/uploads\/2019\/03\/jpg-3.jpg","contentUrl":"https:\/\/marekkuchcinski.pl\/wp-content\/uploads\/2019\/03\/jpg-3.jpg","width":996,"height":499},{"@type":"BreadcrumbList","@id":"https:\/\/marekkuchcinski.pl\/prawo-i-sprawiedliwosc\/dobry-program-laczy-polakow-piatke-kaczynskiego-pozytywnie-ocenia-zarowno-wiekszosc-wyborcow-pis\/#breadcrumb","itemListElement":[{"@type":"ListItem","position":1,"name":"Strona g\u0142\u00f3wna","item":"https:\/\/marekkuchcinski.pl\/"},{"@type":"ListItem","position":2,"name":"Dobry program \u0142\u0105czy Polak\u00f3w. Pi\u0105tk\u0119 Kaczy\u0144skiego pozytywnie ocenia zar\u00f3wno wi\u0119kszo\u015b\u0107 wyborc\u00f3w PiS, jak i PO"}]},{"@type":"WebSite","@id":"https:\/\/marekkuchcinski.pl\/#website","url":"https:\/\/marekkuchcinski.pl\/","name":"Marek Kuchci\u0144ski","description":"Pose\u0142 na sejm RP &ndash; okr\u0119g nr 22","publisher":{"@id":"https:\/\/marekkuchcinski.pl\/#organization"},"potentialAction":[{"@type":"SearchAction","target":{"@type":"EntryPoint","urlTemplate":"https:\/\/marekkuchcinski.pl\/?s={search_term_string}"},"query-input":{"@type":"PropertyValueSpecification","valueRequired":true,"valueName":"search_term_string"}}],"inLanguage":"uk"},{"@type":"Organization","@id":"https:\/\/marekkuchcinski.pl\/#organization","name":"Marek Kuchci\u0144ski","url":"https:\/\/marekkuchcinski.pl\/","logo":{"@type":"ImageObject","inLanguage":"uk","@id":"https:\/\/marekkuchcinski.pl\/#\/schema\/logo\/image\/","url":"https:\/\/marekkuchcinski.pl\/wp-content\/uploads\/2022\/09\/Marek.jpg","contentUrl":"https:\/\/marekkuchcinski.pl\/wp-content\/uploads\/2022\/09\/Marek.jpg","width":1600,"height":971,"caption":"Marek Kuchci\u0144ski"},"image":{"@id":"https:\/\/marekkuchcinski.pl\/#\/schema\/logo\/image\/"}},{"@type":"Person","@id":"https:\/\/marekkuchcinski.pl\/#\/schema\/person\/6f62700996b4d950b6ea2d1183b6c6be","name":"admin","image":{"@type":"ImageObject","inLanguage":"uk","@id":"https:\/\/marekkuchcinski.pl\/#\/schema\/person\/image\/","url":"https:\/\/secure.gravatar.com\/avatar\/4bab693b9d55c3d6b52c0296a8765085?s=96&d=mm&r=g","contentUrl":"https:\/\/secure.gravatar.com\/avatar\/4bab693b9d55c3d6b52c0296a8765085?s=96&d=mm&r=g","caption":"admin"},"url":"https:\/\/marekkuchcinski.pl\/uk\/author\/marta-olejnik\/"}]}},"_links":{"self":[{"href":"https:\/\/marekkuchcinski.pl\/uk\/wp-json\/wp\/v2\/posts\/13652","targetHints":{"allow":["GET"]}}],"collection":[{"href":"https:\/\/marekkuchcinski.pl\/uk\/wp-json\/wp\/v2\/posts"}],"about":[{"href":"https:\/\/marekkuchcinski.pl\/uk\/wp-json\/wp\/v2\/types\/post"}],"author":[{"embeddable":true,"href":"https:\/\/marekkuchcinski.pl\/uk\/wp-json\/wp\/v2\/users\/6"}],"replies":[{"embeddable":true,"href":"https:\/\/marekkuchcinski.pl\/uk\/wp-json\/wp\/v2\/comments?post=13652"}],"version-history":[{"count":9,"href":"https:\/\/marekkuchcinski.pl\/uk\/wp-json\/wp\/v2\/posts\/13652\/revisions"}],"predecessor-version":[{"id":13663,"href":"https:\/\/marekkuchcinski.pl\/uk\/wp-json\/wp\/v2\/posts\/13652\/revisions\/13663"}],"wp:featuredmedia":[{"embeddable":true,"href":"https:\/\/marekkuchcinski.pl\/uk\/wp-json\/wp\/v2\/media\/13656"}],"wp:attachment":[{"href":"https:\/\/marekkuchcinski.pl\/uk\/wp-json\/wp\/v2\/media?parent=13652"}],"wp:term":[{"taxonomy":"category","embeddable":true,"href":"https:\/\/marekkuchcinski.pl\/uk\/wp-json\/wp\/v2\/categories?post=13652"},{"taxonomy":"post_tag","embeddable":true,"href":"https:\/\/marekkuchcinski.pl\/uk\/wp-json\/wp\/v2\/tags?post=13652"}],"curies":[{"name":"wp","href":"https:\/\/api.w.org\/{rel}","templated":true}]}}