{"id":10866,"date":"2018-11-19T19:49:59","date_gmt":"2018-11-19T18:49:59","guid":{"rendered":"https:\/\/marekkuchcinski.pl\/?p=10866"},"modified":"2018-11-19T20:01:21","modified_gmt":"2018-11-19T19:01:21","slug":"podkarpacie-nowym-zarzadem-sejmiku-wojewodztwa","status":"publish","type":"post","link":"https:\/\/marekkuchcinski.pl\/uk\/wydarzenia\/podkarpacie-nowym-zarzadem-sejmiku-wojewodztwa\/","title":{"rendered":"\u041f\u0456\u0434\u043a\u0430\u0440\u043f\u0430\u0442\u0442\u044f \u0437 \u043d\u043e\u0432\u0438\u043c \u043a\u0435\u0440\u0456\u0432\u043d\u0438\u0446\u0442\u0432\u043e\u043c \u0443 \u0432\u043e\u0454\u0432\u043e\u0434\u0441\u044c\u043a\u043e\u043c\u0443 \u0441\u0435\u0439\u043c\u0438\u043a\u0443"},"content":{"rendered":"<p>\u041c\u0430\u0440\u0448\u0430\u043b\u043a\u043e\u043c \u041f\u0456\u0434\u043a\u0430\u0440\u043f\u0430\u0442\u0441\u044c\u043a\u043e\u0433\u043e \u0432\u043e\u0454\u0432\u043e\u0434\u0441\u0442\u0432\u0430 \u0437\u043d\u043e\u0432\u0443 \u043e\u0431\u0440\u0430\u043d\u043e \u0412\u043b\u0430\u0434\u0438\u0441\u043b\u0430\u0432\u0430 \u041e\u0440\u0442\u0438\u043b\u0430 (PiS), \u043a\u0430\u043d\u0434\u0438\u0434\u0430\u0442\u0443\u0440\u0443 \u044f\u043a\u043e\u0433\u043e \u043f\u0456\u0434\u0442\u0440\u0438\u043c\u0430\u043b\u0438 25 \u0434\u0435\u043f\u0443\u0442\u0430\u0442\u0456\u0432. \u0412\u0456\u0446\u0435-\u043c\u0430\u0440\u0448\u0430\u043b\u0430\u043c\u0438 \u0441\u0442\u0430\u043b\u0438 \u041f\u044c\u043e\u0442\u0440 \u041f\u0456\u043b\u044c\u0445 \u0442\u0430 \u0415\u0432\u0430 \u0414\u0440\u0430\u0443\u0441 (\u043f\u0430\u0440\u0442\u0456\u044f \"\u041f\u0440\u0430\u0432\u043e \u0456 \u0441\u043f\u0440\u0430\u0432\u0435\u0434\u043b\u0438\u0432\u0456\u0441\u0442\u044c\"). \u0414\u043e \u0441\u043a\u043b\u0430\u0434\u0443 \u043f\u0440\u0430\u0432\u043b\u0456\u043d\u043d\u044f \u0442\u0430\u043a\u043e\u0436 \u0443\u0432\u0456\u0439\u0448\u043b\u0438 \u041c\u0430\u0440\u0456\u044f \u041a\u0443\u0440\u043e\u0432\u0441\u044c\u043a\u0430 (\"\u0421\u043e\u043b\u0456\u0434\u0430\u0440\u043d\u0430 \u041f\u043e\u043b\u044c\u0449\u0430\") \u0442\u0430 \u0421\u0442\u0430\u043d\u0456\u0441\u043b\u0430\u0432 \u041a\u0440\u0443\u0447\u0435\u043a (\"\u041f\u043e\u0440\u043e\u0437\u0443\u043c\u0456\u043d\u043d\u044f\").<\/p>\n<p>\u0413\u043e\u043b\u043e\u0432\u043e\u044e \u0421\u0435\u0439\u043c\u0438\u043a\u0443 \u043e\u0431\u0440\u0430\u043d\u043e \u0404\u0436\u0438 \u0411\u043e\u0440\u0447\u0430 (\u0434\u0438\u0440\u0435\u043a\u0442\u043e\u0440 \u0416\u0435\u0448\u0443\u0432\u0441\u044c\u043a\u043e\u0433\u043e \u0432\u0456\u0434\u0434\u0456\u043b\u0435\u043d\u043d\u044f \u041d\u0430\u0446\u0456\u043e\u043d\u0430\u043b\u044c\u043d\u043e\u0433\u043e \u0446\u0435\u043d\u0442\u0440\u0443 \u043f\u0456\u0434\u0442\u0440\u0438\u043c\u043a\u0438 \u0441\u0456\u043b\u044c\u0441\u044c\u043a\u043e\u0433\u043e \u0433\u043e\u0441\u043f\u043e\u0434\u0430\u0440\u0441\u0442\u0432\u0430). \u0419\u043e\u0433\u043e \u043f\u0456\u0434\u0442\u0440\u0438\u043c\u0430\u043b\u0438 24 \u0434\u0435\u043f\u0443\u0442\u0430\u0442\u0438. \u0423 \u0441\u0432\u043e\u044e \u0447\u0435\u0440\u0433\u0443, \u0404\u0436\u0438 \u041a\u0438\u043f\u0440\u0438\u0448 (\u041f\u0440\u0430\u0432\u043e \u0456 \u0441\u043f\u0440\u0430\u0432\u0435\u0434\u043b\u0438\u0432\u0456\u0441\u0442\u044c), \u044f\u043a\u0438\u0439 \u0434\u043e \u0446\u044c\u043e\u0433\u043e \u0431\u0443\u0432 \u0433\u043e\u043b\u043e\u0432\u043e\u044e \u0421\u0435\u0439\u043c\u0443, \u0441\u0442\u0430\u0432 \u0432\u0456\u0446\u0435-\u0433\u043e\u043b\u043e\u0432\u043e\u044e \u0421\u0435\u0439\u043c\u0443.<\/p>\n<p>\u0423 33-\u043c\u0456\u0441\u0446\u0435\u0432\u0456\u0439 \u0430\u0441\u0430\u043c\u0431\u043b\u0435\u0457 \u041f\u0456\u0434\u043a\u0430\u0440\u043f\u0430\u0442\u0441\u044c\u043a\u043e\u0433\u043e \u0432\u043e\u0454\u0432\u043e\u0434\u0441\u0442\u0432\u0430 PiS \u043c\u0430\u0454 25 \u043c\u0456\u0441\u0446\u044c, Koalicja Obywatelska - \u043f'\u044f\u0442\u044c, \u0430 PSL - \u0442\u0440\u0438.<\/p>\n<p><a href=\"https:\/\/marekkuchcinski.pl\/wp-content\/uploads\/2018\/11\/DSCF8969-1.jpg\"><img fetchpriority=\"high\" decoding=\"async\" class=\"alignnone size-full wp-image-10870\" src=\"https:\/\/marekkuchcinski.pl\/wp-content\/uploads\/2018\/11\/DSCF8969-1.jpg\" alt=\"DSCF8969 (1)\" width=\"1937\" height=\"1497\" srcset=\"https:\/\/marekkuchcinski.pl\/wp-content\/uploads\/2018\/11\/DSCF8969-1.jpg 1937w, https:\/\/marekkuchcinski.pl\/wp-content\/uploads\/2018\/11\/DSCF8969-1-300x232.jpg 300w, https:\/\/marekkuchcinski.pl\/wp-content\/uploads\/2018\/11\/DSCF8969-1-768x594.jpg 768w, https:\/\/marekkuchcinski.pl\/wp-content\/uploads\/2018\/11\/DSCF8969-1-1024x791.jpg 1024w\" sizes=\"(max-width: 1937px) 100vw, 1937px\" \/><\/a><\/p>\n<p><em>\u0424\u043e\u0442\u043e: \u041c. \u041e\u043b\u0456\u0439\u043d\u0438\u043a<\/em><\/p>","protected":false},"excerpt":{"rendered":"<p>Marsza\u0142kiem wojew\u00f3dztwa podkarpackiego ponownie zosta\u0142 W\u0142adys\u0142aw Ortyl (PiS), kt\u00f3rego kandydatur\u0119 popar\u0142o 25 radnych. Wicemarsza\u0142kami zostali Piotr Pilch i Ewa Draus (PiS). Pozostali cz\u0142onkowie zarz\u0105du to Maria Kurowska (Solidarna Polska ) i Stanis\u0142aw Kruczek (Porozumienie). Na przewodnicz\u0105cego sejmiku\u00a0wybrano\u00a0Jerzego Borcza (dyrektora rzeszowskiego oddzia\u0142u Krajowego O\u015brodka Wsparcia Rolnictwa). Popar\u0142o go 24 radnych. Z kolei pe\u0142ni\u0105cy dot\u0105d funkcj\u0119 przewodnicz\u0105cego [&hellip;]<\/p>\n","protected":false},"author":6,"featured_media":10870,"comment_status":"open","ping_status":"open","sticky":false,"template":"","format":"standard","meta":{"ngg_post_thumbnail":0,"footnotes":""},"categories":[49,82,3],"tags":[],"class_list":["post-10866","post","type-post","status-publish","format-standard","has-post-thumbnail","hentry","category-podkarpacie","category-prawo-i-sprawiedliwosc","category-wydarzenia"],"_links":{"self":[{"href":"https:\/\/marekkuchcinski.pl\/uk\/wp-json\/wp\/v2\/posts\/10866","targetHints":{"allow":["GET"]}}],"collection":[{"href":"https:\/\/marekkuchcinski.pl\/uk\/wp-json\/wp\/v2\/posts"}],"about":[{"href":"https:\/\/marekkuchcinski.pl\/uk\/wp-json\/wp\/v2\/types\/post"}],"author":[{"embeddable":true,"href":"https:\/\/marekkuchcinski.pl\/uk\/wp-json\/wp\/v2\/users\/6"}],"replies":[{"embeddable":true,"href":"https:\/\/marekkuchcinski.pl\/uk\/wp-json\/wp\/v2\/comments?post=10866"}],"version-history":[{"count":8,"href":"https:\/\/marekkuchcinski.pl\/uk\/wp-json\/wp\/v2\/posts\/10866\/revisions"}],"predecessor-version":[{"id":10875,"href":"https:\/\/marekkuchcinski.pl\/uk\/wp-json\/wp\/v2\/posts\/10866\/revisions\/10875"}],"wp:featuredmedia":[{"embeddable":true,"href":"https:\/\/marekkuchcinski.pl\/uk\/wp-json\/wp\/v2\/media\/10870"}],"wp:attachment":[{"href":"https:\/\/marekkuchcinski.pl\/uk\/wp-json\/wp\/v2\/media?parent=10866"}],"wp:term":[{"taxonomy":"category","embeddable":true,"href":"https:\/\/marekkuchcinski.pl\/uk\/wp-json\/wp\/v2\/categories?post=10866"},{"taxonomy":"post_tag","embeddable":true,"href":"https:\/\/marekkuchcinski.pl\/uk\/wp-json\/wp\/v2\/tags?post=10866"}],"curies":[{"name":"wp","href":"https:\/\/api.w.org\/{rel}","templated":true}]}}