{"id":10859,"date":"2018-11-19T17:13:55","date_gmt":"2018-11-19T16:13:55","guid":{"rendered":"https:\/\/marekkuchcinski.pl\/?p=10859"},"modified":"2018-11-19T17:15:36","modified_gmt":"2018-11-19T16:15:36","slug":"30-lecie-zwiazku-polakow-ukrainie-marszalek-sejmu-przekor-przeciwnosciom-zachowuja-panstwo-polska-tozsamosc-wartosci","status":"publish","type":"post","link":"https:\/\/marekkuchcinski.pl\/uk\/wydarzenia\/30-lecie-zwiazku-polakow-ukrainie-marszalek-sejmu-przekor-przeciwnosciom-zachowuja-panstwo-polska-tozsamosc-wartosci\/","title":{"rendered":"30-\u0440\u0456\u0447\u0447\u044f \u0441\u0442\u0432\u043e\u0440\u0435\u043d\u043d\u044f \u0421\u043f\u0456\u043b\u043a\u0438 \u043f\u043e\u043b\u044f\u043a\u0456\u0432 \u0432 \u0423\u043a\u0440\u0430\u0457\u043d\u0456. \u0421\u043f\u0456\u043a\u0435\u0440 \u0421\u0435\u0439\u043c\u0443: \u041f\u043e\u043f\u0440\u0438 \u0432\u0441\u0435, \u0432\u0438 \u0437\u0431\u0435\u0440\u0456\u0433\u0430\u0454\u0442\u0435 \u043f\u043e\u043b\u044c\u0441\u044c\u043a\u0443 \u0456\u0434\u0435\u043d\u0442\u0438\u0447\u043d\u0456\u0441\u0442\u044c \u0442\u0430 \u0446\u0456\u043d\u043d\u043e\u0441\u0442\u0456"},"content":{"rendered":"<p>W zwi\u0105zku z 30. rocznic\u0105 istnienia Zwi\u0105zku Polak\u00f3w na Ukrainie marsza\u0142ek Sejmu Marek Kuchci\u0144ski przes\u0142a\u0142 do uczestnik\u00f3w zjazdu rocznicowego \u017cyczenia okoliczno\u015bciowe. Uroczysto\u015b\u0107 odby\u0142a 17 listopada w Kijowie w ramach obchod\u00f3w 100-lecia Niepodleg\u0142o\u015bci Polski. &#8222;Pragn\u0119 przekaza\u0107 s\u0142owa uznania w\u0142adzom oraz cz\u0142onkom organizacji, a tak\u017ce wyrazy uszanowania Polonii. Z dala od Macierzy, na przek\u00f3r wszelkim przeciwno\u015bciom zachowujecie Pa\u0144stwo to\u017csamo\u015b\u0107 narodow\u0105, j\u0119zyk i polskie warto\u015bci&#8221; &#8211; napisa\u0142 w li\u015bcie Marsza\u0142ek Sejmu.<br \/>\n\u041c\u0430\u0440\u0435\u043a \u041a\u0443\u0445\u0446\u0456\u043d\u0441\u044c\u043a\u0438\u0439 \u0442\u0430\u043a\u043e\u0436 \u0434\u043e\u0434\u0430\u0432, \u0449\u043e \u043d\u0430\u0439\u043a\u0440\u0430\u0449\u0438\u043c \u0434\u043e\u043a\u0430\u0437\u043e\u043c \u0432\u0456\u0434\u0434\u0430\u043d\u043e\u0441\u0442\u0456 \u0442\u0440\u0430\u0434\u0438\u0446\u0456\u044f\u043c \u0454 \u0432\u0456\u0434\u0437\u043d\u0430\u0447\u0435\u043d\u043d\u044f 100-\u0440\u0456\u0447\u0447\u044f \u0432\u0456\u0434\u043d\u043e\u0432\u043b\u0435\u043d\u043d\u044f \u043d\u0435\u0437\u0430\u043b\u0435\u0436\u043d\u043e\u0441\u0442\u0456 \u041f\u043e\u043b\u044c\u0449\u0456, \u044f\u043a\u0435 \u0454 \u0441\u0432\u044f\u0442\u043e\u043c \u0434\u043b\u044f \u0432\u0441\u0456\u0445 \u043f\u043e\u043b\u044f\u043a\u0456\u0432, \u043d\u0435\u0437\u0430\u043b\u0435\u0436\u043d\u043e \u0432\u0456\u0434 \u043c\u0456\u0441\u0446\u044f \u0457\u0445 \u043f\u0440\u043e\u0436\u0438\u0432\u0430\u043d\u043d\u044f. \u0421\u043f\u0456\u043a\u0435\u0440 \u0421\u0435\u0439\u043c\u0443 \u0432\u0438\u0441\u043b\u043e\u0432\u0438\u0432 \u0441\u043f\u043e\u0434\u0456\u0432\u0430\u043d\u043d\u044f, \u0449\u043e \u044e\u0432\u0456\u043b\u0435\u0439 \u041e\u0431'\u0454\u0434\u043d\u0430\u043d\u043d\u044f \u043f\u043e\u043b\u044f\u043a\u0456\u0432 \u0432 \u0423\u043a\u0440\u0430\u0457\u043d\u0456 \u0434\u0430\u0441\u0442\u044c \u043c\u043e\u0436\u043b\u0438\u0432\u0456\u0441\u0442\u044c \u043d\u0435 \u043b\u0438\u0448\u0435 \u043f\u0456\u0434\u0431\u0438\u0442\u0438 \u043f\u0456\u0434\u0441\u0443\u043c\u043a\u0438 \u0442\u0430 \u0437\u0433\u0430\u0434\u0430\u0442\u0438 \u043c\u0438\u043d\u0443\u043b\u0435, \u0430\u043b\u0435 \u0439 \u043f\u043e\u0433\u043b\u044f\u043d\u0443\u0442\u0438 \u043d\u0430 \u0441\u0443\u0447\u0430\u0441\u043d\u0456 \u0434\u043e\u0441\u044f\u0433\u043d\u0435\u043d\u043d\u044f \u043f\u043e\u043b\u044c\u0441\u044c\u043a\u043e\u0457 \u043a\u0443\u043b\u044c\u0442\u0443\u0440\u0438.<br \/>\n\u0421\u043f\u0456\u043b\u043a\u0430 \u043f\u043e\u043b\u044f\u043a\u0456\u0432 \u0423\u043a\u0440\u0430\u0457\u043d\u0438 \u0454 \u043d\u0430\u0439\u0431\u0456\u043b\u044c\u0448\u0438\u043c \u043e\u0431'\u0454\u0434\u043d\u0430\u043d\u043d\u044f\u043c \u043f\u043e\u043b\u044c\u0441\u044c\u043a\u0438\u0445 \u043e\u0440\u0433\u0430\u043d\u0456\u0437\u0430\u0446\u0456\u0439, \u044f\u043a\u0456 \u0434\u0456\u044e\u0442\u044c \u043f\u0435\u0440\u0435\u0432\u0430\u0436\u043d\u043e \u0432 \u0446\u0435\u043d\u0442\u0440\u0456 \u0442\u0430 \u043d\u0430 \u0441\u0445\u043e\u0434\u0456 \u043a\u0440\u0430\u0457\u043d\u0438.<\/p>\n<p><a href=\"https:\/\/marekkuchcinski.pl\/wp-content\/uploads\/2018\/11\/46458073_2198137453808393_2578723292508585984_n.jpg\"><img fetchpriority=\"high\" decoding=\"async\" class=\"alignnone size-full wp-image-10861\" src=\"https:\/\/marekkuchcinski.pl\/wp-content\/uploads\/2018\/11\/46458073_2198137453808393_2578723292508585984_n.jpg\" alt=\"46458073_2198137453808393_2578723292508585984_n\" width=\"960\" height=\"453\" srcset=\"https:\/\/marekkuchcinski.pl\/wp-content\/uploads\/2018\/11\/46458073_2198137453808393_2578723292508585984_n.jpg 960w, https:\/\/marekkuchcinski.pl\/wp-content\/uploads\/2018\/11\/46458073_2198137453808393_2578723292508585984_n-300x142.jpg 300w, https:\/\/marekkuchcinski.pl\/wp-content\/uploads\/2018\/11\/46458073_2198137453808393_2578723292508585984_n-768x362.jpg 768w\" sizes=\"(max-width: 960px) 100vw, 960px\" \/><\/a><\/p>\n<p>\u0444\u043e\u0442\u043e.<em>\u00a0\u0410\u043d\u0436\u0435\u043b\u0456\u043a\u0430 \u041f\u043b\u0430\u043a\u0441\u0456\u043d\u0430, FB: \u0421\u043f\u0456\u043b\u043a\u0430 \u043f\u043e\u043b\u044f\u043a\u0456\u0432 \u0423\u043a\u0440\u0430\u0457\u043d\u0438<\/em><\/p>","protected":false},"excerpt":{"rendered":"<p>W zwi\u0105zku z 30. rocznic\u0105 istnienia Zwi\u0105zku Polak\u00f3w na Ukrainie marsza\u0142ek Sejmu Marek Kuchci\u0144ski przes\u0142a\u0142 do uczestnik\u00f3w zjazdu rocznicowego \u017cyczenia okoliczno\u015bciowe. Uroczysto\u015b\u0107 odby\u0142a 17 listopada w Kijowie w ramach obchod\u00f3w 100-lecia Niepodleg\u0142o\u015bci Polski. &#8222;Pragn\u0119 przekaza\u0107 s\u0142owa uznania w\u0142adzom oraz cz\u0142onkom organizacji, a tak\u017ce wyrazy uszanowania Polonii. Z dala od Macierzy, na przek\u00f3r wszelkim przeciwno\u015bciom zachowujecie [&hellip;]<\/p>\n","protected":false},"author":6,"featured_media":10861,"comment_status":"open","ping_status":"open","sticky":false,"template":"","format":"standard","meta":{"ngg_post_thumbnail":0,"footnotes":""},"categories":[77,50,3],"tags":[],"class_list":["post-10859","post","type-post","status-publish","format-standard","has-post-thumbnail","hentry","category-wazne-daty","category-wspolpraca-miedzynarodowa","category-wydarzenia"],"_links":{"self":[{"href":"https:\/\/marekkuchcinski.pl\/uk\/wp-json\/wp\/v2\/posts\/10859","targetHints":{"allow":["GET"]}}],"collection":[{"href":"https:\/\/marekkuchcinski.pl\/uk\/wp-json\/wp\/v2\/posts"}],"about":[{"href":"https:\/\/marekkuchcinski.pl\/uk\/wp-json\/wp\/v2\/types\/post"}],"author":[{"embeddable":true,"href":"https:\/\/marekkuchcinski.pl\/uk\/wp-json\/wp\/v2\/users\/6"}],"replies":[{"embeddable":true,"href":"https:\/\/marekkuchcinski.pl\/uk\/wp-json\/wp\/v2\/comments?post=10859"}],"version-history":[{"count":3,"href":"https:\/\/marekkuchcinski.pl\/uk\/wp-json\/wp\/v2\/posts\/10859\/revisions"}],"predecessor-version":[{"id":10865,"href":"https:\/\/marekkuchcinski.pl\/uk\/wp-json\/wp\/v2\/posts\/10859\/revisions\/10865"}],"wp:featuredmedia":[{"embeddable":true,"href":"https:\/\/marekkuchcinski.pl\/uk\/wp-json\/wp\/v2\/media\/10861"}],"wp:attachment":[{"href":"https:\/\/marekkuchcinski.pl\/uk\/wp-json\/wp\/v2\/media?parent=10859"}],"wp:term":[{"taxonomy":"category","embeddable":true,"href":"https:\/\/marekkuchcinski.pl\/uk\/wp-json\/wp\/v2\/categories?post=10859"},{"taxonomy":"post_tag","embeddable":true,"href":"https:\/\/marekkuchcinski.pl\/uk\/wp-json\/wp\/v2\/tags?post=10859"}],"curies":[{"name":"wp","href":"https:\/\/api.w.org\/{rel}","templated":true}]}}