{"id":9961,"date":"2018-07-13T17:08:14","date_gmt":"2018-07-13T15:08:14","guid":{"rendered":"https:\/\/marekkuchcinski.pl\/?p=9961"},"modified":"2018-07-13T17:25:52","modified_gmt":"2018-07-13T15:25:52","slug":"zgromadzenie-narodowe-okazji-550-polskiego-parlamentaryzmu","status":"publish","type":"post","link":"https:\/\/marekkuchcinski.pl\/sk\/wydarzenia\/zgromadzenie-narodowe-okazji-550-polskiego-parlamentaryzmu\/","title":{"rendered":"N\u00e1rodn\u00e9 zhroma\u017edenie si pripomenie 550 rokov po\u013esk\u00e9ho parlamentarizmu"},"content":{"rendered":"<p><strong>Na Kr\u00e1\u013eovskom z\u00e1mku vo Var\u0161ave prezident, predseda Sejmu, predseda Sen\u00e1tu, premi\u00e9r, poslanci a ministri osl\u00e1vili 550 rokov po\u013esk\u00e9ho parlamentarizmu. Zasadnutie N\u00e1rodn\u00e9ho zhroma\u017edenia otvoril predseda Sejmu Marek Kuchci\u0144ski a pr\u00edhovor predniesol prezident Po\u013eskej republiky Andrzej Duda. Predch\u00e1dzala jej sv\u00e4t\u00e1 om\u0161a v artikul\u00e1rnej bazilike Umu\u010denia sv\u00e4t\u00e9ho J\u00e1na Krstite\u013ea. Om\u0161i predsedal kardin\u00e1l Kazimierz Nycz, var\u0161avsk\u00fd arcibiskup metropolita. Hom\u00edliu predniesol arcibiskup Stanis\u0142aw G\u0105decki.<\/strong><\/p>\n<p>- Pred 550 rokmi sa odohrala jedna z najd\u00f4le\u017eitej\u0161\u00edch udalost\u00ed v dejin\u00e1ch Po\u013eskej republiky - v Piotrkowe sa zi\u0161iel prv\u00fd dvojkomorov\u00fd Sejm. Predch\u00e1dzali mu stretnutia kr\u00e1\u013ea Kazim\u00edra Jagelovsk\u00e9ho s predstavite\u013emi politick\u00e9ho n\u00e1roda na vojvodsk\u00fdch zhroma\u017edeniach: vo Wi\u015blici v j\u00fani 1468 a v Kole - ako nap\u00edsal Jan D\u0142ugosz - \"na de\u0148 sv\u00e4tej Margar\u00e9ty\", teda 13. j\u00fala\", povedal predseda Sejmu.<\/p>\n<p>Pouk\u00e1zal na to, \u017ee pred 550 rokmi sa v Piotrkowe po prv\u00fd raz stretli parlamentn\u00e1 komora a sen\u00e1t oddelene, \u010d\u00edm sa realizovala my\u0161lienka dvojkomorov\u00e9ho parlamentn\u00e9ho zast\u00fapenia. Koncom stredoveku tak presved\u010denie o potrebe podie\u013ea\u0165 sa na moci a prevzia\u0165 zodpovednos\u0165 za osud \u0161t\u00e1tu z\u00edskalo n\u00e1le\u017eit\u00fa pr\u00e1vnu a in\u0161titucion\u00e1lnu podobu. Zrodila sa ar\u00e9na verejnej diskusie a Sejm sa stal centrom politick\u00e9ho \u017eivota v republike.<\/p>\n<p>- N\u00e1rodn\u00e9 zhroma\u017edenie sa dnes kon\u00e1 na Kr\u00e1\u013eovskom z\u00e1mku vo Var\u0161ave, ktor\u00fd m\u00e1 v dejin\u00e1ch po\u013esk\u00e9ho parlamentarizmu mimoriadny v\u00fdznam. Hrad bol s\u00eddlom kr\u00e1\u013ea alebo jedn\u00e9ho zo \"stavov\". Pr\u00e1ve tu sa v roku 1611 uskuto\u010dnila rusk\u00e1 pocta po moskovskom v\u00ed\u0165azstve, ktor\u00fa zosaden\u00fd rusk\u00fd c\u00e1r Vasi\u013e IV. a jeho bratia vzdali kr\u00e1\u013eovi \u017digmundovi III. v pr\u00edtomnosti \u0161\u013eachty a sen\u00e1tu. V roku 1791 bola na kr\u00e1\u013eovskom hrade prijat\u00e1 \u00dastava z 3. m\u00e1ja, prv\u00fd z\u00e1kladn\u00fd z\u00e1kon v dejin\u00e1ch Eur\u00f3py. Spomienka na tieto udalosti tvorila a na\u010falej tvor\u00ed z\u00e1klad politickej identity na\u0161ej krajiny a n\u00e1rodn\u00e9ho \u00e9tosu Poliakov,\" povedal mar\u0161al Kuchci\u0144ski.<\/p>\n<p>Predseda parlamentu zd\u00f4raznil, \u017ee d\u00f4stojn\u00e9 pripomenutie si zrodu Sejmu potvrdzuje kontinuitu a \u017eivotaschopnos\u0165 republik\u00e1nskych cnost\u00ed, my\u0161lienky soci\u00e1lnej spravodlivosti a pr\u00e1vneho \u0161t\u00e1tu v po\u013eskej spolo\u010dnosti. Preto sa poslanci a sen\u00e1tori zi\u0161li v N\u00e1rodnom zhroma\u017eden\u00ed na Kr\u00e1\u013eovskom z\u00e1mku vo Var\u0161ave za pr\u00edtomnosti vz\u00e1cnych host\u00ed z Po\u013eska i zo zahrani\u010dia, aby pri pr\u00edle\u017eitosti 550. v\u00fdro\u010dia parlamentn\u00e9ho syst\u00e9mu republiky podali svedectvo a vypo\u010duli si pr\u00edhovor prezidenta republiky.<\/p>\n<p>Prezident Andrzej Duda vo svojom pr\u00edhovore povedal, \u017ee my, Poliaci, sme nedostali parlamentarizmus ako dar, ani n\u00e1m ho nikto nevnucoval. Je to na\u0161e vlastn\u00e9 dielo, v\u00fdsledok na\u0161ich rozhodnut\u00ed a na\u0161ej tvrdej pr\u00e1ce,\" povedal prezident Andrzej Duda vo svojom prejave v N\u00e1rodnom zhroma\u017eden\u00ed, ktor\u00e9 bolo zvolan\u00e9 pri pr\u00edle\u017eitosti 550. v\u00fdro\u010dia vzniku po\u013esk\u00e9ho parlamentarizmu a 100. v\u00fdro\u010dia znovuz\u00edskania nez\u00e1vislosti Po\u013eska.  - V genetickom k\u00f3de n\u00e1\u0161ho spolo\u010denstva nos\u00edme pam\u00e4\u0165 a m\u00fadros\u0165, ale aj sk\u00fasenosti s chybami, ktor\u00e9 sme z\u00edskali po\u010das st\u00e1ro\u010d\u00ed parlamentnej pr\u00e1ce,\" dodal.<\/p>\n<p>- Dnes tu spolo\u010dne stoj\u00edme na n\u00e1dvor\u00ed kr\u00e1\u013eovsk\u00e9ho hradu - symbolu kontinuity \u0161t\u00e1tu a cesty na\u0161ej komunity dejinami. Stoj\u00edme tu s bohat\u00fdmi sk\u00fasenos\u0165ami, vedomos\u0165ami a m\u00fadros\u0165ou, ktor\u00e9 sme nazbierali po\u010das 550 rokov po\u013esk\u00e9ho parlamentarizmu,\" zd\u00f4raznil Andrzej Duda.<\/p>\n<p>Pouk\u00e1zal na to, \u017ee dejiny sa nikdy nekon\u010dia a st\u00e1le n\u00e1s \u010dakaj\u00fa nov\u00e9 historick\u00e9 v\u00fdzvy, ktor\u00fdm sa budeme sna\u017ei\u0165 \u010deli\u0165. - Preto chceme pokra\u010dova\u0165 v budovan\u00ed siln\u00e9ho, suver\u00e9nneho a demokratick\u00e9ho Po\u013eska pre \u010fal\u0161ie storo\u010die nez\u00e1vislosti - zd\u00f4raznil.<\/p>\n<p>- Pevne ver\u00edm, \u017ee my Poliaci, ve\u013ek\u00fd a m\u00fadry ob\u010diansky n\u00e1rod, budeme m\u00f4c\u0165 \u010derpa\u0165 in\u0161pir\u00e1ciu a podnety z dedi\u010dstva 550 rokov Sejmu. Ver\u00edm, \u017ee spolo\u010dne nap\u00ed\u0161eme \u010fal\u0161ie n\u00e1dhern\u00e9 str\u00e1nky do hist\u00f3rie na\u0161ej vlasti,\" povedal prezident.<\/p>\n<p><a href=\"https:\/\/marekkuchcinski.pl\/wp-content\/uploads\/2018\/07\/550-wyb2.jpg\"><img fetchpriority=\"high\" decoding=\"async\" class=\"alignnone size-full wp-image-9967\" src=\"https:\/\/marekkuchcinski.pl\/wp-content\/uploads\/2018\/07\/550-wyb2.jpg\" alt=\"550 wyb2\" width=\"2371\" height=\"1597\" srcset=\"https:\/\/marekkuchcinski.pl\/wp-content\/uploads\/2018\/07\/550-wyb2.jpg 2048w, https:\/\/marekkuchcinski.pl\/wp-content\/uploads\/2018\/07\/550-wyb2-300x202.jpg 300w, https:\/\/marekkuchcinski.pl\/wp-content\/uploads\/2018\/07\/550-wyb2-768x517.jpg 768w, https:\/\/marekkuchcinski.pl\/wp-content\/uploads\/2018\/07\/550-wyb2-1024x690.jpg 1024w\" sizes=\"(max-width: 2371px) 100vw, 2371px\" \/><\/a><a href=\"https:\/\/marekkuchcinski.pl\/wp-content\/uploads\/2018\/07\/KKB_3671.jpg\"><img decoding=\"async\" class=\"alignnone size-full wp-image-9968\" src=\"https:\/\/marekkuchcinski.pl\/wp-content\/uploads\/2018\/07\/KKB_3671.jpg\" alt=\"KKB_3671\" width=\"2880\" height=\"1920\" srcset=\"https:\/\/marekkuchcinski.pl\/wp-content\/uploads\/2018\/07\/KKB_3671.jpg 2048w, https:\/\/marekkuchcinski.pl\/wp-content\/uploads\/2018\/07\/KKB_3671-300x200.jpg 300w, https:\/\/marekkuchcinski.pl\/wp-content\/uploads\/2018\/07\/KKB_3671-768x512.jpg 768w, https:\/\/marekkuchcinski.pl\/wp-content\/uploads\/2018\/07\/KKB_3671-1024x683.jpg 1024w\" sizes=\"(max-width: 2880px) 100vw, 2880px\" \/><\/a><a href=\"https:\/\/marekkuchcinski.pl\/wp-content\/uploads\/2018\/07\/KKB_3916.jpg\"><img decoding=\"async\" class=\"alignnone size-full wp-image-9969\" src=\"https:\/\/marekkuchcinski.pl\/wp-content\/uploads\/2018\/07\/KKB_3916.jpg\" alt=\"KKB_3916\" width=\"2880\" height=\"1920\" srcset=\"https:\/\/marekkuchcinski.pl\/wp-content\/uploads\/2018\/07\/KKB_3916.jpg 2048w, https:\/\/marekkuchcinski.pl\/wp-content\/uploads\/2018\/07\/KKB_3916-300x200.jpg 300w, https:\/\/marekkuchcinski.pl\/wp-content\/uploads\/2018\/07\/KKB_3916-768x512.jpg 768w, https:\/\/marekkuchcinski.pl\/wp-content\/uploads\/2018\/07\/KKB_3916-1024x683.jpg 1024w\" sizes=\"(max-width: 2880px) 100vw, 2880px\" \/><\/a><a href=\"https:\/\/marekkuchcinski.pl\/wp-content\/uploads\/2018\/07\/KKB_3983.jpg\"><img loading=\"lazy\" decoding=\"async\" class=\"alignnone size-full wp-image-9970\" src=\"https:\/\/marekkuchcinski.pl\/wp-content\/uploads\/2018\/07\/KKB_3983.jpg\" alt=\"KKB_3983\" width=\"2880\" height=\"1920\" srcset=\"https:\/\/marekkuchcinski.pl\/wp-content\/uploads\/2018\/07\/KKB_3983.jpg 2048w, https:\/\/marekkuchcinski.pl\/wp-content\/uploads\/2018\/07\/KKB_3983-300x200.jpg 300w, https:\/\/marekkuchcinski.pl\/wp-content\/uploads\/2018\/07\/KKB_3983-768x512.jpg 768w, https:\/\/marekkuchcinski.pl\/wp-content\/uploads\/2018\/07\/KKB_3983-1024x683.jpg 1024w\" sizes=\"(max-width: 2880px) 100vw, 2880px\" \/><\/a><a href=\"https:\/\/marekkuchcinski.pl\/wp-content\/uploads\/2018\/07\/KKB_4040.jpg\"><img loading=\"lazy\" decoding=\"async\" class=\"alignnone size-full wp-image-9971\" src=\"https:\/\/marekkuchcinski.pl\/wp-content\/uploads\/2018\/07\/KKB_4040.jpg\" alt=\"KKB_4040\" width=\"2880\" height=\"1920\" srcset=\"https:\/\/marekkuchcinski.pl\/wp-content\/uploads\/2018\/07\/KKB_4040.jpg 2048w, https:\/\/marekkuchcinski.pl\/wp-content\/uploads\/2018\/07\/KKB_4040-300x200.jpg 300w, https:\/\/marekkuchcinski.pl\/wp-content\/uploads\/2018\/07\/KKB_4040-768x512.jpg 768w, https:\/\/marekkuchcinski.pl\/wp-content\/uploads\/2018\/07\/KKB_4040-1024x683.jpg 1024w\" sizes=\"(max-width: 2880px) 100vw, 2880px\" \/><\/a><a href=\"https:\/\/marekkuchcinski.pl\/wp-content\/uploads\/2018\/07\/550-w5.jpg\"><img loading=\"lazy\" decoding=\"async\" class=\"alignnone size-full wp-image-9962\" src=\"https:\/\/marekkuchcinski.pl\/wp-content\/uploads\/2018\/07\/550-w5.jpg\" alt=\"550 w5\" width=\"2149\" height=\"1410\" srcset=\"https:\/\/marekkuchcinski.pl\/wp-content\/uploads\/2018\/07\/550-w5.jpg 2048w, https:\/\/marekkuchcinski.pl\/wp-content\/uploads\/2018\/07\/550-w5-300x197.jpg 300w, https:\/\/marekkuchcinski.pl\/wp-content\/uploads\/2018\/07\/550-w5-768x504.jpg 768w, https:\/\/marekkuchcinski.pl\/wp-content\/uploads\/2018\/07\/550-w5-1024x672.jpg 1024w\" sizes=\"(max-width: 2149px) 100vw, 2149px\" \/><\/a> <a href=\"https:\/\/marekkuchcinski.pl\/wp-content\/uploads\/2018\/07\/550-wyb-7.jpg\"><img loading=\"lazy\" decoding=\"async\" class=\"alignnone size-full wp-image-9964\" src=\"https:\/\/marekkuchcinski.pl\/wp-content\/uploads\/2018\/07\/550-wyb-7.jpg\" alt=\"550 wyb 7\" width=\"2701\" height=\"1879\" srcset=\"https:\/\/marekkuchcinski.pl\/wp-content\/uploads\/2018\/07\/550-wyb-7.jpg 2048w, https:\/\/marekkuchcinski.pl\/wp-content\/uploads\/2018\/07\/550-wyb-7-300x209.jpg 300w, https:\/\/marekkuchcinski.pl\/wp-content\/uploads\/2018\/07\/550-wyb-7-768x534.jpg 768w, https:\/\/marekkuchcinski.pl\/wp-content\/uploads\/2018\/07\/550-wyb-7-1024x712.jpg 1024w\" sizes=\"(max-width: 2701px) 100vw, 2701px\" \/><\/a> <a href=\"https:\/\/marekkuchcinski.pl\/wp-content\/uploads\/2018\/07\/KKB_4993.jpg\"><img loading=\"lazy\" decoding=\"async\" class=\"alignnone size-full wp-image-9966\" src=\"https:\/\/marekkuchcinski.pl\/wp-content\/uploads\/2018\/07\/KKB_4993.jpg\" alt=\"KKB_4993\" width=\"2880\" height=\"1920\" srcset=\"https:\/\/marekkuchcinski.pl\/wp-content\/uploads\/2018\/07\/KKB_4993.jpg 2048w, https:\/\/marekkuchcinski.pl\/wp-content\/uploads\/2018\/07\/KKB_4993-300x200.jpg 300w, https:\/\/marekkuchcinski.pl\/wp-content\/uploads\/2018\/07\/KKB_4993-768x512.jpg 768w, https:\/\/marekkuchcinski.pl\/wp-content\/uploads\/2018\/07\/KKB_4993-1024x683.jpg 1024w\" sizes=\"(max-width: 2880px) 100vw, 2880px\" \/><\/a><a href=\"https:\/\/marekkuchcinski.pl\/wp-content\/uploads\/2018\/07\/KKB_5136.jpg\"><img loading=\"lazy\" decoding=\"async\" class=\"alignnone size-full wp-image-9976\" src=\"https:\/\/marekkuchcinski.pl\/wp-content\/uploads\/2018\/07\/KKB_5136.jpg\" alt=\"KKB_5136\" width=\"2880\" height=\"1920\" srcset=\"https:\/\/marekkuchcinski.pl\/wp-content\/uploads\/2018\/07\/KKB_5136.jpg 2048w, https:\/\/marekkuchcinski.pl\/wp-content\/uploads\/2018\/07\/KKB_5136-300x200.jpg 300w, https:\/\/marekkuchcinski.pl\/wp-content\/uploads\/2018\/07\/KKB_5136-768x512.jpg 768w, https:\/\/marekkuchcinski.pl\/wp-content\/uploads\/2018\/07\/KKB_5136-1024x683.jpg 1024w\" sizes=\"(max-width: 2880px) 100vw, 2880px\" \/><\/a><\/p>\n<p><a href=\"https:\/\/marekkuchcinski.pl\/wp-content\/uploads\/2018\/07\/550-wybr.jpg\"><img loading=\"lazy\" decoding=\"async\" class=\"alignnone size-full wp-image-9972\" src=\"https:\/\/marekkuchcinski.pl\/wp-content\/uploads\/2018\/07\/550-wybr.jpg\" alt=\"550 wybr\" width=\"3360\" height=\"2240\" srcset=\"https:\/\/marekkuchcinski.pl\/wp-content\/uploads\/2018\/07\/550-wybr.jpg 2048w, https:\/\/marekkuchcinski.pl\/wp-content\/uploads\/2018\/07\/550-wybr-300x200.jpg 300w, https:\/\/marekkuchcinski.pl\/wp-content\/uploads\/2018\/07\/550-wybr-768x512.jpg 768w, https:\/\/marekkuchcinski.pl\/wp-content\/uploads\/2018\/07\/550-wybr-1024x683.jpg 1024w\" sizes=\"(max-width: 3360px) 100vw, 3360px\" \/><\/a> <a href=\"https:\/\/marekkuchcinski.pl\/wp-content\/uploads\/2018\/07\/550-z-tata-kwiatka.jpg\"><img loading=\"lazy\" decoding=\"async\" class=\"alignnone size-full wp-image-9973\" src=\"https:\/\/marekkuchcinski.pl\/wp-content\/uploads\/2018\/07\/550-z-tata-kwiatka.jpg\" alt=\"550 z tata kwiatka\" width=\"3360\" height=\"2240\" srcset=\"https:\/\/marekkuchcinski.pl\/wp-content\/uploads\/2018\/07\/550-z-tata-kwiatka.jpg 2048w, https:\/\/marekkuchcinski.pl\/wp-content\/uploads\/2018\/07\/550-z-tata-kwiatka-300x200.jpg 300w, https:\/\/marekkuchcinski.pl\/wp-content\/uploads\/2018\/07\/550-z-tata-kwiatka-768x512.jpg 768w, https:\/\/marekkuchcinski.pl\/wp-content\/uploads\/2018\/07\/550-z-tata-kwiatka-1024x683.jpg 1024w\" sizes=\"(max-width: 3360px) 100vw, 3360px\" \/><\/a> <a href=\"https:\/\/marekkuchcinski.pl\/wp-content\/uploads\/2018\/07\/550.jpg\"><img loading=\"lazy\" decoding=\"async\" class=\"alignnone size-full wp-image-9974\" src=\"https:\/\/marekkuchcinski.pl\/wp-content\/uploads\/2018\/07\/550.jpg\" alt=\"550\" width=\"3083\" height=\"1847\" srcset=\"https:\/\/marekkuchcinski.pl\/wp-content\/uploads\/2018\/07\/550.jpg 2048w, https:\/\/marekkuchcinski.pl\/wp-content\/uploads\/2018\/07\/550-300x180.jpg 300w, https:\/\/marekkuchcinski.pl\/wp-content\/uploads\/2018\/07\/550-768x460.jpg 768w, https:\/\/marekkuchcinski.pl\/wp-content\/uploads\/2018\/07\/550-1024x613.jpg 1024w\" sizes=\"(max-width: 3083px) 100vw, 3083px\" \/><\/a> <a href=\"https:\/\/marekkuchcinski.pl\/wp-content\/uploads\/2018\/07\/550-wyb-6.jpg\"><img loading=\"lazy\" decoding=\"async\" class=\"alignnone size-full wp-image-9979\" src=\"https:\/\/marekkuchcinski.pl\/wp-content\/uploads\/2018\/07\/550-wyb-6.jpg\" alt=\"550 wyb 6\" width=\"3360\" height=\"2240\" srcset=\"https:\/\/marekkuchcinski.pl\/wp-content\/uploads\/2018\/07\/550-wyb-6.jpg 2048w, https:\/\/marekkuchcinski.pl\/wp-content\/uploads\/2018\/07\/550-wyb-6-300x200.jpg 300w, https:\/\/marekkuchcinski.pl\/wp-content\/uploads\/2018\/07\/550-wyb-6-768x512.jpg 768w, https:\/\/marekkuchcinski.pl\/wp-content\/uploads\/2018\/07\/550-wyb-6-1024x683.jpg 1024w\" sizes=\"(max-width: 3360px) 100vw, 3360px\" \/><\/a><a href=\"https:\/\/marekkuchcinski.pl\/wp-content\/uploads\/2018\/07\/RZ__3797.jpg\"><img loading=\"lazy\" decoding=\"async\" class=\"alignnone size-full wp-image-9980\" src=\"https:\/\/marekkuchcinski.pl\/wp-content\/uploads\/2018\/07\/RZ__3797.jpg\" alt=\"RZ__3797\" width=\"3360\" height=\"2240\" srcset=\"https:\/\/marekkuchcinski.pl\/wp-content\/uploads\/2018\/07\/RZ__3797.jpg 2048w, https:\/\/marekkuchcinski.pl\/wp-content\/uploads\/2018\/07\/RZ__3797-300x200.jpg 300w, https:\/\/marekkuchcinski.pl\/wp-content\/uploads\/2018\/07\/RZ__3797-768x512.jpg 768w, https:\/\/marekkuchcinski.pl\/wp-content\/uploads\/2018\/07\/RZ__3797-1024x683.jpg 1024w\" sizes=\"(max-width: 3360px) 100vw, 3360px\" \/><\/a><a href=\"https:\/\/marekkuchcinski.pl\/wp-content\/uploads\/2018\/07\/RZ__3808.jpg\"><img loading=\"lazy\" decoding=\"async\" class=\"alignnone size-full wp-image-9981\" src=\"https:\/\/marekkuchcinski.pl\/wp-content\/uploads\/2018\/07\/RZ__3808.jpg\" alt=\"RZ__3808\" width=\"3360\" height=\"2240\" srcset=\"https:\/\/marekkuchcinski.pl\/wp-content\/uploads\/2018\/07\/RZ__3808.jpg 2048w, https:\/\/marekkuchcinski.pl\/wp-content\/uploads\/2018\/07\/RZ__3808-300x200.jpg 300w, https:\/\/marekkuchcinski.pl\/wp-content\/uploads\/2018\/07\/RZ__3808-768x512.jpg 768w, https:\/\/marekkuchcinski.pl\/wp-content\/uploads\/2018\/07\/RZ__3808-1024x683.jpg 1024w\" sizes=\"(max-width: 3360px) 100vw, 3360px\" \/><\/a><a href=\"https:\/\/marekkuchcinski.pl\/wp-content\/uploads\/2018\/07\/KKB_5201.jpg\"><img loading=\"lazy\" decoding=\"async\" class=\"alignnone size-full wp-image-9977\" src=\"https:\/\/marekkuchcinski.pl\/wp-content\/uploads\/2018\/07\/KKB_5201.jpg\" alt=\"KKB_5201\" width=\"2880\" height=\"1920\" srcset=\"https:\/\/marekkuchcinski.pl\/wp-content\/uploads\/2018\/07\/KKB_5201.jpg 2048w, https:\/\/marekkuchcinski.pl\/wp-content\/uploads\/2018\/07\/KKB_5201-300x200.jpg 300w, https:\/\/marekkuchcinski.pl\/wp-content\/uploads\/2018\/07\/KKB_5201-768x512.jpg 768w, https:\/\/marekkuchcinski.pl\/wp-content\/uploads\/2018\/07\/KKB_5201-1024x683.jpg 1024w\" sizes=\"(max-width: 2880px) 100vw, 2880px\" \/><\/a><a href=\"https:\/\/marekkuchcinski.pl\/wp-content\/uploads\/2018\/07\/IMG_0453.jpg\"><img loading=\"lazy\" decoding=\"async\" class=\"alignnone size-full wp-image-9975\" src=\"https:\/\/marekkuchcinski.pl\/wp-content\/uploads\/2018\/07\/IMG_0453.jpg\" alt=\"IMG_0453\" width=\"3620\" height=\"1996\" srcset=\"https:\/\/marekkuchcinski.pl\/wp-content\/uploads\/2018\/07\/IMG_0453.jpg 2048w, https:\/\/marekkuchcinski.pl\/wp-content\/uploads\/2018\/07\/IMG_0453-300x165.jpg 300w, https:\/\/marekkuchcinski.pl\/wp-content\/uploads\/2018\/07\/IMG_0453-768x423.jpg 768w, https:\/\/marekkuchcinski.pl\/wp-content\/uploads\/2018\/07\/IMG_0453-1024x565.jpg 1024w\" sizes=\"(max-width: 3620px) 100vw, 3620px\" \/><\/a><\/p>\n<p>&nbsp;<\/p>","protected":false},"excerpt":{"rendered":"<p>Na Zamku Kr\u00f3lewskim w Warszawie prezydent, marsza\u0142ek Sejmu, marsza\u0142ek Senatu, premier, parlamentarzy\u015bci i ministrowie \u015bwi\u0119towali 550-lecie polskiego parlamentaryzmu. Zgromadzenie Narodowe otworzy\u0142 marsza\u0142ek Sejmu Marek Kuchci\u0144ski, or\u0119dzie wyg\u0142osi\u0142 prezydent RP Andrzej Duda. Poprzedzi\u0142a je msza \u015bw. w Bazylice Archikatedralnej p.w. M\u0119cze\u0144stwa \u015bw. Jana Chrzciciela. Mszy \u015bw. przewodniczy\u0142 ks. kard. Kazimierz Nycz, metropolita warszawski. Homili\u0119 wyg\u0142osi\u0142 ks. [&hellip;]<\/p>\n","protected":false},"author":6,"featured_media":9991,"comment_status":"open","ping_status":"open","sticky":false,"template":"","format":"standard","meta":{"ngg_post_thumbnail":0,"footnotes":""},"categories":[77,81,50,3],"tags":[],"class_list":["post-9961","post","type-post","status-publish","format-standard","has-post-thumbnail","hentry","category-wazne-daty","category-wiesci-z-sejmu","category-wspolpraca-miedzynarodowa","category-wydarzenia"],"_links":{"self":[{"href":"https:\/\/marekkuchcinski.pl\/sk\/wp-json\/wp\/v2\/posts\/9961","targetHints":{"allow":["GET"]}}],"collection":[{"href":"https:\/\/marekkuchcinski.pl\/sk\/wp-json\/wp\/v2\/posts"}],"about":[{"href":"https:\/\/marekkuchcinski.pl\/sk\/wp-json\/wp\/v2\/types\/post"}],"author":[{"embeddable":true,"href":"https:\/\/marekkuchcinski.pl\/sk\/wp-json\/wp\/v2\/users\/6"}],"replies":[{"embeddable":true,"href":"https:\/\/marekkuchcinski.pl\/sk\/wp-json\/wp\/v2\/comments?post=9961"}],"version-history":[{"count":8,"href":"https:\/\/marekkuchcinski.pl\/sk\/wp-json\/wp\/v2\/posts\/9961\/revisions"}],"predecessor-version":[{"id":9989,"href":"https:\/\/marekkuchcinski.pl\/sk\/wp-json\/wp\/v2\/posts\/9961\/revisions\/9989"}],"wp:featuredmedia":[{"embeddable":true,"href":"https:\/\/marekkuchcinski.pl\/sk\/wp-json\/wp\/v2\/media\/9991"}],"wp:attachment":[{"href":"https:\/\/marekkuchcinski.pl\/sk\/wp-json\/wp\/v2\/media?parent=9961"}],"wp:term":[{"taxonomy":"category","embeddable":true,"href":"https:\/\/marekkuchcinski.pl\/sk\/wp-json\/wp\/v2\/categories?post=9961"},{"taxonomy":"post_tag","embeddable":true,"href":"https:\/\/marekkuchcinski.pl\/sk\/wp-json\/wp\/v2\/tags?post=9961"}],"curies":[{"name":"wp","href":"https:\/\/api.w.org\/{rel}","templated":true}]}}