{"id":9778,"date":"2018-07-01T08:14:07","date_gmt":"2018-07-01T06:14:07","guid":{"rendered":"https:\/\/marekkuchcinski.pl\/?p=9778"},"modified":"2018-07-05T11:22:59","modified_gmt":"2018-07-05T09:22:59","slug":"marszalek-sejmu-przybywamy-gietrzwaldu-by-odnowic-umocnic-wolnosc-wewnetrzna-zewnetrzna","status":"publish","type":"post","link":"https:\/\/marekkuchcinski.pl\/sk\/wydarzenia\/marszalek-sejmu-przybywamy-gietrzwaldu-by-odnowic-umocnic-wolnosc-wewnetrzna-zewnetrzna\/","title":{"rendered":"Predseda Sejmu: Prich\u00e1dzame do Gietrzwaldu, aby sme obnovili a posilnili vn\u00fatorn\u00fa a vonkaj\u0161iu slobodu"},"content":{"rendered":"<p class=\"p1\"><b>Pod heslom \"Od vn\u00fatornej slobody k vonkaj\u0161ej slobode\" v <\/b><strong>V Gietrzwalde sa konal De\u0148 zmierenia. Oslavy sa konali pri pr\u00edle\u017eitosti 100. v\u00fdro\u010dia znovuz\u00edskania nez\u00e1vislosti Po\u013eska.<\/strong><\/p>\n<p class=\"p1\">Predseda Sejmu Marek Kuchci\u0144ski po\u010das sv\u00e4tej om\u0161e pri prameni povedal, \u017ee prich\u00e1dza pred tv\u00e1r Nepo\u0161kvrnenej Panny M\u00e1rie v d\u00f4le\u017eit\u00fd de\u0148 pre Sejm a cel\u00fa na\u0161u vlas\u0165, aby jej po\u010fakoval za slov\u00e1 slobody a tie\u017e aby obnovil a posilnil<span class=\"Apple-converted-space\">\u00a0<\/span>vn\u00fatorn\u00e1 a vonkaj\u0161ia sloboda. Predseda parlamentu pripomenul, \u017ee 1. j\u00fala bola Lublinskou \u00faniou zalo\u017een\u00e1 Po\u013esko-litovsk\u00e1 \u00fania.<\/p>\n<p class=\"p1\">Inici\u00e1tor osl\u00e1v, varmijsk\u00fd arcibiskup metropolita Jozef G\u00f3rzy\u0144ski, zd\u00f4raznil v\u00fdznamn\u00fd vplyv zjaven\u00ed na znovuzrodenie po\u013eskej identity nielen vo Warmii a Mazur\u00e1ch, ale v celej krajine. - Zjavenia z Gietrzwaldu boli v\u00fdzvou, aby sme boli vn\u00fatorne slobodn\u00ed a nepodliehali tomu \u010di onomu duchovn\u00e9mu a mor\u00e1lnemu zotro\u010deniu, ktor\u00e9 ohrozuje na\u0161u slobodu,\" povedal pre KAI. - Gietrzwa\u0142d je fenom\u00e9nom na po\u013eskej ceste k slobode. M\u00e1ria tu vyzvala, aby sa ka\u017ed\u00fd z n\u00e1s zaoberal najprv s\u00e1m sebou, stavom svojho svedomia, a nie okupantom. Ide n\u00e1m o osobn\u00e9 spytovanie svedomia ka\u017ed\u00e9ho Poliaka v kontexte slobody: ako ju dnes ch\u00e1peme a do akej miery ju re\u0161pektujeme,\" povedal arcibiskup G\u00f3rzy\u0144ski.<\/p>\n<p class=\"p3\">Hom\u00edliu predniesol star\u0161\u00ed biskup diec\u00e9zy \u0141owicz J\u00f3zef Zawitkowski. - Dnes by som chcel v Gietrzwalde vidie\u0165 k\u00fasok slobodn\u00e9ho Po\u013eska, kde sa \u013eudia na seba pozeraj\u00fa s l\u00e1skavos\u0165ou cez slzy radosti, kde si hovoria dobr\u00e9 slov\u00e1 do u\u0161\u00ed a do srdca,\" povedal. Arcibiskup zd\u00f4raznil, \u017ee De\u0148 zmierenia v Gietrzwalde sa pre\u017e\u00edva ako reflexia pravdy, \u017ee sloboda n\u00e1roda neexistuje bez slobody svedomia ka\u017ed\u00e9ho ob\u010dana. Pripomenul slov\u00e1 Pia IX., ktor\u00fd povedal, \u017ee pr\u00ed\u010dinou otroctva je hriech. - Treba posl\u00facha\u0165 Boha, nie \u013eud\u00ed! Potom bud\u00fa z\u00e1kony o potratoch a eutan\u00e1zii zbyto\u010dn\u00e9. - Bude to sta\u010di\u0165: \"Nezabije\u0161! Nikto a nikdy! Zvy\u0161ok je od diabla. Nes\u00fa\u010fte a nebudete s\u00faden\u00ed. Veriaci nepotrebuj\u00fa z\u00e1kon, sta\u010d\u00ed im svedomie. Je potrebn\u00e9 bra\u0165 na zodpovednos\u0165 pohor\u0161enia, zlodejstv\u00e1 bezbo\u017en\u00edkov, ale prik\u00e1zanie \"Nepokradne\u0161!\" sta\u010d\u00ed. - argumentoval.<\/p>\n<p class=\"p3\">Mari\u00e1nske zjavenia v Gietrzwalde (pri prameni) sa uskuto\u010dnili pred 140 rokmi. Celkovo ich bolo 160 a M\u00e1ria sa zjavila dvom diev\u010dat\u00e1m: Justyna Szafrynska a Barbara Samulowska, ktor\u00e9 sa s nimi rozpr\u00e1vali po po\u013esky. Zjavenia Panny M\u00e1rie vtedy priniesli \u00fatechu Poliakom prenasledovan\u00fdm v pruskom z\u00e1bore, ako aj o\u017eivenie po\u013eskosti, n\u00e1bo\u017eensk\u00e9ho \u017eivota a mor\u00e1lnych postojov.<\/p>\n<p><em>Foto MO<\/em><\/p>\n<p><a href=\"https:\/\/marekkuchcinski.pl\/wp-content\/uploads\/2018\/06\/IMG_9816.jpg\"><img fetchpriority=\"high\" decoding=\"async\" class=\"alignnone size-full wp-image-9781\" src=\"https:\/\/marekkuchcinski.pl\/wp-content\/uploads\/2018\/06\/IMG_9816.jpg\" alt=\"IMG_9816\" width=\"4752\" height=\"3168\" srcset=\"https:\/\/marekkuchcinski.pl\/wp-content\/uploads\/2018\/06\/IMG_9816.jpg 2048w, https:\/\/marekkuchcinski.pl\/wp-content\/uploads\/2018\/06\/IMG_9816-300x200.jpg 300w, https:\/\/marekkuchcinski.pl\/wp-content\/uploads\/2018\/06\/IMG_9816-768x512.jpg 768w, https:\/\/marekkuchcinski.pl\/wp-content\/uploads\/2018\/06\/IMG_9816-1024x683.jpg 1024w\" sizes=\"(max-width: 4752px) 100vw, 4752px\" \/><\/a> <a href=\"https:\/\/marekkuchcinski.pl\/wp-content\/uploads\/2018\/06\/IMG_9818.jpg\"><img decoding=\"async\" class=\"alignnone size-full wp-image-9783\" src=\"https:\/\/marekkuchcinski.pl\/wp-content\/uploads\/2018\/06\/IMG_9818.jpg\" alt=\"IMG_9818\" width=\"3990\" height=\"2628\" srcset=\"https:\/\/marekkuchcinski.pl\/wp-content\/uploads\/2018\/06\/IMG_9818.jpg 2048w, https:\/\/marekkuchcinski.pl\/wp-content\/uploads\/2018\/06\/IMG_9818-300x198.jpg 300w, https:\/\/marekkuchcinski.pl\/wp-content\/uploads\/2018\/06\/IMG_9818-768x506.jpg 768w, https:\/\/marekkuchcinski.pl\/wp-content\/uploads\/2018\/06\/IMG_9818-1024x674.jpg 1024w\" sizes=\"(max-width: 3990px) 100vw, 3990px\" \/><\/a> <a href=\"https:\/\/marekkuchcinski.pl\/wp-content\/uploads\/2018\/06\/IMG_9825.jpg\"><img decoding=\"async\" class=\"alignnone size-full wp-image-9784\" src=\"https:\/\/marekkuchcinski.pl\/wp-content\/uploads\/2018\/06\/IMG_9825.jpg\" alt=\"IMG_9825\" width=\"4752\" height=\"3168\" srcset=\"https:\/\/marekkuchcinski.pl\/wp-content\/uploads\/2018\/06\/IMG_9825.jpg 2048w, https:\/\/marekkuchcinski.pl\/wp-content\/uploads\/2018\/06\/IMG_9825-300x200.jpg 300w, https:\/\/marekkuchcinski.pl\/wp-content\/uploads\/2018\/06\/IMG_9825-768x512.jpg 768w, https:\/\/marekkuchcinski.pl\/wp-content\/uploads\/2018\/06\/IMG_9825-1024x683.jpg 1024w\" sizes=\"(max-width: 4752px) 100vw, 4752px\" \/><\/a> <a href=\"https:\/\/marekkuchcinski.pl\/wp-content\/uploads\/2018\/07\/marek.jpg\"><img loading=\"lazy\" decoding=\"async\" class=\"alignnone size-full wp-image-9861\" src=\"https:\/\/marekkuchcinski.pl\/wp-content\/uploads\/2018\/07\/marek.jpg\" alt=\"marek\" width=\"3666\" height=\"2567\" srcset=\"https:\/\/marekkuchcinski.pl\/wp-content\/uploads\/2018\/07\/marek.jpg 2048w, https:\/\/marekkuchcinski.pl\/wp-content\/uploads\/2018\/07\/marek-300x210.jpg 300w, https:\/\/marekkuchcinski.pl\/wp-content\/uploads\/2018\/07\/marek-768x538.jpg 768w, https:\/\/marekkuchcinski.pl\/wp-content\/uploads\/2018\/07\/marek-1024x717.jpg 1024w\" sizes=\"(max-width: 3666px) 100vw, 3666px\" \/><\/a> <a href=\"https:\/\/marekkuchcinski.pl\/wp-content\/uploads\/2018\/06\/IMG_9837.jpg\"><img loading=\"lazy\" decoding=\"async\" class=\"alignnone size-full wp-image-9787\" src=\"https:\/\/marekkuchcinski.pl\/wp-content\/uploads\/2018\/06\/IMG_9837.jpg\" alt=\"IMG_9837\" width=\"3973\" height=\"2634\" srcset=\"https:\/\/marekkuchcinski.pl\/wp-content\/uploads\/2018\/06\/IMG_9837.jpg 2048w, https:\/\/marekkuchcinski.pl\/wp-content\/uploads\/2018\/06\/IMG_9837-300x199.jpg 300w, https:\/\/marekkuchcinski.pl\/wp-content\/uploads\/2018\/06\/IMG_9837-768x509.jpg 768w, https:\/\/marekkuchcinski.pl\/wp-content\/uploads\/2018\/06\/IMG_9837-1024x679.jpg 1024w\" sizes=\"(max-width: 3973px) 100vw, 3973px\" \/><\/a><a href=\"https:\/\/marekkuchcinski.pl\/wp-content\/uploads\/2018\/07\/PSX_20180701_141504.jpg\"><img loading=\"lazy\" decoding=\"async\" class=\"alignnone size-full wp-image-9827\" src=\"https:\/\/marekkuchcinski.pl\/wp-content\/uploads\/2018\/07\/PSX_20180701_141504.jpg\" alt=\"PSX_20180701_141504\" width=\"2898\" height=\"1950\" srcset=\"https:\/\/marekkuchcinski.pl\/wp-content\/uploads\/2018\/07\/PSX_20180701_141504.jpg 2048w, https:\/\/marekkuchcinski.pl\/wp-content\/uploads\/2018\/07\/PSX_20180701_141504-300x202.jpg 300w, https:\/\/marekkuchcinski.pl\/wp-content\/uploads\/2018\/07\/PSX_20180701_141504-768x517.jpg 768w, https:\/\/marekkuchcinski.pl\/wp-content\/uploads\/2018\/07\/PSX_20180701_141504-1024x689.jpg 1024w\" sizes=\"(max-width: 2898px) 100vw, 2898px\" \/><\/a><a href=\"https:\/\/marekkuchcinski.pl\/wp-content\/uploads\/2018\/06\/IMG_9844.jpg\"><img loading=\"lazy\" decoding=\"async\" class=\"alignnone size-full wp-image-9788\" src=\"https:\/\/marekkuchcinski.pl\/wp-content\/uploads\/2018\/06\/IMG_9844.jpg\" alt=\"IMG_9844\" width=\"3190\" height=\"2397\" srcset=\"https:\/\/marekkuchcinski.pl\/wp-content\/uploads\/2018\/06\/IMG_9844.jpg 2048w, https:\/\/marekkuchcinski.pl\/wp-content\/uploads\/2018\/06\/IMG_9844-300x225.jpg 300w, https:\/\/marekkuchcinski.pl\/wp-content\/uploads\/2018\/06\/IMG_9844-768x577.jpg 768w, https:\/\/marekkuchcinski.pl\/wp-content\/uploads\/2018\/06\/IMG_9844-1024x769.jpg 1024w\" sizes=\"(max-width: 3190px) 100vw, 3190px\" \/><\/a> <a href=\"https:\/\/marekkuchcinski.pl\/wp-content\/uploads\/2018\/06\/IMG_9882.jpg\"><img loading=\"lazy\" decoding=\"async\" class=\"alignnone size-full wp-image-9793\" src=\"https:\/\/marekkuchcinski.pl\/wp-content\/uploads\/2018\/06\/IMG_9882.jpg\" alt=\"IMG_9882\" width=\"4752\" height=\"3168\" srcset=\"https:\/\/marekkuchcinski.pl\/wp-content\/uploads\/2018\/06\/IMG_9882.jpg 2048w, https:\/\/marekkuchcinski.pl\/wp-content\/uploads\/2018\/06\/IMG_9882-300x200.jpg 300w, https:\/\/marekkuchcinski.pl\/wp-content\/uploads\/2018\/06\/IMG_9882-768x512.jpg 768w, https:\/\/marekkuchcinski.pl\/wp-content\/uploads\/2018\/06\/IMG_9882-1024x683.jpg 1024w\" sizes=\"(max-width: 4752px) 100vw, 4752px\" \/><\/a> <a href=\"https:\/\/marekkuchcinski.pl\/wp-content\/uploads\/2018\/06\/IMG_9891.jpg\"><img loading=\"lazy\" decoding=\"async\" class=\"alignnone size-full wp-image-9794\" src=\"https:\/\/marekkuchcinski.pl\/wp-content\/uploads\/2018\/06\/IMG_9891.jpg\" alt=\"IMG_9891\" width=\"4752\" height=\"3168\" srcset=\"https:\/\/marekkuchcinski.pl\/wp-content\/uploads\/2018\/06\/IMG_9891.jpg 2048w, https:\/\/marekkuchcinski.pl\/wp-content\/uploads\/2018\/06\/IMG_9891-300x200.jpg 300w, https:\/\/marekkuchcinski.pl\/wp-content\/uploads\/2018\/06\/IMG_9891-768x512.jpg 768w, https:\/\/marekkuchcinski.pl\/wp-content\/uploads\/2018\/06\/IMG_9891-1024x683.jpg 1024w\" sizes=\"(max-width: 4752px) 100vw, 4752px\" \/><\/a> <a href=\"https:\/\/marekkuchcinski.pl\/wp-content\/uploads\/2018\/06\/IMG_9911.jpg\"><img loading=\"lazy\" decoding=\"async\" class=\"alignnone size-full wp-image-9797\" src=\"https:\/\/marekkuchcinski.pl\/wp-content\/uploads\/2018\/06\/IMG_9911.jpg\" alt=\"IMG_9911\" width=\"3915\" height=\"2486\" srcset=\"https:\/\/marekkuchcinski.pl\/wp-content\/uploads\/2018\/06\/IMG_9911.jpg 2048w, https:\/\/marekkuchcinski.pl\/wp-content\/uploads\/2018\/06\/IMG_9911-300x190.jpg 300w, https:\/\/marekkuchcinski.pl\/wp-content\/uploads\/2018\/06\/IMG_9911-768x488.jpg 768w, https:\/\/marekkuchcinski.pl\/wp-content\/uploads\/2018\/06\/IMG_9911-1024x650.jpg 1024w\" sizes=\"(max-width: 3915px) 100vw, 3915px\" \/><\/a> <a href=\"https:\/\/marekkuchcinski.pl\/wp-content\/uploads\/2018\/06\/IMG_9925.jpg\"><img loading=\"lazy\" decoding=\"async\" class=\"alignnone size-full wp-image-9799\" src=\"https:\/\/marekkuchcinski.pl\/wp-content\/uploads\/2018\/06\/IMG_9925.jpg\" alt=\"IMG_9925\" width=\"4021\" height=\"2678\" srcset=\"https:\/\/marekkuchcinski.pl\/wp-content\/uploads\/2018\/06\/IMG_9925.jpg 2048w, https:\/\/marekkuchcinski.pl\/wp-content\/uploads\/2018\/06\/IMG_9925-300x200.jpg 300w, https:\/\/marekkuchcinski.pl\/wp-content\/uploads\/2018\/06\/IMG_9925-768x511.jpg 768w, https:\/\/marekkuchcinski.pl\/wp-content\/uploads\/2018\/06\/IMG_9925-1024x682.jpg 1024w\" sizes=\"(max-width: 4021px) 100vw, 4021px\" \/><\/a> <a href=\"https:\/\/marekkuchcinski.pl\/wp-content\/uploads\/2018\/06\/IMG_9927.jpg\"><img loading=\"lazy\" decoding=\"async\" class=\"alignnone size-full wp-image-9801\" src=\"https:\/\/marekkuchcinski.pl\/wp-content\/uploads\/2018\/06\/IMG_9927.jpg\" alt=\"IMG_9927\" width=\"3956\" height=\"2640\" srcset=\"https:\/\/marekkuchcinski.pl\/wp-content\/uploads\/2018\/06\/IMG_9927.jpg 2048w, https:\/\/marekkuchcinski.pl\/wp-content\/uploads\/2018\/06\/IMG_9927-300x200.jpg 300w, https:\/\/marekkuchcinski.pl\/wp-content\/uploads\/2018\/06\/IMG_9927-768x513.jpg 768w, https:\/\/marekkuchcinski.pl\/wp-content\/uploads\/2018\/06\/IMG_9927-1024x683.jpg 1024w\" sizes=\"(max-width: 3956px) 100vw, 3956px\" \/><\/a> <a href=\"https:\/\/marekkuchcinski.pl\/wp-content\/uploads\/2018\/06\/20180630_144053.jpg\"><img loading=\"lazy\" decoding=\"async\" class=\"alignnone size-full wp-image-9804\" src=\"https:\/\/marekkuchcinski.pl\/wp-content\/uploads\/2018\/06\/20180630_144053.jpg\" alt=\"_20180630_144053\" width=\"5056\" height=\"3792\" srcset=\"https:\/\/marekkuchcinski.pl\/wp-content\/uploads\/2018\/06\/20180630_144053.jpg 2048w, https:\/\/marekkuchcinski.pl\/wp-content\/uploads\/2018\/06\/20180630_144053-300x225.jpg 300w, https:\/\/marekkuchcinski.pl\/wp-content\/uploads\/2018\/06\/20180630_144053-768x576.jpg 768w, https:\/\/marekkuchcinski.pl\/wp-content\/uploads\/2018\/06\/20180630_144053-1024x768.jpg 1024w\" sizes=\"(max-width: 5056px) 100vw, 5056px\" \/><\/a> <a href=\"https:\/\/marekkuchcinski.pl\/wp-content\/uploads\/2018\/06\/20180630_144116.jpg\"><img loading=\"lazy\" decoding=\"async\" class=\"alignnone size-full wp-image-9805\" src=\"https:\/\/marekkuchcinski.pl\/wp-content\/uploads\/2018\/06\/20180630_144116.jpg\" alt=\"_20180630_144116\" width=\"4345\" height=\"3184\" srcset=\"https:\/\/marekkuchcinski.pl\/wp-content\/uploads\/2018\/06\/20180630_144116.jpg 2048w, https:\/\/marekkuchcinski.pl\/wp-content\/uploads\/2018\/06\/20180630_144116-300x220.jpg 300w, https:\/\/marekkuchcinski.pl\/wp-content\/uploads\/2018\/06\/20180630_144116-768x563.jpg 768w, https:\/\/marekkuchcinski.pl\/wp-content\/uploads\/2018\/06\/20180630_144116-1024x750.jpg 1024w\" sizes=\"(max-width: 4345px) 100vw, 4345px\" \/><\/a><a href=\"https:\/\/marekkuchcinski.pl\/wp-content\/uploads\/2018\/06\/20180630_221412.jpg\"><img loading=\"lazy\" decoding=\"async\" class=\"alignnone size-full wp-image-9807\" src=\"https:\/\/marekkuchcinski.pl\/wp-content\/uploads\/2018\/06\/20180630_221412.jpg\" alt=\"_20180630_221412\" width=\"4474\" height=\"3235\" srcset=\"https:\/\/marekkuchcinski.pl\/wp-content\/uploads\/2018\/06\/20180630_221412.jpg 2048w, https:\/\/marekkuchcinski.pl\/wp-content\/uploads\/2018\/06\/20180630_221412-300x217.jpg 300w, https:\/\/marekkuchcinski.pl\/wp-content\/uploads\/2018\/06\/20180630_221412-768x555.jpg 768w, https:\/\/marekkuchcinski.pl\/wp-content\/uploads\/2018\/06\/20180630_221412-1024x740.jpg 1024w\" sizes=\"(max-width: 4474px) 100vw, 4474px\" \/><\/a><a href=\"https:\/\/marekkuchcinski.pl\/wp-content\/uploads\/2018\/06\/IMG_9812.jpg\"><img loading=\"lazy\" decoding=\"async\" class=\"alignnone size-full wp-image-9780\" src=\"https:\/\/marekkuchcinski.pl\/wp-content\/uploads\/2018\/06\/IMG_9812.jpg\" alt=\"IMG_9812\" width=\"3164\" height=\"2022\" srcset=\"https:\/\/marekkuchcinski.pl\/wp-content\/uploads\/2018\/06\/IMG_9812.jpg 2048w, https:\/\/marekkuchcinski.pl\/wp-content\/uploads\/2018\/06\/IMG_9812-300x192.jpg 300w, https:\/\/marekkuchcinski.pl\/wp-content\/uploads\/2018\/06\/IMG_9812-768x491.jpg 768w, https:\/\/marekkuchcinski.pl\/wp-content\/uploads\/2018\/06\/IMG_9812-1024x654.jpg 1024w\" sizes=\"(max-width: 3164px) 100vw, 3164px\" \/><\/a> <a href=\"https:\/\/marekkuchcinski.pl\/wp-content\/uploads\/2018\/07\/PSX_20180701_084506.jpg\"><img loading=\"lazy\" decoding=\"async\" class=\"alignnone size-full wp-image-9820\" src=\"https:\/\/marekkuchcinski.pl\/wp-content\/uploads\/2018\/07\/PSX_20180701_084506.jpg\" alt=\"PSX_20180701_084506\" width=\"5056\" height=\"3792\" srcset=\"https:\/\/marekkuchcinski.pl\/wp-content\/uploads\/2018\/07\/PSX_20180701_084506.jpg 2048w, https:\/\/marekkuchcinski.pl\/wp-content\/uploads\/2018\/07\/PSX_20180701_084506-300x225.jpg 300w, https:\/\/marekkuchcinski.pl\/wp-content\/uploads\/2018\/07\/PSX_20180701_084506-768x576.jpg 768w, https:\/\/marekkuchcinski.pl\/wp-content\/uploads\/2018\/07\/PSX_20180701_084506-1024x768.jpg 1024w\" sizes=\"(max-width: 5056px) 100vw, 5056px\" \/><\/a><a href=\"https:\/\/marekkuchcinski.pl\/wp-content\/uploads\/2018\/06\/IMG_9804.jpg\"><img loading=\"lazy\" decoding=\"async\" class=\"alignnone size-full wp-image-9779\" src=\"https:\/\/marekkuchcinski.pl\/wp-content\/uploads\/2018\/06\/IMG_9804.jpg\" alt=\"IMG_9804\" width=\"4752\" height=\"3168\" srcset=\"https:\/\/marekkuchcinski.pl\/wp-content\/uploads\/2018\/06\/IMG_9804.jpg 2048w, https:\/\/marekkuchcinski.pl\/wp-content\/uploads\/2018\/06\/IMG_9804-300x200.jpg 300w, https:\/\/marekkuchcinski.pl\/wp-content\/uploads\/2018\/06\/IMG_9804-768x512.jpg 768w, https:\/\/marekkuchcinski.pl\/wp-content\/uploads\/2018\/06\/IMG_9804-1024x683.jpg 1024w\" sizes=\"(max-width: 4752px) 100vw, 4752px\" \/><\/a><a href=\"https:\/\/marekkuchcinski.pl\/wp-content\/uploads\/2018\/07\/IMG_9954-1.jpg\"><img loading=\"lazy\" decoding=\"async\" class=\"alignnone size-full wp-image-9832\" src=\"https:\/\/marekkuchcinski.pl\/wp-content\/uploads\/2018\/07\/IMG_9954-1.jpg\" alt=\"IMG_9954\" width=\"3274\" height=\"2253\" srcset=\"https:\/\/marekkuchcinski.pl\/wp-content\/uploads\/2018\/07\/IMG_9954-1.jpg 2048w, https:\/\/marekkuchcinski.pl\/wp-content\/uploads\/2018\/07\/IMG_9954-1-300x206.jpg 300w, https:\/\/marekkuchcinski.pl\/wp-content\/uploads\/2018\/07\/IMG_9954-1-768x528.jpg 768w, https:\/\/marekkuchcinski.pl\/wp-content\/uploads\/2018\/07\/IMG_9954-1-1024x705.jpg 1024w\" sizes=\"(max-width: 3274px) 100vw, 3274px\" \/><\/a><a href=\"https:\/\/marekkuchcinski.pl\/wp-content\/uploads\/2018\/07\/PSX_20180701_141639.jpg\"><img loading=\"lazy\" decoding=\"async\" class=\"alignnone size-full wp-image-9829\" src=\"https:\/\/marekkuchcinski.pl\/wp-content\/uploads\/2018\/07\/PSX_20180701_141639.jpg\" alt=\"PSX_20180701_141639\" width=\"3782\" height=\"4552\" srcset=\"https:\/\/marekkuchcinski.pl\/wp-content\/uploads\/2018\/07\/PSX_20180701_141639.jpg 1702w, https:\/\/marekkuchcinski.pl\/wp-content\/uploads\/2018\/07\/PSX_20180701_141639-249x300.jpg 249w, https:\/\/marekkuchcinski.pl\/wp-content\/uploads\/2018\/07\/PSX_20180701_141639-768x924.jpg 768w, https:\/\/marekkuchcinski.pl\/wp-content\/uploads\/2018\/07\/PSX_20180701_141639-851x1024.jpg 851w\" sizes=\"(max-width: 3782px) 100vw, 3782px\" \/><\/a><\/p>","protected":false},"excerpt":{"rendered":"<p>Pod has\u0142em \u201eOd wolno\u015bci wewn\u0119trznej do wolno\u015bci zewn\u0119trznej\u201d w Gietrzwa\u0142dzie odby\u0142 si\u0119 Dzie\u0144 Pokutny. Uroczysto\u015bci mia\u0142y miejsce z okazji 100. rocznicy odzyskania przez Polsk\u0119 niepodleg\u0142o\u015bci. Podczas mszy \u015bwi\u0119tej przy \u017ar\u00f3de\u0142ku Marsza\u0142ek Sejmu Marek Kuchci\u0144ski powiedzia\u0142,\u00a0\u017ce przed oblicze Matki Bo\u017cej Niepokalanej przybywa w dniu wa\u017cnym dla Sejmu i ca\u0142ej naszej ojczyzny, by podzi\u0119kowa\u0107 jej za s\u0142owa [&hellip;]<\/p>","protected":false},"author":6,"featured_media":9861,"comment_status":"open","ping_status":"open","sticky":false,"template":"","format":"standard","meta":{"ngg_post_thumbnail":0,"footnotes":""},"categories":[77,3],"tags":[],"class_list":["post-9778","post","type-post","status-publish","format-standard","has-post-thumbnail","hentry","category-wazne-daty","category-wydarzenia"],"yoast_head":"<!-- This site is optimized with the Yoast SEO plugin v24.7 - https:\/\/yoast.com\/wordpress\/plugins\/seo\/ -->\n<title>Marsza\u0142ek Sejmu: Przybywamy do Gietrzwa\u0142du, by odnowi\u0107 i umocni\u0107 wolno\u015b\u0107 wewn\u0119trzn\u0105 i zewn\u0119trzn\u0105 &#8211; Marek Kuchci\u0144ski<\/title>\n<meta name=\"robots\" content=\"index, follow, max-snippet:-1, max-image-preview:large, max-video-preview:-1\" \/>\n<link rel=\"canonical\" href=\"https:\/\/marekkuchcinski.pl\/sk\/wydarzenia\/marszalek-sejmu-przybywamy-gietrzwaldu-by-odnowic-umocnic-wolnosc-wewnetrzna-zewnetrzna\/\" \/>\n<meta property=\"og:locale\" content=\"sk_SK\" \/>\n<meta property=\"og:type\" content=\"article\" \/>\n<meta property=\"og:title\" content=\"Marsza\u0142ek Sejmu: Przybywamy do Gietrzwa\u0142du, by odnowi\u0107 i umocni\u0107 wolno\u015b\u0107 wewn\u0119trzn\u0105 i zewn\u0119trzn\u0105 &#8211; Marek Kuchci\u0144ski\" \/>\n<meta property=\"og:description\" content=\"Pod has\u0142em \u201eOd wolno\u015bci wewn\u0119trznej do wolno\u015bci zewn\u0119trznej\u201d w Gietrzwa\u0142dzie odby\u0142 si\u0119 Dzie\u0144 Pokutny. Uroczysto\u015bci mia\u0142y miejsce z okazji 100. rocznicy odzyskania przez Polsk\u0119 niepodleg\u0142o\u015bci. Podczas mszy \u015bwi\u0119tej przy \u017ar\u00f3de\u0142ku Marsza\u0142ek Sejmu Marek Kuchci\u0144ski powiedzia\u0142,\u00a0\u017ce przed oblicze Matki Bo\u017cej Niepokalanej przybywa w dniu wa\u017cnym dla Sejmu i ca\u0142ej naszej ojczyzny, by podzi\u0119kowa\u0107 jej za s\u0142owa [&hellip;]\" \/>\n<meta property=\"og:url\" content=\"https:\/\/marekkuchcinski.pl\/sk\/wydarzenia\/marszalek-sejmu-przybywamy-gietrzwaldu-by-odnowic-umocnic-wolnosc-wewnetrzna-zewnetrzna\/\" \/>\n<meta property=\"og:site_name\" content=\"Marek Kuchci\u0144ski\" \/>\n<meta property=\"article:published_time\" content=\"2018-07-01T06:14:07+00:00\" \/>\n<meta property=\"article:modified_time\" content=\"2018-07-05T09:22:59+00:00\" \/>\n<meta property=\"og:image\" content=\"https:\/\/marekkuchcinski.pl\/wp-content\/uploads\/2018\/07\/marek.jpg\" \/>\n\t<meta property=\"og:image:width\" content=\"2048\" \/>\n\t<meta property=\"og:image:height\" content=\"1434\" \/>\n\t<meta property=\"og:image:type\" content=\"image\/jpeg\" \/>\n<meta name=\"author\" content=\"admin\" \/>\n<meta name=\"twitter:card\" content=\"summary_large_image\" \/>\n<meta name=\"twitter:label1\" content=\"Autor\" \/>\n\t<meta name=\"twitter:data1\" content=\"admin\" \/>\n\t<meta name=\"twitter:label2\" content=\"Predpokladan\u00fd \u010das \u010d\u00edtania\" \/>\n\t<meta name=\"twitter:data2\" content=\"2 min\u00faty\" \/>\n<script type=\"application\/ld+json\" class=\"yoast-schema-graph\">{\"@context\":\"https:\/\/schema.org\",\"@graph\":[{\"@type\":\"Article\",\"@id\":\"https:\/\/marekkuchcinski.pl\/wydarzenia\/marszalek-sejmu-przybywamy-gietrzwaldu-by-odnowic-umocnic-wolnosc-wewnetrzna-zewnetrzna\/#article\",\"isPartOf\":{\"@id\":\"https:\/\/marekkuchcinski.pl\/wydarzenia\/marszalek-sejmu-przybywamy-gietrzwaldu-by-odnowic-umocnic-wolnosc-wewnetrzna-zewnetrzna\/\"},\"author\":{\"name\":\"admin\",\"@id\":\"https:\/\/marekkuchcinski.pl\/#\/schema\/person\/6f62700996b4d950b6ea2d1183b6c6be\"},\"headline\":\"Marsza\u0142ek Sejmu: Przybywamy do Gietrzwa\u0142du, by odnowi\u0107 i umocni\u0107 wolno\u015b\u0107 wewn\u0119trzn\u0105 i zewn\u0119trzn\u0105\",\"datePublished\":\"2018-07-01T06:14:07+00:00\",\"dateModified\":\"2018-07-05T09:22:59+00:00\",\"mainEntityOfPage\":{\"@id\":\"https:\/\/marekkuchcinski.pl\/wydarzenia\/marszalek-sejmu-przybywamy-gietrzwaldu-by-odnowic-umocnic-wolnosc-wewnetrzna-zewnetrzna\/\"},\"wordCount\":474,\"commentCount\":0,\"publisher\":{\"@id\":\"https:\/\/marekkuchcinski.pl\/#organization\"},\"image\":{\"@id\":\"https:\/\/marekkuchcinski.pl\/wydarzenia\/marszalek-sejmu-przybywamy-gietrzwaldu-by-odnowic-umocnic-wolnosc-wewnetrzna-zewnetrzna\/#primaryimage\"},\"thumbnailUrl\":\"https:\/\/marekkuchcinski.pl\/wp-content\/uploads\/2018\/07\/marek.jpg\",\"articleSection\":[\"Wa\u017cne daty\",\"Wydarzenia\"],\"inLanguage\":\"sk-SK\",\"potentialAction\":[{\"@type\":\"CommentAction\",\"name\":\"Comment\",\"target\":[\"https:\/\/marekkuchcinski.pl\/wydarzenia\/marszalek-sejmu-przybywamy-gietrzwaldu-by-odnowic-umocnic-wolnosc-wewnetrzna-zewnetrzna\/#respond\"]}]},{\"@type\":\"WebPage\",\"@id\":\"https:\/\/marekkuchcinski.pl\/wydarzenia\/marszalek-sejmu-przybywamy-gietrzwaldu-by-odnowic-umocnic-wolnosc-wewnetrzna-zewnetrzna\/\",\"url\":\"https:\/\/marekkuchcinski.pl\/wydarzenia\/marszalek-sejmu-przybywamy-gietrzwaldu-by-odnowic-umocnic-wolnosc-wewnetrzna-zewnetrzna\/\",\"name\":\"Marsza\u0142ek Sejmu: Przybywamy do Gietrzwa\u0142du, by odnowi\u0107 i umocni\u0107 wolno\u015b\u0107 wewn\u0119trzn\u0105 i zewn\u0119trzn\u0105 &#8211; Marek Kuchci\u0144ski\",\"isPartOf\":{\"@id\":\"https:\/\/marekkuchcinski.pl\/#website\"},\"primaryImageOfPage\":{\"@id\":\"https:\/\/marekkuchcinski.pl\/wydarzenia\/marszalek-sejmu-przybywamy-gietrzwaldu-by-odnowic-umocnic-wolnosc-wewnetrzna-zewnetrzna\/#primaryimage\"},\"image\":{\"@id\":\"https:\/\/marekkuchcinski.pl\/wydarzenia\/marszalek-sejmu-przybywamy-gietrzwaldu-by-odnowic-umocnic-wolnosc-wewnetrzna-zewnetrzna\/#primaryimage\"},\"thumbnailUrl\":\"https:\/\/marekkuchcinski.pl\/wp-content\/uploads\/2018\/07\/marek.jpg\",\"datePublished\":\"2018-07-01T06:14:07+00:00\",\"dateModified\":\"2018-07-05T09:22:59+00:00\",\"breadcrumb\":{\"@id\":\"https:\/\/marekkuchcinski.pl\/wydarzenia\/marszalek-sejmu-przybywamy-gietrzwaldu-by-odnowic-umocnic-wolnosc-wewnetrzna-zewnetrzna\/#breadcrumb\"},\"inLanguage\":\"sk-SK\",\"potentialAction\":[{\"@type\":\"ReadAction\",\"target\":[\"https:\/\/marekkuchcinski.pl\/wydarzenia\/marszalek-sejmu-przybywamy-gietrzwaldu-by-odnowic-umocnic-wolnosc-wewnetrzna-zewnetrzna\/\"]}]},{\"@type\":\"ImageObject\",\"inLanguage\":\"sk-SK\",\"@id\":\"https:\/\/marekkuchcinski.pl\/wydarzenia\/marszalek-sejmu-przybywamy-gietrzwaldu-by-odnowic-umocnic-wolnosc-wewnetrzna-zewnetrzna\/#primaryimage\",\"url\":\"https:\/\/marekkuchcinski.pl\/wp-content\/uploads\/2018\/07\/marek.jpg\",\"contentUrl\":\"https:\/\/marekkuchcinski.pl\/wp-content\/uploads\/2018\/07\/marek.jpg\",\"width\":2048,\"height\":1434},{\"@type\":\"BreadcrumbList\",\"@id\":\"https:\/\/marekkuchcinski.pl\/wydarzenia\/marszalek-sejmu-przybywamy-gietrzwaldu-by-odnowic-umocnic-wolnosc-wewnetrzna-zewnetrzna\/#breadcrumb\",\"itemListElement\":[{\"@type\":\"ListItem\",\"position\":1,\"name\":\"Strona g\u0142\u00f3wna\",\"item\":\"https:\/\/marekkuchcinski.pl\/\"},{\"@type\":\"ListItem\",\"position\":2,\"name\":\"Marsza\u0142ek Sejmu: Przybywamy do Gietrzwa\u0142du, by odnowi\u0107 i umocni\u0107 wolno\u015b\u0107 wewn\u0119trzn\u0105 i zewn\u0119trzn\u0105\"}]},{\"@type\":\"WebSite\",\"@id\":\"https:\/\/marekkuchcinski.pl\/#website\",\"url\":\"https:\/\/marekkuchcinski.pl\/\",\"name\":\"Marek Kuchci\u0144ski\",\"description\":\"Pose\u0142 na sejm RP &ndash; okr\u0119g nr 22\",\"publisher\":{\"@id\":\"https:\/\/marekkuchcinski.pl\/#organization\"},\"potentialAction\":[{\"@type\":\"SearchAction\",\"target\":{\"@type\":\"EntryPoint\",\"urlTemplate\":\"https:\/\/marekkuchcinski.pl\/?s={search_term_string}\"},\"query-input\":{\"@type\":\"PropertyValueSpecification\",\"valueRequired\":true,\"valueName\":\"search_term_string\"}}],\"inLanguage\":\"sk-SK\"},{\"@type\":\"Organization\",\"@id\":\"https:\/\/marekkuchcinski.pl\/#organization\",\"name\":\"Marek Kuchci\u0144ski\",\"url\":\"https:\/\/marekkuchcinski.pl\/\",\"logo\":{\"@type\":\"ImageObject\",\"inLanguage\":\"sk-SK\",\"@id\":\"https:\/\/marekkuchcinski.pl\/#\/schema\/logo\/image\/\",\"url\":\"https:\/\/marekkuchcinski.pl\/wp-content\/uploads\/2022\/09\/Marek.jpg\",\"contentUrl\":\"https:\/\/marekkuchcinski.pl\/wp-content\/uploads\/2022\/09\/Marek.jpg\",\"width\":1600,\"height\":971,\"caption\":\"Marek Kuchci\u0144ski\"},\"image\":{\"@id\":\"https:\/\/marekkuchcinski.pl\/#\/schema\/logo\/image\/\"}},{\"@type\":\"Person\",\"@id\":\"https:\/\/marekkuchcinski.pl\/#\/schema\/person\/6f62700996b4d950b6ea2d1183b6c6be\",\"name\":\"admin\",\"image\":{\"@type\":\"ImageObject\",\"inLanguage\":\"sk-SK\",\"@id\":\"https:\/\/marekkuchcinski.pl\/#\/schema\/person\/image\/\",\"url\":\"https:\/\/secure.gravatar.com\/avatar\/4bab693b9d55c3d6b52c0296a8765085?s=96&d=mm&r=g\",\"contentUrl\":\"https:\/\/secure.gravatar.com\/avatar\/4bab693b9d55c3d6b52c0296a8765085?s=96&d=mm&r=g\",\"caption\":\"admin\"},\"url\":\"https:\/\/marekkuchcinski.pl\/sk\/author\/marta-olejnik\/\"}]}<\/script>\n<!-- \/ Yoast SEO plugin. -->","yoast_head_json":{"title":"Marsza\u0142ek Sejmu: Przybywamy do Gietrzwa\u0142du, by odnowi\u0107 i umocni\u0107 wolno\u015b\u0107 wewn\u0119trzn\u0105 i zewn\u0119trzn\u0105 &#8211; Marek Kuchci\u0144ski","robots":{"index":"index","follow":"follow","max-snippet":"max-snippet:-1","max-image-preview":"max-image-preview:large","max-video-preview":"max-video-preview:-1"},"canonical":"https:\/\/marekkuchcinski.pl\/sk\/wydarzenia\/marszalek-sejmu-przybywamy-gietrzwaldu-by-odnowic-umocnic-wolnosc-wewnetrzna-zewnetrzna\/","og_locale":"sk_SK","og_type":"article","og_title":"Marsza\u0142ek Sejmu: Przybywamy do Gietrzwa\u0142du, by odnowi\u0107 i umocni\u0107 wolno\u015b\u0107 wewn\u0119trzn\u0105 i zewn\u0119trzn\u0105 &#8211; Marek Kuchci\u0144ski","og_description":"Pod has\u0142em \u201eOd wolno\u015bci wewn\u0119trznej do wolno\u015bci zewn\u0119trznej\u201d w Gietrzwa\u0142dzie odby\u0142 si\u0119 Dzie\u0144 Pokutny. Uroczysto\u015bci mia\u0142y miejsce z okazji 100. rocznicy odzyskania przez Polsk\u0119 niepodleg\u0142o\u015bci. Podczas mszy \u015bwi\u0119tej przy \u017ar\u00f3de\u0142ku Marsza\u0142ek Sejmu Marek Kuchci\u0144ski powiedzia\u0142,\u00a0\u017ce przed oblicze Matki Bo\u017cej Niepokalanej przybywa w dniu wa\u017cnym dla Sejmu i ca\u0142ej naszej ojczyzny, by podzi\u0119kowa\u0107 jej za s\u0142owa [&hellip;]","og_url":"https:\/\/marekkuchcinski.pl\/sk\/wydarzenia\/marszalek-sejmu-przybywamy-gietrzwaldu-by-odnowic-umocnic-wolnosc-wewnetrzna-zewnetrzna\/","og_site_name":"Marek Kuchci\u0144ski","article_published_time":"2018-07-01T06:14:07+00:00","article_modified_time":"2018-07-05T09:22:59+00:00","og_image":[{"width":2048,"height":1434,"url":"https:\/\/marekkuchcinski.pl\/wp-content\/uploads\/2018\/07\/marek.jpg","type":"image\/jpeg"}],"author":"admin","twitter_card":"summary_large_image","twitter_misc":{"Autor":"admin","Predpokladan\u00fd \u010das \u010d\u00edtania":"2 min\u00faty"},"schema":{"@context":"https:\/\/schema.org","@graph":[{"@type":"Article","@id":"https:\/\/marekkuchcinski.pl\/wydarzenia\/marszalek-sejmu-przybywamy-gietrzwaldu-by-odnowic-umocnic-wolnosc-wewnetrzna-zewnetrzna\/#article","isPartOf":{"@id":"https:\/\/marekkuchcinski.pl\/wydarzenia\/marszalek-sejmu-przybywamy-gietrzwaldu-by-odnowic-umocnic-wolnosc-wewnetrzna-zewnetrzna\/"},"author":{"name":"admin","@id":"https:\/\/marekkuchcinski.pl\/#\/schema\/person\/6f62700996b4d950b6ea2d1183b6c6be"},"headline":"Marsza\u0142ek Sejmu: Przybywamy do Gietrzwa\u0142du, by odnowi\u0107 i umocni\u0107 wolno\u015b\u0107 wewn\u0119trzn\u0105 i zewn\u0119trzn\u0105","datePublished":"2018-07-01T06:14:07+00:00","dateModified":"2018-07-05T09:22:59+00:00","mainEntityOfPage":{"@id":"https:\/\/marekkuchcinski.pl\/wydarzenia\/marszalek-sejmu-przybywamy-gietrzwaldu-by-odnowic-umocnic-wolnosc-wewnetrzna-zewnetrzna\/"},"wordCount":474,"commentCount":0,"publisher":{"@id":"https:\/\/marekkuchcinski.pl\/#organization"},"image":{"@id":"https:\/\/marekkuchcinski.pl\/wydarzenia\/marszalek-sejmu-przybywamy-gietrzwaldu-by-odnowic-umocnic-wolnosc-wewnetrzna-zewnetrzna\/#primaryimage"},"thumbnailUrl":"https:\/\/marekkuchcinski.pl\/wp-content\/uploads\/2018\/07\/marek.jpg","articleSection":["Wa\u017cne daty","Wydarzenia"],"inLanguage":"sk-SK","potentialAction":[{"@type":"CommentAction","name":"Comment","target":["https:\/\/marekkuchcinski.pl\/wydarzenia\/marszalek-sejmu-przybywamy-gietrzwaldu-by-odnowic-umocnic-wolnosc-wewnetrzna-zewnetrzna\/#respond"]}]},{"@type":"WebPage","@id":"https:\/\/marekkuchcinski.pl\/wydarzenia\/marszalek-sejmu-przybywamy-gietrzwaldu-by-odnowic-umocnic-wolnosc-wewnetrzna-zewnetrzna\/","url":"https:\/\/marekkuchcinski.pl\/wydarzenia\/marszalek-sejmu-przybywamy-gietrzwaldu-by-odnowic-umocnic-wolnosc-wewnetrzna-zewnetrzna\/","name":"Marsza\u0142ek Sejmu: Przybywamy do Gietrzwa\u0142du, by odnowi\u0107 i umocni\u0107 wolno\u015b\u0107 wewn\u0119trzn\u0105 i zewn\u0119trzn\u0105 &#8211; Marek Kuchci\u0144ski","isPartOf":{"@id":"https:\/\/marekkuchcinski.pl\/#website"},"primaryImageOfPage":{"@id":"https:\/\/marekkuchcinski.pl\/wydarzenia\/marszalek-sejmu-przybywamy-gietrzwaldu-by-odnowic-umocnic-wolnosc-wewnetrzna-zewnetrzna\/#primaryimage"},"image":{"@id":"https:\/\/marekkuchcinski.pl\/wydarzenia\/marszalek-sejmu-przybywamy-gietrzwaldu-by-odnowic-umocnic-wolnosc-wewnetrzna-zewnetrzna\/#primaryimage"},"thumbnailUrl":"https:\/\/marekkuchcinski.pl\/wp-content\/uploads\/2018\/07\/marek.jpg","datePublished":"2018-07-01T06:14:07+00:00","dateModified":"2018-07-05T09:22:59+00:00","breadcrumb":{"@id":"https:\/\/marekkuchcinski.pl\/wydarzenia\/marszalek-sejmu-przybywamy-gietrzwaldu-by-odnowic-umocnic-wolnosc-wewnetrzna-zewnetrzna\/#breadcrumb"},"inLanguage":"sk-SK","potentialAction":[{"@type":"ReadAction","target":["https:\/\/marekkuchcinski.pl\/wydarzenia\/marszalek-sejmu-przybywamy-gietrzwaldu-by-odnowic-umocnic-wolnosc-wewnetrzna-zewnetrzna\/"]}]},{"@type":"ImageObject","inLanguage":"sk-SK","@id":"https:\/\/marekkuchcinski.pl\/wydarzenia\/marszalek-sejmu-przybywamy-gietrzwaldu-by-odnowic-umocnic-wolnosc-wewnetrzna-zewnetrzna\/#primaryimage","url":"https:\/\/marekkuchcinski.pl\/wp-content\/uploads\/2018\/07\/marek.jpg","contentUrl":"https:\/\/marekkuchcinski.pl\/wp-content\/uploads\/2018\/07\/marek.jpg","width":2048,"height":1434},{"@type":"BreadcrumbList","@id":"https:\/\/marekkuchcinski.pl\/wydarzenia\/marszalek-sejmu-przybywamy-gietrzwaldu-by-odnowic-umocnic-wolnosc-wewnetrzna-zewnetrzna\/#breadcrumb","itemListElement":[{"@type":"ListItem","position":1,"name":"Strona g\u0142\u00f3wna","item":"https:\/\/marekkuchcinski.pl\/"},{"@type":"ListItem","position":2,"name":"Marsza\u0142ek Sejmu: Przybywamy do Gietrzwa\u0142du, by odnowi\u0107 i umocni\u0107 wolno\u015b\u0107 wewn\u0119trzn\u0105 i zewn\u0119trzn\u0105"}]},{"@type":"WebSite","@id":"https:\/\/marekkuchcinski.pl\/#website","url":"https:\/\/marekkuchcinski.pl\/","name":"Marek Kuchci\u0144ski","description":"Pose\u0142 na sejm RP &ndash; okr\u0119g nr 22","publisher":{"@id":"https:\/\/marekkuchcinski.pl\/#organization"},"potentialAction":[{"@type":"SearchAction","target":{"@type":"EntryPoint","urlTemplate":"https:\/\/marekkuchcinski.pl\/?s={search_term_string}"},"query-input":{"@type":"PropertyValueSpecification","valueRequired":true,"valueName":"search_term_string"}}],"inLanguage":"sk-SK"},{"@type":"Organization","@id":"https:\/\/marekkuchcinski.pl\/#organization","name":"Marek Kuchci\u0144ski","url":"https:\/\/marekkuchcinski.pl\/","logo":{"@type":"ImageObject","inLanguage":"sk-SK","@id":"https:\/\/marekkuchcinski.pl\/#\/schema\/logo\/image\/","url":"https:\/\/marekkuchcinski.pl\/wp-content\/uploads\/2022\/09\/Marek.jpg","contentUrl":"https:\/\/marekkuchcinski.pl\/wp-content\/uploads\/2022\/09\/Marek.jpg","width":1600,"height":971,"caption":"Marek Kuchci\u0144ski"},"image":{"@id":"https:\/\/marekkuchcinski.pl\/#\/schema\/logo\/image\/"}},{"@type":"Person","@id":"https:\/\/marekkuchcinski.pl\/#\/schema\/person\/6f62700996b4d950b6ea2d1183b6c6be","name":"admin","image":{"@type":"ImageObject","inLanguage":"sk-SK","@id":"https:\/\/marekkuchcinski.pl\/#\/schema\/person\/image\/","url":"https:\/\/secure.gravatar.com\/avatar\/4bab693b9d55c3d6b52c0296a8765085?s=96&d=mm&r=g","contentUrl":"https:\/\/secure.gravatar.com\/avatar\/4bab693b9d55c3d6b52c0296a8765085?s=96&d=mm&r=g","caption":"admin"},"url":"https:\/\/marekkuchcinski.pl\/sk\/author\/marta-olejnik\/"}]}},"_links":{"self":[{"href":"https:\/\/marekkuchcinski.pl\/sk\/wp-json\/wp\/v2\/posts\/9778","targetHints":{"allow":["GET"]}}],"collection":[{"href":"https:\/\/marekkuchcinski.pl\/sk\/wp-json\/wp\/v2\/posts"}],"about":[{"href":"https:\/\/marekkuchcinski.pl\/sk\/wp-json\/wp\/v2\/types\/post"}],"author":[{"embeddable":true,"href":"https:\/\/marekkuchcinski.pl\/sk\/wp-json\/wp\/v2\/users\/6"}],"replies":[{"embeddable":true,"href":"https:\/\/marekkuchcinski.pl\/sk\/wp-json\/wp\/v2\/comments?post=9778"}],"version-history":[{"count":17,"href":"https:\/\/marekkuchcinski.pl\/sk\/wp-json\/wp\/v2\/posts\/9778\/revisions"}],"predecessor-version":[{"id":9862,"href":"https:\/\/marekkuchcinski.pl\/sk\/wp-json\/wp\/v2\/posts\/9778\/revisions\/9862"}],"wp:featuredmedia":[{"embeddable":true,"href":"https:\/\/marekkuchcinski.pl\/sk\/wp-json\/wp\/v2\/media\/9861"}],"wp:attachment":[{"href":"https:\/\/marekkuchcinski.pl\/sk\/wp-json\/wp\/v2\/media?parent=9778"}],"wp:term":[{"taxonomy":"category","embeddable":true,"href":"https:\/\/marekkuchcinski.pl\/sk\/wp-json\/wp\/v2\/categories?post=9778"},{"taxonomy":"post_tag","embeddable":true,"href":"https:\/\/marekkuchcinski.pl\/sk\/wp-json\/wp\/v2\/tags?post=9778"}],"curies":[{"name":"wp","href":"https:\/\/api.w.org\/{rel}","templated":true}]}}