{"id":9730,"date":"2018-06-18T16:25:00","date_gmt":"2018-06-18T14:25:00","guid":{"rendered":"https:\/\/marekkuchcinski.pl\/?p=9730"},"modified":"2018-06-18T16:27:21","modified_gmt":"2018-06-18T14:27:21","slug":"szczecinie-stanal-pomnik-upamietniajacy-prezydenta-lecha-kaczynskiego","status":"publish","type":"post","link":"https:\/\/marekkuchcinski.pl\/sk\/wydarzenia\/szczecinie-stanal-pomnik-upamietniajacy-prezydenta-lecha-kaczynskiego\/","title":{"rendered":"V \u0160tet\u00edne bol postaven\u00fd pam\u00e4tn\u00edk prezidenta Lecha Kaczy\u0144sk\u00e9ho"},"content":{"rendered":"<p>Slu\u017eba Po\u013esku bola podstatou jeho \u017eivota. Bojoval za jej nez\u00e1vislos\u0165 a suverenitu ako \u010dlen demokratickej opoz\u00edcie - KOR a NSZZ \"Solidarno\u015b\u0107\", ktorej bol podpredsedom,\" povedal o Lechu Kaczy\u0144skom predseda Sejmu Marek Kuchci\u0144ski. - Mal vlastn\u00fa v\u00edziu Po\u013eska - spravodliv\u00fd, bezpe\u010dn\u00fd \u0161t\u00e1t, bohat\u00fd na svojich ob\u010danov, dobre spravovan\u00fd, dodr\u017eiavaj\u00faci z\u00e1kony a hrd\u00fd na svoju hist\u00f3riu a postavenie vo svete. Jeho najd\u00f4le\u017eitej\u0161\u00edm posolstvom bola vytrval\u00e1 pr\u00e1ca pre spolo\u010dn\u00e9 dobro, pre n\u00e1rod, v z\u00e1ujme republiky a jej zmyslu. Veril, \u017ee politika je slu\u017ebou v prospech a pre v\u0161etk\u00fdch ob\u010danov. Jeho misia, tragicky preru\u0161en\u00e1, zmenila chod dej\u00edn na\u0161ej vlasti. Po roku 2010 sa absencia n\u00e1\u0161ho prezidenta stala cite\u013enou. Vedomie nedokon\u010denej pr\u00e1ce medzi nami zostalo,\" povedal mar\u0161al.<\/p>\n<p>Marek Kuchci\u0144ski po\u010fakoval obyvate\u013eom \u0160tet\u00edna za to, \u017ee si pripomenuli \u017eivot, my\u0161lienky a dielo zosnul\u00e9ho prezidenta Prof. Lecha Kaczy\u0144sk\u00e9ho a za\u017eelal im vernos\u0165 jeho odkazu. - \u017del\u00e1m tie\u017e prosperitu obyvate\u013eom tohto regi\u00f3nu, opakujem po prezidentovi Lechovi Kaczy\u0144skom: \"Siln\u00fd \u0160tet\u00edn, siln\u00e9 Z\u00e1padn\u00e9 Pomoransko, to je po\u013esk\u00fd zmysel \u017eivota\".<\/p>\n<p>Na sl\u00e1vnosti sa z\u00fa\u010dastnili aj podpredsedn\u00ed\u010dka Sejmu Beata Mazurek, premi\u00e9r Mateusz Morawiecki, poslanci, ministri. List predsedu PiS Jaroslawa Kaczy\u0144sk\u00e9ho pre\u010d\u00edtal minister vn\u00fatra Mariusz B\u0142aszczak.<\/p>\n<p><a href=\"https:\/\/marekkuchcinski.pl\/wp-content\/uploads\/2018\/06\/lk1.jpg\"><img fetchpriority=\"high\" decoding=\"async\" class=\"alignnone size-full wp-image-9731\" src=\"https:\/\/marekkuchcinski.pl\/wp-content\/uploads\/2018\/06\/lk1.jpg\" alt=\"lk1\" width=\"4032\" height=\"3024\" srcset=\"https:\/\/marekkuchcinski.pl\/wp-content\/uploads\/2018\/06\/lk1.jpg 2048w, https:\/\/marekkuchcinski.pl\/wp-content\/uploads\/2018\/06\/lk1-300x225.jpg 300w, https:\/\/marekkuchcinski.pl\/wp-content\/uploads\/2018\/06\/lk1-768x576.jpg 768w, https:\/\/marekkuchcinski.pl\/wp-content\/uploads\/2018\/06\/lk1-1024x768.jpg 1024w\" sizes=\"(max-width: 4032px) 100vw, 4032px\" \/><\/a> <a href=\"https:\/\/marekkuchcinski.pl\/wp-content\/uploads\/2018\/06\/lk2.jpg\"><img decoding=\"async\" class=\"alignnone size-full wp-image-9732\" src=\"https:\/\/marekkuchcinski.pl\/wp-content\/uploads\/2018\/06\/lk2.jpg\" alt=\"lk2\" width=\"3483\" height=\"2547\" srcset=\"https:\/\/marekkuchcinski.pl\/wp-content\/uploads\/2018\/06\/lk2.jpg 2048w, https:\/\/marekkuchcinski.pl\/wp-content\/uploads\/2018\/06\/lk2-300x219.jpg 300w, https:\/\/marekkuchcinski.pl\/wp-content\/uploads\/2018\/06\/lk2-768x562.jpg 768w, https:\/\/marekkuchcinski.pl\/wp-content\/uploads\/2018\/06\/lk2-1024x749.jpg 1024w\" sizes=\"(max-width: 3483px) 100vw, 3483px\" \/><\/a> <a href=\"https:\/\/marekkuchcinski.pl\/wp-content\/uploads\/2018\/06\/lk3.jpg\"><img decoding=\"async\" class=\"alignnone size-full wp-image-9733\" src=\"https:\/\/marekkuchcinski.pl\/wp-content\/uploads\/2018\/06\/lk3.jpg\" alt=\"lk3\" width=\"3926\" height=\"2784\" srcset=\"https:\/\/marekkuchcinski.pl\/wp-content\/uploads\/2018\/06\/lk3.jpg 2048w, https:\/\/marekkuchcinski.pl\/wp-content\/uploads\/2018\/06\/lk3-300x213.jpg 300w, https:\/\/marekkuchcinski.pl\/wp-content\/uploads\/2018\/06\/lk3-768x545.jpg 768w, https:\/\/marekkuchcinski.pl\/wp-content\/uploads\/2018\/06\/lk3-1024x726.jpg 1024w\" sizes=\"(max-width: 3926px) 100vw, 3926px\" \/><\/a><\/p>","protected":false},"excerpt":{"rendered":"<p>S\u0142u\u017cba Polsce by\u0142a tre\u015bci\u0105 jego \u017cycia. Walczy\u0142 o jej niepodleg\u0142o\u015b\u0107 i suwerenno\u015b\u0107, b\u0119d\u0105c cz\u0142onkiem opozycji demokratycznej \u2013 KOR i NSZZ \u201eSolidarno\u015b\u0107\u201d, kt\u00f3rej by\u0142 wiceprzewodnicz\u0105cym \u2013 powiedzia\u0142 o Lechu Kaczy\u0144skim marsza\u0142ek Sejmu Marek Kuchci\u0144ski.\u00a0\u2013 Mia\u0142 swoj\u0105 wizj\u0119 Polski \u2013 pa\u0144stwa sprawiedliwego, bezpiecznego, bogatego jej obywatelami, dobrze zarz\u0105dzanego, praworz\u0105dnego i dumnego z w\u0142asnej historii i swojego statusu [&hellip;]<\/p>\n","protected":false},"author":6,"featured_media":9732,"comment_status":"open","ping_status":"open","sticky":false,"template":"","format":"standard","meta":{"ngg_post_thumbnail":0,"footnotes":""},"categories":[3],"tags":[],"class_list":["post-9730","post","type-post","status-publish","format-standard","has-post-thumbnail","hentry","category-wydarzenia"],"_links":{"self":[{"href":"https:\/\/marekkuchcinski.pl\/sk\/wp-json\/wp\/v2\/posts\/9730","targetHints":{"allow":["GET"]}}],"collection":[{"href":"https:\/\/marekkuchcinski.pl\/sk\/wp-json\/wp\/v2\/posts"}],"about":[{"href":"https:\/\/marekkuchcinski.pl\/sk\/wp-json\/wp\/v2\/types\/post"}],"author":[{"embeddable":true,"href":"https:\/\/marekkuchcinski.pl\/sk\/wp-json\/wp\/v2\/users\/6"}],"replies":[{"embeddable":true,"href":"https:\/\/marekkuchcinski.pl\/sk\/wp-json\/wp\/v2\/comments?post=9730"}],"version-history":[{"count":2,"href":"https:\/\/marekkuchcinski.pl\/sk\/wp-json\/wp\/v2\/posts\/9730\/revisions"}],"predecessor-version":[{"id":9736,"href":"https:\/\/marekkuchcinski.pl\/sk\/wp-json\/wp\/v2\/posts\/9730\/revisions\/9736"}],"wp:featuredmedia":[{"embeddable":true,"href":"https:\/\/marekkuchcinski.pl\/sk\/wp-json\/wp\/v2\/media\/9732"}],"wp:attachment":[{"href":"https:\/\/marekkuchcinski.pl\/sk\/wp-json\/wp\/v2\/media?parent=9730"}],"wp:term":[{"taxonomy":"category","embeddable":true,"href":"https:\/\/marekkuchcinski.pl\/sk\/wp-json\/wp\/v2\/categories?post=9730"},{"taxonomy":"post_tag","embeddable":true,"href":"https:\/\/marekkuchcinski.pl\/sk\/wp-json\/wp\/v2\/tags?post=9730"}],"curies":[{"name":"wp","href":"https:\/\/api.w.org\/{rel}","templated":true}]}}