{"id":9705,"date":"2018-06-05T21:56:46","date_gmt":"2018-06-05T19:56:46","guid":{"rendered":"https:\/\/marekkuchcinski.pl\/?p=9705"},"modified":"2018-06-14T13:36:04","modified_gmt":"2018-06-14T11:36:04","slug":"marszalek-sejmu-wreczyl-akty-powolania-nowym-czlonkom-trybunalu-stanu","status":"publish","type":"post","link":"https:\/\/marekkuchcinski.pl\/sk\/wydarzenia\/marszalek-sejmu-wreczyl-akty-powolania-nowym-czlonkom-trybunalu-stanu\/","title":{"rendered":"Predseda Sejmu odovzdal menovacie dekr\u00e9ty nov\u00fdm \u010dlenom \u0160t\u00e1tneho tribun\u00e1lu"},"content":{"rendered":"<p><strong>Kandidat\u00fary profesora Czes\u0142awa K\u0142aka a Macieja Zaborowsk\u00e9ho, ktor\u00e9 z\u00edskali kladn\u00e9 stanovisko V\u00fdboru Sejmu pre spravodlivos\u0165 a \u013eudsk\u00e9 pr\u00e1va, boli zvolen\u00e9 Sejmom absol\u00fatnou v\u00e4\u010d\u0161inou hlasov za pr\u00edtomnosti najmenej polovice z\u00e1konom stanoven\u00e9ho po\u010dtu poslancov. D\u0148a 5. j\u00fana odovzdal mar\u0161\u00e1lek Sejmu Marek Kuchci\u0144ski menovacie dekr\u00e9ty pre \u010dlenov \u0160t\u00e1tneho tribun\u00e1lu.<\/strong><\/p>\n<p>Prof. Czes\u0142awa K\u0142aka navrhla strana Pr\u00e1vo a spravodlivos\u0165 namiesto Jaroslawa Wyrembaka, ktor\u00fd bol v janu\u00e1ri zvolen\u00fd za \u010dlena \u00dastavn\u00e9ho s\u00fadu. Je odborn\u00edkom v oblasti trestn\u00e9ho pr\u00e1va, trestn\u00e9ho konania, kriminol\u00f3gie, ochrany \u013eudsk\u00fdch pr\u00e1v a pr\u00e1vnych aspektov vn\u00fatornej bezpe\u010dnosti. Je autorom viac ako 140 vedeck\u00fdch publik\u00e1ci\u00ed vr\u00e1tane dvoch p\u00f4vodn\u00fdch monografi\u00ed a vedeck\u00fdch \u010dl\u00e1nkov. V s\u00fa\u010dasnosti je dekanom - riadite\u013eom Vysokej \u0161koly pr\u00e1va a bezpe\u010dnosti a ved\u00facim Katedry kriminalistiky a kriminol\u00f3gie vn\u00fatornej bezpe\u010dnosti na Vysokej \u0161kole WSPiA Rzesz\u00f3w.<\/p>\n<p>Maciej Zaborowski bol vymenovan\u00fd na miesto profesora Bogus\u0142awa Banaszaka, ktor\u00fd zomrel v janu\u00e1ri.<br \/>\nJe advok\u00e1tom, medi\u00e1torom a soci\u00e1lnym aktivistom. Vy\u0161tudoval Pr\u00e1vnick\u00fa a administrat\u00edvnu fakultu Var\u0161avskej univerzity. Je tie\u017e absolventom postgradu\u00e1lneho \u0161t\u00fadia pr\u00e1va du\u0161evn\u00e9ho vlastn\u00edctva na Var\u0161avskej univerzite a pr\u00e1va d\u00f4kazov na Univerzite kardin\u00e1la Stefana Wyszy\u0144sk\u00e9ho. Absolvoval tie\u017e \u0161t\u00fadium v Centre pre \u0161t\u00fadium americk\u00e9ho pr\u00e1va a Akad\u00e9miu l\u00eddrov pre Po\u013esko. V s\u00fa\u010dasnosti p\u00ed\u0161e doktorandsk\u00fa pr\u00e1cu o trestnom pr\u00e1ve.<\/p>\n<p><a href=\"https:\/\/marekkuchcinski.pl\/wp-content\/uploads\/2018\/06\/ts1.jpg\"><img fetchpriority=\"high\" decoding=\"async\" class=\"alignnone size-full wp-image-9710\" src=\"https:\/\/marekkuchcinski.pl\/wp-content\/uploads\/2018\/06\/ts1.jpg\" alt=\"ts1\" width=\"4862\" height=\"3241\" srcset=\"https:\/\/marekkuchcinski.pl\/wp-content\/uploads\/2018\/06\/ts1.jpg 2048w, https:\/\/marekkuchcinski.pl\/wp-content\/uploads\/2018\/06\/ts1-300x200.jpg 300w, https:\/\/marekkuchcinski.pl\/wp-content\/uploads\/2018\/06\/ts1-768x512.jpg 768w, https:\/\/marekkuchcinski.pl\/wp-content\/uploads\/2018\/06\/ts1-1024x683.jpg 1024w\" sizes=\"(max-width: 4862px) 100vw, 4862px\" \/><\/a> <a href=\"https:\/\/marekkuchcinski.pl\/wp-content\/uploads\/2018\/06\/ts2.jpg\"><img decoding=\"async\" class=\"alignnone size-full wp-image-9711\" src=\"https:\/\/marekkuchcinski.pl\/wp-content\/uploads\/2018\/06\/ts2.jpg\" alt=\"ts2\" width=\"5059\" height=\"3373\" srcset=\"https:\/\/marekkuchcinski.pl\/wp-content\/uploads\/2018\/06\/ts2.jpg 2048w, https:\/\/marekkuchcinski.pl\/wp-content\/uploads\/2018\/06\/ts2-300x200.jpg 300w, https:\/\/marekkuchcinski.pl\/wp-content\/uploads\/2018\/06\/ts2-768x512.jpg 768w, https:\/\/marekkuchcinski.pl\/wp-content\/uploads\/2018\/06\/ts2-1024x683.jpg 1024w\" sizes=\"(max-width: 5059px) 100vw, 5059px\" \/><\/a><\/p>\n<p>&nbsp;<\/p>","protected":false},"excerpt":{"rendered":"<p>Kandydatury prof. Czes\u0142awa K\u0142aka i Macieja Zaborowskiego pozytywnie zaopiniowane przez sejmow\u0105 komisj\u0119 sprawiedliwo\u015bci i praw cz\u0142owieka Sejm wybra\u0142 bezwzgl\u0119dn\u0105 wi\u0119kszo\u015bci\u0105 g\u0142os\u00f3w w obecno\u015bci co najmniej po\u0142owy ustawowej liczby pos\u0142\u00f3w. 5 czerwca marsza\u0142ek Sejmu Marek Kuchci\u0144ski wr\u0119czy\u0142 akty powo\u0142ania na cz\u0142onk\u00f3w Trybuna\u0142u Stanu. Prof. Czes\u0142aw K\u0142ak zosta\u0142 zg\u0142oszony przez PiS w miejsce Jaros\u0142awa Wyrembaka wybranego w [&hellip;]<\/p>\n","protected":false},"author":6,"featured_media":9709,"comment_status":"open","ping_status":"open","sticky":false,"template":"","format":"standard","meta":{"ngg_post_thumbnail":0,"footnotes":""},"categories":[81,3],"tags":[],"class_list":["post-9705","post","type-post","status-publish","format-standard","has-post-thumbnail","hentry","category-wiesci-z-sejmu","category-wydarzenia"],"_links":{"self":[{"href":"https:\/\/marekkuchcinski.pl\/sk\/wp-json\/wp\/v2\/posts\/9705","targetHints":{"allow":["GET"]}}],"collection":[{"href":"https:\/\/marekkuchcinski.pl\/sk\/wp-json\/wp\/v2\/posts"}],"about":[{"href":"https:\/\/marekkuchcinski.pl\/sk\/wp-json\/wp\/v2\/types\/post"}],"author":[{"embeddable":true,"href":"https:\/\/marekkuchcinski.pl\/sk\/wp-json\/wp\/v2\/users\/6"}],"replies":[{"embeddable":true,"href":"https:\/\/marekkuchcinski.pl\/sk\/wp-json\/wp\/v2\/comments?post=9705"}],"version-history":[{"count":4,"href":"https:\/\/marekkuchcinski.pl\/sk\/wp-json\/wp\/v2\/posts\/9705\/revisions"}],"predecessor-version":[{"id":9712,"href":"https:\/\/marekkuchcinski.pl\/sk\/wp-json\/wp\/v2\/posts\/9705\/revisions\/9712"}],"wp:featuredmedia":[{"embeddable":true,"href":"https:\/\/marekkuchcinski.pl\/sk\/wp-json\/wp\/v2\/media\/9709"}],"wp:attachment":[{"href":"https:\/\/marekkuchcinski.pl\/sk\/wp-json\/wp\/v2\/media?parent=9705"}],"wp:term":[{"taxonomy":"category","embeddable":true,"href":"https:\/\/marekkuchcinski.pl\/sk\/wp-json\/wp\/v2\/categories?post=9705"},{"taxonomy":"post_tag","embeddable":true,"href":"https:\/\/marekkuchcinski.pl\/sk\/wp-json\/wp\/v2\/tags?post=9705"}],"curies":[{"name":"wp","href":"https:\/\/api.w.org\/{rel}","templated":true}]}}