{"id":9678,"date":"2018-06-14T11:14:58","date_gmt":"2018-06-14T09:14:58","guid":{"rendered":"https:\/\/marekkuchcinski.pl\/?p=9678"},"modified":"2018-06-14T12:23:11","modified_gmt":"2018-06-14T10:23:11","slug":"swieto-sluzby-ochrony-panstwa-udzialem-marszalka-sejmu","status":"publish","type":"post","link":"https:\/\/marekkuchcinski.pl\/sk\/wydarzenia\/swieto-sluzby-ochrony-panstwa-udzialem-marszalka-sejmu\/","title":{"rendered":"Oslava \u0161t\u00e1tnej ochrannej slu\u017eby za \u00fa\u010dasti predsedu Sejmu"},"content":{"rendered":"<p dir=\"ltr\">Chcel som sa v\u00e1m osobne po\u010fakova\u0165, preto\u017ee dnes som jedn\u00fdm z t\u00fdch, ktor\u00fdch ka\u017ed\u00fd de\u0148 chr\u00e1nite. Dobre si uvedomujem, \u017ee je to \u0165a\u017ek\u00e9. Je to \u0165a\u017ek\u00e9 pre v\u00e1s, ktor\u00ed sl\u00fa\u017eite v mojej priamej ochrane, ale je to \u0165a\u017ek\u00e9 aj pre m\u0148a, preto\u017ee nie je \u013eahk\u00e9 by\u0165 neust\u00e1le obklopen\u00fd \u013eu\u010fmi, ktor\u00ed maj\u00fa preh\u013ead o va\u0161om s\u00fakromnom \u017eivote,\" povedal prezident Andrzej Duda po\u010das dne\u0161n\u00fdch osl\u00e1v na Belvederi. V utorok napoludnie sa na sviatku SOP okrem hlavy \u0161t\u00e1tu z\u00fa\u010dastnili aj predseda Sejmu Marek Kuchci\u0144ski, predseda Sen\u00e1tu Stanis\u0142aw Karczewski, minister vn\u00fatra a spr\u00e1vy Joachim Brudzi\u0144ski a \u0161\u00e9f N\u00e1rodn\u00e9ho bezpe\u010dnostn\u00e9ho \u00faradu Pawe\u0142 Soloch. \"V\u0161etko najlep\u0161ie pr\u00edslu\u0161n\u00edkom \u0160t\u00e1tnej ochrannej slu\u017eby. Osobitne pozdravujem cel\u00fd svoj t\u00edm,\" - Marek Kuchci\u0144ski nap\u00edsal na Twitteri.<\/p>\n<p dir=\"ltr\">Po\u010das osl\u00e1v boli udelen\u00e9 \u0161t\u00e1tne vyznamenania - medaily za dlhoro\u010dn\u00fa slu\u017ebu - zasl\u00fa\u017eil\u00fdm d\u00f4stojn\u00edkom, pov\u00fd\u0161enia do vy\u0161\u0161\u00edch hodnost\u00ed. Uskuto\u010dnila sa aj pr\u00edsaha novoprijat\u00fdch d\u00f4stojn\u00edkov.<\/p>\n<p dir=\"ltr\">Joachim Brudzi\u0144ski, \u0161\u00e9f Ministerstva vn\u00fatra a spr\u00e1vy, vo svojom pr\u00edhovore zd\u00f4raznil, \u017ee \"tento de\u0148 sa ur\u010dite zap\u00ed\u0161e do hist\u00f3rie, preto\u017ee po prv\u00fdkr\u00e1t tento sviatok oslavuj\u00fa policajti ako Slu\u017eba \u0161t\u00e1tnej ochrany. - Miesto, kde sme sa stretli, tie\u017e nie je n\u00e1hoda. Bolo a st\u00e1le je s\u00eddlom najd\u00f4le\u017eitej\u0161ej osoby v krajine. Prv\u00e1 skupina novoprijat\u00fdch d\u00f4stojn\u00edkov dnes zlo\u017eila pr\u00edsahu na nov\u00fa z\u00e1stavu. V\u00e1\u017een\u00ed d\u00f4stojn\u00edci, odteraz v\u00e1s bude sprev\u00e1dza\u0165. Je ve\u013emi d\u00f4le\u017eit\u00e9, aby na \u0148om boli slov\u00e1 odkazuj\u00face na slu\u017ebu Po\u013esku: Boh, \u010des\u0165, vlas\u0165 - zd\u00f4raznil minister Brudzi\u0144ski.<\/p>\n<p dir=\"ltr\">Po\u010das osl\u00e1v bol pre\u010d\u00edtan\u00fd list predsedu vl\u00e1dy Mateusza Morawieck\u00e9ho. Premi\u00e9r v \u0148om poznamenal, \u017ee sviatok SOP je v\u00fdnimo\u010dnou udalos\u0165ou, \"ke\u010f\u017ee ho oslavujeme s vedom\u00edm zmien, ktor\u00e9 sa dej\u00fa vo va\u0161ej form\u00e1cii. Ubezpe\u010dujem v\u0161etk\u00fdch zhroma\u017eden\u00fdch o svojej \u00facte a \u00faprimnej spomienke.\"<\/p>\n<p dir=\"ltr\">D\u0148a 1. febru\u00e1ra nadobudol \u00fa\u010dinnos\u0165 z\u00e1kon, ktor\u00fdm sa namiesto vl\u00e1dneho ochrann\u00e9ho \u00faradu zriadila \u0161t\u00e1tna ochrann\u00e1 slu\u017eba. \u00dalohy SOP sa neobmedzuj\u00fa len na ochranu VIP os\u00f4b a najd\u00f4le\u017eitej\u0161\u00edch objektov. Nov\u00e1 slu\u017eba m\u00e1 tie\u017e \u00falohy, ktor\u00e9 zah\u0155\u0148aj\u00fa identifik\u00e1ciu a prevenciu trestn\u00fdch \u010dinov, okrem in\u00e9ho proti Po\u013esku, \u017eivotu alebo zdraviu, verejnej bezpe\u010dnosti, bezpe\u010dnosti v komunik\u00e1cii, verejn\u00e9mu poriadku, \u00fatokom a akt\u00edvnym \u00fatokom namieren\u00fdm proti chr\u00e1nen\u00fdm osob\u00e1m a bezpe\u010dnosti chr\u00e1nen\u00fdch objektov.<\/p>\n<p dir=\"ltr\"><em>text: Sejm\/CIS<\/em><\/p>\n<p dir=\"ltr\"><em>foto: P. Kula<\/em><\/p>\n<p><a href=\"https:\/\/marekkuchcinski.pl\/wp-content\/uploads\/2018\/06\/IMG_9648.jpg\"><img fetchpriority=\"high\" decoding=\"async\" class=\"alignnone size-full wp-image-9679\" src=\"https:\/\/marekkuchcinski.pl\/wp-content\/uploads\/2018\/06\/IMG_9648.jpg\" alt=\"IMG_9648\" width=\"4393\" height=\"2589\" srcset=\"https:\/\/marekkuchcinski.pl\/wp-content\/uploads\/2018\/06\/IMG_9648.jpg 2048w, https:\/\/marekkuchcinski.pl\/wp-content\/uploads\/2018\/06\/IMG_9648-300x177.jpg 300w, https:\/\/marekkuchcinski.pl\/wp-content\/uploads\/2018\/06\/IMG_9648-768x453.jpg 768w, https:\/\/marekkuchcinski.pl\/wp-content\/uploads\/2018\/06\/IMG_9648-1024x603.jpg 1024w\" sizes=\"(max-width: 4393px) 100vw, 4393px\" \/><\/a> <a href=\"https:\/\/marekkuchcinski.pl\/wp-content\/uploads\/2018\/06\/IMG_9651.jpg\"><img decoding=\"async\" class=\"alignnone size-full wp-image-9681\" src=\"https:\/\/marekkuchcinski.pl\/wp-content\/uploads\/2018\/06\/IMG_9651.jpg\" alt=\"IMG_9651\" width=\"4168\" height=\"3068\" srcset=\"https:\/\/marekkuchcinski.pl\/wp-content\/uploads\/2018\/06\/IMG_9651.jpg 2048w, https:\/\/marekkuchcinski.pl\/wp-content\/uploads\/2018\/06\/IMG_9651-300x221.jpg 300w, https:\/\/marekkuchcinski.pl\/wp-content\/uploads\/2018\/06\/IMG_9651-768x565.jpg 768w, https:\/\/marekkuchcinski.pl\/wp-content\/uploads\/2018\/06\/IMG_9651-1024x754.jpg 1024w\" sizes=\"(max-width: 4168px) 100vw, 4168px\" \/><\/a> <a href=\"https:\/\/marekkuchcinski.pl\/wp-content\/uploads\/2018\/06\/KU331837.jpg\"><img decoding=\"async\" class=\"alignnone size-full wp-image-9683\" src=\"https:\/\/marekkuchcinski.pl\/wp-content\/uploads\/2018\/06\/KU331837.jpg\" alt=\"KU331837\" width=\"2736\" height=\"1824\" srcset=\"https:\/\/marekkuchcinski.pl\/wp-content\/uploads\/2018\/06\/KU331837.jpg 2048w, https:\/\/marekkuchcinski.pl\/wp-content\/uploads\/2018\/06\/KU331837-300x200.jpg 300w, https:\/\/marekkuchcinski.pl\/wp-content\/uploads\/2018\/06\/KU331837-768x512.jpg 768w, https:\/\/marekkuchcinski.pl\/wp-content\/uploads\/2018\/06\/KU331837-1024x683.jpg 1024w\" sizes=\"(max-width: 2736px) 100vw, 2736px\" \/><\/a> <a href=\"https:\/\/marekkuchcinski.pl\/wp-content\/uploads\/2018\/06\/KU331847.jpg\"><img loading=\"lazy\" decoding=\"async\" class=\"alignnone size-full wp-image-9684\" src=\"https:\/\/marekkuchcinski.pl\/wp-content\/uploads\/2018\/06\/KU331847.jpg\" alt=\"KU331847\" width=\"2736\" height=\"1824\" srcset=\"https:\/\/marekkuchcinski.pl\/wp-content\/uploads\/2018\/06\/KU331847.jpg 2048w, https:\/\/marekkuchcinski.pl\/wp-content\/uploads\/2018\/06\/KU331847-300x200.jpg 300w, https:\/\/marekkuchcinski.pl\/wp-content\/uploads\/2018\/06\/KU331847-768x512.jpg 768w, https:\/\/marekkuchcinski.pl\/wp-content\/uploads\/2018\/06\/KU331847-1024x683.jpg 1024w\" sizes=\"(max-width: 2736px) 100vw, 2736px\" \/><\/a> <a href=\"https:\/\/marekkuchcinski.pl\/wp-content\/uploads\/2018\/06\/KU331921-1.jpg\"><img loading=\"lazy\" decoding=\"async\" class=\"alignnone size-full wp-image-9685\" src=\"https:\/\/marekkuchcinski.pl\/wp-content\/uploads\/2018\/06\/KU331921-1.jpg\" alt=\"KU331921 (1)\" width=\"2736\" height=\"1824\" srcset=\"https:\/\/marekkuchcinski.pl\/wp-content\/uploads\/2018\/06\/KU331921-1.jpg 2048w, https:\/\/marekkuchcinski.pl\/wp-content\/uploads\/2018\/06\/KU331921-1-300x200.jpg 300w, https:\/\/marekkuchcinski.pl\/wp-content\/uploads\/2018\/06\/KU331921-1-768x512.jpg 768w, https:\/\/marekkuchcinski.pl\/wp-content\/uploads\/2018\/06\/KU331921-1-1024x683.jpg 1024w\" sizes=\"(max-width: 2736px) 100vw, 2736px\" \/><\/a> <a href=\"https:\/\/marekkuchcinski.pl\/wp-content\/uploads\/2018\/06\/KU331962.jpg\"><img loading=\"lazy\" decoding=\"async\" class=\"alignnone size-full wp-image-9688\" src=\"https:\/\/marekkuchcinski.pl\/wp-content\/uploads\/2018\/06\/KU331962.jpg\" alt=\"KU331962\" width=\"2736\" height=\"1824\" srcset=\"https:\/\/marekkuchcinski.pl\/wp-content\/uploads\/2018\/06\/KU331962.jpg 2048w, https:\/\/marekkuchcinski.pl\/wp-content\/uploads\/2018\/06\/KU331962-300x200.jpg 300w, https:\/\/marekkuchcinski.pl\/wp-content\/uploads\/2018\/06\/KU331962-768x512.jpg 768w, https:\/\/marekkuchcinski.pl\/wp-content\/uploads\/2018\/06\/KU331962-1024x683.jpg 1024w\" sizes=\"(max-width: 2736px) 100vw, 2736px\" \/><\/a> <a href=\"https:\/\/marekkuchcinski.pl\/wp-content\/uploads\/2018\/06\/KU332034.jpg\"><img loading=\"lazy\" decoding=\"async\" class=\"alignnone size-full wp-image-9689\" src=\"https:\/\/marekkuchcinski.pl\/wp-content\/uploads\/2018\/06\/KU332034.jpg\" alt=\"KU332034\" width=\"2736\" height=\"1824\" srcset=\"https:\/\/marekkuchcinski.pl\/wp-content\/uploads\/2018\/06\/KU332034.jpg 2048w, https:\/\/marekkuchcinski.pl\/wp-content\/uploads\/2018\/06\/KU332034-300x200.jpg 300w, https:\/\/marekkuchcinski.pl\/wp-content\/uploads\/2018\/06\/KU332034-768x512.jpg 768w, https:\/\/marekkuchcinski.pl\/wp-content\/uploads\/2018\/06\/KU332034-1024x683.jpg 1024w\" sizes=\"(max-width: 2736px) 100vw, 2736px\" \/><\/a> <a href=\"https:\/\/marekkuchcinski.pl\/wp-content\/uploads\/2018\/06\/KU332182.jpg\"><img loading=\"lazy\" decoding=\"async\" class=\"alignnone size-full wp-image-9691\" src=\"https:\/\/marekkuchcinski.pl\/wp-content\/uploads\/2018\/06\/KU332182.jpg\" alt=\"KU332182\" width=\"2736\" height=\"1824\" srcset=\"https:\/\/marekkuchcinski.pl\/wp-content\/uploads\/2018\/06\/KU332182.jpg 2048w, https:\/\/marekkuchcinski.pl\/wp-content\/uploads\/2018\/06\/KU332182-300x200.jpg 300w, https:\/\/marekkuchcinski.pl\/wp-content\/uploads\/2018\/06\/KU332182-768x512.jpg 768w, https:\/\/marekkuchcinski.pl\/wp-content\/uploads\/2018\/06\/KU332182-1024x683.jpg 1024w\" sizes=\"(max-width: 2736px) 100vw, 2736px\" \/><\/a> <a href=\"https:\/\/marekkuchcinski.pl\/wp-content\/uploads\/2018\/06\/KU332339.jpg\"><img loading=\"lazy\" decoding=\"async\" class=\"alignnone size-full wp-image-9694\" src=\"https:\/\/marekkuchcinski.pl\/wp-content\/uploads\/2018\/06\/KU332339.jpg\" alt=\"KU332339\" width=\"2736\" height=\"1824\" srcset=\"https:\/\/marekkuchcinski.pl\/wp-content\/uploads\/2018\/06\/KU332339.jpg 2048w, https:\/\/marekkuchcinski.pl\/wp-content\/uploads\/2018\/06\/KU332339-300x200.jpg 300w, https:\/\/marekkuchcinski.pl\/wp-content\/uploads\/2018\/06\/KU332339-768x512.jpg 768w, https:\/\/marekkuchcinski.pl\/wp-content\/uploads\/2018\/06\/KU332339-1024x683.jpg 1024w\" sizes=\"(max-width: 2736px) 100vw, 2736px\" \/><\/a><\/p>","protected":false},"excerpt":{"rendered":"<p>Chcia\u0142em wam podzi\u0119kowa\u0107 osobi\u015bcie, bo dzisiaj nale\u017c\u0119 do tych, kt\u00f3rzy s\u0105 przez was na co dzie\u0144 ochraniani. Dobrze wiem, \u017ce to trudne. Trudne i dla was, kt\u00f3rzy w tej mojej bezpo\u015bredniej ochronie s\u0142u\u017c\u0105, ale trudne tak\u017ce i dla mnie, bo nie jest to \u0142atwe mie\u0107 ca\u0142y czas w swoim otoczeniu ludzi, kt\u00f3rzy maj\u0105 wgl\u0105d w [&hellip;]<\/p>\n","protected":false},"author":6,"featured_media":9704,"comment_status":"open","ping_status":"open","sticky":false,"template":"","format":"standard","meta":{"ngg_post_thumbnail":0,"footnotes":""},"categories":[77,3],"tags":[],"class_list":["post-9678","post","type-post","status-publish","format-standard","has-post-thumbnail","hentry","category-wazne-daty","category-wydarzenia"],"_links":{"self":[{"href":"https:\/\/marekkuchcinski.pl\/sk\/wp-json\/wp\/v2\/posts\/9678","targetHints":{"allow":["GET"]}}],"collection":[{"href":"https:\/\/marekkuchcinski.pl\/sk\/wp-json\/wp\/v2\/posts"}],"about":[{"href":"https:\/\/marekkuchcinski.pl\/sk\/wp-json\/wp\/v2\/types\/post"}],"author":[{"embeddable":true,"href":"https:\/\/marekkuchcinski.pl\/sk\/wp-json\/wp\/v2\/users\/6"}],"replies":[{"embeddable":true,"href":"https:\/\/marekkuchcinski.pl\/sk\/wp-json\/wp\/v2\/comments?post=9678"}],"version-history":[{"count":2,"href":"https:\/\/marekkuchcinski.pl\/sk\/wp-json\/wp\/v2\/posts\/9678\/revisions"}],"predecessor-version":[{"id":9698,"href":"https:\/\/marekkuchcinski.pl\/sk\/wp-json\/wp\/v2\/posts\/9678\/revisions\/9698"}],"wp:featuredmedia":[{"embeddable":true,"href":"https:\/\/marekkuchcinski.pl\/sk\/wp-json\/wp\/v2\/media\/9704"}],"wp:attachment":[{"href":"https:\/\/marekkuchcinski.pl\/sk\/wp-json\/wp\/v2\/media?parent=9678"}],"wp:term":[{"taxonomy":"category","embeddable":true,"href":"https:\/\/marekkuchcinski.pl\/sk\/wp-json\/wp\/v2\/categories?post=9678"},{"taxonomy":"post_tag","embeddable":true,"href":"https:\/\/marekkuchcinski.pl\/sk\/wp-json\/wp\/v2\/tags?post=9678"}],"curies":[{"name":"wp","href":"https:\/\/api.w.org\/{rel}","templated":true}]}}