{"id":9669,"date":"2018-06-12T12:08:42","date_gmt":"2018-06-12T10:08:42","guid":{"rendered":"https:\/\/marekkuchcinski.pl\/?p=9669"},"modified":"2018-06-14T12:21:29","modified_gmt":"2018-06-14T10:21:29","slug":"spotkanie-marszalka-sejmu-przewodniczacym-izby-poselskiej-czech","status":"publish","type":"post","link":"https:\/\/marekkuchcinski.pl\/sk\/wydarzenia\/spotkanie-marszalka-sejmu-przewodniczacym-izby-poselskiej-czech\/","title":{"rendered":"Stretnutie predsedu Sejmu s predsedom Poslaneckej snemovne Parlamentu \u010ceskej republiky"},"content":{"rendered":"<p>Cie\u013eom stretnutia s predsedom \u010desk\u00e9ho parlamentu Radkom Vondr\u00e1\u010dkom bolo preh\u013abi\u0165 dobr\u00e9 vz\u0165ahy medzi na\u0161imi parlamentmi. Zaviazali sme sa k r\u00fdchlej v\u00fdmene inform\u00e1ci\u00ed a k vypracovaniu spolo\u010dn\u00e9ho stanoviska ku k\u013e\u00fa\u010dov\u00fdm ot\u00e1zkam E\u00da a z\u00e1ujmom Vy\u0161ehradskej skupiny,\" povedal predseda Sejmu Marek Kuchci\u0144ski.<\/p>\n<p>Na stretnut\u00ed sa diskutovalo o spolupr\u00e1ci medzi v\u00fdbormi a skupinami priate\u013estva, o organiz\u00e1cii spolo\u010dn\u00fdch diskusi\u00ed, ako aj o bud\u00facnosti Eur\u00f3pskej \u00fanie, najm\u00e4 o novom rozpo\u010dte a o vz\u0165ahu medzi n\u00e1rodn\u00fdmi parlamentmi a Eur\u00f3pskym parlamentom.<\/p>\n<p><a href=\"https:\/\/marekkuchcinski.pl\/wp-content\/uploads\/2018\/06\/KKB_0072.jpg\"><img fetchpriority=\"high\" decoding=\"async\" class=\"alignnone size-full wp-image-9670\" src=\"https:\/\/marekkuchcinski.pl\/wp-content\/uploads\/2018\/06\/KKB_0072.jpg\" alt=\"KKB_0072\" width=\"1500\" height=\"1000\" srcset=\"https:\/\/marekkuchcinski.pl\/wp-content\/uploads\/2018\/06\/KKB_0072.jpg 1500w, https:\/\/marekkuchcinski.pl\/wp-content\/uploads\/2018\/06\/KKB_0072-300x200.jpg 300w, https:\/\/marekkuchcinski.pl\/wp-content\/uploads\/2018\/06\/KKB_0072-768x512.jpg 768w, https:\/\/marekkuchcinski.pl\/wp-content\/uploads\/2018\/06\/KKB_0072-1024x683.jpg 1024w\" sizes=\"(max-width: 1500px) 100vw, 1500px\" \/><\/a> <a href=\"https:\/\/marekkuchcinski.pl\/wp-content\/uploads\/2018\/06\/KKB_0091.jpg\"><img decoding=\"async\" class=\"alignnone size-full wp-image-9671\" src=\"https:\/\/marekkuchcinski.pl\/wp-content\/uploads\/2018\/06\/KKB_0091.jpg\" alt=\"KKB_0091\" width=\"1000\" height=\"1110\" srcset=\"https:\/\/marekkuchcinski.pl\/wp-content\/uploads\/2018\/06\/KKB_0091.jpg 1000w, https:\/\/marekkuchcinski.pl\/wp-content\/uploads\/2018\/06\/KKB_0091-270x300.jpg 270w, https:\/\/marekkuchcinski.pl\/wp-content\/uploads\/2018\/06\/KKB_0091-768x852.jpg 768w, https:\/\/marekkuchcinski.pl\/wp-content\/uploads\/2018\/06\/KKB_0091-923x1024.jpg 923w\" sizes=\"(max-width: 1000px) 100vw, 1000px\" \/><\/a> <a href=\"https:\/\/marekkuchcinski.pl\/wp-content\/uploads\/2018\/06\/KKB_0105.jpg\"><img decoding=\"async\" class=\"alignnone size-full wp-image-9672\" src=\"https:\/\/marekkuchcinski.pl\/wp-content\/uploads\/2018\/06\/KKB_0105.jpg\" alt=\"KKB_0105\" width=\"1500\" height=\"1000\" srcset=\"https:\/\/marekkuchcinski.pl\/wp-content\/uploads\/2018\/06\/KKB_0105.jpg 1500w, https:\/\/marekkuchcinski.pl\/wp-content\/uploads\/2018\/06\/KKB_0105-300x200.jpg 300w, https:\/\/marekkuchcinski.pl\/wp-content\/uploads\/2018\/06\/KKB_0105-768x512.jpg 768w, https:\/\/marekkuchcinski.pl\/wp-content\/uploads\/2018\/06\/KKB_0105-1024x683.jpg 1024w\" sizes=\"(max-width: 1500px) 100vw, 1500px\" \/><\/a><\/p>","protected":false},"excerpt":{"rendered":"<p>Spotkanie z przewodnicz\u0105cym czeskiego parlamentu Radkiem Vondr\u00e1\u010dkiem\u00a0mia\u0142o na celu pog\u0142\u0119bienie dobrych relacji mi\u0119dzy naszymi parlamentami. Zale\u017cy nam na szybkiej wymianie informacji i wypracowaniu wsp\u00f3lnego stanowiska wobec kluczowych unijnych zagadnie\u0144 oraz interes\u00f3w Grupy Wyszehradzkiej \u2013 powiedzia\u0142 marsza\u0142ek Sejmu Marek Kuchci\u0144ski. Podczas spotkania om\u00f3wiono wsp\u00f3\u0142prac\u0119 pomi\u0119dzy komisjami i grupami przyja\u017ani, organizacj\u0119 wsp\u00f3lnych debat, a tak\u017ce spraw\u0119\u00a0przysz\u0142o\u015bci Unii [&hellip;]<\/p>\n","protected":false},"author":6,"featured_media":9703,"comment_status":"open","ping_status":"open","sticky":false,"template":"","format":"standard","meta":{"ngg_post_thumbnail":0,"footnotes":""},"categories":[81,50,3],"tags":[],"class_list":["post-9669","post","type-post","status-publish","format-standard","has-post-thumbnail","hentry","category-wiesci-z-sejmu","category-wspolpraca-miedzynarodowa","category-wydarzenia"],"_links":{"self":[{"href":"https:\/\/marekkuchcinski.pl\/sk\/wp-json\/wp\/v2\/posts\/9669","targetHints":{"allow":["GET"]}}],"collection":[{"href":"https:\/\/marekkuchcinski.pl\/sk\/wp-json\/wp\/v2\/posts"}],"about":[{"href":"https:\/\/marekkuchcinski.pl\/sk\/wp-json\/wp\/v2\/types\/post"}],"author":[{"embeddable":true,"href":"https:\/\/marekkuchcinski.pl\/sk\/wp-json\/wp\/v2\/users\/6"}],"replies":[{"embeddable":true,"href":"https:\/\/marekkuchcinski.pl\/sk\/wp-json\/wp\/v2\/comments?post=9669"}],"version-history":[{"count":3,"href":"https:\/\/marekkuchcinski.pl\/sk\/wp-json\/wp\/v2\/posts\/9669\/revisions"}],"predecessor-version":[{"id":9701,"href":"https:\/\/marekkuchcinski.pl\/sk\/wp-json\/wp\/v2\/posts\/9669\/revisions\/9701"}],"wp:featuredmedia":[{"embeddable":true,"href":"https:\/\/marekkuchcinski.pl\/sk\/wp-json\/wp\/v2\/media\/9703"}],"wp:attachment":[{"href":"https:\/\/marekkuchcinski.pl\/sk\/wp-json\/wp\/v2\/media?parent=9669"}],"wp:term":[{"taxonomy":"category","embeddable":true,"href":"https:\/\/marekkuchcinski.pl\/sk\/wp-json\/wp\/v2\/categories?post=9669"},{"taxonomy":"post_tag","embeddable":true,"href":"https:\/\/marekkuchcinski.pl\/sk\/wp-json\/wp\/v2\/tags?post=9669"}],"curies":[{"name":"wp","href":"https:\/\/api.w.org\/{rel}","templated":true}]}}