{"id":9650,"date":"2018-06-08T12:39:27","date_gmt":"2018-06-08T10:39:27","guid":{"rendered":"https:\/\/marekkuchcinski.pl\/?p=9650"},"modified":"2018-06-08T12:39:44","modified_gmt":"2018-06-08T10:39:44","slug":"podsumowanie-63-posiedzenia-sejmu","status":"publish","type":"post","link":"https:\/\/marekkuchcinski.pl\/sk\/wydarzenia\/podsumowanie-63-posiedzenia-sejmu\/","title":{"rendered":"Zhrnutie 63. zasadnutia Sejmu"},"content":{"rendered":"<p dir=\"ltr\">Na 63. sch\u00f4dzi Sejm prijal 21 z\u00e1konov. Odmietla tie\u017e<strong>\u00a0hlasovanie o vysloven\u00ed ned\u00f4very \u0161\u00e9fke Soci\u00e1lneho v\u00fdboru Rady ministrov Beate Szyd\u0142o a ministerke pre rodinu, pr\u00e1cu a soci\u00e1lnu politiku El\u017ebete Rafalskej.<\/strong><\/p>\n<p dir=\"ltr\">Nov\u00fd z\u00e1kon o biokomponentoch a biopaliv\u00e1ch stanovuje vytvorenie Fondu pre n\u00edzkoemisn\u00fa dopravu (LETF) a zavedenie poplatku za emisie na financovanie\u00a0<u><strong>projekty t\u00fdkaj\u00face sa okrem in\u00e9ho rozvoja elektromobility v Po\u013esku<\/strong><\/u>. Finan\u010dn\u00e9 prostriedky z poplatku maj\u00fa \u00eds\u0165 do N\u00e1rodn\u00e9ho fondu na ochranu \u017eivotn\u00e9ho prostredia a vodn\u00e9ho hospod\u00e1rstva v 85 % a v 15 %. - do FNT.\u00a0<u><strong>Z\u00e1kon tie\u017e umo\u017en\u00ed miestnym samospr\u00e1vam vytvori\u0165 v mest\u00e1ch z\u00f3ny \u010distej dopravy<\/strong><\/u>do ktor\u00fdch sa m\u00f4\u017ee obmedzi\u0165 vjazd vozidiel s konven\u010dn\u00fdm pohonom.<\/p>\n<p dir=\"ltr\">Sejm zmenil a doplnil n\u00e1vrh z\u00e1kona o odv\u00e1dzan\u00ed vody z Vislianskej kose, ktor\u00fd bol upraven\u00fd pod\u013ea platn\u00fdch ustanoven\u00ed vodn\u00e9ho z\u00e1kona. Pod\u013ea zmien s\u00fa za vyd\u00e1vanie povolen\u00ed a vodopr\u00e1vnych povolen\u00ed zodpovedn\u00e9 po\u013esk\u00e9 vodohospod\u00e1rske \u00farady, a nie mar\u0161ali vojvodstiev.\u00a0<strong><u>V meste Nowy \u015awiat bude vykopan\u00e1 Viselsk\u00e1 kosa, aby mohli do pr\u00edstavu Elbl\u0105g vpl\u00e1va\u0165 lode s ponorom do 4 metrov.<\/u>.<\/strong>\u00a0Kan\u00e1lom bud\u00fa m\u00f4c\u0165 prepl\u00e1va\u0165 lode dlh\u00e9 100 metrov a \u0161irok\u00e9 20 metrov.<\/p>\n<p dir=\"ltr\">Poslanci hlasovali za novelu z\u00e1kona o verejn\u00fdch financi\u00e1ch, ktor\u00e1 zlep\u0161uje<strong>\u00a0<u>zos\u00faladenie po\u013esk\u00e9ho pr\u00e1va s finan\u010dnou smernicou E\u00da z roku 2011<\/u><\/strong><u>.<\/u>\u00a0V s\u00falade s po\u017eiadavkami smernice n\u00e1vrh z\u00e1kona okrem in\u00e9ho uklad\u00e1 povinnos\u0165 uv\u00e1dza\u0165 v d\u00f4vodovej spr\u00e1ve k n\u00e1vrhu z\u00e1kona o \u0161t\u00e1tnom rozpo\u010dte \u00fadaje o salde a dlhu verejnej spr\u00e1vy pod\u013ea metodiky, ktor\u00fa pou\u017e\u00edvaj\u00fa \u010dlensk\u00e9 \u0161t\u00e1ty E\u00da pri vykazovan\u00ed \u0161tatistick\u00fdch \u00fadajov Eur\u00f3pskej komisii a Eur\u00f3pskemu \u0161tatistick\u00e9mu \u00faradu.<\/p>\n<p dir=\"ltr\">Zmeny a doplnenia z\u00e1kona o verejnoprospe\u0161nej \u010dinnosti a dobrovo\u013en\u00edctve, ktor\u00e9 schv\u00e1lili poslanci\u00a0<strong><u>sa zvy\u0161uje z 50 % na 80 %.<\/u>.<\/strong>\u00a0mo\u017en\u00fa hodnotu poskytnutej dot\u00e1cie. Pod\u013ea n\u00e1zoru Rady ministrov zaveden\u00e9 rie\u0161enie umo\u017en\u00ed zlep\u0161i\u0165 plnenie \u00faloh d\u00f4le\u017eit\u00fdch z d\u00f4vodu<strong>\u00a0<u>v d\u00f4le\u017eitom verejnom z\u00e1ujme, d\u00f4le\u017eitom spolo\u010denskom z\u00e1ujme alebo v z\u00e1ujme ochrany \u013eudsk\u00e9ho \u017eivota alebo zdravia<\/u>.<\/strong><\/p>\n<p dir=\"ltr\">Sejm schv\u00e1lil novelu z\u00e1kona o cestnej doprave, ktorou sa po\u013esk\u00e9 pr\u00e1vo prisp\u00f4sobuje predpisom E\u00da. Zmena a doplnenie stanovuje<u>\u00a0<strong>lep\u0161\u00ed doh\u013ead nad po\u013esk\u00fdm trhom n\u00e1kladnej dopravy a odstr\u00e1nenie nekalej konkurencie medzi dopravcami a v\u00e4\u010d\u0161ia ochrana vn\u00fatorn\u00e9ho trhu pred nekalou konkurenciou zo strany dopravcov mimo E\u00da<\/strong><\/u>. Predlo\u017een\u00e9 n\u00e1vrhy zos\u00fala\u010fuj\u00fa po\u013esk\u00e9 pr\u00e1vo s rie\u0161eniami E\u00da.<\/p>\n<p dir=\"ltr\"><u><strong>Povolenie n\u00e1rokova\u0165 si vlastn\u00edctvo na obydlia postaven\u00e9 pred rokom 1995.<\/strong><\/u>Novela z\u00e1kona o vlastn\u00edctve bytov, ktor\u00fa schv\u00e1lil Sejm, tak\u00fato mo\u017enos\u0165 stanovuje. Cie\u013eom zaveden\u00fdch zmien je odstr\u00e1ni\u0165 pr\u00e1vnu medzeru, ktor\u00e1 vznikla po nadobudnut\u00ed \u00fa\u010dinnosti z\u00e1kona o n\u00e1rodnom majetku.<\/p>\n<p dir=\"ltr\">Nov\u00fd z\u00e1kon o\u00a0<strong><u>tachografy pou\u017e\u00edvan\u00e9 v cestnej doprave s cie\u013eom zlep\u0161i\u0165 bezpe\u010dnos\u0165 syst\u00e9mu, zv\u00fd\u0161i\u0165 \u00fa\u010dinnos\u0165 jeho kontroly a presadzovanie soci\u00e1lnych pr\u00e1vnych predpisov v cestnej doprave<\/u>.<\/strong>\u00a0Cie\u013eom z\u00e1kona je tie\u017e zv\u00fd\u0161i\u0165 bezpe\u010dnos\u0165 syst\u00e9mu tachografov obmedzen\u00edm manipul\u00e1cie s \u00fadajmi zaznamenan\u00fdmi zariaden\u00edm a zv\u00fd\u0161i\u0165 spo\u013eahlivos\u0165 dieln\u00ed vykon\u00e1vaj\u00facich in\u0161tal\u00e1cie, opravy, kontroly a in\u0161pekcie tachografov.<\/p>\n<p dir=\"ltr\">Zmena a doplnenie z\u00e1kona o<strong>\u00a0<u>invest\u00edcie do plynov\u00e9ho pr\u00edstavu \u015awinouj\u015bcie<\/u><\/strong>ktor\u00fd Parlament v stredu schv\u00e1lil, m\u00e1 za cie\u013e\u00a0<u><strong>zlep\u0161enie rozvoja plynov\u00e9ho pr\u00edstavu a prepojenie Po\u013eska s plynov\u00fdmi po\u013eami na n\u00f3rskom kontinent\u00e1lnom \u0161elfe.<\/strong><\/u>. Zaveden\u00e9 zmeny s\u00favisia s pl\u00e1nmi na roz\u0161\u00edrenie termin\u00e1lu \u015awinouj\u015bcie, ako aj s v\u00fdstavbou prenosov\u00fdch prvkov v Po\u013esku a plynovodu Baltic Pipe.<\/p>\n<p dir=\"ltr\">Poslanci prijali novelu z\u00e1kona o obnovite\u013en\u00fdch zdrojoch energie. Jej cie\u013eom je zabezpe\u010di\u0165 \u00fapln\u00fd s\u00falad z\u00e1kona z 20. febru\u00e1ra 2015 s pravidlami o \u0161t\u00e1tnej pomoci, ku ktor\u00fdm sa po\u013esk\u00e1 strana zaviazala Eur\u00f3pskej komisii. O\u010dak\u00e1va sa, \u017ee z\u00e1kon prispeje k\u00a0<u><strong>efekt\u00edvne vyu\u017e\u00edvanie obnovite\u013en\u00fdch zdrojov energie (OZE), ako aj zv\u00fd\u0161en\u00e9 vyu\u017e\u00edvanie ved\u013eaj\u0161\u00edch produktov z po\u013enohospod\u00e1rstva a priemyslu vyu\u017e\u00edvaj\u00faceho po\u013enohospod\u00e1rske suroviny na energetick\u00e9 \u00fa\u010dely.<\/strong><\/u><\/p>\n<p dir=\"ltr\">Sejm novelizoval z\u00e1kon o liekoch, ktor\u00e9ho cie\u013eom je lep\u0161ie chr\u00e1ni\u0165 verejn\u00e9 zdravie posilnen\u00edm syst\u00e9mu doh\u013eadu nad v\u00fdrobou liekov a obchodovan\u00edm s nimi,\u00a0<strong><u>obmedzi\u0165 v\u00fdvoz liekov do zahrani\u010dia s cie\u013eom zv\u00fd\u0161i\u0165 ich dostupnos\u0165 pre pacientov v Po\u013esku<\/u>\u00a0<\/strong>a lep\u0161\u00ed pr\u00edstup k nov\u00fdm lie\u010debn\u00fdm postupom.<\/p>\n<p dir=\"ltr\">Poslanci tie\u017e novelizovali z\u00e1kon o N\u00e1rodnom in\u0161tit\u00fate slobody - Centre pre rozvoj ob\u010dianskej spolo\u010dnosti, ktor\u00fd poskytne finan\u010dn\u00e9 prostriedky na syst\u00e9mov\u00e9 a organiza\u010dn\u00e9 zmeny in\u0161tit\u00fatu, ako aj umo\u017en\u00ed \u00fapravu budovy pre jeho s\u00eddlo.<\/p>\n<p dir=\"ltr\">Sejm dal s\u00fahlas na ratifik\u00e1ciu Zmluvy medzi Po\u013eskou republikou a Tureckou republikou o soci\u00e1lnom zabezpe\u010den\u00ed prezidentom. Cie\u013eom dohody je vyrie\u0161i\u0165 v\u00fdznamn\u00e9 probl\u00e9my ob\u010danov oboch kraj\u00edn v oblasti soci\u00e1lneho zabezpe\u010denia, ako aj vytvori\u0165 lep\u0161ie podmienky pre rozvoj po\u013esko-tureckej hospod\u00e1rskej spolupr\u00e1ce. Parlament tie\u017e s\u00fahlasil s ratifik\u00e1ciou Dohody o spolupr\u00e1ci v oblasti partnerstva a rozvoja medzi Eur\u00f3pskou \u00faniou a Afganskou islamskou republikou zo strany prezidenta. Sejm tie\u017e dal s\u00fahlas prezidentovi s ratifik\u00e1ciou Komplexnej a posilnenej dohody o partnerstve medzi Eur\u00f3pskou \u00faniou a Eur\u00f3pskym spolo\u010denstvom pre at\u00f3mov\u00fa energiu a Arm\u00e9nskou republikou. Cie\u013eom dohody je posilni\u0165 politick\u00fa a obchodn\u00fa spolupr\u00e1cu medzi E\u00da a Jerevanom.<\/p>\n<p dir=\"ltr\">Z\u00e1kon o odboroch bol zmenen\u00fd a doplnen\u00fd. Cie\u013eom z\u00e1kona je okrem in\u00e9ho implementova\u0165 rozsudok \u00dastavn\u00e9ho s\u00fadu z 2. j\u00fana 2015 roz\u0161\u00edren\u00edm subjekt\u00edvneho rozsahu pr\u00e1va zaklada\u0165 odbory a vstupova\u0165 do nich.\u00a0<u><strong>Novela zav\u00e1dza tzv. odborov\u00fa koal\u00edciu, t. j. mo\u017enos\u0165 zaklada\u0165 odborov\u00e9 organiz\u00e1cie a vstupova\u0165 do nich, ktor\u00e1 bude dostupn\u00e1 \"zamestnancom a osob\u00e1m vykon\u00e1vaj\u00facim z\u00e1robkov\u00fa \u010dinnos\u0165 na z\u00e1klade in\u00e9ho ako pracovn\u00e9ho pomeru\". T\u00fdka sa to najm\u00e4 os\u00f4b vykon\u00e1vaj\u00facich pr\u00e1cu na z\u00e1klade ob\u010dianskopr\u00e1vnych zml\u00fav.<\/strong><\/u><\/p>\n<p dir=\"ltr\">Sejm prijal z\u00e1kon o dedi\u010dskom riaden\u00ed podniku fyzickej osoby.\u00a0<u><strong>Z\u00e1kon umo\u017en\u00ed \u017eivnostn\u00edkom bezprobl\u00e9mov\u00e9 fungovanie aj po smrti ich majite\u013eov<\/strong><\/u>. Jednoosobov\u00e1 spolo\u010dnos\u0165 je najob\u013e\u00fabenej\u0161ou formou podnikania - tak\u00e9to subjekty tvoria pribli\u017ene 80 % po\u013esk\u00fdch podnikate\u013eov.<\/p>\n<p dir=\"ltr\">Sejm vyjadril s\u00fahlas s ratifik\u00e1ciou dohody o zriaden\u00ed Eur\u00f3pskeho laborat\u00f3ria molekul\u00e1rnej biol\u00f3gie prezidentom, ktor\u00e1 umo\u017en\u00ed po\u013esk\u00fdm vedcom plne vyu\u017e\u00edva\u0165 v\u00fdskumn\u00fa infra\u0161trukt\u00faru EMBL. Napr\u00edklad zamestnanie v r\u00e1mci \u0161trukt\u00far tejto organiz\u00e1cie.<\/p>\n<p dir=\"ltr\">Parlament v bloku hlasovan\u00ed prijal bal\u00edk z\u00e1konov t\u00fdkaj\u00facich sa jednostrann\u00e9ho vypovedania doh\u00f4d o podpore a vz\u00e1jomnej ochrane invest\u00edci\u00ed medzi Po\u013eskou republikou a Gr\u00e9cka republika, \u0160panielske kr\u00e1\u013eovstvo, vl\u00e1da F\u00ednskej republiky, Spolkov\u00e1 republika Nemecko, vl\u00e1da Bulharskej republiky, vl\u00e1da Spojen\u00e9ho kr\u00e1\u013eovstva Ve\u013ekej Brit\u00e1nie a Severn\u00e9ho \u00cdrska, Rak\u00faska republika, Litovsk\u00e1 republika, Chorv\u00e1tska republika, Ma\u010farsk\u00e1 republika, vl\u00e1da \u0160v\u00e9dskeho kr\u00e1\u013eovstva a vl\u00e1da Loty\u0161skej republiky. Eur\u00f3pska komisia napadla existuj\u00face dohody z d\u00f4vodu ich nezlu\u010dite\u013enosti s pr\u00e1vom E\u00da.<\/p>\n<p dir=\"ltr\">Sejm prijal aklam\u00e1ciou uznesenie k 200. v\u00fdro\u010diu \u00famrtia\u00a0<u><strong>Gener\u00e1l Jan Henryk D\u0105browski, v\u00fdznamn\u00fd vojensk\u00fd velite\u013e. Bol zakladate\u013eom po\u013esk\u00fdch l\u00e9gi\u00ed v Taliansku, \u00fa\u010dastn\u00edkom Ko\u015bciuszkovho povstania a gener\u00e1lom arm\u00e1dy Var\u0161avsk\u00e9ho vojvodstva.<\/strong><\/u>. Zomrel 6. j\u00fana 1818 vo Winnej G\u00f3re. Ako zd\u00f4raznili autori n\u00e1vrhu rezol\u00facie, z\u00e1sluhy gener\u00e1la Dabrowsk\u00e9ho ako zakladate\u013ea l\u00e9gi\u00ed \"sp\u00f4sobili n\u00e1vrat po\u013eskej veci na medzin\u00e1rodn\u00fa sc\u00e9nu. Pripomenuli tie\u017e, \u017ee \"Piese\u0148 po\u013esk\u00fdch l\u00e9gi\u00ed v Taliansku\", ktor\u00fa zlo\u017eil J\u00f3zef Wybicki - Mazurka Dabrowsk\u00e9ho - \"sa po znovuz\u00edskan\u00ed nez\u00e1vislosti stala n\u00e1rodnou hymnou\".<\/p>\n<p dir=\"ltr\">Poslanci schv\u00e1lili\u00a0<u><strong>uznesenie o bud\u00facej podobe politiky s\u00fadr\u017enosti E\u00da<\/strong><\/u>. V dokumente sa zd\u00f4raz\u0148uje, \u017ee ide o k\u013e\u00fa\u010dov\u00fa investi\u010dn\u00fa politiku \u00danie, ktor\u00e1 by mala tvori\u0165 v\u00fdznamn\u00fa \u010das\u0165 rozpo\u010dtu \u00danie a pokr\u00fdva\u0165 v\u0161etky regi\u00f3ny.\u00a0<u><strong>Provincie s najni\u017e\u0161ou \u00farov\u0148ou rozvoja by mali dosta\u0165 primeran\u00fa podporu a HDP by mal zosta\u0165 z\u00e1kladn\u00fdm ukazovate\u013eom pre rozde\u013eovanie finan\u010dn\u00fdch prostriedkov. V uznesen\u00ed Sejm vyjadruje presved\u010denie, \u017ee rozpo\u010det E\u00da by mal by\u0165 zostaven\u00fd tak, aby nevytv\u00e1ral viacr\u00fdchlostn\u00fa Eur\u00f3pu.<\/strong><\/u><\/p>\n<p dir=\"ltr\"><em>text: Kancel\u00e1ria Sejmu\/ CIS<\/em><\/p>\n<p dir=\"ltr\"><em>Foto: K. Bia\u0142osk\u00f3rski, R. Zambrzycki\/ Sejm<\/em><\/p>\n<p dir=\"ltr\"><img fetchpriority=\"high\" decoding=\"async\" class=\"alignnone size-full wp-image-9651\" src=\"https:\/\/marekkuchcinski.pl\/wp-content\/uploads\/2018\/06\/63-posie.jpg\" alt=\"63 posie\" width=\"3360\" height=\"2240\" srcset=\"https:\/\/marekkuchcinski.pl\/wp-content\/uploads\/2018\/06\/63-posie.jpg 2048w, https:\/\/marekkuchcinski.pl\/wp-content\/uploads\/2018\/06\/63-posie-300x200.jpg 300w, https:\/\/marekkuchcinski.pl\/wp-content\/uploads\/2018\/06\/63-posie-768x512.jpg 768w, https:\/\/marekkuchcinski.pl\/wp-content\/uploads\/2018\/06\/63-posie-1024x683.jpg 1024w\" sizes=\"(max-width: 3360px) 100vw, 3360px\" \/> <img decoding=\"async\" class=\"alignnone size-full wp-image-9652\" src=\"https:\/\/marekkuchcinski.pl\/wp-content\/uploads\/2018\/06\/63-poooo.jpg\" alt=\"63 poooo\" width=\"3360\" height=\"2240\" srcset=\"https:\/\/marekkuchcinski.pl\/wp-content\/uploads\/2018\/06\/63-poooo.jpg 2048w, https:\/\/marekkuchcinski.pl\/wp-content\/uploads\/2018\/06\/63-poooo-300x200.jpg 300w, https:\/\/marekkuchcinski.pl\/wp-content\/uploads\/2018\/06\/63-poooo-768x512.jpg 768w, https:\/\/marekkuchcinski.pl\/wp-content\/uploads\/2018\/06\/63-poooo-1024x683.jpg 1024w\" sizes=\"(max-width: 3360px) 100vw, 3360px\" \/> <img decoding=\"async\" class=\"alignnone size-full wp-image-9653\" src=\"https:\/\/marekkuchcinski.pl\/wp-content\/uploads\/2018\/06\/63-poo.jpg\" alt=\"63 poo\" width=\"3360\" height=\"2240\" srcset=\"https:\/\/marekkuchcinski.pl\/wp-content\/uploads\/2018\/06\/63-poo.jpg 2048w, https:\/\/marekkuchcinski.pl\/wp-content\/uploads\/2018\/06\/63-poo-300x200.jpg 300w, https:\/\/marekkuchcinski.pl\/wp-content\/uploads\/2018\/06\/63-poo-768x512.jpg 768w, https:\/\/marekkuchcinski.pl\/wp-content\/uploads\/2018\/06\/63-poo-1024x683.jpg 1024w\" sizes=\"(max-width: 3360px) 100vw, 3360px\" \/> <img loading=\"lazy\" decoding=\"async\" class=\"alignnone size-full wp-image-9654\" src=\"https:\/\/marekkuchcinski.pl\/wp-content\/uploads\/2018\/06\/63-pse.jpg\" alt=\"63 pse\" width=\"2880\" height=\"1920\" srcset=\"https:\/\/marekkuchcinski.pl\/wp-content\/uploads\/2018\/06\/63-pse.jpg 2048w, https:\/\/marekkuchcinski.pl\/wp-content\/uploads\/2018\/06\/63-pse-300x200.jpg 300w, https:\/\/marekkuchcinski.pl\/wp-content\/uploads\/2018\/06\/63-pse-768x512.jpg 768w, https:\/\/marekkuchcinski.pl\/wp-content\/uploads\/2018\/06\/63-pse-1024x683.jpg 1024w\" sizes=\"(max-width: 2880px) 100vw, 2880px\" \/><\/p>","protected":false},"excerpt":{"rendered":"<p>W czasie 63. posiedzenia Sejm przyj\u0105\u0142 21 ustaw. Odrzuci\u0142 tak\u017ce\u00a0wotum nieufno\u015bci wobec szefowej Komitetu Spo\u0142ecznego Rady Ministr\u00f3w Beaty Szyd\u0142o i minister rodziny, pracy i polityki spo\u0142ecznej\u00a0El\u017cbiety Rafalskiej. Nowe prawo dot. biokomponent\u00f3w i biopaliw zak\u0142ada stworzenie Funduszu Niskoemisyjnego Transportu (FNT) oraz wprowadzenie op\u0142aty emisyjnej, z kt\u00f3rej finansowane maj\u0105 by\u0107\u00a0projekty zwi\u0105zane m.in. z rozwojem elektromobilno\u015bci w Polsce. [&hellip;]<\/p>","protected":false},"author":6,"featured_media":9651,"comment_status":"open","ping_status":"open","sticky":false,"template":"","format":"standard","meta":{"ngg_post_thumbnail":0,"footnotes":""},"categories":[81,3],"tags":[],"class_list":["post-9650","post","type-post","status-publish","format-standard","has-post-thumbnail","hentry","category-wiesci-z-sejmu","category-wydarzenia"],"yoast_head":"<!-- This site is optimized with the Yoast SEO plugin v24.7 - https:\/\/yoast.com\/wordpress\/plugins\/seo\/ -->\n<title>Podsumowanie 63. posiedzenia Sejmu &#8211; Marek Kuchci\u0144ski<\/title>\n<meta name=\"robots\" content=\"index, follow, max-snippet:-1, max-image-preview:large, max-video-preview:-1\" \/>\n<link rel=\"canonical\" href=\"https:\/\/marekkuchcinski.pl\/sk\/wydarzenia\/podsumowanie-63-posiedzenia-sejmu\/\" \/>\n<meta property=\"og:locale\" content=\"sk_SK\" \/>\n<meta property=\"og:type\" content=\"article\" \/>\n<meta property=\"og:title\" content=\"Podsumowanie 63. posiedzenia Sejmu &#8211; Marek Kuchci\u0144ski\" \/>\n<meta property=\"og:description\" content=\"W czasie 63. posiedzenia Sejm przyj\u0105\u0142 21 ustaw. Odrzuci\u0142 tak\u017ce\u00a0wotum nieufno\u015bci wobec szefowej Komitetu Spo\u0142ecznego Rady Ministr\u00f3w Beaty Szyd\u0142o i minister rodziny, pracy i polityki spo\u0142ecznej\u00a0El\u017cbiety Rafalskiej. Nowe prawo dot. biokomponent\u00f3w i biopaliw zak\u0142ada stworzenie Funduszu Niskoemisyjnego Transportu (FNT) oraz wprowadzenie op\u0142aty emisyjnej, z kt\u00f3rej finansowane maj\u0105 by\u0107\u00a0projekty zwi\u0105zane m.in. z rozwojem elektromobilno\u015bci w Polsce. [&hellip;]\" \/>\n<meta property=\"og:url\" content=\"https:\/\/marekkuchcinski.pl\/sk\/wydarzenia\/podsumowanie-63-posiedzenia-sejmu\/\" \/>\n<meta property=\"og:site_name\" content=\"Marek Kuchci\u0144ski\" \/>\n<meta property=\"article:published_time\" content=\"2018-06-08T10:39:27+00:00\" \/>\n<meta property=\"article:modified_time\" content=\"2018-06-08T10:39:44+00:00\" \/>\n<meta property=\"og:image\" content=\"https:\/\/marekkuchcinski.pl\/wp-content\/uploads\/2018\/06\/63-posie.jpg\" \/>\n\t<meta property=\"og:image:width\" content=\"2048\" \/>\n\t<meta property=\"og:image:height\" content=\"1365\" \/>\n\t<meta property=\"og:image:type\" content=\"image\/jpeg\" \/>\n<meta name=\"author\" content=\"admin\" \/>\n<meta name=\"twitter:card\" content=\"summary_large_image\" \/>\n<meta name=\"twitter:label1\" content=\"Autor\" \/>\n\t<meta name=\"twitter:data1\" content=\"admin\" \/>\n\t<meta name=\"twitter:label2\" content=\"Predpokladan\u00fd \u010das \u010d\u00edtania\" \/>\n\t<meta name=\"twitter:data2\" content=\"7 min\u00fat\" \/>\n<script type=\"application\/ld+json\" class=\"yoast-schema-graph\">{\"@context\":\"https:\/\/schema.org\",\"@graph\":[{\"@type\":\"Article\",\"@id\":\"https:\/\/marekkuchcinski.pl\/uk\/wydarzenia\/podsumowanie-63-posiedzenia-sejmu\/#article\",\"isPartOf\":{\"@id\":\"https:\/\/marekkuchcinski.pl\/uk\/wydarzenia\/podsumowanie-63-posiedzenia-sejmu\/\"},\"author\":{\"name\":\"admin\",\"@id\":\"https:\/\/marekkuchcinski.pl\/#\/schema\/person\/6f62700996b4d950b6ea2d1183b6c6be\"},\"headline\":\"Podsumowanie 63. posiedzenia Sejmu\",\"datePublished\":\"2018-06-08T10:39:27+00:00\",\"dateModified\":\"2018-06-08T10:39:44+00:00\",\"mainEntityOfPage\":{\"@id\":\"https:\/\/marekkuchcinski.pl\/uk\/wydarzenia\/podsumowanie-63-posiedzenia-sejmu\/\"},\"wordCount\":1360,\"commentCount\":0,\"publisher\":{\"@id\":\"https:\/\/marekkuchcinski.pl\/#organization\"},\"image\":{\"@id\":\"https:\/\/marekkuchcinski.pl\/uk\/wydarzenia\/podsumowanie-63-posiedzenia-sejmu\/#primaryimage\"},\"thumbnailUrl\":\"https:\/\/marekkuchcinski.pl\/wp-content\/uploads\/2018\/06\/63-posie.jpg\",\"articleSection\":[\"Wie\u015bci z Sejmu\",\"Wydarzenia\"],\"inLanguage\":\"sk-SK\",\"potentialAction\":[{\"@type\":\"CommentAction\",\"name\":\"Comment\",\"target\":[\"https:\/\/marekkuchcinski.pl\/uk\/wydarzenia\/podsumowanie-63-posiedzenia-sejmu\/#respond\"]}]},{\"@type\":\"WebPage\",\"@id\":\"https:\/\/marekkuchcinski.pl\/uk\/wydarzenia\/podsumowanie-63-posiedzenia-sejmu\/\",\"url\":\"https:\/\/marekkuchcinski.pl\/uk\/wydarzenia\/podsumowanie-63-posiedzenia-sejmu\/\",\"name\":\"Podsumowanie 63. posiedzenia Sejmu &#8211; Marek Kuchci\u0144ski\",\"isPartOf\":{\"@id\":\"https:\/\/marekkuchcinski.pl\/#website\"},\"primaryImageOfPage\":{\"@id\":\"https:\/\/marekkuchcinski.pl\/uk\/wydarzenia\/podsumowanie-63-posiedzenia-sejmu\/#primaryimage\"},\"image\":{\"@id\":\"https:\/\/marekkuchcinski.pl\/uk\/wydarzenia\/podsumowanie-63-posiedzenia-sejmu\/#primaryimage\"},\"thumbnailUrl\":\"https:\/\/marekkuchcinski.pl\/wp-content\/uploads\/2018\/06\/63-posie.jpg\",\"datePublished\":\"2018-06-08T10:39:27+00:00\",\"dateModified\":\"2018-06-08T10:39:44+00:00\",\"breadcrumb\":{\"@id\":\"https:\/\/marekkuchcinski.pl\/uk\/wydarzenia\/podsumowanie-63-posiedzenia-sejmu\/#breadcrumb\"},\"inLanguage\":\"sk-SK\",\"potentialAction\":[{\"@type\":\"ReadAction\",\"target\":[\"https:\/\/marekkuchcinski.pl\/uk\/wydarzenia\/podsumowanie-63-posiedzenia-sejmu\/\"]}]},{\"@type\":\"ImageObject\",\"inLanguage\":\"sk-SK\",\"@id\":\"https:\/\/marekkuchcinski.pl\/uk\/wydarzenia\/podsumowanie-63-posiedzenia-sejmu\/#primaryimage\",\"url\":\"https:\/\/marekkuchcinski.pl\/wp-content\/uploads\/2018\/06\/63-posie.jpg\",\"contentUrl\":\"https:\/\/marekkuchcinski.pl\/wp-content\/uploads\/2018\/06\/63-posie.jpg\",\"width\":2048,\"height\":1365},{\"@type\":\"BreadcrumbList\",\"@id\":\"https:\/\/marekkuchcinski.pl\/uk\/wydarzenia\/podsumowanie-63-posiedzenia-sejmu\/#breadcrumb\",\"itemListElement\":[{\"@type\":\"ListItem\",\"position\":1,\"name\":\"Strona g\u0142\u00f3wna\",\"item\":\"https:\/\/marekkuchcinski.pl\/\"},{\"@type\":\"ListItem\",\"position\":2,\"name\":\"Podsumowanie 63. posiedzenia Sejmu\"}]},{\"@type\":\"WebSite\",\"@id\":\"https:\/\/marekkuchcinski.pl\/#website\",\"url\":\"https:\/\/marekkuchcinski.pl\/\",\"name\":\"Marek Kuchci\u0144ski\",\"description\":\"Pose\u0142 na sejm RP &ndash; okr\u0119g nr 22\",\"publisher\":{\"@id\":\"https:\/\/marekkuchcinski.pl\/#organization\"},\"potentialAction\":[{\"@type\":\"SearchAction\",\"target\":{\"@type\":\"EntryPoint\",\"urlTemplate\":\"https:\/\/marekkuchcinski.pl\/?s={search_term_string}\"},\"query-input\":{\"@type\":\"PropertyValueSpecification\",\"valueRequired\":true,\"valueName\":\"search_term_string\"}}],\"inLanguage\":\"sk-SK\"},{\"@type\":\"Organization\",\"@id\":\"https:\/\/marekkuchcinski.pl\/#organization\",\"name\":\"Marek Kuchci\u0144ski\",\"url\":\"https:\/\/marekkuchcinski.pl\/\",\"logo\":{\"@type\":\"ImageObject\",\"inLanguage\":\"sk-SK\",\"@id\":\"https:\/\/marekkuchcinski.pl\/#\/schema\/logo\/image\/\",\"url\":\"https:\/\/marekkuchcinski.pl\/wp-content\/uploads\/2022\/09\/Marek.jpg\",\"contentUrl\":\"https:\/\/marekkuchcinski.pl\/wp-content\/uploads\/2022\/09\/Marek.jpg\",\"width\":1600,\"height\":971,\"caption\":\"Marek Kuchci\u0144ski\"},\"image\":{\"@id\":\"https:\/\/marekkuchcinski.pl\/#\/schema\/logo\/image\/\"}},{\"@type\":\"Person\",\"@id\":\"https:\/\/marekkuchcinski.pl\/#\/schema\/person\/6f62700996b4d950b6ea2d1183b6c6be\",\"name\":\"admin\",\"image\":{\"@type\":\"ImageObject\",\"inLanguage\":\"sk-SK\",\"@id\":\"https:\/\/marekkuchcinski.pl\/#\/schema\/person\/image\/\",\"url\":\"https:\/\/secure.gravatar.com\/avatar\/4bab693b9d55c3d6b52c0296a8765085?s=96&d=mm&r=g\",\"contentUrl\":\"https:\/\/secure.gravatar.com\/avatar\/4bab693b9d55c3d6b52c0296a8765085?s=96&d=mm&r=g\",\"caption\":\"admin\"},\"url\":\"https:\/\/marekkuchcinski.pl\/sk\/author\/marta-olejnik\/\"}]}<\/script>\n<!-- \/ Yoast SEO plugin. -->","yoast_head_json":{"title":"Podsumowanie 63. posiedzenia Sejmu &#8211; Marek Kuchci\u0144ski","robots":{"index":"index","follow":"follow","max-snippet":"max-snippet:-1","max-image-preview":"max-image-preview:large","max-video-preview":"max-video-preview:-1"},"canonical":"https:\/\/marekkuchcinski.pl\/sk\/wydarzenia\/podsumowanie-63-posiedzenia-sejmu\/","og_locale":"sk_SK","og_type":"article","og_title":"Podsumowanie 63. posiedzenia Sejmu &#8211; Marek Kuchci\u0144ski","og_description":"W czasie 63. posiedzenia Sejm przyj\u0105\u0142 21 ustaw. Odrzuci\u0142 tak\u017ce\u00a0wotum nieufno\u015bci wobec szefowej Komitetu Spo\u0142ecznego Rady Ministr\u00f3w Beaty Szyd\u0142o i minister rodziny, pracy i polityki spo\u0142ecznej\u00a0El\u017cbiety Rafalskiej. Nowe prawo dot. biokomponent\u00f3w i biopaliw zak\u0142ada stworzenie Funduszu Niskoemisyjnego Transportu (FNT) oraz wprowadzenie op\u0142aty emisyjnej, z kt\u00f3rej finansowane maj\u0105 by\u0107\u00a0projekty zwi\u0105zane m.in. z rozwojem elektromobilno\u015bci w Polsce. [&hellip;]","og_url":"https:\/\/marekkuchcinski.pl\/sk\/wydarzenia\/podsumowanie-63-posiedzenia-sejmu\/","og_site_name":"Marek Kuchci\u0144ski","article_published_time":"2018-06-08T10:39:27+00:00","article_modified_time":"2018-06-08T10:39:44+00:00","og_image":[{"width":2048,"height":1365,"url":"https:\/\/marekkuchcinski.pl\/wp-content\/uploads\/2018\/06\/63-posie.jpg","type":"image\/jpeg"}],"author":"admin","twitter_card":"summary_large_image","twitter_misc":{"Autor":"admin","Predpokladan\u00fd \u010das \u010d\u00edtania":"7 min\u00fat"},"schema":{"@context":"https:\/\/schema.org","@graph":[{"@type":"Article","@id":"https:\/\/marekkuchcinski.pl\/uk\/wydarzenia\/podsumowanie-63-posiedzenia-sejmu\/#article","isPartOf":{"@id":"https:\/\/marekkuchcinski.pl\/uk\/wydarzenia\/podsumowanie-63-posiedzenia-sejmu\/"},"author":{"name":"admin","@id":"https:\/\/marekkuchcinski.pl\/#\/schema\/person\/6f62700996b4d950b6ea2d1183b6c6be"},"headline":"Podsumowanie 63. posiedzenia Sejmu","datePublished":"2018-06-08T10:39:27+00:00","dateModified":"2018-06-08T10:39:44+00:00","mainEntityOfPage":{"@id":"https:\/\/marekkuchcinski.pl\/uk\/wydarzenia\/podsumowanie-63-posiedzenia-sejmu\/"},"wordCount":1360,"commentCount":0,"publisher":{"@id":"https:\/\/marekkuchcinski.pl\/#organization"},"image":{"@id":"https:\/\/marekkuchcinski.pl\/uk\/wydarzenia\/podsumowanie-63-posiedzenia-sejmu\/#primaryimage"},"thumbnailUrl":"https:\/\/marekkuchcinski.pl\/wp-content\/uploads\/2018\/06\/63-posie.jpg","articleSection":["Wie\u015bci z Sejmu","Wydarzenia"],"inLanguage":"sk-SK","potentialAction":[{"@type":"CommentAction","name":"Comment","target":["https:\/\/marekkuchcinski.pl\/uk\/wydarzenia\/podsumowanie-63-posiedzenia-sejmu\/#respond"]}]},{"@type":"WebPage","@id":"https:\/\/marekkuchcinski.pl\/uk\/wydarzenia\/podsumowanie-63-posiedzenia-sejmu\/","url":"https:\/\/marekkuchcinski.pl\/uk\/wydarzenia\/podsumowanie-63-posiedzenia-sejmu\/","name":"Podsumowanie 63. posiedzenia Sejmu &#8211; Marek Kuchci\u0144ski","isPartOf":{"@id":"https:\/\/marekkuchcinski.pl\/#website"},"primaryImageOfPage":{"@id":"https:\/\/marekkuchcinski.pl\/uk\/wydarzenia\/podsumowanie-63-posiedzenia-sejmu\/#primaryimage"},"image":{"@id":"https:\/\/marekkuchcinski.pl\/uk\/wydarzenia\/podsumowanie-63-posiedzenia-sejmu\/#primaryimage"},"thumbnailUrl":"https:\/\/marekkuchcinski.pl\/wp-content\/uploads\/2018\/06\/63-posie.jpg","datePublished":"2018-06-08T10:39:27+00:00","dateModified":"2018-06-08T10:39:44+00:00","breadcrumb":{"@id":"https:\/\/marekkuchcinski.pl\/uk\/wydarzenia\/podsumowanie-63-posiedzenia-sejmu\/#breadcrumb"},"inLanguage":"sk-SK","potentialAction":[{"@type":"ReadAction","target":["https:\/\/marekkuchcinski.pl\/uk\/wydarzenia\/podsumowanie-63-posiedzenia-sejmu\/"]}]},{"@type":"ImageObject","inLanguage":"sk-SK","@id":"https:\/\/marekkuchcinski.pl\/uk\/wydarzenia\/podsumowanie-63-posiedzenia-sejmu\/#primaryimage","url":"https:\/\/marekkuchcinski.pl\/wp-content\/uploads\/2018\/06\/63-posie.jpg","contentUrl":"https:\/\/marekkuchcinski.pl\/wp-content\/uploads\/2018\/06\/63-posie.jpg","width":2048,"height":1365},{"@type":"BreadcrumbList","@id":"https:\/\/marekkuchcinski.pl\/uk\/wydarzenia\/podsumowanie-63-posiedzenia-sejmu\/#breadcrumb","itemListElement":[{"@type":"ListItem","position":1,"name":"Strona g\u0142\u00f3wna","item":"https:\/\/marekkuchcinski.pl\/"},{"@type":"ListItem","position":2,"name":"Podsumowanie 63. posiedzenia Sejmu"}]},{"@type":"WebSite","@id":"https:\/\/marekkuchcinski.pl\/#website","url":"https:\/\/marekkuchcinski.pl\/","name":"Marek Kuchci\u0144ski","description":"Pose\u0142 na sejm RP &ndash; okr\u0119g nr 22","publisher":{"@id":"https:\/\/marekkuchcinski.pl\/#organization"},"potentialAction":[{"@type":"SearchAction","target":{"@type":"EntryPoint","urlTemplate":"https:\/\/marekkuchcinski.pl\/?s={search_term_string}"},"query-input":{"@type":"PropertyValueSpecification","valueRequired":true,"valueName":"search_term_string"}}],"inLanguage":"sk-SK"},{"@type":"Organization","@id":"https:\/\/marekkuchcinski.pl\/#organization","name":"Marek Kuchci\u0144ski","url":"https:\/\/marekkuchcinski.pl\/","logo":{"@type":"ImageObject","inLanguage":"sk-SK","@id":"https:\/\/marekkuchcinski.pl\/#\/schema\/logo\/image\/","url":"https:\/\/marekkuchcinski.pl\/wp-content\/uploads\/2022\/09\/Marek.jpg","contentUrl":"https:\/\/marekkuchcinski.pl\/wp-content\/uploads\/2022\/09\/Marek.jpg","width":1600,"height":971,"caption":"Marek Kuchci\u0144ski"},"image":{"@id":"https:\/\/marekkuchcinski.pl\/#\/schema\/logo\/image\/"}},{"@type":"Person","@id":"https:\/\/marekkuchcinski.pl\/#\/schema\/person\/6f62700996b4d950b6ea2d1183b6c6be","name":"admin","image":{"@type":"ImageObject","inLanguage":"sk-SK","@id":"https:\/\/marekkuchcinski.pl\/#\/schema\/person\/image\/","url":"https:\/\/secure.gravatar.com\/avatar\/4bab693b9d55c3d6b52c0296a8765085?s=96&d=mm&r=g","contentUrl":"https:\/\/secure.gravatar.com\/avatar\/4bab693b9d55c3d6b52c0296a8765085?s=96&d=mm&r=g","caption":"admin"},"url":"https:\/\/marekkuchcinski.pl\/sk\/author\/marta-olejnik\/"}]}},"_links":{"self":[{"href":"https:\/\/marekkuchcinski.pl\/sk\/wp-json\/wp\/v2\/posts\/9650","targetHints":{"allow":["GET"]}}],"collection":[{"href":"https:\/\/marekkuchcinski.pl\/sk\/wp-json\/wp\/v2\/posts"}],"about":[{"href":"https:\/\/marekkuchcinski.pl\/sk\/wp-json\/wp\/v2\/types\/post"}],"author":[{"embeddable":true,"href":"https:\/\/marekkuchcinski.pl\/sk\/wp-json\/wp\/v2\/users\/6"}],"replies":[{"embeddable":true,"href":"https:\/\/marekkuchcinski.pl\/sk\/wp-json\/wp\/v2\/comments?post=9650"}],"version-history":[{"count":7,"href":"https:\/\/marekkuchcinski.pl\/sk\/wp-json\/wp\/v2\/posts\/9650\/revisions"}],"predecessor-version":[{"id":9661,"href":"https:\/\/marekkuchcinski.pl\/sk\/wp-json\/wp\/v2\/posts\/9650\/revisions\/9661"}],"wp:featuredmedia":[{"embeddable":true,"href":"https:\/\/marekkuchcinski.pl\/sk\/wp-json\/wp\/v2\/media\/9651"}],"wp:attachment":[{"href":"https:\/\/marekkuchcinski.pl\/sk\/wp-json\/wp\/v2\/media?parent=9650"}],"wp:term":[{"taxonomy":"category","embeddable":true,"href":"https:\/\/marekkuchcinski.pl\/sk\/wp-json\/wp\/v2\/categories?post=9650"},{"taxonomy":"post_tag","embeddable":true,"href":"https:\/\/marekkuchcinski.pl\/sk\/wp-json\/wp\/v2\/tags?post=9650"}],"curies":[{"name":"wp","href":"https:\/\/api.w.org\/{rel}","templated":true}]}}