{"id":9565,"date":"2018-05-28T14:43:57","date_gmt":"2018-05-28T12:43:57","guid":{"rendered":"https:\/\/marekkuchcinski.pl\/?p=9565"},"modified":"2018-05-28T14:44:53","modified_gmt":"2018-05-28T12:44:53","slug":"marszalek-sejmu-szczytu-nato-parlamenty-panstw-czlonkowskich-maja-odegrania-wazna-role-procesie-wzmacniania-sojuszu-zadaniem-kluczowym-usprawnienie-procedur-decyzyjnych","status":"publish","type":"post","link":"https:\/\/marekkuchcinski.pl\/sk\/wydarzenia\/marszalek-sejmu-szczytu-nato-parlamenty-panstw-czlonkowskich-maja-odegrania-wazna-role-procesie-wzmacniania-sojuszu-zadaniem-kluczowym-usprawnienie-procedur-decyzyjnych\/","title":{"rendered":"Predseda Sejmu po\u010das samitu NATO: Parlamenty \u010dlensk\u00fdch \u0161t\u00e1tov zohr\u00e1vaj\u00fa d\u00f4le\u017eit\u00fa \u00falohu pri posil\u0148ovan\u00ed Aliancie. K\u013e\u00fa\u010dovou \u00falohou je zefekt\u00edvni\u0165 rozhodovacie postupy"},"content":{"rendered":"<p>V po\u013eskom Sejme sa konalo jarn\u00e9 plen\u00e1rne zasadnutie Parlamentn\u00e9ho zhroma\u017edenia NATO. Ako zd\u00f4raznil predseda Sejmu, stretol sa, aby zhodnotil politick\u00fa a bezpe\u010dnostn\u00fa situ\u00e1ciu a stanovil \u00falohy do bud\u00facnosti, ktor\u00e9 bud\u00fa predstavova\u0165 n\u00e1\u0161 pr\u00edspevok k j\u00falov\u00e9mu samitu Aliancie.<\/p>\n<p>Pod\u013ea Kuchci\u0144sk\u00e9ho anal\u00fdza stavu bezpe\u010dnosti atlantick\u00e9ho spolo\u010denstva nevzbudzuje optimizmus. - V mnoh\u00fdch regi\u00f3noch sa vr\u00e1tili tradi\u010dn\u00e9 vojensk\u00e9 hrozby a ich zoznam je teraz \"obohaten\u00fd\" o nov\u00e9 hrozby hybridn\u00e9ho charakteru a hrozby v oblasti kybernetickej bezpe\u010dnosti. Jasne ich vid\u00edme na v\u00fdchodnom kr\u00eddle Aliancie,\" povedal.<\/p>\n<p>Marek Kuchci\u0144ski zd\u00f4raznil, \u017ee parlamenty \u010dlensk\u00fdch \u0161t\u00e1tov zohr\u00e1vaj\u00fa d\u00f4le\u017eit\u00fa \u00falohu v procese posil\u0148ovania Aliancie. - Je na\u0161ou povinnos\u0165ou podpori\u0165 ju konkr\u00e9tnymi pr\u00e1vnymi rie\u0161eniami a rozpo\u010dtov\u00fdmi rozhodnutiami. K\u013e\u00fa\u010dovou \u00falohou v tomto smere je zefekt\u00edvni\u0165 rozhodovacie postupy v Aliancii ako \u0161trukt\u00fare aj na \u00farovni jednotliv\u00fdch \u0161t\u00e1tov,\" povedal.<\/p>\n<p>Predseda zd\u00f4raznil, \u017ee v s\u00fa\u010dasnej medzin\u00e1rodnej situ\u00e1cii je st\u00e1la pr\u00edtomnos\u0165 s\u00edl Aliancie na jej v\u00fdchodnom kr\u00eddle nevyhnutn\u00e1. - Preto s rados\u0165ou a n\u00e1dejou v\u00edtame rozhodnutie Sen\u00e1tu Spojen\u00fdch \u0161t\u00e1tov americk\u00fdch z 24. m\u00e1ja tohto roku podpori\u0165 trval\u00e9 umiestnenie brig\u00e1dy americk\u00fdch vojakov v Po\u013esku - povedal Kuchci\u0144ski.<\/p>\n<p>Sejm Po\u013eskej republiky, ktor\u00fd podporuje politiku \u0161t\u00e1tu a vl\u00e1dy, prij\u00edma opatrenia na v\u0161estrann\u00fa spolupr\u00e1cu v strednej a v\u00fdchodnej Eur\u00f3pe. Od roku 2016 organizujeme konferencie predsedov parlamentov kraj\u00edn regi\u00f3nu. Zah\u0155\u0148a parlamenty kraj\u00edn, ktor\u00e9 s\u00fa \u010dlenmi Aliancie, usiluj\u00fa sa o \u00fa\u010das\u0165 v pakte a zost\u00e1vaj\u00fa mimo neho.<\/p>\n<p>Predseda zd\u00f4raznil, \u017ee dvere do Aliancie by mali by\u0165 otvoren\u00e9 v\u0161etk\u00fdm eur\u00f3pskym krajin\u00e1m, ktor\u00e9 zdie\u013eaj\u00fa hodnoty n\u00e1\u0161ho spolo\u010denstva a vyjadruj\u00fa ochotu a pripravenos\u0165 prevzia\u0165 z\u00e1v\u00e4zky vypl\u00fdvaj\u00face z \u010dlenstva v Aliancii. Podporujeme implement\u00e1ciu alian\u010dn\u00fdch vyhl\u00e1sen\u00ed t\u00fdkaj\u00facich sa Ukrajiny a Gruz\u00ednska, preto\u017ee zotrvanie mimo Aliancie ohrozuje jej stabilitu.<\/p>\n<p>Parlamentn\u00fd samit NATO sa konal od 25. do 28. m\u00e1ja. Diskutovalo nieko\u013eko stoviek poslancov z \u010dlensk\u00fdch \u0161t\u00e1tov, ako aj z pridru\u017een\u00fdch a pozorovate\u013esk\u00fdch \u0161t\u00e1tov. - Je to ve\u013emi d\u00f4le\u017eit\u00e1 udalos\u0165 z h\u013eadiska celej Aliancie a Po\u013eska,\" zd\u00f4raznil Paolo Alli, predseda ZP NATO. - Po\u013esko tento rok oslavuje v\u00fdznamn\u00e9 v\u00fdro\u010dia: 100. v\u00fdro\u010die znovuz\u00edskania nez\u00e1vislosti a 550. v\u00fdro\u010die po\u013esk\u00e9ho parlamentarizmu. S\u00fa to pr\u00edle\u017eitosti, ktor\u00e9 d\u00e1vaj\u00fa n\u00e1\u0161mu stretnutiu vo Var\u0161ave osobitn\u00fd v\u00fdznam,\" poznamenal. Taliansky politik zd\u00f4raznil, \u017ee NATO prejavilo siln\u00fa solidaritu s Po\u013eskom. Povedal, \u017ee prisp\u00f4sobenie sa nov\u00fdm v\u00fdzvam, ktor\u00e9 sa objavili na v\u00fdchode, posilnilo odstra\u0161enie a sp\u00f4sobilos\u0165 kolekt\u00edvnej obrany. - V Pobalt\u00ed a Po\u013esku m\u00e1me nieko\u013eko bojov\u00fdch skup\u00edn. Aj pr\u00edtomnos\u0165 americk\u00e9ho kontingentu je jasn\u00fdm prejavom na\u0161ej solidarity s Po\u013eskom - zd\u00f4raznil \u0161\u00e9f ZP NATO Paolo Alli. - Uvedomujeme si, \u017ee v\u00fdchodn\u00e1 hranica Po\u013eska je v\u00fdchodnou hranicou NATO. Solidarita nie je len pr\u00e1zdne slovo, ale nie\u010do ve\u013emi konkr\u00e9tne a praktick\u00e9,\" vysvetlil.<\/p>\n<p><em>Foto: Rafa\u0142 Zambrzycki<\/em><\/p>\n<p><a href=\"https:\/\/marekkuchcinski.pl\/wp-content\/uploads\/2018\/05\/RZ__1507.jpg\"><img fetchpriority=\"high\" decoding=\"async\" class=\"alignnone size-full wp-image-9567\" src=\"https:\/\/marekkuchcinski.pl\/wp-content\/uploads\/2018\/05\/RZ__1507.jpg\" alt=\"RZ__1507\" width=\"3360\" height=\"2240\" srcset=\"https:\/\/marekkuchcinski.pl\/wp-content\/uploads\/2018\/05\/RZ__1507.jpg 2048w, https:\/\/marekkuchcinski.pl\/wp-content\/uploads\/2018\/05\/RZ__1507-300x200.jpg 300w, https:\/\/marekkuchcinski.pl\/wp-content\/uploads\/2018\/05\/RZ__1507-768x512.jpg 768w, https:\/\/marekkuchcinski.pl\/wp-content\/uploads\/2018\/05\/RZ__1507-1024x683.jpg 1024w\" sizes=\"(max-width: 3360px) 100vw, 3360px\" \/><\/a> <a href=\"https:\/\/marekkuchcinski.pl\/wp-content\/uploads\/2018\/05\/RZ__1542.jpg\"><img decoding=\"async\" class=\"alignnone size-full wp-image-9569\" src=\"https:\/\/marekkuchcinski.pl\/wp-content\/uploads\/2018\/05\/RZ__1542.jpg\" alt=\"RZ__1542\" width=\"3360\" height=\"2240\" srcset=\"https:\/\/marekkuchcinski.pl\/wp-content\/uploads\/2018\/05\/RZ__1542.jpg 2048w, https:\/\/marekkuchcinski.pl\/wp-content\/uploads\/2018\/05\/RZ__1542-300x200.jpg 300w, https:\/\/marekkuchcinski.pl\/wp-content\/uploads\/2018\/05\/RZ__1542-768x512.jpg 768w, https:\/\/marekkuchcinski.pl\/wp-content\/uploads\/2018\/05\/RZ__1542-1024x683.jpg 1024w\" sizes=\"(max-width: 3360px) 100vw, 3360px\" \/><\/a> <a href=\"https:\/\/marekkuchcinski.pl\/wp-content\/uploads\/2018\/05\/RZ__1640.jpg\"><img decoding=\"async\" class=\"alignnone size-full wp-image-9570\" src=\"https:\/\/marekkuchcinski.pl\/wp-content\/uploads\/2018\/05\/RZ__1640.jpg\" alt=\"RZ__1640\" width=\"2497\" height=\"1479\" srcset=\"https:\/\/marekkuchcinski.pl\/wp-content\/uploads\/2018\/05\/RZ__1640.jpg 2048w, https:\/\/marekkuchcinski.pl\/wp-content\/uploads\/2018\/05\/RZ__1640-300x178.jpg 300w, https:\/\/marekkuchcinski.pl\/wp-content\/uploads\/2018\/05\/RZ__1640-768x455.jpg 768w, https:\/\/marekkuchcinski.pl\/wp-content\/uploads\/2018\/05\/RZ__1640-1024x607.jpg 1024w\" sizes=\"(max-width: 2497px) 100vw, 2497px\" \/><\/a><\/p>\n<p>&nbsp;<\/p>\n<p>&nbsp;<\/p>\n<p>&nbsp;<\/p>","protected":false},"excerpt":{"rendered":"<p>W Sejmie RP odby\u0142a si\u0119 wiosenna sesja plenarna Zgromadzenia Parlamentarnego NATO. Jak podkre\u015bli\u0142 marsza\u0142ek Sejmu, zebrano si\u0119, by oceni\u0107 sytuacj\u0119 polityczn\u0105 i sytuacj\u0119 w dziedzinie bezpiecze\u0144stwa oraz okre\u015bli\u0107 zadania na przysz\u0142o\u015b\u0107, co stanowi\u0107 b\u0119dzie nasz wk\u0142ad do lipcowego szczytu Sojuszu. Wed\u0142ug Kuchci\u0144skiego analiza stanu bezpiecze\u0144stwa wsp\u00f3lnoty atlantyckiej nie napawa optymizmem. \u2013 W wielu regionach powr\u00f3ci\u0142y [&hellip;]<\/p>\n","protected":false},"author":6,"featured_media":9570,"comment_status":"open","ping_status":"open","sticky":false,"template":"","format":"standard","meta":{"ngg_post_thumbnail":0,"footnotes":""},"categories":[81,50,3],"tags":[],"class_list":["post-9565","post","type-post","status-publish","format-standard","has-post-thumbnail","hentry","category-wiesci-z-sejmu","category-wspolpraca-miedzynarodowa","category-wydarzenia"],"_links":{"self":[{"href":"https:\/\/marekkuchcinski.pl\/sk\/wp-json\/wp\/v2\/posts\/9565","targetHints":{"allow":["GET"]}}],"collection":[{"href":"https:\/\/marekkuchcinski.pl\/sk\/wp-json\/wp\/v2\/posts"}],"about":[{"href":"https:\/\/marekkuchcinski.pl\/sk\/wp-json\/wp\/v2\/types\/post"}],"author":[{"embeddable":true,"href":"https:\/\/marekkuchcinski.pl\/sk\/wp-json\/wp\/v2\/users\/6"}],"replies":[{"embeddable":true,"href":"https:\/\/marekkuchcinski.pl\/sk\/wp-json\/wp\/v2\/comments?post=9565"}],"version-history":[{"count":3,"href":"https:\/\/marekkuchcinski.pl\/sk\/wp-json\/wp\/v2\/posts\/9565\/revisions"}],"predecessor-version":[{"id":9572,"href":"https:\/\/marekkuchcinski.pl\/sk\/wp-json\/wp\/v2\/posts\/9565\/revisions\/9572"}],"wp:featuredmedia":[{"embeddable":true,"href":"https:\/\/marekkuchcinski.pl\/sk\/wp-json\/wp\/v2\/media\/9570"}],"wp:attachment":[{"href":"https:\/\/marekkuchcinski.pl\/sk\/wp-json\/wp\/v2\/media?parent=9565"}],"wp:term":[{"taxonomy":"category","embeddable":true,"href":"https:\/\/marekkuchcinski.pl\/sk\/wp-json\/wp\/v2\/categories?post=9565"},{"taxonomy":"post_tag","embeddable":true,"href":"https:\/\/marekkuchcinski.pl\/sk\/wp-json\/wp\/v2\/tags?post=9565"}],"curies":[{"name":"wp","href":"https:\/\/api.w.org\/{rel}","templated":true}]}}