{"id":9560,"date":"2018-05-28T13:06:54","date_gmt":"2018-05-28T11:06:54","guid":{"rendered":"https:\/\/marekkuchcinski.pl\/?p=9560"},"modified":"2018-05-28T13:06:54","modified_gmt":"2018-05-28T11:06:54","slug":"nowy-sacz-sanok-spotkanie-marszalka-sejmu-mieszkancami-ramach-konwencji-polska-jedna","status":"publish","type":"post","link":"https:\/\/marekkuchcinski.pl\/sk\/prawo-i-sprawiedliwosc\/nowy-sacz-sanok-spotkanie-marszalka-sejmu-mieszkancami-ramach-konwencji-polska-jedna\/","title":{"rendered":"Nowy S\u0105cz a Sanok: stretnutie predsedu Sejmu s obyvate\u013emi v r\u00e1mci zjazdu \"Po\u013esko je jedno\""},"content":{"rendered":"<p>Predseda Sejmu Marek Kuchci\u0144ski sa v sobotu stretol s obyvate\u013emi miest Nowy S\u0105cz a Sanok. Po\u010das stretnut\u00ed zd\u00f4raznil, \u017ee Pr\u00e1vo a spravodlivos\u0165 priklad\u00e1 ve\u013ek\u00fd v\u00fdznam prorodinnej politike. Za 2,5 roka vl\u00e1da Pr\u00e1va a spravodlivosti zaviedla program Rodina 500+, bezplatn\u00e9 lieky pre seniorov, zn\u00ed\u017eila vek odchodu do d\u00f4chodku, obmedzila nede\u013en\u00e9 obchodovanie, zv\u00fd\u0161ila \u00fa\u010dinnos\u0165 vym\u00e1hania v\u00fd\u017eivn\u00e9ho. Okrem toho sa uskuto\u010dnila reforma \u0161kolstva, da\u0148ovej spr\u00e1vy a za\u010dal sa boj proti divokej reprivatiz\u00e1cii. Predseda parlamentu pripomenul, \u017ee pred nieko\u013ek\u00fdmi mesiacmi premi\u00e9r Mateusz Morawiecki na celo\u0161t\u00e1tnom zjazde vo Var\u0161ave predstavil program opatren\u00ed na zmenu Po\u013eska. Medzi po\u017eiadavkami je zn\u00ed\u017eenie dane z pr\u00edjmu pre mal\u00e9 podniky z 15 na 9 %, \u010do je najni\u017e\u0161ia \u00farove\u0148 v Eur\u00f3pskej \u00fanii, zavedenie mal\u00e9ho fondu soci\u00e1lneho poistenia vypo\u010d\u00edtan\u00e9ho v pomere k pr\u00edjmom pre podniky s mesa\u010dn\u00fdm obratom do 2,5 minim\u00e1lnych miezd, 300 PLN vreckov\u00e9ho na za\u010diatku \u0161kolsk\u00e9ho roka pre ka\u017ed\u00e9ho \u017eiaka nastupuj\u00faceho na z\u00e1kladn\u00fa a stredn\u00fa \u0161kolu, nov\u00fd fond na v\u00fdstavbu miestnych komunik\u00e1ci\u00ed v hodnote najmenej 5 mili\u00e1rd PLN, \u010do znamen\u00e1 tis\u00edce kilometrov zrekon\u0161truovan\u00fdch ciest v obciach, mal\u00fdch mest\u00e1ch, obciach a okresoch, a program Dostupnos\u0165+ na odstr\u00e1nenie bari\u00e9r pre zdravotne postihnut\u00fdch (viac ako 20 mili\u00e1rd PLN po\u010das 8 rokov).<\/p>\n<p>Marek Kuchci\u0144ski zd\u00f4raznil, \u017ee Pr\u00e1vu a spravodlivosti nebude ch\u00fdba\u0165 odhodlanie pri realiz\u00e1cii zmien. Z\u00e1rove\u0148 zd\u00f4raznil, \u017ee si uvedomuje, \u017ee za t\u00fdm, \u017ee Po\u013esko je dut\u00fdm \u0161t\u00e1tom, stoja sily, ktor\u00e9 neplatia dane, poru\u0161uj\u00fa z\u00e1kony a podkop\u00e1vaj\u00fa postavenie na\u0161ej krajiny.<\/p>\n<p>V s\u00favislosti s ot\u00e1zkami o proteste os\u00f4b so zdravotn\u00fdm postihnut\u00edm v Sejme predseda parlamentu Kuchci\u0144ski zd\u00f4raznil, \u017ee nie je pravda, \u017ee sa o ne nestaraj\u00fa, a \u017ee je na \u00dastavnom s\u00fade, aby pos\u00fadil, \u010di org\u00e1ny poru\u0161ili z\u00e1kon. - Je to ve\u013emi \u0165a\u017ek\u00e1 a znepokojuj\u00faca z\u00e1le\u017eitos\u0165,\" povedal predseda parlamentu. - T\u00fdchto \u013eud\u00ed vyu\u017e\u00edvaj\u00fa politici na \u010disto politick\u00e9 akcie, zhodnotil.  Dodal, \u017ee v Po\u013esku \u017eije 4,7 mili\u00f3na \u013eud\u00ed so zdravotn\u00fdm postihnut\u00edm a k tejto problematike by sa malo pristupova\u0165 syst\u00e9movo. - Doteraz, desa\u0165ro\u010dia od \u010dias Po\u013eskej \u013eudovej republiky, ale aj za vl\u00e1d na\u0161ich predchodcov, sa zdravotne postihnut\u00fdm nevenovala syst\u00e9mov\u00e1 pozornos\u0165, boli schovan\u00ed niekde v \u0161upl\u00edku, posielan\u00ed pre\u010d, zatv\u00e1rali sa pred nimi o\u010di - zd\u00f4raznil Kuchci\u0144ski.<\/p>\n<p>V Mestskom kult\u00farnom centre v Novom S\u0105czi boli okrem obyvate\u013eov S\u0105czsk\u00e9ho regi\u00f3nu a Nov\u00e9ho S\u0105cza pr\u00edtomn\u00ed: J\u00f3zef Le\u015bniak - poslanec NR SR, Wies\u0142aw Janczyk - poslanec NR SR, Jan Duda - poslanec NR SR, Ryszard Nowak - prim\u00e1tor Nov\u00e9ho S\u0105cza, Jerzy Gwi\u017cd\u017c a Wojciech Piech - z\u00e1stupcovia prim\u00e1tora Nov\u00e9ho S\u0105cza, Janusz Kwiatkowski - predseda Mestskej rady Nov\u00e9ho S\u0105cza, Krzysztof G\u0142uc - jeden z navrhovan\u00fdch kandid\u00e1tov PiS na prim\u00e1tora Nov\u00e9ho S\u0105cza, a Patryk Wicher - ved\u00faci mestsk\u00fdch \u0161trukt\u00far PiS.<\/p>\n<p>V Sanoku, v \u0160portovom a didaktickom centre, Mareka Kuchci\u0144sk\u00e9ho sprev\u00e1dzali poslanec Piotr Babinetz, poslanec Piotr Uruski, mar\u0161\u00e1lek Podkarpatsk\u00e9ho vojvodstva W\u0142adys\u0142aw Ortyl a prim\u00e1tor mesta Sanok Tadeusz Pi\u00f3ro.<\/p>\n<p><span style=\"color: #33cccc;\"><em>http:\/\/rzeszow.tvp.pl\/37381922\/kolejna-odslona-kampanii-pis-na-podkarpaciu<\/em><\/span><\/p>\n<p><a href=\"https:\/\/marekkuchcinski.pl\/wp-content\/uploads\/2018\/05\/20180526_175535.jpg\"><img fetchpriority=\"high\" decoding=\"async\" class=\"alignnone size-full wp-image-9562\" src=\"https:\/\/marekkuchcinski.pl\/wp-content\/uploads\/2018\/05\/20180526_175535.jpg\" alt=\"20180526_175535\" width=\"1980\" height=\"1155\" srcset=\"https:\/\/marekkuchcinski.pl\/wp-content\/uploads\/2018\/05\/20180526_175535.jpg 1980w, https:\/\/marekkuchcinski.pl\/wp-content\/uploads\/2018\/05\/20180526_175535-300x175.jpg 300w, https:\/\/marekkuchcinski.pl\/wp-content\/uploads\/2018\/05\/20180526_175535-768x448.jpg 768w, https:\/\/marekkuchcinski.pl\/wp-content\/uploads\/2018\/05\/20180526_175535-1024x597.jpg 1024w\" sizes=\"(max-width: 1980px) 100vw, 1980px\" \/><\/a><\/p>\n<p>&nbsp;<\/p>\n<p>&nbsp;<\/p>\n<p>&nbsp;<\/p>\n<p>&nbsp;<\/p>\n<p>&nbsp;<\/p>\n<p>&nbsp;<\/p>\n<p>&nbsp;<\/p>\n<p>&nbsp;<\/p>","protected":false},"excerpt":{"rendered":"<p>W sobot\u0119 marsza\u0142ek Sejmu Marek Kuchci\u0144ski spotka\u0142 si\u0119 z mieszka\u0144cami Nowego S\u0105cza i Sanoka. W czasie spotka\u0144 podkre\u015bli\u0142, i\u017c Prawo i Sprawiedliwo\u015b\u0107 przywi\u0105zuje ogromn\u0105 wag\u0119 do polityki prorodzinnej. Rz\u0105d PiS w ci\u0105gu 2,5 roku wprowadzi\u0142 program Rodzina 500+, bezp\u0142atne leki dla senior\u00f3w, obni\u017cy\u0142 wiek emerytalny, ograniczy\u0142 handel w niedziel\u0119, zwi\u0119kszy\u0142 skuteczno\u015bci \u015bci\u0105gania aliment\u00f3w. Ponadto przeprowadzono [&hellip;]<\/p>","protected":false},"author":6,"featured_media":9562,"comment_status":"open","ping_status":"open","sticky":false,"template":"","format":"standard","meta":{"ngg_post_thumbnail":0,"footnotes":""},"categories":[49,82,3],"tags":[],"class_list":["post-9560","post","type-post","status-publish","format-standard","has-post-thumbnail","hentry","category-podkarpacie","category-prawo-i-sprawiedliwosc","category-wydarzenia"],"yoast_head":"<!-- This site is optimized with the Yoast SEO plugin v24.7 - https:\/\/yoast.com\/wordpress\/plugins\/seo\/ -->\n<title>Nowy S\u0105cz i Sanok: spotkanie marsza\u0142ka Sejmu z mieszka\u0144cami w ramach konwencji \u201ePolska jest jedna&quot; &#8211; Marek Kuchci\u0144ski<\/title>\n<meta name=\"robots\" content=\"index, follow, max-snippet:-1, max-image-preview:large, max-video-preview:-1\" \/>\n<link rel=\"canonical\" href=\"https:\/\/marekkuchcinski.pl\/sk\/prawo-i-sprawiedliwosc\/nowy-sacz-sanok-spotkanie-marszalka-sejmu-mieszkancami-ramach-konwencji-polska-jedna\/\" \/>\n<meta property=\"og:locale\" content=\"sk_SK\" \/>\n<meta property=\"og:type\" content=\"article\" \/>\n<meta property=\"og:title\" content=\"Nowy S\u0105cz i Sanok: spotkanie marsza\u0142ka Sejmu z mieszka\u0144cami w ramach konwencji \u201ePolska jest jedna&quot; &#8211; Marek Kuchci\u0144ski\" \/>\n<meta property=\"og:description\" content=\"W sobot\u0119 marsza\u0142ek Sejmu Marek Kuchci\u0144ski spotka\u0142 si\u0119 z mieszka\u0144cami Nowego S\u0105cza i Sanoka. W czasie spotka\u0144 podkre\u015bli\u0142, i\u017c Prawo i Sprawiedliwo\u015b\u0107 przywi\u0105zuje ogromn\u0105 wag\u0119 do polityki prorodzinnej. Rz\u0105d PiS w ci\u0105gu 2,5 roku wprowadzi\u0142 program Rodzina 500+, bezp\u0142atne leki dla senior\u00f3w, obni\u017cy\u0142 wiek emerytalny, ograniczy\u0142 handel w niedziel\u0119, zwi\u0119kszy\u0142 skuteczno\u015bci \u015bci\u0105gania aliment\u00f3w. Ponadto przeprowadzono [&hellip;]\" \/>\n<meta property=\"og:url\" content=\"https:\/\/marekkuchcinski.pl\/sk\/prawo-i-sprawiedliwosc\/nowy-sacz-sanok-spotkanie-marszalka-sejmu-mieszkancami-ramach-konwencji-polska-jedna\/\" \/>\n<meta property=\"og:site_name\" content=\"Marek Kuchci\u0144ski\" \/>\n<meta property=\"article:published_time\" content=\"2018-05-28T11:06:54+00:00\" \/>\n<meta property=\"og:image\" content=\"https:\/\/marekkuchcinski.pl\/wp-content\/uploads\/2018\/05\/20180526_175535.jpg\" \/>\n\t<meta property=\"og:image:width\" content=\"1980\" \/>\n\t<meta property=\"og:image:height\" content=\"1155\" \/>\n\t<meta property=\"og:image:type\" content=\"image\/jpeg\" \/>\n<meta name=\"author\" content=\"admin\" \/>\n<meta name=\"twitter:card\" content=\"summary_large_image\" \/>\n<meta name=\"twitter:label1\" content=\"Autor\" \/>\n\t<meta name=\"twitter:data1\" content=\"admin\" \/>\n\t<meta name=\"twitter:label2\" content=\"Predpokladan\u00fd \u010das \u010d\u00edtania\" \/>\n\t<meta name=\"twitter:data2\" content=\"3 min\u00faty\" \/>\n<script type=\"application\/ld+json\" class=\"yoast-schema-graph\">{\"@context\":\"https:\/\/schema.org\",\"@graph\":[{\"@type\":\"Article\",\"@id\":\"https:\/\/marekkuchcinski.pl\/prawo-i-sprawiedliwosc\/nowy-sacz-sanok-spotkanie-marszalka-sejmu-mieszkancami-ramach-konwencji-polska-jedna\/#article\",\"isPartOf\":{\"@id\":\"https:\/\/marekkuchcinski.pl\/prawo-i-sprawiedliwosc\/nowy-sacz-sanok-spotkanie-marszalka-sejmu-mieszkancami-ramach-konwencji-polska-jedna\/\"},\"author\":{\"name\":\"admin\",\"@id\":\"https:\/\/marekkuchcinski.pl\/#\/schema\/person\/6f62700996b4d950b6ea2d1183b6c6be\"},\"headline\":\"Nowy S\u0105cz i Sanok: spotkanie marsza\u0142ka Sejmu z mieszka\u0144cami w ramach konwencji \u201ePolska jest jedna&#8221;\",\"datePublished\":\"2018-05-28T11:06:54+00:00\",\"mainEntityOfPage\":{\"@id\":\"https:\/\/marekkuchcinski.pl\/prawo-i-sprawiedliwosc\/nowy-sacz-sanok-spotkanie-marszalka-sejmu-mieszkancami-ramach-konwencji-polska-jedna\/\"},\"wordCount\":551,\"commentCount\":0,\"publisher\":{\"@id\":\"https:\/\/marekkuchcinski.pl\/#organization\"},\"image\":{\"@id\":\"https:\/\/marekkuchcinski.pl\/prawo-i-sprawiedliwosc\/nowy-sacz-sanok-spotkanie-marszalka-sejmu-mieszkancami-ramach-konwencji-polska-jedna\/#primaryimage\"},\"thumbnailUrl\":\"https:\/\/marekkuchcinski.pl\/wp-content\/uploads\/2018\/05\/20180526_175535.jpg\",\"articleSection\":[\"Podkarpacie\",\"Prawo i Sprawiedliwo\u015b\u0107\",\"Wydarzenia\"],\"inLanguage\":\"sk-SK\",\"potentialAction\":[{\"@type\":\"CommentAction\",\"name\":\"Comment\",\"target\":[\"https:\/\/marekkuchcinski.pl\/prawo-i-sprawiedliwosc\/nowy-sacz-sanok-spotkanie-marszalka-sejmu-mieszkancami-ramach-konwencji-polska-jedna\/#respond\"]}]},{\"@type\":\"WebPage\",\"@id\":\"https:\/\/marekkuchcinski.pl\/prawo-i-sprawiedliwosc\/nowy-sacz-sanok-spotkanie-marszalka-sejmu-mieszkancami-ramach-konwencji-polska-jedna\/\",\"url\":\"https:\/\/marekkuchcinski.pl\/prawo-i-sprawiedliwosc\/nowy-sacz-sanok-spotkanie-marszalka-sejmu-mieszkancami-ramach-konwencji-polska-jedna\/\",\"name\":\"Nowy S\u0105cz i Sanok: spotkanie marsza\u0142ka Sejmu z mieszka\u0144cami w ramach konwencji \u201ePolska jest jedna\\\" &#8211; Marek Kuchci\u0144ski\",\"isPartOf\":{\"@id\":\"https:\/\/marekkuchcinski.pl\/#website\"},\"primaryImageOfPage\":{\"@id\":\"https:\/\/marekkuchcinski.pl\/prawo-i-sprawiedliwosc\/nowy-sacz-sanok-spotkanie-marszalka-sejmu-mieszkancami-ramach-konwencji-polska-jedna\/#primaryimage\"},\"image\":{\"@id\":\"https:\/\/marekkuchcinski.pl\/prawo-i-sprawiedliwosc\/nowy-sacz-sanok-spotkanie-marszalka-sejmu-mieszkancami-ramach-konwencji-polska-jedna\/#primaryimage\"},\"thumbnailUrl\":\"https:\/\/marekkuchcinski.pl\/wp-content\/uploads\/2018\/05\/20180526_175535.jpg\",\"datePublished\":\"2018-05-28T11:06:54+00:00\",\"breadcrumb\":{\"@id\":\"https:\/\/marekkuchcinski.pl\/prawo-i-sprawiedliwosc\/nowy-sacz-sanok-spotkanie-marszalka-sejmu-mieszkancami-ramach-konwencji-polska-jedna\/#breadcrumb\"},\"inLanguage\":\"sk-SK\",\"potentialAction\":[{\"@type\":\"ReadAction\",\"target\":[\"https:\/\/marekkuchcinski.pl\/prawo-i-sprawiedliwosc\/nowy-sacz-sanok-spotkanie-marszalka-sejmu-mieszkancami-ramach-konwencji-polska-jedna\/\"]}]},{\"@type\":\"ImageObject\",\"inLanguage\":\"sk-SK\",\"@id\":\"https:\/\/marekkuchcinski.pl\/prawo-i-sprawiedliwosc\/nowy-sacz-sanok-spotkanie-marszalka-sejmu-mieszkancami-ramach-konwencji-polska-jedna\/#primaryimage\",\"url\":\"https:\/\/marekkuchcinski.pl\/wp-content\/uploads\/2018\/05\/20180526_175535.jpg\",\"contentUrl\":\"https:\/\/marekkuchcinski.pl\/wp-content\/uploads\/2018\/05\/20180526_175535.jpg\",\"width\":1980,\"height\":1155},{\"@type\":\"BreadcrumbList\",\"@id\":\"https:\/\/marekkuchcinski.pl\/prawo-i-sprawiedliwosc\/nowy-sacz-sanok-spotkanie-marszalka-sejmu-mieszkancami-ramach-konwencji-polska-jedna\/#breadcrumb\",\"itemListElement\":[{\"@type\":\"ListItem\",\"position\":1,\"name\":\"Strona g\u0142\u00f3wna\",\"item\":\"https:\/\/marekkuchcinski.pl\/\"},{\"@type\":\"ListItem\",\"position\":2,\"name\":\"Nowy S\u0105cz i Sanok: spotkanie marsza\u0142ka Sejmu z mieszka\u0144cami w ramach konwencji \u201ePolska jest jedna&#8221;\"}]},{\"@type\":\"WebSite\",\"@id\":\"https:\/\/marekkuchcinski.pl\/#website\",\"url\":\"https:\/\/marekkuchcinski.pl\/\",\"name\":\"Marek Kuchci\u0144ski\",\"description\":\"Pose\u0142 na sejm RP &ndash; okr\u0119g nr 22\",\"publisher\":{\"@id\":\"https:\/\/marekkuchcinski.pl\/#organization\"},\"potentialAction\":[{\"@type\":\"SearchAction\",\"target\":{\"@type\":\"EntryPoint\",\"urlTemplate\":\"https:\/\/marekkuchcinski.pl\/?s={search_term_string}\"},\"query-input\":{\"@type\":\"PropertyValueSpecification\",\"valueRequired\":true,\"valueName\":\"search_term_string\"}}],\"inLanguage\":\"sk-SK\"},{\"@type\":\"Organization\",\"@id\":\"https:\/\/marekkuchcinski.pl\/#organization\",\"name\":\"Marek Kuchci\u0144ski\",\"url\":\"https:\/\/marekkuchcinski.pl\/\",\"logo\":{\"@type\":\"ImageObject\",\"inLanguage\":\"sk-SK\",\"@id\":\"https:\/\/marekkuchcinski.pl\/#\/schema\/logo\/image\/\",\"url\":\"https:\/\/marekkuchcinski.pl\/wp-content\/uploads\/2022\/09\/Marek.jpg\",\"contentUrl\":\"https:\/\/marekkuchcinski.pl\/wp-content\/uploads\/2022\/09\/Marek.jpg\",\"width\":1600,\"height\":971,\"caption\":\"Marek Kuchci\u0144ski\"},\"image\":{\"@id\":\"https:\/\/marekkuchcinski.pl\/#\/schema\/logo\/image\/\"}},{\"@type\":\"Person\",\"@id\":\"https:\/\/marekkuchcinski.pl\/#\/schema\/person\/6f62700996b4d950b6ea2d1183b6c6be\",\"name\":\"admin\",\"image\":{\"@type\":\"ImageObject\",\"inLanguage\":\"sk-SK\",\"@id\":\"https:\/\/marekkuchcinski.pl\/#\/schema\/person\/image\/\",\"url\":\"https:\/\/secure.gravatar.com\/avatar\/4bab693b9d55c3d6b52c0296a8765085?s=96&d=mm&r=g\",\"contentUrl\":\"https:\/\/secure.gravatar.com\/avatar\/4bab693b9d55c3d6b52c0296a8765085?s=96&d=mm&r=g\",\"caption\":\"admin\"},\"url\":\"https:\/\/marekkuchcinski.pl\/sk\/author\/marta-olejnik\/\"}]}<\/script>\n<!-- \/ Yoast SEO plugin. -->","yoast_head_json":{"title":"Nowy S\u0105cz i Sanok: spotkanie marsza\u0142ka Sejmu z mieszka\u0144cami w ramach konwencji \u201ePolska jest jedna\" &#8211; Marek Kuchci\u0144ski","robots":{"index":"index","follow":"follow","max-snippet":"max-snippet:-1","max-image-preview":"max-image-preview:large","max-video-preview":"max-video-preview:-1"},"canonical":"https:\/\/marekkuchcinski.pl\/sk\/prawo-i-sprawiedliwosc\/nowy-sacz-sanok-spotkanie-marszalka-sejmu-mieszkancami-ramach-konwencji-polska-jedna\/","og_locale":"sk_SK","og_type":"article","og_title":"Nowy S\u0105cz i Sanok: spotkanie marsza\u0142ka Sejmu z mieszka\u0144cami w ramach konwencji \u201ePolska jest jedna\" &#8211; Marek Kuchci\u0144ski","og_description":"W sobot\u0119 marsza\u0142ek Sejmu Marek Kuchci\u0144ski spotka\u0142 si\u0119 z mieszka\u0144cami Nowego S\u0105cza i Sanoka. W czasie spotka\u0144 podkre\u015bli\u0142, i\u017c Prawo i Sprawiedliwo\u015b\u0107 przywi\u0105zuje ogromn\u0105 wag\u0119 do polityki prorodzinnej. Rz\u0105d PiS w ci\u0105gu 2,5 roku wprowadzi\u0142 program Rodzina 500+, bezp\u0142atne leki dla senior\u00f3w, obni\u017cy\u0142 wiek emerytalny, ograniczy\u0142 handel w niedziel\u0119, zwi\u0119kszy\u0142 skuteczno\u015bci \u015bci\u0105gania aliment\u00f3w. Ponadto przeprowadzono [&hellip;]","og_url":"https:\/\/marekkuchcinski.pl\/sk\/prawo-i-sprawiedliwosc\/nowy-sacz-sanok-spotkanie-marszalka-sejmu-mieszkancami-ramach-konwencji-polska-jedna\/","og_site_name":"Marek Kuchci\u0144ski","article_published_time":"2018-05-28T11:06:54+00:00","og_image":[{"width":1980,"height":1155,"url":"https:\/\/marekkuchcinski.pl\/wp-content\/uploads\/2018\/05\/20180526_175535.jpg","type":"image\/jpeg"}],"author":"admin","twitter_card":"summary_large_image","twitter_misc":{"Autor":"admin","Predpokladan\u00fd \u010das \u010d\u00edtania":"3 min\u00faty"},"schema":{"@context":"https:\/\/schema.org","@graph":[{"@type":"Article","@id":"https:\/\/marekkuchcinski.pl\/prawo-i-sprawiedliwosc\/nowy-sacz-sanok-spotkanie-marszalka-sejmu-mieszkancami-ramach-konwencji-polska-jedna\/#article","isPartOf":{"@id":"https:\/\/marekkuchcinski.pl\/prawo-i-sprawiedliwosc\/nowy-sacz-sanok-spotkanie-marszalka-sejmu-mieszkancami-ramach-konwencji-polska-jedna\/"},"author":{"name":"admin","@id":"https:\/\/marekkuchcinski.pl\/#\/schema\/person\/6f62700996b4d950b6ea2d1183b6c6be"},"headline":"Nowy S\u0105cz i Sanok: spotkanie marsza\u0142ka Sejmu z mieszka\u0144cami w ramach konwencji \u201ePolska jest jedna&#8221;","datePublished":"2018-05-28T11:06:54+00:00","mainEntityOfPage":{"@id":"https:\/\/marekkuchcinski.pl\/prawo-i-sprawiedliwosc\/nowy-sacz-sanok-spotkanie-marszalka-sejmu-mieszkancami-ramach-konwencji-polska-jedna\/"},"wordCount":551,"commentCount":0,"publisher":{"@id":"https:\/\/marekkuchcinski.pl\/#organization"},"image":{"@id":"https:\/\/marekkuchcinski.pl\/prawo-i-sprawiedliwosc\/nowy-sacz-sanok-spotkanie-marszalka-sejmu-mieszkancami-ramach-konwencji-polska-jedna\/#primaryimage"},"thumbnailUrl":"https:\/\/marekkuchcinski.pl\/wp-content\/uploads\/2018\/05\/20180526_175535.jpg","articleSection":["Podkarpacie","Prawo i Sprawiedliwo\u015b\u0107","Wydarzenia"],"inLanguage":"sk-SK","potentialAction":[{"@type":"CommentAction","name":"Comment","target":["https:\/\/marekkuchcinski.pl\/prawo-i-sprawiedliwosc\/nowy-sacz-sanok-spotkanie-marszalka-sejmu-mieszkancami-ramach-konwencji-polska-jedna\/#respond"]}]},{"@type":"WebPage","@id":"https:\/\/marekkuchcinski.pl\/prawo-i-sprawiedliwosc\/nowy-sacz-sanok-spotkanie-marszalka-sejmu-mieszkancami-ramach-konwencji-polska-jedna\/","url":"https:\/\/marekkuchcinski.pl\/prawo-i-sprawiedliwosc\/nowy-sacz-sanok-spotkanie-marszalka-sejmu-mieszkancami-ramach-konwencji-polska-jedna\/","name":"Nowy S\u0105cz i Sanok: spotkanie marsza\u0142ka Sejmu z mieszka\u0144cami w ramach konwencji \u201ePolska jest jedna\" &#8211; Marek Kuchci\u0144ski","isPartOf":{"@id":"https:\/\/marekkuchcinski.pl\/#website"},"primaryImageOfPage":{"@id":"https:\/\/marekkuchcinski.pl\/prawo-i-sprawiedliwosc\/nowy-sacz-sanok-spotkanie-marszalka-sejmu-mieszkancami-ramach-konwencji-polska-jedna\/#primaryimage"},"image":{"@id":"https:\/\/marekkuchcinski.pl\/prawo-i-sprawiedliwosc\/nowy-sacz-sanok-spotkanie-marszalka-sejmu-mieszkancami-ramach-konwencji-polska-jedna\/#primaryimage"},"thumbnailUrl":"https:\/\/marekkuchcinski.pl\/wp-content\/uploads\/2018\/05\/20180526_175535.jpg","datePublished":"2018-05-28T11:06:54+00:00","breadcrumb":{"@id":"https:\/\/marekkuchcinski.pl\/prawo-i-sprawiedliwosc\/nowy-sacz-sanok-spotkanie-marszalka-sejmu-mieszkancami-ramach-konwencji-polska-jedna\/#breadcrumb"},"inLanguage":"sk-SK","potentialAction":[{"@type":"ReadAction","target":["https:\/\/marekkuchcinski.pl\/prawo-i-sprawiedliwosc\/nowy-sacz-sanok-spotkanie-marszalka-sejmu-mieszkancami-ramach-konwencji-polska-jedna\/"]}]},{"@type":"ImageObject","inLanguage":"sk-SK","@id":"https:\/\/marekkuchcinski.pl\/prawo-i-sprawiedliwosc\/nowy-sacz-sanok-spotkanie-marszalka-sejmu-mieszkancami-ramach-konwencji-polska-jedna\/#primaryimage","url":"https:\/\/marekkuchcinski.pl\/wp-content\/uploads\/2018\/05\/20180526_175535.jpg","contentUrl":"https:\/\/marekkuchcinski.pl\/wp-content\/uploads\/2018\/05\/20180526_175535.jpg","width":1980,"height":1155},{"@type":"BreadcrumbList","@id":"https:\/\/marekkuchcinski.pl\/prawo-i-sprawiedliwosc\/nowy-sacz-sanok-spotkanie-marszalka-sejmu-mieszkancami-ramach-konwencji-polska-jedna\/#breadcrumb","itemListElement":[{"@type":"ListItem","position":1,"name":"Strona g\u0142\u00f3wna","item":"https:\/\/marekkuchcinski.pl\/"},{"@type":"ListItem","position":2,"name":"Nowy S\u0105cz i Sanok: spotkanie marsza\u0142ka Sejmu z mieszka\u0144cami w ramach konwencji \u201ePolska jest jedna&#8221;"}]},{"@type":"WebSite","@id":"https:\/\/marekkuchcinski.pl\/#website","url":"https:\/\/marekkuchcinski.pl\/","name":"Marek Kuchci\u0144ski","description":"Pose\u0142 na sejm RP &ndash; okr\u0119g nr 22","publisher":{"@id":"https:\/\/marekkuchcinski.pl\/#organization"},"potentialAction":[{"@type":"SearchAction","target":{"@type":"EntryPoint","urlTemplate":"https:\/\/marekkuchcinski.pl\/?s={search_term_string}"},"query-input":{"@type":"PropertyValueSpecification","valueRequired":true,"valueName":"search_term_string"}}],"inLanguage":"sk-SK"},{"@type":"Organization","@id":"https:\/\/marekkuchcinski.pl\/#organization","name":"Marek Kuchci\u0144ski","url":"https:\/\/marekkuchcinski.pl\/","logo":{"@type":"ImageObject","inLanguage":"sk-SK","@id":"https:\/\/marekkuchcinski.pl\/#\/schema\/logo\/image\/","url":"https:\/\/marekkuchcinski.pl\/wp-content\/uploads\/2022\/09\/Marek.jpg","contentUrl":"https:\/\/marekkuchcinski.pl\/wp-content\/uploads\/2022\/09\/Marek.jpg","width":1600,"height":971,"caption":"Marek Kuchci\u0144ski"},"image":{"@id":"https:\/\/marekkuchcinski.pl\/#\/schema\/logo\/image\/"}},{"@type":"Person","@id":"https:\/\/marekkuchcinski.pl\/#\/schema\/person\/6f62700996b4d950b6ea2d1183b6c6be","name":"admin","image":{"@type":"ImageObject","inLanguage":"sk-SK","@id":"https:\/\/marekkuchcinski.pl\/#\/schema\/person\/image\/","url":"https:\/\/secure.gravatar.com\/avatar\/4bab693b9d55c3d6b52c0296a8765085?s=96&d=mm&r=g","contentUrl":"https:\/\/secure.gravatar.com\/avatar\/4bab693b9d55c3d6b52c0296a8765085?s=96&d=mm&r=g","caption":"admin"},"url":"https:\/\/marekkuchcinski.pl\/sk\/author\/marta-olejnik\/"}]}},"_links":{"self":[{"href":"https:\/\/marekkuchcinski.pl\/sk\/wp-json\/wp\/v2\/posts\/9560","targetHints":{"allow":["GET"]}}],"collection":[{"href":"https:\/\/marekkuchcinski.pl\/sk\/wp-json\/wp\/v2\/posts"}],"about":[{"href":"https:\/\/marekkuchcinski.pl\/sk\/wp-json\/wp\/v2\/types\/post"}],"author":[{"embeddable":true,"href":"https:\/\/marekkuchcinski.pl\/sk\/wp-json\/wp\/v2\/users\/6"}],"replies":[{"embeddable":true,"href":"https:\/\/marekkuchcinski.pl\/sk\/wp-json\/wp\/v2\/comments?post=9560"}],"version-history":[{"count":2,"href":"https:\/\/marekkuchcinski.pl\/sk\/wp-json\/wp\/v2\/posts\/9560\/revisions"}],"predecessor-version":[{"id":9564,"href":"https:\/\/marekkuchcinski.pl\/sk\/wp-json\/wp\/v2\/posts\/9560\/revisions\/9564"}],"wp:featuredmedia":[{"embeddable":true,"href":"https:\/\/marekkuchcinski.pl\/sk\/wp-json\/wp\/v2\/media\/9562"}],"wp:attachment":[{"href":"https:\/\/marekkuchcinski.pl\/sk\/wp-json\/wp\/v2\/media?parent=9560"}],"wp:term":[{"taxonomy":"category","embeddable":true,"href":"https:\/\/marekkuchcinski.pl\/sk\/wp-json\/wp\/v2\/categories?post=9560"},{"taxonomy":"post_tag","embeddable":true,"href":"https:\/\/marekkuchcinski.pl\/sk\/wp-json\/wp\/v2\/tags?post=9560"}],"curies":[{"name":"wp","href":"https:\/\/api.w.org\/{rel}","templated":true}]}}