{"id":9542,"date":"2018-05-28T10:17:59","date_gmt":"2018-05-28T08:17:59","guid":{"rendered":"https:\/\/marekkuchcinski.pl\/?p=9542"},"modified":"2018-05-28T10:17:59","modified_gmt":"2018-05-28T08:17:59","slug":"oficjalna-wizyta-marszalka-sejmu-pradze","status":"publish","type":"post","link":"https:\/\/marekkuchcinski.pl\/sk\/wydarzenia\/oficjalna-wizyta-marszalka-sejmu-pradze\/","title":{"rendered":"Ofici\u00e1lna n\u00e1v\u0161teva predsedu Sejmu v Prahe"},"content":{"rendered":"<p dir=\"ltr\"><em>- Nes\u00fahlas\u00edme s presunom finan\u010dn\u00fdch prostriedkov E\u00da z v\u00fdchodnej Eur\u00f3py do ju\u017enej Eur\u00f3py. Po\u013esko a \u010cesk\u00e1 republika by mali ve\u013emi d\u00f4razne zd\u00f4razni\u0165, \u017ee s tak\u00fdmto krokom nes\u00fahlasia, preto\u017ee bude na \u00fakor na\u0161ich kraj\u00edn a Vy\u0161ehradskej skupiny. V tejto ot\u00e1zke by sme mali vystupova\u0165 jednotne.<\/em>\u00a0- Predseda Sejmu Marek Kuchcinski to povedal vo \u0161tvrtok po\u010das ofici\u00e1lnej n\u00e1v\u0161tevy \u010ceskej republiky.<\/p>\n<p dir=\"ltr\">Predseda Poslaneckej snemovne Radek Vondr\u00e1\u010dek zasa zd\u00f4raznil, \u017ee \u010derpanie prostriedkov z fondov E\u00da by nemalo by\u0165 okrem in\u00e9ho spojen\u00e9 s ot\u00e1zkou pr\u00e1vneho \u0161t\u00e1tu v \u010dlensk\u00fdch \u0161t\u00e1toch. - Domnievame sa, \u017ee podmienenie vypl\u00e1cania finan\u010dn\u00fdch prostriedkov E\u00da by nemalo by\u0165 spojen\u00e9 s in\u00fdmi ot\u00e1zkami. Nev\u00edtame to a nev\u00edtame to s otvoren\u00fdmi rukami, m\u00e1me vo\u010di tomu v\u00fdhrady,\" uviedol. Pod\u013ea predsedu Vondr\u00e1\u010dka by Vy\u0161ehradsk\u00e1 skupina, ktorej \u010dlenmi s\u00fa aj \u010dlenovia po\u013esk\u00e9ho a \u010desk\u00e9ho parlamentn\u00e9ho v\u00fdboru pre rozpo\u010det a hospod\u00e1rstvo, mala vypracova\u0165 spolo\u010dn\u00e9 stanovisko k rozpo\u010dtu E\u00da. - V\u017edy je dobr\u00e9 ma\u0165 spolo\u010dn\u00fd n\u00e1zor,\" povedal predseda Poslaneckej snemovne.<\/p>\n<p dir=\"ltr\">Obaja politici sa zhodli na tom, \u017ee v prvom kroku by sa Po\u013esko a \u010cesk\u00e1 republika mali zaobera\u0165 zachovan\u00edm rozpo\u010dtu E\u00da, pokia\u013e ide o koh\u00e9znu politiku a spolo\u010dn\u00fa po\u013enohospod\u00e1rsku politiku.<\/p>\n<p dir=\"ltr\">Predseda Snemovne sa vo \u0161tvrtok stretol aj s predsedom \u010desk\u00e9ho Sen\u00e1tu Milanom \u0160t\u011bchom a s pra\u017esk\u00fdm arcibiskupom kardin\u00e1lom Dominikom Dukom. Marek Kuchci\u0144ski polo\u017eil kvety aj pred pomn\u00edk Tom\u00e1\u0161a G. Masaryka a v arcikatol\u00edckom chr\u00e1me sv\u00e4t\u00fdch V\u00edta, V\u00e1clava a Adalberta - na hrob kardin\u00e1la Jozefa Berana a na hrob sv\u00e4t\u00e9ho Adalberta.<br \/>\nPo\u010das prv\u00e9ho d\u0148a n\u00e1v\u0161tevy sa mar\u0161al Kuchci\u0144ski stretol s \u010desk\u00fdm premi\u00e9rom Andrejom Babi\u0161om. Politici okrem in\u00e9ho diskutovali o potrebe prezentova\u0165 spolo\u010dn\u00e9 stanovisko Vy\u0161ehradskej skupiny na f\u00f3re E\u00da, o migra\u010dnej kr\u00edze a o spolupr\u00e1ci na hraniciach.<\/p>\n<p dir=\"ltr\"><em>text: http:\/\/marszalek.sejm.pl\/marszalek8.nsf\/wydarzenia.xsp?id=358BACACE14601B5C125829800519D41<\/em><\/p>\n<p><em>Foto: Pawe\u0142 Kula<\/em><\/p>\n<p><a href=\"https:\/\/marekkuchcinski.pl\/wp-content\/uploads\/2018\/05\/KU325837.jpg\"><img fetchpriority=\"high\" decoding=\"async\" class=\"alignnone size-full wp-image-9556\" src=\"https:\/\/marekkuchcinski.pl\/wp-content\/uploads\/2018\/05\/KU325837.jpg\" alt=\"KU325837\" width=\"1800\" height=\"1200\" srcset=\"https:\/\/marekkuchcinski.pl\/wp-content\/uploads\/2018\/05\/KU325837.jpg 1800w, https:\/\/marekkuchcinski.pl\/wp-content\/uploads\/2018\/05\/KU325837-300x200.jpg 300w, https:\/\/marekkuchcinski.pl\/wp-content\/uploads\/2018\/05\/KU325837-768x512.jpg 768w, https:\/\/marekkuchcinski.pl\/wp-content\/uploads\/2018\/05\/KU325837-1024x683.jpg 1024w\" sizes=\"(max-width: 1800px) 100vw, 1800px\" \/><\/a><a href=\"https:\/\/marekkuchcinski.pl\/wp-content\/uploads\/2018\/05\/20180525_095527.jpg\"><img decoding=\"async\" class=\"alignnone size-full wp-image-9554\" src=\"https:\/\/marekkuchcinski.pl\/wp-content\/uploads\/2018\/05\/20180525_095527.jpg\" alt=\"_20180525_095527\" width=\"2411\" height=\"1570\" srcset=\"https:\/\/marekkuchcinski.pl\/wp-content\/uploads\/2018\/05\/20180525_095527.jpg 2048w, https:\/\/marekkuchcinski.pl\/wp-content\/uploads\/2018\/05\/20180525_095527-300x195.jpg 300w, https:\/\/marekkuchcinski.pl\/wp-content\/uploads\/2018\/05\/20180525_095527-768x500.jpg 768w, https:\/\/marekkuchcinski.pl\/wp-content\/uploads\/2018\/05\/20180525_095527-1024x667.jpg 1024w\" sizes=\"(max-width: 2411px) 100vw, 2411px\" \/><\/a><a href=\"https:\/\/marekkuchcinski.pl\/wp-content\/uploads\/2018\/05\/20180524095322_KU326820.jpg\"><img decoding=\"async\" class=\"alignnone size-full wp-image-9545\" src=\"https:\/\/marekkuchcinski.pl\/wp-content\/uploads\/2018\/05\/20180524095322_KU326820.jpg\" alt=\"20180524095322_KU326820\" width=\"2736\" height=\"1824\" srcset=\"https:\/\/marekkuchcinski.pl\/wp-content\/uploads\/2018\/05\/20180524095322_KU326820.jpg 2048w, https:\/\/marekkuchcinski.pl\/wp-content\/uploads\/2018\/05\/20180524095322_KU326820-300x200.jpg 300w, https:\/\/marekkuchcinski.pl\/wp-content\/uploads\/2018\/05\/20180524095322_KU326820-768x512.jpg 768w, https:\/\/marekkuchcinski.pl\/wp-content\/uploads\/2018\/05\/20180524095322_KU326820-1024x683.jpg 1024w\" sizes=\"(max-width: 2736px) 100vw, 2736px\" \/><\/a> <a href=\"https:\/\/marekkuchcinski.pl\/wp-content\/uploads\/2018\/05\/20180524102130_KU327289.jpg\"><img loading=\"lazy\" decoding=\"async\" class=\"alignnone size-full wp-image-9546\" src=\"https:\/\/marekkuchcinski.pl\/wp-content\/uploads\/2018\/05\/20180524102130_KU327289.jpg\" alt=\"20180524102130_KU327289\" width=\"2736\" height=\"1824\" srcset=\"https:\/\/marekkuchcinski.pl\/wp-content\/uploads\/2018\/05\/20180524102130_KU327289.jpg 2048w, https:\/\/marekkuchcinski.pl\/wp-content\/uploads\/2018\/05\/20180524102130_KU327289-300x200.jpg 300w, https:\/\/marekkuchcinski.pl\/wp-content\/uploads\/2018\/05\/20180524102130_KU327289-768x512.jpg 768w, https:\/\/marekkuchcinski.pl\/wp-content\/uploads\/2018\/05\/20180524102130_KU327289-1024x683.jpg 1024w\" sizes=\"(max-width: 2736px) 100vw, 2736px\" \/><\/a> <a href=\"https:\/\/marekkuchcinski.pl\/wp-content\/uploads\/2018\/05\/DSC_6074.jpg\"><img loading=\"lazy\" decoding=\"async\" class=\"alignnone size-full wp-image-9548\" src=\"https:\/\/marekkuchcinski.pl\/wp-content\/uploads\/2018\/05\/DSC_6074.jpg\" alt=\"DSC_6074\" width=\"5504\" height=\"3096\" srcset=\"https:\/\/marekkuchcinski.pl\/wp-content\/uploads\/2018\/05\/DSC_6074.jpg 2048w, https:\/\/marekkuchcinski.pl\/wp-content\/uploads\/2018\/05\/DSC_6074-300x169.jpg 300w, https:\/\/marekkuchcinski.pl\/wp-content\/uploads\/2018\/05\/DSC_6074-768x432.jpg 768w, https:\/\/marekkuchcinski.pl\/wp-content\/uploads\/2018\/05\/DSC_6074-1024x576.jpg 1024w\" sizes=\"(max-width: 5504px) 100vw, 5504px\" \/><\/a> <a href=\"https:\/\/marekkuchcinski.pl\/wp-content\/uploads\/2018\/05\/KU329933.jpg\"><img loading=\"lazy\" decoding=\"async\" class=\"alignnone size-full wp-image-9549\" src=\"https:\/\/marekkuchcinski.pl\/wp-content\/uploads\/2018\/05\/KU329933.jpg\" alt=\"KU329933\" width=\"1800\" height=\"1200\" srcset=\"https:\/\/marekkuchcinski.pl\/wp-content\/uploads\/2018\/05\/KU329933.jpg 1800w, https:\/\/marekkuchcinski.pl\/wp-content\/uploads\/2018\/05\/KU329933-300x200.jpg 300w, https:\/\/marekkuchcinski.pl\/wp-content\/uploads\/2018\/05\/KU329933-768x512.jpg 768w, https:\/\/marekkuchcinski.pl\/wp-content\/uploads\/2018\/05\/KU329933-1024x683.jpg 1024w\" sizes=\"(max-width: 1800px) 100vw, 1800px\" \/><\/a> <a href=\"https:\/\/marekkuchcinski.pl\/wp-content\/uploads\/2018\/05\/PSX_20180524_105816.jpg\"><img loading=\"lazy\" decoding=\"async\" class=\"alignnone size-full wp-image-9550\" src=\"https:\/\/marekkuchcinski.pl\/wp-content\/uploads\/2018\/05\/PSX_20180524_105816.jpg\" alt=\"PSX_20180524_105816\" width=\"2670\" height=\"1402\" srcset=\"https:\/\/marekkuchcinski.pl\/wp-content\/uploads\/2018\/05\/PSX_20180524_105816.jpg 2048w, https:\/\/marekkuchcinski.pl\/wp-content\/uploads\/2018\/05\/PSX_20180524_105816-300x158.jpg 300w, https:\/\/marekkuchcinski.pl\/wp-content\/uploads\/2018\/05\/PSX_20180524_105816-768x403.jpg 768w, https:\/\/marekkuchcinski.pl\/wp-content\/uploads\/2018\/05\/PSX_20180524_105816-1024x538.jpg 1024w\" sizes=\"(max-width: 2670px) 100vw, 2670px\" \/><\/a><\/p>","protected":false},"excerpt":{"rendered":"<p>&#8211; Nie godzimy si\u0119 na przeniesienie \u015brodk\u00f3w unijnych z Europy Wschodniej do Po\u0142udniowej. Polska i Czechy powinny bardzo mocno zaakcentowa\u0107 brak zgody na takie kroki, poniewa\u017c to si\u0119 odb\u0119dzie kosztem naszych pa\u0144stw i Grupy Wyszehradzkiej. W tej kwestii powinni\u015bmy m\u00f3wi\u0107 jednym g\u0142osem\u00a0&#8211; powiedzia\u0142 w czwartek marsza\u0142ek Sejmu Marek Kuchci\u0144ski podczas wizyty oficjalnej w Republice Czeskiej. [&hellip;]<\/p>\n","protected":false},"author":6,"featured_media":9554,"comment_status":"open","ping_status":"open","sticky":false,"template":"","format":"standard","meta":{"ngg_post_thumbnail":0,"footnotes":""},"categories":[50,3],"tags":[],"class_list":["post-9542","post","type-post","status-publish","format-standard","has-post-thumbnail","hentry","category-wspolpraca-miedzynarodowa","category-wydarzenia"],"_links":{"self":[{"href":"https:\/\/marekkuchcinski.pl\/sk\/wp-json\/wp\/v2\/posts\/9542","targetHints":{"allow":["GET"]}}],"collection":[{"href":"https:\/\/marekkuchcinski.pl\/sk\/wp-json\/wp\/v2\/posts"}],"about":[{"href":"https:\/\/marekkuchcinski.pl\/sk\/wp-json\/wp\/v2\/types\/post"}],"author":[{"embeddable":true,"href":"https:\/\/marekkuchcinski.pl\/sk\/wp-json\/wp\/v2\/users\/6"}],"replies":[{"embeddable":true,"href":"https:\/\/marekkuchcinski.pl\/sk\/wp-json\/wp\/v2\/comments?post=9542"}],"version-history":[{"count":4,"href":"https:\/\/marekkuchcinski.pl\/sk\/wp-json\/wp\/v2\/posts\/9542\/revisions"}],"predecessor-version":[{"id":9559,"href":"https:\/\/marekkuchcinski.pl\/sk\/wp-json\/wp\/v2\/posts\/9542\/revisions\/9559"}],"wp:featuredmedia":[{"embeddable":true,"href":"https:\/\/marekkuchcinski.pl\/sk\/wp-json\/wp\/v2\/media\/9554"}],"wp:attachment":[{"href":"https:\/\/marekkuchcinski.pl\/sk\/wp-json\/wp\/v2\/media?parent=9542"}],"wp:term":[{"taxonomy":"category","embeddable":true,"href":"https:\/\/marekkuchcinski.pl\/sk\/wp-json\/wp\/v2\/categories?post=9542"},{"taxonomy":"post_tag","embeddable":true,"href":"https:\/\/marekkuchcinski.pl\/sk\/wp-json\/wp\/v2\/tags?post=9542"}],"curies":[{"name":"wp","href":"https:\/\/api.w.org\/{rel}","templated":true}]}}